{"id":3708,"date":"2009-10-05T10:33:59","date_gmt":"2009-10-05T09:33:59","guid":{"rendered":"http:\/\/blog.infoempleo.com\/?p=3708"},"modified":"2023-03-13T19:30:50","modified_gmt":"2023-03-13T17:30:50","slug":"a-la-busqueda-de-un-candidato-versatil-para-la-empresa","status":"publish","type":"post","link":"https:\/\/empresas.infoempleo.com\/hrtrends\/a-la-busqueda-de-un-candidato-versatil-para-la-empresa\/","title":{"rendered":"A la b\u00fasqueda de un candidato vers\u00e1til para la empresa"},"content":{"rendered":"<p>Por su formaci\u00f3n, de corte generalista y vers\u00e1til, los candidatos que poseen en su curr\u00edculum <strong>una titulaci\u00f3n en Administraci\u00f3n y Direcci\u00f3n de Empresas (ADE) o en Ingenier\u00eda Industrial<\/strong> \u2014ya sea la rama t\u00e9cnica o la superior\u2014 han sido los m\u00e1s buscados por las empresas que ofrecieron vacantes durante el pasado mes de septiembre. En concreto, y seg\u00fan los datos del term\u00f3metro laboral elaborado por Infoempleo.com, un 15,02% de las ofertas dirigidas a universitarios especificaba que el solicitante poseyera alguna de estas titulaciones. Muy de cerca, en la cuarta posici\u00f3n en la tabla de las titulaciones universitarias m\u00e1s demandadas por los empleadores, se encuentra la licenciatura de Econom\u00eda.<\/p>\n<p>Estas preferencias no son, sin embargo, ninguna novedad, ya que desde el primer mes de este a\u00f1o estos cuatro grupos de titulados se han encontrado entre los perfiles m\u00e1s buscados por las organizaciones, con la \u00fanica excepci\u00f3n del mes de mayo, cuando los ingenieros t\u00e9cnicos industriales perdieron peso relativo en la oferta total en favor de <strong>m\u00e9dicos y abogados<\/strong>; carreras que a lo largo de 2009 tambi\u00e9n se est\u00e1n colando entre las m\u00e1s demandadas. Aunque para subidas llamativas las protagonizadas tanto por los ingenieros t\u00e9cnicos de telecomunicaciones \u2014las ofertas para ellos se han multiplicado por cuatro en el \u00faltimo mes\u2014, como por los enfermeros, que en el \u00faltimo mes han recibido el doble de oportunidades laborales que durante julio y agosto.<\/p>\n<p>El balance de empleo correspondiente a septiembre confirma, asimismo, una tendencia que se empez\u00f3 a perfilar durante el verano: <strong>el creciente peso de las ofertas para titulados en Formaci\u00f3n Profesional<\/strong>. Del total de las publicadas en septiembre, tres de cada diez apostaban por un candidato que hubiera cursado alg\u00fan ciclo de FP. Efectivamente el peso de los universitarios sigue siendo mayor \u2014con el 68% de las vacantes para ellos\u2014 al de los perfiles t\u00e9cnicos, pero tambi\u00e9n es cierto que esta importancia ha disminuido, ya que en el primer semestre del a\u00f1o, de media, <strong>un 74% de las ofertas optaba por un profesional con carrera<\/strong>.<\/p>\n<p>En lo que se refiere a las oportunidades laborales para titulados en FP, se observan algunos cambios bastante llamativos con respecto a los meses estivales. En primer lugar, se deja notar <strong>la ausencia de ofertas para titulados en la familia de Hosteler\u00eda y Turismo<\/strong>.<\/p>\n<p>Despu\u00e9s del \u2018boom\u2019 propio del verano \u2014cuando se llevaron m\u00e1s del 15% de la oferta\u2014, sus profesionales apenas han sido buscados en septiembre. El verano tambi\u00e9n fue el culpable, aunque en t\u00e9rminos totalmente opuestos, de que los titulados en ciclos de Administraci\u00f3n vieran c\u00f3mo sus oportunidades profesionales se reduc\u00edan a la mitad. En septiembre, han vuelto a ocupar su habitual situaci\u00f3n en los primeros puestos del \u2018ranking\u2019.<\/p>\n","protected":false},"excerpt":{"rendered":"<p>Por su formaci\u00f3n, de corte generalista y vers\u00e1til, los candidatos que poseen en su curr\u00edculum una titulaci\u00f3n en<a class=\"moretag\" href=\"https:\/\/empresas.infoempleo.com\/hrtrends\/a-la-busqueda-de-un-candidato-versatil-para-la-empresa\/\"> Leer m\u00e1s<\/a><\/p>\n","protected":false},"author":33,"featured_media":29665,"comment_status":"closed","ping_status":"open","sticky":false,"template":"","format":"standard","meta":{"footnotes":""},"categories":[3],"tags":[478,210,162,480,481,482,483,320,207,66],"class_list":["post-3708","post","type-post","status-publish","format-standard","has-post-thumbnail","hentry","category-actualidad","tag-ade","tag-curriculum","tag-empleo","tag-fp","tag-hosteleria-y-turismo","tag-infoempleo","tag-ingenieria-industrial","tag-oferta","tag-profesionales","tag-vacaciones"],"yoast_head":"<!-- This site is optimized with the Yoast SEO plugin v26.1.1 - https:\/\/yoast.com\/wordpress\/plugins\/seo\/ -->\n<title>A la b\u00fasqueda de un candidato vers\u00e1til para la empresa | HRTRENDS<\/title>\n<meta name=\"robots\" content=\"index, follow, max-snippet:-1, max-image-preview:large, max-video-preview:-1\" \/>\n<link rel=\"canonical\" href=\"https:\/\/empresas.infoempleo.com\/hrtrends\/a-la-busqueda-de-un-candidato-versatil-para-la-empresa\/\" \/>\n<meta property=\"og:locale\" content=\"es_ES\" \/>\n<meta property=\"og:type\" content=\"article\" \/>\n<meta property=\"og:title\" content=\"A la b\u00fasqueda de un candidato vers\u00e1til para la empresa | HRTRENDS\" \/>\n<meta property=\"og:description\" content=\"Por su formaci\u00f3n, de corte generalista y vers\u00e1til, los candidatos que poseen en su curr\u00edculum una titulaci\u00f3n en Leer m\u00e1s\" \/>\n<meta property=\"og:url\" content=\"https:\/\/empresas.infoempleo.com\/hrtrends\/a-la-busqueda-de-un-candidato-versatil-para-la-empresa\/\" \/>\n<meta property=\"og:site_name\" content=\"HRTRENDS\" \/>\n<meta property=\"article:publisher\" content=\"https:\/\/www.facebook.com\/Infoempleo\" \/>\n<meta property=\"article:published_time\" content=\"2009-10-05T09:33:59+00:00\" \/>\n<meta property=\"article:modified_time\" content=\"2023-03-13T17:30:50+00:00\" \/>\n<meta property=\"og:image\" content=\"https:\/\/empresas.infoempleo.com\/hrtrends\/media\/2017\/05\/pexels-photo-205508.jpg\" \/>\n\t<meta property=\"og:image:width\" content=\"1280\" \/>\n\t<meta property=\"og:image:height\" content=\"960\" \/>\n\t<meta property=\"og:image:type\" content=\"image\/jpeg\" \/>\n<meta name=\"author\" content=\"Cristina Mart\u00edn\" \/>\n<meta name=\"twitter:card\" content=\"summary_large_image\" \/>\n<meta name=\"twitter:creator\" content=\"@infoempleo\" \/>\n<meta name=\"twitter:site\" content=\"@infoempleo\" \/>\n<meta name=\"twitter:label1\" content=\"Escrito por\" \/>\n\t<meta name=\"twitter:data1\" content=\"Cristina Mart\u00edn\" \/>\n\t<meta name=\"twitter:label2\" content=\"Tiempo de lectura\" \/>\n\t<meta name=\"twitter:data2\" content=\"2 minutos\" \/>\n<script type=\"application\/ld+json\" class=\"yoast-schema-graph\">{\"@context\":\"https:\/\/schema.org\",\"@graph\":[{\"@type\":\"NewsArticle\",\"@id\":\"https:\/\/empresas.infoempleo.com\/hrtrends\/a-la-busqueda-de-un-candidato-versatil-para-la-empresa\/#article\",\"isPartOf\":{\"@id\":\"https:\/\/empresas.infoempleo.com\/hrtrends\/a-la-busqueda-de-un-candidato-versatil-para-la-empresa\/\"},\"author\":{\"name\":\"Cristina Mart\u00edn\",\"@id\":\"https:\/\/empresas.infoempleo.com\/hrtrends\/#\/schema\/person\/f211bd3f083559daff103f670fe968b8\"},\"headline\":\"A la b\u00fasqueda de un candidato vers\u00e1til para la empresa\",\"datePublished\":\"2009-10-05T09:33:59+00:00\",\"dateModified\":\"2023-03-13T17:30:50+00:00\",\"mainEntityOfPage\":{\"@id\":\"https:\/\/empresas.infoempleo.com\/hrtrends\/a-la-busqueda-de-un-candidato-versatil-para-la-empresa\/\"},\"wordCount\":488,\"publisher\":{\"@id\":\"https:\/\/empresas.infoempleo.com\/hrtrends\/#organization\"},\"image\":{\"@id\":\"https:\/\/empresas.infoempleo.com\/hrtrends\/a-la-busqueda-de-un-candidato-versatil-para-la-empresa\/#primaryimage\"},\"thumbnailUrl\":\"https:\/\/empresas.infoempleo.com\/hrtrends\/media\/2017\/05\/pexels-photo-205508.jpg\",\"keywords\":[\"ADE\",\"curr\u00edculum\",\"Empleo\",\"FP\",\"Hosteler\u00eda y Turismo\",\"infoempleo\",\"Ingenier\u00eda Industrial\",\"oferta\",\"profesionales\",\"vacaciones\"],\"articleSection\":[\"Actualidad\"],\"inLanguage\":\"es\",\"copyrightYear\":\"2009\",\"copyrightHolder\":{\"@id\":\"https:\/\/empresas.infoempleo.com\/hrtrends\/#organization\"}},{\"@type\":\"WebPage\",\"@id\":\"https:\/\/empresas.infoempleo.com\/hrtrends\/a-la-busqueda-de-un-candidato-versatil-para-la-empresa\/\",\"url\":\"https:\/\/empresas.infoempleo.com\/hrtrends\/a-la-busqueda-de-un-candidato-versatil-para-la-empresa\/\",\"name\":\"A la b\u00fasqueda de un candidato vers\u00e1til para la empresa | HRTRENDS\",\"isPartOf\":{\"@id\":\"https:\/\/empresas.infoempleo.com\/hrtrends\/#website\"},\"primaryImageOfPage\":{\"@id\":\"https:\/\/empresas.infoempleo.com\/hrtrends\/a-la-busqueda-de-un-candidato-versatil-para-la-empresa\/#primaryimage\"},\"image\":{\"@id\":\"https:\/\/empresas.infoempleo.com\/hrtrends\/a-la-busqueda-de-un-candidato-versatil-para-la-empresa\/#primaryimage\"},\"thumbnailUrl\":\"https:\/\/empresas.infoempleo.com\/hrtrends\/media\/2017\/05\/pexels-photo-205508.jpg\",\"datePublished\":\"2009-10-05T09:33:59+00:00\",\"dateModified\":\"2023-03-13T17:30:50+00:00\",\"breadcrumb\":{\"@id\":\"https:\/\/empresas.infoempleo.com\/hrtrends\/a-la-busqueda-de-un-candidato-versatil-para-la-empresa\/#breadcrumb\"},\"inLanguage\":\"es\",\"potentialAction\":[{\"@type\":\"ReadAction\",\"target\":[\"https:\/\/empresas.infoempleo.com\/hrtrends\/a-la-busqueda-de-un-candidato-versatil-para-la-empresa\/\"]}]},{\"@type\":\"ImageObject\",\"inLanguage\":\"es\",\"@id\":\"https:\/\/empresas.infoempleo.com\/hrtrends\/a-la-busqueda-de-un-candidato-versatil-para-la-empresa\/#primaryimage\",\"url\":\"https:\/\/empresas.infoempleo.com\/hrtrends\/media\/2017\/05\/pexels-photo-205508-150x150.jpg\",\"contentUrl\":\"https:\/\/empresas.infoempleo.com\/hrtrends\/media\/2017\/05\/pexels-photo-205508-150x150.jpg\",\"width\":150,\"height\":150},{\"@type\":\"BreadcrumbList\",\"@id\":\"https:\/\/empresas.infoempleo.com\/hrtrends\/a-la-busqueda-de-un-candidato-versatil-para-la-empresa\/#breadcrumb\",\"itemListElement\":[{\"@type\":\"ListItem\",\"position\":1,\"name\":\"Portada\",\"item\":\"https:\/\/empresas.infoempleo.com\/hrtrends\/\"},{\"@type\":\"ListItem\",\"position\":2,\"name\":\"A la b\u00fasqueda de un candidato vers\u00e1til para la empresa\"}]},{\"@type\":\"WebSite\",\"@id\":\"https:\/\/empresas.infoempleo.com\/hrtrends\/#website\",\"url\":\"https:\/\/empresas.infoempleo.com\/hrtrends\",\"name\":\"HRTrends by Infoempleo\",\"description\":\"\",\"publisher\":{\"@id\":\"https:\/\/empresas.infoempleo.com\/hrtrends\/#organization\"},\"potentialAction\":{\"@type\":\"SearchAction\",\"target\":\"https:\/\/empresas.infoempleo.com\/hrtrends\/?s={search_term_string}\",\"query-input\":\"required name=search_term_string\"},\"inLanguage\":\"es\"},{\"@type\":\"Organization\",\"@id\":\"https:\/\/empresas.infoempleo.com\/hrtrends\/#organization\",\"name\":\"Infoempleo\",\"url\":\"https:\/\/www.infoempleo.com\/\",\"logo\":{\"@type\":\"ImageObject\",\"@id\":\"https:\/\/empresas.infoempleo.com\/hrtrends\/#logo\",\"inLanguage\":\"es\",\"url\":\"https:\/\/cdnazure.infoempleo.com\/infoempleo\/assets\/style\/gfx\/logo.svg\",\"contentUrl\":\"https:\/\/cdnazure.infoempleo.com\/infoempleo\/assets\/style\/gfx\/logo.svg\",\"width\":150,\"height\":40,\"caption\":\"Infoempleo\"},\"image\":{\"@id\":\"https:\/\/empresas.infoempleo.com\/hrtrends\/#logo\"},\"sameAs\":[\"https:\/\/www.facebook.com\/Infoempleo\",\"https:\/\/x.com\/infoempleo\",\"http:\/\/instagram.com\/infoempleo\/\",\"http:\/\/www.linkedin.com\/groups\/Empleo-Espa\u00f1a-Infoempleocom-111276\",\"http:\/\/pinterest.com\/infoempleo\/\"],\"address\":{\"@type\":\"PostalAddress\",\"addressLocality\":\"Madrid\",\"postalCode\":\"28050\",\"streetAddress\":\"Avenida de Burgos 114\"},\"brand\":[\"Infoempleo\"]},{\"@type\":\"Person\",\"@id\":\"https:\/\/empresas.infoempleo.com\/hrtrends\/#\/schema\/person\/f211bd3f083559daff103f670fe968b8\",\"name\":\"Cristina Mart\u00edn\",\"image\":{\"@type\":\"ImageObject\",\"inLanguage\":\"es\",\"@id\":\"https:\/\/empresas.infoempleo.com\/hrtrends\/#\/schema\/person\/image\/\",\"url\":\"https:\/\/secure.gravatar.com\/avatar\/7a85ff01010a0d921dc9d1da42a82a70f74e2cd0329b7fc20ee2c1c08a97daed?s=96&d=mm&r=g\",\"contentUrl\":\"https:\/\/secure.gravatar.com\/avatar\/7a85ff01010a0d921dc9d1da42a82a70f74e2cd0329b7fc20ee2c1c08a97daed?s=96&d=mm&r=g\",\"caption\":\"Cristina Mart\u00edn\"},\"url\":\"https:\/\/empresas.infoempleo.com\/hrtrends\/author\/cristina-martin\/\"}]}<\/script>\n<!-- \/ Yoast SEO plugin. -->","yoast_head_json":{"title":"A la b\u00fasqueda de un candidato vers\u00e1til para la empresa | HRTRENDS","robots":{"index":"index","follow":"follow","max-snippet":"max-snippet:-1","max-image-preview":"max-image-preview:large","max-video-preview":"max-video-preview:-1"},"canonical":"https:\/\/empresas.infoempleo.com\/hrtrends\/a-la-busqueda-de-un-candidato-versatil-para-la-empresa\/","og_locale":"es_ES","og_type":"article","og_title":"A la b\u00fasqueda de un candidato vers\u00e1til para la empresa | HRTRENDS","og_description":"Por su formaci\u00f3n, de corte generalista y vers\u00e1til, los candidatos que poseen en su curr\u00edculum una titulaci\u00f3n en Leer m\u00e1s","og_url":"https:\/\/empresas.infoempleo.com\/hrtrends\/a-la-busqueda-de-un-candidato-versatil-para-la-empresa\/","og_site_name":"HRTRENDS","article_publisher":"https:\/\/www.facebook.com\/Infoempleo","article_published_time":"2009-10-05T09:33:59+00:00","article_modified_time":"2023-03-13T17:30:50+00:00","og_image":[{"width":1280,"height":960,"url":"https:\/\/empresas.infoempleo.com\/hrtrends\/media\/2017\/05\/pexels-photo-205508.jpg","type":"image\/jpeg"}],"author":"Cristina Mart\u00edn","twitter_card":"summary_large_image","twitter_creator":"@infoempleo","twitter_site":"@infoempleo","twitter_misc":{"Escrito por":"Cristina Mart\u00edn","Tiempo de lectura":"2 minutos"},"schema":{"@context":"https:\/\/schema.org","@graph":[{"@type":"NewsArticle","@id":"https:\/\/empresas.infoempleo.com\/hrtrends\/a-la-busqueda-de-un-candidato-versatil-para-la-empresa\/#article","isPartOf":{"@id":"https:\/\/empresas.infoempleo.com\/hrtrends\/a-la-busqueda-de-un-candidato-versatil-para-la-empresa\/"},"author":{"name":"Cristina Mart\u00edn","@id":"https:\/\/empresas.infoempleo.com\/hrtrends\/#\/schema\/person\/f211bd3f083559daff103f670fe968b8"},"headline":"A la b\u00fasqueda de un candidato vers\u00e1til para la empresa","datePublished":"2009-10-05T09:33:59+00:00","dateModified":"2023-03-13T17:30:50+00:00","mainEntityOfPage":{"@id":"https:\/\/empresas.infoempleo.com\/hrtrends\/a-la-busqueda-de-un-candidato-versatil-para-la-empresa\/"},"wordCount":488,"publisher":{"@id":"https:\/\/empresas.infoempleo.com\/hrtrends\/#organization"},"image":{"@id":"https:\/\/empresas.infoempleo.com\/hrtrends\/a-la-busqueda-de-un-candidato-versatil-para-la-empresa\/#primaryimage"},"thumbnailUrl":"https:\/\/empresas.infoempleo.com\/hrtrends\/media\/2017\/05\/pexels-photo-205508.jpg","keywords":["ADE","curr\u00edculum","Empleo","FP","Hosteler\u00eda y Turismo","infoempleo","Ingenier\u00eda Industrial","oferta","profesionales","vacaciones"],"articleSection":["Actualidad"],"inLanguage":"es","copyrightYear":"2009","copyrightHolder":{"@id":"https:\/\/empresas.infoempleo.com\/hrtrends\/#organization"}},{"@type":"WebPage","@id":"https:\/\/empresas.infoempleo.com\/hrtrends\/a-la-busqueda-de-un-candidato-versatil-para-la-empresa\/","url":"https:\/\/empresas.infoempleo.com\/hrtrends\/a-la-busqueda-de-un-candidato-versatil-para-la-empresa\/","name":"A la b\u00fasqueda de un candidato vers\u00e1til para la empresa | HRTRENDS","isPartOf":{"@id":"https:\/\/empresas.infoempleo.com\/hrtrends\/#website"},"primaryImageOfPage":{"@id":"https:\/\/empresas.infoempleo.com\/hrtrends\/a-la-busqueda-de-un-candidato-versatil-para-la-empresa\/#primaryimage"},"image":{"@id":"https:\/\/empresas.infoempleo.com\/hrtrends\/a-la-busqueda-de-un-candidato-versatil-para-la-empresa\/#primaryimage"},"thumbnailUrl":"https:\/\/empresas.infoempleo.com\/hrtrends\/media\/2017\/05\/pexels-photo-205508.jpg","datePublished":"2009-10-05T09:33:59+00:00","dateModified":"2023-03-13T17:30:50+00:00","breadcrumb":{"@id":"https:\/\/empresas.infoempleo.com\/hrtrends\/a-la-busqueda-de-un-candidato-versatil-para-la-empresa\/#breadcrumb"},"inLanguage":"es","potentialAction":[{"@type":"ReadAction","target":["https:\/\/empresas.infoempleo.com\/hrtrends\/a-la-busqueda-de-un-candidato-versatil-para-la-empresa\/"]}]},{"@type":"ImageObject","inLanguage":"es","@id":"https:\/\/empresas.infoempleo.com\/hrtrends\/a-la-busqueda-de-un-candidato-versatil-para-la-empresa\/#primaryimage","url":"https:\/\/empresas.infoempleo.com\/hrtrends\/media\/2017\/05\/pexels-photo-205508-150x150.jpg","contentUrl":"https:\/\/empresas.infoempleo.com\/hrtrends\/media\/2017\/05\/pexels-photo-205508-150x150.jpg","width":150,"height":150},{"@type":"BreadcrumbList","@id":"https:\/\/empresas.infoempleo.com\/hrtrends\/a-la-busqueda-de-un-candidato-versatil-para-la-empresa\/#breadcrumb","itemListElement":[{"@type":"ListItem","position":1,"name":"Portada","item":"https:\/\/empresas.infoempleo.com\/hrtrends\/"},{"@type":"ListItem","position":2,"name":"A la b\u00fasqueda de un candidato vers\u00e1til para la empresa"}]},{"@type":"WebSite","@id":"https:\/\/empresas.infoempleo.com\/hrtrends\/#website","url":"https:\/\/empresas.infoempleo.com\/hrtrends","name":"HRTrends by Infoempleo","description":"","publisher":{"@id":"https:\/\/empresas.infoempleo.com\/hrtrends\/#organization"},"potentialAction":{"@type":"SearchAction","target":"https:\/\/empresas.infoempleo.com\/hrtrends\/?s={search_term_string}","query-input":"required name=search_term_string"},"inLanguage":"es"},{"@type":"Organization","@id":"https:\/\/empresas.infoempleo.com\/hrtrends\/#organization","name":"Infoempleo","url":"https:\/\/www.infoempleo.com\/","logo":{"@type":"ImageObject","@id":"https:\/\/empresas.infoempleo.com\/hrtrends\/#logo","inLanguage":"es","url":"https:\/\/cdnazure.infoempleo.com\/infoempleo\/assets\/style\/gfx\/logo.svg","contentUrl":"https:\/\/cdnazure.infoempleo.com\/infoempleo\/assets\/style\/gfx\/logo.svg","width":150,"height":40,"caption":"Infoempleo"},"image":{"@id":"https:\/\/empresas.infoempleo.com\/hrtrends\/#logo"},"sameAs":["https:\/\/www.facebook.com\/Infoempleo","https:\/\/x.com\/infoempleo","http:\/\/instagram.com\/infoempleo\/","http:\/\/www.linkedin.com\/groups\/Empleo-Espa\u00f1a-Infoempleocom-111276","http:\/\/pinterest.com\/infoempleo\/"],"address":{"@type":"PostalAddress","addressLocality":"Madrid","postalCode":"28050","streetAddress":"Avenida de Burgos 114"},"brand":["Infoempleo"]},{"@type":"Person","@id":"https:\/\/empresas.infoempleo.com\/hrtrends\/#\/schema\/person\/f211bd3f083559daff103f670fe968b8","name":"Cristina Mart\u00edn","image":{"@type":"ImageObject","inLanguage":"es","@id":"https:\/\/empresas.infoempleo.com\/hrtrends\/#\/schema\/person\/image\/","url":"https:\/\/secure.gravatar.com\/avatar\/7a85ff01010a0d921dc9d1da42a82a70f74e2cd0329b7fc20ee2c1c08a97daed?s=96&d=mm&r=g","contentUrl":"https:\/\/secure.gravatar.com\/avatar\/7a85ff01010a0d921dc9d1da42a82a70f74e2cd0329b7fc20ee2c1c08a97daed?s=96&d=mm&r=g","caption":"Cristina Mart\u00edn"},"url":"https:\/\/empresas.infoempleo.com\/hrtrends\/author\/cristina-martin\/"}]}},"amp_enabled":true,"_links":{"self":[{"href":"https:\/\/empresas.infoempleo.com\/hrtrends\/wp-json\/wp\/v2\/posts\/3708","targetHints":{"allow":["GET"]}}],"collection":[{"href":"https:\/\/empresas.infoempleo.com\/hrtrends\/wp-json\/wp\/v2\/posts"}],"about":[{"href":"https:\/\/empresas.infoempleo.com\/hrtrends\/wp-json\/wp\/v2\/types\/post"}],"author":[{"embeddable":true,"href":"https:\/\/empresas.infoempleo.com\/hrtrends\/wp-json\/wp\/v2\/users\/33"}],"replies":[{"embeddable":true,"href":"https:\/\/empresas.infoempleo.com\/hrtrends\/wp-json\/wp\/v2\/comments?post=3708"}],"version-history":[{"count":1,"href":"https:\/\/empresas.infoempleo.com\/hrtrends\/wp-json\/wp\/v2\/posts\/3708\/revisions"}],"predecessor-version":[{"id":43243,"href":"https:\/\/empresas.infoempleo.com\/hrtrends\/wp-json\/wp\/v2\/posts\/3708\/revisions\/43243"}],"wp:featuredmedia":[{"embeddable":true,"href":"https:\/\/empresas.infoempleo.com\/hrtrends\/wp-json\/wp\/v2\/media\/29665"}],"wp:attachment":[{"href":"https:\/\/empresas.infoempleo.com\/hrtrends\/wp-json\/wp\/v2\/media?parent=3708"}],"wp:term":[{"taxonomy":"category","embeddable":true,"href":"https:\/\/empresas.infoempleo.com\/hrtrends\/wp-json\/wp\/v2\/categories?post=3708"},{"taxonomy":"post_tag","embeddable":true,"href":"https:\/\/empresas.infoempleo.com\/hrtrends\/wp-json\/wp\/v2\/tags?post=3708"}],"curies":[{"name":"wp","href":"https:\/\/api.w.org\/{rel}","templated":true}]}}