{"id":37052,"date":"2020-03-13T07:30:07","date_gmt":"2020-03-13T05:30:07","guid":{"rendered":"https:\/\/empresas.infoempleo.com\/hrtrends\/?p=37052"},"modified":"2020-02-25T14:23:24","modified_gmt":"2020-02-25T12:23:24","slug":"que-es-el-boreout-y-como-evitarlo","status":"publish","type":"post","link":"https:\/\/empresas.infoempleo.com\/hrtrends\/que-es-el-boreout-y-como-evitarlo\/","title":{"rendered":"\u00bfQu\u00e9 es el boreout y c\u00f3mo evitarlo?"},"content":{"rendered":"<p><span style=\"font-weight: 400;\">El s\u00edndrome de <\/span><strong>boreout <\/strong><span style=\"font-weight: 400;\"><strong>o aburrimiento laboral<\/strong>, es un fen\u00f3meno complejo que <strong>puede tener m\u00faltiples <\/strong><\/span><b>efectos negativos<\/b><span style=\"font-weight: 400;\"> en quienes lo padecen. Aunque algunos piensan que mantener el asiento caliente sin hacer nada es genial, esto <strong>puede <\/strong><\/span><b>producir aburrimiento cr\u00f3nico<\/b><span style=\"font-weight: 400;\">, <\/span><b>baja autoestima<\/b><span style=\"font-weight: 400;\"> e incluso problemas psicol\u00f3gicos graves, que pueden, a su vez, <strong>desembocar en depresiones<\/strong> y bajas laborales.\u00a0<\/span><\/p>\n<p><span style=\"font-weight: 400;\">Lo primero es que hay que <strong>diferenciar el <\/strong><\/span><strong>boreout del conocido <a href=\"https:\/\/empresas.infoempleo.com\/hrtrends\/sindrome-del-quemado\">s\u00edndrome de burnout<\/a><\/strong><span style=\"font-weight: 400;\"><strong>.<\/strong> El <\/span><b>boreout <\/b><span style=\"font-weight: 400;\">es la <\/span><b>ausencia o falta de trabajo<\/b><span style=\"font-weight: 400;\"> y sus efectos nocivos en el bienestar psicol\u00f3gico de un empleado surgen cuando la situaci\u00f3n se prolonga durante un per\u00edodo de tiempo considerable. Mientras que el <b>burnout<\/b> aparece como una <strong>respuesta al estr\u00e9s laboral prolongado<\/strong>, cuando las demandas laborales superan al empleado, desgast\u00e1ndolo emocionalmente, de ah\u00ed la expresi\u00f3n \u00abestar quemado\u00bb.\u00a0<\/span><\/p>\n<p><span style=\"font-weight: 400;\">Baja autoestima, sentimientos de <strong>verg\u00fcenza<\/strong> y culpabilidad, <strong>falta de compromiso con el trabajo<\/strong> y sentimiento de inutilidad en la sociedad son s\u00f3lo algunos de los <strong>efectos directamente relacionados con el<\/strong> <\/span><b>boreout<\/b><span style=\"font-weight: 400;\">, la falta de trabajo o las tareas aburridas o rutinarias.<\/span><\/p>\n<p><span style=\"font-weight: 400;\">El departamento de Recursos Humanos debe encontrar herramientas para evitar este tipo de problemas, que afectan no solo al que lo padece, sino tambi\u00e9n a la empresa.<\/span><\/p>\n<p><span style=\"font-weight: 400;\">El boreout implica tener que lidiar con empleados no comprometidos. Esto puede generar un mayor ausentismo, alta rotaci\u00f3n de personal, aumento de las bajas por enfermedad y de empleados que dejen la empresa.<\/span><\/p>\n<p><img loading=\"lazy\" decoding=\"async\" class=\"aligncenter wp-image-37058 size-full\" title=\"HRTrends-que-es-el-boreout-como-evitarlo\" src=\"https:\/\/empresas.infoempleo.com\/hrtrends\/media\/2020\/02\/HRTrends-que-es-el-boreout-como-evitarlo.jpg\" alt=\"HRTrends-que-es-el-boreout-como-evitarlo\" width=\"724\" height=\"483\" srcset=\"https:\/\/empresas.infoempleo.com\/hrtrends\/media\/2020\/02\/HRTrends-que-es-el-boreout-como-evitarlo.jpg 724w, https:\/\/empresas.infoempleo.com\/hrtrends\/media\/2020\/02\/HRTrends-que-es-el-boreout-como-evitarlo-300x200.jpg 300w\" sizes=\"auto, (max-width: 724px) 100vw, 724px\" \/><\/p>\n<h2>Qu\u00e9 se puede hacer desde RRHH para evitar el boreout<\/h2>\n<h3>Amplia las opciones de formaci\u00f3n<\/h3>\n<p><b>Invertir en la formaci\u00f3n<\/b><span style=\"font-weight: 400;\"> o educaci\u00f3n de tus empleados <strong>les muestra que son valorados<\/strong> y tienen un futuro en la empresa. Sobre todo porque los trabajadores de nivel medio tienen un 46% m\u00e1s de probabilidades de <\/span>boreout <span style=\"font-weight: 400;\">que sus compa\u00f1eros de la alta direcci\u00f3n.<\/span><\/p>\n<h3>Ofrece retos y desaf\u00edos a tus empleados<\/h3>\n<p><span style=\"font-weight: 400;\">Cuando todo son tareas mon\u00f3tonas, algunos pierden la motivaci\u00f3n, \u00abdesconectando\u00bb del trabajo.\u00a0<\/span><\/p>\n<p><span style=\"font-weight: 400;\">Las <\/span><b>tareas mon\u00f3tonas o rutinarias<\/b><span style=\"font-weight: 400;\"> en el trabajo <\/span><b>conducen al<\/b> <b>boreout,<\/b><span style=\"font-weight: 400;\"> al aburrimiento. Para aumentar la creatividad y limitar as\u00ed el aburrimiento, las jornadas de trabajo deben estructurarse de manera que se alterne entre los per\u00edodos de trabajo que suponen un desaf\u00edo cognitivo y los per\u00edodos de trabajo mon\u00f3tonos<\/span><span style=\"font-weight: 400;\">.\u00a0<\/span><\/p>\n<p><span style=\"font-weight: 400;\">Alrededor del 44% de los empleados encuestados explicaron que su aburrimiento se deb\u00eda a que <\/span><b>su trabajo no supon\u00eda un desaf\u00edo<\/b><span style=\"font-weight: 400;\"> o no les exig\u00eda hacer uso de su formaci\u00f3n acad\u00e9mica.<\/span><\/p>\n<p><span style=\"font-weight: 400;\">Sin importar el sector del que se trate, es necesario <\/span><strong>asegurarse de que se crean oportunidades<\/strong> para que los empleados de todos los niveles se pongan a prueba y puedan estar a la altura de los nuevos desaf\u00edos laborales.<\/p>\n<h3>Proporciona m\u00e1s trabajo a tus empleados<\/h3>\n<p><span style=\"font-weight: 400;\">Seg\u00fan las encuestas, el 30% de los empleados afirmaron que su <\/span>boreout<b>, <\/b><span style=\"font-weight: 400;\">aburrimiento laboral, se deb\u00eda en parte a que <\/span>no ten\u00edan suficiente trabajo <span style=\"font-weight: 400;\">que hacer.<\/span><\/p>\n<p><span style=\"font-weight: 400;\">Resulta que <strong>los <\/strong><\/span><strong><i>millennials <\/i><\/strong><span style=\"font-weight: 400;\"><strong>tienen el doble de probabilidades de aburrirse en el trabajo<\/strong> que generaciones anteriores. Muchos expertos creen que esto se debe en cierta medida a su eficiencia en el uso de la tecnolog\u00eda. Una tarea que podr\u00eda llevar antes unas horas en el ordenador, ahora gracias a su capacidad con las nuevas tecnolog\u00edas se completa en pocos minutos.<\/span><\/p>\n<p><span style=\"font-weight: 400;\">Como ves, existen opciones <strong>para evitar el s\u00edndrome de <\/strong><\/span><strong>boreout<\/strong><span style=\"font-weight: 400;\"><strong> en tu empresa<\/strong>, simplemente <strong>hay que estar atento a las se\u00f1ales de alerta<\/strong> en tus empleados para reaccionar ante ellas y <strong>poder as\u00ed prevenir su aparici\u00f3n<\/strong>.<\/span><span style=\"font-weight: 400;\"><br \/>\n<\/span><\/p>\n","protected":false},"excerpt":{"rendered":"<p>El s\u00edndrome de boreout o aburrimiento laboral, es un fen\u00f3meno complejo que puede tener m\u00faltiples efectos negativos en<a class=\"moretag\" href=\"https:\/\/empresas.infoempleo.com\/hrtrends\/que-es-el-boreout-y-como-evitarlo\/\"> Leer m\u00e1s<\/a><\/p>\n","protected":false},"author":122,"featured_media":37056,"comment_status":"closed","ping_status":"closed","sticky":false,"template":"","format":"standard","meta":{"footnotes":""},"categories":[3035],"tags":[3348,3347,1605],"class_list":["post-37052","post","type-post","status-publish","format-standard","has-post-thumbnail","hentry","category-consejos","tag-bienestar-emocional","tag-boreout","tag-clima-laboral"],"yoast_head":"<!-- This site is optimized with the Yoast SEO plugin v26.1.1 - https:\/\/yoast.com\/wordpress\/plugins\/seo\/ -->\n<title>Boreout: en qu\u00e9 consiste y c\u00f3mo puedes evitarlo | HRTRENDS<\/title>\n<meta name=\"description\" content=\"El s\u00edndrome de boreout es un problema real que trae consigo m\u00faltiples problemas para los trabajadores y la empresa. Te contamos cu\u00e1les son\" \/>\n<meta name=\"robots\" content=\"index, follow, max-snippet:-1, max-image-preview:large, max-video-preview:-1\" \/>\n<link rel=\"canonical\" href=\"https:\/\/empresas.infoempleo.com\/hrtrends\/que-es-el-boreout-y-como-evitarlo\/\" \/>\n<meta property=\"og:locale\" content=\"es_ES\" \/>\n<meta property=\"og:type\" content=\"article\" \/>\n<meta property=\"og:title\" content=\"Boreout: en qu\u00e9 consiste y c\u00f3mo puedes evitarlo | HRTRENDS\" \/>\n<meta property=\"og:description\" content=\"El s\u00edndrome de boreout es un problema real que trae consigo m\u00faltiples problemas para los trabajadores y la empresa. Te contamos cu\u00e1les son\" \/>\n<meta property=\"og:url\" content=\"https:\/\/empresas.infoempleo.com\/hrtrends\/que-es-el-boreout-y-como-evitarlo\/\" \/>\n<meta property=\"og:site_name\" content=\"HRTRENDS\" \/>\n<meta property=\"article:publisher\" content=\"https:\/\/www.facebook.com\/Infoempleo\" \/>\n<meta property=\"article:published_time\" content=\"2020-03-13T05:30:07+00:00\" \/>\n<meta property=\"og:image\" content=\"https:\/\/empresas.infoempleo.com\/hrtrends\/media\/2020\/02\/HRTrends-problemas-del-boreout-y-como-solventarlos.jpg\" \/>\n\t<meta property=\"og:image:width\" content=\"2121\" \/>\n\t<meta property=\"og:image:height\" content=\"1414\" \/>\n\t<meta property=\"og:image:type\" content=\"image\/jpeg\" \/>\n<meta name=\"author\" content=\"Adriana M.\" \/>\n<meta name=\"twitter:card\" content=\"summary_large_image\" \/>\n<meta name=\"twitter:creator\" content=\"@infoempleo\" \/>\n<meta name=\"twitter:site\" content=\"@infoempleo\" \/>\n<meta name=\"twitter:label1\" content=\"Escrito por\" \/>\n\t<meta name=\"twitter:data1\" content=\"Adriana M.\" \/>\n\t<meta name=\"twitter:label2\" content=\"Tiempo de lectura\" \/>\n\t<meta name=\"twitter:data2\" content=\"3 minutos\" \/>\n<script type=\"application\/ld+json\" class=\"yoast-schema-graph\">{\"@context\":\"https:\/\/schema.org\",\"@graph\":[{\"@type\":\"NewsArticle\",\"@id\":\"https:\/\/empresas.infoempleo.com\/hrtrends\/que-es-el-boreout-y-como-evitarlo\/#article\",\"isPartOf\":{\"@id\":\"https:\/\/empresas.infoempleo.com\/hrtrends\/que-es-el-boreout-y-como-evitarlo\/\"},\"author\":{\"name\":\"Adriana M.\",\"@id\":\"https:\/\/empresas.infoempleo.com\/hrtrends\/#\/schema\/person\/b1dd51edbb566a47cd8f7513fa73d223\"},\"headline\":\"\u00bfQu\u00e9 es el boreout y c\u00f3mo evitarlo?\",\"datePublished\":\"2020-03-13T05:30:07+00:00\",\"mainEntityOfPage\":{\"@id\":\"https:\/\/empresas.infoempleo.com\/hrtrends\/que-es-el-boreout-y-como-evitarlo\/\"},\"wordCount\":609,\"publisher\":{\"@id\":\"https:\/\/empresas.infoempleo.com\/hrtrends\/#organization\"},\"image\":{\"@id\":\"https:\/\/empresas.infoempleo.com\/hrtrends\/que-es-el-boreout-y-como-evitarlo\/#primaryimage\"},\"thumbnailUrl\":\"https:\/\/empresas.infoempleo.com\/hrtrends\/media\/2020\/02\/HRTrends-problemas-del-boreout-y-como-solventarlos.jpg\",\"keywords\":[\"bienestar emocional\",\"boreout\",\"Clima laboral\"],\"articleSection\":[\"Consejos\"],\"inLanguage\":\"es\",\"copyrightYear\":\"2020\",\"copyrightHolder\":{\"@id\":\"https:\/\/empresas.infoempleo.com\/hrtrends\/#organization\"}},{\"@type\":\"WebPage\",\"@id\":\"https:\/\/empresas.infoempleo.com\/hrtrends\/que-es-el-boreout-y-como-evitarlo\/\",\"url\":\"https:\/\/empresas.infoempleo.com\/hrtrends\/que-es-el-boreout-y-como-evitarlo\/\",\"name\":\"Boreout: en qu\u00e9 consiste y c\u00f3mo puedes evitarlo | HRTRENDS\",\"isPartOf\":{\"@id\":\"https:\/\/empresas.infoempleo.com\/hrtrends\/#website\"},\"primaryImageOfPage\":{\"@id\":\"https:\/\/empresas.infoempleo.com\/hrtrends\/que-es-el-boreout-y-como-evitarlo\/#primaryimage\"},\"image\":{\"@id\":\"https:\/\/empresas.infoempleo.com\/hrtrends\/que-es-el-boreout-y-como-evitarlo\/#primaryimage\"},\"thumbnailUrl\":\"https:\/\/empresas.infoempleo.com\/hrtrends\/media\/2020\/02\/HRTrends-problemas-del-boreout-y-como-solventarlos.jpg\",\"datePublished\":\"2020-03-13T05:30:07+00:00\",\"description\":\"El s\u00edndrome de boreout es un problema real que trae consigo m\u00faltiples problemas para los trabajadores y la empresa. Te contamos cu\u00e1les son\",\"breadcrumb\":{\"@id\":\"https:\/\/empresas.infoempleo.com\/hrtrends\/que-es-el-boreout-y-como-evitarlo\/#breadcrumb\"},\"inLanguage\":\"es\",\"potentialAction\":[{\"@type\":\"ReadAction\",\"target\":[\"https:\/\/empresas.infoempleo.com\/hrtrends\/que-es-el-boreout-y-como-evitarlo\/\"]}]},{\"@type\":\"ImageObject\",\"inLanguage\":\"es\",\"@id\":\"https:\/\/empresas.infoempleo.com\/hrtrends\/que-es-el-boreout-y-como-evitarlo\/#primaryimage\",\"url\":\"https:\/\/empresas.infoempleo.com\/hrtrends\/media\/2020\/02\/HRTrends-problemas-del-boreout-y-como-solventarlos-150x150.jpg\",\"contentUrl\":\"https:\/\/empresas.infoempleo.com\/hrtrends\/media\/2020\/02\/HRTrends-problemas-del-boreout-y-como-solventarlos-150x150.jpg\",\"width\":150,\"height\":150},{\"@type\":\"BreadcrumbList\",\"@id\":\"https:\/\/empresas.infoempleo.com\/hrtrends\/que-es-el-boreout-y-como-evitarlo\/#breadcrumb\",\"itemListElement\":[{\"@type\":\"ListItem\",\"position\":1,\"name\":\"Portada\",\"item\":\"https:\/\/empresas.infoempleo.com\/hrtrends\/\"},{\"@type\":\"ListItem\",\"position\":2,\"name\":\"\u00bfQu\u00e9 es el boreout y c\u00f3mo evitarlo?\"}]},{\"@type\":\"WebSite\",\"@id\":\"https:\/\/empresas.infoempleo.com\/hrtrends\/#website\",\"url\":\"https:\/\/empresas.infoempleo.com\/hrtrends\",\"name\":\"HRTrends by Infoempleo\",\"description\":\"\",\"publisher\":{\"@id\":\"https:\/\/empresas.infoempleo.com\/hrtrends\/#organization\"},\"potentialAction\":{\"@type\":\"SearchAction\",\"target\":\"https:\/\/empresas.infoempleo.com\/hrtrends\/?s={search_term_string}\",\"query-input\":\"required name=search_term_string\"},\"inLanguage\":\"es\"},{\"@type\":\"Organization\",\"@id\":\"https:\/\/empresas.infoempleo.com\/hrtrends\/#organization\",\"name\":\"Infoempleo\",\"url\":\"https:\/\/www.infoempleo.com\/\",\"logo\":{\"@type\":\"ImageObject\",\"@id\":\"https:\/\/empresas.infoempleo.com\/hrtrends\/#logo\",\"inLanguage\":\"es\",\"url\":\"https:\/\/cdnazure.infoempleo.com\/infoempleo\/assets\/style\/gfx\/logo.svg\",\"contentUrl\":\"https:\/\/cdnazure.infoempleo.com\/infoempleo\/assets\/style\/gfx\/logo.svg\",\"width\":150,\"height\":40,\"caption\":\"Infoempleo\"},\"image\":{\"@id\":\"https:\/\/empresas.infoempleo.com\/hrtrends\/#logo\"},\"sameAs\":[\"https:\/\/www.facebook.com\/Infoempleo\",\"https:\/\/x.com\/infoempleo\",\"http:\/\/instagram.com\/infoempleo\/\",\"http:\/\/www.linkedin.com\/groups\/Empleo-Espa\u00f1a-Infoempleocom-111276\",\"http:\/\/pinterest.com\/infoempleo\/\"],\"address\":{\"@type\":\"PostalAddress\",\"addressLocality\":\"Madrid\",\"postalCode\":\"28050\",\"streetAddress\":\"Avenida de Burgos 114\"},\"brand\":[\"Infoempleo\"]},{\"@type\":\"Person\",\"@id\":\"https:\/\/empresas.infoempleo.com\/hrtrends\/#\/schema\/person\/b1dd51edbb566a47cd8f7513fa73d223\",\"name\":\"Adriana M.\",\"image\":{\"@type\":\"ImageObject\",\"inLanguage\":\"es\",\"@id\":\"https:\/\/empresas.infoempleo.com\/hrtrends\/#\/schema\/person\/image\/\",\"url\":\"https:\/\/secure.gravatar.com\/avatar\/243f7dd7e1db0ad0e9791be05df7d72ba5c8bf338408591753bae2fe87dae18d?s=96&d=mm&r=g\",\"contentUrl\":\"https:\/\/secure.gravatar.com\/avatar\/243f7dd7e1db0ad0e9791be05df7d72ba5c8bf338408591753bae2fe87dae18d?s=96&d=mm&r=g\",\"caption\":\"Adriana M.\"},\"description\":\"Periodista y experta en Comunicaci\u00f3n Audiovisual y Narrativa. Me encanta escribir y narrar lo que pasa a mi alrededor es mi pasi\u00f3n.\",\"url\":\"https:\/\/empresas.infoempleo.com\/hrtrends\/author\/adriana-kanvas\/\"}]}<\/script>\n<!-- \/ Yoast SEO plugin. -->","yoast_head_json":{"title":"Boreout: en qu\u00e9 consiste y c\u00f3mo puedes evitarlo | HRTRENDS","description":"El s\u00edndrome de boreout es un problema real que trae consigo m\u00faltiples problemas para los trabajadores y la empresa. Te contamos cu\u00e1les son","robots":{"index":"index","follow":"follow","max-snippet":"max-snippet:-1","max-image-preview":"max-image-preview:large","max-video-preview":"max-video-preview:-1"},"canonical":"https:\/\/empresas.infoempleo.com\/hrtrends\/que-es-el-boreout-y-como-evitarlo\/","og_locale":"es_ES","og_type":"article","og_title":"Boreout: en qu\u00e9 consiste y c\u00f3mo puedes evitarlo | HRTRENDS","og_description":"El s\u00edndrome de boreout es un problema real que trae consigo m\u00faltiples problemas para los trabajadores y la empresa. Te contamos cu\u00e1les son","og_url":"https:\/\/empresas.infoempleo.com\/hrtrends\/que-es-el-boreout-y-como-evitarlo\/","og_site_name":"HRTRENDS","article_publisher":"https:\/\/www.facebook.com\/Infoempleo","article_published_time":"2020-03-13T05:30:07+00:00","og_image":[{"width":2121,"height":1414,"url":"https:\/\/empresas.infoempleo.com\/hrtrends\/media\/2020\/02\/HRTrends-problemas-del-boreout-y-como-solventarlos.jpg","type":"image\/jpeg"}],"author":"Adriana M.","twitter_card":"summary_large_image","twitter_creator":"@infoempleo","twitter_site":"@infoempleo","twitter_misc":{"Escrito por":"Adriana M.","Tiempo de lectura":"3 minutos"},"schema":{"@context":"https:\/\/schema.org","@graph":[{"@type":"NewsArticle","@id":"https:\/\/empresas.infoempleo.com\/hrtrends\/que-es-el-boreout-y-como-evitarlo\/#article","isPartOf":{"@id":"https:\/\/empresas.infoempleo.com\/hrtrends\/que-es-el-boreout-y-como-evitarlo\/"},"author":{"name":"Adriana M.","@id":"https:\/\/empresas.infoempleo.com\/hrtrends\/#\/schema\/person\/b1dd51edbb566a47cd8f7513fa73d223"},"headline":"\u00bfQu\u00e9 es el boreout y c\u00f3mo evitarlo?","datePublished":"2020-03-13T05:30:07+00:00","mainEntityOfPage":{"@id":"https:\/\/empresas.infoempleo.com\/hrtrends\/que-es-el-boreout-y-como-evitarlo\/"},"wordCount":609,"publisher":{"@id":"https:\/\/empresas.infoempleo.com\/hrtrends\/#organization"},"image":{"@id":"https:\/\/empresas.infoempleo.com\/hrtrends\/que-es-el-boreout-y-como-evitarlo\/#primaryimage"},"thumbnailUrl":"https:\/\/empresas.infoempleo.com\/hrtrends\/media\/2020\/02\/HRTrends-problemas-del-boreout-y-como-solventarlos.jpg","keywords":["bienestar emocional","boreout","Clima laboral"],"articleSection":["Consejos"],"inLanguage":"es","copyrightYear":"2020","copyrightHolder":{"@id":"https:\/\/empresas.infoempleo.com\/hrtrends\/#organization"}},{"@type":"WebPage","@id":"https:\/\/empresas.infoempleo.com\/hrtrends\/que-es-el-boreout-y-como-evitarlo\/","url":"https:\/\/empresas.infoempleo.com\/hrtrends\/que-es-el-boreout-y-como-evitarlo\/","name":"Boreout: en qu\u00e9 consiste y c\u00f3mo puedes evitarlo | HRTRENDS","isPartOf":{"@id":"https:\/\/empresas.infoempleo.com\/hrtrends\/#website"},"primaryImageOfPage":{"@id":"https:\/\/empresas.infoempleo.com\/hrtrends\/que-es-el-boreout-y-como-evitarlo\/#primaryimage"},"image":{"@id":"https:\/\/empresas.infoempleo.com\/hrtrends\/que-es-el-boreout-y-como-evitarlo\/#primaryimage"},"thumbnailUrl":"https:\/\/empresas.infoempleo.com\/hrtrends\/media\/2020\/02\/HRTrends-problemas-del-boreout-y-como-solventarlos.jpg","datePublished":"2020-03-13T05:30:07+00:00","description":"El s\u00edndrome de boreout es un problema real que trae consigo m\u00faltiples problemas para los trabajadores y la empresa. Te contamos cu\u00e1les son","breadcrumb":{"@id":"https:\/\/empresas.infoempleo.com\/hrtrends\/que-es-el-boreout-y-como-evitarlo\/#breadcrumb"},"inLanguage":"es","potentialAction":[{"@type":"ReadAction","target":["https:\/\/empresas.infoempleo.com\/hrtrends\/que-es-el-boreout-y-como-evitarlo\/"]}]},{"@type":"ImageObject","inLanguage":"es","@id":"https:\/\/empresas.infoempleo.com\/hrtrends\/que-es-el-boreout-y-como-evitarlo\/#primaryimage","url":"https:\/\/empresas.infoempleo.com\/hrtrends\/media\/2020\/02\/HRTrends-problemas-del-boreout-y-como-solventarlos-150x150.jpg","contentUrl":"https:\/\/empresas.infoempleo.com\/hrtrends\/media\/2020\/02\/HRTrends-problemas-del-boreout-y-como-solventarlos-150x150.jpg","width":150,"height":150},{"@type":"BreadcrumbList","@id":"https:\/\/empresas.infoempleo.com\/hrtrends\/que-es-el-boreout-y-como-evitarlo\/#breadcrumb","itemListElement":[{"@type":"ListItem","position":1,"name":"Portada","item":"https:\/\/empresas.infoempleo.com\/hrtrends\/"},{"@type":"ListItem","position":2,"name":"\u00bfQu\u00e9 es el boreout y c\u00f3mo evitarlo?"}]},{"@type":"WebSite","@id":"https:\/\/empresas.infoempleo.com\/hrtrends\/#website","url":"https:\/\/empresas.infoempleo.com\/hrtrends","name":"HRTrends by Infoempleo","description":"","publisher":{"@id":"https:\/\/empresas.infoempleo.com\/hrtrends\/#organization"},"potentialAction":{"@type":"SearchAction","target":"https:\/\/empresas.infoempleo.com\/hrtrends\/?s={search_term_string}","query-input":"required name=search_term_string"},"inLanguage":"es"},{"@type":"Organization","@id":"https:\/\/empresas.infoempleo.com\/hrtrends\/#organization","name":"Infoempleo","url":"https:\/\/www.infoempleo.com\/","logo":{"@type":"ImageObject","@id":"https:\/\/empresas.infoempleo.com\/hrtrends\/#logo","inLanguage":"es","url":"https:\/\/cdnazure.infoempleo.com\/infoempleo\/assets\/style\/gfx\/logo.svg","contentUrl":"https:\/\/cdnazure.infoempleo.com\/infoempleo\/assets\/style\/gfx\/logo.svg","width":150,"height":40,"caption":"Infoempleo"},"image":{"@id":"https:\/\/empresas.infoempleo.com\/hrtrends\/#logo"},"sameAs":["https:\/\/www.facebook.com\/Infoempleo","https:\/\/x.com\/infoempleo","http:\/\/instagram.com\/infoempleo\/","http:\/\/www.linkedin.com\/groups\/Empleo-Espa\u00f1a-Infoempleocom-111276","http:\/\/pinterest.com\/infoempleo\/"],"address":{"@type":"PostalAddress","addressLocality":"Madrid","postalCode":"28050","streetAddress":"Avenida de Burgos 114"},"brand":["Infoempleo"]},{"@type":"Person","@id":"https:\/\/empresas.infoempleo.com\/hrtrends\/#\/schema\/person\/b1dd51edbb566a47cd8f7513fa73d223","name":"Adriana M.","image":{"@type":"ImageObject","inLanguage":"es","@id":"https:\/\/empresas.infoempleo.com\/hrtrends\/#\/schema\/person\/image\/","url":"https:\/\/secure.gravatar.com\/avatar\/243f7dd7e1db0ad0e9791be05df7d72ba5c8bf338408591753bae2fe87dae18d?s=96&d=mm&r=g","contentUrl":"https:\/\/secure.gravatar.com\/avatar\/243f7dd7e1db0ad0e9791be05df7d72ba5c8bf338408591753bae2fe87dae18d?s=96&d=mm&r=g","caption":"Adriana M."},"description":"Periodista y experta en Comunicaci\u00f3n Audiovisual y Narrativa. Me encanta escribir y narrar lo que pasa a mi alrededor es mi pasi\u00f3n.","url":"https:\/\/empresas.infoempleo.com\/hrtrends\/author\/adriana-kanvas\/"}]}},"amp_enabled":true,"_links":{"self":[{"href":"https:\/\/empresas.infoempleo.com\/hrtrends\/wp-json\/wp\/v2\/posts\/37052","targetHints":{"allow":["GET"]}}],"collection":[{"href":"https:\/\/empresas.infoempleo.com\/hrtrends\/wp-json\/wp\/v2\/posts"}],"about":[{"href":"https:\/\/empresas.infoempleo.com\/hrtrends\/wp-json\/wp\/v2\/types\/post"}],"author":[{"embeddable":true,"href":"https:\/\/empresas.infoempleo.com\/hrtrends\/wp-json\/wp\/v2\/users\/122"}],"replies":[{"embeddable":true,"href":"https:\/\/empresas.infoempleo.com\/hrtrends\/wp-json\/wp\/v2\/comments?post=37052"}],"version-history":[{"count":8,"href":"https:\/\/empresas.infoempleo.com\/hrtrends\/wp-json\/wp\/v2\/posts\/37052\/revisions"}],"predecessor-version":[{"id":37054,"href":"https:\/\/empresas.infoempleo.com\/hrtrends\/wp-json\/wp\/v2\/posts\/37052\/revisions\/37054"}],"wp:featuredmedia":[{"embeddable":true,"href":"https:\/\/empresas.infoempleo.com\/hrtrends\/wp-json\/wp\/v2\/media\/37056"}],"wp:attachment":[{"href":"https:\/\/empresas.infoempleo.com\/hrtrends\/wp-json\/wp\/v2\/media?parent=37052"}],"wp:term":[{"taxonomy":"category","embeddable":true,"href":"https:\/\/empresas.infoempleo.com\/hrtrends\/wp-json\/wp\/v2\/categories?post=37052"},{"taxonomy":"post_tag","embeddable":true,"href":"https:\/\/empresas.infoempleo.com\/hrtrends\/wp-json\/wp\/v2\/tags?post=37052"}],"curies":[{"name":"wp","href":"https:\/\/api.w.org\/{rel}","templated":true}]}}