{"id":37042,"date":"2020-03-09T07:30:31","date_gmt":"2020-03-09T05:30:31","guid":{"rendered":"https:\/\/empresas.infoempleo.com\/hrtrends\/?p=37042"},"modified":"2020-02-25T13:22:44","modified_gmt":"2020-02-25T11:22:44","slug":"oficina-verde-oficina-mas-productiva","status":"publish","type":"post","link":"https:\/\/empresas.infoempleo.com\/hrtrends\/oficina-verde-oficina-mas-productiva\/","title":{"rendered":"Oficina verde, oficina m\u00e1s productiva"},"content":{"rendered":"<p><span style=\"font-weight: 400;\">Invertimos mucho dinero en el dise\u00f1o de las oficinas, con la creencia de que <strong>un entorno f\u00edsico agradable inspira a los empleados<\/strong> a trabajar mejor y ser m\u00e1s productivos. <\/span><span style=\"font-weight: 400;\">Seg\u00fan un estudio reciente de la Universidad de Harvard, <strong>cuando trabajamos en una <\/strong><\/span><b>oficina verde,<\/b><span style=\"font-weight: 400;\"> con certificaci\u00f3n ecol\u00f3gica, <strong>conseguimos un 26% de incremento en nuestra capacidades cognitivas<\/strong> y un 30% menos de bajas por enfermedad, incluso algunos empleados manifiestan un aumento en la calidad del sue\u00f1o.<\/span><\/p>\n<h2>Qu\u00e9 es la oficina verde<\/h2>\n<p><span style=\"font-weight: 400;\">La oficina verde incluye un modelo que puede utilizarse para <strong>construir un sistema de gesti\u00f3n medioambiental adecuado para tu empresa<\/strong>, que permita reducir la huella de carbono de tu oficina y utilizar los recursos naturales de forma sostenible. Es decir implantar una <\/span><a href=\"https:\/\/empresas.infoempleo.com\/hrtrends\/conciencia-ecologica-oficina\/\"><span style=\"font-weight: 400;\">conciencia ecol\u00f3gica en la oficina.<\/span><\/a><span style=\"font-weight: 400;\">\u00a0<\/span><\/p>\n<p><span style=\"font-weight: 400;\">La mejor manera de encontrar las \u00e1reas de mejora es <strong>evaluar la situaci\u00f3n inicial de la empresa<\/strong>. La autoevaluaci\u00f3n del sistema de gesti\u00f3n ambiental de la <\/span>oficina verde<span style=\"font-weight: 400;\"> se emplea para descubrir el origen de los impactos ambientales perjudiciales de tu oficina.\u00a0<\/span><\/p>\n<p><span style=\"font-weight: 400;\">Con los resultados de la evaluaci\u00f3n puedes <strong>preparar un plan anual<\/strong>, tambi\u00e9n conocido como programa ambiental, gui\u00e1ndote por los consejos para <\/span><a href=\"https:\/\/empresas.infoempleo.com\/hrtrends\/10-tips-para-ser-verde-en-la-empresa-2\/\"><span style=\"font-weight: 400;\">ser verde en tu empresa.\u00a0<\/span><\/a><\/p>\n<p><img loading=\"lazy\" decoding=\"async\" class=\"aligncenter wp-image-37048\" title=\"HRTrends-oficina-verde-todas-las-ventajas-que-la-hacen-mas-productiva\" src=\"https:\/\/empresas.infoempleo.com\/hrtrends\/media\/2020\/02\/HRTrends-oficina-verde-todas-las-ventajas-que-la-hacen-mas-productiva.jpg\" alt=\"HRTrends-oficina-verde-todas-las-ventajas-que-la-hacen-mas-productiva\" width=\"700\" height=\"467\" srcset=\"https:\/\/empresas.infoempleo.com\/hrtrends\/media\/2020\/02\/HRTrends-oficina-verde-todas-las-ventajas-que-la-hacen-mas-productiva.jpg 724w, https:\/\/empresas.infoempleo.com\/hrtrends\/media\/2020\/02\/HRTrends-oficina-verde-todas-las-ventajas-que-la-hacen-mas-productiva-300x200.jpg 300w\" sizes=\"auto, (max-width: 700px) 100vw, 700px\" \/><\/p>\n<h2>Cu\u00e1l es el impacto de convertir tu empresa en una oficina verde<\/h2>\n<p><strong>Todo empieza con el aire limpio<\/strong><\/p>\n<p><span style=\"font-weight: 400;\">La calidad del aire en la oficina produce una gran diferencia. El informe del WGBC confirma que los espacios comerciales que producen \u00abaltos niveles de di\u00f3xido de carbono y compuestos org\u00e1nicos vol\u00e1tiles (COV)\u00bb crean condiciones de aire que hacen que los trabajadores se sientan l\u00e1nguidos e incapaces de pensar r\u00e1pidamente.\u00a0<\/span><\/p>\n<p><span style=\"font-weight: 400;\">En la <\/span>oficina verde<span style=\"font-weight: 400;\">, <strong>introducir plantas e incluso jardines interiores mejora la calidad del aire<\/strong> considerablemente consiguiendo evitar estos efectos.<\/span><\/p>\n<p><span style=\"font-weight: 400;\">En este sentido, tambi\u00e9n es interesante <strong>permitir la circulaci\u00f3n de aire<\/strong>. Tras la realizaci\u00f3n de una prueba de laboratorio controlada qued\u00f3 demostrado que una mejor ventilaci\u00f3n aument\u00f3 la productividad del lugar de trabajo en un 5%.\u00a0<\/span><\/p>\n<p><span style=\"font-weight: 400;\">La <strong>temperatura del aire tambi\u00e9n es importante<\/strong>. La productividad de los trabajadores disminuye en un 4% en un espacio de trabajo que es demasiado fr\u00edo, y en un 6% cuando es demasiado caliente.<\/span><\/p>\n<p><strong>Las plantas animan los espacios de trabajo<\/strong><\/p>\n<p><span style=\"font-weight: 400;\">La ciencia tiene un nombre elegante para este simple fen\u00f3meno: la biofilia. <strong>Estar cerca de las plantas ayuda a liberar la creatividad<\/strong>, reducir el estr\u00e9s en la oficina verde y mejorar el rendimiento cognitivo.\u00a0<\/span><\/p>\n<p><span style=\"font-weight: 400;\">Seg\u00fan un estudio de investigaci\u00f3n publicado por la Escuela de Psicolog\u00eda de la Universidad de Queensland, los espacios de oficina con plantas aumentaban la productividad de los trabajadores en m\u00e1s de un 15%.\u00a0<\/span><\/p>\n<p><strong>Suelo de madera reciclada<\/strong><\/p>\n<p><span style=\"font-weight: 400;\">El <strong>suelo de madera<\/strong> crea un ambiente natural <\/span><span style=\"font-weight: 400;\">que <strong>genera emociones positivas<\/strong>, que impulsan la productividad en los espacios de trabajo compartidos.\u00a0<\/span><\/p>\n<p><strong>Apostar por lo verde para aumentar la productividad en las oficinas<\/strong><\/p>\n<p><span style=\"font-weight: 400;\">Las <\/span>oficinas verdes<span style=\"font-weight: 400;\"> son la oportunidad perfecta para que las empresas apoyen y mantengan pr\u00e1cticas sostenibles mediante la aplicaci\u00f3n de un<\/span><b> modelo de espacio de trabajo compartido.\u00a0<\/b><\/p>\n<p><span style=\"font-weight: 400;\">En su aplicaci\u00f3n m\u00e1s fundamental, los espacios de trabajo compartidos <strong>promueven el intercambio de espacio<\/strong>, suministros y recursos naturales.\u00a0<\/span><\/p>\n<p><span style=\"font-weight: 400;\">En definitiva, la clave para aumentar la productividad en una <\/span>oficina verde <span style=\"font-weight: 400;\">implica la aplicaci\u00f3n de medidas como las que te hemos explicado con las que conseguir\u00e1s un mejor ambiente de trabajo.<\/span><\/p>\n","protected":false},"excerpt":{"rendered":"<p>Invertimos mucho dinero en el dise\u00f1o de las oficinas, con la creencia de que un entorno f\u00edsico agradable<a class=\"moretag\" href=\"https:\/\/empresas.infoempleo.com\/hrtrends\/oficina-verde-oficina-mas-productiva\/\"> Leer m\u00e1s<\/a><\/p>\n","protected":false},"author":122,"featured_media":37046,"comment_status":"closed","ping_status":"closed","sticky":false,"template":"","format":"standard","meta":{"footnotes":""},"categories":[3],"tags":[3346,1014],"class_list":["post-37042","post","type-post","status-publish","format-standard","has-post-thumbnail","hentry","category-actualidad","tag-oficina-verde","tag-sostenibilidad"],"yoast_head":"<!-- This site is optimized with the Yoast SEO plugin v26.1.1 - https:\/\/yoast.com\/wordpress\/plugins\/seo\/ -->\n<title>Oficina verde: las ventajas que la hacen m\u00e1s productiva | HRTRENDS<\/title>\n<meta name=\"description\" content=\"La oficina verde es una opci\u00f3n ecol\u00f3gica al espacio de trabajo que impacta positivamente en la empresa. Te contamos cu\u00e1les son sus ventajas\" \/>\n<meta name=\"robots\" content=\"index, follow, max-snippet:-1, max-image-preview:large, max-video-preview:-1\" \/>\n<link rel=\"canonical\" href=\"https:\/\/empresas.infoempleo.com\/hrtrends\/oficina-verde-oficina-mas-productiva\/\" \/>\n<meta property=\"og:locale\" content=\"es_ES\" \/>\n<meta property=\"og:type\" content=\"article\" \/>\n<meta property=\"og:title\" content=\"Oficina verde: las ventajas que la hacen m\u00e1s productiva | HRTRENDS\" \/>\n<meta property=\"og:description\" content=\"La oficina verde es una opci\u00f3n ecol\u00f3gica al espacio de trabajo que impacta positivamente en la empresa. Te contamos cu\u00e1les son sus ventajas\" \/>\n<meta property=\"og:url\" content=\"https:\/\/empresas.infoempleo.com\/hrtrends\/oficina-verde-oficina-mas-productiva\/\" \/>\n<meta property=\"og:site_name\" content=\"HRTRENDS\" \/>\n<meta property=\"article:publisher\" content=\"https:\/\/www.facebook.com\/Infoempleo\" \/>\n<meta property=\"article:published_time\" content=\"2020-03-09T05:30:31+00:00\" \/>\n<meta property=\"og:image\" content=\"https:\/\/empresas.infoempleo.com\/hrtrends\/media\/2020\/02\/HRTrends-oficina-verde.jpg\" \/>\n\t<meta property=\"og:image:width\" content=\"980\" \/>\n\t<meta property=\"og:image:height\" content=\"600\" \/>\n\t<meta property=\"og:image:type\" content=\"image\/jpeg\" \/>\n<meta name=\"author\" content=\"Adriana M.\" \/>\n<meta name=\"twitter:card\" content=\"summary_large_image\" \/>\n<meta name=\"twitter:creator\" content=\"@infoempleo\" \/>\n<meta name=\"twitter:site\" content=\"@infoempleo\" \/>\n<meta name=\"twitter:label1\" content=\"Escrito por\" \/>\n\t<meta name=\"twitter:data1\" content=\"Adriana M.\" \/>\n\t<meta name=\"twitter:label2\" content=\"Tiempo de lectura\" \/>\n\t<meta name=\"twitter:data2\" content=\"3 minutos\" \/>\n<script type=\"application\/ld+json\" class=\"yoast-schema-graph\">{\"@context\":\"https:\/\/schema.org\",\"@graph\":[{\"@type\":\"NewsArticle\",\"@id\":\"https:\/\/empresas.infoempleo.com\/hrtrends\/oficina-verde-oficina-mas-productiva\/#article\",\"isPartOf\":{\"@id\":\"https:\/\/empresas.infoempleo.com\/hrtrends\/oficina-verde-oficina-mas-productiva\/\"},\"author\":{\"name\":\"Adriana M.\",\"@id\":\"https:\/\/empresas.infoempleo.com\/hrtrends\/#\/schema\/person\/b1dd51edbb566a47cd8f7513fa73d223\"},\"headline\":\"Oficina verde, oficina m\u00e1s productiva\",\"datePublished\":\"2020-03-09T05:30:31+00:00\",\"mainEntityOfPage\":{\"@id\":\"https:\/\/empresas.infoempleo.com\/hrtrends\/oficina-verde-oficina-mas-productiva\/\"},\"wordCount\":580,\"publisher\":{\"@id\":\"https:\/\/empresas.infoempleo.com\/hrtrends\/#organization\"},\"image\":{\"@id\":\"https:\/\/empresas.infoempleo.com\/hrtrends\/oficina-verde-oficina-mas-productiva\/#primaryimage\"},\"thumbnailUrl\":\"https:\/\/empresas.infoempleo.com\/hrtrends\/media\/2020\/02\/HRTrends-oficina-verde.jpg\",\"keywords\":[\"oficina verde\",\"sostenibilidad\"],\"articleSection\":[\"Actualidad\"],\"inLanguage\":\"es\",\"copyrightYear\":\"2020\",\"copyrightHolder\":{\"@id\":\"https:\/\/empresas.infoempleo.com\/hrtrends\/#organization\"}},{\"@type\":\"WebPage\",\"@id\":\"https:\/\/empresas.infoempleo.com\/hrtrends\/oficina-verde-oficina-mas-productiva\/\",\"url\":\"https:\/\/empresas.infoempleo.com\/hrtrends\/oficina-verde-oficina-mas-productiva\/\",\"name\":\"Oficina verde: las ventajas que la hacen m\u00e1s productiva | HRTRENDS\",\"isPartOf\":{\"@id\":\"https:\/\/empresas.infoempleo.com\/hrtrends\/#website\"},\"primaryImageOfPage\":{\"@id\":\"https:\/\/empresas.infoempleo.com\/hrtrends\/oficina-verde-oficina-mas-productiva\/#primaryimage\"},\"image\":{\"@id\":\"https:\/\/empresas.infoempleo.com\/hrtrends\/oficina-verde-oficina-mas-productiva\/#primaryimage\"},\"thumbnailUrl\":\"https:\/\/empresas.infoempleo.com\/hrtrends\/media\/2020\/02\/HRTrends-oficina-verde.jpg\",\"datePublished\":\"2020-03-09T05:30:31+00:00\",\"description\":\"La oficina verde es una opci\u00f3n ecol\u00f3gica al espacio de trabajo que impacta positivamente en la empresa. Te contamos cu\u00e1les son sus ventajas\",\"breadcrumb\":{\"@id\":\"https:\/\/empresas.infoempleo.com\/hrtrends\/oficina-verde-oficina-mas-productiva\/#breadcrumb\"},\"inLanguage\":\"es\",\"potentialAction\":[{\"@type\":\"ReadAction\",\"target\":[\"https:\/\/empresas.infoempleo.com\/hrtrends\/oficina-verde-oficina-mas-productiva\/\"]}]},{\"@type\":\"ImageObject\",\"inLanguage\":\"es\",\"@id\":\"https:\/\/empresas.infoempleo.com\/hrtrends\/oficina-verde-oficina-mas-productiva\/#primaryimage\",\"url\":\"https:\/\/empresas.infoempleo.com\/hrtrends\/media\/2020\/02\/HRTrends-oficina-verde-150x150.jpg\",\"contentUrl\":\"https:\/\/empresas.infoempleo.com\/hrtrends\/media\/2020\/02\/HRTrends-oficina-verde-150x150.jpg\",\"width\":150,\"height\":150},{\"@type\":\"BreadcrumbList\",\"@id\":\"https:\/\/empresas.infoempleo.com\/hrtrends\/oficina-verde-oficina-mas-productiva\/#breadcrumb\",\"itemListElement\":[{\"@type\":\"ListItem\",\"position\":1,\"name\":\"Portada\",\"item\":\"https:\/\/empresas.infoempleo.com\/hrtrends\/\"},{\"@type\":\"ListItem\",\"position\":2,\"name\":\"Oficina verde, oficina m\u00e1s productiva\"}]},{\"@type\":\"WebSite\",\"@id\":\"https:\/\/empresas.infoempleo.com\/hrtrends\/#website\",\"url\":\"https:\/\/empresas.infoempleo.com\/hrtrends\",\"name\":\"HRTrends by Infoempleo\",\"description\":\"\",\"publisher\":{\"@id\":\"https:\/\/empresas.infoempleo.com\/hrtrends\/#organization\"},\"potentialAction\":{\"@type\":\"SearchAction\",\"target\":\"https:\/\/empresas.infoempleo.com\/hrtrends\/?s={search_term_string}\",\"query-input\":\"required name=search_term_string\"},\"inLanguage\":\"es\"},{\"@type\":\"Organization\",\"@id\":\"https:\/\/empresas.infoempleo.com\/hrtrends\/#organization\",\"name\":\"Infoempleo\",\"url\":\"https:\/\/www.infoempleo.com\/\",\"logo\":{\"@type\":\"ImageObject\",\"@id\":\"https:\/\/empresas.infoempleo.com\/hrtrends\/#logo\",\"inLanguage\":\"es\",\"url\":\"https:\/\/cdnazure.infoempleo.com\/infoempleo\/assets\/style\/gfx\/logo.svg\",\"contentUrl\":\"https:\/\/cdnazure.infoempleo.com\/infoempleo\/assets\/style\/gfx\/logo.svg\",\"width\":150,\"height\":40,\"caption\":\"Infoempleo\"},\"image\":{\"@id\":\"https:\/\/empresas.infoempleo.com\/hrtrends\/#logo\"},\"sameAs\":[\"https:\/\/www.facebook.com\/Infoempleo\",\"https:\/\/x.com\/infoempleo\",\"http:\/\/instagram.com\/infoempleo\/\",\"http:\/\/www.linkedin.com\/groups\/Empleo-Espa\u00f1a-Infoempleocom-111276\",\"http:\/\/pinterest.com\/infoempleo\/\"],\"address\":{\"@type\":\"PostalAddress\",\"addressLocality\":\"Madrid\",\"postalCode\":\"28050\",\"streetAddress\":\"Avenida de Burgos 114\"},\"brand\":[\"Infoempleo\"]},{\"@type\":\"Person\",\"@id\":\"https:\/\/empresas.infoempleo.com\/hrtrends\/#\/schema\/person\/b1dd51edbb566a47cd8f7513fa73d223\",\"name\":\"Adriana M.\",\"image\":{\"@type\":\"ImageObject\",\"inLanguage\":\"es\",\"@id\":\"https:\/\/empresas.infoempleo.com\/hrtrends\/#\/schema\/person\/image\/\",\"url\":\"https:\/\/secure.gravatar.com\/avatar\/243f7dd7e1db0ad0e9791be05df7d72ba5c8bf338408591753bae2fe87dae18d?s=96&d=mm&r=g\",\"contentUrl\":\"https:\/\/secure.gravatar.com\/avatar\/243f7dd7e1db0ad0e9791be05df7d72ba5c8bf338408591753bae2fe87dae18d?s=96&d=mm&r=g\",\"caption\":\"Adriana M.\"},\"description\":\"Periodista y experta en Comunicaci\u00f3n Audiovisual y Narrativa. Me encanta escribir y narrar lo que pasa a mi alrededor es mi pasi\u00f3n.\",\"url\":\"https:\/\/empresas.infoempleo.com\/hrtrends\/author\/adriana-kanvas\/\"}]}<\/script>\n<!-- \/ Yoast SEO plugin. -->","yoast_head_json":{"title":"Oficina verde: las ventajas que la hacen m\u00e1s productiva | HRTRENDS","description":"La oficina verde es una opci\u00f3n ecol\u00f3gica al espacio de trabajo que impacta positivamente en la empresa. Te contamos cu\u00e1les son sus ventajas","robots":{"index":"index","follow":"follow","max-snippet":"max-snippet:-1","max-image-preview":"max-image-preview:large","max-video-preview":"max-video-preview:-1"},"canonical":"https:\/\/empresas.infoempleo.com\/hrtrends\/oficina-verde-oficina-mas-productiva\/","og_locale":"es_ES","og_type":"article","og_title":"Oficina verde: las ventajas que la hacen m\u00e1s productiva | HRTRENDS","og_description":"La oficina verde es una opci\u00f3n ecol\u00f3gica al espacio de trabajo que impacta positivamente en la empresa. Te contamos cu\u00e1les son sus ventajas","og_url":"https:\/\/empresas.infoempleo.com\/hrtrends\/oficina-verde-oficina-mas-productiva\/","og_site_name":"HRTRENDS","article_publisher":"https:\/\/www.facebook.com\/Infoempleo","article_published_time":"2020-03-09T05:30:31+00:00","og_image":[{"width":980,"height":600,"url":"https:\/\/empresas.infoempleo.com\/hrtrends\/media\/2020\/02\/HRTrends-oficina-verde.jpg","type":"image\/jpeg"}],"author":"Adriana M.","twitter_card":"summary_large_image","twitter_creator":"@infoempleo","twitter_site":"@infoempleo","twitter_misc":{"Escrito por":"Adriana M.","Tiempo de lectura":"3 minutos"},"schema":{"@context":"https:\/\/schema.org","@graph":[{"@type":"NewsArticle","@id":"https:\/\/empresas.infoempleo.com\/hrtrends\/oficina-verde-oficina-mas-productiva\/#article","isPartOf":{"@id":"https:\/\/empresas.infoempleo.com\/hrtrends\/oficina-verde-oficina-mas-productiva\/"},"author":{"name":"Adriana M.","@id":"https:\/\/empresas.infoempleo.com\/hrtrends\/#\/schema\/person\/b1dd51edbb566a47cd8f7513fa73d223"},"headline":"Oficina verde, oficina m\u00e1s productiva","datePublished":"2020-03-09T05:30:31+00:00","mainEntityOfPage":{"@id":"https:\/\/empresas.infoempleo.com\/hrtrends\/oficina-verde-oficina-mas-productiva\/"},"wordCount":580,"publisher":{"@id":"https:\/\/empresas.infoempleo.com\/hrtrends\/#organization"},"image":{"@id":"https:\/\/empresas.infoempleo.com\/hrtrends\/oficina-verde-oficina-mas-productiva\/#primaryimage"},"thumbnailUrl":"https:\/\/empresas.infoempleo.com\/hrtrends\/media\/2020\/02\/HRTrends-oficina-verde.jpg","keywords":["oficina verde","sostenibilidad"],"articleSection":["Actualidad"],"inLanguage":"es","copyrightYear":"2020","copyrightHolder":{"@id":"https:\/\/empresas.infoempleo.com\/hrtrends\/#organization"}},{"@type":"WebPage","@id":"https:\/\/empresas.infoempleo.com\/hrtrends\/oficina-verde-oficina-mas-productiva\/","url":"https:\/\/empresas.infoempleo.com\/hrtrends\/oficina-verde-oficina-mas-productiva\/","name":"Oficina verde: las ventajas que la hacen m\u00e1s productiva | HRTRENDS","isPartOf":{"@id":"https:\/\/empresas.infoempleo.com\/hrtrends\/#website"},"primaryImageOfPage":{"@id":"https:\/\/empresas.infoempleo.com\/hrtrends\/oficina-verde-oficina-mas-productiva\/#primaryimage"},"image":{"@id":"https:\/\/empresas.infoempleo.com\/hrtrends\/oficina-verde-oficina-mas-productiva\/#primaryimage"},"thumbnailUrl":"https:\/\/empresas.infoempleo.com\/hrtrends\/media\/2020\/02\/HRTrends-oficina-verde.jpg","datePublished":"2020-03-09T05:30:31+00:00","description":"La oficina verde es una opci\u00f3n ecol\u00f3gica al espacio de trabajo que impacta positivamente en la empresa. Te contamos cu\u00e1les son sus ventajas","breadcrumb":{"@id":"https:\/\/empresas.infoempleo.com\/hrtrends\/oficina-verde-oficina-mas-productiva\/#breadcrumb"},"inLanguage":"es","potentialAction":[{"@type":"ReadAction","target":["https:\/\/empresas.infoempleo.com\/hrtrends\/oficina-verde-oficina-mas-productiva\/"]}]},{"@type":"ImageObject","inLanguage":"es","@id":"https:\/\/empresas.infoempleo.com\/hrtrends\/oficina-verde-oficina-mas-productiva\/#primaryimage","url":"https:\/\/empresas.infoempleo.com\/hrtrends\/media\/2020\/02\/HRTrends-oficina-verde-150x150.jpg","contentUrl":"https:\/\/empresas.infoempleo.com\/hrtrends\/media\/2020\/02\/HRTrends-oficina-verde-150x150.jpg","width":150,"height":150},{"@type":"BreadcrumbList","@id":"https:\/\/empresas.infoempleo.com\/hrtrends\/oficina-verde-oficina-mas-productiva\/#breadcrumb","itemListElement":[{"@type":"ListItem","position":1,"name":"Portada","item":"https:\/\/empresas.infoempleo.com\/hrtrends\/"},{"@type":"ListItem","position":2,"name":"Oficina verde, oficina m\u00e1s productiva"}]},{"@type":"WebSite","@id":"https:\/\/empresas.infoempleo.com\/hrtrends\/#website","url":"https:\/\/empresas.infoempleo.com\/hrtrends","name":"HRTrends by Infoempleo","description":"","publisher":{"@id":"https:\/\/empresas.infoempleo.com\/hrtrends\/#organization"},"potentialAction":{"@type":"SearchAction","target":"https:\/\/empresas.infoempleo.com\/hrtrends\/?s={search_term_string}","query-input":"required name=search_term_string"},"inLanguage":"es"},{"@type":"Organization","@id":"https:\/\/empresas.infoempleo.com\/hrtrends\/#organization","name":"Infoempleo","url":"https:\/\/www.infoempleo.com\/","logo":{"@type":"ImageObject","@id":"https:\/\/empresas.infoempleo.com\/hrtrends\/#logo","inLanguage":"es","url":"https:\/\/cdnazure.infoempleo.com\/infoempleo\/assets\/style\/gfx\/logo.svg","contentUrl":"https:\/\/cdnazure.infoempleo.com\/infoempleo\/assets\/style\/gfx\/logo.svg","width":150,"height":40,"caption":"Infoempleo"},"image":{"@id":"https:\/\/empresas.infoempleo.com\/hrtrends\/#logo"},"sameAs":["https:\/\/www.facebook.com\/Infoempleo","https:\/\/x.com\/infoempleo","http:\/\/instagram.com\/infoempleo\/","http:\/\/www.linkedin.com\/groups\/Empleo-Espa\u00f1a-Infoempleocom-111276","http:\/\/pinterest.com\/infoempleo\/"],"address":{"@type":"PostalAddress","addressLocality":"Madrid","postalCode":"28050","streetAddress":"Avenida de Burgos 114"},"brand":["Infoempleo"]},{"@type":"Person","@id":"https:\/\/empresas.infoempleo.com\/hrtrends\/#\/schema\/person\/b1dd51edbb566a47cd8f7513fa73d223","name":"Adriana M.","image":{"@type":"ImageObject","inLanguage":"es","@id":"https:\/\/empresas.infoempleo.com\/hrtrends\/#\/schema\/person\/image\/","url":"https:\/\/secure.gravatar.com\/avatar\/243f7dd7e1db0ad0e9791be05df7d72ba5c8bf338408591753bae2fe87dae18d?s=96&d=mm&r=g","contentUrl":"https:\/\/secure.gravatar.com\/avatar\/243f7dd7e1db0ad0e9791be05df7d72ba5c8bf338408591753bae2fe87dae18d?s=96&d=mm&r=g","caption":"Adriana M."},"description":"Periodista y experta en Comunicaci\u00f3n Audiovisual y Narrativa. Me encanta escribir y narrar lo que pasa a mi alrededor es mi pasi\u00f3n.","url":"https:\/\/empresas.infoempleo.com\/hrtrends\/author\/adriana-kanvas\/"}]}},"amp_enabled":true,"_links":{"self":[{"href":"https:\/\/empresas.infoempleo.com\/hrtrends\/wp-json\/wp\/v2\/posts\/37042","targetHints":{"allow":["GET"]}}],"collection":[{"href":"https:\/\/empresas.infoempleo.com\/hrtrends\/wp-json\/wp\/v2\/posts"}],"about":[{"href":"https:\/\/empresas.infoempleo.com\/hrtrends\/wp-json\/wp\/v2\/types\/post"}],"author":[{"embeddable":true,"href":"https:\/\/empresas.infoempleo.com\/hrtrends\/wp-json\/wp\/v2\/users\/122"}],"replies":[{"embeddable":true,"href":"https:\/\/empresas.infoempleo.com\/hrtrends\/wp-json\/wp\/v2\/comments?post=37042"}],"version-history":[{"count":6,"href":"https:\/\/empresas.infoempleo.com\/hrtrends\/wp-json\/wp\/v2\/posts\/37042\/revisions"}],"predecessor-version":[{"id":37050,"href":"https:\/\/empresas.infoempleo.com\/hrtrends\/wp-json\/wp\/v2\/posts\/37042\/revisions\/37050"}],"wp:featuredmedia":[{"embeddable":true,"href":"https:\/\/empresas.infoempleo.com\/hrtrends\/wp-json\/wp\/v2\/media\/37046"}],"wp:attachment":[{"href":"https:\/\/empresas.infoempleo.com\/hrtrends\/wp-json\/wp\/v2\/media?parent=37042"}],"wp:term":[{"taxonomy":"category","embeddable":true,"href":"https:\/\/empresas.infoempleo.com\/hrtrends\/wp-json\/wp\/v2\/categories?post=37042"},{"taxonomy":"post_tag","embeddable":true,"href":"https:\/\/empresas.infoempleo.com\/hrtrends\/wp-json\/wp\/v2\/tags?post=37042"}],"curies":[{"name":"wp","href":"https:\/\/api.w.org\/{rel}","templated":true}]}}