{"id":37026,"date":"2020-03-06T07:30:17","date_gmt":"2020-03-06T05:30:17","guid":{"rendered":"https:\/\/empresas.infoempleo.com\/hrtrends\/?p=37026"},"modified":"2020-03-13T15:41:17","modified_gmt":"2020-03-13T13:41:17","slug":"bienestar-de-los-empleados-y-productividad","status":"publish","type":"post","link":"https:\/\/empresas.infoempleo.com\/hrtrends\/bienestar-de-los-empleados-y-productividad\/","title":{"rendered":"C\u00f3mo afecta el bienestar de los empleados a la productividad"},"content":{"rendered":"<p><span style=\"font-weight: 400;\">Afortunadamente, <strong>cada vez es m\u00e1s f\u00e1cil encontrar empresas que tienen el<\/strong> <\/span><b>bienestar de sus empleados<\/b><span style=\"font-weight: 400;\"> en mente. Lo cierto es que la mayor\u00eda de las empresas ofrecen una gama de pol\u00edticas e intervenciones dise\u00f1adas para apoyar a los trabajadores, ya sea en lo que respecta a su carrera, su salud f\u00edsica y mental u otros factores que inciden en su bienestar general.<\/span><\/p>\n<h2>El bienestar de los empleados es un factor clave<\/h2>\n<p><span style=\"font-weight: 400;\">Es muy importante que existan <strong>propuestas para el <\/strong><\/span><strong>bienestar de los empleados<\/strong><span style=\"font-weight: 400;\"> en las empresas ya que, <strong>a pesar de los progresos<\/strong> que se han hecho en este tema, <strong>todav\u00eda existe una enorme brecha<\/strong> entre lo que los empleados desean y lo que las empresas ofrecen.<\/span><\/p>\n<p><span style=\"font-weight: 400;\">Por ejemplo, <strong>aunque muchas\u00a0organizaciones<\/strong> <strong>ya ofrecen<\/strong> a los empleados <strong>flexibilidad en cuanto a su horario <\/strong>de trabajo, es algo que <strong>los empleados del 86% de las organizaciones lo siguen deseando<\/strong>.\u00a0<\/span><\/p>\n<p><span style=\"font-weight: 400;\">Lamentablemente, esto es lo mejor que se puede hacer, ya que la mayor\u00eda de las otras ofertas de bienestar destacan la enorme brecha entre la oferta y la demanda. El <a href=\"http:\/\/blog.infoempleo.com\/a\/trabajar-desde-casa-ventajas-inconvenientes\/\" target=\"_blank\" rel=\"noopener noreferrer\"><strong>teletrabajo<\/strong><\/a>, por ejemplo, <strong>es algo que quiere el 70% de los empleados<\/strong>, pero que s\u00f3lo ofrece el 28% de las organizaciones.\u00a0<\/span><\/p>\n<p><span style=\"font-weight: 400;\">El <strong>60% de los empleados desear\u00eda contar con programas de apoyo a la salud mental<\/strong>, pero s\u00f3lo cuentan con ellos un 21% de las organizaciones. Mientras que a <strong>un 53% les gustar\u00eda tener servicio de guarder\u00eda,<\/strong> pero s\u00f3lo la ofrecen por un 8% de las compa\u00f1\u00edas.<\/span><\/p>\n<p><strong>Las empresas con personal sano y feliz cuentan con altos niveles de moral y productividad<\/strong> del personal y consiguen una saludable rentabilidad a largo plazo.<\/p>\n<h2>Consejos para mejorar el bienestar de los empleados<\/h2>\n<h3><img loading=\"lazy\" decoding=\"async\" class=\"aligncenter wp-image-37030 size-full\" title=\"HRTrends-bienestar-de-los-empleados-y-productividad\" src=\"https:\/\/empresas.infoempleo.com\/hrtrends\/media\/2020\/02\/HRTrends-bienestar-de-los-empleados-y-productividad.jpg\" alt=\"HRTrends-bienestar-de-los-empleados-y-productividad\" width=\"772\" height=\"453\" srcset=\"https:\/\/empresas.infoempleo.com\/hrtrends\/media\/2020\/02\/HRTrends-bienestar-de-los-empleados-y-productividad.jpg 772w, https:\/\/empresas.infoempleo.com\/hrtrends\/media\/2020\/02\/HRTrends-bienestar-de-los-empleados-y-productividad-300x176.jpg 300w, https:\/\/empresas.infoempleo.com\/hrtrends\/media\/2020\/02\/HRTrends-bienestar-de-los-empleados-y-productividad-768x451.jpg 768w\" sizes=\"auto, (max-width: 772px) 100vw, 772px\" \/><\/h3>\n<h3>Programas de acondicionamiento f\u00edsico en la oficina<\/h3>\n<p><span style=\"font-weight: 400;\">La actividad f\u00edsica es <strong>lo mejor para garantizar el equilibrio en la vida<\/strong> y mejorar la salud y la productividad laboral.\u00a0<\/span><\/p>\n<p><span style=\"font-weight: 400;\">Cualquier empresa puede aplicar esto, ya que <strong>existen muchas opciones<\/strong>; desde las mesas de pie a las clases de yoga guiadas, seminarios de manejo del estr\u00e9s o <\/span><a href=\"https:\/\/empresas.infoempleo.com\/hrtrends\/empresas-con-gimnasio\"><span style=\"font-weight: 400;\">centros de fitness<\/span><\/a><span style=\"font-weight: 400;\">, por ejemplo.<\/span><\/p>\n<h3>Opciones de trabajo flexibles<\/h3>\n<p><span style=\"font-weight: 400;\">No todo el mundo puede trabajar desde casa de forma efectiva. Pero para aquellos que lo pueden hacer, resulta en un gran aumento de la productividad y <strong>proporciona un descanso mental y emocional<\/strong> frente al agotador traslado diario a la oficina.\u00a0<\/span><\/p>\n<p><span style=\"font-weight: 400;\">Si es adecuado para tu ambiente de trabajo, dale a tus empleados la <strong>opci\u00f3n de<\/strong> <strong>trabajar desde casa un d\u00eda a la semana<\/strong>, y comprobar\u00e1s el <\/span><b>aumento en la productividad <\/b><span style=\"font-weight: 400;\">y la moral.\u00a0<\/span><\/p>\n<h3>Opciones de formaci\u00f3n en mindfulness<\/h3>\n<p><span style=\"font-weight: 400;\">La formaci\u00f3n en <\/span><i><span style=\"font-weight: 400;\">mindfulness <\/span><\/i><span style=\"font-weight: 400;\">es una gran herramienta <strong>para ayudar a tus empleados a<\/strong> <strong>reducir el estr\u00e9s<\/strong> y a sentirse equilibrados, pero tambi\u00e9n a aumentar la productividad y a centrarse en su trabajo diario.\u00a0<\/span><\/p>\n<p><span style=\"font-weight: 400;\">Las pr\u00e1cticas de mindfulness como la meditaci\u00f3n, la respiraci\u00f3n y el yoga <strong>contribuyen al<\/strong> <\/span><b>bienestar de tus empleados<\/b><span style=\"font-weight: 400;\"> y les ayuda a estar m\u00e1s presentes y a mejorar su eficiencia.\u00a0<\/span><\/p>\n<p><span style=\"font-weight: 400;\">La implementaci\u00f3n de <strong>un programa de mindfulness es un beneficio<\/strong> tanto para el empleado como para la empresa.\u00a0<\/span><\/p>\n<h3>Comida sana disponible<\/h3>\n<p><span style=\"font-weight: 400;\">Siempre se ha dicho que \u00abla comida es tu medicina\u00bb. Las cafeter\u00edas corporativas deber\u00edan <strong>garantizar el acceso a alimentos saludables<\/strong>, sin procesar, a un coste moderado.\u00a0<\/span><\/p>\n<p><span style=\"font-weight: 400;\">Adem\u00e1s, un <strong>programa de<\/strong> <\/span><b>bienestar de empleados <\/b><span style=\"font-weight: 400;\">integral puede ense\u00f1ar c\u00f3mo comer sano y proporcionar un feedback proactivo sobre la salud y la dieta.\u00a0<\/span><\/p>\n<p><span style=\"font-weight: 400;\">En definitiva, si apuestas fuerte por el<\/span> bienestar de tus empleados<span style=\"font-weight: 400;\"> y aplicas estos consejos, conseguir\u00e1s casi sin darte cuenta apostar fuerte por la productividad de tu empresa.<\/span><\/p>\n","protected":false},"excerpt":{"rendered":"<p>Afortunadamente, cada vez es m\u00e1s f\u00e1cil encontrar empresas que tienen el bienestar de sus empleados en mente. Lo<a class=\"moretag\" href=\"https:\/\/empresas.infoempleo.com\/hrtrends\/bienestar-de-los-empleados-y-productividad\/\"> Leer m\u00e1s<\/a><\/p>\n","protected":false},"author":122,"featured_media":37029,"comment_status":"closed","ping_status":"closed","sticky":false,"template":"","format":"standard","meta":{"footnotes":""},"categories":[3035],"tags":[2314,2286,3331],"class_list":["post-37026","post","type-post","status-publish","format-standard","has-post-thumbnail","hentry","category-consejos","tag-ambiente-laboral","tag-bienestar","tag-empresas-saludables"],"yoast_head":"<!-- This site is optimized with the Yoast SEO plugin v26.1.1 - https:\/\/yoast.com\/wordpress\/plugins\/seo\/ -->\n<title>Bienestar de los empleados: qu\u00e9 impacto tiene en la productividad | HRTRENDS<\/title>\n<meta name=\"description\" content=\"El bienestar de los empleados es un factor clave que tiene un importante impacto en la productividad de la empresa. Te explicamos c\u00f3mo mejorarlo.\" \/>\n<meta name=\"robots\" content=\"index, follow, max-snippet:-1, max-image-preview:large, max-video-preview:-1\" \/>\n<link rel=\"canonical\" href=\"https:\/\/empresas.infoempleo.com\/hrtrends\/bienestar-de-los-empleados-y-productividad\/\" \/>\n<meta property=\"og:locale\" content=\"es_ES\" \/>\n<meta property=\"og:type\" content=\"article\" \/>\n<meta property=\"og:title\" content=\"Bienestar de los empleados: qu\u00e9 impacto tiene en la productividad | HRTRENDS\" \/>\n<meta property=\"og:description\" content=\"El bienestar de los empleados es un factor clave que tiene un importante impacto en la productividad de la empresa. Te explicamos c\u00f3mo mejorarlo.\" \/>\n<meta property=\"og:url\" content=\"https:\/\/empresas.infoempleo.com\/hrtrends\/bienestar-de-los-empleados-y-productividad\/\" \/>\n<meta property=\"og:site_name\" content=\"HRTRENDS\" \/>\n<meta property=\"article:publisher\" content=\"https:\/\/www.facebook.com\/Infoempleo\" \/>\n<meta property=\"article:published_time\" content=\"2020-03-06T05:30:17+00:00\" \/>\n<meta property=\"article:modified_time\" content=\"2020-03-13T13:41:17+00:00\" \/>\n<meta property=\"og:image\" content=\"https:\/\/empresas.infoempleo.com\/hrtrends\/media\/2020\/02\/HRTrends-beneficios-que-tiene-para-la-empresa-apostar-por-el-bienestar-de-sus-empleados.jpg\" \/>\n\t<meta property=\"og:image:width\" content=\"980\" \/>\n\t<meta property=\"og:image:height\" content=\"600\" \/>\n\t<meta property=\"og:image:type\" content=\"image\/jpeg\" \/>\n<meta name=\"author\" content=\"Adriana M.\" \/>\n<meta name=\"twitter:card\" content=\"summary_large_image\" \/>\n<meta name=\"twitter:creator\" content=\"@infoempleo\" \/>\n<meta name=\"twitter:site\" content=\"@infoempleo\" \/>\n<meta name=\"twitter:label1\" content=\"Escrito por\" \/>\n\t<meta name=\"twitter:data1\" content=\"Adriana M.\" \/>\n\t<meta name=\"twitter:label2\" content=\"Tiempo de lectura\" \/>\n\t<meta name=\"twitter:data2\" content=\"3 minutos\" \/>\n<script type=\"application\/ld+json\" class=\"yoast-schema-graph\">{\"@context\":\"https:\/\/schema.org\",\"@graph\":[{\"@type\":\"NewsArticle\",\"@id\":\"https:\/\/empresas.infoempleo.com\/hrtrends\/bienestar-de-los-empleados-y-productividad\/#article\",\"isPartOf\":{\"@id\":\"https:\/\/empresas.infoempleo.com\/hrtrends\/bienestar-de-los-empleados-y-productividad\/\"},\"author\":{\"name\":\"Adriana M.\",\"@id\":\"https:\/\/empresas.infoempleo.com\/hrtrends\/#\/schema\/person\/b1dd51edbb566a47cd8f7513fa73d223\"},\"headline\":\"C\u00f3mo afecta el bienestar de los empleados a la productividad\",\"datePublished\":\"2020-03-06T05:30:17+00:00\",\"dateModified\":\"2020-03-13T13:41:17+00:00\",\"mainEntityOfPage\":{\"@id\":\"https:\/\/empresas.infoempleo.com\/hrtrends\/bienestar-de-los-empleados-y-productividad\/\"},\"wordCount\":624,\"publisher\":{\"@id\":\"https:\/\/empresas.infoempleo.com\/hrtrends\/#organization\"},\"image\":{\"@id\":\"https:\/\/empresas.infoempleo.com\/hrtrends\/bienestar-de-los-empleados-y-productividad\/#primaryimage\"},\"thumbnailUrl\":\"https:\/\/empresas.infoempleo.com\/hrtrends\/media\/2020\/02\/HRTrends-beneficios-que-tiene-para-la-empresa-apostar-por-el-bienestar-de-sus-empleados.jpg\",\"keywords\":[\"ambiente laboral\",\"bienestar\",\"empresas saludables\"],\"articleSection\":[\"Consejos\"],\"inLanguage\":\"es\",\"copyrightYear\":\"2020\",\"copyrightHolder\":{\"@id\":\"https:\/\/empresas.infoempleo.com\/hrtrends\/#organization\"}},{\"@type\":\"WebPage\",\"@id\":\"https:\/\/empresas.infoempleo.com\/hrtrends\/bienestar-de-los-empleados-y-productividad\/\",\"url\":\"https:\/\/empresas.infoempleo.com\/hrtrends\/bienestar-de-los-empleados-y-productividad\/\",\"name\":\"Bienestar de los empleados: qu\u00e9 impacto tiene en la productividad | HRTRENDS\",\"isPartOf\":{\"@id\":\"https:\/\/empresas.infoempleo.com\/hrtrends\/#website\"},\"primaryImageOfPage\":{\"@id\":\"https:\/\/empresas.infoempleo.com\/hrtrends\/bienestar-de-los-empleados-y-productividad\/#primaryimage\"},\"image\":{\"@id\":\"https:\/\/empresas.infoempleo.com\/hrtrends\/bienestar-de-los-empleados-y-productividad\/#primaryimage\"},\"thumbnailUrl\":\"https:\/\/empresas.infoempleo.com\/hrtrends\/media\/2020\/02\/HRTrends-beneficios-que-tiene-para-la-empresa-apostar-por-el-bienestar-de-sus-empleados.jpg\",\"datePublished\":\"2020-03-06T05:30:17+00:00\",\"dateModified\":\"2020-03-13T13:41:17+00:00\",\"description\":\"El bienestar de los empleados es un factor clave que tiene un importante impacto en la productividad de la empresa. Te explicamos c\u00f3mo mejorarlo.\",\"breadcrumb\":{\"@id\":\"https:\/\/empresas.infoempleo.com\/hrtrends\/bienestar-de-los-empleados-y-productividad\/#breadcrumb\"},\"inLanguage\":\"es\",\"potentialAction\":[{\"@type\":\"ReadAction\",\"target\":[\"https:\/\/empresas.infoempleo.com\/hrtrends\/bienestar-de-los-empleados-y-productividad\/\"]}]},{\"@type\":\"ImageObject\",\"inLanguage\":\"es\",\"@id\":\"https:\/\/empresas.infoempleo.com\/hrtrends\/bienestar-de-los-empleados-y-productividad\/#primaryimage\",\"url\":\"https:\/\/empresas.infoempleo.com\/hrtrends\/media\/2020\/02\/HRTrends-beneficios-que-tiene-para-la-empresa-apostar-por-el-bienestar-de-sus-empleados-150x150.jpg\",\"contentUrl\":\"https:\/\/empresas.infoempleo.com\/hrtrends\/media\/2020\/02\/HRTrends-beneficios-que-tiene-para-la-empresa-apostar-por-el-bienestar-de-sus-empleados-150x150.jpg\",\"width\":150,\"height\":150},{\"@type\":\"BreadcrumbList\",\"@id\":\"https:\/\/empresas.infoempleo.com\/hrtrends\/bienestar-de-los-empleados-y-productividad\/#breadcrumb\",\"itemListElement\":[{\"@type\":\"ListItem\",\"position\":1,\"name\":\"Portada\",\"item\":\"https:\/\/empresas.infoempleo.com\/hrtrends\/\"},{\"@type\":\"ListItem\",\"position\":2,\"name\":\"C\u00f3mo afecta el bienestar de los empleados a la productividad\"}]},{\"@type\":\"WebSite\",\"@id\":\"https:\/\/empresas.infoempleo.com\/hrtrends\/#website\",\"url\":\"https:\/\/empresas.infoempleo.com\/hrtrends\",\"name\":\"HRTrends by Infoempleo\",\"description\":\"\",\"publisher\":{\"@id\":\"https:\/\/empresas.infoempleo.com\/hrtrends\/#organization\"},\"potentialAction\":{\"@type\":\"SearchAction\",\"target\":\"https:\/\/empresas.infoempleo.com\/hrtrends\/?s={search_term_string}\",\"query-input\":\"required name=search_term_string\"},\"inLanguage\":\"es\"},{\"@type\":\"Organization\",\"@id\":\"https:\/\/empresas.infoempleo.com\/hrtrends\/#organization\",\"name\":\"Infoempleo\",\"url\":\"https:\/\/www.infoempleo.com\/\",\"logo\":{\"@type\":\"ImageObject\",\"@id\":\"https:\/\/empresas.infoempleo.com\/hrtrends\/#logo\",\"inLanguage\":\"es\",\"url\":\"https:\/\/cdnazure.infoempleo.com\/infoempleo\/assets\/style\/gfx\/logo.svg\",\"contentUrl\":\"https:\/\/cdnazure.infoempleo.com\/infoempleo\/assets\/style\/gfx\/logo.svg\",\"width\":150,\"height\":40,\"caption\":\"Infoempleo\"},\"image\":{\"@id\":\"https:\/\/empresas.infoempleo.com\/hrtrends\/#logo\"},\"sameAs\":[\"https:\/\/www.facebook.com\/Infoempleo\",\"https:\/\/x.com\/infoempleo\",\"http:\/\/instagram.com\/infoempleo\/\",\"http:\/\/www.linkedin.com\/groups\/Empleo-Espa\u00f1a-Infoempleocom-111276\",\"http:\/\/pinterest.com\/infoempleo\/\"],\"address\":{\"@type\":\"PostalAddress\",\"addressLocality\":\"Madrid\",\"postalCode\":\"28050\",\"streetAddress\":\"Avenida de Burgos 114\"},\"brand\":[\"Infoempleo\"]},{\"@type\":\"Person\",\"@id\":\"https:\/\/empresas.infoempleo.com\/hrtrends\/#\/schema\/person\/b1dd51edbb566a47cd8f7513fa73d223\",\"name\":\"Adriana M.\",\"image\":{\"@type\":\"ImageObject\",\"inLanguage\":\"es\",\"@id\":\"https:\/\/empresas.infoempleo.com\/hrtrends\/#\/schema\/person\/image\/\",\"url\":\"https:\/\/secure.gravatar.com\/avatar\/243f7dd7e1db0ad0e9791be05df7d72ba5c8bf338408591753bae2fe87dae18d?s=96&d=mm&r=g\",\"contentUrl\":\"https:\/\/secure.gravatar.com\/avatar\/243f7dd7e1db0ad0e9791be05df7d72ba5c8bf338408591753bae2fe87dae18d?s=96&d=mm&r=g\",\"caption\":\"Adriana M.\"},\"description\":\"Periodista y experta en Comunicaci\u00f3n Audiovisual y Narrativa. Me encanta escribir y narrar lo que pasa a mi alrededor es mi pasi\u00f3n.\",\"url\":\"https:\/\/empresas.infoempleo.com\/hrtrends\/author\/adriana-kanvas\/\"}]}<\/script>\n<!-- \/ Yoast SEO plugin. -->","yoast_head_json":{"title":"Bienestar de los empleados: qu\u00e9 impacto tiene en la productividad | HRTRENDS","description":"El bienestar de los empleados es un factor clave que tiene un importante impacto en la productividad de la empresa. Te explicamos c\u00f3mo mejorarlo.","robots":{"index":"index","follow":"follow","max-snippet":"max-snippet:-1","max-image-preview":"max-image-preview:large","max-video-preview":"max-video-preview:-1"},"canonical":"https:\/\/empresas.infoempleo.com\/hrtrends\/bienestar-de-los-empleados-y-productividad\/","og_locale":"es_ES","og_type":"article","og_title":"Bienestar de los empleados: qu\u00e9 impacto tiene en la productividad | HRTRENDS","og_description":"El bienestar de los empleados es un factor clave que tiene un importante impacto en la productividad de la empresa. Te explicamos c\u00f3mo mejorarlo.","og_url":"https:\/\/empresas.infoempleo.com\/hrtrends\/bienestar-de-los-empleados-y-productividad\/","og_site_name":"HRTRENDS","article_publisher":"https:\/\/www.facebook.com\/Infoempleo","article_published_time":"2020-03-06T05:30:17+00:00","article_modified_time":"2020-03-13T13:41:17+00:00","og_image":[{"width":980,"height":600,"url":"https:\/\/empresas.infoempleo.com\/hrtrends\/media\/2020\/02\/HRTrends-beneficios-que-tiene-para-la-empresa-apostar-por-el-bienestar-de-sus-empleados.jpg","type":"image\/jpeg"}],"author":"Adriana M.","twitter_card":"summary_large_image","twitter_creator":"@infoempleo","twitter_site":"@infoempleo","twitter_misc":{"Escrito por":"Adriana M.","Tiempo de lectura":"3 minutos"},"schema":{"@context":"https:\/\/schema.org","@graph":[{"@type":"NewsArticle","@id":"https:\/\/empresas.infoempleo.com\/hrtrends\/bienestar-de-los-empleados-y-productividad\/#article","isPartOf":{"@id":"https:\/\/empresas.infoempleo.com\/hrtrends\/bienestar-de-los-empleados-y-productividad\/"},"author":{"name":"Adriana M.","@id":"https:\/\/empresas.infoempleo.com\/hrtrends\/#\/schema\/person\/b1dd51edbb566a47cd8f7513fa73d223"},"headline":"C\u00f3mo afecta el bienestar de los empleados a la productividad","datePublished":"2020-03-06T05:30:17+00:00","dateModified":"2020-03-13T13:41:17+00:00","mainEntityOfPage":{"@id":"https:\/\/empresas.infoempleo.com\/hrtrends\/bienestar-de-los-empleados-y-productividad\/"},"wordCount":624,"publisher":{"@id":"https:\/\/empresas.infoempleo.com\/hrtrends\/#organization"},"image":{"@id":"https:\/\/empresas.infoempleo.com\/hrtrends\/bienestar-de-los-empleados-y-productividad\/#primaryimage"},"thumbnailUrl":"https:\/\/empresas.infoempleo.com\/hrtrends\/media\/2020\/02\/HRTrends-beneficios-que-tiene-para-la-empresa-apostar-por-el-bienestar-de-sus-empleados.jpg","keywords":["ambiente laboral","bienestar","empresas saludables"],"articleSection":["Consejos"],"inLanguage":"es","copyrightYear":"2020","copyrightHolder":{"@id":"https:\/\/empresas.infoempleo.com\/hrtrends\/#organization"}},{"@type":"WebPage","@id":"https:\/\/empresas.infoempleo.com\/hrtrends\/bienestar-de-los-empleados-y-productividad\/","url":"https:\/\/empresas.infoempleo.com\/hrtrends\/bienestar-de-los-empleados-y-productividad\/","name":"Bienestar de los empleados: qu\u00e9 impacto tiene en la productividad | HRTRENDS","isPartOf":{"@id":"https:\/\/empresas.infoempleo.com\/hrtrends\/#website"},"primaryImageOfPage":{"@id":"https:\/\/empresas.infoempleo.com\/hrtrends\/bienestar-de-los-empleados-y-productividad\/#primaryimage"},"image":{"@id":"https:\/\/empresas.infoempleo.com\/hrtrends\/bienestar-de-los-empleados-y-productividad\/#primaryimage"},"thumbnailUrl":"https:\/\/empresas.infoempleo.com\/hrtrends\/media\/2020\/02\/HRTrends-beneficios-que-tiene-para-la-empresa-apostar-por-el-bienestar-de-sus-empleados.jpg","datePublished":"2020-03-06T05:30:17+00:00","dateModified":"2020-03-13T13:41:17+00:00","description":"El bienestar de los empleados es un factor clave que tiene un importante impacto en la productividad de la empresa. Te explicamos c\u00f3mo mejorarlo.","breadcrumb":{"@id":"https:\/\/empresas.infoempleo.com\/hrtrends\/bienestar-de-los-empleados-y-productividad\/#breadcrumb"},"inLanguage":"es","potentialAction":[{"@type":"ReadAction","target":["https:\/\/empresas.infoempleo.com\/hrtrends\/bienestar-de-los-empleados-y-productividad\/"]}]},{"@type":"ImageObject","inLanguage":"es","@id":"https:\/\/empresas.infoempleo.com\/hrtrends\/bienestar-de-los-empleados-y-productividad\/#primaryimage","url":"https:\/\/empresas.infoempleo.com\/hrtrends\/media\/2020\/02\/HRTrends-beneficios-que-tiene-para-la-empresa-apostar-por-el-bienestar-de-sus-empleados-150x150.jpg","contentUrl":"https:\/\/empresas.infoempleo.com\/hrtrends\/media\/2020\/02\/HRTrends-beneficios-que-tiene-para-la-empresa-apostar-por-el-bienestar-de-sus-empleados-150x150.jpg","width":150,"height":150},{"@type":"BreadcrumbList","@id":"https:\/\/empresas.infoempleo.com\/hrtrends\/bienestar-de-los-empleados-y-productividad\/#breadcrumb","itemListElement":[{"@type":"ListItem","position":1,"name":"Portada","item":"https:\/\/empresas.infoempleo.com\/hrtrends\/"},{"@type":"ListItem","position":2,"name":"C\u00f3mo afecta el bienestar de los empleados a la productividad"}]},{"@type":"WebSite","@id":"https:\/\/empresas.infoempleo.com\/hrtrends\/#website","url":"https:\/\/empresas.infoempleo.com\/hrtrends","name":"HRTrends by Infoempleo","description":"","publisher":{"@id":"https:\/\/empresas.infoempleo.com\/hrtrends\/#organization"},"potentialAction":{"@type":"SearchAction","target":"https:\/\/empresas.infoempleo.com\/hrtrends\/?s={search_term_string}","query-input":"required name=search_term_string"},"inLanguage":"es"},{"@type":"Organization","@id":"https:\/\/empresas.infoempleo.com\/hrtrends\/#organization","name":"Infoempleo","url":"https:\/\/www.infoempleo.com\/","logo":{"@type":"ImageObject","@id":"https:\/\/empresas.infoempleo.com\/hrtrends\/#logo","inLanguage":"es","url":"https:\/\/cdnazure.infoempleo.com\/infoempleo\/assets\/style\/gfx\/logo.svg","contentUrl":"https:\/\/cdnazure.infoempleo.com\/infoempleo\/assets\/style\/gfx\/logo.svg","width":150,"height":40,"caption":"Infoempleo"},"image":{"@id":"https:\/\/empresas.infoempleo.com\/hrtrends\/#logo"},"sameAs":["https:\/\/www.facebook.com\/Infoempleo","https:\/\/x.com\/infoempleo","http:\/\/instagram.com\/infoempleo\/","http:\/\/www.linkedin.com\/groups\/Empleo-Espa\u00f1a-Infoempleocom-111276","http:\/\/pinterest.com\/infoempleo\/"],"address":{"@type":"PostalAddress","addressLocality":"Madrid","postalCode":"28050","streetAddress":"Avenida de Burgos 114"},"brand":["Infoempleo"]},{"@type":"Person","@id":"https:\/\/empresas.infoempleo.com\/hrtrends\/#\/schema\/person\/b1dd51edbb566a47cd8f7513fa73d223","name":"Adriana M.","image":{"@type":"ImageObject","inLanguage":"es","@id":"https:\/\/empresas.infoempleo.com\/hrtrends\/#\/schema\/person\/image\/","url":"https:\/\/secure.gravatar.com\/avatar\/243f7dd7e1db0ad0e9791be05df7d72ba5c8bf338408591753bae2fe87dae18d?s=96&d=mm&r=g","contentUrl":"https:\/\/secure.gravatar.com\/avatar\/243f7dd7e1db0ad0e9791be05df7d72ba5c8bf338408591753bae2fe87dae18d?s=96&d=mm&r=g","caption":"Adriana M."},"description":"Periodista y experta en Comunicaci\u00f3n Audiovisual y Narrativa. Me encanta escribir y narrar lo que pasa a mi alrededor es mi pasi\u00f3n.","url":"https:\/\/empresas.infoempleo.com\/hrtrends\/author\/adriana-kanvas\/"}]}},"amp_enabled":true,"_links":{"self":[{"href":"https:\/\/empresas.infoempleo.com\/hrtrends\/wp-json\/wp\/v2\/posts\/37026","targetHints":{"allow":["GET"]}}],"collection":[{"href":"https:\/\/empresas.infoempleo.com\/hrtrends\/wp-json\/wp\/v2\/posts"}],"about":[{"href":"https:\/\/empresas.infoempleo.com\/hrtrends\/wp-json\/wp\/v2\/types\/post"}],"author":[{"embeddable":true,"href":"https:\/\/empresas.infoempleo.com\/hrtrends\/wp-json\/wp\/v2\/users\/122"}],"replies":[{"embeddable":true,"href":"https:\/\/empresas.infoempleo.com\/hrtrends\/wp-json\/wp\/v2\/comments?post=37026"}],"version-history":[{"count":5,"href":"https:\/\/empresas.infoempleo.com\/hrtrends\/wp-json\/wp\/v2\/posts\/37026\/revisions"}],"predecessor-version":[{"id":37033,"href":"https:\/\/empresas.infoempleo.com\/hrtrends\/wp-json\/wp\/v2\/posts\/37026\/revisions\/37033"}],"wp:featuredmedia":[{"embeddable":true,"href":"https:\/\/empresas.infoempleo.com\/hrtrends\/wp-json\/wp\/v2\/media\/37029"}],"wp:attachment":[{"href":"https:\/\/empresas.infoempleo.com\/hrtrends\/wp-json\/wp\/v2\/media?parent=37026"}],"wp:term":[{"taxonomy":"category","embeddable":true,"href":"https:\/\/empresas.infoempleo.com\/hrtrends\/wp-json\/wp\/v2\/categories?post=37026"},{"taxonomy":"post_tag","embeddable":true,"href":"https:\/\/empresas.infoempleo.com\/hrtrends\/wp-json\/wp\/v2\/tags?post=37026"}],"curies":[{"name":"wp","href":"https:\/\/api.w.org\/{rel}","templated":true}]}}