{"id":36888,"date":"2020-02-04T07:30:22","date_gmt":"2020-02-04T05:30:22","guid":{"rendered":"https:\/\/empresas.infoempleo.com\/hrtrends\/?p=36888"},"modified":"2023-03-13T19:03:18","modified_gmt":"2023-03-13T17:03:18","slug":"tecnologia-inteligencia-artificial-en-empresas-espanolas","status":"publish","type":"post","link":"https:\/\/empresas.infoempleo.com\/hrtrends\/tecnologia-inteligencia-artificial-en-empresas-espanolas\/","title":{"rendered":"Las empresas espa\u00f1olas solo consiguen un \u201caprobado\u201d en tecnolog\u00eda e inteligencia artificial"},"content":{"rendered":"<p>Las <strong>m\u00e1quinas har\u00e1n las tareas aburridas<\/strong> y repetitivas y los humanos <strong>nos dedicaremos a crear, a experimentar, a investigar, a superarnos en disciplinas deportivas <\/strong>o a disfrutar de estar con los nuestros. Esta es la cara positiva frente a la cruz de las suspicacias que despierta la <strong>Inteligencia Artificial (IA) como sustituta de la fuerza del trabajo<\/strong>. Un competidor imbatible frente a determinadas capacidades humanas. La cuesti\u00f3n es que <strong>la implantaci\u00f3n de la IA est\u00e1 suponiendo un desaf\u00edo<\/strong> tanto a nivel global como en las empresas de nuestro pa\u00eds.<\/p>\n<p><!--more--><\/p>\n<h2>\u00bfQu\u00e9 presencia tiene la Inteligencia Artificial?<\/h2>\n<p>En el marco de la <strong>reuni\u00f3n de l\u00edderes<\/strong> que cada a\u00f1o se encuentran en la ciudad suiza de <strong>Davos<\/strong>, para tomar la temperatura a la econom\u00eda mundial, <em>Adecco Group Institute<\/em>, la escuela de negocios <em>Insead<\/em> y <em>Google<\/em> <strong>presentaron el \u00cdndice de Competitividad por el Talento Global<\/strong> (GTCI, seg\u00fan sus siglas en ingl\u00e9s).<\/p>\n<p>Esta herramienta pretende medir la<strong> capacidad que tienen los diferentes pa\u00edses de gestionar el talento en sus empresas<\/strong>. Poniendo el foco en cuatro aspectos: la facilitaci\u00f3n, atracci\u00f3n, crecimiento y la retenci\u00f3n de profesionales competentes.<\/p>\n<h2>Puntos en los que destacamos<\/h2>\n<p>Para destilar los datos que dan como resultado este \u00edndice <strong>se analizan variables<\/strong> que representan diferentes \u00e1mbitos dentro del mundo laboral. Desde el<strong> grado de idoneidad de la gesti\u00f3n de la formaci\u00f3n<\/strong> en los centros de estudio, la diversidad del mundo laboral en cuanto a la <strong>incorporaci\u00f3n de personas migrantes, <\/strong>el grado en la <strong>igualdad de g\u00e9nero<\/strong> o la <strong>introducci\u00f3n de robots como medios de producci\u00f3n<\/strong>.<\/p>\n<p>Teniendo como referencia este \u00edndice, <strong>el estudio elabora diferentes rankings <\/strong>que jerarquizan a los pa\u00edses seg\u00fan se ponga el foco en uno u otro \u00e1mbito. Espa\u00f1a consigue una puntuaci\u00f3n de 55,70 puntos sobre 100, mejorando ligeramente su dato respecto a 2019. Lo que significa que<strong> se posiciona en el n\u00famero 32 de 132 pa\u00edses analizados.<\/strong><\/p>\n<p><strong>Espa\u00f1a<\/strong> <strong>destaca <\/strong>especialmente en la <strong>gesti\u00f3n de los centros p\u00fablicos educativos<\/strong>, el n\u00famero de<strong> estudiantes universitarios<\/strong>, la buena <strong>integraci\u00f3n de las personas migrantes<\/strong> y en sus <strong>actitudes respetuosas con el medio ambiente<\/strong>.<\/p>\n<p><img loading=\"lazy\" decoding=\"async\" class=\"wp-image-36901 aligncenter\" title=\"HRTrends_Tecnolog\u00eda-capacitaci\u00f3n-talento\" src=\"https:\/\/empresas.infoempleo.com\/hrtrends\/media\/2020\/02\/HRTrends_Tecnolog\u00eda-capataci\u00f3n-talento.jpg\" alt=\"HRTrends_Tecnolog\u00eda-capacitaci\u00f3n-talento\" width=\"800\" height=\"421\" srcset=\"https:\/\/empresas.infoempleo.com\/hrtrends\/media\/2020\/02\/HRTrends_Tecnolog\u00eda-capataci\u00f3n-talento.jpg 881w, https:\/\/empresas.infoempleo.com\/hrtrends\/media\/2020\/02\/HRTrends_Tecnolog\u00eda-capataci\u00f3n-talento-300x158.jpg 300w, https:\/\/empresas.infoempleo.com\/hrtrends\/media\/2020\/02\/HRTrends_Tecnolog\u00eda-capataci\u00f3n-talento-768x404.jpg 768w\" sizes=\"auto, (max-width: 800px) 100vw, 800px\" \/><\/p>\n<h2>\u00bfEn qu\u00e9 podr\u00edamos mejorar?<\/h2>\n<p>Sin embargo, seg\u00fan el \u00edndice, en Espa\u00f1a hay todav\u00eda<strong> mucho recorrido de mejora en cuanto al uso de la tecnolog\u00eda en las empresas<\/strong>. En esta variable, en concreto, hace que nuestro pais baje hasta el puesto 47. Aunque tambi\u00e9n hay algunos <strong>buenos datos<\/strong> en este terreno y es que ocupa el<strong> n\u00famero 14 en la implantaci\u00f3n de robots<\/strong>.<\/p>\n<p>Con una <strong>brecha de g\u00e9nero<\/strong> cercana al 24%, seg\u00fan datos del sindicato UGT, el informe tambi\u00e9n da cuenta de esta <strong>grave desigualdad<\/strong> entre hombres y mujeres en el \u00e1mbito laboral con el <strong>descalabro en las puntuaciones de nuestro pa\u00eds en <\/strong><a href=\"https:\/\/empresas.infoempleo.com\/hrtrends\/informe-empleo-it-y-mujer\/\"><strong>oportunidades directivas para mujeres<\/strong><\/a>. Con este resultado, se desploma hasta el puesto 118 (de 132), el peor dato de todas las caracter\u00edsticas analizadas.<\/p>\n<h2>La importancia de la Inteligencia Artificial<\/h2>\n<p>El estudio dedica un cap\u00edtulo especial a la<strong> incorporaci\u00f3n de la IA al trabajo<\/strong>. Se incide en la <strong>importancia en la colaboraci\u00f3n humano-m\u00e1quina <\/strong>para un despliegue sin precedentes del avance tecnol\u00f3gico. Esto requerir\u00eda de la <strong><a href=\"https:\/\/empresas.infoempleo.com\/hrtrends\/competencias-digitales-basicas\/\">capacitaci\u00f3n en materia digital de los trabajadores<\/a><\/strong> para hacer posible esta asociaci\u00f3n.<\/p>\n<p>El camino ser\u00e1 largo porque <strong>la brecha tecnol\u00f3gica entre los pa\u00edses m\u00e1s avanzados y el resto se agranda<\/strong>. Para tratar de adelgazarla, desde Adecco hacen una interesante propuesta. El consejero delegado del grupo, Alain Dehaze anuncia que \u201c<em>el Grupo Adecco se compromete a mejorar las habilidades y a reciclar a cinco millones de personas en todo el mundo para el a\u00f1o 2030, equipando a los individuos con futuras habilidades que les permitir\u00e1n prosperar en la era de la IA<\/em>\u201d.<\/p>\n<h2>Cuatro ciudades destacan en retenci\u00f3n del talento<\/h2>\n<p>La capacidad que tengan las diferentes zonas geogr\u00e1ficas para <a href=\"https:\/\/empresas.infoempleo.com\/hrtrends\/como-se-utiliza-la-inteligencia-artificial-en-los-procesos-de-seleccion\/\"><strong>incorporar la inteligencia artificial a las tareas relacionadas con la retenci\u00f3n del talento<\/strong><\/a> ser\u00e1 lo que las distinga en el futuro. De momento, hay cuatro ciudades espa\u00f1olas que despuntan en la gesti\u00f3n de capital humano. Estas ciudades son: Madrid, en el n\u00famero 24, Barcelona en el 28, Bilbao (83) y Zaragoza (90).<\/p>\n<p>El estudio concluye que, para que la <strong>colaboraci\u00f3n de los seres humanos con la inteligencia artificial<\/strong> sea un \u00e9xito, se debe empezar por <strong>construir los aspectos positivo de esta simbiosis<\/strong>. La asociaci\u00f3n de mentes humanas y artificiales <strong>mejorar\u00e1 el desempe\u00f1o<\/strong> de forma exponencial, <strong>el trabajo ser\u00e1 m\u00e1s estimulante<\/strong> y mejorar\u00e1 el empleo del tiempo.<\/p>\n<p>Si te interesa conocer m\u00e1s sobre este estudio <a href=\"https:\/\/www.adeccoinstitute.es\/informes\/espana-experimenta-un-ligero-ascenso-en-el-gtci-2020\/\" target=\"_blank\" rel=\"noopener noreferrer\">aqu\u00ed puedes consultar todos los datos<\/a>.<\/p>\n","protected":false},"excerpt":{"rendered":"<p>Las m\u00e1quinas har\u00e1n las tareas aburridas y repetitivas y los humanos nos dedicaremos a crear, a experimentar, a<a class=\"moretag\" href=\"https:\/\/empresas.infoempleo.com\/hrtrends\/tecnologia-inteligencia-artificial-en-empresas-espanolas\/\"> Leer m\u00e1s<\/a><\/p>\n","protected":false},"author":29,"featured_media":36890,"comment_status":"closed","ping_status":"closed","sticky":false,"template":"","format":"standard","meta":{"footnotes":""},"categories":[3],"tags":[2403,3339,855],"class_list":["post-36888","post","type-post","status-publish","format-standard","has-post-thumbnail","hentry","category-actualidad","tag-empleo-futuro","tag-gestion-del-talento","tag-tecnologias"],"yoast_head":"<!-- This site is optimized with the Yoast SEO plugin v26.1.1 - https:\/\/yoast.com\/wordpress\/plugins\/seo\/ -->\n<title>Las empresas espa\u00f1olas solo consiguen un \u201caprobado\u201d en tecnolog\u00eda e inteligencia artificial | HRTRENDS<\/title>\n<meta name=\"description\" content=\"Las m\u00e1quinas har\u00e1n las tareas aburridas y repetitivas y los humanos nos dedicaremos a crear. Esta es la cara positiva de la Inteligencia Artificial (IA)\" \/>\n<meta name=\"robots\" content=\"index, follow, max-snippet:-1, max-image-preview:large, max-video-preview:-1\" \/>\n<link rel=\"canonical\" href=\"https:\/\/empresas.infoempleo.com\/hrtrends\/tecnologia-inteligencia-artificial-en-empresas-espanolas\/\" \/>\n<meta property=\"og:locale\" content=\"es_ES\" \/>\n<meta property=\"og:type\" content=\"article\" \/>\n<meta property=\"og:title\" content=\"Las empresas espa\u00f1olas solo consiguen un \u201caprobado\u201d en tecnolog\u00eda e inteligencia artificial | HRTRENDS\" \/>\n<meta property=\"og:description\" content=\"Las m\u00e1quinas har\u00e1n las tareas aburridas y repetitivas y los humanos nos dedicaremos a crear. Esta es la cara positiva de la Inteligencia Artificial (IA)\" \/>\n<meta property=\"og:url\" content=\"https:\/\/empresas.infoempleo.com\/hrtrends\/tecnologia-inteligencia-artificial-en-empresas-espanolas\/\" \/>\n<meta property=\"og:site_name\" content=\"HRTRENDS\" \/>\n<meta property=\"article:publisher\" content=\"https:\/\/www.facebook.com\/Infoempleo\" \/>\n<meta property=\"article:published_time\" content=\"2020-02-04T05:30:22+00:00\" \/>\n<meta property=\"article:modified_time\" content=\"2023-03-13T17:03:18+00:00\" \/>\n<meta property=\"og:image\" content=\"https:\/\/empresas.infoempleo.com\/hrtrends\/media\/2020\/01\/HRTrends_Inteligencia-artificial.jpg\" \/>\n\t<meta property=\"og:image:width\" content=\"881\" \/>\n\t<meta property=\"og:image:height\" content=\"488\" \/>\n\t<meta property=\"og:image:type\" content=\"image\/jpeg\" \/>\n<meta name=\"author\" content=\"Luisa Carrasco\" \/>\n<meta name=\"twitter:card\" content=\"summary_large_image\" \/>\n<meta name=\"twitter:creator\" content=\"@infoempleo\" \/>\n<meta name=\"twitter:site\" content=\"@infoempleo\" \/>\n<meta name=\"twitter:label1\" content=\"Escrito por\" \/>\n\t<meta name=\"twitter:data1\" content=\"Luisa Carrasco\" \/>\n\t<meta name=\"twitter:label2\" content=\"Tiempo de lectura\" \/>\n\t<meta name=\"twitter:data2\" content=\"4 minutos\" \/>\n<script type=\"application\/ld+json\" class=\"yoast-schema-graph\">{\"@context\":\"https:\/\/schema.org\",\"@graph\":[{\"@type\":\"NewsArticle\",\"@id\":\"https:\/\/empresas.infoempleo.com\/hrtrends\/tecnologia-inteligencia-artificial-en-empresas-espanolas\/#article\",\"isPartOf\":{\"@id\":\"https:\/\/empresas.infoempleo.com\/hrtrends\/tecnologia-inteligencia-artificial-en-empresas-espanolas\/\"},\"author\":{\"name\":\"Luisa Carrasco\",\"@id\":\"https:\/\/empresas.infoempleo.com\/hrtrends\/#\/schema\/person\/32ca57975913668419d075627a98dafe\"},\"headline\":\"Las empresas espa\u00f1olas solo consiguen un \u201caprobado\u201d en tecnolog\u00eda e inteligencia artificial\",\"datePublished\":\"2020-02-04T05:30:22+00:00\",\"dateModified\":\"2023-03-13T17:03:18+00:00\",\"mainEntityOfPage\":{\"@id\":\"https:\/\/empresas.infoempleo.com\/hrtrends\/tecnologia-inteligencia-artificial-en-empresas-espanolas\/\"},\"wordCount\":801,\"publisher\":{\"@id\":\"https:\/\/empresas.infoempleo.com\/hrtrends\/#organization\"},\"image\":{\"@id\":\"https:\/\/empresas.infoempleo.com\/hrtrends\/tecnologia-inteligencia-artificial-en-empresas-espanolas\/#primaryimage\"},\"thumbnailUrl\":\"https:\/\/empresas.infoempleo.com\/hrtrends\/media\/2020\/01\/HRTrends_Inteligencia-artificial.jpg\",\"keywords\":[\"empleo futuro\",\"gesti\u00f3n del talento\",\"tecnolog\u00edas\"],\"articleSection\":[\"Actualidad\"],\"inLanguage\":\"es\",\"copyrightYear\":\"2020\",\"copyrightHolder\":{\"@id\":\"https:\/\/empresas.infoempleo.com\/hrtrends\/#organization\"}},{\"@type\":\"WebPage\",\"@id\":\"https:\/\/empresas.infoempleo.com\/hrtrends\/tecnologia-inteligencia-artificial-en-empresas-espanolas\/\",\"url\":\"https:\/\/empresas.infoempleo.com\/hrtrends\/tecnologia-inteligencia-artificial-en-empresas-espanolas\/\",\"name\":\"Las empresas espa\u00f1olas solo consiguen un \u201caprobado\u201d en tecnolog\u00eda e inteligencia artificial | HRTRENDS\",\"isPartOf\":{\"@id\":\"https:\/\/empresas.infoempleo.com\/hrtrends\/#website\"},\"primaryImageOfPage\":{\"@id\":\"https:\/\/empresas.infoempleo.com\/hrtrends\/tecnologia-inteligencia-artificial-en-empresas-espanolas\/#primaryimage\"},\"image\":{\"@id\":\"https:\/\/empresas.infoempleo.com\/hrtrends\/tecnologia-inteligencia-artificial-en-empresas-espanolas\/#primaryimage\"},\"thumbnailUrl\":\"https:\/\/empresas.infoempleo.com\/hrtrends\/media\/2020\/01\/HRTrends_Inteligencia-artificial.jpg\",\"datePublished\":\"2020-02-04T05:30:22+00:00\",\"dateModified\":\"2023-03-13T17:03:18+00:00\",\"description\":\"Las m\u00e1quinas har\u00e1n las tareas aburridas y repetitivas y los humanos nos dedicaremos a crear. Esta es la cara positiva de la Inteligencia Artificial (IA)\",\"breadcrumb\":{\"@id\":\"https:\/\/empresas.infoempleo.com\/hrtrends\/tecnologia-inteligencia-artificial-en-empresas-espanolas\/#breadcrumb\"},\"inLanguage\":\"es\",\"potentialAction\":[{\"@type\":\"ReadAction\",\"target\":[\"https:\/\/empresas.infoempleo.com\/hrtrends\/tecnologia-inteligencia-artificial-en-empresas-espanolas\/\"]}]},{\"@type\":\"ImageObject\",\"inLanguage\":\"es\",\"@id\":\"https:\/\/empresas.infoempleo.com\/hrtrends\/tecnologia-inteligencia-artificial-en-empresas-espanolas\/#primaryimage\",\"url\":\"https:\/\/empresas.infoempleo.com\/hrtrends\/media\/2020\/01\/HRTrends_Inteligencia-artificial-150x150.jpg\",\"contentUrl\":\"https:\/\/empresas.infoempleo.com\/hrtrends\/media\/2020\/01\/HRTrends_Inteligencia-artificial-150x150.jpg\",\"width\":150,\"height\":150},{\"@type\":\"BreadcrumbList\",\"@id\":\"https:\/\/empresas.infoempleo.com\/hrtrends\/tecnologia-inteligencia-artificial-en-empresas-espanolas\/#breadcrumb\",\"itemListElement\":[{\"@type\":\"ListItem\",\"position\":1,\"name\":\"Portada\",\"item\":\"https:\/\/empresas.infoempleo.com\/hrtrends\/\"},{\"@type\":\"ListItem\",\"position\":2,\"name\":\"Las empresas espa\u00f1olas solo consiguen un \u201caprobado\u201d en tecnolog\u00eda e inteligencia artificial\"}]},{\"@type\":\"WebSite\",\"@id\":\"https:\/\/empresas.infoempleo.com\/hrtrends\/#website\",\"url\":\"https:\/\/empresas.infoempleo.com\/hrtrends\",\"name\":\"HRTrends by Infoempleo\",\"description\":\"\",\"publisher\":{\"@id\":\"https:\/\/empresas.infoempleo.com\/hrtrends\/#organization\"},\"potentialAction\":{\"@type\":\"SearchAction\",\"target\":\"https:\/\/empresas.infoempleo.com\/hrtrends\/?s={search_term_string}\",\"query-input\":\"required name=search_term_string\"},\"inLanguage\":\"es\"},{\"@type\":\"Organization\",\"@id\":\"https:\/\/empresas.infoempleo.com\/hrtrends\/#organization\",\"name\":\"Infoempleo\",\"url\":\"https:\/\/www.infoempleo.com\/\",\"logo\":{\"@type\":\"ImageObject\",\"@id\":\"https:\/\/empresas.infoempleo.com\/hrtrends\/#logo\",\"inLanguage\":\"es\",\"url\":\"https:\/\/cdnazure.infoempleo.com\/infoempleo\/assets\/style\/gfx\/logo.svg\",\"contentUrl\":\"https:\/\/cdnazure.infoempleo.com\/infoempleo\/assets\/style\/gfx\/logo.svg\",\"width\":150,\"height\":40,\"caption\":\"Infoempleo\"},\"image\":{\"@id\":\"https:\/\/empresas.infoempleo.com\/hrtrends\/#logo\"},\"sameAs\":[\"https:\/\/www.facebook.com\/Infoempleo\",\"https:\/\/x.com\/infoempleo\",\"http:\/\/instagram.com\/infoempleo\/\",\"http:\/\/www.linkedin.com\/groups\/Empleo-Espa\u00f1a-Infoempleocom-111276\",\"http:\/\/pinterest.com\/infoempleo\/\"],\"address\":{\"@type\":\"PostalAddress\",\"addressLocality\":\"Madrid\",\"postalCode\":\"28050\",\"streetAddress\":\"Avenida de Burgos 114\"},\"brand\":[\"Infoempleo\"]},{\"@type\":\"Person\",\"@id\":\"https:\/\/empresas.infoempleo.com\/hrtrends\/#\/schema\/person\/32ca57975913668419d075627a98dafe\",\"name\":\"Luisa Carrasco\",\"image\":{\"@type\":\"ImageObject\",\"inLanguage\":\"es\",\"@id\":\"https:\/\/empresas.infoempleo.com\/hrtrends\/#\/schema\/person\/image\/\",\"url\":\"https:\/\/secure.gravatar.com\/avatar\/8cc7d7a784a8289007bbfddcef37ed7157c6ae70e89183748ddf5858d9133c86?s=96&d=mm&r=g\",\"contentUrl\":\"https:\/\/secure.gravatar.com\/avatar\/8cc7d7a784a8289007bbfddcef37ed7157c6ae70e89183748ddf5858d9133c86?s=96&d=mm&r=g\",\"caption\":\"Luisa Carrasco\"},\"description\":\"Licenciada en Sociolog\u00eda y posgrado en gesti\u00f3n de la comunicaci\u00f3n para organizaciones culturales. Me interesa todo lo que tiene que ver con la organizaci\u00f3n e integraci\u00f3n de los distintos agentes sociales. El \u00e1mbito laboral y el de la educaci\u00f3n y formaci\u00f3n es el punto de encuentro de gran parte de estos actores. Estoy al tanto de los temas de actualidad laboral, las tendencias en el mercado del trabajo, las nuevas iniciativas en el tejido empresarial y las propuestas de innovaci\u00f3n en materia de educaci\u00f3n y formaci\u00f3n. Por lo general, escribo en el blog de Infoempleo tres veces por semana.\",\"url\":\"https:\/\/empresas.infoempleo.com\/hrtrends\/author\/luisaagenciayerro\/\"}]}<\/script>\n<!-- \/ Yoast SEO plugin. -->","yoast_head_json":{"title":"Las empresas espa\u00f1olas solo consiguen un \u201caprobado\u201d en tecnolog\u00eda e inteligencia artificial | HRTRENDS","description":"Las m\u00e1quinas har\u00e1n las tareas aburridas y repetitivas y los humanos nos dedicaremos a crear. Esta es la cara positiva de la Inteligencia Artificial (IA)","robots":{"index":"index","follow":"follow","max-snippet":"max-snippet:-1","max-image-preview":"max-image-preview:large","max-video-preview":"max-video-preview:-1"},"canonical":"https:\/\/empresas.infoempleo.com\/hrtrends\/tecnologia-inteligencia-artificial-en-empresas-espanolas\/","og_locale":"es_ES","og_type":"article","og_title":"Las empresas espa\u00f1olas solo consiguen un \u201caprobado\u201d en tecnolog\u00eda e inteligencia artificial | HRTRENDS","og_description":"Las m\u00e1quinas har\u00e1n las tareas aburridas y repetitivas y los humanos nos dedicaremos a crear. Esta es la cara positiva de la Inteligencia Artificial (IA)","og_url":"https:\/\/empresas.infoempleo.com\/hrtrends\/tecnologia-inteligencia-artificial-en-empresas-espanolas\/","og_site_name":"HRTRENDS","article_publisher":"https:\/\/www.facebook.com\/Infoempleo","article_published_time":"2020-02-04T05:30:22+00:00","article_modified_time":"2023-03-13T17:03:18+00:00","og_image":[{"width":881,"height":488,"url":"https:\/\/empresas.infoempleo.com\/hrtrends\/media\/2020\/01\/HRTrends_Inteligencia-artificial.jpg","type":"image\/jpeg"}],"author":"Luisa Carrasco","twitter_card":"summary_large_image","twitter_creator":"@infoempleo","twitter_site":"@infoempleo","twitter_misc":{"Escrito por":"Luisa Carrasco","Tiempo de lectura":"4 minutos"},"schema":{"@context":"https:\/\/schema.org","@graph":[{"@type":"NewsArticle","@id":"https:\/\/empresas.infoempleo.com\/hrtrends\/tecnologia-inteligencia-artificial-en-empresas-espanolas\/#article","isPartOf":{"@id":"https:\/\/empresas.infoempleo.com\/hrtrends\/tecnologia-inteligencia-artificial-en-empresas-espanolas\/"},"author":{"name":"Luisa Carrasco","@id":"https:\/\/empresas.infoempleo.com\/hrtrends\/#\/schema\/person\/32ca57975913668419d075627a98dafe"},"headline":"Las empresas espa\u00f1olas solo consiguen un \u201caprobado\u201d en tecnolog\u00eda e inteligencia artificial","datePublished":"2020-02-04T05:30:22+00:00","dateModified":"2023-03-13T17:03:18+00:00","mainEntityOfPage":{"@id":"https:\/\/empresas.infoempleo.com\/hrtrends\/tecnologia-inteligencia-artificial-en-empresas-espanolas\/"},"wordCount":801,"publisher":{"@id":"https:\/\/empresas.infoempleo.com\/hrtrends\/#organization"},"image":{"@id":"https:\/\/empresas.infoempleo.com\/hrtrends\/tecnologia-inteligencia-artificial-en-empresas-espanolas\/#primaryimage"},"thumbnailUrl":"https:\/\/empresas.infoempleo.com\/hrtrends\/media\/2020\/01\/HRTrends_Inteligencia-artificial.jpg","keywords":["empleo futuro","gesti\u00f3n del talento","tecnolog\u00edas"],"articleSection":["Actualidad"],"inLanguage":"es","copyrightYear":"2020","copyrightHolder":{"@id":"https:\/\/empresas.infoempleo.com\/hrtrends\/#organization"}},{"@type":"WebPage","@id":"https:\/\/empresas.infoempleo.com\/hrtrends\/tecnologia-inteligencia-artificial-en-empresas-espanolas\/","url":"https:\/\/empresas.infoempleo.com\/hrtrends\/tecnologia-inteligencia-artificial-en-empresas-espanolas\/","name":"Las empresas espa\u00f1olas solo consiguen un \u201caprobado\u201d en tecnolog\u00eda e inteligencia artificial | HRTRENDS","isPartOf":{"@id":"https:\/\/empresas.infoempleo.com\/hrtrends\/#website"},"primaryImageOfPage":{"@id":"https:\/\/empresas.infoempleo.com\/hrtrends\/tecnologia-inteligencia-artificial-en-empresas-espanolas\/#primaryimage"},"image":{"@id":"https:\/\/empresas.infoempleo.com\/hrtrends\/tecnologia-inteligencia-artificial-en-empresas-espanolas\/#primaryimage"},"thumbnailUrl":"https:\/\/empresas.infoempleo.com\/hrtrends\/media\/2020\/01\/HRTrends_Inteligencia-artificial.jpg","datePublished":"2020-02-04T05:30:22+00:00","dateModified":"2023-03-13T17:03:18+00:00","description":"Las m\u00e1quinas har\u00e1n las tareas aburridas y repetitivas y los humanos nos dedicaremos a crear. Esta es la cara positiva de la Inteligencia Artificial (IA)","breadcrumb":{"@id":"https:\/\/empresas.infoempleo.com\/hrtrends\/tecnologia-inteligencia-artificial-en-empresas-espanolas\/#breadcrumb"},"inLanguage":"es","potentialAction":[{"@type":"ReadAction","target":["https:\/\/empresas.infoempleo.com\/hrtrends\/tecnologia-inteligencia-artificial-en-empresas-espanolas\/"]}]},{"@type":"ImageObject","inLanguage":"es","@id":"https:\/\/empresas.infoempleo.com\/hrtrends\/tecnologia-inteligencia-artificial-en-empresas-espanolas\/#primaryimage","url":"https:\/\/empresas.infoempleo.com\/hrtrends\/media\/2020\/01\/HRTrends_Inteligencia-artificial-150x150.jpg","contentUrl":"https:\/\/empresas.infoempleo.com\/hrtrends\/media\/2020\/01\/HRTrends_Inteligencia-artificial-150x150.jpg","width":150,"height":150},{"@type":"BreadcrumbList","@id":"https:\/\/empresas.infoempleo.com\/hrtrends\/tecnologia-inteligencia-artificial-en-empresas-espanolas\/#breadcrumb","itemListElement":[{"@type":"ListItem","position":1,"name":"Portada","item":"https:\/\/empresas.infoempleo.com\/hrtrends\/"},{"@type":"ListItem","position":2,"name":"Las empresas espa\u00f1olas solo consiguen un \u201caprobado\u201d en tecnolog\u00eda e inteligencia artificial"}]},{"@type":"WebSite","@id":"https:\/\/empresas.infoempleo.com\/hrtrends\/#website","url":"https:\/\/empresas.infoempleo.com\/hrtrends","name":"HRTrends by Infoempleo","description":"","publisher":{"@id":"https:\/\/empresas.infoempleo.com\/hrtrends\/#organization"},"potentialAction":{"@type":"SearchAction","target":"https:\/\/empresas.infoempleo.com\/hrtrends\/?s={search_term_string}","query-input":"required name=search_term_string"},"inLanguage":"es"},{"@type":"Organization","@id":"https:\/\/empresas.infoempleo.com\/hrtrends\/#organization","name":"Infoempleo","url":"https:\/\/www.infoempleo.com\/","logo":{"@type":"ImageObject","@id":"https:\/\/empresas.infoempleo.com\/hrtrends\/#logo","inLanguage":"es","url":"https:\/\/cdnazure.infoempleo.com\/infoempleo\/assets\/style\/gfx\/logo.svg","contentUrl":"https:\/\/cdnazure.infoempleo.com\/infoempleo\/assets\/style\/gfx\/logo.svg","width":150,"height":40,"caption":"Infoempleo"},"image":{"@id":"https:\/\/empresas.infoempleo.com\/hrtrends\/#logo"},"sameAs":["https:\/\/www.facebook.com\/Infoempleo","https:\/\/x.com\/infoempleo","http:\/\/instagram.com\/infoempleo\/","http:\/\/www.linkedin.com\/groups\/Empleo-Espa\u00f1a-Infoempleocom-111276","http:\/\/pinterest.com\/infoempleo\/"],"address":{"@type":"PostalAddress","addressLocality":"Madrid","postalCode":"28050","streetAddress":"Avenida de Burgos 114"},"brand":["Infoempleo"]},{"@type":"Person","@id":"https:\/\/empresas.infoempleo.com\/hrtrends\/#\/schema\/person\/32ca57975913668419d075627a98dafe","name":"Luisa Carrasco","image":{"@type":"ImageObject","inLanguage":"es","@id":"https:\/\/empresas.infoempleo.com\/hrtrends\/#\/schema\/person\/image\/","url":"https:\/\/secure.gravatar.com\/avatar\/8cc7d7a784a8289007bbfddcef37ed7157c6ae70e89183748ddf5858d9133c86?s=96&d=mm&r=g","contentUrl":"https:\/\/secure.gravatar.com\/avatar\/8cc7d7a784a8289007bbfddcef37ed7157c6ae70e89183748ddf5858d9133c86?s=96&d=mm&r=g","caption":"Luisa Carrasco"},"description":"Licenciada en Sociolog\u00eda y posgrado en gesti\u00f3n de la comunicaci\u00f3n para organizaciones culturales. Me interesa todo lo que tiene que ver con la organizaci\u00f3n e integraci\u00f3n de los distintos agentes sociales. El \u00e1mbito laboral y el de la educaci\u00f3n y formaci\u00f3n es el punto de encuentro de gran parte de estos actores. Estoy al tanto de los temas de actualidad laboral, las tendencias en el mercado del trabajo, las nuevas iniciativas en el tejido empresarial y las propuestas de innovaci\u00f3n en materia de educaci\u00f3n y formaci\u00f3n. Por lo general, escribo en el blog de Infoempleo tres veces por semana.","url":"https:\/\/empresas.infoempleo.com\/hrtrends\/author\/luisaagenciayerro\/"}]}},"amp_enabled":true,"_links":{"self":[{"href":"https:\/\/empresas.infoempleo.com\/hrtrends\/wp-json\/wp\/v2\/posts\/36888","targetHints":{"allow":["GET"]}}],"collection":[{"href":"https:\/\/empresas.infoempleo.com\/hrtrends\/wp-json\/wp\/v2\/posts"}],"about":[{"href":"https:\/\/empresas.infoempleo.com\/hrtrends\/wp-json\/wp\/v2\/types\/post"}],"author":[{"embeddable":true,"href":"https:\/\/empresas.infoempleo.com\/hrtrends\/wp-json\/wp\/v2\/users\/29"}],"replies":[{"embeddable":true,"href":"https:\/\/empresas.infoempleo.com\/hrtrends\/wp-json\/wp\/v2\/comments?post=36888"}],"version-history":[{"count":20,"href":"https:\/\/empresas.infoempleo.com\/hrtrends\/wp-json\/wp\/v2\/posts\/36888\/revisions"}],"predecessor-version":[{"id":42803,"href":"https:\/\/empresas.infoempleo.com\/hrtrends\/wp-json\/wp\/v2\/posts\/36888\/revisions\/42803"}],"wp:featuredmedia":[{"embeddable":true,"href":"https:\/\/empresas.infoempleo.com\/hrtrends\/wp-json\/wp\/v2\/media\/36890"}],"wp:attachment":[{"href":"https:\/\/empresas.infoempleo.com\/hrtrends\/wp-json\/wp\/v2\/media?parent=36888"}],"wp:term":[{"taxonomy":"category","embeddable":true,"href":"https:\/\/empresas.infoempleo.com\/hrtrends\/wp-json\/wp\/v2\/categories?post=36888"},{"taxonomy":"post_tag","embeddable":true,"href":"https:\/\/empresas.infoempleo.com\/hrtrends\/wp-json\/wp\/v2\/tags?post=36888"}],"curies":[{"name":"wp","href":"https:\/\/api.w.org\/{rel}","templated":true}]}}