{"id":36823,"date":"2020-01-23T07:30:56","date_gmt":"2020-01-23T05:30:56","guid":{"rendered":"https:\/\/empresas.infoempleo.com\/hrtrends\/?p=36823"},"modified":"2024-09-09T17:36:44","modified_gmt":"2024-09-09T15:36:44","slug":"experiencia-de-empleado-tendencia-rrhh-2020","status":"publish","type":"post","link":"https:\/\/empresas.infoempleo.com\/hrtrends\/experiencia-de-empleado-tendencia-rrhh-2020\/","title":{"rendered":"La experiencia de empleado (EX) ser\u00e1 protagonista de los RRHH en 2020"},"content":{"rendered":"<p>Bajo el t\u00edtulo \u201c<em>Employee Experience and Engagement: ser o no ser<\/em>\u201d, hace unos d\u00edas se celebr\u00f3 en Barcelona el primer evento del a\u00f1o organizado por <a href=\"https:\/\/www.hrafterwork.com\/\" target=\"_blank\" rel=\"noopener noreferrer\">HR Afterwork<\/a>, una cita que se ha consolidado como el punto de encuentro alternativo para los profesionales de recursos humanos. Durante el encuentro <strong>se compartieron algunas<\/strong> <strong>iniciativas en materia de experiencia de empleado<\/strong>, as\u00ed como <strong>factores clave<\/strong> como la <strong>implicaci\u00f3n de la direcci\u00f3n de las compa\u00f1\u00edas<\/strong>, la <strong>medici\u00f3n y el retorno<\/strong>.<\/p>\n<p>El evento reuni\u00f3 a m\u00e1s de <strong>100 profesionales del \u00e1rea de Recursos Humanos de grandes compa\u00f1\u00edas<\/strong> como, Inditex, Mercedes-Benz, Hilton, Lidl, Adevinta, SAP, H&amp;M, IBM, Bricodepot, Banc Sabadell y Sony Electronics, entre otras, as\u00ed como medianas empresas, startups y otros <strong>agentes clave de la comunidad de RRHH<\/strong>.<\/p>\n<h2>Un largo camino por recorrer en EX<\/h2>\n<p>En una encuesta realizada entre los asistentes se evidenci\u00f3 que, aunque <strong>casi un 60% ya han empezado a trabajar en la Experiencia del Empleado (EX)<\/strong> o lo tienen en su agenda, apenas un 10% consideran que su estrategia de EX alcanza el nivel de madurez deseado.<\/p>\n<p>Solo un 7% afirman tener claro el impacto que la EX tiene sobre el negocio de sus compa\u00f1\u00edas, y <strong>m\u00e1s de un 57% considera que RRHH no est\u00e1 lo suficientemente empoderado y\/o capacitado<\/strong> para velar por la experiencia de empleado.<\/p>\n<p>En su presentaci\u00f3n, Sheila Robles, Learning Coordinator en Amazon, declaraba que, \u00abla experiencia de empleado empieza por conocer su cometido en la empresa y dotarlo de significado desde el inicio. La formaci\u00f3n es clave para mejorar esta experiencia\u00bb.<\/p>\n<p>Mientras que Head of Communications y Co-fundadora de la iniciativa, Rocio Varela, que moder\u00f3 el debate, afirmaba que \u00abla experiencia del empleado no desaparece porque no la tengamos en cuenta o no trabajemos en ella, ese conjunto de vivencias de nuestros empleados, estar\u00e1n ah\u00ed y tendr\u00e1n un efecto sobre nuestras compa\u00f1\u00edas\u00bb.<\/p>\n<p><img loading=\"lazy\" decoding=\"async\" class=\"aligncenter wp-image-36828 size-full\" title=\"HRTrends-HR afterwork-experiencia-de-empleado\" src=\"https:\/\/empresas.infoempleo.com\/hrtrends\/media\/2020\/01\/HRTrends-HR-afterwork-experiencia-de-empleado.png\" alt=\"HRTrends-HR afterwork-experiencia-de-empleado\" width=\"800\" height=\"547\" srcset=\"https:\/\/empresas.infoempleo.com\/hrtrends\/media\/2020\/01\/HRTrends-HR-afterwork-experiencia-de-empleado.png 800w, https:\/\/empresas.infoempleo.com\/hrtrends\/media\/2020\/01\/HRTrends-HR-afterwork-experiencia-de-empleado-300x205.png 300w, https:\/\/empresas.infoempleo.com\/hrtrends\/media\/2020\/01\/HRTrends-HR-afterwork-experiencia-de-empleado-768x525.png 768w\" sizes=\"auto, (max-width: 800px) 100vw, 800px\" \/><\/p>\n<h2>El caso de Altran<\/h2>\n<p>En una presentaci\u00f3n conjunta, Elisabetta Parroco, Talent Management Director y N\u00faria Morella, Employer and Talent Brand Manager en Altran explicaron c\u00f3mo esta consultora, l\u00edder mundial en servicios de ingenier\u00eda e I+D, est\u00e1 trabajando en este \u00e1mbito. A trav\u00e9s de su relato, los asistentes conocieron de primera mano los <strong>retos que supone para una empresa tecnol\u00f3gica trabajar la experiencia del empleado<\/strong> y mantener la ilusi\u00f3n y el compromiso.<\/p>\n<p>En este sentido Elisabetta Parroco afirmaba que <strong>fidelizar a los empleados<\/strong>, \u00abimplica un cambio cultural importante, activando la excelencia del liderazgo y mejorando la propuesta de valor de la compa\u00f1\u00eda hacia sus empleados y candidatos\u00bb.<\/p>\n<p>Mientras que para Nuris Morella, <strong>establecer KPIs y medir el trabajo<\/strong> debe ser parte fundamental de la estrategia a seguir, \u00abuna de las claves de nuestra estrategia del empleado ha sido pasar de la intuici\u00f3n a la medici\u00f3n\u00bb.<\/p>\n<h2>Grandes tendencias en RRHH<\/h2>\n<p>En pasadas ediciones de HR Afterwork el debate gir\u00f3 sobre c\u00f3mo afrontar algunos de los <a href=\"https:\/\/empresas.infoempleo.com\/hrtrends\/flexibilidad-laboral-protocolos-antiacoso-soft-skills-y-transparencia-salarial-los-expertos-se-posicionan\/\"><strong>retos que debe asumir el \u00c1rea de Personas<\/strong><\/a> hoy y c\u00f3mo <a href=\"https:\/\/empresas.infoempleo.com\/hrtrends\/como-convertir-recursos-humanos-en-area-estrategica\/\"><strong>demostrar su lugar estrat\u00e9gico en el negocio<\/strong><\/a>, as\u00ed como sobre <strong>grandes tendencias en RRHH<\/strong> como la i<strong>nteligencia artificial<\/strong>, la <strong>gesti\u00f3n del cambio<\/strong> o el <strong>employer branding<\/strong>.<\/p>\n<p><strong>HR Afterwork<\/strong> naci\u00f3 como una <strong>alternativa a los eventos tradicionales<\/strong> <strong>alrededor del sector<\/strong> y ofrece un espacio de encuentro disruptivo que ayuda a reforzar la cohesi\u00f3n de la comunidad y permite compartir conocimientos de valor e intercambiar buenas pr\u00e1cticas.<\/p>\n<p>Los <strong>encuentros se desarrollan de forma distendida<\/strong> y lejos de los circuitos tradicionales de conocimiento de car\u00e1cter comercial, poniendo en valor el potencial del afterwork como herramienta de cohesi\u00f3n de grupos.<\/p>\n<p>La Comunidad, que ya <strong>cuenta con m\u00e1s de 800 miembros<\/strong>, seguir\u00e1 realizando actividades durante 2020 para poner en valor el poder de las redes profesionales alternativas.<\/p>\n","protected":false},"excerpt":{"rendered":"<p>Bajo el t\u00edtulo \u201cEmployee Experience and Engagement: ser o no ser\u201d, hace unos d\u00edas se celebr\u00f3 en Barcelona<a class=\"moretag\" href=\"https:\/\/empresas.infoempleo.com\/hrtrends\/experiencia-de-empleado-tendencia-rrhh-2020\/\"> Leer m\u00e1s<\/a><\/p>\n","protected":false},"author":127,"featured_media":36827,"comment_status":"closed","ping_status":"closed","sticky":false,"template":"","format":"standard","meta":{"footnotes":""},"categories":[3051],"tags":[3291,3330,70],"class_list":["post-36823","post","type-post","status-publish","format-standard","has-post-thumbnail","hentry","category-eventos","tag-experiencia-de-empleado","tag-hr-afterwork","tag-rrhh"],"yoast_head":"<!-- This site is optimized with the Yoast SEO plugin v26.1.1 - https:\/\/yoast.com\/wordpress\/plugins\/seo\/ -->\n<title>La experiencia de empleado (EX) ser\u00e1 protagonista de los RRHH en 2020 | HRTRENDS<\/title>\n<meta name=\"description\" content=\"El primer evento HR Afterwork de 2020 para profesionales de recursos humanos se ha centradado en la experiencia de empleado (EX) tendencia en RRHH\" \/>\n<meta name=\"robots\" content=\"index, follow, max-snippet:-1, max-image-preview:large, max-video-preview:-1\" \/>\n<link rel=\"canonical\" href=\"https:\/\/empresas.infoempleo.com\/hrtrends\/experiencia-de-empleado-tendencia-rrhh-2020\/\" \/>\n<meta property=\"og:locale\" content=\"es_ES\" \/>\n<meta property=\"og:type\" content=\"article\" \/>\n<meta property=\"og:title\" content=\"La experiencia de empleado (EX) ser\u00e1 protagonista de los RRHH en 2020 | HRTRENDS\" \/>\n<meta property=\"og:description\" content=\"El primer evento HR Afterwork de 2020 para profesionales de recursos humanos se ha centradado en la experiencia de empleado (EX) tendencia en RRHH\" \/>\n<meta property=\"og:url\" content=\"https:\/\/empresas.infoempleo.com\/hrtrends\/experiencia-de-empleado-tendencia-rrhh-2020\/\" \/>\n<meta property=\"og:site_name\" content=\"HRTRENDS\" \/>\n<meta property=\"article:publisher\" content=\"https:\/\/www.facebook.com\/Infoempleo\" \/>\n<meta property=\"article:published_time\" content=\"2020-01-23T05:30:56+00:00\" \/>\n<meta property=\"article:modified_time\" content=\"2024-09-09T15:36:44+00:00\" \/>\n<meta property=\"og:image\" content=\"https:\/\/empresas.infoempleo.com\/hrtrends\/media\/2020\/01\/HRTrends-HRafterwork8_experiencia_de_empleado_EX.jpg\" \/>\n\t<meta property=\"og:image:width\" content=\"980\" \/>\n\t<meta property=\"og:image:height\" content=\"600\" \/>\n\t<meta property=\"og:image:type\" content=\"image\/jpeg\" \/>\n<meta name=\"author\" content=\"David Garrote\" \/>\n<meta name=\"twitter:card\" content=\"summary_large_image\" \/>\n<meta name=\"twitter:creator\" content=\"@infoempleo\" \/>\n<meta name=\"twitter:site\" content=\"@infoempleo\" \/>\n<meta name=\"twitter:label1\" content=\"Escrito por\" \/>\n\t<meta name=\"twitter:data1\" content=\"David Garrote\" \/>\n\t<meta name=\"twitter:label2\" content=\"Tiempo de lectura\" \/>\n\t<meta name=\"twitter:data2\" content=\"3 minutos\" \/>\n<script type=\"application\/ld+json\" class=\"yoast-schema-graph\">{\"@context\":\"https:\/\/schema.org\",\"@graph\":[{\"@type\":\"NewsArticle\",\"@id\":\"https:\/\/empresas.infoempleo.com\/hrtrends\/experiencia-de-empleado-tendencia-rrhh-2020\/#article\",\"isPartOf\":{\"@id\":\"https:\/\/empresas.infoempleo.com\/hrtrends\/experiencia-de-empleado-tendencia-rrhh-2020\/\"},\"author\":{\"name\":\"David Garrote\",\"@id\":\"https:\/\/empresas.infoempleo.com\/hrtrends\/#\/schema\/person\/c739bc48949b6bd2cf712e934871cb5b\"},\"headline\":\"La experiencia de empleado (EX) ser\u00e1 protagonista de los RRHH en 2020\",\"datePublished\":\"2020-01-23T05:30:56+00:00\",\"dateModified\":\"2024-09-09T15:36:44+00:00\",\"mainEntityOfPage\":{\"@id\":\"https:\/\/empresas.infoempleo.com\/hrtrends\/experiencia-de-empleado-tendencia-rrhh-2020\/\"},\"wordCount\":645,\"publisher\":{\"@id\":\"https:\/\/empresas.infoempleo.com\/hrtrends\/#organization\"},\"image\":{\"@id\":\"https:\/\/empresas.infoempleo.com\/hrtrends\/experiencia-de-empleado-tendencia-rrhh-2020\/#primaryimage\"},\"thumbnailUrl\":\"https:\/\/empresas.infoempleo.com\/hrtrends\/media\/2020\/01\/HRTrends-HRafterwork8_experiencia_de_empleado_EX.jpg\",\"keywords\":[\"experiencia de empleado\",\"HR Afterwork\",\"RRHH\"],\"articleSection\":[\"Eventos\"],\"inLanguage\":\"es\",\"copyrightYear\":\"2020\",\"copyrightHolder\":{\"@id\":\"https:\/\/empresas.infoempleo.com\/hrtrends\/#organization\"}},{\"@type\":\"WebPage\",\"@id\":\"https:\/\/empresas.infoempleo.com\/hrtrends\/experiencia-de-empleado-tendencia-rrhh-2020\/\",\"url\":\"https:\/\/empresas.infoempleo.com\/hrtrends\/experiencia-de-empleado-tendencia-rrhh-2020\/\",\"name\":\"La experiencia de empleado (EX) ser\u00e1 protagonista de los RRHH en 2020 | HRTRENDS\",\"isPartOf\":{\"@id\":\"https:\/\/empresas.infoempleo.com\/hrtrends\/#website\"},\"primaryImageOfPage\":{\"@id\":\"https:\/\/empresas.infoempleo.com\/hrtrends\/experiencia-de-empleado-tendencia-rrhh-2020\/#primaryimage\"},\"image\":{\"@id\":\"https:\/\/empresas.infoempleo.com\/hrtrends\/experiencia-de-empleado-tendencia-rrhh-2020\/#primaryimage\"},\"thumbnailUrl\":\"https:\/\/empresas.infoempleo.com\/hrtrends\/media\/2020\/01\/HRTrends-HRafterwork8_experiencia_de_empleado_EX.jpg\",\"datePublished\":\"2020-01-23T05:30:56+00:00\",\"dateModified\":\"2024-09-09T15:36:44+00:00\",\"description\":\"El primer evento HR Afterwork de 2020 para profesionales de recursos humanos se ha centradado en la experiencia de empleado (EX) tendencia en RRHH\",\"breadcrumb\":{\"@id\":\"https:\/\/empresas.infoempleo.com\/hrtrends\/experiencia-de-empleado-tendencia-rrhh-2020\/#breadcrumb\"},\"inLanguage\":\"es\",\"potentialAction\":[{\"@type\":\"ReadAction\",\"target\":[\"https:\/\/empresas.infoempleo.com\/hrtrends\/experiencia-de-empleado-tendencia-rrhh-2020\/\"]}]},{\"@type\":\"ImageObject\",\"inLanguage\":\"es\",\"@id\":\"https:\/\/empresas.infoempleo.com\/hrtrends\/experiencia-de-empleado-tendencia-rrhh-2020\/#primaryimage\",\"url\":\"https:\/\/empresas.infoempleo.com\/hrtrends\/media\/2020\/01\/HRTrends-HRafterwork8_experiencia_de_empleado_EX-150x150.jpg\",\"contentUrl\":\"https:\/\/empresas.infoempleo.com\/hrtrends\/media\/2020\/01\/HRTrends-HRafterwork8_experiencia_de_empleado_EX-150x150.jpg\",\"width\":150,\"height\":150},{\"@type\":\"BreadcrumbList\",\"@id\":\"https:\/\/empresas.infoempleo.com\/hrtrends\/experiencia-de-empleado-tendencia-rrhh-2020\/#breadcrumb\",\"itemListElement\":[{\"@type\":\"ListItem\",\"position\":1,\"name\":\"Portada\",\"item\":\"https:\/\/empresas.infoempleo.com\/hrtrends\/\"},{\"@type\":\"ListItem\",\"position\":2,\"name\":\"La experiencia de empleado (EX) ser\u00e1 protagonista de los RRHH en 2020\"}]},{\"@type\":\"WebSite\",\"@id\":\"https:\/\/empresas.infoempleo.com\/hrtrends\/#website\",\"url\":\"https:\/\/empresas.infoempleo.com\/hrtrends\",\"name\":\"HRTrends by Infoempleo\",\"description\":\"\",\"publisher\":{\"@id\":\"https:\/\/empresas.infoempleo.com\/hrtrends\/#organization\"},\"potentialAction\":{\"@type\":\"SearchAction\",\"target\":\"https:\/\/empresas.infoempleo.com\/hrtrends\/?s={search_term_string}\",\"query-input\":\"required name=search_term_string\"},\"inLanguage\":\"es\"},{\"@type\":\"Organization\",\"@id\":\"https:\/\/empresas.infoempleo.com\/hrtrends\/#organization\",\"name\":\"Infoempleo\",\"url\":\"https:\/\/www.infoempleo.com\/\",\"logo\":{\"@type\":\"ImageObject\",\"@id\":\"https:\/\/empresas.infoempleo.com\/hrtrends\/#logo\",\"inLanguage\":\"es\",\"url\":\"https:\/\/cdnazure.infoempleo.com\/infoempleo\/assets\/style\/gfx\/logo.svg\",\"contentUrl\":\"https:\/\/cdnazure.infoempleo.com\/infoempleo\/assets\/style\/gfx\/logo.svg\",\"width\":150,\"height\":40,\"caption\":\"Infoempleo\"},\"image\":{\"@id\":\"https:\/\/empresas.infoempleo.com\/hrtrends\/#logo\"},\"sameAs\":[\"https:\/\/www.facebook.com\/Infoempleo\",\"https:\/\/x.com\/infoempleo\",\"http:\/\/instagram.com\/infoempleo\/\",\"http:\/\/www.linkedin.com\/groups\/Empleo-Espa\u00f1a-Infoempleocom-111276\",\"http:\/\/pinterest.com\/infoempleo\/\"],\"address\":{\"@type\":\"PostalAddress\",\"addressLocality\":\"Madrid\",\"postalCode\":\"28050\",\"streetAddress\":\"Avenida de Burgos 114\"},\"brand\":[\"Infoempleo\"]},{\"@type\":\"Person\",\"@id\":\"https:\/\/empresas.infoempleo.com\/hrtrends\/#\/schema\/person\/c739bc48949b6bd2cf712e934871cb5b\",\"name\":\"David Garrote\",\"image\":{\"@type\":\"ImageObject\",\"inLanguage\":\"es\",\"@id\":\"https:\/\/empresas.infoempleo.com\/hrtrends\/#\/schema\/person\/image\/\",\"url\":\"https:\/\/secure.gravatar.com\/avatar\/28c8cc6163f0415575116a5d219528e5b69ae0fcc8512b33cbee412925ba9579?s=96&d=mm&r=g\",\"contentUrl\":\"https:\/\/secure.gravatar.com\/avatar\/28c8cc6163f0415575116a5d219528e5b69ae0fcc8512b33cbee412925ba9579?s=96&d=mm&r=g\",\"caption\":\"David Garrote\"},\"description\":\"Talent Acquistion &amp; Employer Branding Specialist para Lidl Espa\u00f1a y co-fundador de HR AFTERWORK, la mayor comunidad alternativa de Recursos Humanos. Fundador de Tu Aspiraci\u00f3n Profesional, portal web especializado en orientaci\u00f3n profesional. Colaborador habitual como consultor externo para diferentes espacios, habiendo sido entre otros International Guest Speaker para el Parlamento Europeo o profesor en diferentes m\u00e1steres en escuelas de negocio. Co-autor del libro Rendimiento Grupal en Emprendedor (Lul\u00fa Press Inc., 2014). https:\/\/davidgarrote.com\/\",\"sameAs\":[\"https:\/\/davidgarrote.com\/\"],\"url\":\"https:\/\/empresas.infoempleo.com\/hrtrends\/author\/david-garrote-trends\/\"}]}<\/script>\n<!-- \/ Yoast SEO plugin. -->","yoast_head_json":{"title":"La experiencia de empleado (EX) ser\u00e1 protagonista de los RRHH en 2020 | HRTRENDS","description":"El primer evento HR Afterwork de 2020 para profesionales de recursos humanos se ha centradado en la experiencia de empleado (EX) tendencia en RRHH","robots":{"index":"index","follow":"follow","max-snippet":"max-snippet:-1","max-image-preview":"max-image-preview:large","max-video-preview":"max-video-preview:-1"},"canonical":"https:\/\/empresas.infoempleo.com\/hrtrends\/experiencia-de-empleado-tendencia-rrhh-2020\/","og_locale":"es_ES","og_type":"article","og_title":"La experiencia de empleado (EX) ser\u00e1 protagonista de los RRHH en 2020 | HRTRENDS","og_description":"El primer evento HR Afterwork de 2020 para profesionales de recursos humanos se ha centradado en la experiencia de empleado (EX) tendencia en RRHH","og_url":"https:\/\/empresas.infoempleo.com\/hrtrends\/experiencia-de-empleado-tendencia-rrhh-2020\/","og_site_name":"HRTRENDS","article_publisher":"https:\/\/www.facebook.com\/Infoempleo","article_published_time":"2020-01-23T05:30:56+00:00","article_modified_time":"2024-09-09T15:36:44+00:00","og_image":[{"width":980,"height":600,"url":"https:\/\/empresas.infoempleo.com\/hrtrends\/media\/2020\/01\/HRTrends-HRafterwork8_experiencia_de_empleado_EX.jpg","type":"image\/jpeg"}],"author":"David Garrote","twitter_card":"summary_large_image","twitter_creator":"@infoempleo","twitter_site":"@infoempleo","twitter_misc":{"Escrito por":"David Garrote","Tiempo de lectura":"3 minutos"},"schema":{"@context":"https:\/\/schema.org","@graph":[{"@type":"NewsArticle","@id":"https:\/\/empresas.infoempleo.com\/hrtrends\/experiencia-de-empleado-tendencia-rrhh-2020\/#article","isPartOf":{"@id":"https:\/\/empresas.infoempleo.com\/hrtrends\/experiencia-de-empleado-tendencia-rrhh-2020\/"},"author":{"name":"David Garrote","@id":"https:\/\/empresas.infoempleo.com\/hrtrends\/#\/schema\/person\/c739bc48949b6bd2cf712e934871cb5b"},"headline":"La experiencia de empleado (EX) ser\u00e1 protagonista de los RRHH en 2020","datePublished":"2020-01-23T05:30:56+00:00","dateModified":"2024-09-09T15:36:44+00:00","mainEntityOfPage":{"@id":"https:\/\/empresas.infoempleo.com\/hrtrends\/experiencia-de-empleado-tendencia-rrhh-2020\/"},"wordCount":645,"publisher":{"@id":"https:\/\/empresas.infoempleo.com\/hrtrends\/#organization"},"image":{"@id":"https:\/\/empresas.infoempleo.com\/hrtrends\/experiencia-de-empleado-tendencia-rrhh-2020\/#primaryimage"},"thumbnailUrl":"https:\/\/empresas.infoempleo.com\/hrtrends\/media\/2020\/01\/HRTrends-HRafterwork8_experiencia_de_empleado_EX.jpg","keywords":["experiencia de empleado","HR Afterwork","RRHH"],"articleSection":["Eventos"],"inLanguage":"es","copyrightYear":"2020","copyrightHolder":{"@id":"https:\/\/empresas.infoempleo.com\/hrtrends\/#organization"}},{"@type":"WebPage","@id":"https:\/\/empresas.infoempleo.com\/hrtrends\/experiencia-de-empleado-tendencia-rrhh-2020\/","url":"https:\/\/empresas.infoempleo.com\/hrtrends\/experiencia-de-empleado-tendencia-rrhh-2020\/","name":"La experiencia de empleado (EX) ser\u00e1 protagonista de los RRHH en 2020 | HRTRENDS","isPartOf":{"@id":"https:\/\/empresas.infoempleo.com\/hrtrends\/#website"},"primaryImageOfPage":{"@id":"https:\/\/empresas.infoempleo.com\/hrtrends\/experiencia-de-empleado-tendencia-rrhh-2020\/#primaryimage"},"image":{"@id":"https:\/\/empresas.infoempleo.com\/hrtrends\/experiencia-de-empleado-tendencia-rrhh-2020\/#primaryimage"},"thumbnailUrl":"https:\/\/empresas.infoempleo.com\/hrtrends\/media\/2020\/01\/HRTrends-HRafterwork8_experiencia_de_empleado_EX.jpg","datePublished":"2020-01-23T05:30:56+00:00","dateModified":"2024-09-09T15:36:44+00:00","description":"El primer evento HR Afterwork de 2020 para profesionales de recursos humanos se ha centradado en la experiencia de empleado (EX) tendencia en RRHH","breadcrumb":{"@id":"https:\/\/empresas.infoempleo.com\/hrtrends\/experiencia-de-empleado-tendencia-rrhh-2020\/#breadcrumb"},"inLanguage":"es","potentialAction":[{"@type":"ReadAction","target":["https:\/\/empresas.infoempleo.com\/hrtrends\/experiencia-de-empleado-tendencia-rrhh-2020\/"]}]},{"@type":"ImageObject","inLanguage":"es","@id":"https:\/\/empresas.infoempleo.com\/hrtrends\/experiencia-de-empleado-tendencia-rrhh-2020\/#primaryimage","url":"https:\/\/empresas.infoempleo.com\/hrtrends\/media\/2020\/01\/HRTrends-HRafterwork8_experiencia_de_empleado_EX-150x150.jpg","contentUrl":"https:\/\/empresas.infoempleo.com\/hrtrends\/media\/2020\/01\/HRTrends-HRafterwork8_experiencia_de_empleado_EX-150x150.jpg","width":150,"height":150},{"@type":"BreadcrumbList","@id":"https:\/\/empresas.infoempleo.com\/hrtrends\/experiencia-de-empleado-tendencia-rrhh-2020\/#breadcrumb","itemListElement":[{"@type":"ListItem","position":1,"name":"Portada","item":"https:\/\/empresas.infoempleo.com\/hrtrends\/"},{"@type":"ListItem","position":2,"name":"La experiencia de empleado (EX) ser\u00e1 protagonista de los RRHH en 2020"}]},{"@type":"WebSite","@id":"https:\/\/empresas.infoempleo.com\/hrtrends\/#website","url":"https:\/\/empresas.infoempleo.com\/hrtrends","name":"HRTrends by Infoempleo","description":"","publisher":{"@id":"https:\/\/empresas.infoempleo.com\/hrtrends\/#organization"},"potentialAction":{"@type":"SearchAction","target":"https:\/\/empresas.infoempleo.com\/hrtrends\/?s={search_term_string}","query-input":"required name=search_term_string"},"inLanguage":"es"},{"@type":"Organization","@id":"https:\/\/empresas.infoempleo.com\/hrtrends\/#organization","name":"Infoempleo","url":"https:\/\/www.infoempleo.com\/","logo":{"@type":"ImageObject","@id":"https:\/\/empresas.infoempleo.com\/hrtrends\/#logo","inLanguage":"es","url":"https:\/\/cdnazure.infoempleo.com\/infoempleo\/assets\/style\/gfx\/logo.svg","contentUrl":"https:\/\/cdnazure.infoempleo.com\/infoempleo\/assets\/style\/gfx\/logo.svg","width":150,"height":40,"caption":"Infoempleo"},"image":{"@id":"https:\/\/empresas.infoempleo.com\/hrtrends\/#logo"},"sameAs":["https:\/\/www.facebook.com\/Infoempleo","https:\/\/x.com\/infoempleo","http:\/\/instagram.com\/infoempleo\/","http:\/\/www.linkedin.com\/groups\/Empleo-Espa\u00f1a-Infoempleocom-111276","http:\/\/pinterest.com\/infoempleo\/"],"address":{"@type":"PostalAddress","addressLocality":"Madrid","postalCode":"28050","streetAddress":"Avenida de Burgos 114"},"brand":["Infoempleo"]},{"@type":"Person","@id":"https:\/\/empresas.infoempleo.com\/hrtrends\/#\/schema\/person\/c739bc48949b6bd2cf712e934871cb5b","name":"David Garrote","image":{"@type":"ImageObject","inLanguage":"es","@id":"https:\/\/empresas.infoempleo.com\/hrtrends\/#\/schema\/person\/image\/","url":"https:\/\/secure.gravatar.com\/avatar\/28c8cc6163f0415575116a5d219528e5b69ae0fcc8512b33cbee412925ba9579?s=96&d=mm&r=g","contentUrl":"https:\/\/secure.gravatar.com\/avatar\/28c8cc6163f0415575116a5d219528e5b69ae0fcc8512b33cbee412925ba9579?s=96&d=mm&r=g","caption":"David Garrote"},"description":"Talent Acquistion &amp; Employer Branding Specialist para Lidl Espa\u00f1a y co-fundador de HR AFTERWORK, la mayor comunidad alternativa de Recursos Humanos. Fundador de Tu Aspiraci\u00f3n Profesional, portal web especializado en orientaci\u00f3n profesional. Colaborador habitual como consultor externo para diferentes espacios, habiendo sido entre otros International Guest Speaker para el Parlamento Europeo o profesor en diferentes m\u00e1steres en escuelas de negocio. Co-autor del libro Rendimiento Grupal en Emprendedor (Lul\u00fa Press Inc., 2014). https:\/\/davidgarrote.com\/","sameAs":["https:\/\/davidgarrote.com\/"],"url":"https:\/\/empresas.infoempleo.com\/hrtrends\/author\/david-garrote-trends\/"}]}},"amp_enabled":true,"_links":{"self":[{"href":"https:\/\/empresas.infoempleo.com\/hrtrends\/wp-json\/wp\/v2\/posts\/36823","targetHints":{"allow":["GET"]}}],"collection":[{"href":"https:\/\/empresas.infoempleo.com\/hrtrends\/wp-json\/wp\/v2\/posts"}],"about":[{"href":"https:\/\/empresas.infoempleo.com\/hrtrends\/wp-json\/wp\/v2\/types\/post"}],"author":[{"embeddable":true,"href":"https:\/\/empresas.infoempleo.com\/hrtrends\/wp-json\/wp\/v2\/users\/127"}],"replies":[{"embeddable":true,"href":"https:\/\/empresas.infoempleo.com\/hrtrends\/wp-json\/wp\/v2\/comments?post=36823"}],"version-history":[{"count":8,"href":"https:\/\/empresas.infoempleo.com\/hrtrends\/wp-json\/wp\/v2\/posts\/36823\/revisions"}],"predecessor-version":[{"id":45688,"href":"https:\/\/empresas.infoempleo.com\/hrtrends\/wp-json\/wp\/v2\/posts\/36823\/revisions\/45688"}],"wp:featuredmedia":[{"embeddable":true,"href":"https:\/\/empresas.infoempleo.com\/hrtrends\/wp-json\/wp\/v2\/media\/36827"}],"wp:attachment":[{"href":"https:\/\/empresas.infoempleo.com\/hrtrends\/wp-json\/wp\/v2\/media?parent=36823"}],"wp:term":[{"taxonomy":"category","embeddable":true,"href":"https:\/\/empresas.infoempleo.com\/hrtrends\/wp-json\/wp\/v2\/categories?post=36823"},{"taxonomy":"post_tag","embeddable":true,"href":"https:\/\/empresas.infoempleo.com\/hrtrends\/wp-json\/wp\/v2\/tags?post=36823"}],"curies":[{"name":"wp","href":"https:\/\/api.w.org\/{rel}","templated":true}]}}