{"id":36735,"date":"2020-01-14T07:30:42","date_gmt":"2020-01-14T05:30:42","guid":{"rendered":"https:\/\/empresas.infoempleo.com\/hrtrends\/?p=36735"},"modified":"2020-01-13T17:57:00","modified_gmt":"2020-01-13T15:57:00","slug":"derechos-adquiridos-como-se-regulan","status":"publish","type":"post","link":"https:\/\/empresas.infoempleo.com\/hrtrends\/derechos-adquiridos-como-se-regulan\/","title":{"rendered":"Derechos adquiridos por los trabajadores: \u00bfC\u00f3mo se regulan en nuestro pa\u00eds?"},"content":{"rendered":"<p>Durante el periodo festivo que acabamos de disfrutar surgi\u00f3 un <strong>tema recurrente que ha generado una gran pol\u00e9mica<\/strong>. El motivo: las <strong>cestas de Navidad<\/strong>. Son muchas las empresas que han empezado a suprimir este tradicional obsequio navide\u00f1o. Es en ese punto donde surgi\u00f3 el debate: \u00bfPueden las empresas de forma unilateral dejar de entregar a los empleados la cesta navide\u00f1a? \u00bfSon un regalo o un derecho? \u00bf<strong>En qu\u00e9 consisten los derechos adquiridos<\/strong> <strong>por los trabajadores<\/strong>? \u00bfCu\u00e1les son y c\u00f3mo se regulan en nuestro pa\u00eds?<\/p>\n<h2>En qu\u00e9 consisten los derechos adquiridos<\/h2>\n<p>En relaci\u00f3n con lo expuesto, recientemente los Tribunales han venido afirmando la <strong>imposibilidad de que la empresa, sin raz\u00f3n aparente, pueda dejar de entregar a sus empleados la cesta navide\u00f1a<\/strong>, si as\u00ed lo ven\u00eda haciendo durante a\u00f1os.<\/p>\n<p>La raz\u00f3n no es otra que, al haberse entregado este obsequio navide\u00f1o durante a\u00f1os a los empleados, el derecho a recibir la cesta se consolida como lo que se considera \u00abcondici\u00f3n m\u00e1s beneficiosa\u00bb, <strong>convirti\u00e9ndose en derechos adquiridos<\/strong> para el trabajador. As\u00ed lo ha afirmado una vez m\u00e1s el Tribunal Supremo en sentencia de 19 de noviembre de 2019.<\/p>\n<p>La \u00ab<strong>condici\u00f3n m\u00e1s beneficiosa\u00bb<\/strong>\u00a0constituye una <strong>figura jur\u00eddica dentro del \u00e1mbito de las relaciones laborales<\/strong>. Esta figura carece de una regulaci\u00f3n espec\u00edfica. Por tanto, la \u00abcondici\u00f3n m\u00e1s beneficiosa\u00bb se configura como un concepto consagrado en distintas resoluciones judiciales.<\/p>\n<p><img loading=\"lazy\" decoding=\"async\" class=\"size-full wp-image-36744 aligncenter\" src=\"https:\/\/empresas.infoempleo.com\/hrtrends\/media\/2020\/01\/regulacion-derechos-adquiridos-por-los-trabajadores.jpg\" alt=\"regulacion derechos adquiridos trabajadores\" width=\"724\" height=\"483\" srcset=\"https:\/\/empresas.infoempleo.com\/hrtrends\/media\/2020\/01\/regulacion-derechos-adquiridos-por-los-trabajadores.jpg 724w, https:\/\/empresas.infoempleo.com\/hrtrends\/media\/2020\/01\/regulacion-derechos-adquiridos-por-los-trabajadores-300x200.jpg 300w\" sizes=\"auto, (max-width: 724px) 100vw, 724px\" \/><\/p>\n<h2>Cuando podemos afirmar la existencia de la \u00abcondici\u00f3n m\u00e1s beneficiosa\u00bb<\/h2>\n<p>La \u00abcondici\u00f3n m\u00e1s beneficiosa\u00bb en muchas ocasiones <strong>no constituye una mejora de las condiciones contractuales<\/strong> expresamente pactada en el contrato de los trabajadores siendo, en su mayor\u00eda, condiciones reconocidas al trabajador de forma t\u00e1cita.<\/p>\n<p>Precisamente por eso, la existencia o no de la \u00abcondici\u00f3n m\u00e1s beneficiosa\u00bb <strong>debe valorarse en cada caso concreto<\/strong>, en funci\u00f3n de las circunstancias que rodean a una determinada condici\u00f3n existente en el trabajo, como puede ser por ejemplo las cestas de navidad.<\/p>\n<p>Los Tribunales han venido entendiendo que la \u00ab<strong>condici\u00f3n m\u00e1s beneficiosa<\/strong>\u00bb existe cuando la empresa entrega una liberalidad al trabajador (acto por el cual una persona procura o se compromete a procurar a otra una ventaja sin contrapartida). Es decir, se trata de <strong>algo que la empresas no tiene obligaci\u00f3n de entregar<\/strong>, pero lo hace por voluntad propia, de forma consciente, y reiteradamente a lo largo del tiempo.<\/p>\n<p>Por el contrario, como tantas otras veces han afirmado los \u00f3rganos jurisdiccionales, <strong>no estamos ante una \u00abcondici\u00f3n m\u00e1s beneficiosa\u00bb, cuando los trabajadores disfrutan de determinadas mejoras contractuales<\/strong>. No por el hecho de que el empresario de forma voluntaria y consciente as\u00ed se lo facilite a los empleados, sino porque el empleador tolera determinadas circunstancias no pactadas con los empleados.<\/p>\n<p>Tambi\u00e9n puede ser simplemente porque la empresa desconoce estar mejorando las condiciones a las que sus trabajadores tendr\u00edan derecho conforme a la normativa legal y convencional aplicable.<\/p>\n<h2>Cu\u00e1ndo se trata de derechos adquiridos<\/h2>\n<p>En definitiva, la \u00abcondici\u00f3n m\u00e1s beneficiosa\u00bb o el derecho adquirido para el trabajador constituye una <strong>mejora de sus condiciones pactadas<\/strong>. Y suele existir en las relaciones laborales de forma t\u00e1cita, sin que exista un pacto expreso a cerca de la misma.<\/p>\n<p>La existencia de la condici\u00f3n depender\u00e1, adem\u00e1s de que <strong>el trabajador disfrute de forma prolongada y reiterada de una determinada mejora<\/strong> de sus condiciones laborales, a que <strong>el empleador de forma consciente sea quien unilateralmente decida mejorar las condiciones<\/strong> de sus empleados. S\u00f3lo en este caso podremos afirmar que el trabajador dispone del derecho adquirido.<\/p>\n<p>Sin embargo, no estaremos ante una condici\u00f3n m\u00e1s beneficiosa cuando la misma exista por simple tolerancia o desconocimiento por parte del empresario.<\/p>\n","protected":false},"excerpt":{"rendered":"<p>Durante el periodo festivo que acabamos de disfrutar surgi\u00f3 un tema recurrente que ha generado una gran pol\u00e9mica.<a class=\"moretag\" href=\"https:\/\/empresas.infoempleo.com\/hrtrends\/derechos-adquiridos-como-se-regulan\/\"> Leer m\u00e1s<\/a><\/p>\n","protected":false},"author":130,"featured_media":36741,"comment_status":"closed","ping_status":"closed","sticky":false,"template":"","format":"standard","meta":{"footnotes":""},"categories":[3],"tags":[3321,1128,3322],"class_list":["post-36735","post","type-post","status-publish","format-standard","has-post-thumbnail","hentry","category-actualidad","tag-derechos-adquiridos","tag-derechos-laborales","tag-mejora-condiciones-laborales"],"yoast_head":"<!-- This site is optimized with the Yoast SEO plugin v26.1.1 - https:\/\/yoast.com\/wordpress\/plugins\/seo\/ -->\n<title>Derechos adquiridos por los trabajadores: \u00bfC\u00f3mo se regulan en nuestro pa\u00eds? | HRTRENDS<\/title>\n<meta name=\"description\" content=\"Si recibimos de forma reiterada determinados regalos o ventajas de nuestra empresa como la cesta de Navidad \u00bfse convierten en derechos adquiridos?\" \/>\n<meta name=\"robots\" content=\"index, follow, max-snippet:-1, max-image-preview:large, max-video-preview:-1\" \/>\n<link rel=\"canonical\" href=\"https:\/\/empresas.infoempleo.com\/hrtrends\/derechos-adquiridos-como-se-regulan\/\" \/>\n<meta property=\"og:locale\" content=\"es_ES\" \/>\n<meta property=\"og:type\" content=\"article\" \/>\n<meta property=\"og:title\" content=\"Derechos adquiridos por los trabajadores: \u00bfC\u00f3mo se regulan en nuestro pa\u00eds? | HRTRENDS\" \/>\n<meta property=\"og:description\" content=\"Si recibimos de forma reiterada determinados regalos o ventajas de nuestra empresa como la cesta de Navidad \u00bfse convierten en derechos adquiridos?\" \/>\n<meta property=\"og:url\" content=\"https:\/\/empresas.infoempleo.com\/hrtrends\/derechos-adquiridos-como-se-regulan\/\" \/>\n<meta property=\"og:site_name\" content=\"HRTRENDS\" \/>\n<meta property=\"article:publisher\" content=\"https:\/\/www.facebook.com\/Infoempleo\" \/>\n<meta property=\"article:published_time\" content=\"2020-01-14T05:30:42+00:00\" \/>\n<meta property=\"og:image\" content=\"https:\/\/empresas.infoempleo.com\/hrtrends\/media\/2020\/01\/HRTrends_derechos_adquiridos.jpg\" \/>\n\t<meta property=\"og:image:width\" content=\"980\" \/>\n\t<meta property=\"og:image:height\" content=\"600\" \/>\n\t<meta property=\"og:image:type\" content=\"image\/jpeg\" \/>\n<meta name=\"author\" content=\"Ignacio Chac\u00f3n\" \/>\n<meta name=\"twitter:card\" content=\"summary_large_image\" \/>\n<meta name=\"twitter:creator\" content=\"@infoempleo\" \/>\n<meta name=\"twitter:site\" content=\"@infoempleo\" \/>\n<meta name=\"twitter:label1\" content=\"Escrito por\" \/>\n\t<meta name=\"twitter:data1\" content=\"Ignacio Chac\u00f3n\" \/>\n\t<meta name=\"twitter:label2\" content=\"Tiempo de lectura\" \/>\n\t<meta name=\"twitter:data2\" content=\"3 minutos\" \/>\n<script type=\"application\/ld+json\" class=\"yoast-schema-graph\">{\"@context\":\"https:\/\/schema.org\",\"@graph\":[{\"@type\":\"NewsArticle\",\"@id\":\"https:\/\/empresas.infoempleo.com\/hrtrends\/derechos-adquiridos-como-se-regulan\/#article\",\"isPartOf\":{\"@id\":\"https:\/\/empresas.infoempleo.com\/hrtrends\/derechos-adquiridos-como-se-regulan\/\"},\"author\":{\"name\":\"Ignacio Chac\u00f3n\",\"@id\":\"https:\/\/empresas.infoempleo.com\/hrtrends\/#\/schema\/person\/beaec5e8a27bc44afcc089ce520dbc34\"},\"headline\":\"Derechos adquiridos por los trabajadores: \u00bfC\u00f3mo se regulan en nuestro pa\u00eds?\",\"datePublished\":\"2020-01-14T05:30:42+00:00\",\"mainEntityOfPage\":{\"@id\":\"https:\/\/empresas.infoempleo.com\/hrtrends\/derechos-adquiridos-como-se-regulan\/\"},\"wordCount\":648,\"publisher\":{\"@id\":\"https:\/\/empresas.infoempleo.com\/hrtrends\/#organization\"},\"image\":{\"@id\":\"https:\/\/empresas.infoempleo.com\/hrtrends\/derechos-adquiridos-como-se-regulan\/#primaryimage\"},\"thumbnailUrl\":\"https:\/\/empresas.infoempleo.com\/hrtrends\/media\/2020\/01\/HRTrends_derechos_adquiridos.jpg\",\"keywords\":[\"derechos adquiridos\",\"derechos laborales\",\"mejora condiciones laborales\"],\"articleSection\":[\"Actualidad\"],\"inLanguage\":\"es\",\"copyrightYear\":\"2020\",\"copyrightHolder\":{\"@id\":\"https:\/\/empresas.infoempleo.com\/hrtrends\/#organization\"}},{\"@type\":\"WebPage\",\"@id\":\"https:\/\/empresas.infoempleo.com\/hrtrends\/derechos-adquiridos-como-se-regulan\/\",\"url\":\"https:\/\/empresas.infoempleo.com\/hrtrends\/derechos-adquiridos-como-se-regulan\/\",\"name\":\"Derechos adquiridos por los trabajadores: \u00bfC\u00f3mo se regulan en nuestro pa\u00eds? | HRTRENDS\",\"isPartOf\":{\"@id\":\"https:\/\/empresas.infoempleo.com\/hrtrends\/#website\"},\"primaryImageOfPage\":{\"@id\":\"https:\/\/empresas.infoempleo.com\/hrtrends\/derechos-adquiridos-como-se-regulan\/#primaryimage\"},\"image\":{\"@id\":\"https:\/\/empresas.infoempleo.com\/hrtrends\/derechos-adquiridos-como-se-regulan\/#primaryimage\"},\"thumbnailUrl\":\"https:\/\/empresas.infoempleo.com\/hrtrends\/media\/2020\/01\/HRTrends_derechos_adquiridos.jpg\",\"datePublished\":\"2020-01-14T05:30:42+00:00\",\"description\":\"Si recibimos de forma reiterada determinados regalos o ventajas de nuestra empresa como la cesta de Navidad \u00bfse convierten en derechos adquiridos?\",\"breadcrumb\":{\"@id\":\"https:\/\/empresas.infoempleo.com\/hrtrends\/derechos-adquiridos-como-se-regulan\/#breadcrumb\"},\"inLanguage\":\"es\",\"potentialAction\":[{\"@type\":\"ReadAction\",\"target\":[\"https:\/\/empresas.infoempleo.com\/hrtrends\/derechos-adquiridos-como-se-regulan\/\"]}]},{\"@type\":\"ImageObject\",\"inLanguage\":\"es\",\"@id\":\"https:\/\/empresas.infoempleo.com\/hrtrends\/derechos-adquiridos-como-se-regulan\/#primaryimage\",\"url\":\"https:\/\/empresas.infoempleo.com\/hrtrends\/media\/2020\/01\/HRTrends_derechos_adquiridos-150x150.jpg\",\"contentUrl\":\"https:\/\/empresas.infoempleo.com\/hrtrends\/media\/2020\/01\/HRTrends_derechos_adquiridos-150x150.jpg\",\"width\":150,\"height\":150},{\"@type\":\"BreadcrumbList\",\"@id\":\"https:\/\/empresas.infoempleo.com\/hrtrends\/derechos-adquiridos-como-se-regulan\/#breadcrumb\",\"itemListElement\":[{\"@type\":\"ListItem\",\"position\":1,\"name\":\"Portada\",\"item\":\"https:\/\/empresas.infoempleo.com\/hrtrends\/\"},{\"@type\":\"ListItem\",\"position\":2,\"name\":\"Derechos adquiridos por los trabajadores: \u00bfC\u00f3mo se regulan en nuestro pa\u00eds?\"}]},{\"@type\":\"WebSite\",\"@id\":\"https:\/\/empresas.infoempleo.com\/hrtrends\/#website\",\"url\":\"https:\/\/empresas.infoempleo.com\/hrtrends\",\"name\":\"HRTrends by Infoempleo\",\"description\":\"\",\"publisher\":{\"@id\":\"https:\/\/empresas.infoempleo.com\/hrtrends\/#organization\"},\"potentialAction\":{\"@type\":\"SearchAction\",\"target\":\"https:\/\/empresas.infoempleo.com\/hrtrends\/?s={search_term_string}\",\"query-input\":\"required name=search_term_string\"},\"inLanguage\":\"es\"},{\"@type\":\"Organization\",\"@id\":\"https:\/\/empresas.infoempleo.com\/hrtrends\/#organization\",\"name\":\"Infoempleo\",\"url\":\"https:\/\/www.infoempleo.com\/\",\"logo\":{\"@type\":\"ImageObject\",\"@id\":\"https:\/\/empresas.infoempleo.com\/hrtrends\/#logo\",\"inLanguage\":\"es\",\"url\":\"https:\/\/cdnazure.infoempleo.com\/infoempleo\/assets\/style\/gfx\/logo.svg\",\"contentUrl\":\"https:\/\/cdnazure.infoempleo.com\/infoempleo\/assets\/style\/gfx\/logo.svg\",\"width\":150,\"height\":40,\"caption\":\"Infoempleo\"},\"image\":{\"@id\":\"https:\/\/empresas.infoempleo.com\/hrtrends\/#logo\"},\"sameAs\":[\"https:\/\/www.facebook.com\/Infoempleo\",\"https:\/\/x.com\/infoempleo\",\"http:\/\/instagram.com\/infoempleo\/\",\"http:\/\/www.linkedin.com\/groups\/Empleo-Espa\u00f1a-Infoempleocom-111276\",\"http:\/\/pinterest.com\/infoempleo\/\"],\"address\":{\"@type\":\"PostalAddress\",\"addressLocality\":\"Madrid\",\"postalCode\":\"28050\",\"streetAddress\":\"Avenida de Burgos 114\"},\"brand\":[\"Infoempleo\"]},{\"@type\":\"Person\",\"@id\":\"https:\/\/empresas.infoempleo.com\/hrtrends\/#\/schema\/person\/beaec5e8a27bc44afcc089ce520dbc34\",\"name\":\"Ignacio Chac\u00f3n\",\"image\":{\"@type\":\"ImageObject\",\"inLanguage\":\"es\",\"@id\":\"https:\/\/empresas.infoempleo.com\/hrtrends\/#\/schema\/person\/image\/\",\"url\":\"https:\/\/secure.gravatar.com\/avatar\/0266d7a6632c8ceeefc182650d37dc19da6c72fc954232ce162328b8d095de79?s=96&d=mm&r=g\",\"contentUrl\":\"https:\/\/secure.gravatar.com\/avatar\/0266d7a6632c8ceeefc182650d37dc19da6c72fc954232ce162328b8d095de79?s=96&d=mm&r=g\",\"caption\":\"Ignacio Chac\u00f3n\"},\"description\":\"Graduado en Derecho por la Universidad P\u00fablica de Navarra, y abogado especializado en derecho laboral, perteneciente al Muy Ilustre Colegio de Abogados de Pamplona\",\"sameAs\":[\"https:\/\/www.linkedin.com\/in\/ignacio-chacn-carvalhais-4763aa126\/\"],\"url\":\"https:\/\/empresas.infoempleo.com\/hrtrends\/author\/lexa-hrtrends\/\"}]}<\/script>\n<!-- \/ Yoast SEO plugin. -->","yoast_head_json":{"title":"Derechos adquiridos por los trabajadores: \u00bfC\u00f3mo se regulan en nuestro pa\u00eds? | HRTRENDS","description":"Si recibimos de forma reiterada determinados regalos o ventajas de nuestra empresa como la cesta de Navidad \u00bfse convierten en derechos adquiridos?","robots":{"index":"index","follow":"follow","max-snippet":"max-snippet:-1","max-image-preview":"max-image-preview:large","max-video-preview":"max-video-preview:-1"},"canonical":"https:\/\/empresas.infoempleo.com\/hrtrends\/derechos-adquiridos-como-se-regulan\/","og_locale":"es_ES","og_type":"article","og_title":"Derechos adquiridos por los trabajadores: \u00bfC\u00f3mo se regulan en nuestro pa\u00eds? | HRTRENDS","og_description":"Si recibimos de forma reiterada determinados regalos o ventajas de nuestra empresa como la cesta de Navidad \u00bfse convierten en derechos adquiridos?","og_url":"https:\/\/empresas.infoempleo.com\/hrtrends\/derechos-adquiridos-como-se-regulan\/","og_site_name":"HRTRENDS","article_publisher":"https:\/\/www.facebook.com\/Infoempleo","article_published_time":"2020-01-14T05:30:42+00:00","og_image":[{"width":980,"height":600,"url":"https:\/\/empresas.infoempleo.com\/hrtrends\/media\/2020\/01\/HRTrends_derechos_adquiridos.jpg","type":"image\/jpeg"}],"author":"Ignacio Chac\u00f3n","twitter_card":"summary_large_image","twitter_creator":"@infoempleo","twitter_site":"@infoempleo","twitter_misc":{"Escrito por":"Ignacio Chac\u00f3n","Tiempo de lectura":"3 minutos"},"schema":{"@context":"https:\/\/schema.org","@graph":[{"@type":"NewsArticle","@id":"https:\/\/empresas.infoempleo.com\/hrtrends\/derechos-adquiridos-como-se-regulan\/#article","isPartOf":{"@id":"https:\/\/empresas.infoempleo.com\/hrtrends\/derechos-adquiridos-como-se-regulan\/"},"author":{"name":"Ignacio Chac\u00f3n","@id":"https:\/\/empresas.infoempleo.com\/hrtrends\/#\/schema\/person\/beaec5e8a27bc44afcc089ce520dbc34"},"headline":"Derechos adquiridos por los trabajadores: \u00bfC\u00f3mo se regulan en nuestro pa\u00eds?","datePublished":"2020-01-14T05:30:42+00:00","mainEntityOfPage":{"@id":"https:\/\/empresas.infoempleo.com\/hrtrends\/derechos-adquiridos-como-se-regulan\/"},"wordCount":648,"publisher":{"@id":"https:\/\/empresas.infoempleo.com\/hrtrends\/#organization"},"image":{"@id":"https:\/\/empresas.infoempleo.com\/hrtrends\/derechos-adquiridos-como-se-regulan\/#primaryimage"},"thumbnailUrl":"https:\/\/empresas.infoempleo.com\/hrtrends\/media\/2020\/01\/HRTrends_derechos_adquiridos.jpg","keywords":["derechos adquiridos","derechos laborales","mejora condiciones laborales"],"articleSection":["Actualidad"],"inLanguage":"es","copyrightYear":"2020","copyrightHolder":{"@id":"https:\/\/empresas.infoempleo.com\/hrtrends\/#organization"}},{"@type":"WebPage","@id":"https:\/\/empresas.infoempleo.com\/hrtrends\/derechos-adquiridos-como-se-regulan\/","url":"https:\/\/empresas.infoempleo.com\/hrtrends\/derechos-adquiridos-como-se-regulan\/","name":"Derechos adquiridos por los trabajadores: \u00bfC\u00f3mo se regulan en nuestro pa\u00eds? | HRTRENDS","isPartOf":{"@id":"https:\/\/empresas.infoempleo.com\/hrtrends\/#website"},"primaryImageOfPage":{"@id":"https:\/\/empresas.infoempleo.com\/hrtrends\/derechos-adquiridos-como-se-regulan\/#primaryimage"},"image":{"@id":"https:\/\/empresas.infoempleo.com\/hrtrends\/derechos-adquiridos-como-se-regulan\/#primaryimage"},"thumbnailUrl":"https:\/\/empresas.infoempleo.com\/hrtrends\/media\/2020\/01\/HRTrends_derechos_adquiridos.jpg","datePublished":"2020-01-14T05:30:42+00:00","description":"Si recibimos de forma reiterada determinados regalos o ventajas de nuestra empresa como la cesta de Navidad \u00bfse convierten en derechos adquiridos?","breadcrumb":{"@id":"https:\/\/empresas.infoempleo.com\/hrtrends\/derechos-adquiridos-como-se-regulan\/#breadcrumb"},"inLanguage":"es","potentialAction":[{"@type":"ReadAction","target":["https:\/\/empresas.infoempleo.com\/hrtrends\/derechos-adquiridos-como-se-regulan\/"]}]},{"@type":"ImageObject","inLanguage":"es","@id":"https:\/\/empresas.infoempleo.com\/hrtrends\/derechos-adquiridos-como-se-regulan\/#primaryimage","url":"https:\/\/empresas.infoempleo.com\/hrtrends\/media\/2020\/01\/HRTrends_derechos_adquiridos-150x150.jpg","contentUrl":"https:\/\/empresas.infoempleo.com\/hrtrends\/media\/2020\/01\/HRTrends_derechos_adquiridos-150x150.jpg","width":150,"height":150},{"@type":"BreadcrumbList","@id":"https:\/\/empresas.infoempleo.com\/hrtrends\/derechos-adquiridos-como-se-regulan\/#breadcrumb","itemListElement":[{"@type":"ListItem","position":1,"name":"Portada","item":"https:\/\/empresas.infoempleo.com\/hrtrends\/"},{"@type":"ListItem","position":2,"name":"Derechos adquiridos por los trabajadores: \u00bfC\u00f3mo se regulan en nuestro pa\u00eds?"}]},{"@type":"WebSite","@id":"https:\/\/empresas.infoempleo.com\/hrtrends\/#website","url":"https:\/\/empresas.infoempleo.com\/hrtrends","name":"HRTrends by Infoempleo","description":"","publisher":{"@id":"https:\/\/empresas.infoempleo.com\/hrtrends\/#organization"},"potentialAction":{"@type":"SearchAction","target":"https:\/\/empresas.infoempleo.com\/hrtrends\/?s={search_term_string}","query-input":"required name=search_term_string"},"inLanguage":"es"},{"@type":"Organization","@id":"https:\/\/empresas.infoempleo.com\/hrtrends\/#organization","name":"Infoempleo","url":"https:\/\/www.infoempleo.com\/","logo":{"@type":"ImageObject","@id":"https:\/\/empresas.infoempleo.com\/hrtrends\/#logo","inLanguage":"es","url":"https:\/\/cdnazure.infoempleo.com\/infoempleo\/assets\/style\/gfx\/logo.svg","contentUrl":"https:\/\/cdnazure.infoempleo.com\/infoempleo\/assets\/style\/gfx\/logo.svg","width":150,"height":40,"caption":"Infoempleo"},"image":{"@id":"https:\/\/empresas.infoempleo.com\/hrtrends\/#logo"},"sameAs":["https:\/\/www.facebook.com\/Infoempleo","https:\/\/x.com\/infoempleo","http:\/\/instagram.com\/infoempleo\/","http:\/\/www.linkedin.com\/groups\/Empleo-Espa\u00f1a-Infoempleocom-111276","http:\/\/pinterest.com\/infoempleo\/"],"address":{"@type":"PostalAddress","addressLocality":"Madrid","postalCode":"28050","streetAddress":"Avenida de Burgos 114"},"brand":["Infoempleo"]},{"@type":"Person","@id":"https:\/\/empresas.infoempleo.com\/hrtrends\/#\/schema\/person\/beaec5e8a27bc44afcc089ce520dbc34","name":"Ignacio Chac\u00f3n","image":{"@type":"ImageObject","inLanguage":"es","@id":"https:\/\/empresas.infoempleo.com\/hrtrends\/#\/schema\/person\/image\/","url":"https:\/\/secure.gravatar.com\/avatar\/0266d7a6632c8ceeefc182650d37dc19da6c72fc954232ce162328b8d095de79?s=96&d=mm&r=g","contentUrl":"https:\/\/secure.gravatar.com\/avatar\/0266d7a6632c8ceeefc182650d37dc19da6c72fc954232ce162328b8d095de79?s=96&d=mm&r=g","caption":"Ignacio Chac\u00f3n"},"description":"Graduado en Derecho por la Universidad P\u00fablica de Navarra, y abogado especializado en derecho laboral, perteneciente al Muy Ilustre Colegio de Abogados de Pamplona","sameAs":["https:\/\/www.linkedin.com\/in\/ignacio-chacn-carvalhais-4763aa126\/"],"url":"https:\/\/empresas.infoempleo.com\/hrtrends\/author\/lexa-hrtrends\/"}]}},"amp_enabled":true,"_links":{"self":[{"href":"https:\/\/empresas.infoempleo.com\/hrtrends\/wp-json\/wp\/v2\/posts\/36735","targetHints":{"allow":["GET"]}}],"collection":[{"href":"https:\/\/empresas.infoempleo.com\/hrtrends\/wp-json\/wp\/v2\/posts"}],"about":[{"href":"https:\/\/empresas.infoempleo.com\/hrtrends\/wp-json\/wp\/v2\/types\/post"}],"author":[{"embeddable":true,"href":"https:\/\/empresas.infoempleo.com\/hrtrends\/wp-json\/wp\/v2\/users\/130"}],"replies":[{"embeddable":true,"href":"https:\/\/empresas.infoempleo.com\/hrtrends\/wp-json\/wp\/v2\/comments?post=36735"}],"version-history":[{"count":8,"href":"https:\/\/empresas.infoempleo.com\/hrtrends\/wp-json\/wp\/v2\/posts\/36735\/revisions"}],"predecessor-version":[{"id":36737,"href":"https:\/\/empresas.infoempleo.com\/hrtrends\/wp-json\/wp\/v2\/posts\/36735\/revisions\/36737"}],"wp:featuredmedia":[{"embeddable":true,"href":"https:\/\/empresas.infoempleo.com\/hrtrends\/wp-json\/wp\/v2\/media\/36741"}],"wp:attachment":[{"href":"https:\/\/empresas.infoempleo.com\/hrtrends\/wp-json\/wp\/v2\/media?parent=36735"}],"wp:term":[{"taxonomy":"category","embeddable":true,"href":"https:\/\/empresas.infoempleo.com\/hrtrends\/wp-json\/wp\/v2\/categories?post=36735"},{"taxonomy":"post_tag","embeddable":true,"href":"https:\/\/empresas.infoempleo.com\/hrtrends\/wp-json\/wp\/v2\/tags?post=36735"}],"curies":[{"name":"wp","href":"https:\/\/api.w.org\/{rel}","templated":true}]}}