{"id":36716,"date":"2020-01-16T07:30:21","date_gmt":"2020-01-16T05:30:21","guid":{"rendered":"https:\/\/empresas.infoempleo.com\/hrtrends\/?p=36716"},"modified":"2020-01-10T15:14:58","modified_gmt":"2020-01-10T13:14:58","slug":"cuando-el-exceso-de-perfeccion-es-un-problema","status":"publish","type":"post","link":"https:\/\/empresas.infoempleo.com\/hrtrends\/cuando-el-exceso-de-perfeccion-es-un-problema\/","title":{"rendered":"Cuando el exceso de perfecci\u00f3n es un problema"},"content":{"rendered":"<p>El exceso de perfecci\u00f3n, lejos de ser una virtud, es un<a href=\"http:\/\/blog.infoempleo.com\/a\/los-6-habitos-que-realizan-los-profesionales-mas-productivos\/\" target=\"_blank\" rel=\"noopener noreferrer\"><strong> impedimento para la productividad<\/strong><\/a>. Es importante detectarla en los equipos de trabajo ya que, en la mayor parte de las ocasiones, es sin\u00f3nimo de ineficacia.<\/p>\n<p>El triunfo del neoliberalismo frente a otros modelos socioecon\u00f3micos a partir de los a\u00f1os 80-90 del siglo pasado ha propiciado la <strong>composici\u00f3n de sociedades excesivamente individualistas y competitivas<\/strong>, seg\u00fan afirman algunos estudios. Las consecuencias pueden verse en la <strong>transformaci\u00f3n de algunos comportamientos en el \u00e1mbito laboral<\/strong>, como, por ejemplo, el aumento del perfeccionismo.<\/p>\n<h2>Caracter\u00edsticas del perfeccionista<\/h2>\n<p>Una persona perfeccionista cree que su trabajo <strong>nunca termina de estar bien del todo<\/strong>. La insatisfacci\u00f3n planea sobre las tareas que desempe\u00f1a lo que le obliga a hacer<strong> infinidad de correcciones y variaciones<\/strong>. La idea del fracaso le aterroriza. Esta actitud puede confundirse con el gusto por el trabajo bien hecho o esp\u00edritu de mejora. Pero nada m\u00e1s lejos de la realidad ya que es una<strong> obsesi\u00f3n que deriva en ineficacia<\/strong>.<\/p>\n<p>El perfeccionismo esconde una falsa idea de perfecci\u00f3n que no existe y un <strong>profundo temor al fracaso<\/strong>. Tambi\u00e9n tiene que ver con la <strong>b\u00fasqueda en exceso de la aprobaci\u00f3n<\/strong> de los dem\u00e1s.<\/p>\n<p>Esta b\u00fasqueda in\u00fatil de un nivel de desempe\u00f1o que se ajuste a un ideal <strong>provoca grandes niveles de estr\u00e9s y agotamiento<\/strong>. El resultado es un alto grado de frustraci\u00f3n y, como consecuencia, se <a href=\"https:\/\/empresas.infoempleo.com\/hrtrends\/mejorar-el-clima-laboral-en-tu-empresa\">crea un mal ambiente laboral<\/a>.<\/p>\n<p>La <strong>procrastinaci\u00f3n es tambi\u00e9n uno de los males del perfeccionista<\/strong>. Las tareas se posponen hasta el l\u00edmite para dilatar el momento en el que enfrentarse a esa sensaci\u00f3n de incompetencia, y, como consecuencia, <strong>es muy probable que no se cumpla con los plazos fijados.<\/strong><\/p>\n<h2>C\u00f3mo luchar contra el perfeccionismo<\/h2>\n<p>Lo recomendable a la hora de abordar un problema de actitud con un empleado perfeccionista es detectar qu\u00e9 tipo de comportamientos est\u00e1n provocando unos malos resultados. Es fundamental <strong>ayudar a identificar estas actitudes,<\/strong> porque muchas veces pasan desapercibidas para el afectado, que sin embargo, y no le falta raz\u00f3n, cree que tiene una implicaci\u00f3n m\u00e1xima.<\/p>\n<p><strong>Utilizar el humor para sacarlas a la luz<\/strong> puede ser una buena herramienta haciendo ver que las consecuencias de que el trabajo no est\u00e9 perfecto no pueden ser peores que las del trabajo no realizado.<\/p>\n<p>Otra pr\u00e1ctica puede ser <strong>revisar los cometidos que se han propuesto a esa persona <\/strong>y ver si son acordes con los conocimientos y aptitudes que tiene. Quiz\u00e1s se le est\u00e1 pidiendo algo que no puede afrontar en ese momento, pero su nivel de autoexigencia le impide reconocerlo.<\/p>\n<p><img loading=\"lazy\" decoding=\"async\" class=\"aligncenter wp-image-36720\" title=\"Qu\u00e9-esconde-el-perfeccionismo-en-el-trabajo\" src=\"https:\/\/empresas.infoempleo.com\/hrtrends\/media\/2020\/01\/HRTrends_Problemas-exceso-perfecci\u00f3n.jpg\" alt=\"Qu\u00e9-esconde-el-perfeccionismo-en-el-trabajo\" width=\"800\" height=\"533\" srcset=\"https:\/\/empresas.infoempleo.com\/hrtrends\/media\/2020\/01\/HRTrends_Problemas-exceso-perfecci\u00f3n.jpg 881w, https:\/\/empresas.infoempleo.com\/hrtrends\/media\/2020\/01\/HRTrends_Problemas-exceso-perfecci\u00f3n-300x200.jpg 300w, https:\/\/empresas.infoempleo.com\/hrtrends\/media\/2020\/01\/HRTrends_Problemas-exceso-perfecci\u00f3n-768x512.jpg 768w\" sizes=\"auto, (max-width: 800px) 100vw, 800px\" \/><\/p>\n<h2>Elogio del error y otras estrategias contra el perfeccionismo<\/h2>\n<p>Hacer un ejercicio de<strong> reconocimiento del error<\/strong> puede ser otra de las estrategias <strong>para evitar el perfeccionismo<\/strong>. En el perfeccionismo subyace una exigencia de \u00e9xito individual en el que <strong>el error es percibido como fracaso<\/strong> y debilidad.<\/p>\n<p>Puede evitarse enviando el mensaje de que <strong>se pueden cometer errores<\/strong>, que son deseables y que acompa\u00f1an, ineludiblemente, a los procesos creativos. La rigidez de los perfeccionistas es un <strong>bloqueo al flujo de ideas necesarias para la innovaci\u00f3n<\/strong>.<\/p>\n<p>Es interesante <strong>poner en valor la flexibilidad y rebajar la autoexigencia<\/strong>. Es mejor que el trabajo est\u00e9 realizado al 80% pero terminado que perfecto, y no entregado. Es lo que se entiende como trabajar con el \u201cno, pero casi\u201d. Esta actitud <strong>promueve la diligencia y la persistencia<\/strong> sin el bloqueo de la perfecci\u00f3n ideal.<\/p>\n<h2>C\u00f3mo abordar un jefe perfeccionista<\/h2>\n<p>Una persona <strong>perfeccionista con responsabilidades <\/strong>no ser\u00e1 capaz de delegar tareas eficazmente. Como tambi\u00e9n exige la perfecci\u00f3n para los dem\u00e1s <strong>nunca est\u00e1 satisfecho con el resultado del trabajo de los otros<\/strong>. Ejerce un exhaustivo control que perjudica a la motivaci\u00f3n del equipo.<\/p>\n<p>La falta de confianza en el trabajo de los dem\u00e1s provoca u<strong>n volumen excesivo de trabajo que carga sobre sus espaldas<\/strong>. Esto, adem\u00e1s, le impide ver con claridad los problemas y provoca su impaciencia e irritabilidad.<\/p>\n<p>Para combatir estas actitudes es <strong>importante <\/strong><a href=\"https:\/\/empresas.infoempleo.com\/hrtrends\/estilos-liderazgo-buen-jefe\/\"><strong>apostar por un tipo de liderazgo donde la confianza en el trabajo de los dem\u00e1s<\/strong><\/a> sea la norma. Un buen <strong>grado de autonom\u00eda en cada miembro<\/strong> de un equipo, acompa\u00f1ado de una <strong>mejor comunicaci\u00f3n<\/strong> obtiene excelentes resultados frente a un control excesivo.<\/p>\n<p>La <strong>soluci\u00f3n a los problemas<\/strong> no viene de una sola visi\u00f3n, si no del <strong>trabajo en colectivo<\/strong> donde la<strong> suma de inteligencias <\/strong>y la<strong> diversidad de perspectivas <\/strong>ser\u00e1 la que mejor pueda afrontar retos y cambios.<\/p>\n<p>La perfecci\u00f3n es inalcanzable, es una ilusi\u00f3n que <strong>limita y genera actitudes contrarias a la creatividad y la productividad<\/strong>. Celebrar el error ser\u00e1 una actitud mucho m\u00e1s eficaz y saludable para componer equipos de trabajo.<\/p>\n","protected":false},"excerpt":{"rendered":"<p>El exceso de perfecci\u00f3n, lejos de ser una virtud, es un impedimento para la productividad. Es importante detectarla<a class=\"moretag\" href=\"https:\/\/empresas.infoempleo.com\/hrtrends\/cuando-el-exceso-de-perfeccion-es-un-problema\/\"> Leer m\u00e1s<\/a><\/p>\n","protected":false},"author":29,"featured_media":36718,"comment_status":"closed","ping_status":"closed","sticky":false,"template":"","format":"standard","meta":{"footnotes":""},"categories":[3035],"tags":[2314,21,282],"class_list":["post-36716","post","type-post","status-publish","format-standard","has-post-thumbnail","hentry","category-consejos","tag-ambiente-laboral","tag-liderazgo","tag-productividad"],"yoast_head":"<!-- This site is optimized with the Yoast SEO plugin v26.1.1 - https:\/\/yoast.com\/wordpress\/plugins\/seo\/ -->\n<title>Cuando el exceso de perfecci\u00f3n es un problema | HRTRENDS<\/title>\n<meta name=\"description\" content=\"El exceso de perfecci\u00f3n es un impedimento para la productividad. Es importante detectarla en los equipos de trabajo ya que es sin\u00f3nimo de ineficacia.\" \/>\n<meta name=\"robots\" content=\"index, follow, max-snippet:-1, max-image-preview:large, max-video-preview:-1\" \/>\n<link rel=\"canonical\" href=\"https:\/\/empresas.infoempleo.com\/hrtrends\/cuando-el-exceso-de-perfeccion-es-un-problema\/\" \/>\n<meta property=\"og:locale\" content=\"es_ES\" \/>\n<meta property=\"og:type\" content=\"article\" \/>\n<meta property=\"og:title\" content=\"Cuando el exceso de perfecci\u00f3n es un problema | HRTRENDS\" \/>\n<meta property=\"og:description\" content=\"El exceso de perfecci\u00f3n es un impedimento para la productividad. Es importante detectarla en los equipos de trabajo ya que es sin\u00f3nimo de ineficacia.\" \/>\n<meta property=\"og:url\" content=\"https:\/\/empresas.infoempleo.com\/hrtrends\/cuando-el-exceso-de-perfeccion-es-un-problema\/\" \/>\n<meta property=\"og:site_name\" content=\"HRTRENDS\" \/>\n<meta property=\"article:publisher\" content=\"https:\/\/www.facebook.com\/Infoempleo\" \/>\n<meta property=\"article:published_time\" content=\"2020-01-16T05:30:21+00:00\" \/>\n<meta property=\"og:image\" content=\"https:\/\/empresas.infoempleo.com\/hrtrends\/media\/2020\/01\/HRTrends_C\u00f3mo-combatir-el-exceso-de-perfecci\u00f3n.jpg\" \/>\n\t<meta property=\"og:image:width\" content=\"881\" \/>\n\t<meta property=\"og:image:height\" content=\"543\" \/>\n\t<meta property=\"og:image:type\" content=\"image\/jpeg\" \/>\n<meta name=\"author\" content=\"Luisa Carrasco\" \/>\n<meta name=\"twitter:card\" content=\"summary_large_image\" \/>\n<meta name=\"twitter:creator\" content=\"@infoempleo\" \/>\n<meta name=\"twitter:site\" content=\"@infoempleo\" \/>\n<meta name=\"twitter:label1\" content=\"Escrito por\" \/>\n\t<meta name=\"twitter:data1\" content=\"Luisa Carrasco\" \/>\n\t<meta name=\"twitter:label2\" content=\"Tiempo de lectura\" \/>\n\t<meta name=\"twitter:data2\" content=\"4 minutos\" \/>\n<script type=\"application\/ld+json\" class=\"yoast-schema-graph\">{\"@context\":\"https:\/\/schema.org\",\"@graph\":[{\"@type\":\"NewsArticle\",\"@id\":\"https:\/\/empresas.infoempleo.com\/hrtrends\/cuando-el-exceso-de-perfeccion-es-un-problema\/#article\",\"isPartOf\":{\"@id\":\"https:\/\/empresas.infoempleo.com\/hrtrends\/cuando-el-exceso-de-perfeccion-es-un-problema\/\"},\"author\":{\"name\":\"Luisa Carrasco\",\"@id\":\"https:\/\/empresas.infoempleo.com\/hrtrends\/#\/schema\/person\/32ca57975913668419d075627a98dafe\"},\"headline\":\"Cuando el exceso de perfecci\u00f3n es un problema\",\"datePublished\":\"2020-01-16T05:30:21+00:00\",\"mainEntityOfPage\":{\"@id\":\"https:\/\/empresas.infoempleo.com\/hrtrends\/cuando-el-exceso-de-perfeccion-es-un-problema\/\"},\"wordCount\":820,\"publisher\":{\"@id\":\"https:\/\/empresas.infoempleo.com\/hrtrends\/#organization\"},\"image\":{\"@id\":\"https:\/\/empresas.infoempleo.com\/hrtrends\/cuando-el-exceso-de-perfeccion-es-un-problema\/#primaryimage\"},\"thumbnailUrl\":\"https:\/\/empresas.infoempleo.com\/hrtrends\/media\/2020\/01\/HRTrends_C\u00f3mo-combatir-el-exceso-de-perfecci\u00f3n.jpg\",\"keywords\":[\"ambiente laboral\",\"liderazgo\",\"productividad\"],\"articleSection\":[\"Consejos\"],\"inLanguage\":\"es\",\"copyrightYear\":\"2020\",\"copyrightHolder\":{\"@id\":\"https:\/\/empresas.infoempleo.com\/hrtrends\/#organization\"}},{\"@type\":\"WebPage\",\"@id\":\"https:\/\/empresas.infoempleo.com\/hrtrends\/cuando-el-exceso-de-perfeccion-es-un-problema\/\",\"url\":\"https:\/\/empresas.infoempleo.com\/hrtrends\/cuando-el-exceso-de-perfeccion-es-un-problema\/\",\"name\":\"Cuando el exceso de perfecci\u00f3n es un problema | HRTRENDS\",\"isPartOf\":{\"@id\":\"https:\/\/empresas.infoempleo.com\/hrtrends\/#website\"},\"primaryImageOfPage\":{\"@id\":\"https:\/\/empresas.infoempleo.com\/hrtrends\/cuando-el-exceso-de-perfeccion-es-un-problema\/#primaryimage\"},\"image\":{\"@id\":\"https:\/\/empresas.infoempleo.com\/hrtrends\/cuando-el-exceso-de-perfeccion-es-un-problema\/#primaryimage\"},\"thumbnailUrl\":\"https:\/\/empresas.infoempleo.com\/hrtrends\/media\/2020\/01\/HRTrends_C\u00f3mo-combatir-el-exceso-de-perfecci\u00f3n.jpg\",\"datePublished\":\"2020-01-16T05:30:21+00:00\",\"description\":\"El exceso de perfecci\u00f3n es un impedimento para la productividad. Es importante detectarla en los equipos de trabajo ya que es sin\u00f3nimo de ineficacia.\",\"breadcrumb\":{\"@id\":\"https:\/\/empresas.infoempleo.com\/hrtrends\/cuando-el-exceso-de-perfeccion-es-un-problema\/#breadcrumb\"},\"inLanguage\":\"es\",\"potentialAction\":[{\"@type\":\"ReadAction\",\"target\":[\"https:\/\/empresas.infoempleo.com\/hrtrends\/cuando-el-exceso-de-perfeccion-es-un-problema\/\"]}]},{\"@type\":\"ImageObject\",\"inLanguage\":\"es\",\"@id\":\"https:\/\/empresas.infoempleo.com\/hrtrends\/cuando-el-exceso-de-perfeccion-es-un-problema\/#primaryimage\",\"url\":\"https:\/\/empresas.infoempleo.com\/hrtrends\/media\/2020\/01\/HRTrends_C\u00f3mo-combatir-el-exceso-de-perfecci\u00f3n-150x150.jpg\",\"contentUrl\":\"https:\/\/empresas.infoempleo.com\/hrtrends\/media\/2020\/01\/HRTrends_C\u00f3mo-combatir-el-exceso-de-perfecci\u00f3n-150x150.jpg\",\"width\":150,\"height\":150,\"caption\":\"Caracter\u00edsticas-del-perfeccionista\"},{\"@type\":\"BreadcrumbList\",\"@id\":\"https:\/\/empresas.infoempleo.com\/hrtrends\/cuando-el-exceso-de-perfeccion-es-un-problema\/#breadcrumb\",\"itemListElement\":[{\"@type\":\"ListItem\",\"position\":1,\"name\":\"Portada\",\"item\":\"https:\/\/empresas.infoempleo.com\/hrtrends\/\"},{\"@type\":\"ListItem\",\"position\":2,\"name\":\"Cuando el exceso de perfecci\u00f3n es un problema\"}]},{\"@type\":\"WebSite\",\"@id\":\"https:\/\/empresas.infoempleo.com\/hrtrends\/#website\",\"url\":\"https:\/\/empresas.infoempleo.com\/hrtrends\",\"name\":\"HRTrends by Infoempleo\",\"description\":\"\",\"publisher\":{\"@id\":\"https:\/\/empresas.infoempleo.com\/hrtrends\/#organization\"},\"potentialAction\":{\"@type\":\"SearchAction\",\"target\":\"https:\/\/empresas.infoempleo.com\/hrtrends\/?s={search_term_string}\",\"query-input\":\"required name=search_term_string\"},\"inLanguage\":\"es\"},{\"@type\":\"Organization\",\"@id\":\"https:\/\/empresas.infoempleo.com\/hrtrends\/#organization\",\"name\":\"Infoempleo\",\"url\":\"https:\/\/www.infoempleo.com\/\",\"logo\":{\"@type\":\"ImageObject\",\"@id\":\"https:\/\/empresas.infoempleo.com\/hrtrends\/#logo\",\"inLanguage\":\"es\",\"url\":\"https:\/\/cdnazure.infoempleo.com\/infoempleo\/assets\/style\/gfx\/logo.svg\",\"contentUrl\":\"https:\/\/cdnazure.infoempleo.com\/infoempleo\/assets\/style\/gfx\/logo.svg\",\"width\":150,\"height\":40,\"caption\":\"Infoempleo\"},\"image\":{\"@id\":\"https:\/\/empresas.infoempleo.com\/hrtrends\/#logo\"},\"sameAs\":[\"https:\/\/www.facebook.com\/Infoempleo\",\"https:\/\/x.com\/infoempleo\",\"http:\/\/instagram.com\/infoempleo\/\",\"http:\/\/www.linkedin.com\/groups\/Empleo-Espa\u00f1a-Infoempleocom-111276\",\"http:\/\/pinterest.com\/infoempleo\/\"],\"address\":{\"@type\":\"PostalAddress\",\"addressLocality\":\"Madrid\",\"postalCode\":\"28050\",\"streetAddress\":\"Avenida de Burgos 114\"},\"brand\":[\"Infoempleo\"]},{\"@type\":\"Person\",\"@id\":\"https:\/\/empresas.infoempleo.com\/hrtrends\/#\/schema\/person\/32ca57975913668419d075627a98dafe\",\"name\":\"Luisa Carrasco\",\"image\":{\"@type\":\"ImageObject\",\"inLanguage\":\"es\",\"@id\":\"https:\/\/empresas.infoempleo.com\/hrtrends\/#\/schema\/person\/image\/\",\"url\":\"https:\/\/secure.gravatar.com\/avatar\/8cc7d7a784a8289007bbfddcef37ed7157c6ae70e89183748ddf5858d9133c86?s=96&d=mm&r=g\",\"contentUrl\":\"https:\/\/secure.gravatar.com\/avatar\/8cc7d7a784a8289007bbfddcef37ed7157c6ae70e89183748ddf5858d9133c86?s=96&d=mm&r=g\",\"caption\":\"Luisa Carrasco\"},\"description\":\"Licenciada en Sociolog\u00eda y posgrado en gesti\u00f3n de la comunicaci\u00f3n para organizaciones culturales. Me interesa todo lo que tiene que ver con la organizaci\u00f3n e integraci\u00f3n de los distintos agentes sociales. El \u00e1mbito laboral y el de la educaci\u00f3n y formaci\u00f3n es el punto de encuentro de gran parte de estos actores. Estoy al tanto de los temas de actualidad laboral, las tendencias en el mercado del trabajo, las nuevas iniciativas en el tejido empresarial y las propuestas de innovaci\u00f3n en materia de educaci\u00f3n y formaci\u00f3n. Por lo general, escribo en el blog de Infoempleo tres veces por semana.\",\"url\":\"https:\/\/empresas.infoempleo.com\/hrtrends\/author\/luisaagenciayerro\/\"}]}<\/script>\n<!-- \/ Yoast SEO plugin. -->","yoast_head_json":{"title":"Cuando el exceso de perfecci\u00f3n es un problema | HRTRENDS","description":"El exceso de perfecci\u00f3n es un impedimento para la productividad. Es importante detectarla en los equipos de trabajo ya que es sin\u00f3nimo de ineficacia.","robots":{"index":"index","follow":"follow","max-snippet":"max-snippet:-1","max-image-preview":"max-image-preview:large","max-video-preview":"max-video-preview:-1"},"canonical":"https:\/\/empresas.infoempleo.com\/hrtrends\/cuando-el-exceso-de-perfeccion-es-un-problema\/","og_locale":"es_ES","og_type":"article","og_title":"Cuando el exceso de perfecci\u00f3n es un problema | HRTRENDS","og_description":"El exceso de perfecci\u00f3n es un impedimento para la productividad. Es importante detectarla en los equipos de trabajo ya que es sin\u00f3nimo de ineficacia.","og_url":"https:\/\/empresas.infoempleo.com\/hrtrends\/cuando-el-exceso-de-perfeccion-es-un-problema\/","og_site_name":"HRTRENDS","article_publisher":"https:\/\/www.facebook.com\/Infoempleo","article_published_time":"2020-01-16T05:30:21+00:00","og_image":[{"width":881,"height":543,"url":"https:\/\/empresas.infoempleo.com\/hrtrends\/media\/2020\/01\/HRTrends_C\u00f3mo-combatir-el-exceso-de-perfecci\u00f3n.jpg","type":"image\/jpeg"}],"author":"Luisa Carrasco","twitter_card":"summary_large_image","twitter_creator":"@infoempleo","twitter_site":"@infoempleo","twitter_misc":{"Escrito por":"Luisa Carrasco","Tiempo de lectura":"4 minutos"},"schema":{"@context":"https:\/\/schema.org","@graph":[{"@type":"NewsArticle","@id":"https:\/\/empresas.infoempleo.com\/hrtrends\/cuando-el-exceso-de-perfeccion-es-un-problema\/#article","isPartOf":{"@id":"https:\/\/empresas.infoempleo.com\/hrtrends\/cuando-el-exceso-de-perfeccion-es-un-problema\/"},"author":{"name":"Luisa Carrasco","@id":"https:\/\/empresas.infoempleo.com\/hrtrends\/#\/schema\/person\/32ca57975913668419d075627a98dafe"},"headline":"Cuando el exceso de perfecci\u00f3n es un problema","datePublished":"2020-01-16T05:30:21+00:00","mainEntityOfPage":{"@id":"https:\/\/empresas.infoempleo.com\/hrtrends\/cuando-el-exceso-de-perfeccion-es-un-problema\/"},"wordCount":820,"publisher":{"@id":"https:\/\/empresas.infoempleo.com\/hrtrends\/#organization"},"image":{"@id":"https:\/\/empresas.infoempleo.com\/hrtrends\/cuando-el-exceso-de-perfeccion-es-un-problema\/#primaryimage"},"thumbnailUrl":"https:\/\/empresas.infoempleo.com\/hrtrends\/media\/2020\/01\/HRTrends_C\u00f3mo-combatir-el-exceso-de-perfecci\u00f3n.jpg","keywords":["ambiente laboral","liderazgo","productividad"],"articleSection":["Consejos"],"inLanguage":"es","copyrightYear":"2020","copyrightHolder":{"@id":"https:\/\/empresas.infoempleo.com\/hrtrends\/#organization"}},{"@type":"WebPage","@id":"https:\/\/empresas.infoempleo.com\/hrtrends\/cuando-el-exceso-de-perfeccion-es-un-problema\/","url":"https:\/\/empresas.infoempleo.com\/hrtrends\/cuando-el-exceso-de-perfeccion-es-un-problema\/","name":"Cuando el exceso de perfecci\u00f3n es un problema | HRTRENDS","isPartOf":{"@id":"https:\/\/empresas.infoempleo.com\/hrtrends\/#website"},"primaryImageOfPage":{"@id":"https:\/\/empresas.infoempleo.com\/hrtrends\/cuando-el-exceso-de-perfeccion-es-un-problema\/#primaryimage"},"image":{"@id":"https:\/\/empresas.infoempleo.com\/hrtrends\/cuando-el-exceso-de-perfeccion-es-un-problema\/#primaryimage"},"thumbnailUrl":"https:\/\/empresas.infoempleo.com\/hrtrends\/media\/2020\/01\/HRTrends_C\u00f3mo-combatir-el-exceso-de-perfecci\u00f3n.jpg","datePublished":"2020-01-16T05:30:21+00:00","description":"El exceso de perfecci\u00f3n es un impedimento para la productividad. Es importante detectarla en los equipos de trabajo ya que es sin\u00f3nimo de ineficacia.","breadcrumb":{"@id":"https:\/\/empresas.infoempleo.com\/hrtrends\/cuando-el-exceso-de-perfeccion-es-un-problema\/#breadcrumb"},"inLanguage":"es","potentialAction":[{"@type":"ReadAction","target":["https:\/\/empresas.infoempleo.com\/hrtrends\/cuando-el-exceso-de-perfeccion-es-un-problema\/"]}]},{"@type":"ImageObject","inLanguage":"es","@id":"https:\/\/empresas.infoempleo.com\/hrtrends\/cuando-el-exceso-de-perfeccion-es-un-problema\/#primaryimage","url":"https:\/\/empresas.infoempleo.com\/hrtrends\/media\/2020\/01\/HRTrends_C\u00f3mo-combatir-el-exceso-de-perfecci\u00f3n-150x150.jpg","contentUrl":"https:\/\/empresas.infoempleo.com\/hrtrends\/media\/2020\/01\/HRTrends_C\u00f3mo-combatir-el-exceso-de-perfecci\u00f3n-150x150.jpg","width":150,"height":150,"caption":"Caracter\u00edsticas-del-perfeccionista"},{"@type":"BreadcrumbList","@id":"https:\/\/empresas.infoempleo.com\/hrtrends\/cuando-el-exceso-de-perfeccion-es-un-problema\/#breadcrumb","itemListElement":[{"@type":"ListItem","position":1,"name":"Portada","item":"https:\/\/empresas.infoempleo.com\/hrtrends\/"},{"@type":"ListItem","position":2,"name":"Cuando el exceso de perfecci\u00f3n es un problema"}]},{"@type":"WebSite","@id":"https:\/\/empresas.infoempleo.com\/hrtrends\/#website","url":"https:\/\/empresas.infoempleo.com\/hrtrends","name":"HRTrends by Infoempleo","description":"","publisher":{"@id":"https:\/\/empresas.infoempleo.com\/hrtrends\/#organization"},"potentialAction":{"@type":"SearchAction","target":"https:\/\/empresas.infoempleo.com\/hrtrends\/?s={search_term_string}","query-input":"required name=search_term_string"},"inLanguage":"es"},{"@type":"Organization","@id":"https:\/\/empresas.infoempleo.com\/hrtrends\/#organization","name":"Infoempleo","url":"https:\/\/www.infoempleo.com\/","logo":{"@type":"ImageObject","@id":"https:\/\/empresas.infoempleo.com\/hrtrends\/#logo","inLanguage":"es","url":"https:\/\/cdnazure.infoempleo.com\/infoempleo\/assets\/style\/gfx\/logo.svg","contentUrl":"https:\/\/cdnazure.infoempleo.com\/infoempleo\/assets\/style\/gfx\/logo.svg","width":150,"height":40,"caption":"Infoempleo"},"image":{"@id":"https:\/\/empresas.infoempleo.com\/hrtrends\/#logo"},"sameAs":["https:\/\/www.facebook.com\/Infoempleo","https:\/\/x.com\/infoempleo","http:\/\/instagram.com\/infoempleo\/","http:\/\/www.linkedin.com\/groups\/Empleo-Espa\u00f1a-Infoempleocom-111276","http:\/\/pinterest.com\/infoempleo\/"],"address":{"@type":"PostalAddress","addressLocality":"Madrid","postalCode":"28050","streetAddress":"Avenida de Burgos 114"},"brand":["Infoempleo"]},{"@type":"Person","@id":"https:\/\/empresas.infoempleo.com\/hrtrends\/#\/schema\/person\/32ca57975913668419d075627a98dafe","name":"Luisa Carrasco","image":{"@type":"ImageObject","inLanguage":"es","@id":"https:\/\/empresas.infoempleo.com\/hrtrends\/#\/schema\/person\/image\/","url":"https:\/\/secure.gravatar.com\/avatar\/8cc7d7a784a8289007bbfddcef37ed7157c6ae70e89183748ddf5858d9133c86?s=96&d=mm&r=g","contentUrl":"https:\/\/secure.gravatar.com\/avatar\/8cc7d7a784a8289007bbfddcef37ed7157c6ae70e89183748ddf5858d9133c86?s=96&d=mm&r=g","caption":"Luisa Carrasco"},"description":"Licenciada en Sociolog\u00eda y posgrado en gesti\u00f3n de la comunicaci\u00f3n para organizaciones culturales. Me interesa todo lo que tiene que ver con la organizaci\u00f3n e integraci\u00f3n de los distintos agentes sociales. El \u00e1mbito laboral y el de la educaci\u00f3n y formaci\u00f3n es el punto de encuentro de gran parte de estos actores. Estoy al tanto de los temas de actualidad laboral, las tendencias en el mercado del trabajo, las nuevas iniciativas en el tejido empresarial y las propuestas de innovaci\u00f3n en materia de educaci\u00f3n y formaci\u00f3n. Por lo general, escribo en el blog de Infoempleo tres veces por semana.","url":"https:\/\/empresas.infoempleo.com\/hrtrends\/author\/luisaagenciayerro\/"}]}},"amp_enabled":true,"_links":{"self":[{"href":"https:\/\/empresas.infoempleo.com\/hrtrends\/wp-json\/wp\/v2\/posts\/36716","targetHints":{"allow":["GET"]}}],"collection":[{"href":"https:\/\/empresas.infoempleo.com\/hrtrends\/wp-json\/wp\/v2\/posts"}],"about":[{"href":"https:\/\/empresas.infoempleo.com\/hrtrends\/wp-json\/wp\/v2\/types\/post"}],"author":[{"embeddable":true,"href":"https:\/\/empresas.infoempleo.com\/hrtrends\/wp-json\/wp\/v2\/users\/29"}],"replies":[{"embeddable":true,"href":"https:\/\/empresas.infoempleo.com\/hrtrends\/wp-json\/wp\/v2\/comments?post=36716"}],"version-history":[{"count":13,"href":"https:\/\/empresas.infoempleo.com\/hrtrends\/wp-json\/wp\/v2\/posts\/36716\/revisions"}],"predecessor-version":[{"id":36731,"href":"https:\/\/empresas.infoempleo.com\/hrtrends\/wp-json\/wp\/v2\/posts\/36716\/revisions\/36731"}],"wp:featuredmedia":[{"embeddable":true,"href":"https:\/\/empresas.infoempleo.com\/hrtrends\/wp-json\/wp\/v2\/media\/36718"}],"wp:attachment":[{"href":"https:\/\/empresas.infoempleo.com\/hrtrends\/wp-json\/wp\/v2\/media?parent=36716"}],"wp:term":[{"taxonomy":"category","embeddable":true,"href":"https:\/\/empresas.infoempleo.com\/hrtrends\/wp-json\/wp\/v2\/categories?post=36716"},{"taxonomy":"post_tag","embeddable":true,"href":"https:\/\/empresas.infoempleo.com\/hrtrends\/wp-json\/wp\/v2\/tags?post=36716"}],"curies":[{"name":"wp","href":"https:\/\/api.w.org\/{rel}","templated":true}]}}