{"id":36601,"date":"2020-01-03T08:49:33","date_gmt":"2020-01-03T06:49:33","guid":{"rendered":"https:\/\/empresas.infoempleo.com\/hrtrends\/?p=36601"},"modified":"2019-12-17T13:42:08","modified_gmt":"2019-12-17T11:42:08","slug":"falta-de-companerismo","status":"publish","type":"post","link":"https:\/\/empresas.infoempleo.com\/hrtrends\/falta-de-companerismo\/","title":{"rendered":"C\u00f3mo terminar con la falta de compa\u00f1erismo en los equipos"},"content":{"rendered":"<p><span style=\"font-weight: 400;\">La <\/span><b>falta de compa\u00f1erismo<\/b><span style=\"font-weight: 400;\"> es uno\u00a0de los principales problemas a los que se enfrenta una empresa. Desde el <\/span><b>departamento de Recursos Humanos<\/b><span style=\"font-weight: 400;\"> es posible cambiar esto, aunque para poder hacerlo con \u00e9xito\u00a0tienes que ser consciente de cu\u00e1les son las principales causas que llevan a que se produzca esta situaci\u00f3n desfavorable, as\u00ed como de cu\u00e1les son los efectos que tiene sobre las compa\u00f1\u00edas. Te lo contamos a continuaci\u00f3n.<\/span><\/p>\n<p><img loading=\"lazy\" decoding=\"async\" class=\"aligncenter wp-image-36602 size-full\" title=\"C\u00f3mo combatir la falta de compa\u00f1erismo en tu empresa\" src=\"https:\/\/empresas.infoempleo.com\/hrtrends\/media\/2019\/12\/HRTRENDS_falta_compa\u00f1erismo_oficina2.jpg\" alt=\"C\u00f3mo combatir la falta de compa\u00f1erismo en tu empresa\" width=\"724\" height=\"483\" srcset=\"https:\/\/empresas.infoempleo.com\/hrtrends\/media\/2019\/12\/HRTRENDS_falta_compa\u00f1erismo_oficina2.jpg 724w, https:\/\/empresas.infoempleo.com\/hrtrends\/media\/2019\/12\/HRTRENDS_falta_compa\u00f1erismo_oficina2-300x200.jpg 300w\" sizes=\"auto, (max-width: 724px) 100vw, 724px\" \/><\/p>\n<h2>\u00bfCu\u00e1les son las causas que provocan falta de compa\u00f1erismo en la empresa?<span style=\"font-weight: 400;\"><br \/>\n<\/span><\/h2>\n<p><span style=\"font-weight: 400;\">La falta de compa\u00f1erismo puede darse por m\u00faltiples razones, si bien una de las principales es la <\/span><b>ausencia de liderazgo<\/b><span style=\"font-weight: 400;\">. Ten en cuenta que, cuando no hay una direcci\u00f3n clara del equipo, pueden generarse tensiones porque unos empleados trabajan m\u00e1s que otros o porque no todos asumen la misma responsabilidad. De esto pueden derivarse <\/span><b>cargas de trabajo excesivas<\/b><span style=\"font-weight: 400;\"> para algunos, lo cual genera un mal ambiente.\u00a0<\/span><\/p>\n<p><span style=\"font-weight: 400;\">Por otro lado, <strong>si en la oficina hay miembros antiguos y miembros m\u00e1s recientes<\/strong>, puede que los primeros no est\u00e9n <\/span>pendientes de los segundos<span style=\"font-weight: 400;\"> o que a los segundos les <\/span><b>cueste integrarse<\/b><span style=\"font-weight: 400;\">. En este sentido, debes poner de tu parte para conseguir que se establezcan los v\u00ednculos necesarios para que el equipo funcione correctamente.\u00a0<\/span><\/p>\n<p><span style=\"font-weight: 400;\">Por \u00faltimo, debes tener claro que hay <strong>personas que no trabajan bien en equipo<\/strong> y que no son buenas compa\u00f1eras. Por eso, es vital llevar a cabo <\/span><b>procesos de selecci\u00f3n eficaces<\/b><span style=\"font-weight: 400;\"> para detectar este tipo de perfiles. <\/span><\/p>\n<h2>Efectos negativos derivados de la falta de compa\u00f1erismo en la empresa<\/h2>\n<p><span style=\"font-weight: 400;\">La <\/span><b>falta de compa\u00f1erismo<\/b><span style=\"font-weight: 400;\"> genera mal ambiente, lo que ocasiona un <\/span><b>menor rendimiento laboral<\/b><span style=\"font-weight: 400;\">. Ten en cuenta que, cuando una persona no est\u00e1 a gusto en su puesto de trabajo y siente que no est\u00e1 alineada con sus compa\u00f1eros de equipo, est\u00e1 desmotivada y no es todo lo productiva que podr\u00eda ser.\u00a0 <\/span><span style=\"font-weight: 400;\">Adem\u00e1s, si los trabajadores de un equipo van cada uno por su lado, los resultados tienden a ser peores, pues no est\u00e1n unidos por un objetivo com\u00fan. De este modo, la <\/span><b>falta de compa\u00f1erismo<\/b><span style=\"font-weight: 400;\"> afecta a nivel tanto individual como colectivo.<\/span><span style=\"font-weight: 400;\"><br \/>\n<\/span><\/p>\n<h2>\u00bfC\u00f3mo solventar este problema?<\/h2>\n<p><span style=\"font-weight: 400;\">El primer paso para resolver este problema es detectarlo. De esta forma, como miembro del <\/span><b>departamento de Recursos Humanos<\/b><span style=\"font-weight: 400;\">, es imprescindible que prestes atenci\u00f3n a todos y cada uno de los miembros de tu equipo, as\u00ed como a las din\u00e1micas de trabajo del grupo. Si detectas que hay desigualdades o que se ha generado <\/span><b>mal ambiente<\/b><span style=\"font-weight: 400;\">, debes intervenir <\/span><b>tanto colectiva como individualmente<\/b><span style=\"font-weight: 400;\">. En este sentido, conversar con los empleados es vital. Debes interesarte por sus problemas y por sus necesidades y mediar en el caso de que haya alg\u00fan conflicto.<\/span><\/p>\n<p><span style=\"font-weight: 400;\">Por otro lado, es tu obligaci\u00f3n generar <\/span><a href=\"https:\/\/empresas.infoempleo.com\/hrtrends\/sentimiento-pertenencia-empleados\/\"><span style=\"font-weight: 400;\">sensaci\u00f3n de pertenencia<\/span><\/a><span style=\"font-weight: 400;\"> y <strong>fomentar la creaci\u00f3n de v\u00ednculos<\/strong> entre los miembros del equipo. Para ello, puedes llevar a cabo ejercicios o actividades de <\/span><a href=\"https:\/\/empresas.infoempleo.com\/hrtrends\/potenciar-team-building-empresa\/\"><span style=\"font-weight: 400;\">teambuilding<\/span><\/a><span style=\"font-weight: 400;\">.\u00a0<\/span><\/p>\n<p><span style=\"font-weight: 400;\">Por \u00faltimo, es imprescindible que lleves a cabo <\/span><b>buenos procesos de selecci\u00f3n<\/b><span style=\"font-weight: 400;\"> que funcionen como filtro para detectar <\/span><a href=\"https:\/\/empresas.infoempleo.com\/hrtrends\/los-empleados-toxicos-influencia-tienen-la-empresa\/\"><span style=\"font-weight: 400;\">empleados t\u00f3xicos<\/span><\/a><span style=\"font-weight: 400;\"> o con conductas individualistas. Para ello, puedes recurrir a los <\/span><b>test de personalidad<\/b><span style=\"font-weight: 400;\">.\u00a0<\/span><\/p>\n<p><span style=\"font-weight: 400;\">Como miembro del <\/span><b>departamento de Recursos Humanos<\/b><span style=\"font-weight: 400;\">, te tocar\u00e1 en muchas ocasiones lidiar con la <\/span><b>falta de compa\u00f1erismo<\/b><span style=\"font-weight: 400;\">, un problema que puede tener un impacto muy negativo en el ambiente de la empresa y en su productividad. Ahora ya sabes c\u00f3mo evitarlo y combatirlo. \u00a1Evitar\u00e1s muchos contratiempos!<\/span><\/p>\n","protected":false},"excerpt":{"rendered":"<p>La falta de compa\u00f1erismo es uno\u00a0de los principales problemas a los que se enfrenta una empresa. Desde el<a class=\"moretag\" href=\"https:\/\/empresas.infoempleo.com\/hrtrends\/falta-de-companerismo\/\"> Leer m\u00e1s<\/a><\/p>\n","protected":false},"author":122,"featured_media":36603,"comment_status":"closed","ping_status":"closed","sticky":false,"template":"","format":"standard","meta":{"footnotes":""},"categories":[3035],"tags":[2314,3213,3313],"class_list":["post-36601","post","type-post","status-publish","format-standard","has-post-thumbnail","hentry","category-consejos","tag-ambiente-laboral","tag-equipos","tag-falta-de-companerismo"],"yoast_head":"<!-- This site is optimized with the Yoast SEO plugin v26.1.1 - https:\/\/yoast.com\/wordpress\/plugins\/seo\/ -->\n<title>Falta de compa\u00f1erismo: c\u00f3mo combatirla desde RRHH<\/title>\n<meta name=\"description\" content=\"La falta de compa\u00f1erismo puede tener efectos muy negativos para los empleados y la empresa. Te contamos c\u00f3mo evitar y solucionar este problema.\" \/>\n<meta name=\"robots\" content=\"index, follow, max-snippet:-1, max-image-preview:large, max-video-preview:-1\" \/>\n<link rel=\"canonical\" href=\"https:\/\/empresas.infoempleo.com\/hrtrends\/falta-de-companerismo\/\" \/>\n<meta property=\"og:locale\" content=\"es_ES\" \/>\n<meta property=\"og:type\" content=\"article\" \/>\n<meta property=\"og:title\" content=\"Falta de compa\u00f1erismo: c\u00f3mo combatirla desde RRHH\" \/>\n<meta property=\"og:description\" content=\"La falta de compa\u00f1erismo puede tener efectos muy negativos para los empleados y la empresa. Te contamos c\u00f3mo evitar y solucionar este problema.\" \/>\n<meta property=\"og:url\" content=\"https:\/\/empresas.infoempleo.com\/hrtrends\/falta-de-companerismo\/\" \/>\n<meta property=\"og:site_name\" content=\"HRTRENDS\" \/>\n<meta property=\"article:publisher\" content=\"https:\/\/www.facebook.com\/Infoempleo\" \/>\n<meta property=\"article:published_time\" content=\"2020-01-03T06:49:33+00:00\" \/>\n<meta property=\"og:image\" content=\"https:\/\/empresas.infoempleo.com\/hrtrends\/media\/2019\/12\/HRTRENDS_falta_compa\u00f1erismo_oficina_1.jpg\" \/>\n\t<meta property=\"og:image:width\" content=\"724\" \/>\n\t<meta property=\"og:image:height\" content=\"483\" \/>\n\t<meta property=\"og:image:type\" content=\"image\/jpeg\" \/>\n<meta name=\"author\" content=\"Adriana M.\" \/>\n<meta name=\"twitter:card\" content=\"summary_large_image\" \/>\n<meta name=\"twitter:creator\" content=\"@infoempleo\" \/>\n<meta name=\"twitter:site\" content=\"@infoempleo\" \/>\n<meta name=\"twitter:label1\" content=\"Escrito por\" \/>\n\t<meta name=\"twitter:data1\" content=\"Adriana M.\" \/>\n\t<meta name=\"twitter:label2\" content=\"Tiempo de lectura\" \/>\n\t<meta name=\"twitter:data2\" content=\"3 minutos\" \/>\n<script type=\"application\/ld+json\" class=\"yoast-schema-graph\">{\"@context\":\"https:\/\/schema.org\",\"@graph\":[{\"@type\":\"NewsArticle\",\"@id\":\"https:\/\/empresas.infoempleo.com\/hrtrends\/falta-de-companerismo\/#article\",\"isPartOf\":{\"@id\":\"https:\/\/empresas.infoempleo.com\/hrtrends\/falta-de-companerismo\/\"},\"author\":{\"name\":\"Adriana M.\",\"@id\":\"https:\/\/empresas.infoempleo.com\/hrtrends\/#\/schema\/person\/b1dd51edbb566a47cd8f7513fa73d223\"},\"headline\":\"C\u00f3mo terminar con la falta de compa\u00f1erismo en los equipos\",\"datePublished\":\"2020-01-03T06:49:33+00:00\",\"mainEntityOfPage\":{\"@id\":\"https:\/\/empresas.infoempleo.com\/hrtrends\/falta-de-companerismo\/\"},\"wordCount\":598,\"publisher\":{\"@id\":\"https:\/\/empresas.infoempleo.com\/hrtrends\/#organization\"},\"image\":{\"@id\":\"https:\/\/empresas.infoempleo.com\/hrtrends\/falta-de-companerismo\/#primaryimage\"},\"thumbnailUrl\":\"https:\/\/empresas.infoempleo.com\/hrtrends\/media\/2019\/12\/HRTRENDS_falta_compa\u00f1erismo_oficina_1.jpg\",\"keywords\":[\"ambiente laboral\",\"equipos\",\"falta de compa\u00f1erismo\"],\"articleSection\":[\"Consejos\"],\"inLanguage\":\"es\",\"copyrightYear\":\"2020\",\"copyrightHolder\":{\"@id\":\"https:\/\/empresas.infoempleo.com\/hrtrends\/#organization\"}},{\"@type\":\"WebPage\",\"@id\":\"https:\/\/empresas.infoempleo.com\/hrtrends\/falta-de-companerismo\/\",\"url\":\"https:\/\/empresas.infoempleo.com\/hrtrends\/falta-de-companerismo\/\",\"name\":\"Falta de compa\u00f1erismo: c\u00f3mo combatirla desde RRHH\",\"isPartOf\":{\"@id\":\"https:\/\/empresas.infoempleo.com\/hrtrends\/#website\"},\"primaryImageOfPage\":{\"@id\":\"https:\/\/empresas.infoempleo.com\/hrtrends\/falta-de-companerismo\/#primaryimage\"},\"image\":{\"@id\":\"https:\/\/empresas.infoempleo.com\/hrtrends\/falta-de-companerismo\/#primaryimage\"},\"thumbnailUrl\":\"https:\/\/empresas.infoempleo.com\/hrtrends\/media\/2019\/12\/HRTRENDS_falta_compa\u00f1erismo_oficina_1.jpg\",\"datePublished\":\"2020-01-03T06:49:33+00:00\",\"description\":\"La falta de compa\u00f1erismo puede tener efectos muy negativos para los empleados y la empresa. Te contamos c\u00f3mo evitar y solucionar este problema.\",\"breadcrumb\":{\"@id\":\"https:\/\/empresas.infoempleo.com\/hrtrends\/falta-de-companerismo\/#breadcrumb\"},\"inLanguage\":\"es\",\"potentialAction\":[{\"@type\":\"ReadAction\",\"target\":[\"https:\/\/empresas.infoempleo.com\/hrtrends\/falta-de-companerismo\/\"]}]},{\"@type\":\"ImageObject\",\"inLanguage\":\"es\",\"@id\":\"https:\/\/empresas.infoempleo.com\/hrtrends\/falta-de-companerismo\/#primaryimage\",\"url\":\"https:\/\/empresas.infoempleo.com\/hrtrends\/media\/2019\/12\/HRTRENDS_falta_compa\u00f1erismo_oficina_1-150x150.jpg\",\"contentUrl\":\"https:\/\/empresas.infoempleo.com\/hrtrends\/media\/2019\/12\/HRTRENDS_falta_compa\u00f1erismo_oficina_1-150x150.jpg\",\"width\":150,\"height\":150,\"caption\":\"C\u00f3mo combatir la falta de compa\u00f1erismo en tu empresa\"},{\"@type\":\"BreadcrumbList\",\"@id\":\"https:\/\/empresas.infoempleo.com\/hrtrends\/falta-de-companerismo\/#breadcrumb\",\"itemListElement\":[{\"@type\":\"ListItem\",\"position\":1,\"name\":\"Portada\",\"item\":\"https:\/\/empresas.infoempleo.com\/hrtrends\/\"},{\"@type\":\"ListItem\",\"position\":2,\"name\":\"C\u00f3mo terminar con la falta de compa\u00f1erismo en los equipos\"}]},{\"@type\":\"WebSite\",\"@id\":\"https:\/\/empresas.infoempleo.com\/hrtrends\/#website\",\"url\":\"https:\/\/empresas.infoempleo.com\/hrtrends\",\"name\":\"HRTrends by Infoempleo\",\"description\":\"\",\"publisher\":{\"@id\":\"https:\/\/empresas.infoempleo.com\/hrtrends\/#organization\"},\"potentialAction\":{\"@type\":\"SearchAction\",\"target\":\"https:\/\/empresas.infoempleo.com\/hrtrends\/?s={search_term_string}\",\"query-input\":\"required name=search_term_string\"},\"inLanguage\":\"es\"},{\"@type\":\"Organization\",\"@id\":\"https:\/\/empresas.infoempleo.com\/hrtrends\/#organization\",\"name\":\"Infoempleo\",\"url\":\"https:\/\/www.infoempleo.com\/\",\"logo\":{\"@type\":\"ImageObject\",\"@id\":\"https:\/\/empresas.infoempleo.com\/hrtrends\/#logo\",\"inLanguage\":\"es\",\"url\":\"https:\/\/cdnazure.infoempleo.com\/infoempleo\/assets\/style\/gfx\/logo.svg\",\"contentUrl\":\"https:\/\/cdnazure.infoempleo.com\/infoempleo\/assets\/style\/gfx\/logo.svg\",\"width\":150,\"height\":40,\"caption\":\"Infoempleo\"},\"image\":{\"@id\":\"https:\/\/empresas.infoempleo.com\/hrtrends\/#logo\"},\"sameAs\":[\"https:\/\/www.facebook.com\/Infoempleo\",\"https:\/\/x.com\/infoempleo\",\"http:\/\/instagram.com\/infoempleo\/\",\"http:\/\/www.linkedin.com\/groups\/Empleo-Espa\u00f1a-Infoempleocom-111276\",\"http:\/\/pinterest.com\/infoempleo\/\"],\"address\":{\"@type\":\"PostalAddress\",\"addressLocality\":\"Madrid\",\"postalCode\":\"28050\",\"streetAddress\":\"Avenida de Burgos 114\"},\"brand\":[\"Infoempleo\"]},{\"@type\":\"Person\",\"@id\":\"https:\/\/empresas.infoempleo.com\/hrtrends\/#\/schema\/person\/b1dd51edbb566a47cd8f7513fa73d223\",\"name\":\"Adriana M.\",\"image\":{\"@type\":\"ImageObject\",\"inLanguage\":\"es\",\"@id\":\"https:\/\/empresas.infoempleo.com\/hrtrends\/#\/schema\/person\/image\/\",\"url\":\"https:\/\/secure.gravatar.com\/avatar\/243f7dd7e1db0ad0e9791be05df7d72ba5c8bf338408591753bae2fe87dae18d?s=96&d=mm&r=g\",\"contentUrl\":\"https:\/\/secure.gravatar.com\/avatar\/243f7dd7e1db0ad0e9791be05df7d72ba5c8bf338408591753bae2fe87dae18d?s=96&d=mm&r=g\",\"caption\":\"Adriana M.\"},\"description\":\"Periodista y experta en Comunicaci\u00f3n Audiovisual y Narrativa. Me encanta escribir y narrar lo que pasa a mi alrededor es mi pasi\u00f3n.\",\"url\":\"https:\/\/empresas.infoempleo.com\/hrtrends\/author\/adriana-kanvas\/\"}]}<\/script>\n<!-- \/ Yoast SEO plugin. -->","yoast_head_json":{"title":"Falta de compa\u00f1erismo: c\u00f3mo combatirla desde RRHH","description":"La falta de compa\u00f1erismo puede tener efectos muy negativos para los empleados y la empresa. Te contamos c\u00f3mo evitar y solucionar este problema.","robots":{"index":"index","follow":"follow","max-snippet":"max-snippet:-1","max-image-preview":"max-image-preview:large","max-video-preview":"max-video-preview:-1"},"canonical":"https:\/\/empresas.infoempleo.com\/hrtrends\/falta-de-companerismo\/","og_locale":"es_ES","og_type":"article","og_title":"Falta de compa\u00f1erismo: c\u00f3mo combatirla desde RRHH","og_description":"La falta de compa\u00f1erismo puede tener efectos muy negativos para los empleados y la empresa. Te contamos c\u00f3mo evitar y solucionar este problema.","og_url":"https:\/\/empresas.infoempleo.com\/hrtrends\/falta-de-companerismo\/","og_site_name":"HRTRENDS","article_publisher":"https:\/\/www.facebook.com\/Infoempleo","article_published_time":"2020-01-03T06:49:33+00:00","og_image":[{"width":724,"height":483,"url":"https:\/\/empresas.infoempleo.com\/hrtrends\/media\/2019\/12\/HRTRENDS_falta_compa\u00f1erismo_oficina_1.jpg","type":"image\/jpeg"}],"author":"Adriana M.","twitter_card":"summary_large_image","twitter_creator":"@infoempleo","twitter_site":"@infoempleo","twitter_misc":{"Escrito por":"Adriana M.","Tiempo de lectura":"3 minutos"},"schema":{"@context":"https:\/\/schema.org","@graph":[{"@type":"NewsArticle","@id":"https:\/\/empresas.infoempleo.com\/hrtrends\/falta-de-companerismo\/#article","isPartOf":{"@id":"https:\/\/empresas.infoempleo.com\/hrtrends\/falta-de-companerismo\/"},"author":{"name":"Adriana M.","@id":"https:\/\/empresas.infoempleo.com\/hrtrends\/#\/schema\/person\/b1dd51edbb566a47cd8f7513fa73d223"},"headline":"C\u00f3mo terminar con la falta de compa\u00f1erismo en los equipos","datePublished":"2020-01-03T06:49:33+00:00","mainEntityOfPage":{"@id":"https:\/\/empresas.infoempleo.com\/hrtrends\/falta-de-companerismo\/"},"wordCount":598,"publisher":{"@id":"https:\/\/empresas.infoempleo.com\/hrtrends\/#organization"},"image":{"@id":"https:\/\/empresas.infoempleo.com\/hrtrends\/falta-de-companerismo\/#primaryimage"},"thumbnailUrl":"https:\/\/empresas.infoempleo.com\/hrtrends\/media\/2019\/12\/HRTRENDS_falta_compa\u00f1erismo_oficina_1.jpg","keywords":["ambiente laboral","equipos","falta de compa\u00f1erismo"],"articleSection":["Consejos"],"inLanguage":"es","copyrightYear":"2020","copyrightHolder":{"@id":"https:\/\/empresas.infoempleo.com\/hrtrends\/#organization"}},{"@type":"WebPage","@id":"https:\/\/empresas.infoempleo.com\/hrtrends\/falta-de-companerismo\/","url":"https:\/\/empresas.infoempleo.com\/hrtrends\/falta-de-companerismo\/","name":"Falta de compa\u00f1erismo: c\u00f3mo combatirla desde RRHH","isPartOf":{"@id":"https:\/\/empresas.infoempleo.com\/hrtrends\/#website"},"primaryImageOfPage":{"@id":"https:\/\/empresas.infoempleo.com\/hrtrends\/falta-de-companerismo\/#primaryimage"},"image":{"@id":"https:\/\/empresas.infoempleo.com\/hrtrends\/falta-de-companerismo\/#primaryimage"},"thumbnailUrl":"https:\/\/empresas.infoempleo.com\/hrtrends\/media\/2019\/12\/HRTRENDS_falta_compa\u00f1erismo_oficina_1.jpg","datePublished":"2020-01-03T06:49:33+00:00","description":"La falta de compa\u00f1erismo puede tener efectos muy negativos para los empleados y la empresa. Te contamos c\u00f3mo evitar y solucionar este problema.","breadcrumb":{"@id":"https:\/\/empresas.infoempleo.com\/hrtrends\/falta-de-companerismo\/#breadcrumb"},"inLanguage":"es","potentialAction":[{"@type":"ReadAction","target":["https:\/\/empresas.infoempleo.com\/hrtrends\/falta-de-companerismo\/"]}]},{"@type":"ImageObject","inLanguage":"es","@id":"https:\/\/empresas.infoempleo.com\/hrtrends\/falta-de-companerismo\/#primaryimage","url":"https:\/\/empresas.infoempleo.com\/hrtrends\/media\/2019\/12\/HRTRENDS_falta_compa\u00f1erismo_oficina_1-150x150.jpg","contentUrl":"https:\/\/empresas.infoempleo.com\/hrtrends\/media\/2019\/12\/HRTRENDS_falta_compa\u00f1erismo_oficina_1-150x150.jpg","width":150,"height":150,"caption":"C\u00f3mo combatir la falta de compa\u00f1erismo en tu empresa"},{"@type":"BreadcrumbList","@id":"https:\/\/empresas.infoempleo.com\/hrtrends\/falta-de-companerismo\/#breadcrumb","itemListElement":[{"@type":"ListItem","position":1,"name":"Portada","item":"https:\/\/empresas.infoempleo.com\/hrtrends\/"},{"@type":"ListItem","position":2,"name":"C\u00f3mo terminar con la falta de compa\u00f1erismo en los equipos"}]},{"@type":"WebSite","@id":"https:\/\/empresas.infoempleo.com\/hrtrends\/#website","url":"https:\/\/empresas.infoempleo.com\/hrtrends","name":"HRTrends by Infoempleo","description":"","publisher":{"@id":"https:\/\/empresas.infoempleo.com\/hrtrends\/#organization"},"potentialAction":{"@type":"SearchAction","target":"https:\/\/empresas.infoempleo.com\/hrtrends\/?s={search_term_string}","query-input":"required name=search_term_string"},"inLanguage":"es"},{"@type":"Organization","@id":"https:\/\/empresas.infoempleo.com\/hrtrends\/#organization","name":"Infoempleo","url":"https:\/\/www.infoempleo.com\/","logo":{"@type":"ImageObject","@id":"https:\/\/empresas.infoempleo.com\/hrtrends\/#logo","inLanguage":"es","url":"https:\/\/cdnazure.infoempleo.com\/infoempleo\/assets\/style\/gfx\/logo.svg","contentUrl":"https:\/\/cdnazure.infoempleo.com\/infoempleo\/assets\/style\/gfx\/logo.svg","width":150,"height":40,"caption":"Infoempleo"},"image":{"@id":"https:\/\/empresas.infoempleo.com\/hrtrends\/#logo"},"sameAs":["https:\/\/www.facebook.com\/Infoempleo","https:\/\/x.com\/infoempleo","http:\/\/instagram.com\/infoempleo\/","http:\/\/www.linkedin.com\/groups\/Empleo-Espa\u00f1a-Infoempleocom-111276","http:\/\/pinterest.com\/infoempleo\/"],"address":{"@type":"PostalAddress","addressLocality":"Madrid","postalCode":"28050","streetAddress":"Avenida de Burgos 114"},"brand":["Infoempleo"]},{"@type":"Person","@id":"https:\/\/empresas.infoempleo.com\/hrtrends\/#\/schema\/person\/b1dd51edbb566a47cd8f7513fa73d223","name":"Adriana M.","image":{"@type":"ImageObject","inLanguage":"es","@id":"https:\/\/empresas.infoempleo.com\/hrtrends\/#\/schema\/person\/image\/","url":"https:\/\/secure.gravatar.com\/avatar\/243f7dd7e1db0ad0e9791be05df7d72ba5c8bf338408591753bae2fe87dae18d?s=96&d=mm&r=g","contentUrl":"https:\/\/secure.gravatar.com\/avatar\/243f7dd7e1db0ad0e9791be05df7d72ba5c8bf338408591753bae2fe87dae18d?s=96&d=mm&r=g","caption":"Adriana M."},"description":"Periodista y experta en Comunicaci\u00f3n Audiovisual y Narrativa. Me encanta escribir y narrar lo que pasa a mi alrededor es mi pasi\u00f3n.","url":"https:\/\/empresas.infoempleo.com\/hrtrends\/author\/adriana-kanvas\/"}]}},"amp_enabled":true,"_links":{"self":[{"href":"https:\/\/empresas.infoempleo.com\/hrtrends\/wp-json\/wp\/v2\/posts\/36601","targetHints":{"allow":["GET"]}}],"collection":[{"href":"https:\/\/empresas.infoempleo.com\/hrtrends\/wp-json\/wp\/v2\/posts"}],"about":[{"href":"https:\/\/empresas.infoempleo.com\/hrtrends\/wp-json\/wp\/v2\/types\/post"}],"author":[{"embeddable":true,"href":"https:\/\/empresas.infoempleo.com\/hrtrends\/wp-json\/wp\/v2\/users\/122"}],"replies":[{"embeddable":true,"href":"https:\/\/empresas.infoempleo.com\/hrtrends\/wp-json\/wp\/v2\/comments?post=36601"}],"version-history":[{"count":2,"href":"https:\/\/empresas.infoempleo.com\/hrtrends\/wp-json\/wp\/v2\/posts\/36601\/revisions"}],"predecessor-version":[{"id":36671,"href":"https:\/\/empresas.infoempleo.com\/hrtrends\/wp-json\/wp\/v2\/posts\/36601\/revisions\/36671"}],"wp:featuredmedia":[{"embeddable":true,"href":"https:\/\/empresas.infoempleo.com\/hrtrends\/wp-json\/wp\/v2\/media\/36603"}],"wp:attachment":[{"href":"https:\/\/empresas.infoempleo.com\/hrtrends\/wp-json\/wp\/v2\/media?parent=36601"}],"wp:term":[{"taxonomy":"category","embeddable":true,"href":"https:\/\/empresas.infoempleo.com\/hrtrends\/wp-json\/wp\/v2\/categories?post=36601"},{"taxonomy":"post_tag","embeddable":true,"href":"https:\/\/empresas.infoempleo.com\/hrtrends\/wp-json\/wp\/v2\/tags?post=36601"}],"curies":[{"name":"wp","href":"https:\/\/api.w.org\/{rel}","templated":true}]}}