{"id":36550,"date":"2019-12-16T07:30:40","date_gmt":"2019-12-16T05:30:40","guid":{"rendered":"https:\/\/empresas.infoempleo.com\/hrtrends\/?p=36550"},"modified":"2023-03-13T19:03:17","modified_gmt":"2023-03-13T17:03:17","slug":"edadismo-como-evitar-la-discriminacion-por-edad-en-los-procesos-de-seleccion","status":"publish","type":"post","link":"https:\/\/empresas.infoempleo.com\/hrtrends\/edadismo-como-evitar-la-discriminacion-por-edad-en-los-procesos-de-seleccion\/","title":{"rendered":"Edadismo: c\u00f3mo evitar la discriminaci\u00f3n por edad en los procesos de selecci\u00f3n"},"content":{"rendered":"<p>Si <a href=\"https:\/\/empresas.infoempleo.com\/hrtrends\/discriminacion-laboral-proceso-de-seleccion\">no quieres que en tu empresa discrimine en los procesos de selecci\u00f3n<\/a>, es conveniente que tomes <strong>medidas para evitarlo<\/strong>. Podr\u00edas estar perdiendo la oportunidad de <strong>contratar talento que necesitas<\/strong> por una cuesti\u00f3n que poco tiene que ver con la profesionalidad. El <strong>edadismo<\/strong> es uno de los <strong>prejuicios<\/strong> que llevan a esta situaci\u00f3n. Te contamos <strong>c\u00f3mo puedes combatirlo<\/strong>.<\/p>\n<p><!--more--><\/p>\n<p>Contar en la plantilla con personas que han pasado la cuarentena puede tener muchas ventajas. No hablamos solo de las <a href=\"https:\/\/empresas.infoempleo.com\/hrtrends\/que-ventajas-tiene-para-la-empresa-contratar-a-mayores-de-45-anos\/\">ventajas fiscales que existen a la hora de contratar a mayores de 45 a\u00f1os<\/a>. Nos referimos tambi\u00e9n a todo lo que supone <strong>fichar a gente experimentada y con una extensa cultura laboral<\/strong>, que se encuentran en la plenitud de su carrera y que no pretenden ir de empresa en empresa. Son edades a las que se busca un puesto estable y esto supone una barrera frente a la fuga de talento tambi\u00e9n.<\/p>\n<h2>Romper estereotipos frente al edadismo laboral<\/h2>\n<p>Las causas del edadismo se sustentan sobre <strong>una concepci\u00f3n anticuada del mercado laboral<\/strong>. Todav\u00eda se mantiene en el imaginario colectivo ese trabajador que lleva d\u00e9cadas acomodado en el mismo puesto. Acumula m\u00e9ritos, pluses, aumentos salariales y condiciones m\u00e1s ventajosas que el resto de la plantilla. No est\u00e1 dispuesto a hacer m\u00e1s de lo imprescindible y su implicaci\u00f3n es escasa, solo mira hacia la jubilaci\u00f3n.<\/p>\n<p>Sin embargo, \u00bfes esta la realidad del mercado laboral actual? Despu\u00e9s de una tremenda crisis como la que hemos pasado, <strong>de esta figura solo quedan algunos vestigios<\/strong>. Se dice que exigen salarios m\u00e1s altos, pero el hecho es que tanto los mayores como los m\u00e1s j\u00f3venes est\u00e1n a expensas de<strong> lo que las empresas ofrezcan<\/strong> y tienen el mismo exiguo margen de negociaci\u00f3n.<\/p>\n<p>Por otro lado, se dice que no est\u00e1n dispuestos a <strong>cambiar su metodolog\u00eda<\/strong>, la forma en la que han hecho siempre las cosas, y que se resisten a la <strong>digitalizaci\u00f3n<\/strong>. Puede que algunos se hayan quedado estancados; ahora bien, muchos otros han aprovechado el tiempo que han estado, por ejemplo desempleados, precisamente para <strong>reciclarse<\/strong> y encontrar una <strong>nueva oportunidad<\/strong> en el mercado laboral. O bien en sus anteriores empresas recibieron <strong>formaci\u00f3n continuada<\/strong>. Lejos de quedarse est\u00e1ticos, se muestran <strong>proactivos<\/strong> y son conscientes de la<strong> necesidad de mantenerse al d\u00eda <\/strong>si quieren mejorar su candidatura.<\/p>\n<p><img loading=\"lazy\" decoding=\"async\" class=\"alignnone wp-image-36569\" title=\"HR-Trends_edadismo-laboral\" src=\"https:\/\/empresas.infoempleo.com\/hrtrends\/media\/2019\/12\/HR-Trends_edadismo-laboral-1.jpg\" alt=\"HR-Trends_edadismo-laboral\" width=\"800\" height=\"437\" srcset=\"https:\/\/empresas.infoempleo.com\/hrtrends\/media\/2019\/12\/HR-Trends_edadismo-laboral-1.jpg 880w, https:\/\/empresas.infoempleo.com\/hrtrends\/media\/2019\/12\/HR-Trends_edadismo-laboral-1-300x164.jpg 300w, https:\/\/empresas.infoempleo.com\/hrtrends\/media\/2019\/12\/HR-Trends_edadismo-laboral-1-768x420.jpg 768w\" sizes=\"auto, (max-width: 800px) 100vw, 800px\" \/><\/p>\n<h2>Qu\u00e9 pueden hacer las empresas para evitar el edadismo en el trabajo<\/h2>\n<p>Uno de los mayores retos en este punto es <strong>conseguir que los reclutadores superen sus prejuicios<\/strong> y sean conscientes de los <a href=\"https:\/\/empresas.infoempleo.com\/hrtrends\/superar-dificultades-diversidad-equipos\/\">beneficios de la diversidad<\/a>. De lo contrario, la empresa dejar\u00e1 pasar oportunidades de reclutar a <strong>talento senior<\/strong> cualificado. Para trascender los prejuicios <strong>el m\u00e9todo m\u00e1s efectivo es la formaci\u00f3n<\/strong>, pues un prejuicio a <strong>menudo<\/strong> se instala por desconocimiento de lo que causa rechazo. As\u00ed pues, se han de planificar acciones formativas dirigidas a apreciar la diversidad generacional y descartar los sesgos del edadismo.<\/p>\n<p>Otro punto fundamental es <strong>revisar la redacci\u00f3n de las ofertas<\/strong> y, en general, toda la comunicaci\u00f3n que la empresa emite sobre su plantilla. Para evitar la discriminaci\u00f3n por edad, conviene sustituir expresiones como \u201cambiente joven\u201d por otras que expresen dinamismo, energ\u00eda o vitalidad, por ejemplo.<\/p>\n<p><strong>Durante el proceso de selecci\u00f3n, este esp\u00edritu debe mantenerse<\/strong>. Una situaci\u00f3n muy habitual es que los reclutadores mencionen la \u201csobrecualificaci\u00f3n\u201d de la persona candidata. Si ella opta al puesto por voluntad propia, \u00bfqu\u00e9 puede haber de negativo en que est\u00e9 sobrecualificada? Cuando este rasgo se ve como un inconveniente, a menudo hay una actitud edadista detr\u00e1s.<\/p>\n","protected":false},"excerpt":{"rendered":"<p>Si no quieres que en tu empresa discrimine en los procesos de selecci\u00f3n, es conveniente que tomes medidas<a class=\"moretag\" href=\"https:\/\/empresas.infoempleo.com\/hrtrends\/edadismo-como-evitar-la-discriminacion-por-edad-en-los-procesos-de-seleccion\/\"> Leer m\u00e1s<\/a><\/p>\n","protected":false},"author":28,"featured_media":36553,"comment_status":"closed","ping_status":"closed","sticky":false,"template":"","format":"standard","meta":{"footnotes":""},"categories":[3,3030],"tags":[143,2442,89],"class_list":["post-36550","post","type-post","status-publish","format-standard","has-post-thumbnail","hentry","category-actualidad","category-reclutamiento","tag-entrevista-2","tag-reclutamiento","tag-talento"],"yoast_head":"<!-- This site is optimized with the Yoast SEO plugin v26.1.1 - https:\/\/yoast.com\/wordpress\/plugins\/seo\/ -->\n<title>Edadismo: c\u00f3mo evitar la discriminaci\u00f3n por edad en los procesos de selecci\u00f3n | HRTRENDS<\/title>\n<meta name=\"description\" content=\"El edadismo es uno de los prejuicios que llevan a perder la oportunidad de contratar a talento cualificado. Te contamos c\u00f3mo puedes combatirlo.\" \/>\n<meta name=\"robots\" content=\"index, follow, max-snippet:-1, max-image-preview:large, max-video-preview:-1\" \/>\n<link rel=\"canonical\" href=\"https:\/\/empresas.infoempleo.com\/hrtrends\/edadismo-como-evitar-la-discriminacion-por-edad-en-los-procesos-de-seleccion\/\" \/>\n<meta property=\"og:locale\" content=\"es_ES\" \/>\n<meta property=\"og:type\" content=\"article\" \/>\n<meta property=\"og:title\" content=\"Edadismo: c\u00f3mo evitar la discriminaci\u00f3n por edad en los procesos de selecci\u00f3n | HRTRENDS\" \/>\n<meta property=\"og:description\" content=\"El edadismo es uno de los prejuicios que llevan a perder la oportunidad de contratar a talento cualificado. Te contamos c\u00f3mo puedes combatirlo.\" \/>\n<meta property=\"og:url\" content=\"https:\/\/empresas.infoempleo.com\/hrtrends\/edadismo-como-evitar-la-discriminacion-por-edad-en-los-procesos-de-seleccion\/\" \/>\n<meta property=\"og:site_name\" content=\"HRTRENDS\" \/>\n<meta property=\"article:publisher\" content=\"https:\/\/www.facebook.com\/Infoempleo\" \/>\n<meta property=\"article:published_time\" content=\"2019-12-16T05:30:40+00:00\" \/>\n<meta property=\"article:modified_time\" content=\"2023-03-13T17:03:17+00:00\" \/>\n<meta property=\"og:image\" content=\"https:\/\/empresas.infoempleo.com\/hrtrends\/media\/2019\/12\/HRTrends_edadismo-en-Espana.jpg\" \/>\n\t<meta property=\"og:image:width\" content=\"881\" \/>\n\t<meta property=\"og:image:height\" content=\"587\" \/>\n\t<meta property=\"og:image:type\" content=\"image\/jpeg\" \/>\n<meta name=\"author\" content=\"Ester Carrasco\" \/>\n<meta name=\"twitter:card\" content=\"summary_large_image\" \/>\n<meta name=\"twitter:creator\" content=\"@infoempleo\" \/>\n<meta name=\"twitter:site\" content=\"@infoempleo\" \/>\n<meta name=\"twitter:label1\" content=\"Escrito por\" \/>\n\t<meta name=\"twitter:data1\" content=\"Ester Carrasco\" \/>\n\t<meta name=\"twitter:label2\" content=\"Tiempo de lectura\" \/>\n\t<meta name=\"twitter:data2\" content=\"3 minutos\" \/>\n<script type=\"application\/ld+json\" class=\"yoast-schema-graph\">{\"@context\":\"https:\/\/schema.org\",\"@graph\":[{\"@type\":\"NewsArticle\",\"@id\":\"https:\/\/empresas.infoempleo.com\/hrtrends\/edadismo-como-evitar-la-discriminacion-por-edad-en-los-procesos-de-seleccion\/#article\",\"isPartOf\":{\"@id\":\"https:\/\/empresas.infoempleo.com\/hrtrends\/edadismo-como-evitar-la-discriminacion-por-edad-en-los-procesos-de-seleccion\/\"},\"author\":{\"name\":\"Ester Carrasco\",\"@id\":\"https:\/\/empresas.infoempleo.com\/hrtrends\/#\/schema\/person\/b5f470bbbcd4f7f0a6b8e4a99fd663a1\"},\"headline\":\"Edadismo: c\u00f3mo evitar la discriminaci\u00f3n por edad en los procesos de selecci\u00f3n\",\"datePublished\":\"2019-12-16T05:30:40+00:00\",\"dateModified\":\"2023-03-13T17:03:17+00:00\",\"mainEntityOfPage\":{\"@id\":\"https:\/\/empresas.infoempleo.com\/hrtrends\/edadismo-como-evitar-la-discriminacion-por-edad-en-los-procesos-de-seleccion\/\"},\"wordCount\":628,\"publisher\":{\"@id\":\"https:\/\/empresas.infoempleo.com\/hrtrends\/#organization\"},\"image\":{\"@id\":\"https:\/\/empresas.infoempleo.com\/hrtrends\/edadismo-como-evitar-la-discriminacion-por-edad-en-los-procesos-de-seleccion\/#primaryimage\"},\"thumbnailUrl\":\"https:\/\/empresas.infoempleo.com\/hrtrends\/media\/2019\/12\/HRTrends_edadismo-en-Espana.jpg\",\"keywords\":[\"entrevista\",\"reclutamiento\",\"talento\"],\"articleSection\":[\"Actualidad\",\"Reclutamiento\"],\"inLanguage\":\"es\",\"copyrightYear\":\"2019\",\"copyrightHolder\":{\"@id\":\"https:\/\/empresas.infoempleo.com\/hrtrends\/#organization\"}},{\"@type\":\"WebPage\",\"@id\":\"https:\/\/empresas.infoempleo.com\/hrtrends\/edadismo-como-evitar-la-discriminacion-por-edad-en-los-procesos-de-seleccion\/\",\"url\":\"https:\/\/empresas.infoempleo.com\/hrtrends\/edadismo-como-evitar-la-discriminacion-por-edad-en-los-procesos-de-seleccion\/\",\"name\":\"Edadismo: c\u00f3mo evitar la discriminaci\u00f3n por edad en los procesos de selecci\u00f3n | HRTRENDS\",\"isPartOf\":{\"@id\":\"https:\/\/empresas.infoempleo.com\/hrtrends\/#website\"},\"primaryImageOfPage\":{\"@id\":\"https:\/\/empresas.infoempleo.com\/hrtrends\/edadismo-como-evitar-la-discriminacion-por-edad-en-los-procesos-de-seleccion\/#primaryimage\"},\"image\":{\"@id\":\"https:\/\/empresas.infoempleo.com\/hrtrends\/edadismo-como-evitar-la-discriminacion-por-edad-en-los-procesos-de-seleccion\/#primaryimage\"},\"thumbnailUrl\":\"https:\/\/empresas.infoempleo.com\/hrtrends\/media\/2019\/12\/HRTrends_edadismo-en-Espana.jpg\",\"datePublished\":\"2019-12-16T05:30:40+00:00\",\"dateModified\":\"2023-03-13T17:03:17+00:00\",\"description\":\"El edadismo es uno de los prejuicios que llevan a perder la oportunidad de contratar a talento cualificado. Te contamos c\u00f3mo puedes combatirlo.\",\"breadcrumb\":{\"@id\":\"https:\/\/empresas.infoempleo.com\/hrtrends\/edadismo-como-evitar-la-discriminacion-por-edad-en-los-procesos-de-seleccion\/#breadcrumb\"},\"inLanguage\":\"es\",\"potentialAction\":[{\"@type\":\"ReadAction\",\"target\":[\"https:\/\/empresas.infoempleo.com\/hrtrends\/edadismo-como-evitar-la-discriminacion-por-edad-en-los-procesos-de-seleccion\/\"]}]},{\"@type\":\"ImageObject\",\"inLanguage\":\"es\",\"@id\":\"https:\/\/empresas.infoempleo.com\/hrtrends\/edadismo-como-evitar-la-discriminacion-por-edad-en-los-procesos-de-seleccion\/#primaryimage\",\"url\":\"https:\/\/empresas.infoempleo.com\/hrtrends\/media\/2019\/12\/HRTrends_edadismo-en-Espana-150x150.jpg\",\"contentUrl\":\"https:\/\/empresas.infoempleo.com\/hrtrends\/media\/2019\/12\/HRTrends_edadismo-en-Espana-150x150.jpg\",\"width\":150,\"height\":150},{\"@type\":\"BreadcrumbList\",\"@id\":\"https:\/\/empresas.infoempleo.com\/hrtrends\/edadismo-como-evitar-la-discriminacion-por-edad-en-los-procesos-de-seleccion\/#breadcrumb\",\"itemListElement\":[{\"@type\":\"ListItem\",\"position\":1,\"name\":\"Portada\",\"item\":\"https:\/\/empresas.infoempleo.com\/hrtrends\/\"},{\"@type\":\"ListItem\",\"position\":2,\"name\":\"Edadismo: c\u00f3mo evitar la discriminaci\u00f3n por edad en los procesos de selecci\u00f3n\"}]},{\"@type\":\"WebSite\",\"@id\":\"https:\/\/empresas.infoempleo.com\/hrtrends\/#website\",\"url\":\"https:\/\/empresas.infoempleo.com\/hrtrends\",\"name\":\"HRTrends by Infoempleo\",\"description\":\"\",\"publisher\":{\"@id\":\"https:\/\/empresas.infoempleo.com\/hrtrends\/#organization\"},\"potentialAction\":{\"@type\":\"SearchAction\",\"target\":\"https:\/\/empresas.infoempleo.com\/hrtrends\/?s={search_term_string}\",\"query-input\":\"required name=search_term_string\"},\"inLanguage\":\"es\"},{\"@type\":\"Organization\",\"@id\":\"https:\/\/empresas.infoempleo.com\/hrtrends\/#organization\",\"name\":\"Infoempleo\",\"url\":\"https:\/\/www.infoempleo.com\/\",\"logo\":{\"@type\":\"ImageObject\",\"@id\":\"https:\/\/empresas.infoempleo.com\/hrtrends\/#logo\",\"inLanguage\":\"es\",\"url\":\"https:\/\/cdnazure.infoempleo.com\/infoempleo\/assets\/style\/gfx\/logo.svg\",\"contentUrl\":\"https:\/\/cdnazure.infoempleo.com\/infoempleo\/assets\/style\/gfx\/logo.svg\",\"width\":150,\"height\":40,\"caption\":\"Infoempleo\"},\"image\":{\"@id\":\"https:\/\/empresas.infoempleo.com\/hrtrends\/#logo\"},\"sameAs\":[\"https:\/\/www.facebook.com\/Infoempleo\",\"https:\/\/x.com\/infoempleo\",\"http:\/\/instagram.com\/infoempleo\/\",\"http:\/\/www.linkedin.com\/groups\/Empleo-Espa\u00f1a-Infoempleocom-111276\",\"http:\/\/pinterest.com\/infoempleo\/\"],\"address\":{\"@type\":\"PostalAddress\",\"addressLocality\":\"Madrid\",\"postalCode\":\"28050\",\"streetAddress\":\"Avenida de Burgos 114\"},\"brand\":[\"Infoempleo\"]},{\"@type\":\"Person\",\"@id\":\"https:\/\/empresas.infoempleo.com\/hrtrends\/#\/schema\/person\/b5f470bbbcd4f7f0a6b8e4a99fd663a1\",\"name\":\"Ester Carrasco\",\"image\":{\"@type\":\"ImageObject\",\"inLanguage\":\"es\",\"@id\":\"https:\/\/empresas.infoempleo.com\/hrtrends\/#\/schema\/person\/image\/\",\"url\":\"https:\/\/secure.gravatar.com\/avatar\/faf8039f7480ebcd5f937fefead903a7965a3f0af255f45f22a6bfbcbf6f16cf?s=96&d=mm&r=g\",\"contentUrl\":\"https:\/\/secure.gravatar.com\/avatar\/faf8039f7480ebcd5f937fefead903a7965a3f0af255f45f22a6bfbcbf6f16cf?s=96&d=mm&r=g\",\"caption\":\"Ester Carrasco\"},\"description\":\"Licenciada en Filosof\u00eda, cuento con una amplia experiencia en el mundo editorial, en el que he tenido oportunidad de desarrollar mi perfil como editora, redactora y correctora. Me mantengo al d\u00eda de las noticias y novedades relacionadas con el empleo y el \u00e1mbito laboral. Tambi\u00e9n me interesan los temas de orientaci\u00f3n acad\u00e9mica y profesional para el desarrollo y construcci\u00f3n de perfiles laborales, as\u00ed como las formas de reclutar talento y de demostrarlo.\",\"url\":\"https:\/\/empresas.infoempleo.com\/hrtrends\/author\/ecarrascoagenciayerro\/\"}]}<\/script>\n<!-- \/ Yoast SEO plugin. -->","yoast_head_json":{"title":"Edadismo: c\u00f3mo evitar la discriminaci\u00f3n por edad en los procesos de selecci\u00f3n | HRTRENDS","description":"El edadismo es uno de los prejuicios que llevan a perder la oportunidad de contratar a talento cualificado. Te contamos c\u00f3mo puedes combatirlo.","robots":{"index":"index","follow":"follow","max-snippet":"max-snippet:-1","max-image-preview":"max-image-preview:large","max-video-preview":"max-video-preview:-1"},"canonical":"https:\/\/empresas.infoempleo.com\/hrtrends\/edadismo-como-evitar-la-discriminacion-por-edad-en-los-procesos-de-seleccion\/","og_locale":"es_ES","og_type":"article","og_title":"Edadismo: c\u00f3mo evitar la discriminaci\u00f3n por edad en los procesos de selecci\u00f3n | HRTRENDS","og_description":"El edadismo es uno de los prejuicios que llevan a perder la oportunidad de contratar a talento cualificado. Te contamos c\u00f3mo puedes combatirlo.","og_url":"https:\/\/empresas.infoempleo.com\/hrtrends\/edadismo-como-evitar-la-discriminacion-por-edad-en-los-procesos-de-seleccion\/","og_site_name":"HRTRENDS","article_publisher":"https:\/\/www.facebook.com\/Infoempleo","article_published_time":"2019-12-16T05:30:40+00:00","article_modified_time":"2023-03-13T17:03:17+00:00","og_image":[{"width":881,"height":587,"url":"https:\/\/empresas.infoempleo.com\/hrtrends\/media\/2019\/12\/HRTrends_edadismo-en-Espana.jpg","type":"image\/jpeg"}],"author":"Ester Carrasco","twitter_card":"summary_large_image","twitter_creator":"@infoempleo","twitter_site":"@infoempleo","twitter_misc":{"Escrito por":"Ester Carrasco","Tiempo de lectura":"3 minutos"},"schema":{"@context":"https:\/\/schema.org","@graph":[{"@type":"NewsArticle","@id":"https:\/\/empresas.infoempleo.com\/hrtrends\/edadismo-como-evitar-la-discriminacion-por-edad-en-los-procesos-de-seleccion\/#article","isPartOf":{"@id":"https:\/\/empresas.infoempleo.com\/hrtrends\/edadismo-como-evitar-la-discriminacion-por-edad-en-los-procesos-de-seleccion\/"},"author":{"name":"Ester Carrasco","@id":"https:\/\/empresas.infoempleo.com\/hrtrends\/#\/schema\/person\/b5f470bbbcd4f7f0a6b8e4a99fd663a1"},"headline":"Edadismo: c\u00f3mo evitar la discriminaci\u00f3n por edad en los procesos de selecci\u00f3n","datePublished":"2019-12-16T05:30:40+00:00","dateModified":"2023-03-13T17:03:17+00:00","mainEntityOfPage":{"@id":"https:\/\/empresas.infoempleo.com\/hrtrends\/edadismo-como-evitar-la-discriminacion-por-edad-en-los-procesos-de-seleccion\/"},"wordCount":628,"publisher":{"@id":"https:\/\/empresas.infoempleo.com\/hrtrends\/#organization"},"image":{"@id":"https:\/\/empresas.infoempleo.com\/hrtrends\/edadismo-como-evitar-la-discriminacion-por-edad-en-los-procesos-de-seleccion\/#primaryimage"},"thumbnailUrl":"https:\/\/empresas.infoempleo.com\/hrtrends\/media\/2019\/12\/HRTrends_edadismo-en-Espana.jpg","keywords":["entrevista","reclutamiento","talento"],"articleSection":["Actualidad","Reclutamiento"],"inLanguage":"es","copyrightYear":"2019","copyrightHolder":{"@id":"https:\/\/empresas.infoempleo.com\/hrtrends\/#organization"}},{"@type":"WebPage","@id":"https:\/\/empresas.infoempleo.com\/hrtrends\/edadismo-como-evitar-la-discriminacion-por-edad-en-los-procesos-de-seleccion\/","url":"https:\/\/empresas.infoempleo.com\/hrtrends\/edadismo-como-evitar-la-discriminacion-por-edad-en-los-procesos-de-seleccion\/","name":"Edadismo: c\u00f3mo evitar la discriminaci\u00f3n por edad en los procesos de selecci\u00f3n | HRTRENDS","isPartOf":{"@id":"https:\/\/empresas.infoempleo.com\/hrtrends\/#website"},"primaryImageOfPage":{"@id":"https:\/\/empresas.infoempleo.com\/hrtrends\/edadismo-como-evitar-la-discriminacion-por-edad-en-los-procesos-de-seleccion\/#primaryimage"},"image":{"@id":"https:\/\/empresas.infoempleo.com\/hrtrends\/edadismo-como-evitar-la-discriminacion-por-edad-en-los-procesos-de-seleccion\/#primaryimage"},"thumbnailUrl":"https:\/\/empresas.infoempleo.com\/hrtrends\/media\/2019\/12\/HRTrends_edadismo-en-Espana.jpg","datePublished":"2019-12-16T05:30:40+00:00","dateModified":"2023-03-13T17:03:17+00:00","description":"El edadismo es uno de los prejuicios que llevan a perder la oportunidad de contratar a talento cualificado. Te contamos c\u00f3mo puedes combatirlo.","breadcrumb":{"@id":"https:\/\/empresas.infoempleo.com\/hrtrends\/edadismo-como-evitar-la-discriminacion-por-edad-en-los-procesos-de-seleccion\/#breadcrumb"},"inLanguage":"es","potentialAction":[{"@type":"ReadAction","target":["https:\/\/empresas.infoempleo.com\/hrtrends\/edadismo-como-evitar-la-discriminacion-por-edad-en-los-procesos-de-seleccion\/"]}]},{"@type":"ImageObject","inLanguage":"es","@id":"https:\/\/empresas.infoempleo.com\/hrtrends\/edadismo-como-evitar-la-discriminacion-por-edad-en-los-procesos-de-seleccion\/#primaryimage","url":"https:\/\/empresas.infoempleo.com\/hrtrends\/media\/2019\/12\/HRTrends_edadismo-en-Espana-150x150.jpg","contentUrl":"https:\/\/empresas.infoempleo.com\/hrtrends\/media\/2019\/12\/HRTrends_edadismo-en-Espana-150x150.jpg","width":150,"height":150},{"@type":"BreadcrumbList","@id":"https:\/\/empresas.infoempleo.com\/hrtrends\/edadismo-como-evitar-la-discriminacion-por-edad-en-los-procesos-de-seleccion\/#breadcrumb","itemListElement":[{"@type":"ListItem","position":1,"name":"Portada","item":"https:\/\/empresas.infoempleo.com\/hrtrends\/"},{"@type":"ListItem","position":2,"name":"Edadismo: c\u00f3mo evitar la discriminaci\u00f3n por edad en los procesos de selecci\u00f3n"}]},{"@type":"WebSite","@id":"https:\/\/empresas.infoempleo.com\/hrtrends\/#website","url":"https:\/\/empresas.infoempleo.com\/hrtrends","name":"HRTrends by Infoempleo","description":"","publisher":{"@id":"https:\/\/empresas.infoempleo.com\/hrtrends\/#organization"},"potentialAction":{"@type":"SearchAction","target":"https:\/\/empresas.infoempleo.com\/hrtrends\/?s={search_term_string}","query-input":"required name=search_term_string"},"inLanguage":"es"},{"@type":"Organization","@id":"https:\/\/empresas.infoempleo.com\/hrtrends\/#organization","name":"Infoempleo","url":"https:\/\/www.infoempleo.com\/","logo":{"@type":"ImageObject","@id":"https:\/\/empresas.infoempleo.com\/hrtrends\/#logo","inLanguage":"es","url":"https:\/\/cdnazure.infoempleo.com\/infoempleo\/assets\/style\/gfx\/logo.svg","contentUrl":"https:\/\/cdnazure.infoempleo.com\/infoempleo\/assets\/style\/gfx\/logo.svg","width":150,"height":40,"caption":"Infoempleo"},"image":{"@id":"https:\/\/empresas.infoempleo.com\/hrtrends\/#logo"},"sameAs":["https:\/\/www.facebook.com\/Infoempleo","https:\/\/x.com\/infoempleo","http:\/\/instagram.com\/infoempleo\/","http:\/\/www.linkedin.com\/groups\/Empleo-Espa\u00f1a-Infoempleocom-111276","http:\/\/pinterest.com\/infoempleo\/"],"address":{"@type":"PostalAddress","addressLocality":"Madrid","postalCode":"28050","streetAddress":"Avenida de Burgos 114"},"brand":["Infoempleo"]},{"@type":"Person","@id":"https:\/\/empresas.infoempleo.com\/hrtrends\/#\/schema\/person\/b5f470bbbcd4f7f0a6b8e4a99fd663a1","name":"Ester Carrasco","image":{"@type":"ImageObject","inLanguage":"es","@id":"https:\/\/empresas.infoempleo.com\/hrtrends\/#\/schema\/person\/image\/","url":"https:\/\/secure.gravatar.com\/avatar\/faf8039f7480ebcd5f937fefead903a7965a3f0af255f45f22a6bfbcbf6f16cf?s=96&d=mm&r=g","contentUrl":"https:\/\/secure.gravatar.com\/avatar\/faf8039f7480ebcd5f937fefead903a7965a3f0af255f45f22a6bfbcbf6f16cf?s=96&d=mm&r=g","caption":"Ester Carrasco"},"description":"Licenciada en Filosof\u00eda, cuento con una amplia experiencia en el mundo editorial, en el que he tenido oportunidad de desarrollar mi perfil como editora, redactora y correctora. Me mantengo al d\u00eda de las noticias y novedades relacionadas con el empleo y el \u00e1mbito laboral. Tambi\u00e9n me interesan los temas de orientaci\u00f3n acad\u00e9mica y profesional para el desarrollo y construcci\u00f3n de perfiles laborales, as\u00ed como las formas de reclutar talento y de demostrarlo.","url":"https:\/\/empresas.infoempleo.com\/hrtrends\/author\/ecarrascoagenciayerro\/"}]}},"amp_enabled":true,"_links":{"self":[{"href":"https:\/\/empresas.infoempleo.com\/hrtrends\/wp-json\/wp\/v2\/posts\/36550","targetHints":{"allow":["GET"]}}],"collection":[{"href":"https:\/\/empresas.infoempleo.com\/hrtrends\/wp-json\/wp\/v2\/posts"}],"about":[{"href":"https:\/\/empresas.infoempleo.com\/hrtrends\/wp-json\/wp\/v2\/types\/post"}],"author":[{"embeddable":true,"href":"https:\/\/empresas.infoempleo.com\/hrtrends\/wp-json\/wp\/v2\/users\/28"}],"replies":[{"embeddable":true,"href":"https:\/\/empresas.infoempleo.com\/hrtrends\/wp-json\/wp\/v2\/comments?post=36550"}],"version-history":[{"count":6,"href":"https:\/\/empresas.infoempleo.com\/hrtrends\/wp-json\/wp\/v2\/posts\/36550\/revisions"}],"predecessor-version":[{"id":42802,"href":"https:\/\/empresas.infoempleo.com\/hrtrends\/wp-json\/wp\/v2\/posts\/36550\/revisions\/42802"}],"wp:featuredmedia":[{"embeddable":true,"href":"https:\/\/empresas.infoempleo.com\/hrtrends\/wp-json\/wp\/v2\/media\/36553"}],"wp:attachment":[{"href":"https:\/\/empresas.infoempleo.com\/hrtrends\/wp-json\/wp\/v2\/media?parent=36550"}],"wp:term":[{"taxonomy":"category","embeddable":true,"href":"https:\/\/empresas.infoempleo.com\/hrtrends\/wp-json\/wp\/v2\/categories?post=36550"},{"taxonomy":"post_tag","embeddable":true,"href":"https:\/\/empresas.infoempleo.com\/hrtrends\/wp-json\/wp\/v2\/tags?post=36550"}],"curies":[{"name":"wp","href":"https:\/\/api.w.org\/{rel}","templated":true}]}}