{"id":36361,"date":"2019-11-29T08:51:14","date_gmt":"2019-11-29T06:51:14","guid":{"rendered":"https:\/\/empresas.infoempleo.com\/hrtrends\/?p=36361"},"modified":"2019-11-13T12:25:29","modified_gmt":"2019-11-13T10:25:29","slug":"encuesta-ambiente-laboral","status":"publish","type":"post","link":"https:\/\/empresas.infoempleo.com\/hrtrends\/encuesta-ambiente-laboral\/","title":{"rendered":"C\u00f3mo llevar a cabo una encuesta de ambiente laboral en tu empresa"},"content":{"rendered":"<p><span style=\"font-weight: 400;\">La <\/span><b>encuesta de ambiente laboral<\/b><span style=\"font-weight: 400;\"> es una herramienta muy utilizada en <\/span><b>Recursos Humanos <\/b><span style=\"font-weight: 400;\">que permite obtener un conocimiento m\u00e1s profundo del estado del <\/span><a href=\"https:\/\/empresas.infoempleo.com\/hrtrends\/mejorar-el-clima-laboral-en-tu-empresa\"><span style=\"font-weight: 400;\">clima en la oficina<\/span><\/a><span style=\"font-weight: 400;\">. A continuaci\u00f3n, te contamos en qu\u00e9 consiste exactamente y c\u00f3mo puedes llevarla a cabo.\u00a0<\/span><\/p>\n<h2>\u00bfEn qu\u00e9 consiste una encuesta de ambiente laboral?<\/h2>\n<p><span style=\"font-weight: 400;\">La <\/span><b>encuesta de ambiente laboral<\/b><span style=\"font-weight: 400;\"> permite conocer c\u00f3mo se encuentran los trabajadores <\/span><b>a nivel emocional<\/b><span style=\"font-weight: 400;\"> dentro de la empresa. De este modo, refleja cuestiones relacionadas con su <\/span><b>grado de satisfacci\u00f3n<\/b><span style=\"font-weight: 400;\"> con respecto a su trabajo y sus tareas, as\u00ed como con su <\/span><b>sensaci\u00f3n de bienestar<\/b><span style=\"font-weight: 400;\"> en lo que se refiere a sus compa\u00f1eros y a los miembros de la direcci\u00f3n.\u00a0<\/span><\/p>\n<p><span style=\"font-weight: 400;\">Estas encuestas son <\/span><b>confidenciales<\/b><span style=\"font-weight: 400;\"> y permiten a los miembros del <\/span><b>departamento de Recursos Humanos<\/b><span style=\"font-weight: 400;\"> conocer <\/span><b>opiniones reales<\/b><span style=\"font-weight: 400;\"> de los miembros del equipo. Las respuestas dadas han de ser <\/span><b>analizadas en detalle<\/b><span style=\"font-weight: 400;\"> para poder obtener, as\u00ed, una perspectiva clara de <\/span><b>c\u00f3mo perciben<\/b><span style=\"font-weight: 400;\"> los empleados el clima de la empresa. De este modo, estas encuestas pueden ser muy \u00fatiles tanto para <\/span><b>detectar como para prevenir problemas<\/b><span style=\"font-weight: 400;\">.<\/span><\/p>\n<p><img loading=\"lazy\" decoding=\"async\" class=\"size-full wp-image-36362 aligncenter\" src=\"https:\/\/empresas.infoempleo.com\/hrtrends\/media\/2019\/11\/HRTRENDS_Encuesta_ambiente_laboral.jpg\" alt=\"C\u00f3mo hacer una encuesta de ambiente laboral\" width=\"724\" height=\"483\" srcset=\"https:\/\/empresas.infoempleo.com\/hrtrends\/media\/2019\/11\/HRTRENDS_Encuesta_ambiente_laboral.jpg 724w, https:\/\/empresas.infoempleo.com\/hrtrends\/media\/2019\/11\/HRTRENDS_Encuesta_ambiente_laboral-300x200.jpg 300w\" sizes=\"auto, (max-width: 724px) 100vw, 724px\" \/><\/p>\n<h2>\u00bfC\u00f3mo puede realizarse una encuesta de ambiente laboral?<\/h2>\n<p><span style=\"font-weight: 400;\">Antes de comenzar a dise\u00f1ar las preguntas de la <\/span><b>encuesta de ambiente laboral<\/b><span style=\"font-weight: 400;\">, hay que considerar varios aspectos como, por ejemplo, el <\/span><b>n\u00famero de empleados<\/b><span style=\"font-weight: 400;\"> que tiene la empresa. Adem\u00e1s, deber\u00e1s tener en cuenta la <\/span><b>ubicaci\u00f3n de la empresa<\/b><span style=\"font-weight: 400;\"> y el<\/span><b> nivel de cualificaci\u00f3n de los empleados<\/b><span style=\"font-weight: 400;\">. Por \u00faltimo, tienes que fijar claramente qu\u00e9 objetivos pretendes alcanzar con la encuesta como, por ejemplo, desarrollar medidas de mejora.\u00a0<\/span><span style=\"font-weight: 400;\">Como bien sabr\u00e1s, en el <\/span><b>\u00e1mbito de los RRHH<\/b><span style=\"font-weight: 400;\"> existen muchos tipos de encuestas diferentes (sobre <\/span><a href=\"https:\/\/empresas.infoempleo.com\/hrtrends\/encuestas-satisfaccion-laboral\/\"><span style=\"font-weight: 400;\">satisfacci\u00f3n laboral<\/span><\/a><span style=\"font-weight: 400;\">, sobre pol\u00edticas retributivas, sobre objetivos etc). Pero, \u00bfqu\u00e9 preguntas debes incluir cuando lo que quieres evaluar es el clima laboral? Te damos algunas ideas que te pueden resultar \u00fatiles:<\/span><span style=\"font-weight: 400;\"><br \/>\n<\/span><span style=\"font-weight: 400;\"><br \/>\n<\/span><span style=\"font-weight: 400;\">&#8211; Del 1 al 10, \u00bfc\u00f3mo de valorado te sientes por tus superiores?<\/span><\/p>\n<p>&#8211; Del 1 <span style=\"font-weight: 400;\">al 10, \u00bfc\u00f3mo de valorado te sientes por tus compa\u00f1eros?<\/span><\/p>\n<p>&#8211; D<span style=\"font-weight: 400;\">el 1 al 10, \u00bfc\u00f3mo valoras la comunicaci\u00f3n interna de la empresa?<\/span><\/p>\n<p>&#8211; D<span style=\"font-weight: 400;\">el 1 al 10, \u00bfc\u00f3mo de satisfecho te sientes trabajando en equipo?<\/span><\/p>\n<p>&#8211; Del 1 al 10, <span style=\"font-weight: 400;\">\u00bfc\u00f3mo de c\u00f3modo te sientes con tus compa\u00f1eros?<\/span><\/p>\n<p>&#8211; Del 1 al 10, <span style=\"font-weight: 400;\">\u00bfc\u00f3mo de c\u00f3modo te sientes con tus superiores?<\/span><\/p>\n<p>&#8211; Del 1 al 10, <span style=\"font-weight: 400;\">\u00bfc\u00f3mo de c\u00f3modo te sientes a la hora de exponer tus ideas frente a tus compa\u00f1eros?<\/span><\/p>\n<p>&#8211; D<span style=\"font-weight: 400;\">el 1 al 10, \u00bfc\u00f3mo de c\u00f3modo te sientes a la hora de exponer tus ideas frente a tus superiores?<\/span><\/p>\n<p><span style=\"font-weight: 400;\">Estos son solo unos pocos ejemplos de preguntas que podr\u00edas incluir. Como ves, todas est\u00e1n encaminadas <\/span><b>conocer el estado emocional<\/b><span style=\"font-weight: 400;\"> de los empleados en lo que respecta a sus semejantes y a sus jefes, es decir, su entorno laboral.\u00a0<\/span><\/p>\n<p><span style=\"font-weight: 400;\">El <\/span><b>clima en la oficina<\/b><span style=\"font-weight: 400;\"> es muy importante, tanto para los trabajadores como para la empresa ya que, si estos no se sienten c\u00f3modos, est\u00e1n <\/span><b>menos motivados<\/b><span style=\"font-weight: 400;\"> y son <\/span><b>menos productivos<\/b><span style=\"font-weight: 400;\">. En este sentido, hacer una <\/span><b>encuesta de ambiente laboral<\/b><span style=\"font-weight: 400;\"> de vez en cuando es siempre una buena idea, pues te ayudar\u00e1 a conocer de primera mano c\u00f3mo se sienten los empleados y te permitir\u00e1 <\/span><b>identificar o prevenir problemas<\/b><span style=\"font-weight: 400;\">. As\u00ed, podr\u00e1s <\/span><b>tomar las medidas oportunas<\/b><span style=\"font-weight: 400;\"> de forma m\u00e1s r\u00e1pida y eficaz. Adem\u00e1s, como has visto, es muy f\u00e1cil llevarla a cabo. \u00a1No esperes m\u00e1s!<\/span><\/p>\n","protected":false},"excerpt":{"rendered":"<p>La encuesta de ambiente laboral es una herramienta muy utilizada en Recursos Humanos que permite obtener un conocimiento<a class=\"moretag\" href=\"https:\/\/empresas.infoempleo.com\/hrtrends\/encuesta-ambiente-laboral\/\"> Leer m\u00e1s<\/a><\/p>\n","protected":false},"author":122,"featured_media":36363,"comment_status":"closed","ping_status":"closed","sticky":false,"template":"","format":"standard","meta":{"footnotes":""},"categories":[3035],"tags":[2641,1388],"class_list":["post-36361","post","type-post","status-publish","format-standard","has-post-thumbnail","hentry","category-consejos","tag-encuesta-de-clima-laboral","tag-satisfaccion-laboral"],"yoast_head":"<!-- This site is optimized with the Yoast SEO plugin v26.1.1 - https:\/\/yoast.com\/wordpress\/plugins\/seo\/ -->\n<title>Encuesta de ambiente laboral: consejos para llevarla a cabo<\/title>\n<meta name=\"description\" content=\"Una encuesta de ambiente laboral te permitir\u00e1 conocer mejor la situaci\u00f3n de los empleados en tu empresa. Te contamos c\u00f3mo realizarla.\" \/>\n<meta name=\"robots\" content=\"index, follow, max-snippet:-1, max-image-preview:large, max-video-preview:-1\" \/>\n<link rel=\"canonical\" href=\"https:\/\/empresas.infoempleo.com\/hrtrends\/encuesta-ambiente-laboral\/\" \/>\n<meta property=\"og:locale\" content=\"es_ES\" \/>\n<meta property=\"og:type\" content=\"article\" \/>\n<meta property=\"og:title\" content=\"Encuesta de ambiente laboral: consejos para llevarla a cabo\" \/>\n<meta property=\"og:description\" content=\"Una encuesta de ambiente laboral te permitir\u00e1 conocer mejor la situaci\u00f3n de los empleados en tu empresa. Te contamos c\u00f3mo realizarla.\" \/>\n<meta property=\"og:url\" content=\"https:\/\/empresas.infoempleo.com\/hrtrends\/encuesta-ambiente-laboral\/\" \/>\n<meta property=\"og:site_name\" content=\"HRTRENDS\" \/>\n<meta property=\"article:publisher\" content=\"https:\/\/www.facebook.com\/Infoempleo\" \/>\n<meta property=\"article:published_time\" content=\"2019-11-29T06:51:14+00:00\" \/>\n<meta property=\"og:image\" content=\"https:\/\/empresas.infoempleo.com\/hrtrends\/media\/2019\/11\/HRTRENDS_Encuesta_ambiente_laboral_principal.jpg\" \/>\n\t<meta property=\"og:image:width\" content=\"724\" \/>\n\t<meta property=\"og:image:height\" content=\"483\" \/>\n\t<meta property=\"og:image:type\" content=\"image\/jpeg\" \/>\n<meta name=\"author\" content=\"Adriana M.\" \/>\n<meta name=\"twitter:card\" content=\"summary_large_image\" \/>\n<meta name=\"twitter:creator\" content=\"@infoempleo\" \/>\n<meta name=\"twitter:site\" content=\"@infoempleo\" \/>\n<meta name=\"twitter:label1\" content=\"Escrito por\" \/>\n\t<meta name=\"twitter:data1\" content=\"Adriana M.\" \/>\n\t<meta name=\"twitter:label2\" content=\"Tiempo de lectura\" \/>\n\t<meta name=\"twitter:data2\" content=\"3 minutos\" \/>\n<script type=\"application\/ld+json\" class=\"yoast-schema-graph\">{\"@context\":\"https:\/\/schema.org\",\"@graph\":[{\"@type\":\"NewsArticle\",\"@id\":\"https:\/\/empresas.infoempleo.com\/hrtrends\/encuesta-ambiente-laboral\/#article\",\"isPartOf\":{\"@id\":\"https:\/\/empresas.infoempleo.com\/hrtrends\/encuesta-ambiente-laboral\/\"},\"author\":{\"name\":\"Adriana M.\",\"@id\":\"https:\/\/empresas.infoempleo.com\/hrtrends\/#\/schema\/person\/b1dd51edbb566a47cd8f7513fa73d223\"},\"headline\":\"C\u00f3mo llevar a cabo una encuesta de ambiente laboral en tu empresa\",\"datePublished\":\"2019-11-29T06:51:14+00:00\",\"mainEntityOfPage\":{\"@id\":\"https:\/\/empresas.infoempleo.com\/hrtrends\/encuesta-ambiente-laboral\/\"},\"wordCount\":591,\"publisher\":{\"@id\":\"https:\/\/empresas.infoempleo.com\/hrtrends\/#organization\"},\"image\":{\"@id\":\"https:\/\/empresas.infoempleo.com\/hrtrends\/encuesta-ambiente-laboral\/#primaryimage\"},\"thumbnailUrl\":\"https:\/\/empresas.infoempleo.com\/hrtrends\/media\/2019\/11\/HRTRENDS_Encuesta_ambiente_laboral_principal.jpg\",\"keywords\":[\"encuesta de clima laboral\",\"satisfacci\u00f3n laboral\"],\"articleSection\":[\"Consejos\"],\"inLanguage\":\"es\",\"copyrightYear\":\"2019\",\"copyrightHolder\":{\"@id\":\"https:\/\/empresas.infoempleo.com\/hrtrends\/#organization\"}},{\"@type\":\"WebPage\",\"@id\":\"https:\/\/empresas.infoempleo.com\/hrtrends\/encuesta-ambiente-laboral\/\",\"url\":\"https:\/\/empresas.infoempleo.com\/hrtrends\/encuesta-ambiente-laboral\/\",\"name\":\"Encuesta de ambiente laboral: consejos para llevarla a cabo\",\"isPartOf\":{\"@id\":\"https:\/\/empresas.infoempleo.com\/hrtrends\/#website\"},\"primaryImageOfPage\":{\"@id\":\"https:\/\/empresas.infoempleo.com\/hrtrends\/encuesta-ambiente-laboral\/#primaryimage\"},\"image\":{\"@id\":\"https:\/\/empresas.infoempleo.com\/hrtrends\/encuesta-ambiente-laboral\/#primaryimage\"},\"thumbnailUrl\":\"https:\/\/empresas.infoempleo.com\/hrtrends\/media\/2019\/11\/HRTRENDS_Encuesta_ambiente_laboral_principal.jpg\",\"datePublished\":\"2019-11-29T06:51:14+00:00\",\"description\":\"Una encuesta de ambiente laboral te permitir\u00e1 conocer mejor la situaci\u00f3n de los empleados en tu empresa. Te contamos c\u00f3mo realizarla.\",\"breadcrumb\":{\"@id\":\"https:\/\/empresas.infoempleo.com\/hrtrends\/encuesta-ambiente-laboral\/#breadcrumb\"},\"inLanguage\":\"es\",\"potentialAction\":[{\"@type\":\"ReadAction\",\"target\":[\"https:\/\/empresas.infoempleo.com\/hrtrends\/encuesta-ambiente-laboral\/\"]}]},{\"@type\":\"ImageObject\",\"inLanguage\":\"es\",\"@id\":\"https:\/\/empresas.infoempleo.com\/hrtrends\/encuesta-ambiente-laboral\/#primaryimage\",\"url\":\"https:\/\/empresas.infoempleo.com\/hrtrends\/media\/2019\/11\/HRTRENDS_Encuesta_ambiente_laboral_principal-150x150.jpg\",\"contentUrl\":\"https:\/\/empresas.infoempleo.com\/hrtrends\/media\/2019\/11\/HRTRENDS_Encuesta_ambiente_laboral_principal-150x150.jpg\",\"width\":150,\"height\":150,\"caption\":\"C\u00f3mo hacer una encuesta de ambiente laboral\"},{\"@type\":\"BreadcrumbList\",\"@id\":\"https:\/\/empresas.infoempleo.com\/hrtrends\/encuesta-ambiente-laboral\/#breadcrumb\",\"itemListElement\":[{\"@type\":\"ListItem\",\"position\":1,\"name\":\"Portada\",\"item\":\"https:\/\/empresas.infoempleo.com\/hrtrends\/\"},{\"@type\":\"ListItem\",\"position\":2,\"name\":\"C\u00f3mo llevar a cabo una encuesta de ambiente laboral en tu empresa\"}]},{\"@type\":\"WebSite\",\"@id\":\"https:\/\/empresas.infoempleo.com\/hrtrends\/#website\",\"url\":\"https:\/\/empresas.infoempleo.com\/hrtrends\",\"name\":\"HRTrends by Infoempleo\",\"description\":\"\",\"publisher\":{\"@id\":\"https:\/\/empresas.infoempleo.com\/hrtrends\/#organization\"},\"potentialAction\":{\"@type\":\"SearchAction\",\"target\":\"https:\/\/empresas.infoempleo.com\/hrtrends\/?s={search_term_string}\",\"query-input\":\"required name=search_term_string\"},\"inLanguage\":\"es\"},{\"@type\":\"Organization\",\"@id\":\"https:\/\/empresas.infoempleo.com\/hrtrends\/#organization\",\"name\":\"Infoempleo\",\"url\":\"https:\/\/www.infoempleo.com\/\",\"logo\":{\"@type\":\"ImageObject\",\"@id\":\"https:\/\/empresas.infoempleo.com\/hrtrends\/#logo\",\"inLanguage\":\"es\",\"url\":\"https:\/\/cdnazure.infoempleo.com\/infoempleo\/assets\/style\/gfx\/logo.svg\",\"contentUrl\":\"https:\/\/cdnazure.infoempleo.com\/infoempleo\/assets\/style\/gfx\/logo.svg\",\"width\":150,\"height\":40,\"caption\":\"Infoempleo\"},\"image\":{\"@id\":\"https:\/\/empresas.infoempleo.com\/hrtrends\/#logo\"},\"sameAs\":[\"https:\/\/www.facebook.com\/Infoempleo\",\"https:\/\/x.com\/infoempleo\",\"http:\/\/instagram.com\/infoempleo\/\",\"http:\/\/www.linkedin.com\/groups\/Empleo-Espa\u00f1a-Infoempleocom-111276\",\"http:\/\/pinterest.com\/infoempleo\/\"],\"address\":{\"@type\":\"PostalAddress\",\"addressLocality\":\"Madrid\",\"postalCode\":\"28050\",\"streetAddress\":\"Avenida de Burgos 114\"},\"brand\":[\"Infoempleo\"]},{\"@type\":\"Person\",\"@id\":\"https:\/\/empresas.infoempleo.com\/hrtrends\/#\/schema\/person\/b1dd51edbb566a47cd8f7513fa73d223\",\"name\":\"Adriana M.\",\"image\":{\"@type\":\"ImageObject\",\"inLanguage\":\"es\",\"@id\":\"https:\/\/empresas.infoempleo.com\/hrtrends\/#\/schema\/person\/image\/\",\"url\":\"https:\/\/secure.gravatar.com\/avatar\/243f7dd7e1db0ad0e9791be05df7d72ba5c8bf338408591753bae2fe87dae18d?s=96&d=mm&r=g\",\"contentUrl\":\"https:\/\/secure.gravatar.com\/avatar\/243f7dd7e1db0ad0e9791be05df7d72ba5c8bf338408591753bae2fe87dae18d?s=96&d=mm&r=g\",\"caption\":\"Adriana M.\"},\"description\":\"Periodista y experta en Comunicaci\u00f3n Audiovisual y Narrativa. Me encanta escribir y narrar lo que pasa a mi alrededor es mi pasi\u00f3n.\",\"url\":\"https:\/\/empresas.infoempleo.com\/hrtrends\/author\/adriana-kanvas\/\"}]}<\/script>\n<!-- \/ Yoast SEO plugin. -->","yoast_head_json":{"title":"Encuesta de ambiente laboral: consejos para llevarla a cabo","description":"Una encuesta de ambiente laboral te permitir\u00e1 conocer mejor la situaci\u00f3n de los empleados en tu empresa. Te contamos c\u00f3mo realizarla.","robots":{"index":"index","follow":"follow","max-snippet":"max-snippet:-1","max-image-preview":"max-image-preview:large","max-video-preview":"max-video-preview:-1"},"canonical":"https:\/\/empresas.infoempleo.com\/hrtrends\/encuesta-ambiente-laboral\/","og_locale":"es_ES","og_type":"article","og_title":"Encuesta de ambiente laboral: consejos para llevarla a cabo","og_description":"Una encuesta de ambiente laboral te permitir\u00e1 conocer mejor la situaci\u00f3n de los empleados en tu empresa. Te contamos c\u00f3mo realizarla.","og_url":"https:\/\/empresas.infoempleo.com\/hrtrends\/encuesta-ambiente-laboral\/","og_site_name":"HRTRENDS","article_publisher":"https:\/\/www.facebook.com\/Infoempleo","article_published_time":"2019-11-29T06:51:14+00:00","og_image":[{"width":724,"height":483,"url":"https:\/\/empresas.infoempleo.com\/hrtrends\/media\/2019\/11\/HRTRENDS_Encuesta_ambiente_laboral_principal.jpg","type":"image\/jpeg"}],"author":"Adriana M.","twitter_card":"summary_large_image","twitter_creator":"@infoempleo","twitter_site":"@infoempleo","twitter_misc":{"Escrito por":"Adriana M.","Tiempo de lectura":"3 minutos"},"schema":{"@context":"https:\/\/schema.org","@graph":[{"@type":"NewsArticle","@id":"https:\/\/empresas.infoempleo.com\/hrtrends\/encuesta-ambiente-laboral\/#article","isPartOf":{"@id":"https:\/\/empresas.infoempleo.com\/hrtrends\/encuesta-ambiente-laboral\/"},"author":{"name":"Adriana M.","@id":"https:\/\/empresas.infoempleo.com\/hrtrends\/#\/schema\/person\/b1dd51edbb566a47cd8f7513fa73d223"},"headline":"C\u00f3mo llevar a cabo una encuesta de ambiente laboral en tu empresa","datePublished":"2019-11-29T06:51:14+00:00","mainEntityOfPage":{"@id":"https:\/\/empresas.infoempleo.com\/hrtrends\/encuesta-ambiente-laboral\/"},"wordCount":591,"publisher":{"@id":"https:\/\/empresas.infoempleo.com\/hrtrends\/#organization"},"image":{"@id":"https:\/\/empresas.infoempleo.com\/hrtrends\/encuesta-ambiente-laboral\/#primaryimage"},"thumbnailUrl":"https:\/\/empresas.infoempleo.com\/hrtrends\/media\/2019\/11\/HRTRENDS_Encuesta_ambiente_laboral_principal.jpg","keywords":["encuesta de clima laboral","satisfacci\u00f3n laboral"],"articleSection":["Consejos"],"inLanguage":"es","copyrightYear":"2019","copyrightHolder":{"@id":"https:\/\/empresas.infoempleo.com\/hrtrends\/#organization"}},{"@type":"WebPage","@id":"https:\/\/empresas.infoempleo.com\/hrtrends\/encuesta-ambiente-laboral\/","url":"https:\/\/empresas.infoempleo.com\/hrtrends\/encuesta-ambiente-laboral\/","name":"Encuesta de ambiente laboral: consejos para llevarla a cabo","isPartOf":{"@id":"https:\/\/empresas.infoempleo.com\/hrtrends\/#website"},"primaryImageOfPage":{"@id":"https:\/\/empresas.infoempleo.com\/hrtrends\/encuesta-ambiente-laboral\/#primaryimage"},"image":{"@id":"https:\/\/empresas.infoempleo.com\/hrtrends\/encuesta-ambiente-laboral\/#primaryimage"},"thumbnailUrl":"https:\/\/empresas.infoempleo.com\/hrtrends\/media\/2019\/11\/HRTRENDS_Encuesta_ambiente_laboral_principal.jpg","datePublished":"2019-11-29T06:51:14+00:00","description":"Una encuesta de ambiente laboral te permitir\u00e1 conocer mejor la situaci\u00f3n de los empleados en tu empresa. Te contamos c\u00f3mo realizarla.","breadcrumb":{"@id":"https:\/\/empresas.infoempleo.com\/hrtrends\/encuesta-ambiente-laboral\/#breadcrumb"},"inLanguage":"es","potentialAction":[{"@type":"ReadAction","target":["https:\/\/empresas.infoempleo.com\/hrtrends\/encuesta-ambiente-laboral\/"]}]},{"@type":"ImageObject","inLanguage":"es","@id":"https:\/\/empresas.infoempleo.com\/hrtrends\/encuesta-ambiente-laboral\/#primaryimage","url":"https:\/\/empresas.infoempleo.com\/hrtrends\/media\/2019\/11\/HRTRENDS_Encuesta_ambiente_laboral_principal-150x150.jpg","contentUrl":"https:\/\/empresas.infoempleo.com\/hrtrends\/media\/2019\/11\/HRTRENDS_Encuesta_ambiente_laboral_principal-150x150.jpg","width":150,"height":150,"caption":"C\u00f3mo hacer una encuesta de ambiente laboral"},{"@type":"BreadcrumbList","@id":"https:\/\/empresas.infoempleo.com\/hrtrends\/encuesta-ambiente-laboral\/#breadcrumb","itemListElement":[{"@type":"ListItem","position":1,"name":"Portada","item":"https:\/\/empresas.infoempleo.com\/hrtrends\/"},{"@type":"ListItem","position":2,"name":"C\u00f3mo llevar a cabo una encuesta de ambiente laboral en tu empresa"}]},{"@type":"WebSite","@id":"https:\/\/empresas.infoempleo.com\/hrtrends\/#website","url":"https:\/\/empresas.infoempleo.com\/hrtrends","name":"HRTrends by Infoempleo","description":"","publisher":{"@id":"https:\/\/empresas.infoempleo.com\/hrtrends\/#organization"},"potentialAction":{"@type":"SearchAction","target":"https:\/\/empresas.infoempleo.com\/hrtrends\/?s={search_term_string}","query-input":"required name=search_term_string"},"inLanguage":"es"},{"@type":"Organization","@id":"https:\/\/empresas.infoempleo.com\/hrtrends\/#organization","name":"Infoempleo","url":"https:\/\/www.infoempleo.com\/","logo":{"@type":"ImageObject","@id":"https:\/\/empresas.infoempleo.com\/hrtrends\/#logo","inLanguage":"es","url":"https:\/\/cdnazure.infoempleo.com\/infoempleo\/assets\/style\/gfx\/logo.svg","contentUrl":"https:\/\/cdnazure.infoempleo.com\/infoempleo\/assets\/style\/gfx\/logo.svg","width":150,"height":40,"caption":"Infoempleo"},"image":{"@id":"https:\/\/empresas.infoempleo.com\/hrtrends\/#logo"},"sameAs":["https:\/\/www.facebook.com\/Infoempleo","https:\/\/x.com\/infoempleo","http:\/\/instagram.com\/infoempleo\/","http:\/\/www.linkedin.com\/groups\/Empleo-Espa\u00f1a-Infoempleocom-111276","http:\/\/pinterest.com\/infoempleo\/"],"address":{"@type":"PostalAddress","addressLocality":"Madrid","postalCode":"28050","streetAddress":"Avenida de Burgos 114"},"brand":["Infoempleo"]},{"@type":"Person","@id":"https:\/\/empresas.infoempleo.com\/hrtrends\/#\/schema\/person\/b1dd51edbb566a47cd8f7513fa73d223","name":"Adriana M.","image":{"@type":"ImageObject","inLanguage":"es","@id":"https:\/\/empresas.infoempleo.com\/hrtrends\/#\/schema\/person\/image\/","url":"https:\/\/secure.gravatar.com\/avatar\/243f7dd7e1db0ad0e9791be05df7d72ba5c8bf338408591753bae2fe87dae18d?s=96&d=mm&r=g","contentUrl":"https:\/\/secure.gravatar.com\/avatar\/243f7dd7e1db0ad0e9791be05df7d72ba5c8bf338408591753bae2fe87dae18d?s=96&d=mm&r=g","caption":"Adriana M."},"description":"Periodista y experta en Comunicaci\u00f3n Audiovisual y Narrativa. Me encanta escribir y narrar lo que pasa a mi alrededor es mi pasi\u00f3n.","url":"https:\/\/empresas.infoempleo.com\/hrtrends\/author\/adriana-kanvas\/"}]}},"amp_enabled":true,"_links":{"self":[{"href":"https:\/\/empresas.infoempleo.com\/hrtrends\/wp-json\/wp\/v2\/posts\/36361","targetHints":{"allow":["GET"]}}],"collection":[{"href":"https:\/\/empresas.infoempleo.com\/hrtrends\/wp-json\/wp\/v2\/posts"}],"about":[{"href":"https:\/\/empresas.infoempleo.com\/hrtrends\/wp-json\/wp\/v2\/types\/post"}],"author":[{"embeddable":true,"href":"https:\/\/empresas.infoempleo.com\/hrtrends\/wp-json\/wp\/v2\/users\/122"}],"replies":[{"embeddable":true,"href":"https:\/\/empresas.infoempleo.com\/hrtrends\/wp-json\/wp\/v2\/comments?post=36361"}],"version-history":[{"count":5,"href":"https:\/\/empresas.infoempleo.com\/hrtrends\/wp-json\/wp\/v2\/posts\/36361\/revisions"}],"predecessor-version":[{"id":36426,"href":"https:\/\/empresas.infoempleo.com\/hrtrends\/wp-json\/wp\/v2\/posts\/36361\/revisions\/36426"}],"wp:featuredmedia":[{"embeddable":true,"href":"https:\/\/empresas.infoempleo.com\/hrtrends\/wp-json\/wp\/v2\/media\/36363"}],"wp:attachment":[{"href":"https:\/\/empresas.infoempleo.com\/hrtrends\/wp-json\/wp\/v2\/media?parent=36361"}],"wp:term":[{"taxonomy":"category","embeddable":true,"href":"https:\/\/empresas.infoempleo.com\/hrtrends\/wp-json\/wp\/v2\/categories?post=36361"},{"taxonomy":"post_tag","embeddable":true,"href":"https:\/\/empresas.infoempleo.com\/hrtrends\/wp-json\/wp\/v2\/tags?post=36361"}],"curies":[{"name":"wp","href":"https:\/\/api.w.org\/{rel}","templated":true}]}}