{"id":36327,"date":"2019-11-15T09:11:24","date_gmt":"2019-11-15T07:11:24","guid":{"rendered":"https:\/\/empresas.infoempleo.com\/hrtrends\/?p=36327"},"modified":"2019-11-12T17:44:09","modified_gmt":"2019-11-12T15:44:09","slug":"adecuacion-persona-puesto","status":"publish","type":"post","link":"https:\/\/empresas.infoempleo.com\/hrtrends\/adecuacion-persona-puesto\/","title":{"rendered":"Claves de la adecuaci\u00f3n entre persona y puesto"},"content":{"rendered":"<p><span style=\"font-weight: 400;\">La<\/span><b> adecuaci\u00f3n persona puesto <\/b><span style=\"font-weight: 400;\">en el entorno laboral es una tarea imprescindible que puede traer m\u00faltiples beneficios a la empresa si se gestiona\u00a0correctamente desde el <\/span><b>departamento de Recursos Humanos<\/b><span style=\"font-weight: 400;\">. Tu labor en este sentido es muy importante, y demanda que tengas <\/span><b>visi\u00f3n estrat\u00e9gica<\/b><span style=\"font-weight: 400;\"> y que conozcas bien a todos los <\/span><b>miembros de tu equipo<\/b><span style=\"font-weight: 400;\">. A continuaci\u00f3n, te contamos todo lo que necesitas saber al respecto.<\/span><\/p>\n<p><img loading=\"lazy\" decoding=\"async\" class=\"size-full wp-image-36328 aligncenter\" src=\"https:\/\/empresas.infoempleo.com\/hrtrends\/media\/2019\/11\/HRTRENDS_Adecuaci\u00f3n_persona_puesto_2.jpg\" alt=\"Importancia de la adecuaci\u00f3n persona puesto\" width=\"724\" height=\"483\" srcset=\"https:\/\/empresas.infoempleo.com\/hrtrends\/media\/2019\/11\/HRTRENDS_Adecuaci\u00f3n_persona_puesto_2.jpg 724w, https:\/\/empresas.infoempleo.com\/hrtrends\/media\/2019\/11\/HRTRENDS_Adecuaci\u00f3n_persona_puesto_2-300x200.jpg 300w\" sizes=\"auto, (max-width: 724px) 100vw, 724px\" \/><\/p>\n<h2>Qu\u00e9 es la adecuaci\u00f3n persona puesto<\/h2>\n<p><span style=\"font-weight: 400;\">Cuando hablamos de la <\/span><b>adecuaci\u00f3n persona puesto<\/b><span style=\"font-weight: 400;\"> nos referimos a llevar a cabo las acciones necesarias para <\/span><b>ajustar correctamente<\/b><span style=\"font-weight: 400;\"> los puestos de trabajo de una compa\u00f1\u00eda, as\u00ed como para <\/span><b>adecuar el personal<\/b><span style=\"font-weight: 400;\"> a los puestos o labores que sean m\u00e1s indicados para cada trabajador.\u00a0<\/span><\/p>\n<p><span style=\"font-weight: 400;\">Ten en cuenta adem\u00e1s que <\/span><b>las necesidades de las empresas<\/b><span style=\"font-weight: 400;\"> no son siempre las mismas, sino que cambian y evolucionan en funci\u00f3n de distintos tipos de circunstancias. Por eso, se hace imprescindible una <\/span><b>correcta planificaci\u00f3n<\/b><span style=\"font-weight: 400;\"> desde el <\/span><b>departamento de Recursos Humanos<\/b><span style=\"font-weight: 400;\"> en lo que respecta a la <\/span><b>adecuaci\u00f3n persona puesto<\/b><span style=\"font-weight: 400;\">. Esto no solo se aplica a las nuevas incorporaciones, sino tambi\u00e9n a los empleados que ya llevan tiempo en plantilla. De este modo, te corresponde tanto abrir los <\/span><a href=\"https:\/\/empresas.infoempleo.com\/hrtrends\/estrategias-seleccion-personal\"><span style=\"font-weight: 400;\">procesos de selecci\u00f3n de personal<\/span><\/a><span style=\"font-weight: 400;\"> necesarios como <\/span><a href=\"https:\/\/empresas.infoempleo.com\/hrtrends\/recursos-humanos-organizando-al-personal\"><span style=\"font-weight: 400;\">gestionar los recursos humanos<\/span><\/a><span style=\"font-weight: 400;\"> con los que cuenta la empresa.\u00a0<\/span><\/p>\n<h2>Beneficios para la empresa de la adecuaci\u00f3n persona puesto<\/h2>\n<p><span style=\"font-weight: 400;\">Definir de forma correcta los <\/span><b>puestos de trabajo,<\/b><span style=\"font-weight: 400;\"> as\u00ed como asignar cada uno de ellos a <\/span><b>las personas indicadas,<\/b><span style=\"font-weight: 400;\"> no solo tiene <\/span><b>m\u00faltiples ventajas, <\/b><span style=\"font-weight: 400;\">sino que puede resultar decisivo para el <\/span><b>correcto funcionamiento de la empresa<\/b><span style=\"font-weight: 400;\">.\u00a0<\/span><\/p>\n<p><span style=\"font-weight: 400;\">Entre los beneficios m\u00e1s destacados de llevar a cabo este proceso se encuentran la <\/span><b>mejora de la empleabilidad<\/b><span style=\"font-weight: 400;\">, ya que se crean y se cubren puestos atendiendo a criterios completamente racionales; la <\/span><b>mejora de la productividad<\/b><span style=\"font-weight: 400;\">, puesto que los empleados se encuentran satisfechos y rinden m\u00e1s; la <\/span><b>m\u00e1xima eficiencia<\/b><span style=\"font-weight: 400;\"> dentro de cada puesto de trabajo, dado que se elige a las personas m\u00e1s indicadas para cada uno de ellos; y el <\/span><b>aumento de la rentabilidad<\/b><span style=\"font-weight: 400;\">, puesto que se consiguen buenos resultados y se aprovecha al m\u00e1ximo cada euro invertido. <\/span><span style=\"font-weight: 400;\"><br \/>\n<\/span><span style=\"font-weight: 400;\"><br \/>\n<\/span><span style=\"font-weight: 400;\">Asimismo, una <\/span><b>correcta adecuaci\u00f3n persona puesto<\/b><span style=\"font-weight: 400;\"> hace que haya mayor satisfacci\u00f3n entre los empleados, lo que mejora notablemente el <\/span><b>ambiente laboral<\/b><span style=\"font-weight: 400;\"> de la empresa. <\/span><span style=\"font-weight: 400;\"><br \/>\n<\/span><span style=\"font-weight: 400;\"><br \/>\n<\/span><span style=\"font-weight: 400;\">Un aspecto importante que debes tener en cuenta es que para llevar a cabo de forma exitosa una <\/span><b>buena adecuaci\u00f3n persona puesto<\/b><span style=\"font-weight: 400;\"> es imprescindible que conozcas bien las aspiraciones, las inquietudes y las habilidades de los trabajadores de tu equipo. De este modo, ser\u00e1 m\u00e1s f\u00e1cil decidir <\/span><b>qu\u00e9 persona es m\u00e1s indicada<\/b><span style=\"font-weight: 400;\"> para realizar cada una de las tareas. Piensa que al final se trata de adecuar las necesidades de las personas a las de la empresa y viceversa.<\/span><\/p>\n<p><span style=\"font-weight: 400;\">Actualmente, la <\/span><b>adecuaci\u00f3n persona puesto<\/b><span style=\"font-weight: 400;\"> es especialmente importante y complicada debido al <\/span><b>aumento de la competencia<\/b><span style=\"font-weight: 400;\">, as\u00ed como a <\/span><b>la irrupci\u00f3n de las nuevas tecnolog\u00edas<\/b><span style=\"font-weight: 400;\">, que han tra\u00eddo consigo nuevas formas de trabajar. As\u00ed, es necesario que tanto la compa\u00f1\u00eda como los empleados se adapten y creen sinergias que permitan llegar a los objetivos propuestos. No olvides que, tu papel, en este sentido, es esencial.\u00a0<\/span><\/p>\n","protected":false},"excerpt":{"rendered":"<p>La adecuaci\u00f3n persona puesto en el entorno laboral es una tarea imprescindible que puede traer m\u00faltiples beneficios a<a class=\"moretag\" href=\"https:\/\/empresas.infoempleo.com\/hrtrends\/adecuacion-persona-puesto\/\"> Leer m\u00e1s<\/a><\/p>\n","protected":false},"author":122,"featured_media":36329,"comment_status":"closed","ping_status":"closed","sticky":false,"template":"","format":"standard","meta":{"footnotes":""},"categories":[3],"tags":[3264,3220,622],"class_list":["post-36327","post","type-post","status-publish","format-standard","has-post-thumbnail","hentry","category-actualidad","tag-empleabilidad","tag-proceso-de-seleccion","tag-puestos"],"yoast_head":"<!-- This site is optimized with the Yoast SEO plugin v26.1.1 - https:\/\/yoast.com\/wordpress\/plugins\/seo\/ -->\n<title>Adecuaci\u00f3n persona puesto: descubre su importancia en la empresa<\/title>\n<meta name=\"description\" content=\"La adecuaci\u00f3n persona puesto es fundamental para el correcto funcionamiento de la empresa. Te contamos por qu\u00e9 y cu\u00e1l es tu rol en este proceso.\" \/>\n<meta name=\"robots\" content=\"index, follow, max-snippet:-1, max-image-preview:large, max-video-preview:-1\" \/>\n<link rel=\"canonical\" href=\"https:\/\/empresas.infoempleo.com\/hrtrends\/adecuacion-persona-puesto\/\" \/>\n<meta property=\"og:locale\" content=\"es_ES\" \/>\n<meta property=\"og:type\" content=\"article\" \/>\n<meta property=\"og:title\" content=\"Adecuaci\u00f3n persona puesto: descubre su importancia en la empresa\" \/>\n<meta property=\"og:description\" content=\"La adecuaci\u00f3n persona puesto es fundamental para el correcto funcionamiento de la empresa. Te contamos por qu\u00e9 y cu\u00e1l es tu rol en este proceso.\" \/>\n<meta property=\"og:url\" content=\"https:\/\/empresas.infoempleo.com\/hrtrends\/adecuacion-persona-puesto\/\" \/>\n<meta property=\"og:site_name\" content=\"HRTRENDS\" \/>\n<meta property=\"article:publisher\" content=\"https:\/\/www.facebook.com\/Infoempleo\" \/>\n<meta property=\"article:published_time\" content=\"2019-11-15T07:11:24+00:00\" \/>\n<meta property=\"og:image\" content=\"https:\/\/empresas.infoempleo.com\/hrtrends\/media\/2019\/11\/HRTRENDS_Adecuaci\u00f3n_persona_puesto.jpg\" \/>\n\t<meta property=\"og:image:width\" content=\"724\" \/>\n\t<meta property=\"og:image:height\" content=\"483\" \/>\n\t<meta property=\"og:image:type\" content=\"image\/jpeg\" \/>\n<meta name=\"author\" content=\"Adriana M.\" \/>\n<meta name=\"twitter:card\" content=\"summary_large_image\" \/>\n<meta name=\"twitter:creator\" content=\"@infoempleo\" \/>\n<meta name=\"twitter:site\" content=\"@infoempleo\" \/>\n<meta name=\"twitter:label1\" content=\"Escrito por\" \/>\n\t<meta name=\"twitter:data1\" content=\"Adriana M.\" \/>\n\t<meta name=\"twitter:label2\" content=\"Tiempo de lectura\" \/>\n\t<meta name=\"twitter:data2\" content=\"3 minutos\" \/>\n<script type=\"application\/ld+json\" class=\"yoast-schema-graph\">{\"@context\":\"https:\/\/schema.org\",\"@graph\":[{\"@type\":\"NewsArticle\",\"@id\":\"https:\/\/empresas.infoempleo.com\/hrtrends\/adecuacion-persona-puesto\/#article\",\"isPartOf\":{\"@id\":\"https:\/\/empresas.infoempleo.com\/hrtrends\/adecuacion-persona-puesto\/\"},\"author\":{\"name\":\"Adriana M.\",\"@id\":\"https:\/\/empresas.infoempleo.com\/hrtrends\/#\/schema\/person\/b1dd51edbb566a47cd8f7513fa73d223\"},\"headline\":\"Claves de la adecuaci\u00f3n entre persona y puesto\",\"datePublished\":\"2019-11-15T07:11:24+00:00\",\"mainEntityOfPage\":{\"@id\":\"https:\/\/empresas.infoempleo.com\/hrtrends\/adecuacion-persona-puesto\/\"},\"wordCount\":555,\"publisher\":{\"@id\":\"https:\/\/empresas.infoempleo.com\/hrtrends\/#organization\"},\"image\":{\"@id\":\"https:\/\/empresas.infoempleo.com\/hrtrends\/adecuacion-persona-puesto\/#primaryimage\"},\"thumbnailUrl\":\"https:\/\/empresas.infoempleo.com\/hrtrends\/media\/2019\/11\/HRTRENDS_Adecuaci\u00f3n_persona_puesto.jpg\",\"keywords\":[\"empleabilidad\",\"proceso de selecci\u00f3n\",\"puestos\"],\"articleSection\":[\"Actualidad\"],\"inLanguage\":\"es\",\"copyrightYear\":\"2019\",\"copyrightHolder\":{\"@id\":\"https:\/\/empresas.infoempleo.com\/hrtrends\/#organization\"}},{\"@type\":\"WebPage\",\"@id\":\"https:\/\/empresas.infoempleo.com\/hrtrends\/adecuacion-persona-puesto\/\",\"url\":\"https:\/\/empresas.infoempleo.com\/hrtrends\/adecuacion-persona-puesto\/\",\"name\":\"Adecuaci\u00f3n persona puesto: descubre su importancia en la empresa\",\"isPartOf\":{\"@id\":\"https:\/\/empresas.infoempleo.com\/hrtrends\/#website\"},\"primaryImageOfPage\":{\"@id\":\"https:\/\/empresas.infoempleo.com\/hrtrends\/adecuacion-persona-puesto\/#primaryimage\"},\"image\":{\"@id\":\"https:\/\/empresas.infoempleo.com\/hrtrends\/adecuacion-persona-puesto\/#primaryimage\"},\"thumbnailUrl\":\"https:\/\/empresas.infoempleo.com\/hrtrends\/media\/2019\/11\/HRTRENDS_Adecuaci\u00f3n_persona_puesto.jpg\",\"datePublished\":\"2019-11-15T07:11:24+00:00\",\"description\":\"La adecuaci\u00f3n persona puesto es fundamental para el correcto funcionamiento de la empresa. Te contamos por qu\u00e9 y cu\u00e1l es tu rol en este proceso.\",\"breadcrumb\":{\"@id\":\"https:\/\/empresas.infoempleo.com\/hrtrends\/adecuacion-persona-puesto\/#breadcrumb\"},\"inLanguage\":\"es\",\"potentialAction\":[{\"@type\":\"ReadAction\",\"target\":[\"https:\/\/empresas.infoempleo.com\/hrtrends\/adecuacion-persona-puesto\/\"]}]},{\"@type\":\"ImageObject\",\"inLanguage\":\"es\",\"@id\":\"https:\/\/empresas.infoempleo.com\/hrtrends\/adecuacion-persona-puesto\/#primaryimage\",\"url\":\"https:\/\/empresas.infoempleo.com\/hrtrends\/media\/2019\/11\/HRTRENDS_Adecuaci\u00f3n_persona_puesto-150x150.jpg\",\"contentUrl\":\"https:\/\/empresas.infoempleo.com\/hrtrends\/media\/2019\/11\/HRTRENDS_Adecuaci\u00f3n_persona_puesto-150x150.jpg\",\"width\":150,\"height\":150,\"caption\":\"Importancia de la adecuaci\u00f3n persona puesto\"},{\"@type\":\"BreadcrumbList\",\"@id\":\"https:\/\/empresas.infoempleo.com\/hrtrends\/adecuacion-persona-puesto\/#breadcrumb\",\"itemListElement\":[{\"@type\":\"ListItem\",\"position\":1,\"name\":\"Portada\",\"item\":\"https:\/\/empresas.infoempleo.com\/hrtrends\/\"},{\"@type\":\"ListItem\",\"position\":2,\"name\":\"Claves de la adecuaci\u00f3n entre persona y puesto\"}]},{\"@type\":\"WebSite\",\"@id\":\"https:\/\/empresas.infoempleo.com\/hrtrends\/#website\",\"url\":\"https:\/\/empresas.infoempleo.com\/hrtrends\",\"name\":\"HRTrends by Infoempleo\",\"description\":\"\",\"publisher\":{\"@id\":\"https:\/\/empresas.infoempleo.com\/hrtrends\/#organization\"},\"potentialAction\":{\"@type\":\"SearchAction\",\"target\":\"https:\/\/empresas.infoempleo.com\/hrtrends\/?s={search_term_string}\",\"query-input\":\"required name=search_term_string\"},\"inLanguage\":\"es\"},{\"@type\":\"Organization\",\"@id\":\"https:\/\/empresas.infoempleo.com\/hrtrends\/#organization\",\"name\":\"Infoempleo\",\"url\":\"https:\/\/www.infoempleo.com\/\",\"logo\":{\"@type\":\"ImageObject\",\"@id\":\"https:\/\/empresas.infoempleo.com\/hrtrends\/#logo\",\"inLanguage\":\"es\",\"url\":\"https:\/\/cdnazure.infoempleo.com\/infoempleo\/assets\/style\/gfx\/logo.svg\",\"contentUrl\":\"https:\/\/cdnazure.infoempleo.com\/infoempleo\/assets\/style\/gfx\/logo.svg\",\"width\":150,\"height\":40,\"caption\":\"Infoempleo\"},\"image\":{\"@id\":\"https:\/\/empresas.infoempleo.com\/hrtrends\/#logo\"},\"sameAs\":[\"https:\/\/www.facebook.com\/Infoempleo\",\"https:\/\/x.com\/infoempleo\",\"http:\/\/instagram.com\/infoempleo\/\",\"http:\/\/www.linkedin.com\/groups\/Empleo-Espa\u00f1a-Infoempleocom-111276\",\"http:\/\/pinterest.com\/infoempleo\/\"],\"address\":{\"@type\":\"PostalAddress\",\"addressLocality\":\"Madrid\",\"postalCode\":\"28050\",\"streetAddress\":\"Avenida de Burgos 114\"},\"brand\":[\"Infoempleo\"]},{\"@type\":\"Person\",\"@id\":\"https:\/\/empresas.infoempleo.com\/hrtrends\/#\/schema\/person\/b1dd51edbb566a47cd8f7513fa73d223\",\"name\":\"Adriana M.\",\"image\":{\"@type\":\"ImageObject\",\"inLanguage\":\"es\",\"@id\":\"https:\/\/empresas.infoempleo.com\/hrtrends\/#\/schema\/person\/image\/\",\"url\":\"https:\/\/secure.gravatar.com\/avatar\/243f7dd7e1db0ad0e9791be05df7d72ba5c8bf338408591753bae2fe87dae18d?s=96&d=mm&r=g\",\"contentUrl\":\"https:\/\/secure.gravatar.com\/avatar\/243f7dd7e1db0ad0e9791be05df7d72ba5c8bf338408591753bae2fe87dae18d?s=96&d=mm&r=g\",\"caption\":\"Adriana M.\"},\"description\":\"Periodista y experta en Comunicaci\u00f3n Audiovisual y Narrativa. Me encanta escribir y narrar lo que pasa a mi alrededor es mi pasi\u00f3n.\",\"url\":\"https:\/\/empresas.infoempleo.com\/hrtrends\/author\/adriana-kanvas\/\"}]}<\/script>\n<!-- \/ Yoast SEO plugin. -->","yoast_head_json":{"title":"Adecuaci\u00f3n persona puesto: descubre su importancia en la empresa","description":"La adecuaci\u00f3n persona puesto es fundamental para el correcto funcionamiento de la empresa. Te contamos por qu\u00e9 y cu\u00e1l es tu rol en este proceso.","robots":{"index":"index","follow":"follow","max-snippet":"max-snippet:-1","max-image-preview":"max-image-preview:large","max-video-preview":"max-video-preview:-1"},"canonical":"https:\/\/empresas.infoempleo.com\/hrtrends\/adecuacion-persona-puesto\/","og_locale":"es_ES","og_type":"article","og_title":"Adecuaci\u00f3n persona puesto: descubre su importancia en la empresa","og_description":"La adecuaci\u00f3n persona puesto es fundamental para el correcto funcionamiento de la empresa. Te contamos por qu\u00e9 y cu\u00e1l es tu rol en este proceso.","og_url":"https:\/\/empresas.infoempleo.com\/hrtrends\/adecuacion-persona-puesto\/","og_site_name":"HRTRENDS","article_publisher":"https:\/\/www.facebook.com\/Infoempleo","article_published_time":"2019-11-15T07:11:24+00:00","og_image":[{"width":724,"height":483,"url":"https:\/\/empresas.infoempleo.com\/hrtrends\/media\/2019\/11\/HRTRENDS_Adecuaci\u00f3n_persona_puesto.jpg","type":"image\/jpeg"}],"author":"Adriana M.","twitter_card":"summary_large_image","twitter_creator":"@infoempleo","twitter_site":"@infoempleo","twitter_misc":{"Escrito por":"Adriana M.","Tiempo de lectura":"3 minutos"},"schema":{"@context":"https:\/\/schema.org","@graph":[{"@type":"NewsArticle","@id":"https:\/\/empresas.infoempleo.com\/hrtrends\/adecuacion-persona-puesto\/#article","isPartOf":{"@id":"https:\/\/empresas.infoempleo.com\/hrtrends\/adecuacion-persona-puesto\/"},"author":{"name":"Adriana M.","@id":"https:\/\/empresas.infoempleo.com\/hrtrends\/#\/schema\/person\/b1dd51edbb566a47cd8f7513fa73d223"},"headline":"Claves de la adecuaci\u00f3n entre persona y puesto","datePublished":"2019-11-15T07:11:24+00:00","mainEntityOfPage":{"@id":"https:\/\/empresas.infoempleo.com\/hrtrends\/adecuacion-persona-puesto\/"},"wordCount":555,"publisher":{"@id":"https:\/\/empresas.infoempleo.com\/hrtrends\/#organization"},"image":{"@id":"https:\/\/empresas.infoempleo.com\/hrtrends\/adecuacion-persona-puesto\/#primaryimage"},"thumbnailUrl":"https:\/\/empresas.infoempleo.com\/hrtrends\/media\/2019\/11\/HRTRENDS_Adecuaci\u00f3n_persona_puesto.jpg","keywords":["empleabilidad","proceso de selecci\u00f3n","puestos"],"articleSection":["Actualidad"],"inLanguage":"es","copyrightYear":"2019","copyrightHolder":{"@id":"https:\/\/empresas.infoempleo.com\/hrtrends\/#organization"}},{"@type":"WebPage","@id":"https:\/\/empresas.infoempleo.com\/hrtrends\/adecuacion-persona-puesto\/","url":"https:\/\/empresas.infoempleo.com\/hrtrends\/adecuacion-persona-puesto\/","name":"Adecuaci\u00f3n persona puesto: descubre su importancia en la empresa","isPartOf":{"@id":"https:\/\/empresas.infoempleo.com\/hrtrends\/#website"},"primaryImageOfPage":{"@id":"https:\/\/empresas.infoempleo.com\/hrtrends\/adecuacion-persona-puesto\/#primaryimage"},"image":{"@id":"https:\/\/empresas.infoempleo.com\/hrtrends\/adecuacion-persona-puesto\/#primaryimage"},"thumbnailUrl":"https:\/\/empresas.infoempleo.com\/hrtrends\/media\/2019\/11\/HRTRENDS_Adecuaci\u00f3n_persona_puesto.jpg","datePublished":"2019-11-15T07:11:24+00:00","description":"La adecuaci\u00f3n persona puesto es fundamental para el correcto funcionamiento de la empresa. Te contamos por qu\u00e9 y cu\u00e1l es tu rol en este proceso.","breadcrumb":{"@id":"https:\/\/empresas.infoempleo.com\/hrtrends\/adecuacion-persona-puesto\/#breadcrumb"},"inLanguage":"es","potentialAction":[{"@type":"ReadAction","target":["https:\/\/empresas.infoempleo.com\/hrtrends\/adecuacion-persona-puesto\/"]}]},{"@type":"ImageObject","inLanguage":"es","@id":"https:\/\/empresas.infoempleo.com\/hrtrends\/adecuacion-persona-puesto\/#primaryimage","url":"https:\/\/empresas.infoempleo.com\/hrtrends\/media\/2019\/11\/HRTRENDS_Adecuaci\u00f3n_persona_puesto-150x150.jpg","contentUrl":"https:\/\/empresas.infoempleo.com\/hrtrends\/media\/2019\/11\/HRTRENDS_Adecuaci\u00f3n_persona_puesto-150x150.jpg","width":150,"height":150,"caption":"Importancia de la adecuaci\u00f3n persona puesto"},{"@type":"BreadcrumbList","@id":"https:\/\/empresas.infoempleo.com\/hrtrends\/adecuacion-persona-puesto\/#breadcrumb","itemListElement":[{"@type":"ListItem","position":1,"name":"Portada","item":"https:\/\/empresas.infoempleo.com\/hrtrends\/"},{"@type":"ListItem","position":2,"name":"Claves de la adecuaci\u00f3n entre persona y puesto"}]},{"@type":"WebSite","@id":"https:\/\/empresas.infoempleo.com\/hrtrends\/#website","url":"https:\/\/empresas.infoempleo.com\/hrtrends","name":"HRTrends by Infoempleo","description":"","publisher":{"@id":"https:\/\/empresas.infoempleo.com\/hrtrends\/#organization"},"potentialAction":{"@type":"SearchAction","target":"https:\/\/empresas.infoempleo.com\/hrtrends\/?s={search_term_string}","query-input":"required name=search_term_string"},"inLanguage":"es"},{"@type":"Organization","@id":"https:\/\/empresas.infoempleo.com\/hrtrends\/#organization","name":"Infoempleo","url":"https:\/\/www.infoempleo.com\/","logo":{"@type":"ImageObject","@id":"https:\/\/empresas.infoempleo.com\/hrtrends\/#logo","inLanguage":"es","url":"https:\/\/cdnazure.infoempleo.com\/infoempleo\/assets\/style\/gfx\/logo.svg","contentUrl":"https:\/\/cdnazure.infoempleo.com\/infoempleo\/assets\/style\/gfx\/logo.svg","width":150,"height":40,"caption":"Infoempleo"},"image":{"@id":"https:\/\/empresas.infoempleo.com\/hrtrends\/#logo"},"sameAs":["https:\/\/www.facebook.com\/Infoempleo","https:\/\/x.com\/infoempleo","http:\/\/instagram.com\/infoempleo\/","http:\/\/www.linkedin.com\/groups\/Empleo-Espa\u00f1a-Infoempleocom-111276","http:\/\/pinterest.com\/infoempleo\/"],"address":{"@type":"PostalAddress","addressLocality":"Madrid","postalCode":"28050","streetAddress":"Avenida de Burgos 114"},"brand":["Infoempleo"]},{"@type":"Person","@id":"https:\/\/empresas.infoempleo.com\/hrtrends\/#\/schema\/person\/b1dd51edbb566a47cd8f7513fa73d223","name":"Adriana M.","image":{"@type":"ImageObject","inLanguage":"es","@id":"https:\/\/empresas.infoempleo.com\/hrtrends\/#\/schema\/person\/image\/","url":"https:\/\/secure.gravatar.com\/avatar\/243f7dd7e1db0ad0e9791be05df7d72ba5c8bf338408591753bae2fe87dae18d?s=96&d=mm&r=g","contentUrl":"https:\/\/secure.gravatar.com\/avatar\/243f7dd7e1db0ad0e9791be05df7d72ba5c8bf338408591753bae2fe87dae18d?s=96&d=mm&r=g","caption":"Adriana M."},"description":"Periodista y experta en Comunicaci\u00f3n Audiovisual y Narrativa. Me encanta escribir y narrar lo que pasa a mi alrededor es mi pasi\u00f3n.","url":"https:\/\/empresas.infoempleo.com\/hrtrends\/author\/adriana-kanvas\/"}]}},"amp_enabled":true,"_links":{"self":[{"href":"https:\/\/empresas.infoempleo.com\/hrtrends\/wp-json\/wp\/v2\/posts\/36327","targetHints":{"allow":["GET"]}}],"collection":[{"href":"https:\/\/empresas.infoempleo.com\/hrtrends\/wp-json\/wp\/v2\/posts"}],"about":[{"href":"https:\/\/empresas.infoempleo.com\/hrtrends\/wp-json\/wp\/v2\/types\/post"}],"author":[{"embeddable":true,"href":"https:\/\/empresas.infoempleo.com\/hrtrends\/wp-json\/wp\/v2\/users\/122"}],"replies":[{"embeddable":true,"href":"https:\/\/empresas.infoempleo.com\/hrtrends\/wp-json\/wp\/v2\/comments?post=36327"}],"version-history":[{"count":3,"href":"https:\/\/empresas.infoempleo.com\/hrtrends\/wp-json\/wp\/v2\/posts\/36327\/revisions"}],"predecessor-version":[{"id":36401,"href":"https:\/\/empresas.infoempleo.com\/hrtrends\/wp-json\/wp\/v2\/posts\/36327\/revisions\/36401"}],"wp:featuredmedia":[{"embeddable":true,"href":"https:\/\/empresas.infoempleo.com\/hrtrends\/wp-json\/wp\/v2\/media\/36329"}],"wp:attachment":[{"href":"https:\/\/empresas.infoempleo.com\/hrtrends\/wp-json\/wp\/v2\/media?parent=36327"}],"wp:term":[{"taxonomy":"category","embeddable":true,"href":"https:\/\/empresas.infoempleo.com\/hrtrends\/wp-json\/wp\/v2\/categories?post=36327"},{"taxonomy":"post_tag","embeddable":true,"href":"https:\/\/empresas.infoempleo.com\/hrtrends\/wp-json\/wp\/v2\/tags?post=36327"}],"curies":[{"name":"wp","href":"https:\/\/api.w.org\/{rel}","templated":true}]}}