{"id":3613,"date":"2009-09-28T11:03:58","date_gmt":"2009-09-28T10:03:58","guid":{"rendered":"http:\/\/blog.infoempleo.com\/?p=3613"},"modified":"2024-08-29T17:39:54","modified_gmt":"2024-08-29T15:39:54","slug":"mi-historia-es-la-de-alguien-que-ha-encontrado-su-sitio-muy-tarde","status":"publish","type":"post","link":"https:\/\/empresas.infoempleo.com\/hrtrends\/mi-historia-es-la-de-alguien-que-ha-encontrado-su-sitio-muy-tarde\/","title":{"rendered":"\u00abMi historia es la de alguien que ha encontrado su sitio muy tarde\u00bb"},"content":{"rendered":"<p style=\"text-align: center\">\n<p>Juan Arena, presidente de la <a title=\"Web de la Fundaci\u00f3n Empresa y Sociedad\" href=\"https:\/\/noticias.empresaysociedad.org\/empresa\/es-clave-sintetizar-lo-mas-importante-de-tu-solucion-que-no-es-tan-obvio-para-el-publico-como-para-ti\" target=\"_blank\" rel=\"noopener\">Fundaci\u00f3n Empresa y Sociedad<\/a>, y ex presidente de Bankinter<\/p>\n<p>\u00abYo ten\u00eda un padre muy fuerte que hab\u00eda estudiado cinco o seis carreras en Inglaterra, en Estados Unidos&#8230; Era un hombre muy culto y supongo que eso fue quedando en m\u00ed y me fue exigiendo\u00bb. Juan Arena de la Mora (M\u00e9xico D.F., 1943) sigui\u00f3 los pasos paternos y estudi\u00f3 una ingenier\u00eda. \u00abMe equivoqu\u00e9, aunque despu\u00e9s me ha sido muy \u00fatil porque es una carrera que te permite desechar hip\u00f3tesis e ideas a gran velocidad, un ejercicio que me ha venido muy bien en la vida\u00bb. Tras unas pruebas de entrada dur\u00edsimas, la suerte estaba echada. \u00abYo sab\u00eda que lo que ten\u00eda que hacer era acabar y reordenar mi vida despu\u00e9s\u00bb. As\u00ed fue. Al terminar Ingenier\u00eda Mec\u00e1nica y El\u00e9ctrica por el ICAI de Madrid, empieza a trabajar con su padre e inicia otra carrera en Icade: <strong>\u00abDediqu\u00e9 tres a\u00f1os a estudiar Administraci\u00f3n de Empresas por las noches y, cuando termin\u00e9, me diplom\u00e9 en el Instituto de Estudios Fiscales\u00bb.<\/strong><\/p>\n<p>Hombre de grandes inquietudes, contin\u00faa incansable buscando su camino. \u00abMe empezaron a gustar cosas que nada ten\u00edan que ver con el mundo de los negocios\u00bb. Para entender mejor al ser humano, decide cursar Psicolog\u00eda, \u00aby despu\u00e9s me dedico a estudiar, pero esta vez sin titulaci\u00f3n, Antropolog\u00eda Cultural\u00bb. <strong>Muchos t\u00edtulos, much\u00edsimas horas de estudio, para encontrar un camino que no siempre est\u00e1 a la vista.<\/strong> \u00abDesde el punto de vista de un psic\u00f3logo, mi curr\u00edculum es la historia de una neurosis: mi historia es la de alguien que ha encontrado su sitio muy tarde\u00bb.<\/p>\n<p>Dentro de ese peculiar camino existe un punto de inflexi\u00f3n al acabar sus estudios: \u00abEn el a\u00f1o 67-68 me voy a vivir al Pozo del T\u00edo Raimundo, a casa de un alba\u00f1il y de una mujer maravillosa y sus hijos. Esta experiencia cambi\u00f3 radicalmente mi vida. Era un mundo tremendo, de catacumbas, de pobreza, de lucha\u00bb. Al frente, el Padre Llanos, \u00abun hombre que cada d\u00eda izaba una bandera, por ejemplo, la china\u00bb, y \u00abun mont\u00f3n de cristianos de base\u00bb.<\/p>\n<p>Con apenas 26 a\u00f1os, Arena entra en Bankinter, un banco que le mantendr\u00e1 muy ocupado toda una vida, y donde va escalando pelda\u00f1os hasta lo m\u00e1s alto. \u00abEn 2007 me voy del banco y empiezo a construir una nueva manera de vivir, al principio con mucho miedo\u00bb. \u00abDe repente entro en varios consejos de administraci\u00f3n, me proponen presidir el Consejo Profesional de Esade, me hacen consejero de la Universidad de Harvard&#8230; Mi vida empieza a llenarse y a llenarse\u00bb. Y de la presidencia de un banco, a la de la Fundaci\u00f3n Empresa y Sociedad, \u00abuna propuesta que recibo con ansiedad. Ser consejero es relativamente f\u00e1cil, pero ser presidente es algo m\u00e1s. Significa que eres el foco de confianza de los socios, de los patronos, de los empleados&#8230; Pero yo no pod\u00eda negarme a trabajar en algo tan lleno de riqueza personal e intelectual\u00bb. Por si fuera poco, el pasado mes de julio ha comenzado a impartir clases de Finanzas en un posgrado de la Universidad de Harvard. El sitio que siempre busc\u00f3 parece estar ah\u00ed. En lo m\u00e1s alto.<\/p>\n<p><strong>Del \u00abPozo del T\u00edo Raimundo\u00bb a Harvard: una vida aprendiendo y ense\u00f1ando<\/strong><br \/>\nA finales de los a\u00f1os sesenta, Juan Arena cambia de universo. Dejando a un lado las comodidades propias de su clase, se zambulle en la marginalidad de \u00abEl Pozo\u00bb, \u00abun mundo nuevo, precioso y lleno de vida. T\u00fa llegabas de trabajar a las siete de la tarde y la vida empezaba de nuevo hasta las cuatro de la madrugada. Hab\u00eda tertulias, debates, gente muy especial&#8230;\u00bb. Con naturalidad pasa de este ambiente al de las altas finanzas. \u00abCon Bankinter se me abri\u00f3 un mundo tremendamente f\u00e9rtil\u00bb. \u00abYo quer\u00eda que fuera el Circo del Sol de la banca, como hoy quiero que la Fundaci\u00f3n Empresa y Sociedad sea el Circo del Sol de las fundaciones: un lugar lleno de talento, de frescor, de vida, que cree un inmenso valor\u00bb.<\/p>\n<p>Y del barrio marginal por excelencia a la capital del saber, su carrera le ha deparado grandes momentos y sorpresas. \u00abDe Harvard recuerdo el placer de aprender. All\u00ed te ense\u00f1an a pensar. No te dan respuestas, te ayudan a formular preguntas. Hay \u00ablectures\u00bb que son como&#8230; como&#8230; Como un orgasmo\u00bb. <strong>\u00abCuando alguien sabio \u2014que hay muy pocos\u2014 te dice algo que se cuela dentro de ti, se te abre un mundo nuevo. Es casi una sensaci\u00f3n m\u00edstica, de placer. Algo como cuando te besa un hijo peque\u00f1o o la ilusi\u00f3n de cuando te enamoras. No s\u00e9&#8230;\u00bb.<\/strong><\/p>\n<p>Este a\u00f1o, recuperar\u00e1 todas esas sensaciones, pero al otro lado. \u00ab\u00bfQue qu\u00e9 les voy a decir a mis alumnos el primer d\u00eda? Que vengo a aprender con ellos, a divertirme aprendiendo con ellos. Si soy capaz de conseguir eso, ser\u00e9 felic\u00edsimo\u00bb.<\/p>\n<p><strong>\u00abLa respuesta es que he sufrido mucho. Much\u00edsimo\u00bb<br \/>\n<\/strong>\u00abLo que m\u00e1s me gusta es navegar, la playa, estar solo. Que no me falten mis amigos ni mi vida familiar. Me encanta cuando mis hijos peque\u00f1os entran por la noche con un colch\u00f3n para dormir con nosotros y mi casa parece una patera llena de hijos\u00bb.<\/p>\n<p>\u00abSi volviera a nacer, borrar\u00eda algunos pasajes. Cada d\u00e9cada de mi vida ha sido m\u00e1s milagrosa, mejor, m\u00e1s llena. Hay cosas que no depend\u00edan de mi voluntad y que yo hubiera borrado. Borrar\u00eda todo el sufrimiento\u00bb. \u00abLa pregunta no es si has aprendido mucho o no. La pregunta es si has sufrido mucho o no y la respuesta es que he sufrido mucho. Much\u00edsimo\u00bb. \u00c9sa ser\u00e1, seguramente, la raz\u00f3n por la que admira a un tipo de gente poco com\u00fan: \u00abA las personas que son felices\u00bb.<\/p>\n","protected":false},"excerpt":{"rendered":"<p>Juan Arena, presidente de la Fundaci\u00f3n Empresa y Sociedad, y ex presidente de Bankinter \u00abYo ten\u00eda un padre<a class=\"moretag\" href=\"https:\/\/empresas.infoempleo.com\/hrtrends\/mi-historia-es-la-de-alguien-que-ha-encontrado-su-sitio-muy-tarde\/\"> Leer m\u00e1s<\/a><\/p>\n","protected":false},"author":31,"featured_media":29665,"comment_status":"closed","ping_status":"open","sticky":false,"template":"","format":"standard","meta":{"footnotes":""},"categories":[3],"tags":[470],"class_list":["post-3613","post","type-post","status-publish","format-standard","has-post-thumbnail","hentry","category-actualidad","tag-juan-arena"],"yoast_head":"<!-- This site is optimized with the Yoast SEO plugin v26.1.1 - https:\/\/yoast.com\/wordpress\/plugins\/seo\/ -->\n<title>&quot;Mi historia es la de alguien que ha encontrado su sitio muy tarde&quot; | HRTRENDS<\/title>\n<meta name=\"robots\" content=\"index, follow, max-snippet:-1, max-image-preview:large, max-video-preview:-1\" \/>\n<link rel=\"canonical\" href=\"https:\/\/empresas.infoempleo.com\/hrtrends\/mi-historia-es-la-de-alguien-que-ha-encontrado-su-sitio-muy-tarde\/\" \/>\n<meta property=\"og:locale\" content=\"es_ES\" \/>\n<meta property=\"og:type\" content=\"article\" \/>\n<meta property=\"og:title\" content=\"&quot;Mi historia es la de alguien que ha encontrado su sitio muy tarde&quot; | HRTRENDS\" \/>\n<meta property=\"og:description\" content=\"Juan Arena, presidente de la Fundaci\u00f3n Empresa y Sociedad, y ex presidente de Bankinter \u00abYo ten\u00eda un padre Leer m\u00e1s\" \/>\n<meta property=\"og:url\" content=\"https:\/\/empresas.infoempleo.com\/hrtrends\/mi-historia-es-la-de-alguien-que-ha-encontrado-su-sitio-muy-tarde\/\" \/>\n<meta property=\"og:site_name\" content=\"HRTRENDS\" \/>\n<meta property=\"article:publisher\" content=\"https:\/\/www.facebook.com\/Infoempleo\" \/>\n<meta property=\"article:published_time\" content=\"2009-09-28T10:03:58+00:00\" \/>\n<meta property=\"article:modified_time\" content=\"2024-08-29T15:39:54+00:00\" \/>\n<meta name=\"author\" content=\"In\u00e9s Molina\" \/>\n<meta name=\"twitter:card\" content=\"summary_large_image\" \/>\n<meta name=\"twitter:creator\" content=\"@infoempleo\" \/>\n<meta name=\"twitter:site\" content=\"@infoempleo\" \/>\n<meta name=\"twitter:label1\" content=\"Escrito por\" \/>\n\t<meta name=\"twitter:data1\" content=\"In\u00e9s Molina\" \/>\n\t<meta name=\"twitter:label2\" content=\"Tiempo de lectura\" \/>\n\t<meta name=\"twitter:data2\" content=\"5 minutos\" \/>\n<script type=\"application\/ld+json\" class=\"yoast-schema-graph\">{\"@context\":\"https:\/\/schema.org\",\"@graph\":[{\"@type\":\"NewsArticle\",\"@id\":\"https:\/\/empresas.infoempleo.com\/hrtrends\/mi-historia-es-la-de-alguien-que-ha-encontrado-su-sitio-muy-tarde\/#article\",\"isPartOf\":{\"@id\":\"https:\/\/empresas.infoempleo.com\/hrtrends\/mi-historia-es-la-de-alguien-que-ha-encontrado-su-sitio-muy-tarde\/\"},\"author\":{\"name\":\"In\u00e9s Molina\",\"@id\":\"https:\/\/empresas.infoempleo.com\/hrtrends\/#\/schema\/person\/b7a6badf8a824bd871816199d4073051\"},\"headline\":\"\u00abMi historia es la de alguien que ha encontrado su sitio muy tarde\u00bb\",\"datePublished\":\"2009-09-28T10:03:58+00:00\",\"dateModified\":\"2024-08-29T15:39:54+00:00\",\"mainEntityOfPage\":{\"@id\":\"https:\/\/empresas.infoempleo.com\/hrtrends\/mi-historia-es-la-de-alguien-que-ha-encontrado-su-sitio-muy-tarde\/\"},\"wordCount\":1020,\"publisher\":{\"@id\":\"https:\/\/empresas.infoempleo.com\/hrtrends\/#organization\"},\"image\":{\"@id\":\"https:\/\/empresas.infoempleo.com\/hrtrends\/mi-historia-es-la-de-alguien-que-ha-encontrado-su-sitio-muy-tarde\/#primaryimage\"},\"thumbnailUrl\":\"https:\/\/empresas.infoempleo.com\/hrtrends\/media\/2017\/05\/pexels-photo-205508.jpg\",\"keywords\":[\"Juan Arena\"],\"articleSection\":[\"Actualidad\"],\"inLanguage\":\"es\",\"copyrightYear\":\"2009\",\"copyrightHolder\":{\"@id\":\"https:\/\/empresas.infoempleo.com\/hrtrends\/#organization\"}},{\"@type\":\"WebPage\",\"@id\":\"https:\/\/empresas.infoempleo.com\/hrtrends\/mi-historia-es-la-de-alguien-que-ha-encontrado-su-sitio-muy-tarde\/\",\"url\":\"https:\/\/empresas.infoempleo.com\/hrtrends\/mi-historia-es-la-de-alguien-que-ha-encontrado-su-sitio-muy-tarde\/\",\"name\":\"\\\"Mi historia es la de alguien que ha encontrado su sitio muy tarde\\\" | HRTRENDS\",\"isPartOf\":{\"@id\":\"https:\/\/empresas.infoempleo.com\/hrtrends\/#website\"},\"primaryImageOfPage\":{\"@id\":\"https:\/\/empresas.infoempleo.com\/hrtrends\/mi-historia-es-la-de-alguien-que-ha-encontrado-su-sitio-muy-tarde\/#primaryimage\"},\"image\":{\"@id\":\"https:\/\/empresas.infoempleo.com\/hrtrends\/mi-historia-es-la-de-alguien-que-ha-encontrado-su-sitio-muy-tarde\/#primaryimage\"},\"thumbnailUrl\":\"https:\/\/empresas.infoempleo.com\/hrtrends\/media\/2017\/05\/pexels-photo-205508.jpg\",\"datePublished\":\"2009-09-28T10:03:58+00:00\",\"dateModified\":\"2024-08-29T15:39:54+00:00\",\"breadcrumb\":{\"@id\":\"https:\/\/empresas.infoempleo.com\/hrtrends\/mi-historia-es-la-de-alguien-que-ha-encontrado-su-sitio-muy-tarde\/#breadcrumb\"},\"inLanguage\":\"es\",\"potentialAction\":[{\"@type\":\"ReadAction\",\"target\":[\"https:\/\/empresas.infoempleo.com\/hrtrends\/mi-historia-es-la-de-alguien-que-ha-encontrado-su-sitio-muy-tarde\/\"]}]},{\"@type\":\"ImageObject\",\"inLanguage\":\"es\",\"@id\":\"https:\/\/empresas.infoempleo.com\/hrtrends\/mi-historia-es-la-de-alguien-que-ha-encontrado-su-sitio-muy-tarde\/#primaryimage\",\"url\":\"https:\/\/empresas.infoempleo.com\/hrtrends\/media\/2017\/05\/pexels-photo-205508-150x150.jpg\",\"contentUrl\":\"https:\/\/empresas.infoempleo.com\/hrtrends\/media\/2017\/05\/pexels-photo-205508-150x150.jpg\",\"width\":150,\"height\":150},{\"@type\":\"BreadcrumbList\",\"@id\":\"https:\/\/empresas.infoempleo.com\/hrtrends\/mi-historia-es-la-de-alguien-que-ha-encontrado-su-sitio-muy-tarde\/#breadcrumb\",\"itemListElement\":[{\"@type\":\"ListItem\",\"position\":1,\"name\":\"Portada\",\"item\":\"https:\/\/empresas.infoempleo.com\/hrtrends\/\"},{\"@type\":\"ListItem\",\"position\":2,\"name\":\"\u00abMi historia es la de alguien que ha encontrado su sitio muy tarde\u00bb\"}]},{\"@type\":\"WebSite\",\"@id\":\"https:\/\/empresas.infoempleo.com\/hrtrends\/#website\",\"url\":\"https:\/\/empresas.infoempleo.com\/hrtrends\",\"name\":\"HRTrends by Infoempleo\",\"description\":\"\",\"publisher\":{\"@id\":\"https:\/\/empresas.infoempleo.com\/hrtrends\/#organization\"},\"potentialAction\":{\"@type\":\"SearchAction\",\"target\":\"https:\/\/empresas.infoempleo.com\/hrtrends\/?s={search_term_string}\",\"query-input\":\"required name=search_term_string\"},\"inLanguage\":\"es\"},{\"@type\":\"Organization\",\"@id\":\"https:\/\/empresas.infoempleo.com\/hrtrends\/#organization\",\"name\":\"Infoempleo\",\"url\":\"https:\/\/www.infoempleo.com\/\",\"logo\":{\"@type\":\"ImageObject\",\"@id\":\"https:\/\/empresas.infoempleo.com\/hrtrends\/#logo\",\"inLanguage\":\"es\",\"url\":\"https:\/\/cdnazure.infoempleo.com\/infoempleo\/assets\/style\/gfx\/logo.svg\",\"contentUrl\":\"https:\/\/cdnazure.infoempleo.com\/infoempleo\/assets\/style\/gfx\/logo.svg\",\"width\":150,\"height\":40,\"caption\":\"Infoempleo\"},\"image\":{\"@id\":\"https:\/\/empresas.infoempleo.com\/hrtrends\/#logo\"},\"sameAs\":[\"https:\/\/www.facebook.com\/Infoempleo\",\"https:\/\/x.com\/infoempleo\",\"http:\/\/instagram.com\/infoempleo\/\",\"http:\/\/www.linkedin.com\/groups\/Empleo-Espa\u00f1a-Infoempleocom-111276\",\"http:\/\/pinterest.com\/infoempleo\/\"],\"address\":{\"@type\":\"PostalAddress\",\"addressLocality\":\"Madrid\",\"postalCode\":\"28050\",\"streetAddress\":\"Avenida de Burgos 114\"},\"brand\":[\"Infoempleo\"]},{\"@type\":\"Person\",\"@id\":\"https:\/\/empresas.infoempleo.com\/hrtrends\/#\/schema\/person\/b7a6badf8a824bd871816199d4073051\",\"name\":\"In\u00e9s Molina\",\"image\":{\"@type\":\"ImageObject\",\"inLanguage\":\"es\",\"@id\":\"https:\/\/empresas.infoempleo.com\/hrtrends\/#\/schema\/person\/image\/\",\"url\":\"https:\/\/secure.gravatar.com\/avatar\/91ea6cf86c6b79f9f6f4d22793ffcbb45c9376d3b1a923126559ea4a8544b7b3?s=96&d=mm&r=g\",\"contentUrl\":\"https:\/\/secure.gravatar.com\/avatar\/91ea6cf86c6b79f9f6f4d22793ffcbb45c9376d3b1a923126559ea4a8544b7b3?s=96&d=mm&r=g\",\"caption\":\"In\u00e9s Molina\"},\"url\":\"https:\/\/empresas.infoempleo.com\/hrtrends\/author\/ines-molina\/\"}]}<\/script>\n<!-- \/ Yoast SEO plugin. -->","yoast_head_json":{"title":"\"Mi historia es la de alguien que ha encontrado su sitio muy tarde\" | HRTRENDS","robots":{"index":"index","follow":"follow","max-snippet":"max-snippet:-1","max-image-preview":"max-image-preview:large","max-video-preview":"max-video-preview:-1"},"canonical":"https:\/\/empresas.infoempleo.com\/hrtrends\/mi-historia-es-la-de-alguien-que-ha-encontrado-su-sitio-muy-tarde\/","og_locale":"es_ES","og_type":"article","og_title":"\"Mi historia es la de alguien que ha encontrado su sitio muy tarde\" | HRTRENDS","og_description":"Juan Arena, presidente de la Fundaci\u00f3n Empresa y Sociedad, y ex presidente de Bankinter \u00abYo ten\u00eda un padre Leer m\u00e1s","og_url":"https:\/\/empresas.infoempleo.com\/hrtrends\/mi-historia-es-la-de-alguien-que-ha-encontrado-su-sitio-muy-tarde\/","og_site_name":"HRTRENDS","article_publisher":"https:\/\/www.facebook.com\/Infoempleo","article_published_time":"2009-09-28T10:03:58+00:00","article_modified_time":"2024-08-29T15:39:54+00:00","author":"In\u00e9s Molina","twitter_card":"summary_large_image","twitter_creator":"@infoempleo","twitter_site":"@infoempleo","twitter_misc":{"Escrito por":"In\u00e9s Molina","Tiempo de lectura":"5 minutos"},"schema":{"@context":"https:\/\/schema.org","@graph":[{"@type":"NewsArticle","@id":"https:\/\/empresas.infoempleo.com\/hrtrends\/mi-historia-es-la-de-alguien-que-ha-encontrado-su-sitio-muy-tarde\/#article","isPartOf":{"@id":"https:\/\/empresas.infoempleo.com\/hrtrends\/mi-historia-es-la-de-alguien-que-ha-encontrado-su-sitio-muy-tarde\/"},"author":{"name":"In\u00e9s Molina","@id":"https:\/\/empresas.infoempleo.com\/hrtrends\/#\/schema\/person\/b7a6badf8a824bd871816199d4073051"},"headline":"\u00abMi historia es la de alguien que ha encontrado su sitio muy tarde\u00bb","datePublished":"2009-09-28T10:03:58+00:00","dateModified":"2024-08-29T15:39:54+00:00","mainEntityOfPage":{"@id":"https:\/\/empresas.infoempleo.com\/hrtrends\/mi-historia-es-la-de-alguien-que-ha-encontrado-su-sitio-muy-tarde\/"},"wordCount":1020,"publisher":{"@id":"https:\/\/empresas.infoempleo.com\/hrtrends\/#organization"},"image":{"@id":"https:\/\/empresas.infoempleo.com\/hrtrends\/mi-historia-es-la-de-alguien-que-ha-encontrado-su-sitio-muy-tarde\/#primaryimage"},"thumbnailUrl":"https:\/\/empresas.infoempleo.com\/hrtrends\/media\/2017\/05\/pexels-photo-205508.jpg","keywords":["Juan Arena"],"articleSection":["Actualidad"],"inLanguage":"es","copyrightYear":"2009","copyrightHolder":{"@id":"https:\/\/empresas.infoempleo.com\/hrtrends\/#organization"}},{"@type":"WebPage","@id":"https:\/\/empresas.infoempleo.com\/hrtrends\/mi-historia-es-la-de-alguien-que-ha-encontrado-su-sitio-muy-tarde\/","url":"https:\/\/empresas.infoempleo.com\/hrtrends\/mi-historia-es-la-de-alguien-que-ha-encontrado-su-sitio-muy-tarde\/","name":"\"Mi historia es la de alguien que ha encontrado su sitio muy tarde\" | HRTRENDS","isPartOf":{"@id":"https:\/\/empresas.infoempleo.com\/hrtrends\/#website"},"primaryImageOfPage":{"@id":"https:\/\/empresas.infoempleo.com\/hrtrends\/mi-historia-es-la-de-alguien-que-ha-encontrado-su-sitio-muy-tarde\/#primaryimage"},"image":{"@id":"https:\/\/empresas.infoempleo.com\/hrtrends\/mi-historia-es-la-de-alguien-que-ha-encontrado-su-sitio-muy-tarde\/#primaryimage"},"thumbnailUrl":"https:\/\/empresas.infoempleo.com\/hrtrends\/media\/2017\/05\/pexels-photo-205508.jpg","datePublished":"2009-09-28T10:03:58+00:00","dateModified":"2024-08-29T15:39:54+00:00","breadcrumb":{"@id":"https:\/\/empresas.infoempleo.com\/hrtrends\/mi-historia-es-la-de-alguien-que-ha-encontrado-su-sitio-muy-tarde\/#breadcrumb"},"inLanguage":"es","potentialAction":[{"@type":"ReadAction","target":["https:\/\/empresas.infoempleo.com\/hrtrends\/mi-historia-es-la-de-alguien-que-ha-encontrado-su-sitio-muy-tarde\/"]}]},{"@type":"ImageObject","inLanguage":"es","@id":"https:\/\/empresas.infoempleo.com\/hrtrends\/mi-historia-es-la-de-alguien-que-ha-encontrado-su-sitio-muy-tarde\/#primaryimage","url":"https:\/\/empresas.infoempleo.com\/hrtrends\/media\/2017\/05\/pexels-photo-205508-150x150.jpg","contentUrl":"https:\/\/empresas.infoempleo.com\/hrtrends\/media\/2017\/05\/pexels-photo-205508-150x150.jpg","width":150,"height":150},{"@type":"BreadcrumbList","@id":"https:\/\/empresas.infoempleo.com\/hrtrends\/mi-historia-es-la-de-alguien-que-ha-encontrado-su-sitio-muy-tarde\/#breadcrumb","itemListElement":[{"@type":"ListItem","position":1,"name":"Portada","item":"https:\/\/empresas.infoempleo.com\/hrtrends\/"},{"@type":"ListItem","position":2,"name":"\u00abMi historia es la de alguien que ha encontrado su sitio muy tarde\u00bb"}]},{"@type":"WebSite","@id":"https:\/\/empresas.infoempleo.com\/hrtrends\/#website","url":"https:\/\/empresas.infoempleo.com\/hrtrends","name":"HRTrends by Infoempleo","description":"","publisher":{"@id":"https:\/\/empresas.infoempleo.com\/hrtrends\/#organization"},"potentialAction":{"@type":"SearchAction","target":"https:\/\/empresas.infoempleo.com\/hrtrends\/?s={search_term_string}","query-input":"required name=search_term_string"},"inLanguage":"es"},{"@type":"Organization","@id":"https:\/\/empresas.infoempleo.com\/hrtrends\/#organization","name":"Infoempleo","url":"https:\/\/www.infoempleo.com\/","logo":{"@type":"ImageObject","@id":"https:\/\/empresas.infoempleo.com\/hrtrends\/#logo","inLanguage":"es","url":"https:\/\/cdnazure.infoempleo.com\/infoempleo\/assets\/style\/gfx\/logo.svg","contentUrl":"https:\/\/cdnazure.infoempleo.com\/infoempleo\/assets\/style\/gfx\/logo.svg","width":150,"height":40,"caption":"Infoempleo"},"image":{"@id":"https:\/\/empresas.infoempleo.com\/hrtrends\/#logo"},"sameAs":["https:\/\/www.facebook.com\/Infoempleo","https:\/\/x.com\/infoempleo","http:\/\/instagram.com\/infoempleo\/","http:\/\/www.linkedin.com\/groups\/Empleo-Espa\u00f1a-Infoempleocom-111276","http:\/\/pinterest.com\/infoempleo\/"],"address":{"@type":"PostalAddress","addressLocality":"Madrid","postalCode":"28050","streetAddress":"Avenida de Burgos 114"},"brand":["Infoempleo"]},{"@type":"Person","@id":"https:\/\/empresas.infoempleo.com\/hrtrends\/#\/schema\/person\/b7a6badf8a824bd871816199d4073051","name":"In\u00e9s Molina","image":{"@type":"ImageObject","inLanguage":"es","@id":"https:\/\/empresas.infoempleo.com\/hrtrends\/#\/schema\/person\/image\/","url":"https:\/\/secure.gravatar.com\/avatar\/91ea6cf86c6b79f9f6f4d22793ffcbb45c9376d3b1a923126559ea4a8544b7b3?s=96&d=mm&r=g","contentUrl":"https:\/\/secure.gravatar.com\/avatar\/91ea6cf86c6b79f9f6f4d22793ffcbb45c9376d3b1a923126559ea4a8544b7b3?s=96&d=mm&r=g","caption":"In\u00e9s Molina"},"url":"https:\/\/empresas.infoempleo.com\/hrtrends\/author\/ines-molina\/"}]}},"amp_enabled":true,"_links":{"self":[{"href":"https:\/\/empresas.infoempleo.com\/hrtrends\/wp-json\/wp\/v2\/posts\/3613","targetHints":{"allow":["GET"]}}],"collection":[{"href":"https:\/\/empresas.infoempleo.com\/hrtrends\/wp-json\/wp\/v2\/posts"}],"about":[{"href":"https:\/\/empresas.infoempleo.com\/hrtrends\/wp-json\/wp\/v2\/types\/post"}],"author":[{"embeddable":true,"href":"https:\/\/empresas.infoempleo.com\/hrtrends\/wp-json\/wp\/v2\/users\/31"}],"replies":[{"embeddable":true,"href":"https:\/\/empresas.infoempleo.com\/hrtrends\/wp-json\/wp\/v2\/comments?post=3613"}],"version-history":[{"count":2,"href":"https:\/\/empresas.infoempleo.com\/hrtrends\/wp-json\/wp\/v2\/posts\/3613\/revisions"}],"predecessor-version":[{"id":44712,"href":"https:\/\/empresas.infoempleo.com\/hrtrends\/wp-json\/wp\/v2\/posts\/3613\/revisions\/44712"}],"wp:featuredmedia":[{"embeddable":true,"href":"https:\/\/empresas.infoempleo.com\/hrtrends\/wp-json\/wp\/v2\/media\/29665"}],"wp:attachment":[{"href":"https:\/\/empresas.infoempleo.com\/hrtrends\/wp-json\/wp\/v2\/media?parent=3613"}],"wp:term":[{"taxonomy":"category","embeddable":true,"href":"https:\/\/empresas.infoempleo.com\/hrtrends\/wp-json\/wp\/v2\/categories?post=3613"},{"taxonomy":"post_tag","embeddable":true,"href":"https:\/\/empresas.infoempleo.com\/hrtrends\/wp-json\/wp\/v2\/tags?post=3613"}],"curies":[{"name":"wp","href":"https:\/\/api.w.org\/{rel}","templated":true}]}}