{"id":36033,"date":"2019-10-28T08:18:04","date_gmt":"2019-10-28T06:18:04","guid":{"rendered":"https:\/\/empresas.infoempleo.com\/hrtrends\/?p=36033"},"modified":"2019-11-04T12:59:43","modified_gmt":"2019-11-04T10:59:43","slug":"deficit-de-atencion-en-adultos","status":"publish","type":"post","link":"https:\/\/empresas.infoempleo.com\/hrtrends\/deficit-de-atencion-en-adultos\/","title":{"rendered":"D\u00e9ficit de atenci\u00f3n en adultos: c\u00f3mo puede afectar al rendimiento de tu empresa"},"content":{"rendered":"<p>El\u00a0<strong>d\u00e9ficit<\/strong>\u00a0<strong>de atenci\u00f3n en adultos\u00a0<\/strong>es un problema que a veces no se tiene en cuenta desde los <strong>departamentos de Recursos Humanos<\/strong> pero que, no obstante, puede tener una <strong>repercusi\u00f3n directa<\/strong> dentro de las empresas. Es importante que sepas que, aunque este trastorno se ha considerado a lo largo de los a\u00f1os como un <strong>problema asociado a la infancia<\/strong>, son muchos los adultos que lo padecen y que se encuentran incluso sin diagnosticar. A continuaci\u00f3n, te contamos todo lo que necesitas saber al respecto.<\/p>\n<h2><img loading=\"lazy\" decoding=\"async\" class=\"size-full wp-image-36034 aligncenter\" src=\"https:\/\/empresas.infoempleo.com\/hrtrends\/media\/2019\/10\/HRTRENDS_D\u00e9ficit_atenci\u00f3n_adultos.jpg\" alt=\"\" width=\"715\" height=\"488\" srcset=\"https:\/\/empresas.infoempleo.com\/hrtrends\/media\/2019\/10\/HRTRENDS_D\u00e9ficit_atenci\u00f3n_adultos.jpg 715w, https:\/\/empresas.infoempleo.com\/hrtrends\/media\/2019\/10\/HRTRENDS_D\u00e9ficit_atenci\u00f3n_adultos-300x205.jpg 300w\" sizes=\"auto, (max-width: 715px) 100vw, 715px\" \/><br \/>\n\u00bfQu\u00e9 es el d\u00e9ficit de atenci\u00f3n en adultos?<\/h2>\n<p>Se trata del mismo trastorno que afecta a los ni\u00f1os, si bien lo cierto es que se manifiesta de manera diferente en los adultos, ya que no suele cursar con <strong>hiperactividad f\u00edsica<\/strong> sino con <strong>hiperactividad mental<\/strong>. De este modo, las personas que tienen esta condici\u00f3n muestran enormes dificultades a la hora de <a href=\"https:\/\/empresas.infoempleo.com\/hrtrends\/gestion-tiempo-trabajo\/\">gestionar el tiempo<\/a>, de llevar a cabo <strong>tareas con plazos que cumplir<\/strong>, de <strong>focalizarse en un trabajo muy concreto<\/strong> etc.\u00a0Esto puede producir, a su vez, que estas personas sufran <strong>trastornos de ansiedad<\/strong> y <a href=\"https:\/\/empresas.infoempleo.com\/hrtrends\/trastornos-estado-animo-afectan-trabajadores\/\">trastornos del estado de \u00e1nimo<\/a>. Como ya te habr\u00e1s dado cuenta, esto tiene repercusiones directas sobre <strong>el rendimiento y la productividad<\/strong>.<\/p>\n<h2>\u00bfC\u00f3mo puedes identificar los s\u00edntomas del d\u00e9ficit de atenci\u00f3n en adultos?<\/h2>\n<p>Si alguno de los miembros de tu plantilla sufre <strong>d\u00e9ficit de atenci\u00f3n<\/strong>, la empresa puede verse afectada y el empleado en cuesti\u00f3n puede estar <strong>sufriendo de forma innecesaria<\/strong>. Por eso, es importante que prestes atenci\u00f3n a los trabajadores, si bien has de ser cauto de <strong>no caer en el sobrediagn\u00f3stico<\/strong>.<\/p>\n<p>Hay una serie de manifestaciones que pueden estar detr\u00e1s de un <strong>d\u00e9ficit de atenci\u00f3n en el adulto<\/strong>. As\u00ed, por ejemplo, estas personas pueden presentar problemas de <strong>atenci\u00f3n y concentraci\u00f3n<\/strong>, dificultades para <strong>iniciar y finalizar proyectos<\/strong>, facilidad para <strong>olvidarse de las cosas<\/strong>, problemas para <strong>gestionar el tiempo<\/strong>, incapacidad para <strong>organizar sus tareas<\/strong>, impulsividad y <strong>falta de paciencia<\/strong>. Por este motivo, muchas veces tienden a cambiar habitualmente de trabajo.<\/p>\n<h2>\u00bfQu\u00e9 repercusiones tiene en la empresa el d\u00e9ficit de atenci\u00f3n en adultos?<\/h2>\n<p>Si en una plantilla hay empleados que tienen <strong>d\u00e9ficit de atenci\u00f3n<\/strong>, es posible que haya <strong>incumplimientos de plazos<\/strong> de manera recurrente, lo que puede afectar negativamente a la productividad. Adem\u00e1s, estos trabajadores pueden sentirse <strong>desmotivados y frustrados<\/strong> e incluso llegar a padecer <a href=\"https:\/\/empresas.infoempleo.com\/hrtrends\/sindrome-del-quemado\">el s\u00edndrome del quemado<\/a>. Esto, a su vez, puede conducir a que haya un <strong>aumento de bajas laborales<\/strong>. Del mismo modo, al tratarse de personas con dificultades de atenci\u00f3n, pueden surgir problemas de comunicaci\u00f3n, lo que puede afectar al bienestar del conjunto de la plantilla. Por \u00faltimo, si su tendencia impulsiva les hace querer cambiar constantemente de puesto o de empleo puede aumentar la rotaci\u00f3n laboral.<\/p>\n<h2>C\u00f3mo puedes ayudar a un empleado con d\u00e9ficit de atenci\u00f3n en adultos<\/h2>\n<p>Si sabes con certeza que uno de tus empleados tiene <strong>d\u00e9ficit de atenci\u00f3n<\/strong>, has de prestarle la atenci\u00f3n y el asesoramiento necesarios para <strong>garantizar su bienestar<\/strong>. Ti\u00e9ndele una mano y ay\u00fadale a estar <strong>m\u00e1s centrado y motivado<\/strong>. Recuerda que si \u00e9l est\u00e1 bien, tu plantilla saldr\u00e1 ganando.<\/p>\n<p>El <strong>d\u00e9ficit de atenci\u00f3n en adultos<\/strong> es un trastorno bastante com\u00fan que, en ocasiones, no se diagnostica correctamente. Los empleados que lo padecen pueden estar sufriendo, lo que, a su vez, puede <strong>afectar a la empresa<\/strong>. Conocer bien en qu\u00e9 consiste este problema te permitir\u00e1 poner todo de tu parte para mejorar la situaci\u00f3n para todos.<\/p>\n","protected":false},"excerpt":{"rendered":"<p>El\u00a0d\u00e9ficit\u00a0de atenci\u00f3n en adultos\u00a0es un problema que a veces no se tiene en cuenta desde los departamentos de<a class=\"moretag\" href=\"https:\/\/empresas.infoempleo.com\/hrtrends\/deficit-de-atencion-en-adultos\/\"> Leer m\u00e1s<\/a><\/p>\n","protected":false},"author":122,"featured_media":36036,"comment_status":"closed","ping_status":"closed","sticky":false,"template":"","format":"standard","meta":{"footnotes":""},"categories":[3035],"tags":[3278,3279],"class_list":["post-36033","post","type-post","status-publish","format-standard","has-post-thumbnail","hentry","category-consejos","tag-deficit-de-atencion-en-adultos","tag-tdah"],"yoast_head":"<!-- This site is optimized with the Yoast SEO plugin v26.1.1 - https:\/\/yoast.com\/wordpress\/plugins\/seo\/ -->\n<title>D\u00e9ficit de atenci\u00f3n en adultos: c\u00f3mo afecta a los empleados<\/title>\n<meta name=\"description\" content=\"El d\u00e9ficit de atenci\u00f3n en adultos es un trastorno com\u00fan que puede estar afectando a alguno de tus empleados. Te contamos qu\u00e9 es exactamente.\" \/>\n<meta name=\"robots\" content=\"index, follow, max-snippet:-1, max-image-preview:large, max-video-preview:-1\" \/>\n<link rel=\"canonical\" href=\"https:\/\/empresas.infoempleo.com\/hrtrends\/deficit-de-atencion-en-adultos\/\" \/>\n<meta property=\"og:locale\" content=\"es_ES\" \/>\n<meta property=\"og:type\" content=\"article\" \/>\n<meta property=\"og:title\" content=\"D\u00e9ficit de atenci\u00f3n en adultos: c\u00f3mo afecta a los empleados\" \/>\n<meta property=\"og:description\" content=\"El d\u00e9ficit de atenci\u00f3n en adultos es un trastorno com\u00fan que puede estar afectando a alguno de tus empleados. Te contamos qu\u00e9 es exactamente.\" \/>\n<meta property=\"og:url\" content=\"https:\/\/empresas.infoempleo.com\/hrtrends\/deficit-de-atencion-en-adultos\/\" \/>\n<meta property=\"og:site_name\" content=\"HRTRENDS\" \/>\n<meta property=\"article:publisher\" content=\"https:\/\/www.facebook.com\/Infoempleo\" \/>\n<meta property=\"article:published_time\" content=\"2019-10-28T06:18:04+00:00\" \/>\n<meta property=\"article:modified_time\" content=\"2019-11-04T10:59:43+00:00\" \/>\n<meta property=\"og:image\" content=\"https:\/\/empresas.infoempleo.com\/hrtrends\/media\/2019\/10\/GettyImages-1125799875.jpg\" \/>\n\t<meta property=\"og:image:width\" content=\"681\" \/>\n\t<meta property=\"og:image:height\" content=\"512\" \/>\n\t<meta property=\"og:image:type\" content=\"image\/jpeg\" \/>\n<meta name=\"author\" content=\"Adriana M.\" \/>\n<meta name=\"twitter:card\" content=\"summary_large_image\" \/>\n<meta name=\"twitter:creator\" content=\"@infoempleo\" \/>\n<meta name=\"twitter:site\" content=\"@infoempleo\" \/>\n<meta name=\"twitter:label1\" content=\"Escrito por\" \/>\n\t<meta name=\"twitter:data1\" content=\"Adriana M.\" \/>\n\t<meta name=\"twitter:label2\" content=\"Tiempo de lectura\" \/>\n\t<meta name=\"twitter:data2\" content=\"3 minutos\" \/>\n<script type=\"application\/ld+json\" class=\"yoast-schema-graph\">{\"@context\":\"https:\/\/schema.org\",\"@graph\":[{\"@type\":\"NewsArticle\",\"@id\":\"https:\/\/empresas.infoempleo.com\/hrtrends\/deficit-de-atencion-en-adultos\/#article\",\"isPartOf\":{\"@id\":\"https:\/\/empresas.infoempleo.com\/hrtrends\/deficit-de-atencion-en-adultos\/\"},\"author\":{\"name\":\"Adriana M.\",\"@id\":\"https:\/\/empresas.infoempleo.com\/hrtrends\/#\/schema\/person\/b1dd51edbb566a47cd8f7513fa73d223\"},\"headline\":\"D\u00e9ficit de atenci\u00f3n en adultos: c\u00f3mo puede afectar al rendimiento de tu empresa\",\"datePublished\":\"2019-10-28T06:18:04+00:00\",\"dateModified\":\"2019-11-04T10:59:43+00:00\",\"mainEntityOfPage\":{\"@id\":\"https:\/\/empresas.infoempleo.com\/hrtrends\/deficit-de-atencion-en-adultos\/\"},\"wordCount\":626,\"publisher\":{\"@id\":\"https:\/\/empresas.infoempleo.com\/hrtrends\/#organization\"},\"image\":{\"@id\":\"https:\/\/empresas.infoempleo.com\/hrtrends\/deficit-de-atencion-en-adultos\/#primaryimage\"},\"thumbnailUrl\":\"https:\/\/empresas.infoempleo.com\/hrtrends\/media\/2019\/10\/GettyImages-1125799875.jpg\",\"keywords\":[\"d\u00e9ficit de atenci\u00f3n en adultos\",\"TDAH\"],\"articleSection\":[\"Consejos\"],\"inLanguage\":\"es\",\"copyrightYear\":\"2019\",\"copyrightHolder\":{\"@id\":\"https:\/\/empresas.infoempleo.com\/hrtrends\/#organization\"}},{\"@type\":\"WebPage\",\"@id\":\"https:\/\/empresas.infoempleo.com\/hrtrends\/deficit-de-atencion-en-adultos\/\",\"url\":\"https:\/\/empresas.infoempleo.com\/hrtrends\/deficit-de-atencion-en-adultos\/\",\"name\":\"D\u00e9ficit de atenci\u00f3n en adultos: c\u00f3mo afecta a los empleados\",\"isPartOf\":{\"@id\":\"https:\/\/empresas.infoempleo.com\/hrtrends\/#website\"},\"primaryImageOfPage\":{\"@id\":\"https:\/\/empresas.infoempleo.com\/hrtrends\/deficit-de-atencion-en-adultos\/#primaryimage\"},\"image\":{\"@id\":\"https:\/\/empresas.infoempleo.com\/hrtrends\/deficit-de-atencion-en-adultos\/#primaryimage\"},\"thumbnailUrl\":\"https:\/\/empresas.infoempleo.com\/hrtrends\/media\/2019\/10\/GettyImages-1125799875.jpg\",\"datePublished\":\"2019-10-28T06:18:04+00:00\",\"dateModified\":\"2019-11-04T10:59:43+00:00\",\"description\":\"El d\u00e9ficit de atenci\u00f3n en adultos es un trastorno com\u00fan que puede estar afectando a alguno de tus empleados. Te contamos qu\u00e9 es exactamente.\",\"breadcrumb\":{\"@id\":\"https:\/\/empresas.infoempleo.com\/hrtrends\/deficit-de-atencion-en-adultos\/#breadcrumb\"},\"inLanguage\":\"es\",\"potentialAction\":[{\"@type\":\"ReadAction\",\"target\":[\"https:\/\/empresas.infoempleo.com\/hrtrends\/deficit-de-atencion-en-adultos\/\"]}]},{\"@type\":\"ImageObject\",\"inLanguage\":\"es\",\"@id\":\"https:\/\/empresas.infoempleo.com\/hrtrends\/deficit-de-atencion-en-adultos\/#primaryimage\",\"url\":\"https:\/\/empresas.infoempleo.com\/hrtrends\/media\/2019\/10\/GettyImages-1125799875-150x150.jpg\",\"contentUrl\":\"https:\/\/empresas.infoempleo.com\/hrtrends\/media\/2019\/10\/GettyImages-1125799875-150x150.jpg\",\"width\":150,\"height\":150,\"caption\":\"D\u00e9ficit de atenci\u00f3n en adultos en tus empleados\"},{\"@type\":\"BreadcrumbList\",\"@id\":\"https:\/\/empresas.infoempleo.com\/hrtrends\/deficit-de-atencion-en-adultos\/#breadcrumb\",\"itemListElement\":[{\"@type\":\"ListItem\",\"position\":1,\"name\":\"Portada\",\"item\":\"https:\/\/empresas.infoempleo.com\/hrtrends\/\"},{\"@type\":\"ListItem\",\"position\":2,\"name\":\"D\u00e9ficit de atenci\u00f3n en adultos: c\u00f3mo puede afectar al rendimiento de tu empresa\"}]},{\"@type\":\"WebSite\",\"@id\":\"https:\/\/empresas.infoempleo.com\/hrtrends\/#website\",\"url\":\"https:\/\/empresas.infoempleo.com\/hrtrends\",\"name\":\"HRTrends by Infoempleo\",\"description\":\"\",\"publisher\":{\"@id\":\"https:\/\/empresas.infoempleo.com\/hrtrends\/#organization\"},\"potentialAction\":{\"@type\":\"SearchAction\",\"target\":\"https:\/\/empresas.infoempleo.com\/hrtrends\/?s={search_term_string}\",\"query-input\":\"required name=search_term_string\"},\"inLanguage\":\"es\"},{\"@type\":\"Organization\",\"@id\":\"https:\/\/empresas.infoempleo.com\/hrtrends\/#organization\",\"name\":\"Infoempleo\",\"url\":\"https:\/\/www.infoempleo.com\/\",\"logo\":{\"@type\":\"ImageObject\",\"@id\":\"https:\/\/empresas.infoempleo.com\/hrtrends\/#logo\",\"inLanguage\":\"es\",\"url\":\"https:\/\/cdnazure.infoempleo.com\/infoempleo\/assets\/style\/gfx\/logo.svg\",\"contentUrl\":\"https:\/\/cdnazure.infoempleo.com\/infoempleo\/assets\/style\/gfx\/logo.svg\",\"width\":150,\"height\":40,\"caption\":\"Infoempleo\"},\"image\":{\"@id\":\"https:\/\/empresas.infoempleo.com\/hrtrends\/#logo\"},\"sameAs\":[\"https:\/\/www.facebook.com\/Infoempleo\",\"https:\/\/x.com\/infoempleo\",\"http:\/\/instagram.com\/infoempleo\/\",\"http:\/\/www.linkedin.com\/groups\/Empleo-Espa\u00f1a-Infoempleocom-111276\",\"http:\/\/pinterest.com\/infoempleo\/\"],\"address\":{\"@type\":\"PostalAddress\",\"addressLocality\":\"Madrid\",\"postalCode\":\"28050\",\"streetAddress\":\"Avenida de Burgos 114\"},\"brand\":[\"Infoempleo\"]},{\"@type\":\"Person\",\"@id\":\"https:\/\/empresas.infoempleo.com\/hrtrends\/#\/schema\/person\/b1dd51edbb566a47cd8f7513fa73d223\",\"name\":\"Adriana M.\",\"image\":{\"@type\":\"ImageObject\",\"inLanguage\":\"es\",\"@id\":\"https:\/\/empresas.infoempleo.com\/hrtrends\/#\/schema\/person\/image\/\",\"url\":\"https:\/\/secure.gravatar.com\/avatar\/243f7dd7e1db0ad0e9791be05df7d72ba5c8bf338408591753bae2fe87dae18d?s=96&d=mm&r=g\",\"contentUrl\":\"https:\/\/secure.gravatar.com\/avatar\/243f7dd7e1db0ad0e9791be05df7d72ba5c8bf338408591753bae2fe87dae18d?s=96&d=mm&r=g\",\"caption\":\"Adriana M.\"},\"description\":\"Periodista y experta en Comunicaci\u00f3n Audiovisual y Narrativa. Me encanta escribir y narrar lo que pasa a mi alrededor es mi pasi\u00f3n.\",\"url\":\"https:\/\/empresas.infoempleo.com\/hrtrends\/author\/adriana-kanvas\/\"}]}<\/script>\n<!-- \/ Yoast SEO plugin. -->","yoast_head_json":{"title":"D\u00e9ficit de atenci\u00f3n en adultos: c\u00f3mo afecta a los empleados","description":"El d\u00e9ficit de atenci\u00f3n en adultos es un trastorno com\u00fan que puede estar afectando a alguno de tus empleados. Te contamos qu\u00e9 es exactamente.","robots":{"index":"index","follow":"follow","max-snippet":"max-snippet:-1","max-image-preview":"max-image-preview:large","max-video-preview":"max-video-preview:-1"},"canonical":"https:\/\/empresas.infoempleo.com\/hrtrends\/deficit-de-atencion-en-adultos\/","og_locale":"es_ES","og_type":"article","og_title":"D\u00e9ficit de atenci\u00f3n en adultos: c\u00f3mo afecta a los empleados","og_description":"El d\u00e9ficit de atenci\u00f3n en adultos es un trastorno com\u00fan que puede estar afectando a alguno de tus empleados. Te contamos qu\u00e9 es exactamente.","og_url":"https:\/\/empresas.infoempleo.com\/hrtrends\/deficit-de-atencion-en-adultos\/","og_site_name":"HRTRENDS","article_publisher":"https:\/\/www.facebook.com\/Infoempleo","article_published_time":"2019-10-28T06:18:04+00:00","article_modified_time":"2019-11-04T10:59:43+00:00","og_image":[{"width":681,"height":512,"url":"https:\/\/empresas.infoempleo.com\/hrtrends\/media\/2019\/10\/GettyImages-1125799875.jpg","type":"image\/jpeg"}],"author":"Adriana M.","twitter_card":"summary_large_image","twitter_creator":"@infoempleo","twitter_site":"@infoempleo","twitter_misc":{"Escrito por":"Adriana M.","Tiempo de lectura":"3 minutos"},"schema":{"@context":"https:\/\/schema.org","@graph":[{"@type":"NewsArticle","@id":"https:\/\/empresas.infoempleo.com\/hrtrends\/deficit-de-atencion-en-adultos\/#article","isPartOf":{"@id":"https:\/\/empresas.infoempleo.com\/hrtrends\/deficit-de-atencion-en-adultos\/"},"author":{"name":"Adriana M.","@id":"https:\/\/empresas.infoempleo.com\/hrtrends\/#\/schema\/person\/b1dd51edbb566a47cd8f7513fa73d223"},"headline":"D\u00e9ficit de atenci\u00f3n en adultos: c\u00f3mo puede afectar al rendimiento de tu empresa","datePublished":"2019-10-28T06:18:04+00:00","dateModified":"2019-11-04T10:59:43+00:00","mainEntityOfPage":{"@id":"https:\/\/empresas.infoempleo.com\/hrtrends\/deficit-de-atencion-en-adultos\/"},"wordCount":626,"publisher":{"@id":"https:\/\/empresas.infoempleo.com\/hrtrends\/#organization"},"image":{"@id":"https:\/\/empresas.infoempleo.com\/hrtrends\/deficit-de-atencion-en-adultos\/#primaryimage"},"thumbnailUrl":"https:\/\/empresas.infoempleo.com\/hrtrends\/media\/2019\/10\/GettyImages-1125799875.jpg","keywords":["d\u00e9ficit de atenci\u00f3n en adultos","TDAH"],"articleSection":["Consejos"],"inLanguage":"es","copyrightYear":"2019","copyrightHolder":{"@id":"https:\/\/empresas.infoempleo.com\/hrtrends\/#organization"}},{"@type":"WebPage","@id":"https:\/\/empresas.infoempleo.com\/hrtrends\/deficit-de-atencion-en-adultos\/","url":"https:\/\/empresas.infoempleo.com\/hrtrends\/deficit-de-atencion-en-adultos\/","name":"D\u00e9ficit de atenci\u00f3n en adultos: c\u00f3mo afecta a los empleados","isPartOf":{"@id":"https:\/\/empresas.infoempleo.com\/hrtrends\/#website"},"primaryImageOfPage":{"@id":"https:\/\/empresas.infoempleo.com\/hrtrends\/deficit-de-atencion-en-adultos\/#primaryimage"},"image":{"@id":"https:\/\/empresas.infoempleo.com\/hrtrends\/deficit-de-atencion-en-adultos\/#primaryimage"},"thumbnailUrl":"https:\/\/empresas.infoempleo.com\/hrtrends\/media\/2019\/10\/GettyImages-1125799875.jpg","datePublished":"2019-10-28T06:18:04+00:00","dateModified":"2019-11-04T10:59:43+00:00","description":"El d\u00e9ficit de atenci\u00f3n en adultos es un trastorno com\u00fan que puede estar afectando a alguno de tus empleados. Te contamos qu\u00e9 es exactamente.","breadcrumb":{"@id":"https:\/\/empresas.infoempleo.com\/hrtrends\/deficit-de-atencion-en-adultos\/#breadcrumb"},"inLanguage":"es","potentialAction":[{"@type":"ReadAction","target":["https:\/\/empresas.infoempleo.com\/hrtrends\/deficit-de-atencion-en-adultos\/"]}]},{"@type":"ImageObject","inLanguage":"es","@id":"https:\/\/empresas.infoempleo.com\/hrtrends\/deficit-de-atencion-en-adultos\/#primaryimage","url":"https:\/\/empresas.infoempleo.com\/hrtrends\/media\/2019\/10\/GettyImages-1125799875-150x150.jpg","contentUrl":"https:\/\/empresas.infoempleo.com\/hrtrends\/media\/2019\/10\/GettyImages-1125799875-150x150.jpg","width":150,"height":150,"caption":"D\u00e9ficit de atenci\u00f3n en adultos en tus empleados"},{"@type":"BreadcrumbList","@id":"https:\/\/empresas.infoempleo.com\/hrtrends\/deficit-de-atencion-en-adultos\/#breadcrumb","itemListElement":[{"@type":"ListItem","position":1,"name":"Portada","item":"https:\/\/empresas.infoempleo.com\/hrtrends\/"},{"@type":"ListItem","position":2,"name":"D\u00e9ficit de atenci\u00f3n en adultos: c\u00f3mo puede afectar al rendimiento de tu empresa"}]},{"@type":"WebSite","@id":"https:\/\/empresas.infoempleo.com\/hrtrends\/#website","url":"https:\/\/empresas.infoempleo.com\/hrtrends","name":"HRTrends by Infoempleo","description":"","publisher":{"@id":"https:\/\/empresas.infoempleo.com\/hrtrends\/#organization"},"potentialAction":{"@type":"SearchAction","target":"https:\/\/empresas.infoempleo.com\/hrtrends\/?s={search_term_string}","query-input":"required name=search_term_string"},"inLanguage":"es"},{"@type":"Organization","@id":"https:\/\/empresas.infoempleo.com\/hrtrends\/#organization","name":"Infoempleo","url":"https:\/\/www.infoempleo.com\/","logo":{"@type":"ImageObject","@id":"https:\/\/empresas.infoempleo.com\/hrtrends\/#logo","inLanguage":"es","url":"https:\/\/cdnazure.infoempleo.com\/infoempleo\/assets\/style\/gfx\/logo.svg","contentUrl":"https:\/\/cdnazure.infoempleo.com\/infoempleo\/assets\/style\/gfx\/logo.svg","width":150,"height":40,"caption":"Infoempleo"},"image":{"@id":"https:\/\/empresas.infoempleo.com\/hrtrends\/#logo"},"sameAs":["https:\/\/www.facebook.com\/Infoempleo","https:\/\/x.com\/infoempleo","http:\/\/instagram.com\/infoempleo\/","http:\/\/www.linkedin.com\/groups\/Empleo-Espa\u00f1a-Infoempleocom-111276","http:\/\/pinterest.com\/infoempleo\/"],"address":{"@type":"PostalAddress","addressLocality":"Madrid","postalCode":"28050","streetAddress":"Avenida de Burgos 114"},"brand":["Infoempleo"]},{"@type":"Person","@id":"https:\/\/empresas.infoempleo.com\/hrtrends\/#\/schema\/person\/b1dd51edbb566a47cd8f7513fa73d223","name":"Adriana M.","image":{"@type":"ImageObject","inLanguage":"es","@id":"https:\/\/empresas.infoempleo.com\/hrtrends\/#\/schema\/person\/image\/","url":"https:\/\/secure.gravatar.com\/avatar\/243f7dd7e1db0ad0e9791be05df7d72ba5c8bf338408591753bae2fe87dae18d?s=96&d=mm&r=g","contentUrl":"https:\/\/secure.gravatar.com\/avatar\/243f7dd7e1db0ad0e9791be05df7d72ba5c8bf338408591753bae2fe87dae18d?s=96&d=mm&r=g","caption":"Adriana M."},"description":"Periodista y experta en Comunicaci\u00f3n Audiovisual y Narrativa. Me encanta escribir y narrar lo que pasa a mi alrededor es mi pasi\u00f3n.","url":"https:\/\/empresas.infoempleo.com\/hrtrends\/author\/adriana-kanvas\/"}]}},"amp_enabled":true,"_links":{"self":[{"href":"https:\/\/empresas.infoempleo.com\/hrtrends\/wp-json\/wp\/v2\/posts\/36033","targetHints":{"allow":["GET"]}}],"collection":[{"href":"https:\/\/empresas.infoempleo.com\/hrtrends\/wp-json\/wp\/v2\/posts"}],"about":[{"href":"https:\/\/empresas.infoempleo.com\/hrtrends\/wp-json\/wp\/v2\/types\/post"}],"author":[{"embeddable":true,"href":"https:\/\/empresas.infoempleo.com\/hrtrends\/wp-json\/wp\/v2\/users\/122"}],"replies":[{"embeddable":true,"href":"https:\/\/empresas.infoempleo.com\/hrtrends\/wp-json\/wp\/v2\/comments?post=36033"}],"version-history":[{"count":6,"href":"https:\/\/empresas.infoempleo.com\/hrtrends\/wp-json\/wp\/v2\/posts\/36033\/revisions"}],"predecessor-version":[{"id":36085,"href":"https:\/\/empresas.infoempleo.com\/hrtrends\/wp-json\/wp\/v2\/posts\/36033\/revisions\/36085"}],"wp:featuredmedia":[{"embeddable":true,"href":"https:\/\/empresas.infoempleo.com\/hrtrends\/wp-json\/wp\/v2\/media\/36036"}],"wp:attachment":[{"href":"https:\/\/empresas.infoempleo.com\/hrtrends\/wp-json\/wp\/v2\/media?parent=36033"}],"wp:term":[{"taxonomy":"category","embeddable":true,"href":"https:\/\/empresas.infoempleo.com\/hrtrends\/wp-json\/wp\/v2\/categories?post=36033"},{"taxonomy":"post_tag","embeddable":true,"href":"https:\/\/empresas.infoempleo.com\/hrtrends\/wp-json\/wp\/v2\/tags?post=36033"}],"curies":[{"name":"wp","href":"https:\/\/api.w.org\/{rel}","templated":true}]}}