{"id":35864,"date":"2019-09-12T07:30:37","date_gmt":"2019-09-12T05:30:37","guid":{"rendered":"https:\/\/empresas.infoempleo.com\/hrtrends\/?p=35864"},"modified":"2019-09-06T17:29:17","modified_gmt":"2019-09-06T15:29:17","slug":"influyee-la-mezcla-perfecta-empleado-e-influencer","status":"publish","type":"post","link":"https:\/\/empresas.infoempleo.com\/hrtrends\/influyee-la-mezcla-perfecta-empleado-e-influencer\/","title":{"rendered":"Qu\u00e9 es el <i>influyee<\/i>: la mezcla perfecta entre empleado e <i>influencer<\/i>"},"content":{"rendered":"<p>La figura del <em>influencer<\/em> ha supuesto una revoluci\u00f3n en la t\u00e9cnica de ventas. Son prescriptores que se ganan con sus prescripciones a los posibles clientes de las marcas y los animan a comprar. Pero \u00bfqu\u00e9 pasa si el <em>influencer<\/em> es uno de los empleados de la marca? Este es el nuevo h\u00edbrido que ya se ha definido, nos referimos a lo que ya se denomina <em>employee influencer <\/em>o <em>influyee<\/em>. Ent\u00e9rate de c\u00f3mo este perfil puede mejorar tu marca.<\/p>\n<p><!--more--><\/p>\n<p>En realidad, esta figura existe dentro de las empresas desde hace mucho tiempo. <strong>La gente est\u00e1 m\u00e1s dispuesta a creer lo que dice un empleado de la empresa<\/strong> que lo que dice la propia empresa sobre las bondades de sus servicios o productos. Especialmente si se trata de personal t\u00e9cnico. Si conocemos a alguien que trabaja en una f\u00e1brica donde se procesa carne animal y nos comenta las buenas medidas de higiene que se emplean, es muy posible que elijamos esta marca por encima de otra porque nos resulte m\u00e1s fiable. Este concepto est\u00e1 \u00edntimamente relacionado tambi\u00e9n con el <em>engagement<\/em>. Empleados que est\u00e1n contentos con su situaci\u00f3n y relaci\u00f3n con la empresa <a href=\"https:\/\/empresas.infoempleo.com\/hrtrends\/empleados-como-prescriptores-de-marca\">est\u00e1n m\u00e1s dispuestos a hablar bien de ella<\/a>.<\/p>\n<p>Pero la figura del <em>influyee<\/em> va un poco m\u00e1s all\u00e1. Como en el caso del <em>influencer<\/em> cl\u00e1sico, no se trata de que la voz oficial de la empresa salga hablando de sus magn\u00edfica oferta, sino de <strong>que alguien lo cuente por ellos de manera desinteresada<\/strong>. El <em>influyee<\/em> va a promocionar una actitud positiva entre la plantilla que favorezca una transmisi\u00f3n positiva de la empresa y sus productos o servicios. Para ello emplear\u00e1 las herramientas del marketing.<\/p>\n<p>Veamos dos v\u00edas para potenciar esta actitud entre la plantilla.<\/p>\n<h2>Aportar canales de comunicaci\u00f3n interna<\/h2>\n<p>En numerosas ocasiones, el propio personal de la empresa desconoce muchos puntos importantes de esta. <strong>Una <em>newsletter<\/em> o incluso una revista impresa<\/strong> si la compa\u00f1\u00eda es suficientemente grande puede resultar un canal de comunicaci\u00f3n perfecto. Como contenido, se puede informar sobre las novedades que se van produciendo, los avances que se han ido integrando o cu\u00e1les son los fundamentos de la compa\u00f1\u00eda, su responsabilidad social corporativa, su compromiso con el medio ambiente\u2026 Un mont\u00f3n de contenido que los empleados, si saben, pueden transmitir de forma positiva al exterior.<\/p>\n<p>Tambi\u00e9n resulta interesante <strong>publicar contenido m\u00e1s t\u00e9cnico<\/strong> que explique, de una manera divulgativa, determinados aspectos sobre la fabricaci\u00f3n o metodolog\u00edas que se est\u00e1n llevando a cabo dentro de la compa\u00f1\u00eda. De esta manera, cada empleado puede servir como veh\u00edculo de transmisi\u00f3n del \u201cc\u00f3mo se hace\u201d de la empresa. Recordemos que una opini\u00f3n t\u00e9cnica est\u00e1 mucho m\u00e1s valorada a la hora de decidir efectuar una compra.<\/p>\n<p><img loading=\"lazy\" decoding=\"async\" class=\"alignnone wp-image-35868 size-full\" src=\"https:\/\/empresas.infoempleo.com\/hrtrends\/media\/2019\/09\/GettyImages-1015400110.jpg\" alt=\"C\u00f3mo un influyee mejora tus ventas\" width=\"881\" height=\"588\" srcset=\"https:\/\/empresas.infoempleo.com\/hrtrends\/media\/2019\/09\/GettyImages-1015400110.jpg 881w, https:\/\/empresas.infoempleo.com\/hrtrends\/media\/2019\/09\/GettyImages-1015400110-300x200.jpg 300w, https:\/\/empresas.infoempleo.com\/hrtrends\/media\/2019\/09\/GettyImages-1015400110-768x513.jpg 768w\" sizes=\"auto, (max-width: 881px) 100vw, 881px\" \/><\/p>\n<p>&nbsp;<\/p>\n<h2>Compartir contenido en redes sociales<\/h2>\n<p>Una <em>newsletter<\/em> u otro tipo de publicaci\u00f3n peri\u00f3dica no supone un canal bidireccional; sin embargo las redes sociales s\u00ed y son el complemento ideal. Buscando una <strong>actividad proactiva de la plantilla<\/strong>, conviene <strong>crear una estrategia en redes sociales que la integre<\/strong>. Por ejemplo, se pueden generar contenidos especialmente orientados a trabajadores de la compa\u00f1\u00eda o publicar otros creados fuera de ella que resuelvan dudas o que atiendan a necesidades muy relacionadas con su d\u00eda a d\u00eda. Si aportan recursos \u00fatiles, se favorecer\u00e1 el seguimiento y los empleados lo catalogar\u00e1n como una red de la que merece la pena estar pendiente.<\/p>\n<p>Tambi\u00e9n se puede animar a compartir contenido en sus propias redes. Eso s\u00ed, teniendo en cuenta siempre que se trata de una cierta intromisi\u00f3n en la privacidad de la persona empleada. <strong>No son actitudes que haya que forzar<\/strong> ni mediante un chantaje directo ni mediante uno m\u00e1s discreto. Esto podr\u00eda tener justo el efecto contrario al que se pretende y generar precisamente una mala reputaci\u00f3n. Lo interesante es ofrecer contenidos que la plantilla quiera compartir o acciones en las que est\u00e9 dispuesta a participar por voluntad propia.<\/p>\n","protected":false},"excerpt":{"rendered":"<p>La figura del influencer ha supuesto una revoluci\u00f3n en la t\u00e9cnica de ventas. Son prescriptores que se ganan<a class=\"moretag\" href=\"https:\/\/empresas.infoempleo.com\/hrtrends\/influyee-la-mezcla-perfecta-empleado-e-influencer\/\"> Leer m\u00e1s<\/a><\/p>\n","protected":false},"author":28,"featured_media":35865,"comment_status":"closed","ping_status":"closed","sticky":false,"template":"","format":"standard","meta":{"footnotes":""},"categories":[3],"tags":[510,26,918],"class_list":["post-35864","post","type-post","status-publish","format-standard","has-post-thumbnail","hentry","category-actualidad","tag-nuevas-tecnologias","tag-redes-sociales","tag-trabajadores"],"yoast_head":"<!-- This site is optimized with the Yoast SEO plugin v26.1.1 - https:\/\/yoast.com\/wordpress\/plugins\/seo\/ -->\n<title>Qu\u00e9 es el influyee: la mezcla perfecta entre empleado e influencer | HRTRENDS<\/title>\n<meta name=\"description\" content=\"Este es el nuevo h\u00edbrido que ya se ha definido, nos referimos al employee influencer o influyee. Ent\u00e9rate de c\u00f3mo este perfil puede mejorar tu marca\" \/>\n<meta name=\"robots\" content=\"index, follow, max-snippet:-1, max-image-preview:large, max-video-preview:-1\" \/>\n<link rel=\"canonical\" href=\"https:\/\/empresas.infoempleo.com\/hrtrends\/influyee-la-mezcla-perfecta-empleado-e-influencer\/\" \/>\n<meta property=\"og:locale\" content=\"es_ES\" \/>\n<meta property=\"og:type\" content=\"article\" \/>\n<meta property=\"og:title\" content=\"Qu\u00e9 es el influyee: la mezcla perfecta entre empleado e influencer | HRTRENDS\" \/>\n<meta property=\"og:description\" content=\"Este es el nuevo h\u00edbrido que ya se ha definido, nos referimos al employee influencer o influyee. Ent\u00e9rate de c\u00f3mo este perfil puede mejorar tu marca\" \/>\n<meta property=\"og:url\" content=\"https:\/\/empresas.infoempleo.com\/hrtrends\/influyee-la-mezcla-perfecta-empleado-e-influencer\/\" \/>\n<meta property=\"og:site_name\" content=\"HRTRENDS\" \/>\n<meta property=\"article:publisher\" content=\"https:\/\/www.facebook.com\/Infoempleo\" \/>\n<meta property=\"article:published_time\" content=\"2019-09-12T05:30:37+00:00\" \/>\n<meta property=\"og:image\" content=\"https:\/\/empresas.infoempleo.com\/hrtrends\/media\/2019\/09\/GettyImages-972541430.jpg\" \/>\n\t<meta property=\"og:image:width\" content=\"881\" \/>\n\t<meta property=\"og:image:height\" content=\"610\" \/>\n\t<meta property=\"og:image:type\" content=\"image\/jpeg\" \/>\n<meta name=\"author\" content=\"Ester Carrasco\" \/>\n<meta name=\"twitter:card\" content=\"summary_large_image\" \/>\n<meta name=\"twitter:creator\" content=\"@infoempleo\" \/>\n<meta name=\"twitter:site\" content=\"@infoempleo\" \/>\n<meta name=\"twitter:label1\" content=\"Escrito por\" \/>\n\t<meta name=\"twitter:data1\" content=\"Ester Carrasco\" \/>\n\t<meta name=\"twitter:label2\" content=\"Tiempo de lectura\" \/>\n\t<meta name=\"twitter:data2\" content=\"3 minutos\" \/>\n<script type=\"application\/ld+json\" class=\"yoast-schema-graph\">{\"@context\":\"https:\/\/schema.org\",\"@graph\":[{\"@type\":\"NewsArticle\",\"@id\":\"https:\/\/empresas.infoempleo.com\/hrtrends\/influyee-la-mezcla-perfecta-empleado-e-influencer\/#article\",\"isPartOf\":{\"@id\":\"https:\/\/empresas.infoempleo.com\/hrtrends\/influyee-la-mezcla-perfecta-empleado-e-influencer\/\"},\"author\":{\"name\":\"Ester Carrasco\",\"@id\":\"https:\/\/empresas.infoempleo.com\/hrtrends\/#\/schema\/person\/b5f470bbbcd4f7f0a6b8e4a99fd663a1\"},\"headline\":\"Qu\u00e9 es el influyee: la mezcla perfecta entre empleado e influencer\",\"datePublished\":\"2019-09-12T05:30:37+00:00\",\"mainEntityOfPage\":{\"@id\":\"https:\/\/empresas.infoempleo.com\/hrtrends\/influyee-la-mezcla-perfecta-empleado-e-influencer\/\"},\"wordCount\":696,\"publisher\":{\"@id\":\"https:\/\/empresas.infoempleo.com\/hrtrends\/#organization\"},\"image\":{\"@id\":\"https:\/\/empresas.infoempleo.com\/hrtrends\/influyee-la-mezcla-perfecta-empleado-e-influencer\/#primaryimage\"},\"thumbnailUrl\":\"https:\/\/empresas.infoempleo.com\/hrtrends\/media\/2019\/09\/GettyImages-972541430.jpg\",\"keywords\":[\"nuevas tecnolog\u00edas\",\"redes sociales\",\"trabajadores\"],\"articleSection\":[\"Actualidad\"],\"inLanguage\":\"es\",\"copyrightYear\":\"2019\",\"copyrightHolder\":{\"@id\":\"https:\/\/empresas.infoempleo.com\/hrtrends\/#organization\"}},{\"@type\":\"WebPage\",\"@id\":\"https:\/\/empresas.infoempleo.com\/hrtrends\/influyee-la-mezcla-perfecta-empleado-e-influencer\/\",\"url\":\"https:\/\/empresas.infoempleo.com\/hrtrends\/influyee-la-mezcla-perfecta-empleado-e-influencer\/\",\"name\":\"Qu\u00e9 es el influyee: la mezcla perfecta entre empleado e influencer | HRTRENDS\",\"isPartOf\":{\"@id\":\"https:\/\/empresas.infoempleo.com\/hrtrends\/#website\"},\"primaryImageOfPage\":{\"@id\":\"https:\/\/empresas.infoempleo.com\/hrtrends\/influyee-la-mezcla-perfecta-empleado-e-influencer\/#primaryimage\"},\"image\":{\"@id\":\"https:\/\/empresas.infoempleo.com\/hrtrends\/influyee-la-mezcla-perfecta-empleado-e-influencer\/#primaryimage\"},\"thumbnailUrl\":\"https:\/\/empresas.infoempleo.com\/hrtrends\/media\/2019\/09\/GettyImages-972541430.jpg\",\"datePublished\":\"2019-09-12T05:30:37+00:00\",\"description\":\"Este es el nuevo h\u00edbrido que ya se ha definido, nos referimos al employee influencer o influyee. Ent\u00e9rate de c\u00f3mo este perfil puede mejorar tu marca\",\"breadcrumb\":{\"@id\":\"https:\/\/empresas.infoempleo.com\/hrtrends\/influyee-la-mezcla-perfecta-empleado-e-influencer\/#breadcrumb\"},\"inLanguage\":\"es\",\"potentialAction\":[{\"@type\":\"ReadAction\",\"target\":[\"https:\/\/empresas.infoempleo.com\/hrtrends\/influyee-la-mezcla-perfecta-empleado-e-influencer\/\"]}]},{\"@type\":\"ImageObject\",\"inLanguage\":\"es\",\"@id\":\"https:\/\/empresas.infoempleo.com\/hrtrends\/influyee-la-mezcla-perfecta-empleado-e-influencer\/#primaryimage\",\"url\":\"https:\/\/empresas.infoempleo.com\/hrtrends\/media\/2019\/09\/GettyImages-972541430-150x150.jpg\",\"contentUrl\":\"https:\/\/empresas.infoempleo.com\/hrtrends\/media\/2019\/09\/GettyImages-972541430-150x150.jpg\",\"width\":150,\"height\":150,\"caption\":\"Qu\u00e9 es un influyee\"},{\"@type\":\"BreadcrumbList\",\"@id\":\"https:\/\/empresas.infoempleo.com\/hrtrends\/influyee-la-mezcla-perfecta-empleado-e-influencer\/#breadcrumb\",\"itemListElement\":[{\"@type\":\"ListItem\",\"position\":1,\"name\":\"Portada\",\"item\":\"https:\/\/empresas.infoempleo.com\/hrtrends\/\"},{\"@type\":\"ListItem\",\"position\":2,\"name\":\"Qu\u00e9 es el influyee: la mezcla perfecta entre empleado e influencer\"}]},{\"@type\":\"WebSite\",\"@id\":\"https:\/\/empresas.infoempleo.com\/hrtrends\/#website\",\"url\":\"https:\/\/empresas.infoempleo.com\/hrtrends\",\"name\":\"HRTrends by Infoempleo\",\"description\":\"\",\"publisher\":{\"@id\":\"https:\/\/empresas.infoempleo.com\/hrtrends\/#organization\"},\"potentialAction\":{\"@type\":\"SearchAction\",\"target\":\"https:\/\/empresas.infoempleo.com\/hrtrends\/?s={search_term_string}\",\"query-input\":\"required name=search_term_string\"},\"inLanguage\":\"es\"},{\"@type\":\"Organization\",\"@id\":\"https:\/\/empresas.infoempleo.com\/hrtrends\/#organization\",\"name\":\"Infoempleo\",\"url\":\"https:\/\/www.infoempleo.com\/\",\"logo\":{\"@type\":\"ImageObject\",\"@id\":\"https:\/\/empresas.infoempleo.com\/hrtrends\/#logo\",\"inLanguage\":\"es\",\"url\":\"https:\/\/cdnazure.infoempleo.com\/infoempleo\/assets\/style\/gfx\/logo.svg\",\"contentUrl\":\"https:\/\/cdnazure.infoempleo.com\/infoempleo\/assets\/style\/gfx\/logo.svg\",\"width\":150,\"height\":40,\"caption\":\"Infoempleo\"},\"image\":{\"@id\":\"https:\/\/empresas.infoempleo.com\/hrtrends\/#logo\"},\"sameAs\":[\"https:\/\/www.facebook.com\/Infoempleo\",\"https:\/\/x.com\/infoempleo\",\"http:\/\/instagram.com\/infoempleo\/\",\"http:\/\/www.linkedin.com\/groups\/Empleo-Espa\u00f1a-Infoempleocom-111276\",\"http:\/\/pinterest.com\/infoempleo\/\"],\"address\":{\"@type\":\"PostalAddress\",\"addressLocality\":\"Madrid\",\"postalCode\":\"28050\",\"streetAddress\":\"Avenida de Burgos 114\"},\"brand\":[\"Infoempleo\"]},{\"@type\":\"Person\",\"@id\":\"https:\/\/empresas.infoempleo.com\/hrtrends\/#\/schema\/person\/b5f470bbbcd4f7f0a6b8e4a99fd663a1\",\"name\":\"Ester Carrasco\",\"image\":{\"@type\":\"ImageObject\",\"inLanguage\":\"es\",\"@id\":\"https:\/\/empresas.infoempleo.com\/hrtrends\/#\/schema\/person\/image\/\",\"url\":\"https:\/\/secure.gravatar.com\/avatar\/faf8039f7480ebcd5f937fefead903a7965a3f0af255f45f22a6bfbcbf6f16cf?s=96&d=mm&r=g\",\"contentUrl\":\"https:\/\/secure.gravatar.com\/avatar\/faf8039f7480ebcd5f937fefead903a7965a3f0af255f45f22a6bfbcbf6f16cf?s=96&d=mm&r=g\",\"caption\":\"Ester Carrasco\"},\"description\":\"Licenciada en Filosof\u00eda, cuento con una amplia experiencia en el mundo editorial, en el que he tenido oportunidad de desarrollar mi perfil como editora, redactora y correctora. Me mantengo al d\u00eda de las noticias y novedades relacionadas con el empleo y el \u00e1mbito laboral. Tambi\u00e9n me interesan los temas de orientaci\u00f3n acad\u00e9mica y profesional para el desarrollo y construcci\u00f3n de perfiles laborales, as\u00ed como las formas de reclutar talento y de demostrarlo.\",\"url\":\"https:\/\/empresas.infoempleo.com\/hrtrends\/author\/ecarrascoagenciayerro\/\"}]}<\/script>\n<!-- \/ Yoast SEO plugin. -->","yoast_head_json":{"title":"Qu\u00e9 es el influyee: la mezcla perfecta entre empleado e influencer | HRTRENDS","description":"Este es el nuevo h\u00edbrido que ya se ha definido, nos referimos al employee influencer o influyee. Ent\u00e9rate de c\u00f3mo este perfil puede mejorar tu marca","robots":{"index":"index","follow":"follow","max-snippet":"max-snippet:-1","max-image-preview":"max-image-preview:large","max-video-preview":"max-video-preview:-1"},"canonical":"https:\/\/empresas.infoempleo.com\/hrtrends\/influyee-la-mezcla-perfecta-empleado-e-influencer\/","og_locale":"es_ES","og_type":"article","og_title":"Qu\u00e9 es el influyee: la mezcla perfecta entre empleado e influencer | HRTRENDS","og_description":"Este es el nuevo h\u00edbrido que ya se ha definido, nos referimos al employee influencer o influyee. Ent\u00e9rate de c\u00f3mo este perfil puede mejorar tu marca","og_url":"https:\/\/empresas.infoempleo.com\/hrtrends\/influyee-la-mezcla-perfecta-empleado-e-influencer\/","og_site_name":"HRTRENDS","article_publisher":"https:\/\/www.facebook.com\/Infoempleo","article_published_time":"2019-09-12T05:30:37+00:00","og_image":[{"width":881,"height":610,"url":"https:\/\/empresas.infoempleo.com\/hrtrends\/media\/2019\/09\/GettyImages-972541430.jpg","type":"image\/jpeg"}],"author":"Ester Carrasco","twitter_card":"summary_large_image","twitter_creator":"@infoempleo","twitter_site":"@infoempleo","twitter_misc":{"Escrito por":"Ester Carrasco","Tiempo de lectura":"3 minutos"},"schema":{"@context":"https:\/\/schema.org","@graph":[{"@type":"NewsArticle","@id":"https:\/\/empresas.infoempleo.com\/hrtrends\/influyee-la-mezcla-perfecta-empleado-e-influencer\/#article","isPartOf":{"@id":"https:\/\/empresas.infoempleo.com\/hrtrends\/influyee-la-mezcla-perfecta-empleado-e-influencer\/"},"author":{"name":"Ester Carrasco","@id":"https:\/\/empresas.infoempleo.com\/hrtrends\/#\/schema\/person\/b5f470bbbcd4f7f0a6b8e4a99fd663a1"},"headline":"Qu\u00e9 es el influyee: la mezcla perfecta entre empleado e influencer","datePublished":"2019-09-12T05:30:37+00:00","mainEntityOfPage":{"@id":"https:\/\/empresas.infoempleo.com\/hrtrends\/influyee-la-mezcla-perfecta-empleado-e-influencer\/"},"wordCount":696,"publisher":{"@id":"https:\/\/empresas.infoempleo.com\/hrtrends\/#organization"},"image":{"@id":"https:\/\/empresas.infoempleo.com\/hrtrends\/influyee-la-mezcla-perfecta-empleado-e-influencer\/#primaryimage"},"thumbnailUrl":"https:\/\/empresas.infoempleo.com\/hrtrends\/media\/2019\/09\/GettyImages-972541430.jpg","keywords":["nuevas tecnolog\u00edas","redes sociales","trabajadores"],"articleSection":["Actualidad"],"inLanguage":"es","copyrightYear":"2019","copyrightHolder":{"@id":"https:\/\/empresas.infoempleo.com\/hrtrends\/#organization"}},{"@type":"WebPage","@id":"https:\/\/empresas.infoempleo.com\/hrtrends\/influyee-la-mezcla-perfecta-empleado-e-influencer\/","url":"https:\/\/empresas.infoempleo.com\/hrtrends\/influyee-la-mezcla-perfecta-empleado-e-influencer\/","name":"Qu\u00e9 es el influyee: la mezcla perfecta entre empleado e influencer | HRTRENDS","isPartOf":{"@id":"https:\/\/empresas.infoempleo.com\/hrtrends\/#website"},"primaryImageOfPage":{"@id":"https:\/\/empresas.infoempleo.com\/hrtrends\/influyee-la-mezcla-perfecta-empleado-e-influencer\/#primaryimage"},"image":{"@id":"https:\/\/empresas.infoempleo.com\/hrtrends\/influyee-la-mezcla-perfecta-empleado-e-influencer\/#primaryimage"},"thumbnailUrl":"https:\/\/empresas.infoempleo.com\/hrtrends\/media\/2019\/09\/GettyImages-972541430.jpg","datePublished":"2019-09-12T05:30:37+00:00","description":"Este es el nuevo h\u00edbrido que ya se ha definido, nos referimos al employee influencer o influyee. Ent\u00e9rate de c\u00f3mo este perfil puede mejorar tu marca","breadcrumb":{"@id":"https:\/\/empresas.infoempleo.com\/hrtrends\/influyee-la-mezcla-perfecta-empleado-e-influencer\/#breadcrumb"},"inLanguage":"es","potentialAction":[{"@type":"ReadAction","target":["https:\/\/empresas.infoempleo.com\/hrtrends\/influyee-la-mezcla-perfecta-empleado-e-influencer\/"]}]},{"@type":"ImageObject","inLanguage":"es","@id":"https:\/\/empresas.infoempleo.com\/hrtrends\/influyee-la-mezcla-perfecta-empleado-e-influencer\/#primaryimage","url":"https:\/\/empresas.infoempleo.com\/hrtrends\/media\/2019\/09\/GettyImages-972541430-150x150.jpg","contentUrl":"https:\/\/empresas.infoempleo.com\/hrtrends\/media\/2019\/09\/GettyImages-972541430-150x150.jpg","width":150,"height":150,"caption":"Qu\u00e9 es un influyee"},{"@type":"BreadcrumbList","@id":"https:\/\/empresas.infoempleo.com\/hrtrends\/influyee-la-mezcla-perfecta-empleado-e-influencer\/#breadcrumb","itemListElement":[{"@type":"ListItem","position":1,"name":"Portada","item":"https:\/\/empresas.infoempleo.com\/hrtrends\/"},{"@type":"ListItem","position":2,"name":"Qu\u00e9 es el influyee: la mezcla perfecta entre empleado e influencer"}]},{"@type":"WebSite","@id":"https:\/\/empresas.infoempleo.com\/hrtrends\/#website","url":"https:\/\/empresas.infoempleo.com\/hrtrends","name":"HRTrends by Infoempleo","description":"","publisher":{"@id":"https:\/\/empresas.infoempleo.com\/hrtrends\/#organization"},"potentialAction":{"@type":"SearchAction","target":"https:\/\/empresas.infoempleo.com\/hrtrends\/?s={search_term_string}","query-input":"required name=search_term_string"},"inLanguage":"es"},{"@type":"Organization","@id":"https:\/\/empresas.infoempleo.com\/hrtrends\/#organization","name":"Infoempleo","url":"https:\/\/www.infoempleo.com\/","logo":{"@type":"ImageObject","@id":"https:\/\/empresas.infoempleo.com\/hrtrends\/#logo","inLanguage":"es","url":"https:\/\/cdnazure.infoempleo.com\/infoempleo\/assets\/style\/gfx\/logo.svg","contentUrl":"https:\/\/cdnazure.infoempleo.com\/infoempleo\/assets\/style\/gfx\/logo.svg","width":150,"height":40,"caption":"Infoempleo"},"image":{"@id":"https:\/\/empresas.infoempleo.com\/hrtrends\/#logo"},"sameAs":["https:\/\/www.facebook.com\/Infoempleo","https:\/\/x.com\/infoempleo","http:\/\/instagram.com\/infoempleo\/","http:\/\/www.linkedin.com\/groups\/Empleo-Espa\u00f1a-Infoempleocom-111276","http:\/\/pinterest.com\/infoempleo\/"],"address":{"@type":"PostalAddress","addressLocality":"Madrid","postalCode":"28050","streetAddress":"Avenida de Burgos 114"},"brand":["Infoempleo"]},{"@type":"Person","@id":"https:\/\/empresas.infoempleo.com\/hrtrends\/#\/schema\/person\/b5f470bbbcd4f7f0a6b8e4a99fd663a1","name":"Ester Carrasco","image":{"@type":"ImageObject","inLanguage":"es","@id":"https:\/\/empresas.infoempleo.com\/hrtrends\/#\/schema\/person\/image\/","url":"https:\/\/secure.gravatar.com\/avatar\/faf8039f7480ebcd5f937fefead903a7965a3f0af255f45f22a6bfbcbf6f16cf?s=96&d=mm&r=g","contentUrl":"https:\/\/secure.gravatar.com\/avatar\/faf8039f7480ebcd5f937fefead903a7965a3f0af255f45f22a6bfbcbf6f16cf?s=96&d=mm&r=g","caption":"Ester Carrasco"},"description":"Licenciada en Filosof\u00eda, cuento con una amplia experiencia en el mundo editorial, en el que he tenido oportunidad de desarrollar mi perfil como editora, redactora y correctora. Me mantengo al d\u00eda de las noticias y novedades relacionadas con el empleo y el \u00e1mbito laboral. Tambi\u00e9n me interesan los temas de orientaci\u00f3n acad\u00e9mica y profesional para el desarrollo y construcci\u00f3n de perfiles laborales, as\u00ed como las formas de reclutar talento y de demostrarlo.","url":"https:\/\/empresas.infoempleo.com\/hrtrends\/author\/ecarrascoagenciayerro\/"}]}},"amp_enabled":true,"_links":{"self":[{"href":"https:\/\/empresas.infoempleo.com\/hrtrends\/wp-json\/wp\/v2\/posts\/35864","targetHints":{"allow":["GET"]}}],"collection":[{"href":"https:\/\/empresas.infoempleo.com\/hrtrends\/wp-json\/wp\/v2\/posts"}],"about":[{"href":"https:\/\/empresas.infoempleo.com\/hrtrends\/wp-json\/wp\/v2\/types\/post"}],"author":[{"embeddable":true,"href":"https:\/\/empresas.infoempleo.com\/hrtrends\/wp-json\/wp\/v2\/users\/28"}],"replies":[{"embeddable":true,"href":"https:\/\/empresas.infoempleo.com\/hrtrends\/wp-json\/wp\/v2\/comments?post=35864"}],"version-history":[{"count":0,"href":"https:\/\/empresas.infoempleo.com\/hrtrends\/wp-json\/wp\/v2\/posts\/35864\/revisions"}],"wp:featuredmedia":[{"embeddable":true,"href":"https:\/\/empresas.infoempleo.com\/hrtrends\/wp-json\/wp\/v2\/media\/35865"}],"wp:attachment":[{"href":"https:\/\/empresas.infoempleo.com\/hrtrends\/wp-json\/wp\/v2\/media?parent=35864"}],"wp:term":[{"taxonomy":"category","embeddable":true,"href":"https:\/\/empresas.infoempleo.com\/hrtrends\/wp-json\/wp\/v2\/categories?post=35864"},{"taxonomy":"post_tag","embeddable":true,"href":"https:\/\/empresas.infoempleo.com\/hrtrends\/wp-json\/wp\/v2\/tags?post=35864"}],"curies":[{"name":"wp","href":"https:\/\/api.w.org\/{rel}","templated":true}]}}