{"id":35768,"date":"2019-09-25T08:34:42","date_gmt":"2019-09-25T06:34:42","guid":{"rendered":"https:\/\/empresas.infoempleo.com\/hrtrends\/?p=35768"},"modified":"2019-09-02T17:26:12","modified_gmt":"2019-09-02T15:26:12","slug":"discriminacion-positiva","status":"publish","type":"post","link":"https:\/\/empresas.infoempleo.com\/hrtrends\/discriminacion-positiva\/","title":{"rendered":"Qu\u00e9 es la discriminaci\u00f3n positiva, qu\u00e9 ventajas aporta y c\u00f3mo se aplica"},"content":{"rendered":"<p><span style=\"font-weight: 400;\">Conseguir la <\/span><b>igualdad real y efectiva<\/b><span style=\"font-weight: 400;\"> dentro de las empresas, debe ser una tarea prioritaria para conseguir romper con injusticias como <\/span><a href=\"https:\/\/empresas.infoempleo.com\/hrtrends\/causas-techo-cristal\"><span style=\"font-weight: 400;\">el techo de cristal<\/span><\/a><span style=\"font-weight: 400;\">. Por eso, muchas compa\u00f1\u00edas recurren actualmente a la <\/span><b>discriminaci\u00f3n positiva<\/b><span style=\"font-weight: 400;\">. Este t\u00e9rmino hace alusi\u00f3n al conjunto de<\/span> <span style=\"font-weight: 400;\">acciones, reglas o pol\u00edticas de empresa<\/span> <span style=\"font-weight: 400;\">encaminadas a <\/span><b>favorecer a grupos minoritarios <\/b><span style=\"font-weight: 400;\">que padecen una <\/span><b>discriminaci\u00f3n hist\u00f3rica<\/b><span style=\"font-weight: 400;\"> dentro de la sociedad. La <\/span><b>acci\u00f3n positiva<\/b><span style=\"font-weight: 400;\"> se est\u00e1 llevando a cabo cada vez m\u00e1s en las empresas a la hora de <\/span><b>formar departamentos o equipos de trabajo<\/b><span style=\"font-weight: 400;\">.\u00a0<\/span><\/p>\n<h2><span style=\"font-weight: 400;\">\u00bfPor qu\u00e9 se aplica\u00a0la discriminaci\u00f3n positiva?<\/span><\/h2>\n<p><span style=\"font-weight: 400;\">Los <\/span><b>departamentos de Recursos Humanos<\/b><span style=\"font-weight: 400;\"> de las empresas utilizan cada vez m\u00e1s este sistema para <\/span><b>igualar la val\u00eda, la capacidad y la consideraci\u00f3n<\/b><span style=\"font-weight: 400;\"> de todos los trabajadores y trabajadoras. Algunas de las acciones de <\/span><b>discriminaci\u00f3n positiva <\/b><span style=\"font-weight: 400;\">que se han llevado a cabo en los \u00faltimos a\u00f1os han sido fuertemente criticadas debido a que muchos detractores las consideran injustas. No obstante, <\/span><b>la discriminaci\u00f3n positiva<\/b><span style=\"font-weight: 400;\"> se aplica para contrarrestar una<\/span><b> desigualdad social <\/b><span style=\"font-weight: 400;\">que ha generado la necesidad de un sistema que proteja a ciertos colectivos. As\u00ed, como <\/span><b>no se parte de una igualdad real<\/b><span style=\"font-weight: 400;\"> a la hora de optar a un puesto, surge la necesidad de favorecer a las personas que tienen <\/span><b>menos oportunidades<\/b><span style=\"font-weight: 400;\"> por el simple hecho de <\/span><b>pertenecer a un grupo minoritario<\/b><span style=\"font-weight: 400;\">.<\/span><\/p>\n<h2><span style=\"font-weight: 400;\">Ventajas de la discriminaci\u00f3n positiva<\/span><span style=\"font-weight: 400;\"><br \/>\n<\/span><\/h2>\n<p><span style=\"font-weight: 400;\">La <\/span><b>discriminaci\u00f3n o acci\u00f3n positiva<\/b><span style=\"font-weight: 400;\"> tiene m\u00faltiples ventajas. En primer lugar, favorece una <\/span><b>equidad efectiva<\/b><span style=\"font-weight: 400;\">, ya que permite la inclusi\u00f3n en el entorno laboral de personas pertenecientes a <\/span><b>grupos sociales desfavorecidos<\/b><span style=\"font-weight: 400;\"> as\u00ed como de empleados con <\/span><b>distintas capacidades<\/b><span style=\"font-weight: 400;\">. Tambi\u00e9n evita que exista discriminaci\u00f3n por <\/span><b>raz\u00f3n de g\u00e9nero o raza<\/b><span style=\"font-weight: 400;\">. De este modo, consigue <\/span><b>destruir los roles<\/b><span style=\"font-weight: 400;\"> tradicionalmente asignados. Todo esto, a su vez, <\/span><b>mejora las condiciones de vida<\/b><span style=\"font-weight: 400;\"> de muchas personas, lo que <\/span><b>permite combatir la exclusi\u00f3n social<\/b><span style=\"font-weight: 400;\">.\u00a0<\/span><\/p>\n<p><img loading=\"lazy\" decoding=\"async\" class=\"size-full wp-image-35772 aligncenter\" src=\"https:\/\/empresas.infoempleo.com\/hrtrends\/media\/2019\/08\/HRTRENDS-Discriminacion_positiva.jpg\" alt=\"Qu\u00e9 es la discriminaci\u00f3n positiva\" width=\"724\" height=\"483\" srcset=\"https:\/\/empresas.infoempleo.com\/hrtrends\/media\/2019\/08\/HRTRENDS-Discriminacion_positiva.jpg 724w, https:\/\/empresas.infoempleo.com\/hrtrends\/media\/2019\/08\/HRTRENDS-Discriminacion_positiva-300x200.jpg 300w\" sizes=\"auto, (max-width: 724px) 100vw, 724px\" \/><\/p>\n<h2><span style=\"font-weight: 400;\">C\u00f3mo se aplica la discriminaci\u00f3n positiva<\/span><\/h2>\n<p><span style=\"font-weight: 400;\">La <\/span><b>discriminaci\u00f3n positiva<\/b><span style=\"font-weight: 400;\"> comienza a aplicase en muchos casos desde el Estado, ya que se promueven leyes <\/span><b>destinadas a la integraci\u00f3n<\/b><span style=\"font-weight: 400;\">. As\u00ed, por ejemplo, en algunos pa\u00edses, las grandes empresas est\u00e1n obligadas a incluir en su plantilla un porcentaje concreto de <\/span><b>empleados y empleadas con discapacidad<\/b><span style=\"font-weight: 400;\">. Tambi\u00e9n existen sistemas de bonificaciones que benefician a las empresas que <\/span><b>contratan mujeres<\/b><span style=\"font-weight: 400;\">. Como <\/span><b>responsable de Recursos Humanos<\/b><span style=\"font-weight: 400;\">, te corresponde estar al tanto de estas cuestiones para aplicarlas correctamente en tu empresa. Adem\u00e1s, desde tienes la posibilidad de poner en marcha desde tu departamento tu propio <\/span><b>plan de acciones positivas<\/b><span style=\"font-weight: 400;\">, para, de este modo, conseguir tener una plantilla en la que <\/span><b>prime la igualdad<\/b><span style=\"font-weight: 400;\">. Recuerda que aunque no te des cuenta, es posible que en muchas ocasiones, debido a <\/span><b>prejuicios arraigados<\/b><span style=\"font-weight: 400;\">, <\/span><a href=\"https:\/\/empresas.infoempleo.com\/hrtrends\/discriminacion-laboral-proceso-de-seleccion\"><span style=\"font-weight: 400;\">est\u00e9s discriminando en tus procesos de selecci\u00f3n<\/span><\/a><span style=\"font-weight: 400;\">. De este modo, puedes <\/span><b>establecer tus propios porcentajes<\/b><span style=\"font-weight: 400;\"> para asegurarte de que incluyes en tu equipo a personas de <\/span><b>distintos grupos minoritarios<\/b><span style=\"font-weight: 400;\">.\u00a0<\/span><\/p>\n<p><span style=\"font-weight: 400;\">En un contexto social en el que los miembros de ciertos <\/span><b>grupos minoritarios<\/b><span style=\"font-weight: 400;\"> lo tienen mucho m\u00e1s dif\u00edcil, la <\/span><b>discriminaci\u00f3n positiva<\/b><span style=\"font-weight: 400;\"> funciona como una buena <\/span><b>herramienta de inclusi\u00f3n<\/b><span style=\"font-weight: 400;\">. Piensa que, por ejemplo, actualmente hay un n\u00famero muy bajo de <\/span><a href=\"https:\/\/empresas.infoempleo.com\/hrtrends\/mujeres-directoras-empresas\"><span style=\"font-weight: 400;\">mujeres directoras en las empresas<\/span><\/a><span style=\"font-weight: 400;\">, y no es por una cuesti\u00f3n de falta de val\u00eda. Ten siempre presente que <\/span><a href=\"https:\/\/empresas.infoempleo.com\/hrtrends\/beneficios-diversidad-empresarial\/\"><span style=\"font-weight: 400;\">la diversidad tiene un gran n\u00famero de beneficios<\/span><\/a><span style=\"font-weight: 400;\">. Si aplicas la <\/span><b>acci\u00f3n positiva<\/b><span style=\"font-weight: 400;\">, estar\u00e1s mejorando tu empresa y el conjunto de la sociedad. \u00a1No esperes para ponerla en marcha!<\/span><span style=\"font-weight: 400;\"><br \/>\n<\/span><\/p>\n","protected":false},"excerpt":{"rendered":"<p>Conseguir la igualdad real y efectiva dentro de las empresas, debe ser una tarea prioritaria para conseguir romper<a class=\"moretag\" href=\"https:\/\/empresas.infoempleo.com\/hrtrends\/discriminacion-positiva\/\"> Leer m\u00e1s<\/a><\/p>\n","protected":false},"author":122,"featured_media":35773,"comment_status":"closed","ping_status":"closed","sticky":false,"template":"","format":"standard","meta":{"footnotes":""},"categories":[3035],"tags":[3242,1238,1554],"class_list":["post-35768","post","type-post","status-publish","format-standard","has-post-thumbnail","hentry","category-consejos","tag-discriminacion-positiva","tag-diversidad","tag-igualdad"],"yoast_head":"<!-- This site is optimized with the Yoast SEO plugin v26.1.1 - https:\/\/yoast.com\/wordpress\/plugins\/seo\/ -->\n<title>Discriminaci\u00f3n positiva: c\u00f3mo favorecer la igualdad laboral<\/title>\n<meta name=\"description\" content=\"La discriminaci\u00f3n positiva es una herramienta de inclusi\u00f3n destinada a conseguir la igualdad real dentro de las empresas. Te contamos c\u00f3mo se aplica.\" \/>\n<meta name=\"robots\" content=\"index, follow, max-snippet:-1, max-image-preview:large, max-video-preview:-1\" \/>\n<link rel=\"canonical\" href=\"https:\/\/empresas.infoempleo.com\/hrtrends\/discriminacion-positiva\/\" \/>\n<meta property=\"og:locale\" content=\"es_ES\" \/>\n<meta property=\"og:type\" content=\"article\" \/>\n<meta property=\"og:title\" content=\"Discriminaci\u00f3n positiva: c\u00f3mo favorecer la igualdad laboral\" \/>\n<meta property=\"og:description\" content=\"La discriminaci\u00f3n positiva es una herramienta de inclusi\u00f3n destinada a conseguir la igualdad real dentro de las empresas. Te contamos c\u00f3mo se aplica.\" \/>\n<meta property=\"og:url\" content=\"https:\/\/empresas.infoempleo.com\/hrtrends\/discriminacion-positiva\/\" \/>\n<meta property=\"og:site_name\" content=\"HRTRENDS\" \/>\n<meta property=\"article:publisher\" content=\"https:\/\/www.facebook.com\/Infoempleo\" \/>\n<meta property=\"article:published_time\" content=\"2019-09-25T06:34:42+00:00\" \/>\n<meta property=\"og:image\" content=\"https:\/\/empresas.infoempleo.com\/hrtrends\/media\/2019\/08\/HRTRENDS_Discriminacion_positiva_principal.jpg\" \/>\n\t<meta property=\"og:image:width\" content=\"1140\" \/>\n\t<meta property=\"og:image:height\" content=\"760\" \/>\n\t<meta property=\"og:image:type\" content=\"image\/jpeg\" \/>\n<meta name=\"author\" content=\"Adriana M.\" \/>\n<meta name=\"twitter:card\" content=\"summary_large_image\" \/>\n<meta name=\"twitter:creator\" content=\"@infoempleo\" \/>\n<meta name=\"twitter:site\" content=\"@infoempleo\" \/>\n<meta name=\"twitter:label1\" content=\"Escrito por\" \/>\n\t<meta name=\"twitter:data1\" content=\"Adriana M.\" \/>\n\t<meta name=\"twitter:label2\" content=\"Tiempo de lectura\" \/>\n\t<meta name=\"twitter:data2\" content=\"3 minutos\" \/>\n<script type=\"application\/ld+json\" class=\"yoast-schema-graph\">{\"@context\":\"https:\/\/schema.org\",\"@graph\":[{\"@type\":\"NewsArticle\",\"@id\":\"https:\/\/empresas.infoempleo.com\/hrtrends\/discriminacion-positiva\/#article\",\"isPartOf\":{\"@id\":\"https:\/\/empresas.infoempleo.com\/hrtrends\/discriminacion-positiva\/\"},\"author\":{\"name\":\"Adriana M.\",\"@id\":\"https:\/\/empresas.infoempleo.com\/hrtrends\/#\/schema\/person\/b1dd51edbb566a47cd8f7513fa73d223\"},\"headline\":\"Qu\u00e9 es la discriminaci\u00f3n positiva, qu\u00e9 ventajas aporta y c\u00f3mo se aplica\",\"datePublished\":\"2019-09-25T06:34:42+00:00\",\"mainEntityOfPage\":{\"@id\":\"https:\/\/empresas.infoempleo.com\/hrtrends\/discriminacion-positiva\/\"},\"wordCount\":608,\"publisher\":{\"@id\":\"https:\/\/empresas.infoempleo.com\/hrtrends\/#organization\"},\"image\":{\"@id\":\"https:\/\/empresas.infoempleo.com\/hrtrends\/discriminacion-positiva\/#primaryimage\"},\"thumbnailUrl\":\"https:\/\/empresas.infoempleo.com\/hrtrends\/media\/2019\/08\/HRTRENDS_Discriminacion_positiva_principal.jpg\",\"keywords\":[\"discriminaci\u00f3n positiva\",\"Diversidad\",\"Igualdad\"],\"articleSection\":[\"Consejos\"],\"inLanguage\":\"es\",\"copyrightYear\":\"2019\",\"copyrightHolder\":{\"@id\":\"https:\/\/empresas.infoempleo.com\/hrtrends\/#organization\"}},{\"@type\":\"WebPage\",\"@id\":\"https:\/\/empresas.infoempleo.com\/hrtrends\/discriminacion-positiva\/\",\"url\":\"https:\/\/empresas.infoempleo.com\/hrtrends\/discriminacion-positiva\/\",\"name\":\"Discriminaci\u00f3n positiva: c\u00f3mo favorecer la igualdad laboral\",\"isPartOf\":{\"@id\":\"https:\/\/empresas.infoempleo.com\/hrtrends\/#website\"},\"primaryImageOfPage\":{\"@id\":\"https:\/\/empresas.infoempleo.com\/hrtrends\/discriminacion-positiva\/#primaryimage\"},\"image\":{\"@id\":\"https:\/\/empresas.infoempleo.com\/hrtrends\/discriminacion-positiva\/#primaryimage\"},\"thumbnailUrl\":\"https:\/\/empresas.infoempleo.com\/hrtrends\/media\/2019\/08\/HRTRENDS_Discriminacion_positiva_principal.jpg\",\"datePublished\":\"2019-09-25T06:34:42+00:00\",\"description\":\"La discriminaci\u00f3n positiva es una herramienta de inclusi\u00f3n destinada a conseguir la igualdad real dentro de las empresas. Te contamos c\u00f3mo se aplica.\",\"breadcrumb\":{\"@id\":\"https:\/\/empresas.infoempleo.com\/hrtrends\/discriminacion-positiva\/#breadcrumb\"},\"inLanguage\":\"es\",\"potentialAction\":[{\"@type\":\"ReadAction\",\"target\":[\"https:\/\/empresas.infoempleo.com\/hrtrends\/discriminacion-positiva\/\"]}]},{\"@type\":\"ImageObject\",\"inLanguage\":\"es\",\"@id\":\"https:\/\/empresas.infoempleo.com\/hrtrends\/discriminacion-positiva\/#primaryimage\",\"url\":\"https:\/\/empresas.infoempleo.com\/hrtrends\/media\/2019\/08\/HRTRENDS_Discriminacion_positiva_principal-150x150.jpg\",\"contentUrl\":\"https:\/\/empresas.infoempleo.com\/hrtrends\/media\/2019\/08\/HRTRENDS_Discriminacion_positiva_principal-150x150.jpg\",\"width\":150,\"height\":150,\"caption\":\"Qu\u00e9 es la discriminaci\u00f3n positiva\"},{\"@type\":\"BreadcrumbList\",\"@id\":\"https:\/\/empresas.infoempleo.com\/hrtrends\/discriminacion-positiva\/#breadcrumb\",\"itemListElement\":[{\"@type\":\"ListItem\",\"position\":1,\"name\":\"Portada\",\"item\":\"https:\/\/empresas.infoempleo.com\/hrtrends\/\"},{\"@type\":\"ListItem\",\"position\":2,\"name\":\"Qu\u00e9 es la discriminaci\u00f3n positiva, qu\u00e9 ventajas aporta y c\u00f3mo se aplica\"}]},{\"@type\":\"WebSite\",\"@id\":\"https:\/\/empresas.infoempleo.com\/hrtrends\/#website\",\"url\":\"https:\/\/empresas.infoempleo.com\/hrtrends\",\"name\":\"HRTrends by Infoempleo\",\"description\":\"\",\"publisher\":{\"@id\":\"https:\/\/empresas.infoempleo.com\/hrtrends\/#organization\"},\"potentialAction\":{\"@type\":\"SearchAction\",\"target\":\"https:\/\/empresas.infoempleo.com\/hrtrends\/?s={search_term_string}\",\"query-input\":\"required name=search_term_string\"},\"inLanguage\":\"es\"},{\"@type\":\"Organization\",\"@id\":\"https:\/\/empresas.infoempleo.com\/hrtrends\/#organization\",\"name\":\"Infoempleo\",\"url\":\"https:\/\/www.infoempleo.com\/\",\"logo\":{\"@type\":\"ImageObject\",\"@id\":\"https:\/\/empresas.infoempleo.com\/hrtrends\/#logo\",\"inLanguage\":\"es\",\"url\":\"https:\/\/cdnazure.infoempleo.com\/infoempleo\/assets\/style\/gfx\/logo.svg\",\"contentUrl\":\"https:\/\/cdnazure.infoempleo.com\/infoempleo\/assets\/style\/gfx\/logo.svg\",\"width\":150,\"height\":40,\"caption\":\"Infoempleo\"},\"image\":{\"@id\":\"https:\/\/empresas.infoempleo.com\/hrtrends\/#logo\"},\"sameAs\":[\"https:\/\/www.facebook.com\/Infoempleo\",\"https:\/\/x.com\/infoempleo\",\"http:\/\/instagram.com\/infoempleo\/\",\"http:\/\/www.linkedin.com\/groups\/Empleo-Espa\u00f1a-Infoempleocom-111276\",\"http:\/\/pinterest.com\/infoempleo\/\"],\"address\":{\"@type\":\"PostalAddress\",\"addressLocality\":\"Madrid\",\"postalCode\":\"28050\",\"streetAddress\":\"Avenida de Burgos 114\"},\"brand\":[\"Infoempleo\"]},{\"@type\":\"Person\",\"@id\":\"https:\/\/empresas.infoempleo.com\/hrtrends\/#\/schema\/person\/b1dd51edbb566a47cd8f7513fa73d223\",\"name\":\"Adriana M.\",\"image\":{\"@type\":\"ImageObject\",\"inLanguage\":\"es\",\"@id\":\"https:\/\/empresas.infoempleo.com\/hrtrends\/#\/schema\/person\/image\/\",\"url\":\"https:\/\/secure.gravatar.com\/avatar\/243f7dd7e1db0ad0e9791be05df7d72ba5c8bf338408591753bae2fe87dae18d?s=96&d=mm&r=g\",\"contentUrl\":\"https:\/\/secure.gravatar.com\/avatar\/243f7dd7e1db0ad0e9791be05df7d72ba5c8bf338408591753bae2fe87dae18d?s=96&d=mm&r=g\",\"caption\":\"Adriana M.\"},\"description\":\"Periodista y experta en Comunicaci\u00f3n Audiovisual y Narrativa. Me encanta escribir y narrar lo que pasa a mi alrededor es mi pasi\u00f3n.\",\"url\":\"https:\/\/empresas.infoempleo.com\/hrtrends\/author\/adriana-kanvas\/\"}]}<\/script>\n<!-- \/ Yoast SEO plugin. -->","yoast_head_json":{"title":"Discriminaci\u00f3n positiva: c\u00f3mo favorecer la igualdad laboral","description":"La discriminaci\u00f3n positiva es una herramienta de inclusi\u00f3n destinada a conseguir la igualdad real dentro de las empresas. Te contamos c\u00f3mo se aplica.","robots":{"index":"index","follow":"follow","max-snippet":"max-snippet:-1","max-image-preview":"max-image-preview:large","max-video-preview":"max-video-preview:-1"},"canonical":"https:\/\/empresas.infoempleo.com\/hrtrends\/discriminacion-positiva\/","og_locale":"es_ES","og_type":"article","og_title":"Discriminaci\u00f3n positiva: c\u00f3mo favorecer la igualdad laboral","og_description":"La discriminaci\u00f3n positiva es una herramienta de inclusi\u00f3n destinada a conseguir la igualdad real dentro de las empresas. Te contamos c\u00f3mo se aplica.","og_url":"https:\/\/empresas.infoempleo.com\/hrtrends\/discriminacion-positiva\/","og_site_name":"HRTRENDS","article_publisher":"https:\/\/www.facebook.com\/Infoempleo","article_published_time":"2019-09-25T06:34:42+00:00","og_image":[{"width":1140,"height":760,"url":"https:\/\/empresas.infoempleo.com\/hrtrends\/media\/2019\/08\/HRTRENDS_Discriminacion_positiva_principal.jpg","type":"image\/jpeg"}],"author":"Adriana M.","twitter_card":"summary_large_image","twitter_creator":"@infoempleo","twitter_site":"@infoempleo","twitter_misc":{"Escrito por":"Adriana M.","Tiempo de lectura":"3 minutos"},"schema":{"@context":"https:\/\/schema.org","@graph":[{"@type":"NewsArticle","@id":"https:\/\/empresas.infoempleo.com\/hrtrends\/discriminacion-positiva\/#article","isPartOf":{"@id":"https:\/\/empresas.infoempleo.com\/hrtrends\/discriminacion-positiva\/"},"author":{"name":"Adriana M.","@id":"https:\/\/empresas.infoempleo.com\/hrtrends\/#\/schema\/person\/b1dd51edbb566a47cd8f7513fa73d223"},"headline":"Qu\u00e9 es la discriminaci\u00f3n positiva, qu\u00e9 ventajas aporta y c\u00f3mo se aplica","datePublished":"2019-09-25T06:34:42+00:00","mainEntityOfPage":{"@id":"https:\/\/empresas.infoempleo.com\/hrtrends\/discriminacion-positiva\/"},"wordCount":608,"publisher":{"@id":"https:\/\/empresas.infoempleo.com\/hrtrends\/#organization"},"image":{"@id":"https:\/\/empresas.infoempleo.com\/hrtrends\/discriminacion-positiva\/#primaryimage"},"thumbnailUrl":"https:\/\/empresas.infoempleo.com\/hrtrends\/media\/2019\/08\/HRTRENDS_Discriminacion_positiva_principal.jpg","keywords":["discriminaci\u00f3n positiva","Diversidad","Igualdad"],"articleSection":["Consejos"],"inLanguage":"es","copyrightYear":"2019","copyrightHolder":{"@id":"https:\/\/empresas.infoempleo.com\/hrtrends\/#organization"}},{"@type":"WebPage","@id":"https:\/\/empresas.infoempleo.com\/hrtrends\/discriminacion-positiva\/","url":"https:\/\/empresas.infoempleo.com\/hrtrends\/discriminacion-positiva\/","name":"Discriminaci\u00f3n positiva: c\u00f3mo favorecer la igualdad laboral","isPartOf":{"@id":"https:\/\/empresas.infoempleo.com\/hrtrends\/#website"},"primaryImageOfPage":{"@id":"https:\/\/empresas.infoempleo.com\/hrtrends\/discriminacion-positiva\/#primaryimage"},"image":{"@id":"https:\/\/empresas.infoempleo.com\/hrtrends\/discriminacion-positiva\/#primaryimage"},"thumbnailUrl":"https:\/\/empresas.infoempleo.com\/hrtrends\/media\/2019\/08\/HRTRENDS_Discriminacion_positiva_principal.jpg","datePublished":"2019-09-25T06:34:42+00:00","description":"La discriminaci\u00f3n positiva es una herramienta de inclusi\u00f3n destinada a conseguir la igualdad real dentro de las empresas. Te contamos c\u00f3mo se aplica.","breadcrumb":{"@id":"https:\/\/empresas.infoempleo.com\/hrtrends\/discriminacion-positiva\/#breadcrumb"},"inLanguage":"es","potentialAction":[{"@type":"ReadAction","target":["https:\/\/empresas.infoempleo.com\/hrtrends\/discriminacion-positiva\/"]}]},{"@type":"ImageObject","inLanguage":"es","@id":"https:\/\/empresas.infoempleo.com\/hrtrends\/discriminacion-positiva\/#primaryimage","url":"https:\/\/empresas.infoempleo.com\/hrtrends\/media\/2019\/08\/HRTRENDS_Discriminacion_positiva_principal-150x150.jpg","contentUrl":"https:\/\/empresas.infoempleo.com\/hrtrends\/media\/2019\/08\/HRTRENDS_Discriminacion_positiva_principal-150x150.jpg","width":150,"height":150,"caption":"Qu\u00e9 es la discriminaci\u00f3n positiva"},{"@type":"BreadcrumbList","@id":"https:\/\/empresas.infoempleo.com\/hrtrends\/discriminacion-positiva\/#breadcrumb","itemListElement":[{"@type":"ListItem","position":1,"name":"Portada","item":"https:\/\/empresas.infoempleo.com\/hrtrends\/"},{"@type":"ListItem","position":2,"name":"Qu\u00e9 es la discriminaci\u00f3n positiva, qu\u00e9 ventajas aporta y c\u00f3mo se aplica"}]},{"@type":"WebSite","@id":"https:\/\/empresas.infoempleo.com\/hrtrends\/#website","url":"https:\/\/empresas.infoempleo.com\/hrtrends","name":"HRTrends by Infoempleo","description":"","publisher":{"@id":"https:\/\/empresas.infoempleo.com\/hrtrends\/#organization"},"potentialAction":{"@type":"SearchAction","target":"https:\/\/empresas.infoempleo.com\/hrtrends\/?s={search_term_string}","query-input":"required name=search_term_string"},"inLanguage":"es"},{"@type":"Organization","@id":"https:\/\/empresas.infoempleo.com\/hrtrends\/#organization","name":"Infoempleo","url":"https:\/\/www.infoempleo.com\/","logo":{"@type":"ImageObject","@id":"https:\/\/empresas.infoempleo.com\/hrtrends\/#logo","inLanguage":"es","url":"https:\/\/cdnazure.infoempleo.com\/infoempleo\/assets\/style\/gfx\/logo.svg","contentUrl":"https:\/\/cdnazure.infoempleo.com\/infoempleo\/assets\/style\/gfx\/logo.svg","width":150,"height":40,"caption":"Infoempleo"},"image":{"@id":"https:\/\/empresas.infoempleo.com\/hrtrends\/#logo"},"sameAs":["https:\/\/www.facebook.com\/Infoempleo","https:\/\/x.com\/infoempleo","http:\/\/instagram.com\/infoempleo\/","http:\/\/www.linkedin.com\/groups\/Empleo-Espa\u00f1a-Infoempleocom-111276","http:\/\/pinterest.com\/infoempleo\/"],"address":{"@type":"PostalAddress","addressLocality":"Madrid","postalCode":"28050","streetAddress":"Avenida de Burgos 114"},"brand":["Infoempleo"]},{"@type":"Person","@id":"https:\/\/empresas.infoempleo.com\/hrtrends\/#\/schema\/person\/b1dd51edbb566a47cd8f7513fa73d223","name":"Adriana M.","image":{"@type":"ImageObject","inLanguage":"es","@id":"https:\/\/empresas.infoempleo.com\/hrtrends\/#\/schema\/person\/image\/","url":"https:\/\/secure.gravatar.com\/avatar\/243f7dd7e1db0ad0e9791be05df7d72ba5c8bf338408591753bae2fe87dae18d?s=96&d=mm&r=g","contentUrl":"https:\/\/secure.gravatar.com\/avatar\/243f7dd7e1db0ad0e9791be05df7d72ba5c8bf338408591753bae2fe87dae18d?s=96&d=mm&r=g","caption":"Adriana M."},"description":"Periodista y experta en Comunicaci\u00f3n Audiovisual y Narrativa. Me encanta escribir y narrar lo que pasa a mi alrededor es mi pasi\u00f3n.","url":"https:\/\/empresas.infoempleo.com\/hrtrends\/author\/adriana-kanvas\/"}]}},"amp_enabled":true,"_links":{"self":[{"href":"https:\/\/empresas.infoempleo.com\/hrtrends\/wp-json\/wp\/v2\/posts\/35768","targetHints":{"allow":["GET"]}}],"collection":[{"href":"https:\/\/empresas.infoempleo.com\/hrtrends\/wp-json\/wp\/v2\/posts"}],"about":[{"href":"https:\/\/empresas.infoempleo.com\/hrtrends\/wp-json\/wp\/v2\/types\/post"}],"author":[{"embeddable":true,"href":"https:\/\/empresas.infoempleo.com\/hrtrends\/wp-json\/wp\/v2\/users\/122"}],"replies":[{"embeddable":true,"href":"https:\/\/empresas.infoempleo.com\/hrtrends\/wp-json\/wp\/v2\/comments?post=35768"}],"version-history":[{"count":0,"href":"https:\/\/empresas.infoempleo.com\/hrtrends\/wp-json\/wp\/v2\/posts\/35768\/revisions"}],"wp:featuredmedia":[{"embeddable":true,"href":"https:\/\/empresas.infoempleo.com\/hrtrends\/wp-json\/wp\/v2\/media\/35773"}],"wp:attachment":[{"href":"https:\/\/empresas.infoempleo.com\/hrtrends\/wp-json\/wp\/v2\/media?parent=35768"}],"wp:term":[{"taxonomy":"category","embeddable":true,"href":"https:\/\/empresas.infoempleo.com\/hrtrends\/wp-json\/wp\/v2\/categories?post=35768"},{"taxonomy":"post_tag","embeddable":true,"href":"https:\/\/empresas.infoempleo.com\/hrtrends\/wp-json\/wp\/v2\/tags?post=35768"}],"curies":[{"name":"wp","href":"https:\/\/api.w.org\/{rel}","templated":true}]}}