{"id":35742,"date":"2019-09-02T07:30:07","date_gmt":"2019-09-02T05:30:07","guid":{"rendered":"https:\/\/empresas.infoempleo.com\/hrtrends\/?p=35742"},"modified":"2024-09-13T16:09:17","modified_gmt":"2024-09-13T14:09:17","slug":"acuerdos-postcontractuales-para-evitar-la-competencia","status":"publish","type":"post","link":"https:\/\/empresas.infoempleo.com\/hrtrends\/acuerdos-postcontractuales-para-evitar-la-competencia\/","title":{"rendered":"Acuerdos postcontractuales para evitar la competencia"},"content":{"rendered":"<p>Una de las cuestiones que m\u00e1s preocupan a las empresas es lo que puedan hacer sus trabajadores -sobre todo los de cierto nivel de responsabilidad y conocimiento interno- una vez que, por cualquier causa, han dejado de prestar servicios para ellas.<\/p>\n<p>El <strong>pacto de no competencia postcontractual<\/strong> genera expectativas tanto para el trabajador (indemnizaci\u00f3n para compensarle del perjuicio que pueda suponer tener que dedicarse, despu\u00e9s de extinguido el contrato y durante el tiempo pactado, a otra actividad distinta, para la que quiz\u00e1s no est\u00e9 preparado), como para el empresario (evitar el perjuicio que pueda suponer la utilizaci\u00f3n por el trabajador de los conocimientos adquiridos en la empresa en una actividad que entra en competencia con aqu\u00e9lla (por todas, <strong>STS de 9 de febrero de 2009<\/strong>).<\/p>\n<p>La <strong>cl\u00e1usula de no competencia postcontractual<\/strong> viene regulada legalmente \u00a0en el apartado segundo del art.\u00a021 del <a href=\"https:\/\/www.iberley.es\/legislacion\/real-decreto-legislativo-2-2015-23-octubre-aprueba-texto-refundido-ley-estatuto-trabajadores-23860101\" target=\"_blank\" rel=\"noopener\">Estatuto de los Trabajadores<\/a> (en adelante, \u201cET\u201d), que recoge de forma expresa:<\/p>\n<p><em>\u201cEl pacto de no competencia para despu\u00e9s de extinguido el contrato de trabajo, que no podr\u00e1 tener una duraci\u00f3n superior a dos a\u00f1os para los t\u00e9cnicos y de seis meses para los dem\u00e1s trabajadores, solo ser\u00e1 v\u00e1lido si concurren los requisitos siguientes:<\/em><\/p>\n<p><em>&#8211; Que el empresario tenga un efectivo inter\u00e9s industrial o comercial en ello.<\/em><\/p>\n<p><em>&#8211; Que se satisfaga al trabajador una compensaci\u00f3n econ\u00f3mica adecuada<\/em>\u00ab.<\/p>\n<h2>Requisitos del pacto de no competencia postcontractual<\/h2>\n<p>Pasamos entonces a analizar de forma m\u00e1s detenida los <strong>requisitos para la validez del pacto de no competencia postcontractual<\/strong> acordado entre la empresa y el trabajador:<strong><em>\u00a0<\/em><\/strong><\/p>\n<ol>\n<li><strong><em><u>Inter\u00e9s efectivo industrial o comercial por parte del empresario.<\/u><\/em><\/strong><strong><u>\u00a0<\/u><\/strong>El pacto debe estar fundado en hechos o circunstancias que impliquen que el trabajador tenga, de forma efectiva, conocimientos empresariales relacionados con las t\u00e9cnicas y decisiones organizativas o de producci\u00f3n de la empresa, de las relaciones personales con la clientela o proveedores de servicios, etc.<\/li>\n<li><strong><em><u>Una duraci\u00f3n del pacto no superior a dos a\u00f1os<\/u><\/em><\/strong><strong><u>.<\/u><\/strong>\u00a0El pacto no podr\u00e1 exceder de los dos a\u00f1os para los t\u00e9cnicos, o de seis meses para trabajadores ordinarios no t\u00e9cnicos. Si la duraci\u00f3n pactada excediese de la permitida legalmente, el acuerdo incurrir\u00e1 en una nulidad parcial, reconoci\u00e9ndose tan s\u00f3lo efectividad por la duraci\u00f3n legal y no por la pactada (por todas, <a href=\"https:\/\/www.iberley.es\/jurisprudencia\/sentencia-social-ts-sala-social-sec-1-rec-2973-2007-10-02-2009-71891\" target=\"_blank\" rel=\"noopener\"><strong>STS,\u00a0 de 10 de febrero de 2009<\/strong><\/a>).<\/li>\n<\/ol>\n<ol>\n<li><strong><em><u>Una compensaci\u00f3n econ\u00f3mica adecuada para el empleado<\/u><\/em><\/strong><strong>.<\/strong> En ning\u00fan caso cabe pactar una no competencia postcontactual sin acordar a su vez una compensaci\u00f3n econ\u00f3mica (por todas, <a href=\"https:\/\/www.iberley.es\/jurisprudencia\/sentencia-social-tsj-pais-vasco-rec-2826-2003-24-02-2004-478241\" target=\"_blank\" rel=\"noopener\"><strong>STSJ Pa\u00eds Vasco, de 24 de febrero de 2004<\/strong><\/a>).<\/li>\n<\/ol>\n<p>En todo caso, aunque se considere nulo un pacto por abusivo -por insuficiencia de la compensaci\u00f3n econ\u00f3mica y, por tanto, no resultando \u00e9sta \u201cadecuada\u201d- se trata de una nulidad parcial. As\u00ed, en caso de <strong>incumplimiento del trabajador de la no competencia<\/strong> una vez extinguido su contrato de trabajo, y a pesar de que dicha compensaci\u00f3n sea insuficiente, \u00e9ste deber\u00e1 devolver lo abonado por la empresa, pues lo contrario implicar\u00eda incurrir en un supuesto de enriquecimiento injusto.<\/p>\n<h2>Forma y momento del pacto de no competencia postcontractual<\/h2>\n<p>Aunque en el art. 21.2 ET no se establece la obligatoriedad de la forma escrita, resulta altamente aconsejable que dicho pacto quede acordado por escrito (pacto que en todo caso debe ser expreso).<\/p>\n<p>En cuanto al tiempo de su concertaci\u00f3n, el pacto de no competencia para despu\u00e9s de extinguido el contrato puede celebrarse antes, simult\u00e1neamente, en el transcurso o al finalizar la relaci\u00f3n laboral.<\/p>\n<h2>Cuestiones de inter\u00e9s del\u00a0pacto de no competencia postcontractual<\/h2>\n<ul>\n<li>En la pr\u00e1ctica empresarial, la <strong>compensaci\u00f3n econ\u00f3mica que se pacta<\/strong>, dependiendo del \u00e1mbito funcional, territorial y temporal, as\u00ed como de las circunstancias personales y profesionales del trabajador, var\u00eda entre un 25 por 100 y un 75 por ciento del salario anual bruto del trabajador.<\/li>\n<li>El pacto de no competencia postcontractual no pierde eficacia por el hecho de <strong>que el contrato se extinga por desistimiento<\/strong> del trabajador durante el per\u00edodo de prueba (STS, de 14 de mayo de 2009) ni tampoco por desistimiento del empleador (comunicaci\u00f3n de no superaci\u00f3n) durante el periodo de prueba (STS, de 23 de noviembre de 2009).<\/li>\n<li>Los Tribunales han declarado la nulidad, por desproporcionada, de la cl\u00e1usula penal que obligaba a devolver el doble de lo percibido en concepto de \u00ab<strong>plus de no competencia<\/strong>\u00ab.\u00a0\u00a0<a href=\"https:\/\/www.iberley.es\/jurisprudencia\/sentencia-social-ts-sala-social-sec-1-rec-4161-2008-30-11-2009-498231\" target=\"_blank\" rel=\"noopener\">Por todas, <strong>STS, de 30 de noviembre de 2009.<\/strong> <\/a><\/li>\n<\/ul>\n<p>En resumen, la no competencia postcontractual es una de esas materias laborales en las que entran de lleno las <strong>limitaciones jurisprudenciales<\/strong> al principio de autonom\u00eda de la voluntad de las partes pues. Si bien existe libertad de las partes a la hora de establecer tanto la existencia como los t\u00e9rminos del pacto de no competencia postcontractual, la realidad es que se trata de una materia en la que labor tuitiva del Derecho Laboral se hace especialmente presente lo que, inevitablemente, genera una cierta inseguridad jur\u00eddica, especialmente para las empresas.<\/p>\n<p><strong>Si quieres ampliar informaci\u00f3n en esta materia consulta en este enlace el art\u00edculo \u00ab<\/strong><strong><u> Algunas verdades sobre la no competencia postcontractual<\/u><\/strong><strong>\u00bb de Jos\u00e9 Mar\u00eda Fern\u00e1ndez Mota, Director \u00c1rea Laboral de MA ABOGADOS) que te ofrece Capital Humano, la publicaci\u00f3n de referencia en gesti\u00f3n de RRHH: direcci\u00f3n, organizaci\u00f3n, selecci\u00f3n, formaci\u00f3n, gesti\u00f3n del talento, motivaci\u00f3n\u2026<\/strong><\/p>\n<p><img loading=\"lazy\" decoding=\"async\" class=\"aligncenter wp-image-35040\" src=\"https:\/\/empresas.infoempleo.com\/hrtrends\/media\/2019\/03\/ver-mas.png\" alt=\"\" width=\"269\" height=\"77\" srcset=\"https:\/\/empresas.infoempleo.com\/hrtrends\/media\/2019\/03\/ver-mas.png 422w, https:\/\/empresas.infoempleo.com\/hrtrends\/media\/2019\/03\/ver-mas-300x86.png 300w\" sizes=\"auto, (max-width: 269px) 100vw, 269px\" \/><\/p>\n","protected":false},"excerpt":{"rendered":"<p>Una de las cuestiones que m\u00e1s preocupan a las empresas es lo que puedan hacer sus trabajadores -sobre<a class=\"moretag\" href=\"https:\/\/empresas.infoempleo.com\/hrtrends\/acuerdos-postcontractuales-para-evitar-la-competencia\/\"> Leer m\u00e1s<\/a><\/p>\n","protected":false},"author":126,"featured_media":35802,"comment_status":"closed","ping_status":"closed","sticky":false,"template":"","format":"standard","meta":{"footnotes":""},"categories":[3035],"tags":[3232,14,3159],"class_list":["post-35742","post","type-post","status-publish","format-standard","has-post-thumbnail","hentry","category-consejos","tag-acuerdos-postcontractuales","tag-despido","tag-legal"],"yoast_head":"<!-- This site is optimized with the Yoast SEO plugin v26.1.1 - https:\/\/yoast.com\/wordpress\/plugins\/seo\/ -->\n<title>Acuerdos postcontractuales para evitar la competencia | HRTRENDS<\/title>\n<meta name=\"description\" content=\"El pacto de no competencia protege a las empresas de lo que puedan hacer sus trabajadores una vez que dejan de trabajar con ellas \u00bfc\u00f3mo funciona?\" \/>\n<meta name=\"robots\" content=\"index, follow, max-snippet:-1, max-image-preview:large, max-video-preview:-1\" \/>\n<link rel=\"canonical\" href=\"https:\/\/empresas.infoempleo.com\/hrtrends\/acuerdos-postcontractuales-para-evitar-la-competencia\/\" \/>\n<meta property=\"og:locale\" content=\"es_ES\" \/>\n<meta property=\"og:type\" content=\"article\" \/>\n<meta property=\"og:title\" content=\"Acuerdos postcontractuales para evitar la competencia | HRTRENDS\" \/>\n<meta property=\"og:description\" content=\"El pacto de no competencia protege a las empresas de lo que puedan hacer sus trabajadores una vez que dejan de trabajar con ellas \u00bfc\u00f3mo funciona?\" \/>\n<meta property=\"og:url\" content=\"https:\/\/empresas.infoempleo.com\/hrtrends\/acuerdos-postcontractuales-para-evitar-la-competencia\/\" \/>\n<meta property=\"og:site_name\" content=\"HRTRENDS\" \/>\n<meta property=\"article:publisher\" content=\"https:\/\/www.facebook.com\/Infoempleo\" \/>\n<meta property=\"article:published_time\" content=\"2019-09-02T05:30:07+00:00\" \/>\n<meta property=\"article:modified_time\" content=\"2024-09-13T14:09:17+00:00\" \/>\n<meta property=\"og:image\" content=\"https:\/\/empresas.infoempleo.com\/hrtrends\/media\/2019\/09\/acuerdo-no-competencia.jpg\" \/>\n\t<meta property=\"og:image:width\" content=\"1140\" \/>\n\t<meta property=\"og:image:height\" content=\"583\" \/>\n\t<meta property=\"og:image:type\" content=\"image\/jpeg\" \/>\n<meta name=\"author\" content=\"Capital Humano\" \/>\n<meta name=\"twitter:card\" content=\"summary_large_image\" \/>\n<meta name=\"twitter:creator\" content=\"@infoempleo\" \/>\n<meta name=\"twitter:site\" content=\"@infoempleo\" \/>\n<meta name=\"twitter:label1\" content=\"Escrito por\" \/>\n\t<meta name=\"twitter:data1\" content=\"Capital Humano\" \/>\n\t<meta name=\"twitter:label2\" content=\"Tiempo de lectura\" \/>\n\t<meta name=\"twitter:data2\" content=\"4 minutos\" \/>\n<script type=\"application\/ld+json\" class=\"yoast-schema-graph\">{\"@context\":\"https:\/\/schema.org\",\"@graph\":[{\"@type\":\"NewsArticle\",\"@id\":\"https:\/\/empresas.infoempleo.com\/hrtrends\/acuerdos-postcontractuales-para-evitar-la-competencia\/#article\",\"isPartOf\":{\"@id\":\"https:\/\/empresas.infoempleo.com\/hrtrends\/acuerdos-postcontractuales-para-evitar-la-competencia\/\"},\"author\":{\"name\":\"Capital Humano\",\"@id\":\"https:\/\/empresas.infoempleo.com\/hrtrends\/#\/schema\/person\/45866f6223ec1e02c0d4dfb7f502354d\"},\"headline\":\"Acuerdos postcontractuales para evitar la competencia\",\"datePublished\":\"2019-09-02T05:30:07+00:00\",\"dateModified\":\"2024-09-13T14:09:17+00:00\",\"mainEntityOfPage\":{\"@id\":\"https:\/\/empresas.infoempleo.com\/hrtrends\/acuerdos-postcontractuales-para-evitar-la-competencia\/\"},\"wordCount\":902,\"publisher\":{\"@id\":\"https:\/\/empresas.infoempleo.com\/hrtrends\/#organization\"},\"image\":{\"@id\":\"https:\/\/empresas.infoempleo.com\/hrtrends\/acuerdos-postcontractuales-para-evitar-la-competencia\/#primaryimage\"},\"thumbnailUrl\":\"https:\/\/empresas.infoempleo.com\/hrtrends\/media\/2019\/09\/acuerdo-no-competencia.jpg\",\"keywords\":[\"acuerdos postcontractuales\",\"Despido\",\"legal\"],\"articleSection\":[\"Consejos\"],\"inLanguage\":\"es\",\"copyrightYear\":\"2019\",\"copyrightHolder\":{\"@id\":\"https:\/\/empresas.infoempleo.com\/hrtrends\/#organization\"}},{\"@type\":\"WebPage\",\"@id\":\"https:\/\/empresas.infoempleo.com\/hrtrends\/acuerdos-postcontractuales-para-evitar-la-competencia\/\",\"url\":\"https:\/\/empresas.infoempleo.com\/hrtrends\/acuerdos-postcontractuales-para-evitar-la-competencia\/\",\"name\":\"Acuerdos postcontractuales para evitar la competencia | HRTRENDS\",\"isPartOf\":{\"@id\":\"https:\/\/empresas.infoempleo.com\/hrtrends\/#website\"},\"primaryImageOfPage\":{\"@id\":\"https:\/\/empresas.infoempleo.com\/hrtrends\/acuerdos-postcontractuales-para-evitar-la-competencia\/#primaryimage\"},\"image\":{\"@id\":\"https:\/\/empresas.infoempleo.com\/hrtrends\/acuerdos-postcontractuales-para-evitar-la-competencia\/#primaryimage\"},\"thumbnailUrl\":\"https:\/\/empresas.infoempleo.com\/hrtrends\/media\/2019\/09\/acuerdo-no-competencia.jpg\",\"datePublished\":\"2019-09-02T05:30:07+00:00\",\"dateModified\":\"2024-09-13T14:09:17+00:00\",\"description\":\"El pacto de no competencia protege a las empresas de lo que puedan hacer sus trabajadores una vez que dejan de trabajar con ellas \u00bfc\u00f3mo funciona?\",\"breadcrumb\":{\"@id\":\"https:\/\/empresas.infoempleo.com\/hrtrends\/acuerdos-postcontractuales-para-evitar-la-competencia\/#breadcrumb\"},\"inLanguage\":\"es\",\"potentialAction\":[{\"@type\":\"ReadAction\",\"target\":[\"https:\/\/empresas.infoempleo.com\/hrtrends\/acuerdos-postcontractuales-para-evitar-la-competencia\/\"]}]},{\"@type\":\"ImageObject\",\"inLanguage\":\"es\",\"@id\":\"https:\/\/empresas.infoempleo.com\/hrtrends\/acuerdos-postcontractuales-para-evitar-la-competencia\/#primaryimage\",\"url\":\"https:\/\/empresas.infoempleo.com\/hrtrends\/media\/2019\/09\/acuerdo-no-competencia-150x150.jpg\",\"contentUrl\":\"https:\/\/empresas.infoempleo.com\/hrtrends\/media\/2019\/09\/acuerdo-no-competencia-150x150.jpg\",\"width\":150,\"height\":150,\"caption\":\"acuerdo-no-competencia\"},{\"@type\":\"BreadcrumbList\",\"@id\":\"https:\/\/empresas.infoempleo.com\/hrtrends\/acuerdos-postcontractuales-para-evitar-la-competencia\/#breadcrumb\",\"itemListElement\":[{\"@type\":\"ListItem\",\"position\":1,\"name\":\"Portada\",\"item\":\"https:\/\/empresas.infoempleo.com\/hrtrends\/\"},{\"@type\":\"ListItem\",\"position\":2,\"name\":\"Acuerdos postcontractuales para evitar la competencia\"}]},{\"@type\":\"WebSite\",\"@id\":\"https:\/\/empresas.infoempleo.com\/hrtrends\/#website\",\"url\":\"https:\/\/empresas.infoempleo.com\/hrtrends\",\"name\":\"HRTrends by Infoempleo\",\"description\":\"\",\"publisher\":{\"@id\":\"https:\/\/empresas.infoempleo.com\/hrtrends\/#organization\"},\"potentialAction\":{\"@type\":\"SearchAction\",\"target\":\"https:\/\/empresas.infoempleo.com\/hrtrends\/?s={search_term_string}\",\"query-input\":\"required name=search_term_string\"},\"inLanguage\":\"es\"},{\"@type\":\"Organization\",\"@id\":\"https:\/\/empresas.infoempleo.com\/hrtrends\/#organization\",\"name\":\"Infoempleo\",\"url\":\"https:\/\/www.infoempleo.com\/\",\"logo\":{\"@type\":\"ImageObject\",\"@id\":\"https:\/\/empresas.infoempleo.com\/hrtrends\/#logo\",\"inLanguage\":\"es\",\"url\":\"https:\/\/cdnazure.infoempleo.com\/infoempleo\/assets\/style\/gfx\/logo.svg\",\"contentUrl\":\"https:\/\/cdnazure.infoempleo.com\/infoempleo\/assets\/style\/gfx\/logo.svg\",\"width\":150,\"height\":40,\"caption\":\"Infoempleo\"},\"image\":{\"@id\":\"https:\/\/empresas.infoempleo.com\/hrtrends\/#logo\"},\"sameAs\":[\"https:\/\/www.facebook.com\/Infoempleo\",\"https:\/\/x.com\/infoempleo\",\"http:\/\/instagram.com\/infoempleo\/\",\"http:\/\/www.linkedin.com\/groups\/Empleo-Espa\u00f1a-Infoempleocom-111276\",\"http:\/\/pinterest.com\/infoempleo\/\"],\"address\":{\"@type\":\"PostalAddress\",\"addressLocality\":\"Madrid\",\"postalCode\":\"28050\",\"streetAddress\":\"Avenida de Burgos 114\"},\"brand\":[\"Infoempleo\"]},{\"@type\":\"Person\",\"@id\":\"https:\/\/empresas.infoempleo.com\/hrtrends\/#\/schema\/person\/45866f6223ec1e02c0d4dfb7f502354d\",\"name\":\"Capital Humano\",\"image\":{\"@type\":\"ImageObject\",\"inLanguage\":\"es\",\"@id\":\"https:\/\/empresas.infoempleo.com\/hrtrends\/#\/schema\/person\/image\/\",\"url\":\"https:\/\/secure.gravatar.com\/avatar\/6b5b4c3d2e920ab7e4962ad63accd57728c2092bf0383a312748e472e61c6be4?s=96&d=mm&r=g\",\"contentUrl\":\"https:\/\/secure.gravatar.com\/avatar\/6b5b4c3d2e920ab7e4962ad63accd57728c2092bf0383a312748e472e61c6be4?s=96&d=mm&r=g\",\"caption\":\"Capital Humano\"},\"description\":\"La publicaci\u00f3n de referencia en gesti\u00f3n de RRHH: direcci\u00f3n, organizaci\u00f3n, selecci\u00f3n, formaci\u00f3n, gesti\u00f3n del talento, motivaci\u00f3n... con 30 a\u00f1os de trayectoria, tiene en enfoque de m\u00e1xima utilidad con numerosos casos pr\u00e1cticos de empresas y administraciones p\u00fablicas para contribuir a la modernizaci\u00f3n y mejora de las t\u00e9cnicas de los RRHH. http:\/\/capitalhumano.wolterskluwer.es\/Content\/Inicio.aspx\",\"sameAs\":[\"http:\/\/capitalhumano.wolterskluwer.es\/Content\/Inicio.aspx\"],\"url\":\"https:\/\/empresas.infoempleo.com\/hrtrends\/author\/wketrends\/\"}]}<\/script>\n<!-- \/ Yoast SEO plugin. -->","yoast_head_json":{"title":"Acuerdos postcontractuales para evitar la competencia | HRTRENDS","description":"El pacto de no competencia protege a las empresas de lo que puedan hacer sus trabajadores una vez que dejan de trabajar con ellas \u00bfc\u00f3mo funciona?","robots":{"index":"index","follow":"follow","max-snippet":"max-snippet:-1","max-image-preview":"max-image-preview:large","max-video-preview":"max-video-preview:-1"},"canonical":"https:\/\/empresas.infoempleo.com\/hrtrends\/acuerdos-postcontractuales-para-evitar-la-competencia\/","og_locale":"es_ES","og_type":"article","og_title":"Acuerdos postcontractuales para evitar la competencia | HRTRENDS","og_description":"El pacto de no competencia protege a las empresas de lo que puedan hacer sus trabajadores una vez que dejan de trabajar con ellas \u00bfc\u00f3mo funciona?","og_url":"https:\/\/empresas.infoempleo.com\/hrtrends\/acuerdos-postcontractuales-para-evitar-la-competencia\/","og_site_name":"HRTRENDS","article_publisher":"https:\/\/www.facebook.com\/Infoempleo","article_published_time":"2019-09-02T05:30:07+00:00","article_modified_time":"2024-09-13T14:09:17+00:00","og_image":[{"width":1140,"height":583,"url":"https:\/\/empresas.infoempleo.com\/hrtrends\/media\/2019\/09\/acuerdo-no-competencia.jpg","type":"image\/jpeg"}],"author":"Capital Humano","twitter_card":"summary_large_image","twitter_creator":"@infoempleo","twitter_site":"@infoempleo","twitter_misc":{"Escrito por":"Capital Humano","Tiempo de lectura":"4 minutos"},"schema":{"@context":"https:\/\/schema.org","@graph":[{"@type":"NewsArticle","@id":"https:\/\/empresas.infoempleo.com\/hrtrends\/acuerdos-postcontractuales-para-evitar-la-competencia\/#article","isPartOf":{"@id":"https:\/\/empresas.infoempleo.com\/hrtrends\/acuerdos-postcontractuales-para-evitar-la-competencia\/"},"author":{"name":"Capital Humano","@id":"https:\/\/empresas.infoempleo.com\/hrtrends\/#\/schema\/person\/45866f6223ec1e02c0d4dfb7f502354d"},"headline":"Acuerdos postcontractuales para evitar la competencia","datePublished":"2019-09-02T05:30:07+00:00","dateModified":"2024-09-13T14:09:17+00:00","mainEntityOfPage":{"@id":"https:\/\/empresas.infoempleo.com\/hrtrends\/acuerdos-postcontractuales-para-evitar-la-competencia\/"},"wordCount":902,"publisher":{"@id":"https:\/\/empresas.infoempleo.com\/hrtrends\/#organization"},"image":{"@id":"https:\/\/empresas.infoempleo.com\/hrtrends\/acuerdos-postcontractuales-para-evitar-la-competencia\/#primaryimage"},"thumbnailUrl":"https:\/\/empresas.infoempleo.com\/hrtrends\/media\/2019\/09\/acuerdo-no-competencia.jpg","keywords":["acuerdos postcontractuales","Despido","legal"],"articleSection":["Consejos"],"inLanguage":"es","copyrightYear":"2019","copyrightHolder":{"@id":"https:\/\/empresas.infoempleo.com\/hrtrends\/#organization"}},{"@type":"WebPage","@id":"https:\/\/empresas.infoempleo.com\/hrtrends\/acuerdos-postcontractuales-para-evitar-la-competencia\/","url":"https:\/\/empresas.infoempleo.com\/hrtrends\/acuerdos-postcontractuales-para-evitar-la-competencia\/","name":"Acuerdos postcontractuales para evitar la competencia | HRTRENDS","isPartOf":{"@id":"https:\/\/empresas.infoempleo.com\/hrtrends\/#website"},"primaryImageOfPage":{"@id":"https:\/\/empresas.infoempleo.com\/hrtrends\/acuerdos-postcontractuales-para-evitar-la-competencia\/#primaryimage"},"image":{"@id":"https:\/\/empresas.infoempleo.com\/hrtrends\/acuerdos-postcontractuales-para-evitar-la-competencia\/#primaryimage"},"thumbnailUrl":"https:\/\/empresas.infoempleo.com\/hrtrends\/media\/2019\/09\/acuerdo-no-competencia.jpg","datePublished":"2019-09-02T05:30:07+00:00","dateModified":"2024-09-13T14:09:17+00:00","description":"El pacto de no competencia protege a las empresas de lo que puedan hacer sus trabajadores una vez que dejan de trabajar con ellas \u00bfc\u00f3mo funciona?","breadcrumb":{"@id":"https:\/\/empresas.infoempleo.com\/hrtrends\/acuerdos-postcontractuales-para-evitar-la-competencia\/#breadcrumb"},"inLanguage":"es","potentialAction":[{"@type":"ReadAction","target":["https:\/\/empresas.infoempleo.com\/hrtrends\/acuerdos-postcontractuales-para-evitar-la-competencia\/"]}]},{"@type":"ImageObject","inLanguage":"es","@id":"https:\/\/empresas.infoempleo.com\/hrtrends\/acuerdos-postcontractuales-para-evitar-la-competencia\/#primaryimage","url":"https:\/\/empresas.infoempleo.com\/hrtrends\/media\/2019\/09\/acuerdo-no-competencia-150x150.jpg","contentUrl":"https:\/\/empresas.infoempleo.com\/hrtrends\/media\/2019\/09\/acuerdo-no-competencia-150x150.jpg","width":150,"height":150,"caption":"acuerdo-no-competencia"},{"@type":"BreadcrumbList","@id":"https:\/\/empresas.infoempleo.com\/hrtrends\/acuerdos-postcontractuales-para-evitar-la-competencia\/#breadcrumb","itemListElement":[{"@type":"ListItem","position":1,"name":"Portada","item":"https:\/\/empresas.infoempleo.com\/hrtrends\/"},{"@type":"ListItem","position":2,"name":"Acuerdos postcontractuales para evitar la competencia"}]},{"@type":"WebSite","@id":"https:\/\/empresas.infoempleo.com\/hrtrends\/#website","url":"https:\/\/empresas.infoempleo.com\/hrtrends","name":"HRTrends by Infoempleo","description":"","publisher":{"@id":"https:\/\/empresas.infoempleo.com\/hrtrends\/#organization"},"potentialAction":{"@type":"SearchAction","target":"https:\/\/empresas.infoempleo.com\/hrtrends\/?s={search_term_string}","query-input":"required name=search_term_string"},"inLanguage":"es"},{"@type":"Organization","@id":"https:\/\/empresas.infoempleo.com\/hrtrends\/#organization","name":"Infoempleo","url":"https:\/\/www.infoempleo.com\/","logo":{"@type":"ImageObject","@id":"https:\/\/empresas.infoempleo.com\/hrtrends\/#logo","inLanguage":"es","url":"https:\/\/cdnazure.infoempleo.com\/infoempleo\/assets\/style\/gfx\/logo.svg","contentUrl":"https:\/\/cdnazure.infoempleo.com\/infoempleo\/assets\/style\/gfx\/logo.svg","width":150,"height":40,"caption":"Infoempleo"},"image":{"@id":"https:\/\/empresas.infoempleo.com\/hrtrends\/#logo"},"sameAs":["https:\/\/www.facebook.com\/Infoempleo","https:\/\/x.com\/infoempleo","http:\/\/instagram.com\/infoempleo\/","http:\/\/www.linkedin.com\/groups\/Empleo-Espa\u00f1a-Infoempleocom-111276","http:\/\/pinterest.com\/infoempleo\/"],"address":{"@type":"PostalAddress","addressLocality":"Madrid","postalCode":"28050","streetAddress":"Avenida de Burgos 114"},"brand":["Infoempleo"]},{"@type":"Person","@id":"https:\/\/empresas.infoempleo.com\/hrtrends\/#\/schema\/person\/45866f6223ec1e02c0d4dfb7f502354d","name":"Capital Humano","image":{"@type":"ImageObject","inLanguage":"es","@id":"https:\/\/empresas.infoempleo.com\/hrtrends\/#\/schema\/person\/image\/","url":"https:\/\/secure.gravatar.com\/avatar\/6b5b4c3d2e920ab7e4962ad63accd57728c2092bf0383a312748e472e61c6be4?s=96&d=mm&r=g","contentUrl":"https:\/\/secure.gravatar.com\/avatar\/6b5b4c3d2e920ab7e4962ad63accd57728c2092bf0383a312748e472e61c6be4?s=96&d=mm&r=g","caption":"Capital Humano"},"description":"La publicaci\u00f3n de referencia en gesti\u00f3n de RRHH: direcci\u00f3n, organizaci\u00f3n, selecci\u00f3n, formaci\u00f3n, gesti\u00f3n del talento, motivaci\u00f3n... con 30 a\u00f1os de trayectoria, tiene en enfoque de m\u00e1xima utilidad con numerosos casos pr\u00e1cticos de empresas y administraciones p\u00fablicas para contribuir a la modernizaci\u00f3n y mejora de las t\u00e9cnicas de los RRHH. http:\/\/capitalhumano.wolterskluwer.es\/Content\/Inicio.aspx","sameAs":["http:\/\/capitalhumano.wolterskluwer.es\/Content\/Inicio.aspx"],"url":"https:\/\/empresas.infoempleo.com\/hrtrends\/author\/wketrends\/"}]}},"amp_enabled":true,"_links":{"self":[{"href":"https:\/\/empresas.infoempleo.com\/hrtrends\/wp-json\/wp\/v2\/posts\/35742","targetHints":{"allow":["GET"]}}],"collection":[{"href":"https:\/\/empresas.infoempleo.com\/hrtrends\/wp-json\/wp\/v2\/posts"}],"about":[{"href":"https:\/\/empresas.infoempleo.com\/hrtrends\/wp-json\/wp\/v2\/types\/post"}],"author":[{"embeddable":true,"href":"https:\/\/empresas.infoempleo.com\/hrtrends\/wp-json\/wp\/v2\/users\/126"}],"replies":[{"embeddable":true,"href":"https:\/\/empresas.infoempleo.com\/hrtrends\/wp-json\/wp\/v2\/comments?post=35742"}],"version-history":[{"count":2,"href":"https:\/\/empresas.infoempleo.com\/hrtrends\/wp-json\/wp\/v2\/posts\/35742\/revisions"}],"predecessor-version":[{"id":45707,"href":"https:\/\/empresas.infoempleo.com\/hrtrends\/wp-json\/wp\/v2\/posts\/35742\/revisions\/45707"}],"wp:featuredmedia":[{"embeddable":true,"href":"https:\/\/empresas.infoempleo.com\/hrtrends\/wp-json\/wp\/v2\/media\/35802"}],"wp:attachment":[{"href":"https:\/\/empresas.infoempleo.com\/hrtrends\/wp-json\/wp\/v2\/media?parent=35742"}],"wp:term":[{"taxonomy":"category","embeddable":true,"href":"https:\/\/empresas.infoempleo.com\/hrtrends\/wp-json\/wp\/v2\/categories?post=35742"},{"taxonomy":"post_tag","embeddable":true,"href":"https:\/\/empresas.infoempleo.com\/hrtrends\/wp-json\/wp\/v2\/tags?post=35742"}],"curies":[{"name":"wp","href":"https:\/\/api.w.org\/{rel}","templated":true}]}}