{"id":35623,"date":"2019-08-09T08:06:33","date_gmt":"2019-08-09T06:06:33","guid":{"rendered":"https:\/\/empresas.infoempleo.com\/hrtrends\/?p=35623"},"modified":"2019-08-21T16:48:14","modified_gmt":"2019-08-21T14:48:14","slug":"gestion-tiempo-trabajo","status":"publish","type":"post","link":"https:\/\/empresas.infoempleo.com\/hrtrends\/gestion-tiempo-trabajo\/","title":{"rendered":"5 acciones para mejorar la gesti\u00f3n del tiempo en el trabajo"},"content":{"rendered":"<p><span style=\"font-weight: 400;\">Como <\/span><b>profesional de Recursos Humanos <\/b>o como miembro de este departamento<span style=\"font-weight: 400;\">\u00a0tienes la obligaci\u00f3n de velar por una correcta <\/span><b>gesti\u00f3n de tiempo<\/b><span style=\"font-weight: 400;\"> en el empresa, ya que puedes dise\u00f1ar estrategias que ense\u00f1en a los empleados a ser <\/span><b>m\u00e1s productivos durante la jornada laboral<\/b><span style=\"font-weight: 400;\">. Asimismo, puedes motivarlos para que realicen su trabajo de la forma m\u00e1s c\u00f3moda y eficaz posible.<\/span><\/p>\n<p><img loading=\"lazy\" decoding=\"async\" class=\"size-full wp-image-35625 aligncenter\" src=\"https:\/\/empresas.infoempleo.com\/hrtrends\/media\/2019\/07\/HRTRENDS_Gestion_tiempo-peque\u00f1a.jpg\" alt=\"Mejora la gesti\u00f3n del tiempo en la empresa\" width=\"724\" height=\"483\" srcset=\"https:\/\/empresas.infoempleo.com\/hrtrends\/media\/2019\/07\/HRTRENDS_Gestion_tiempo-peque\u00f1a.jpg 724w, https:\/\/empresas.infoempleo.com\/hrtrends\/media\/2019\/07\/HRTRENDS_Gestion_tiempo-peque\u00f1a-300x200.jpg 300w\" sizes=\"auto, (max-width: 724px) 100vw, 724px\" \/><\/p>\n<h2><span style=\"font-weight: 400;\">La gesti\u00f3n de tiempo en el trabajo<\/span><\/h2>\n<p><span style=\"font-weight: 400;\">Una adecuada <\/span><b>gesti\u00f3n del tiempo<\/b><span style=\"font-weight: 400;\"> en el trabajo tiene, como bien sabr\u00e1s, numerosos beneficios para la empresa. En primer lugar, los objetivos asociados a cada trabajador se cumplen <\/span><b>m\u00e1s r\u00e1pido<\/b><span style=\"font-weight: 400;\"> y de <\/span><b>manera m\u00e1s eficaz<\/b><span style=\"font-weight: 400;\">. Esto, por su parte, mejora la autoestima de los empleados, porque se sienten <\/span><b>m\u00e1s productivos y realizados<\/b><span style=\"font-weight: 400;\">.\u00a0<\/span><\/p>\n<p><span style=\"font-weight: 400;\">Por el contrario, una <\/span><b>mala gesti\u00f3n del tiempo<\/b><span style=\"font-weight: 400;\"> puede llevar a la empresa a tener <\/span><b>malos resultados<\/b><span style=\"font-weight: 400;\"> y a los empleados a sentirse completamente <\/span><b>desmotivados<\/b><span style=\"font-weight: 400;\">. La sensaci\u00f3n de que el tiempo se desaprovecha puede generar incluso estr\u00e9s y <\/span><a href=\"https:\/\/empresas.infoempleo.com\/hrtrends\/sindrome-del-quemado\"><span style=\"font-weight: 400;\">burn out<\/span><\/a><span style=\"font-weight: 400;\"> en los trabajadores cuando ese desperdicio de tiempo les obliga a realizar las tareas en el \u00faltimo momento o a <\/span><b>ampliar su jornada de trabajo<\/b><span style=\"font-weight: 400;\">.<\/span><\/p>\n<h2><span style=\"font-weight: 400;\">T\u00e9cnicas para gestionar el tiempo en la jornada laboral<\/span><\/h2>\n<p><span style=\"font-weight: 400;\">A continuaci\u00f3n, te sugerimos cinco consejos o acciones que pueden ayudar a tu empresa a mejorar en lo relativo a la <\/span><b>gesti\u00f3n del tiempo<\/b><span style=\"font-weight: 400;\">:<\/span><\/p>\n<ol>\n<li style=\"font-weight: 400;\"><span style=\"font-weight: 400;\">Prop\u00f3n la utilizaci\u00f3n de <\/span><b>herramientas tecnol\u00f3gicas<\/b><span style=\"font-weight: 400;\"> que permitan a los empleados organizar mejor las tareas y objetivos que tienen que cumplir en un determinado periodo de tiempo. En este sentido, plataformas <\/span><b>como Asana o Trello<\/b><span style=\"font-weight: 400;\"> pueden ser fant\u00e1sticas aliadas.<\/span><\/li>\n<li style=\"font-weight: 400;\"><span style=\"font-weight: 400;\">Revisa con tus empleados la <\/span><b>organizaci\u00f3n f\u00edsica<\/b><span style=\"font-weight: 400;\"> del lugar de trabajo y de los recursos y aplica junto a ellos los cambios que consideres oportunos. Ten en cuenta que un lugar de trabajo ordenado es fundamental para que los miembros de tu equipo <\/span><b>no pierdan demasiado tiempo<\/b><span style=\"font-weight: 400;\"> en aspectos como buscar materiales, imprimir, hacer fotocopias etc.<\/span><\/li>\n<li style=\"font-weight: 400;\"><span style=\"font-weight: 400;\">Ense\u00f1a a tus empleados <\/span><b>a delegar<\/b><span style=\"font-weight: 400;\">, a <\/span><b>ser generosos entre ellos<\/b><span style=\"font-weight: 400;\"> y a <\/span><b>trabajar correctamente en equipo<\/b><span style=\"font-weight: 400;\">. De este modo, todos podr\u00e1n contribuir a que se lleve a cabo una <\/span><b>mejor gesti\u00f3n del tiempo<\/b><span style=\"font-weight: 400;\">. Para ello, puedes recurrir a <\/span><a href=\"https:\/\/empresas.infoempleo.com\/hrtrends\/5-ejercicios-team-building\"><span style=\"font-weight: 400;\">t\u00e9cnicas como el team building<\/span><\/a><span style=\"font-weight: 400;\">.<\/span><\/li>\n<li style=\"font-weight: 400;\"><span style=\"font-weight: 400;\">Organiza cursos que les permitan aprender a saber priorizar y organizar su lista de tareas. En este sentido, ser\u00eda interesante que aprendiesen a aplicar la <\/span><a href=\"https:\/\/empresas.infoempleo.com\/hrtrends\/matriz-eisenhower\"><span style=\"font-weight: 400;\">Matriz de Eisenhower<\/span><\/a><span style=\"font-weight: 400;\"> o la <\/span><a href=\"https:\/\/empresas.infoempleo.com\/hrtrends\/tecnica-pomodoro\"><span style=\"font-weight: 400;\">T\u00e9cnica de Pomodoro<\/span><\/a><span style=\"font-weight: 400;\">.<\/span><\/li>\n<li style=\"font-weight: 400;\"><span style=\"font-weight: 400;\">Ofrece recompensas a aquellos empleados que lleven a cabo una correcta <\/span><b>gesti\u00f3n del tiempo<\/b><span style=\"font-weight: 400;\">. Estas recompensas no tienen por qu\u00e9 ser econ\u00f3micas y pueden estar relacionadas con <\/span><b>medidas de conciliaci\u00f3n<\/b><span style=\"font-weight: 400;\">. Haz saber a todos que, si son capaces de organizarse mejor y de sacar las tareas a tiempo, podr\u00e1n contar con <\/span><b>ventajas en este sentido<\/b><span style=\"font-weight: 400;\">.<\/span><\/li>\n<\/ol>\n<p><span style=\"font-weight: 400;\">En definitiva, la <\/span><b>gesti\u00f3n de tiempo<\/b><span style=\"font-weight: 400;\"> es muy importante en cualquier empresa, ya que influye en su correcto funcionamiento y en el <\/span><b>bienestar de los propios empleados<\/b><span style=\"font-weight: 400;\">. No obstante, si aplicas medidas como las que te hemos indicado podr\u00e1s conseguir que <\/span><b>tu equipo y tu compa\u00f1\u00eda<\/b><span style=\"font-weight: 400;\"> lleguen muy lejos. Ya ves que la soluci\u00f3n es muy sencilla \u00a1Int\u00e9ntalo!<\/span><\/p>\n","protected":false},"excerpt":{"rendered":"<p>Como profesional de Recursos Humanos o como miembro de este departamento\u00a0tienes la obligaci\u00f3n de velar por una correcta<a class=\"moretag\" href=\"https:\/\/empresas.infoempleo.com\/hrtrends\/gestion-tiempo-trabajo\/\"> Leer m\u00e1s<\/a><\/p>\n","protected":false},"author":122,"featured_media":35624,"comment_status":"closed","ping_status":"closed","sticky":false,"template":"","format":"standard","meta":{"footnotes":""},"categories":[3],"tags":[522],"class_list":["post-35623","post","type-post","status-publish","format-standard","has-post-thumbnail","hentry","category-actualidad","tag-jornada-laboral"],"yoast_head":"<!-- This site is optimized with the Yoast SEO plugin v26.1.1 - https:\/\/yoast.com\/wordpress\/plugins\/seo\/ -->\n<title>C\u00f3mo mejorar la gesti\u00f3n del tiempo en la empresa<\/title>\n<meta name=\"description\" content=\"La gesti\u00f3n de tiempo en el trabajo es esencial para conseguir la m\u00e1xima productividad. Te damos los mejores consejos para incentivar a tus empleados.\" \/>\n<meta name=\"robots\" content=\"index, follow, max-snippet:-1, max-image-preview:large, max-video-preview:-1\" \/>\n<link rel=\"canonical\" href=\"https:\/\/empresas.infoempleo.com\/hrtrends\/gestion-tiempo-trabajo\/\" \/>\n<meta property=\"og:locale\" content=\"es_ES\" \/>\n<meta property=\"og:type\" content=\"article\" \/>\n<meta property=\"og:title\" content=\"C\u00f3mo mejorar la gesti\u00f3n del tiempo en la empresa\" \/>\n<meta property=\"og:description\" content=\"La gesti\u00f3n de tiempo en el trabajo es esencial para conseguir la m\u00e1xima productividad. Te damos los mejores consejos para incentivar a tus empleados.\" \/>\n<meta property=\"og:url\" content=\"https:\/\/empresas.infoempleo.com\/hrtrends\/gestion-tiempo-trabajo\/\" \/>\n<meta property=\"og:site_name\" content=\"HRTRENDS\" \/>\n<meta property=\"article:publisher\" content=\"https:\/\/www.facebook.com\/Infoempleo\" \/>\n<meta property=\"article:published_time\" content=\"2019-08-09T06:06:33+00:00\" \/>\n<meta property=\"article:modified_time\" content=\"2019-08-21T14:48:14+00:00\" \/>\n<meta property=\"og:image\" content=\"https:\/\/empresas.infoempleo.com\/hrtrends\/media\/2019\/07\/HRTRENDS_Gestion_Tiempo-grande.jpg\" \/>\n\t<meta property=\"og:image:width\" content=\"1140\" \/>\n\t<meta property=\"og:image:height\" content=\"760\" \/>\n\t<meta property=\"og:image:type\" content=\"image\/jpeg\" \/>\n<meta name=\"author\" content=\"Adriana M.\" \/>\n<meta name=\"twitter:card\" content=\"summary_large_image\" \/>\n<meta name=\"twitter:creator\" content=\"@infoempleo\" \/>\n<meta name=\"twitter:site\" content=\"@infoempleo\" \/>\n<meta name=\"twitter:label1\" content=\"Escrito por\" \/>\n\t<meta name=\"twitter:data1\" content=\"Adriana M.\" \/>\n\t<meta name=\"twitter:label2\" content=\"Tiempo de lectura\" \/>\n\t<meta name=\"twitter:data2\" content=\"3 minutos\" \/>\n<script type=\"application\/ld+json\" class=\"yoast-schema-graph\">{\"@context\":\"https:\/\/schema.org\",\"@graph\":[{\"@type\":\"NewsArticle\",\"@id\":\"https:\/\/empresas.infoempleo.com\/hrtrends\/gestion-tiempo-trabajo\/#article\",\"isPartOf\":{\"@id\":\"https:\/\/empresas.infoempleo.com\/hrtrends\/gestion-tiempo-trabajo\/\"},\"author\":{\"name\":\"Adriana M.\",\"@id\":\"https:\/\/empresas.infoempleo.com\/hrtrends\/#\/schema\/person\/b1dd51edbb566a47cd8f7513fa73d223\"},\"headline\":\"5 acciones para mejorar la gesti\u00f3n del tiempo en el trabajo\",\"datePublished\":\"2019-08-09T06:06:33+00:00\",\"dateModified\":\"2019-08-21T14:48:14+00:00\",\"mainEntityOfPage\":{\"@id\":\"https:\/\/empresas.infoempleo.com\/hrtrends\/gestion-tiempo-trabajo\/\"},\"wordCount\":553,\"publisher\":{\"@id\":\"https:\/\/empresas.infoempleo.com\/hrtrends\/#organization\"},\"image\":{\"@id\":\"https:\/\/empresas.infoempleo.com\/hrtrends\/gestion-tiempo-trabajo\/#primaryimage\"},\"thumbnailUrl\":\"https:\/\/empresas.infoempleo.com\/hrtrends\/media\/2019\/07\/HRTRENDS_Gestion_Tiempo-grande.jpg\",\"keywords\":[\"jornada laboral\"],\"articleSection\":[\"Actualidad\"],\"inLanguage\":\"es\",\"copyrightYear\":\"2019\",\"copyrightHolder\":{\"@id\":\"https:\/\/empresas.infoempleo.com\/hrtrends\/#organization\"}},{\"@type\":\"WebPage\",\"@id\":\"https:\/\/empresas.infoempleo.com\/hrtrends\/gestion-tiempo-trabajo\/\",\"url\":\"https:\/\/empresas.infoempleo.com\/hrtrends\/gestion-tiempo-trabajo\/\",\"name\":\"C\u00f3mo mejorar la gesti\u00f3n del tiempo en la empresa\",\"isPartOf\":{\"@id\":\"https:\/\/empresas.infoempleo.com\/hrtrends\/#website\"},\"primaryImageOfPage\":{\"@id\":\"https:\/\/empresas.infoempleo.com\/hrtrends\/gestion-tiempo-trabajo\/#primaryimage\"},\"image\":{\"@id\":\"https:\/\/empresas.infoempleo.com\/hrtrends\/gestion-tiempo-trabajo\/#primaryimage\"},\"thumbnailUrl\":\"https:\/\/empresas.infoempleo.com\/hrtrends\/media\/2019\/07\/HRTRENDS_Gestion_Tiempo-grande.jpg\",\"datePublished\":\"2019-08-09T06:06:33+00:00\",\"dateModified\":\"2019-08-21T14:48:14+00:00\",\"description\":\"La gesti\u00f3n de tiempo en el trabajo es esencial para conseguir la m\u00e1xima productividad. Te damos los mejores consejos para incentivar a tus empleados.\",\"breadcrumb\":{\"@id\":\"https:\/\/empresas.infoempleo.com\/hrtrends\/gestion-tiempo-trabajo\/#breadcrumb\"},\"inLanguage\":\"es\",\"potentialAction\":[{\"@type\":\"ReadAction\",\"target\":[\"https:\/\/empresas.infoempleo.com\/hrtrends\/gestion-tiempo-trabajo\/\"]}]},{\"@type\":\"ImageObject\",\"inLanguage\":\"es\",\"@id\":\"https:\/\/empresas.infoempleo.com\/hrtrends\/gestion-tiempo-trabajo\/#primaryimage\",\"url\":\"https:\/\/empresas.infoempleo.com\/hrtrends\/media\/2019\/07\/HRTRENDS_Gestion_Tiempo-grande-150x150.jpg\",\"contentUrl\":\"https:\/\/empresas.infoempleo.com\/hrtrends\/media\/2019\/07\/HRTRENDS_Gestion_Tiempo-grande-150x150.jpg\",\"width\":150,\"height\":150,\"caption\":\"Mejora la gesti\u00f3n del tiempo en la empresa\"},{\"@type\":\"BreadcrumbList\",\"@id\":\"https:\/\/empresas.infoempleo.com\/hrtrends\/gestion-tiempo-trabajo\/#breadcrumb\",\"itemListElement\":[{\"@type\":\"ListItem\",\"position\":1,\"name\":\"Portada\",\"item\":\"https:\/\/empresas.infoempleo.com\/hrtrends\/\"},{\"@type\":\"ListItem\",\"position\":2,\"name\":\"5 acciones para mejorar la gesti\u00f3n del tiempo en el trabajo\"}]},{\"@type\":\"WebSite\",\"@id\":\"https:\/\/empresas.infoempleo.com\/hrtrends\/#website\",\"url\":\"https:\/\/empresas.infoempleo.com\/hrtrends\",\"name\":\"HRTrends by Infoempleo\",\"description\":\"\",\"publisher\":{\"@id\":\"https:\/\/empresas.infoempleo.com\/hrtrends\/#organization\"},\"potentialAction\":{\"@type\":\"SearchAction\",\"target\":\"https:\/\/empresas.infoempleo.com\/hrtrends\/?s={search_term_string}\",\"query-input\":\"required name=search_term_string\"},\"inLanguage\":\"es\"},{\"@type\":\"Organization\",\"@id\":\"https:\/\/empresas.infoempleo.com\/hrtrends\/#organization\",\"name\":\"Infoempleo\",\"url\":\"https:\/\/www.infoempleo.com\/\",\"logo\":{\"@type\":\"ImageObject\",\"@id\":\"https:\/\/empresas.infoempleo.com\/hrtrends\/#logo\",\"inLanguage\":\"es\",\"url\":\"https:\/\/cdnazure.infoempleo.com\/infoempleo\/assets\/style\/gfx\/logo.svg\",\"contentUrl\":\"https:\/\/cdnazure.infoempleo.com\/infoempleo\/assets\/style\/gfx\/logo.svg\",\"width\":150,\"height\":40,\"caption\":\"Infoempleo\"},\"image\":{\"@id\":\"https:\/\/empresas.infoempleo.com\/hrtrends\/#logo\"},\"sameAs\":[\"https:\/\/www.facebook.com\/Infoempleo\",\"https:\/\/x.com\/infoempleo\",\"http:\/\/instagram.com\/infoempleo\/\",\"http:\/\/www.linkedin.com\/groups\/Empleo-Espa\u00f1a-Infoempleocom-111276\",\"http:\/\/pinterest.com\/infoempleo\/\"],\"address\":{\"@type\":\"PostalAddress\",\"addressLocality\":\"Madrid\",\"postalCode\":\"28050\",\"streetAddress\":\"Avenida de Burgos 114\"},\"brand\":[\"Infoempleo\"]},{\"@type\":\"Person\",\"@id\":\"https:\/\/empresas.infoempleo.com\/hrtrends\/#\/schema\/person\/b1dd51edbb566a47cd8f7513fa73d223\",\"name\":\"Adriana M.\",\"image\":{\"@type\":\"ImageObject\",\"inLanguage\":\"es\",\"@id\":\"https:\/\/empresas.infoempleo.com\/hrtrends\/#\/schema\/person\/image\/\",\"url\":\"https:\/\/secure.gravatar.com\/avatar\/243f7dd7e1db0ad0e9791be05df7d72ba5c8bf338408591753bae2fe87dae18d?s=96&d=mm&r=g\",\"contentUrl\":\"https:\/\/secure.gravatar.com\/avatar\/243f7dd7e1db0ad0e9791be05df7d72ba5c8bf338408591753bae2fe87dae18d?s=96&d=mm&r=g\",\"caption\":\"Adriana M.\"},\"description\":\"Periodista y experta en Comunicaci\u00f3n Audiovisual y Narrativa. Me encanta escribir y narrar lo que pasa a mi alrededor es mi pasi\u00f3n.\",\"url\":\"https:\/\/empresas.infoempleo.com\/hrtrends\/author\/adriana-kanvas\/\"}]}<\/script>\n<!-- \/ Yoast SEO plugin. -->","yoast_head_json":{"title":"C\u00f3mo mejorar la gesti\u00f3n del tiempo en la empresa","description":"La gesti\u00f3n de tiempo en el trabajo es esencial para conseguir la m\u00e1xima productividad. Te damos los mejores consejos para incentivar a tus empleados.","robots":{"index":"index","follow":"follow","max-snippet":"max-snippet:-1","max-image-preview":"max-image-preview:large","max-video-preview":"max-video-preview:-1"},"canonical":"https:\/\/empresas.infoempleo.com\/hrtrends\/gestion-tiempo-trabajo\/","og_locale":"es_ES","og_type":"article","og_title":"C\u00f3mo mejorar la gesti\u00f3n del tiempo en la empresa","og_description":"La gesti\u00f3n de tiempo en el trabajo es esencial para conseguir la m\u00e1xima productividad. Te damos los mejores consejos para incentivar a tus empleados.","og_url":"https:\/\/empresas.infoempleo.com\/hrtrends\/gestion-tiempo-trabajo\/","og_site_name":"HRTRENDS","article_publisher":"https:\/\/www.facebook.com\/Infoempleo","article_published_time":"2019-08-09T06:06:33+00:00","article_modified_time":"2019-08-21T14:48:14+00:00","og_image":[{"width":1140,"height":760,"url":"https:\/\/empresas.infoempleo.com\/hrtrends\/media\/2019\/07\/HRTRENDS_Gestion_Tiempo-grande.jpg","type":"image\/jpeg"}],"author":"Adriana M.","twitter_card":"summary_large_image","twitter_creator":"@infoempleo","twitter_site":"@infoempleo","twitter_misc":{"Escrito por":"Adriana M.","Tiempo de lectura":"3 minutos"},"schema":{"@context":"https:\/\/schema.org","@graph":[{"@type":"NewsArticle","@id":"https:\/\/empresas.infoempleo.com\/hrtrends\/gestion-tiempo-trabajo\/#article","isPartOf":{"@id":"https:\/\/empresas.infoempleo.com\/hrtrends\/gestion-tiempo-trabajo\/"},"author":{"name":"Adriana M.","@id":"https:\/\/empresas.infoempleo.com\/hrtrends\/#\/schema\/person\/b1dd51edbb566a47cd8f7513fa73d223"},"headline":"5 acciones para mejorar la gesti\u00f3n del tiempo en el trabajo","datePublished":"2019-08-09T06:06:33+00:00","dateModified":"2019-08-21T14:48:14+00:00","mainEntityOfPage":{"@id":"https:\/\/empresas.infoempleo.com\/hrtrends\/gestion-tiempo-trabajo\/"},"wordCount":553,"publisher":{"@id":"https:\/\/empresas.infoempleo.com\/hrtrends\/#organization"},"image":{"@id":"https:\/\/empresas.infoempleo.com\/hrtrends\/gestion-tiempo-trabajo\/#primaryimage"},"thumbnailUrl":"https:\/\/empresas.infoempleo.com\/hrtrends\/media\/2019\/07\/HRTRENDS_Gestion_Tiempo-grande.jpg","keywords":["jornada laboral"],"articleSection":["Actualidad"],"inLanguage":"es","copyrightYear":"2019","copyrightHolder":{"@id":"https:\/\/empresas.infoempleo.com\/hrtrends\/#organization"}},{"@type":"WebPage","@id":"https:\/\/empresas.infoempleo.com\/hrtrends\/gestion-tiempo-trabajo\/","url":"https:\/\/empresas.infoempleo.com\/hrtrends\/gestion-tiempo-trabajo\/","name":"C\u00f3mo mejorar la gesti\u00f3n del tiempo en la empresa","isPartOf":{"@id":"https:\/\/empresas.infoempleo.com\/hrtrends\/#website"},"primaryImageOfPage":{"@id":"https:\/\/empresas.infoempleo.com\/hrtrends\/gestion-tiempo-trabajo\/#primaryimage"},"image":{"@id":"https:\/\/empresas.infoempleo.com\/hrtrends\/gestion-tiempo-trabajo\/#primaryimage"},"thumbnailUrl":"https:\/\/empresas.infoempleo.com\/hrtrends\/media\/2019\/07\/HRTRENDS_Gestion_Tiempo-grande.jpg","datePublished":"2019-08-09T06:06:33+00:00","dateModified":"2019-08-21T14:48:14+00:00","description":"La gesti\u00f3n de tiempo en el trabajo es esencial para conseguir la m\u00e1xima productividad. Te damos los mejores consejos para incentivar a tus empleados.","breadcrumb":{"@id":"https:\/\/empresas.infoempleo.com\/hrtrends\/gestion-tiempo-trabajo\/#breadcrumb"},"inLanguage":"es","potentialAction":[{"@type":"ReadAction","target":["https:\/\/empresas.infoempleo.com\/hrtrends\/gestion-tiempo-trabajo\/"]}]},{"@type":"ImageObject","inLanguage":"es","@id":"https:\/\/empresas.infoempleo.com\/hrtrends\/gestion-tiempo-trabajo\/#primaryimage","url":"https:\/\/empresas.infoempleo.com\/hrtrends\/media\/2019\/07\/HRTRENDS_Gestion_Tiempo-grande-150x150.jpg","contentUrl":"https:\/\/empresas.infoempleo.com\/hrtrends\/media\/2019\/07\/HRTRENDS_Gestion_Tiempo-grande-150x150.jpg","width":150,"height":150,"caption":"Mejora la gesti\u00f3n del tiempo en la empresa"},{"@type":"BreadcrumbList","@id":"https:\/\/empresas.infoempleo.com\/hrtrends\/gestion-tiempo-trabajo\/#breadcrumb","itemListElement":[{"@type":"ListItem","position":1,"name":"Portada","item":"https:\/\/empresas.infoempleo.com\/hrtrends\/"},{"@type":"ListItem","position":2,"name":"5 acciones para mejorar la gesti\u00f3n del tiempo en el trabajo"}]},{"@type":"WebSite","@id":"https:\/\/empresas.infoempleo.com\/hrtrends\/#website","url":"https:\/\/empresas.infoempleo.com\/hrtrends","name":"HRTrends by Infoempleo","description":"","publisher":{"@id":"https:\/\/empresas.infoempleo.com\/hrtrends\/#organization"},"potentialAction":{"@type":"SearchAction","target":"https:\/\/empresas.infoempleo.com\/hrtrends\/?s={search_term_string}","query-input":"required name=search_term_string"},"inLanguage":"es"},{"@type":"Organization","@id":"https:\/\/empresas.infoempleo.com\/hrtrends\/#organization","name":"Infoempleo","url":"https:\/\/www.infoempleo.com\/","logo":{"@type":"ImageObject","@id":"https:\/\/empresas.infoempleo.com\/hrtrends\/#logo","inLanguage":"es","url":"https:\/\/cdnazure.infoempleo.com\/infoempleo\/assets\/style\/gfx\/logo.svg","contentUrl":"https:\/\/cdnazure.infoempleo.com\/infoempleo\/assets\/style\/gfx\/logo.svg","width":150,"height":40,"caption":"Infoempleo"},"image":{"@id":"https:\/\/empresas.infoempleo.com\/hrtrends\/#logo"},"sameAs":["https:\/\/www.facebook.com\/Infoempleo","https:\/\/x.com\/infoempleo","http:\/\/instagram.com\/infoempleo\/","http:\/\/www.linkedin.com\/groups\/Empleo-Espa\u00f1a-Infoempleocom-111276","http:\/\/pinterest.com\/infoempleo\/"],"address":{"@type":"PostalAddress","addressLocality":"Madrid","postalCode":"28050","streetAddress":"Avenida de Burgos 114"},"brand":["Infoempleo"]},{"@type":"Person","@id":"https:\/\/empresas.infoempleo.com\/hrtrends\/#\/schema\/person\/b1dd51edbb566a47cd8f7513fa73d223","name":"Adriana M.","image":{"@type":"ImageObject","inLanguage":"es","@id":"https:\/\/empresas.infoempleo.com\/hrtrends\/#\/schema\/person\/image\/","url":"https:\/\/secure.gravatar.com\/avatar\/243f7dd7e1db0ad0e9791be05df7d72ba5c8bf338408591753bae2fe87dae18d?s=96&d=mm&r=g","contentUrl":"https:\/\/secure.gravatar.com\/avatar\/243f7dd7e1db0ad0e9791be05df7d72ba5c8bf338408591753bae2fe87dae18d?s=96&d=mm&r=g","caption":"Adriana M."},"description":"Periodista y experta en Comunicaci\u00f3n Audiovisual y Narrativa. Me encanta escribir y narrar lo que pasa a mi alrededor es mi pasi\u00f3n.","url":"https:\/\/empresas.infoempleo.com\/hrtrends\/author\/adriana-kanvas\/"}]}},"amp_enabled":true,"_links":{"self":[{"href":"https:\/\/empresas.infoempleo.com\/hrtrends\/wp-json\/wp\/v2\/posts\/35623","targetHints":{"allow":["GET"]}}],"collection":[{"href":"https:\/\/empresas.infoempleo.com\/hrtrends\/wp-json\/wp\/v2\/posts"}],"about":[{"href":"https:\/\/empresas.infoempleo.com\/hrtrends\/wp-json\/wp\/v2\/types\/post"}],"author":[{"embeddable":true,"href":"https:\/\/empresas.infoempleo.com\/hrtrends\/wp-json\/wp\/v2\/users\/122"}],"replies":[{"embeddable":true,"href":"https:\/\/empresas.infoempleo.com\/hrtrends\/wp-json\/wp\/v2\/comments?post=35623"}],"version-history":[{"count":0,"href":"https:\/\/empresas.infoempleo.com\/hrtrends\/wp-json\/wp\/v2\/posts\/35623\/revisions"}],"wp:featuredmedia":[{"embeddable":true,"href":"https:\/\/empresas.infoempleo.com\/hrtrends\/wp-json\/wp\/v2\/media\/35624"}],"wp:attachment":[{"href":"https:\/\/empresas.infoempleo.com\/hrtrends\/wp-json\/wp\/v2\/media?parent=35623"}],"wp:term":[{"taxonomy":"category","embeddable":true,"href":"https:\/\/empresas.infoempleo.com\/hrtrends\/wp-json\/wp\/v2\/categories?post=35623"},{"taxonomy":"post_tag","embeddable":true,"href":"https:\/\/empresas.infoempleo.com\/hrtrends\/wp-json\/wp\/v2\/tags?post=35623"}],"curies":[{"name":"wp","href":"https:\/\/api.w.org\/{rel}","templated":true}]}}