{"id":35615,"date":"2019-08-05T08:56:13","date_gmt":"2019-08-05T06:56:13","guid":{"rendered":"https:\/\/empresas.infoempleo.com\/hrtrends\/?p=35615"},"modified":"2019-08-21T16:52:07","modified_gmt":"2019-08-21T14:52:07","slug":"discriminacion-orientacion-sexual","status":"publish","type":"post","link":"https:\/\/empresas.infoempleo.com\/hrtrends\/discriminacion-orientacion-sexual\/","title":{"rendered":"C\u00f3mo evitar la discriminaci\u00f3n por orientaci\u00f3n sexual e identidad de g\u00e9nero en el entorno laboral"},"content":{"rendered":"<p><span style=\"font-weight: 400;\">Cuando llevas a cabo un <\/span><b>proceso de reclutamiento<\/b><span style=\"font-weight: 400;\">, a veces puedes llegar a aplicar cierta <\/span><a href=\"https:\/\/empresas.infoempleo.com\/hrtrends\/la-discriminacion-inconsciente-los-procesos-seleccion\/\"><span style=\"font-weight: 400;\">discriminaci\u00f3n inconsciente<\/span><\/a><span style=\"font-weight: 400;\">. Por desgracia, <\/span><b>prejuicios arraigados<\/b><span style=\"font-weight: 400;\"> afloran en muchas ocasiones en todas las personas, de modo que es m\u00e1s que probable que en alg\u00fan punto de tu vida profesional est\u00e9s <\/span><a href=\"https:\/\/empresas.infoempleo.com\/hrtrends\/discriminacion-laboral-proceso-de-seleccion\"><span style=\"font-weight: 400;\">discriminando en tu proceso de selecci\u00f3n<\/span><\/a><span style=\"font-weight: 400;\">.\u00a0 Aunque algunas t\u00e9cnicas como <\/span><a href=\"https:\/\/empresas.infoempleo.com\/hrtrends\/curriculum-ciego\"><span style=\"font-weight: 400;\">el uso del curr\u00edculum ciego<\/span><\/a><span style=\"font-weight: 400;\"> pueden ser \u00fatiles, lo m\u00e1s importante es que, como profesional y como persona, seas capaz de <\/span><b>identificar y poner freno a tus prejuicios<\/b><span style=\"font-weight: 400;\">. Solo as\u00ed podr\u00e1s evitar que, tanto a la hora de elegir personal como en el entorno laboral se den casos de <\/span><b>discriminaci\u00f3n por orientaci\u00f3n sexual e identidad de g\u00e9nero<\/b><span style=\"font-weight: 400;\">. Las empresas y las personas que est\u00e1n en ellas tienen la responsabilidad de contribuir a crear <\/span><b>una sociedad igualitaria<\/b><span style=\"font-weight: 400;\">. \u00bfQui\u00e9n mejor que t\u00fa desde <\/span><b>el departamento de RRHH<\/b><span style=\"font-weight: 400;\"> para impulsar la <\/span><b>lucha contra la discriminaci\u00f3n<\/b><span style=\"font-weight: 400;\">?\u00a0<\/span><\/p>\n<p><img loading=\"lazy\" decoding=\"async\" class=\"size-full wp-image-35617 aligncenter\" src=\"https:\/\/empresas.infoempleo.com\/hrtrends\/media\/2019\/07\/HRTRENDS_Discriminacion_-orientacion_sexual-peque\u00f1a.jpg\" alt=\"Evita la discriminaci\u00f3n por orientaci\u00f3n sexual e identidad de g\u00e9nero en tu empresa\" width=\"784\" height=\"446\" srcset=\"https:\/\/empresas.infoempleo.com\/hrtrends\/media\/2019\/07\/HRTRENDS_Discriminacion_-orientacion_sexual-peque\u00f1a.jpg 784w, https:\/\/empresas.infoempleo.com\/hrtrends\/media\/2019\/07\/HRTRENDS_Discriminacion_-orientacion_sexual-peque\u00f1a-300x171.jpg 300w, https:\/\/empresas.infoempleo.com\/hrtrends\/media\/2019\/07\/HRTRENDS_Discriminacion_-orientacion_sexual-peque\u00f1a-768x437.jpg 768w\" sizes=\"auto, (max-width: 784px) 100vw, 784px\" \/><\/p>\n<h2><span style=\"font-weight: 400;\">La discriminaci\u00f3n por orientaci\u00f3n sexual e identidad de g\u00e9nero<\/span><\/h2>\n<p><span style=\"font-weight: 400;\">Como bien sabr\u00e1s, <\/span><b>la selecci\u00f3n de personal<\/b><span style=\"font-weight: 400;\"> es un proceso fundamental y muy importante en el <\/span><b>acceso al empleo<\/b><span style=\"font-weight: 400;\">. Por eso, es importante que consigas desarrollar una visi\u00f3n de imparcialidad para que puedas ser justo con todos los candidatos.\u00a0<\/span><\/p>\n<p><span style=\"font-weight: 400;\">Muchas personas del <\/span><b>colectivo LGTBI<\/b><span style=\"font-weight: 400;\"> son rechazadas en las entrevistas de trabajo solo <\/span><b>por su orientaci\u00f3n o por su identidad de g\u00e9nero<\/b><span style=\"font-weight: 400;\">. Obviamente, esto es inaceptable a nivel humano. Pero, adem\u00e1s, desde un punto de vista empresarial, es muy poco inteligente, ya que se puede estar negando el acceso a la compa\u00f1\u00eda a personas <\/span><b>muy v\u00e1lidas y talentosas<\/b><span style=\"font-weight: 400;\">.\u00a0<\/span><\/p>\n<p><span style=\"font-weight: 400;\">No obstante, m\u00e1s all\u00e1 del proceso de selecci\u00f3n, en los propios <\/span><b>equipos de trabajo<\/b><span style=\"font-weight: 400;\">, pueden darse numerosos <\/span><b>casos de discriminaci\u00f3n<\/b><span style=\"font-weight: 400;\"> a los que, como miembro del <\/span><b>departamento de RRHH<\/b><span style=\"font-weight: 400;\">, has de estar atento. Es tu responsabilidad velar por el bienestar de todos y cada de tus empleados as\u00ed como ser capaz de generar <\/span><b>un buen clima de trabajo<\/b><span style=\"font-weight: 400;\"> en el que no haya lugar para <\/span><a href=\"https:\/\/empresas.infoempleo.com\/hrtrends\/medidas-cautelares-acoso-laboral\"><span style=\"font-weight: 400;\">el acoso laboral<\/span><\/a><span style=\"font-weight: 400;\"> y en el que reinen <\/span><b>el respeto y la tolerancia<\/b><span style=\"font-weight: 400;\">.<\/span><\/p>\n<h2><span style=\"font-weight: 400;\">Pautas y medidas para evitar la discriminaci\u00f3n por orientaci\u00f3n sexual<\/span><\/h2>\n<p><span style=\"font-weight: 400;\">Obviamente, el primer paso para tener una empresa libre de discriminaci\u00f3n es llevar a cabo procesos de selecci\u00f3n que sean <\/span><b>imparciales y equitativos<\/b><span style=\"font-weight: 400;\">, que se basen en capacidades como <\/span><b>la eficacia y el talento<\/b><span style=\"font-weight: 400;\">.<\/span><\/p>\n<p><span style=\"font-weight: 400;\">Asimismo, debes fomentar <\/span><b>el respeto y la dignidad<\/b><span style=\"font-weight: 400;\"> de todos los trabajadores, garantizando que puedan ser ellos mismos sin que por ello sufran acoso laboral de ning\u00fan tipo. Para ello, puedes impulsar campa\u00f1as y cursos de <\/span><b>educaci\u00f3n en la diversidad<\/b><span style=\"font-weight: 400;\">, <\/span><b>fomentar el lenguaje inclusivo<\/b><span style=\"font-weight: 400;\"> y elaborar <\/span><b>c\u00f3digos \u00e9ticos y de conducta<\/b><span style=\"font-weight: 400;\"> en los que se establezcan una serie de <\/span><b>medidas b\u00e1sicas de convivencia y respeto<\/b><span style=\"font-weight: 400;\">.<\/span><\/p>\n<p><span style=\"font-weight: 400;\">Adem\u00e1s, es muy importante que desarrolles una serie de <\/span><b>protocolos de acoso<\/b><span style=\"font-weight: 400;\"> por raz\u00f3n de <\/span><b>orientaci\u00f3n sexual o identidad de g\u00e9nero<\/b><span style=\"font-weight: 400;\"> que te permitan actuar en casos de discriminaci\u00f3n.<\/span><\/p>\n<p><span style=\"font-weight: 400;\">Por \u00faltimo, es imprescindible que des a conocer a los empleados cu\u00e1les son las v\u00edas a trav\u00e9s de las cuales pueden <\/span><b>denunciar las conductas ofensivas<\/b><span style=\"font-weight: 400;\"> a las que se vean sometidos para que, de este modo, ninguna <\/span><b>acci\u00f3n vejatoria<\/b><span style=\"font-weight: 400;\"> contra miembros del <\/span><b>colectivo LGTBI <\/b><span style=\"font-weight: 400;\">quede impune dentro de la compa\u00f1\u00eda.\u00a0<\/span><\/p>\n<p><span style=\"font-weight: 400;\">La empresa tiene la obligaci\u00f3n de garantizar <\/span><b>la seguridad, el bienestar y la salud f\u00edsica y mental<\/b><span style=\"font-weight: 400;\"> de todos sus empleados. Como <\/span><b>miembro del departamento de RRHH<\/b><span style=\"font-weight: 400;\"> esto te compete en gran medida a ti, as\u00ed que has de poner todo cuanto est\u00e9 en tu mano para evitar la <\/span><b>discriminaci\u00f3n por orientaci\u00f3n sexual e identidad de g\u00e9nero<\/b><span style=\"font-weight: 400;\">. T\u00fa tambi\u00e9n puedes contribuir a garantizar <\/span><b>los derechos de las personas LGTBI<\/b><span style=\"font-weight: 400;\">. A la hora de reclutar, has de dejar tus prejuicios a un lado ya que para elegir nuevos empleados solo has de fijarte en sus <\/span><b>conocimientos y habilidades<\/b><span style=\"font-weight: 400;\">.\u00a0<\/span><\/p>\n<p><a href=\"https:\/\/empresas.infoempleo.com\/publicar-ofertas-empleo\/?utm_source=post&amp;utm_campaign=hrtrends&amp;utm_medium=blogempresas&amp;utm_content=empresas_publicar\"><span style=\"font-weight: 400;\">\u00bfNecesitas encontrar buenos candidatos? Los servicios de infoempleo pueden ayudarte.<\/span><span style=\"font-weight: 400;\"><br \/>\n<\/span><\/a><\/p>\n","protected":false},"excerpt":{"rendered":"<p>Cuando llevas a cabo un proceso de reclutamiento, a veces puedes llegar a aplicar cierta discriminaci\u00f3n inconsciente. Por<a class=\"moretag\" href=\"https:\/\/empresas.infoempleo.com\/hrtrends\/discriminacion-orientacion-sexual\/\"> Leer m\u00e1s<\/a><\/p>\n","protected":false},"author":122,"featured_media":35616,"comment_status":"closed","ping_status":"closed","sticky":false,"template":"","format":"standard","meta":{"footnotes":""},"categories":[3035],"tags":[937,2734,2442],"class_list":["post-35615","post","type-post","status-publish","format-standard","has-post-thumbnail","hentry","category-consejos","tag-discriminacion","tag-genero","tag-reclutamiento"],"yoast_head":"<!-- This site is optimized with the Yoast SEO plugin v26.1.1 - https:\/\/yoast.com\/wordpress\/plugins\/seo\/ -->\n<title>Discriminaci\u00f3n por orientaci\u00f3n sexual: ev\u00edtala en tu empresa<\/title>\n<meta name=\"description\" content=\"Evitar la discriminaci\u00f3n por orientaci\u00f3n sexual e identidad de g\u00e9nero en la empresa es tu responsabilidad. Te contamos c\u00f3mo hacerlo.\" \/>\n<meta name=\"robots\" content=\"index, follow, max-snippet:-1, max-image-preview:large, max-video-preview:-1\" \/>\n<link rel=\"canonical\" href=\"https:\/\/empresas.infoempleo.com\/hrtrends\/discriminacion-orientacion-sexual\/\" \/>\n<meta property=\"og:locale\" content=\"es_ES\" \/>\n<meta property=\"og:type\" content=\"article\" \/>\n<meta property=\"og:title\" content=\"Discriminaci\u00f3n por orientaci\u00f3n sexual: ev\u00edtala en tu empresa\" \/>\n<meta property=\"og:description\" content=\"Evitar la discriminaci\u00f3n por orientaci\u00f3n sexual e identidad de g\u00e9nero en la empresa es tu responsabilidad. Te contamos c\u00f3mo hacerlo.\" \/>\n<meta property=\"og:url\" content=\"https:\/\/empresas.infoempleo.com\/hrtrends\/discriminacion-orientacion-sexual\/\" \/>\n<meta property=\"og:site_name\" content=\"HRTRENDS\" \/>\n<meta property=\"article:publisher\" content=\"https:\/\/www.facebook.com\/Infoempleo\" \/>\n<meta property=\"article:published_time\" content=\"2019-08-05T06:56:13+00:00\" \/>\n<meta property=\"article:modified_time\" content=\"2019-08-21T14:52:07+00:00\" \/>\n<meta property=\"og:image\" content=\"https:\/\/empresas.infoempleo.com\/hrtrends\/media\/2019\/07\/HRTRENDS_Discriminacion-orientacion_sexual-grande.jpg\" \/>\n\t<meta property=\"og:image:width\" content=\"1140\" \/>\n\t<meta property=\"og:image:height\" content=\"766\" \/>\n\t<meta property=\"og:image:type\" content=\"image\/jpeg\" \/>\n<meta name=\"author\" content=\"Adriana M.\" \/>\n<meta name=\"twitter:card\" content=\"summary_large_image\" \/>\n<meta name=\"twitter:creator\" content=\"@infoempleo\" \/>\n<meta name=\"twitter:site\" content=\"@infoempleo\" \/>\n<meta name=\"twitter:label1\" content=\"Escrito por\" \/>\n\t<meta name=\"twitter:data1\" content=\"Adriana M.\" \/>\n\t<meta name=\"twitter:label2\" content=\"Tiempo de lectura\" \/>\n\t<meta name=\"twitter:data2\" content=\"3 minutos\" \/>\n<script type=\"application\/ld+json\" class=\"yoast-schema-graph\">{\"@context\":\"https:\/\/schema.org\",\"@graph\":[{\"@type\":\"NewsArticle\",\"@id\":\"https:\/\/empresas.infoempleo.com\/hrtrends\/discriminacion-orientacion-sexual\/#article\",\"isPartOf\":{\"@id\":\"https:\/\/empresas.infoempleo.com\/hrtrends\/discriminacion-orientacion-sexual\/\"},\"author\":{\"name\":\"Adriana M.\",\"@id\":\"https:\/\/empresas.infoempleo.com\/hrtrends\/#\/schema\/person\/b1dd51edbb566a47cd8f7513fa73d223\"},\"headline\":\"C\u00f3mo evitar la discriminaci\u00f3n por orientaci\u00f3n sexual e identidad de g\u00e9nero en el entorno laboral\",\"datePublished\":\"2019-08-05T06:56:13+00:00\",\"dateModified\":\"2019-08-21T14:52:07+00:00\",\"mainEntityOfPage\":{\"@id\":\"https:\/\/empresas.infoempleo.com\/hrtrends\/discriminacion-orientacion-sexual\/\"},\"wordCount\":699,\"publisher\":{\"@id\":\"https:\/\/empresas.infoempleo.com\/hrtrends\/#organization\"},\"image\":{\"@id\":\"https:\/\/empresas.infoempleo.com\/hrtrends\/discriminacion-orientacion-sexual\/#primaryimage\"},\"thumbnailUrl\":\"https:\/\/empresas.infoempleo.com\/hrtrends\/media\/2019\/07\/HRTRENDS_Discriminacion-orientacion_sexual-grande.jpg\",\"keywords\":[\"discriminaci\u00f3n\",\"g\u00e9nero\",\"reclutamiento\"],\"articleSection\":[\"Consejos\"],\"inLanguage\":\"es\",\"copyrightYear\":\"2019\",\"copyrightHolder\":{\"@id\":\"https:\/\/empresas.infoempleo.com\/hrtrends\/#organization\"}},{\"@type\":\"WebPage\",\"@id\":\"https:\/\/empresas.infoempleo.com\/hrtrends\/discriminacion-orientacion-sexual\/\",\"url\":\"https:\/\/empresas.infoempleo.com\/hrtrends\/discriminacion-orientacion-sexual\/\",\"name\":\"Discriminaci\u00f3n por orientaci\u00f3n sexual: ev\u00edtala en tu empresa\",\"isPartOf\":{\"@id\":\"https:\/\/empresas.infoempleo.com\/hrtrends\/#website\"},\"primaryImageOfPage\":{\"@id\":\"https:\/\/empresas.infoempleo.com\/hrtrends\/discriminacion-orientacion-sexual\/#primaryimage\"},\"image\":{\"@id\":\"https:\/\/empresas.infoempleo.com\/hrtrends\/discriminacion-orientacion-sexual\/#primaryimage\"},\"thumbnailUrl\":\"https:\/\/empresas.infoempleo.com\/hrtrends\/media\/2019\/07\/HRTRENDS_Discriminacion-orientacion_sexual-grande.jpg\",\"datePublished\":\"2019-08-05T06:56:13+00:00\",\"dateModified\":\"2019-08-21T14:52:07+00:00\",\"description\":\"Evitar la discriminaci\u00f3n por orientaci\u00f3n sexual e identidad de g\u00e9nero en la empresa es tu responsabilidad. Te contamos c\u00f3mo hacerlo.\",\"breadcrumb\":{\"@id\":\"https:\/\/empresas.infoempleo.com\/hrtrends\/discriminacion-orientacion-sexual\/#breadcrumb\"},\"inLanguage\":\"es\",\"potentialAction\":[{\"@type\":\"ReadAction\",\"target\":[\"https:\/\/empresas.infoempleo.com\/hrtrends\/discriminacion-orientacion-sexual\/\"]}]},{\"@type\":\"ImageObject\",\"inLanguage\":\"es\",\"@id\":\"https:\/\/empresas.infoempleo.com\/hrtrends\/discriminacion-orientacion-sexual\/#primaryimage\",\"url\":\"https:\/\/empresas.infoempleo.com\/hrtrends\/media\/2019\/07\/HRTRENDS_Discriminacion-orientacion_sexual-grande-150x150.jpg\",\"contentUrl\":\"https:\/\/empresas.infoempleo.com\/hrtrends\/media\/2019\/07\/HRTRENDS_Discriminacion-orientacion_sexual-grande-150x150.jpg\",\"width\":150,\"height\":150,\"caption\":\"Evita la discriminaci\u00f3n por orientaci\u00f3n sexual e identidad de g\u00e9nero en tu empresa\"},{\"@type\":\"BreadcrumbList\",\"@id\":\"https:\/\/empresas.infoempleo.com\/hrtrends\/discriminacion-orientacion-sexual\/#breadcrumb\",\"itemListElement\":[{\"@type\":\"ListItem\",\"position\":1,\"name\":\"Portada\",\"item\":\"https:\/\/empresas.infoempleo.com\/hrtrends\/\"},{\"@type\":\"ListItem\",\"position\":2,\"name\":\"C\u00f3mo evitar la discriminaci\u00f3n por orientaci\u00f3n sexual e identidad de g\u00e9nero en el entorno laboral\"}]},{\"@type\":\"WebSite\",\"@id\":\"https:\/\/empresas.infoempleo.com\/hrtrends\/#website\",\"url\":\"https:\/\/empresas.infoempleo.com\/hrtrends\",\"name\":\"HRTrends by Infoempleo\",\"description\":\"\",\"publisher\":{\"@id\":\"https:\/\/empresas.infoempleo.com\/hrtrends\/#organization\"},\"potentialAction\":{\"@type\":\"SearchAction\",\"target\":\"https:\/\/empresas.infoempleo.com\/hrtrends\/?s={search_term_string}\",\"query-input\":\"required name=search_term_string\"},\"inLanguage\":\"es\"},{\"@type\":\"Organization\",\"@id\":\"https:\/\/empresas.infoempleo.com\/hrtrends\/#organization\",\"name\":\"Infoempleo\",\"url\":\"https:\/\/www.infoempleo.com\/\",\"logo\":{\"@type\":\"ImageObject\",\"@id\":\"https:\/\/empresas.infoempleo.com\/hrtrends\/#logo\",\"inLanguage\":\"es\",\"url\":\"https:\/\/cdnazure.infoempleo.com\/infoempleo\/assets\/style\/gfx\/logo.svg\",\"contentUrl\":\"https:\/\/cdnazure.infoempleo.com\/infoempleo\/assets\/style\/gfx\/logo.svg\",\"width\":150,\"height\":40,\"caption\":\"Infoempleo\"},\"image\":{\"@id\":\"https:\/\/empresas.infoempleo.com\/hrtrends\/#logo\"},\"sameAs\":[\"https:\/\/www.facebook.com\/Infoempleo\",\"https:\/\/x.com\/infoempleo\",\"http:\/\/instagram.com\/infoempleo\/\",\"http:\/\/www.linkedin.com\/groups\/Empleo-Espa\u00f1a-Infoempleocom-111276\",\"http:\/\/pinterest.com\/infoempleo\/\"],\"address\":{\"@type\":\"PostalAddress\",\"addressLocality\":\"Madrid\",\"postalCode\":\"28050\",\"streetAddress\":\"Avenida de Burgos 114\"},\"brand\":[\"Infoempleo\"]},{\"@type\":\"Person\",\"@id\":\"https:\/\/empresas.infoempleo.com\/hrtrends\/#\/schema\/person\/b1dd51edbb566a47cd8f7513fa73d223\",\"name\":\"Adriana M.\",\"image\":{\"@type\":\"ImageObject\",\"inLanguage\":\"es\",\"@id\":\"https:\/\/empresas.infoempleo.com\/hrtrends\/#\/schema\/person\/image\/\",\"url\":\"https:\/\/secure.gravatar.com\/avatar\/243f7dd7e1db0ad0e9791be05df7d72ba5c8bf338408591753bae2fe87dae18d?s=96&d=mm&r=g\",\"contentUrl\":\"https:\/\/secure.gravatar.com\/avatar\/243f7dd7e1db0ad0e9791be05df7d72ba5c8bf338408591753bae2fe87dae18d?s=96&d=mm&r=g\",\"caption\":\"Adriana M.\"},\"description\":\"Periodista y experta en Comunicaci\u00f3n Audiovisual y Narrativa. Me encanta escribir y narrar lo que pasa a mi alrededor es mi pasi\u00f3n.\",\"url\":\"https:\/\/empresas.infoempleo.com\/hrtrends\/author\/adriana-kanvas\/\"}]}<\/script>\n<!-- \/ Yoast SEO plugin. -->","yoast_head_json":{"title":"Discriminaci\u00f3n por orientaci\u00f3n sexual: ev\u00edtala en tu empresa","description":"Evitar la discriminaci\u00f3n por orientaci\u00f3n sexual e identidad de g\u00e9nero en la empresa es tu responsabilidad. Te contamos c\u00f3mo hacerlo.","robots":{"index":"index","follow":"follow","max-snippet":"max-snippet:-1","max-image-preview":"max-image-preview:large","max-video-preview":"max-video-preview:-1"},"canonical":"https:\/\/empresas.infoempleo.com\/hrtrends\/discriminacion-orientacion-sexual\/","og_locale":"es_ES","og_type":"article","og_title":"Discriminaci\u00f3n por orientaci\u00f3n sexual: ev\u00edtala en tu empresa","og_description":"Evitar la discriminaci\u00f3n por orientaci\u00f3n sexual e identidad de g\u00e9nero en la empresa es tu responsabilidad. Te contamos c\u00f3mo hacerlo.","og_url":"https:\/\/empresas.infoempleo.com\/hrtrends\/discriminacion-orientacion-sexual\/","og_site_name":"HRTRENDS","article_publisher":"https:\/\/www.facebook.com\/Infoempleo","article_published_time":"2019-08-05T06:56:13+00:00","article_modified_time":"2019-08-21T14:52:07+00:00","og_image":[{"width":1140,"height":766,"url":"https:\/\/empresas.infoempleo.com\/hrtrends\/media\/2019\/07\/HRTRENDS_Discriminacion-orientacion_sexual-grande.jpg","type":"image\/jpeg"}],"author":"Adriana M.","twitter_card":"summary_large_image","twitter_creator":"@infoempleo","twitter_site":"@infoempleo","twitter_misc":{"Escrito por":"Adriana M.","Tiempo de lectura":"3 minutos"},"schema":{"@context":"https:\/\/schema.org","@graph":[{"@type":"NewsArticle","@id":"https:\/\/empresas.infoempleo.com\/hrtrends\/discriminacion-orientacion-sexual\/#article","isPartOf":{"@id":"https:\/\/empresas.infoempleo.com\/hrtrends\/discriminacion-orientacion-sexual\/"},"author":{"name":"Adriana M.","@id":"https:\/\/empresas.infoempleo.com\/hrtrends\/#\/schema\/person\/b1dd51edbb566a47cd8f7513fa73d223"},"headline":"C\u00f3mo evitar la discriminaci\u00f3n por orientaci\u00f3n sexual e identidad de g\u00e9nero en el entorno laboral","datePublished":"2019-08-05T06:56:13+00:00","dateModified":"2019-08-21T14:52:07+00:00","mainEntityOfPage":{"@id":"https:\/\/empresas.infoempleo.com\/hrtrends\/discriminacion-orientacion-sexual\/"},"wordCount":699,"publisher":{"@id":"https:\/\/empresas.infoempleo.com\/hrtrends\/#organization"},"image":{"@id":"https:\/\/empresas.infoempleo.com\/hrtrends\/discriminacion-orientacion-sexual\/#primaryimage"},"thumbnailUrl":"https:\/\/empresas.infoempleo.com\/hrtrends\/media\/2019\/07\/HRTRENDS_Discriminacion-orientacion_sexual-grande.jpg","keywords":["discriminaci\u00f3n","g\u00e9nero","reclutamiento"],"articleSection":["Consejos"],"inLanguage":"es","copyrightYear":"2019","copyrightHolder":{"@id":"https:\/\/empresas.infoempleo.com\/hrtrends\/#organization"}},{"@type":"WebPage","@id":"https:\/\/empresas.infoempleo.com\/hrtrends\/discriminacion-orientacion-sexual\/","url":"https:\/\/empresas.infoempleo.com\/hrtrends\/discriminacion-orientacion-sexual\/","name":"Discriminaci\u00f3n por orientaci\u00f3n sexual: ev\u00edtala en tu empresa","isPartOf":{"@id":"https:\/\/empresas.infoempleo.com\/hrtrends\/#website"},"primaryImageOfPage":{"@id":"https:\/\/empresas.infoempleo.com\/hrtrends\/discriminacion-orientacion-sexual\/#primaryimage"},"image":{"@id":"https:\/\/empresas.infoempleo.com\/hrtrends\/discriminacion-orientacion-sexual\/#primaryimage"},"thumbnailUrl":"https:\/\/empresas.infoempleo.com\/hrtrends\/media\/2019\/07\/HRTRENDS_Discriminacion-orientacion_sexual-grande.jpg","datePublished":"2019-08-05T06:56:13+00:00","dateModified":"2019-08-21T14:52:07+00:00","description":"Evitar la discriminaci\u00f3n por orientaci\u00f3n sexual e identidad de g\u00e9nero en la empresa es tu responsabilidad. Te contamos c\u00f3mo hacerlo.","breadcrumb":{"@id":"https:\/\/empresas.infoempleo.com\/hrtrends\/discriminacion-orientacion-sexual\/#breadcrumb"},"inLanguage":"es","potentialAction":[{"@type":"ReadAction","target":["https:\/\/empresas.infoempleo.com\/hrtrends\/discriminacion-orientacion-sexual\/"]}]},{"@type":"ImageObject","inLanguage":"es","@id":"https:\/\/empresas.infoempleo.com\/hrtrends\/discriminacion-orientacion-sexual\/#primaryimage","url":"https:\/\/empresas.infoempleo.com\/hrtrends\/media\/2019\/07\/HRTRENDS_Discriminacion-orientacion_sexual-grande-150x150.jpg","contentUrl":"https:\/\/empresas.infoempleo.com\/hrtrends\/media\/2019\/07\/HRTRENDS_Discriminacion-orientacion_sexual-grande-150x150.jpg","width":150,"height":150,"caption":"Evita la discriminaci\u00f3n por orientaci\u00f3n sexual e identidad de g\u00e9nero en tu empresa"},{"@type":"BreadcrumbList","@id":"https:\/\/empresas.infoempleo.com\/hrtrends\/discriminacion-orientacion-sexual\/#breadcrumb","itemListElement":[{"@type":"ListItem","position":1,"name":"Portada","item":"https:\/\/empresas.infoempleo.com\/hrtrends\/"},{"@type":"ListItem","position":2,"name":"C\u00f3mo evitar la discriminaci\u00f3n por orientaci\u00f3n sexual e identidad de g\u00e9nero en el entorno laboral"}]},{"@type":"WebSite","@id":"https:\/\/empresas.infoempleo.com\/hrtrends\/#website","url":"https:\/\/empresas.infoempleo.com\/hrtrends","name":"HRTrends by Infoempleo","description":"","publisher":{"@id":"https:\/\/empresas.infoempleo.com\/hrtrends\/#organization"},"potentialAction":{"@type":"SearchAction","target":"https:\/\/empresas.infoempleo.com\/hrtrends\/?s={search_term_string}","query-input":"required name=search_term_string"},"inLanguage":"es"},{"@type":"Organization","@id":"https:\/\/empresas.infoempleo.com\/hrtrends\/#organization","name":"Infoempleo","url":"https:\/\/www.infoempleo.com\/","logo":{"@type":"ImageObject","@id":"https:\/\/empresas.infoempleo.com\/hrtrends\/#logo","inLanguage":"es","url":"https:\/\/cdnazure.infoempleo.com\/infoempleo\/assets\/style\/gfx\/logo.svg","contentUrl":"https:\/\/cdnazure.infoempleo.com\/infoempleo\/assets\/style\/gfx\/logo.svg","width":150,"height":40,"caption":"Infoempleo"},"image":{"@id":"https:\/\/empresas.infoempleo.com\/hrtrends\/#logo"},"sameAs":["https:\/\/www.facebook.com\/Infoempleo","https:\/\/x.com\/infoempleo","http:\/\/instagram.com\/infoempleo\/","http:\/\/www.linkedin.com\/groups\/Empleo-Espa\u00f1a-Infoempleocom-111276","http:\/\/pinterest.com\/infoempleo\/"],"address":{"@type":"PostalAddress","addressLocality":"Madrid","postalCode":"28050","streetAddress":"Avenida de Burgos 114"},"brand":["Infoempleo"]},{"@type":"Person","@id":"https:\/\/empresas.infoempleo.com\/hrtrends\/#\/schema\/person\/b1dd51edbb566a47cd8f7513fa73d223","name":"Adriana M.","image":{"@type":"ImageObject","inLanguage":"es","@id":"https:\/\/empresas.infoempleo.com\/hrtrends\/#\/schema\/person\/image\/","url":"https:\/\/secure.gravatar.com\/avatar\/243f7dd7e1db0ad0e9791be05df7d72ba5c8bf338408591753bae2fe87dae18d?s=96&d=mm&r=g","contentUrl":"https:\/\/secure.gravatar.com\/avatar\/243f7dd7e1db0ad0e9791be05df7d72ba5c8bf338408591753bae2fe87dae18d?s=96&d=mm&r=g","caption":"Adriana M."},"description":"Periodista y experta en Comunicaci\u00f3n Audiovisual y Narrativa. Me encanta escribir y narrar lo que pasa a mi alrededor es mi pasi\u00f3n.","url":"https:\/\/empresas.infoempleo.com\/hrtrends\/author\/adriana-kanvas\/"}]}},"amp_enabled":true,"_links":{"self":[{"href":"https:\/\/empresas.infoempleo.com\/hrtrends\/wp-json\/wp\/v2\/posts\/35615","targetHints":{"allow":["GET"]}}],"collection":[{"href":"https:\/\/empresas.infoempleo.com\/hrtrends\/wp-json\/wp\/v2\/posts"}],"about":[{"href":"https:\/\/empresas.infoempleo.com\/hrtrends\/wp-json\/wp\/v2\/types\/post"}],"author":[{"embeddable":true,"href":"https:\/\/empresas.infoempleo.com\/hrtrends\/wp-json\/wp\/v2\/users\/122"}],"replies":[{"embeddable":true,"href":"https:\/\/empresas.infoempleo.com\/hrtrends\/wp-json\/wp\/v2\/comments?post=35615"}],"version-history":[{"count":0,"href":"https:\/\/empresas.infoempleo.com\/hrtrends\/wp-json\/wp\/v2\/posts\/35615\/revisions"}],"wp:featuredmedia":[{"embeddable":true,"href":"https:\/\/empresas.infoempleo.com\/hrtrends\/wp-json\/wp\/v2\/media\/35616"}],"wp:attachment":[{"href":"https:\/\/empresas.infoempleo.com\/hrtrends\/wp-json\/wp\/v2\/media?parent=35615"}],"wp:term":[{"taxonomy":"category","embeddable":true,"href":"https:\/\/empresas.infoempleo.com\/hrtrends\/wp-json\/wp\/v2\/categories?post=35615"},{"taxonomy":"post_tag","embeddable":true,"href":"https:\/\/empresas.infoempleo.com\/hrtrends\/wp-json\/wp\/v2\/tags?post=35615"}],"curies":[{"name":"wp","href":"https:\/\/api.w.org\/{rel}","templated":true}]}}