{"id":35596,"date":"2019-08-12T08:07:55","date_gmt":"2019-08-12T06:07:55","guid":{"rendered":"https:\/\/empresas.infoempleo.com\/hrtrends\/?p=35596"},"modified":"2019-08-21T16:46:12","modified_gmt":"2019-08-21T14:46:12","slug":"outdoor-training","status":"publish","type":"post","link":"https:\/\/empresas.infoempleo.com\/hrtrends\/outdoor-training\/","title":{"rendered":"Outdoor training: \u00bfc\u00f3mo se aplica al mundo empresarial?"},"content":{"rendered":"<p><span style=\"font-weight: 400;\">Como miembro del <\/span><b>departamento de RRHH<\/b><span style=\"font-weight: 400;\"> ya tendr\u00e1s muy claro que, en las empresas, uno de los aspectos fundamentales y m\u00e1s importantes es el <\/span><b>equipo humano<\/b><span style=\"font-weight: 400;\">. Por este motivo, es necesario que\u00a0realices una serie de acciones que mantengan <\/span><b>contentos y motivados<\/b><span style=\"font-weight: 400;\"> a tus empleados. En este sentido, el <\/span><b><i>outdoor training <\/i><\/b><span style=\"font-weight: 400;\">puede ayudarte, pues se trata de llevar a cabo una serie actividades que no solo mejoran\u00a0las capacidades y actitudes\u00a0de los trabajadores sino que adem\u00e1s tambi\u00e9n fomentan el <\/span><a href=\"https:\/\/empresas.infoempleo.com\/hrtrends\/5-claves-fortalecer-equipo-trabajo\"><span style=\"font-weight: 400;\">trabajo en equipo<\/span><\/a><span style=\"font-weight: 400;\">, favoreciendo las relaciones entre <\/span><b>todos los miembros de la empresa<\/b><span style=\"font-weight: 400;\">.<\/span><\/p>\n<p>&nbsp;<\/p>\n<h2><span style=\"font-weight: 400;\">\u00bfQu\u00e9 es el <\/span><i><span style=\"font-weight: 400;\">outdoor training <\/span><\/i><span style=\"font-weight: 400;\">y en qu\u00e9 consiste?<\/span><\/h2>\n<p><span style=\"font-weight: 400;\">Tal y como se deriva de su traducci\u00f3n del ingl\u00e9s, el <\/span><i><span style=\"font-weight: 400;\">outdoor training<\/span><\/i><span style=\"font-weight: 400;\">\u00a0es\u00a0un entrenamiento en el exterior que tiene como finalidad\u00a0<\/span><b>potenciar el talento, la creatividad, las aspiraciones,\u00a0la iniciativa\u00a0y las\u00a0motivaciones<\/b><span style=\"font-weight: 400;\"> de los trabajadores de una empresa. Este entrenamiento gira en torno <\/span><b>a una actividad deportiva o l\u00fadica <\/b><span style=\"font-weight: 400;\">que se realiza al aire libre, como puede ser la\u00a0escalada,\u00a0una gymkana o juegos de supervivencia, entre otras opciones. La actividad elegida puede ser <\/span><b>dise\u00f1ada\u00a0a medida <\/b><span style=\"font-weight: 400;\">para cada\u00a0empresa. As\u00ed, puedes analizar cu\u00e1les son los aspectos que quieres que se potencien a trav\u00e9s de esta\u00a0<\/span><b>metodolog\u00eda\u00a0fundamentalmente vivencial<\/b><span style=\"font-weight: 400;\">. Gracias a estas actividades, los trabajadores\u00a0extraer\u00e1n conclusiones que contribuir\u00e1n\u00a0a mejorar el <\/span><b>clima de trabajo<\/b><span style=\"font-weight: 400;\"> y el <\/span><b>entorno personal y profesional<\/b><span style=\"font-weight: 400;\">. Que los empleados conozcan\u00a0y potencien sus\u00a0<\/span><b>fortalezas individuales y de equipo<\/b><span style=\"font-weight: 400;\">, es algo b\u00e1sico para tu empresa. Asimismo,\u00a0conseguir que superen diferentes retos les ayudar\u00e1 a <\/span><b>enfrentarse a sus debilidades<\/b><span style=\"font-weight: 400;\">. El <\/span><b><i>outdoor training<\/i><\/b><span style=\"font-weight: 400;\">\u00a0no debe confundirse en ning\u00fan caso con el <\/span><a href=\"https:\/\/empresas.infoempleo.com\/hrtrends\/5-ejercicios-team-building\"><i><span style=\"font-weight: 400;\">team building<\/span><\/i><\/a><span style=\"font-weight: 400;\">, <\/span><span style=\"font-weight: 400;\">ya que, a diferencia de este, el entrenamiento en exterior es, sobre todo, de car\u00e1cter educativo. No obstante, ambos sistemas sirven para reforzar enormemente el <\/span><b>trabajo en equipo<\/b><span style=\"font-weight: 400;\">.<\/span><\/p>\n<p><img loading=\"lazy\" decoding=\"async\" class=\"size-full wp-image-35598 aligncenter\" src=\"https:\/\/empresas.infoempleo.com\/hrtrends\/media\/2019\/07\/HRTRENDS_Outdoor_Training-peque\u00f1o.jpg\" alt=\"Aplica el outdoor training en tu empresa\" width=\"724\" height=\"483\" srcset=\"https:\/\/empresas.infoempleo.com\/hrtrends\/media\/2019\/07\/HRTRENDS_Outdoor_Training-peque\u00f1o.jpg 724w, https:\/\/empresas.infoempleo.com\/hrtrends\/media\/2019\/07\/HRTRENDS_Outdoor_Training-peque\u00f1o-300x200.jpg 300w\" sizes=\"auto, (max-width: 724px) 100vw, 724px\" \/><\/p>\n<h2><span style=\"font-weight: 400;\">\u00bfC\u00f3mo se lleva a cabo el <\/span><i><span style=\"font-weight: 400;\">outdoor trainig<\/span><\/i><span style=\"font-weight: 400;\">?\u00a0<\/span><\/h2>\n<p><span style=\"font-weight: 400;\">Si quieres llevar a cabo este m\u00e9todo con tus empleados, lo primero que has de hacer es realizar un\u00a0dise\u00f1o personalizado y adaptado a las <\/span><b>necesidades de tu empresa<\/b><span style=\"font-weight: 400;\">. Es decir, tendr\u00e1s que establecer cu\u00e1les son <\/span><b>tus objetivos<\/b><span style=\"font-weight: 400;\"> y qu\u00e9 <\/span><b>quieres conseguir<\/b><span style=\"font-weight: 400;\">. Es importante que optes por\u00a0actividades que\u00a0combinen una serie de aspectos tales como\u00a0l<\/span><b>a competitividad, el liderazgo,\u00a0el trabajo en equipo\u00a0y la comunicaci\u00f3n<\/b><span style=\"font-weight: 400;\">. Asimismo, debes decidir en qu\u00e9 lugar se llevar\u00e1 a cabo este <\/span><b>entrenamiento did\u00e1ctico<\/b><span style=\"font-weight: 400;\">. Si lo consideras conveniente, puedes incluso <\/span><b>contratar los servicios<\/b><span style=\"font-weight: 400;\"> de algunas empresas que est\u00e1n especializadas en la <\/span><b>organizaci\u00f3n de este tipo de actividades<\/b><span style=\"font-weight: 400;\">.<\/span><\/p>\n<p>&nbsp;<\/p>\n<h2><span style=\"font-weight: 400;\">\u00bfQu\u00e9 beneficios conseguir\u00e1s a trav\u00e9s del <\/span><i><span style=\"font-weight: 400;\">outdoor training<\/span><\/i><span style=\"font-weight: 400;\">?<\/span><\/h2>\n<p><span style=\"font-weight: 400;\">El <\/span><b>principal beneficio <\/b><span style=\"font-weight: 400;\">que\u00a0te aportar\u00e1 poner en pr\u00e1ctica este m\u00e9todo reside en la <\/span><b>mejora de la comunicaci\u00f3n<\/b><span style=\"font-weight: 400;\">, lo que a su vez repercute directamente en el <\/span><b>trabajo en equipo<\/b><span style=\"font-weight: 400;\">. As\u00ed, el entrenamiento har\u00e1 no solo que los empleados aprendan <\/span><b>nuevas aptitudes y actitudes <\/b><span style=\"font-weight: 400;\">sino que lograr\u00e1 que adem\u00e1s mejoren su <\/span><b>empat\u00eda y asertividad<\/b><span style=\"font-weight: 400;\"> y descubran nuevas t\u00e9cnicas para <\/span><b>expresarse y relacionarse con los dem\u00e1s<\/b><span style=\"font-weight: 400;\">. Asimismo, conseguir\u00e1s aumentar su <\/span><b>motivaci\u00f3n e iniciativa<\/b><span style=\"font-weight: 400;\">, mejorar\u00e1s su capacidad de <\/span><b>resoluci\u00f3n de conflictos<\/b><span style=\"font-weight: 400;\">, potenciar\u00e1s <\/span><b>el liderazgo<\/b><span style=\"font-weight: 400;\">, fomentar\u00e1s <\/span><b>la creatividad<\/b><span style=\"font-weight: 400;\"> y estimular\u00e1s <\/span><b>el compromiso de los trabajadores con la empresa<\/b><span style=\"font-weight: 400;\">.<\/span><\/p>\n<p><span style=\"font-weight: 400;\">En definitiva, si optas por el <\/span><b><i>outdoor training<\/i><\/b><span style=\"font-weight: 400;\">, lograr\u00e1s que tus empleados sean <\/span><b>m\u00e1s resolutivos <\/b><span style=\"font-weight: 400;\">y se sientan mejor en todos los \u00e1mbitos de su trabajo, lo cual <\/span><b>repercutir\u00e1 positivamente <\/b><span style=\"font-weight: 400;\">en tu empresa, por no olvidar que conseguir\u00e1s un <\/span><a href=\"https:\/\/empresas.infoempleo.com\/hrtrends\/buen-ambiente-laboral-exito-empresarial\"><span style=\"font-weight: 400;\">buen ambiente laboral<\/span><\/a><span style=\"font-weight: 400;\"> lleno de <\/span><a href=\"https:\/\/empresas.infoempleo.com\/hrtrends\/las-empresas-desean-empleados-felices\/\"><span style=\"font-weight: 400;\">empleados y empleadas felices<\/span><\/a><span style=\"font-weight: 400;\">. Por supuesto, este m\u00e9todo tambi\u00e9n puede ser empleado a la hora de seleccionar nuevo personal. Recuerda que, si est\u00e1s ahora mismo iniciando un proceso de reclutamiento, <\/span><a href=\"https:\/\/empresas.infoempleo.com\/publicar-ofertas-empleo\/?utm_source=post&amp;utm_campaign=hrtrends&amp;utm_medium=blogempresas&amp;utm_content=empresas_publicar\"><span style=\"font-weight: 400;\">nosotros podemos ayudarte<\/span><\/a><span style=\"font-weight: 400;\">. \u00a1No lo dudes!<\/span><\/p>\n","protected":false},"excerpt":{"rendered":"<p>Como miembro del departamento de RRHH ya tendr\u00e1s muy claro que, en las empresas, uno de los aspectos<a class=\"moretag\" href=\"https:\/\/empresas.infoempleo.com\/hrtrends\/outdoor-training\/\"> Leer m\u00e1s<\/a><\/p>\n","protected":false},"author":122,"featured_media":35597,"comment_status":"closed","ping_status":"closed","sticky":false,"template":"","format":"standard","meta":{"footnotes":""},"categories":[3032],"tags":[2687,3229,5],"class_list":["post-35596","post","type-post","status-publish","format-standard","has-post-thumbnail","hentry","category-formacion","tag-entrenamiento","tag-outdoor-training","tag-trabajo-en-equipo"],"yoast_head":"<!-- This site is optimized with the Yoast SEO plugin v26.1.1 - https:\/\/yoast.com\/wordpress\/plugins\/seo\/ -->\n<title>Outdoor training: qu\u00e9 es y en qu\u00e9 beneficia a tu empresa<\/title>\n<meta name=\"robots\" content=\"index, follow, max-snippet:-1, max-image-preview:large, max-video-preview:-1\" \/>\n<link rel=\"canonical\" href=\"https:\/\/empresas.infoempleo.com\/hrtrends\/outdoor-training\/\" \/>\n<meta property=\"og:locale\" content=\"es_ES\" \/>\n<meta property=\"og:type\" content=\"article\" \/>\n<meta property=\"og:title\" content=\"Outdoor training: qu\u00e9 es y en qu\u00e9 beneficia a tu empresa\" \/>\n<meta property=\"og:description\" content=\"Como miembro del departamento de RRHH ya tendr\u00e1s muy claro que, en las empresas, uno de los aspectos Leer m\u00e1s\" \/>\n<meta property=\"og:url\" content=\"https:\/\/empresas.infoempleo.com\/hrtrends\/outdoor-training\/\" \/>\n<meta property=\"og:site_name\" content=\"HRTRENDS\" \/>\n<meta property=\"article:publisher\" content=\"https:\/\/www.facebook.com\/Infoempleo\" \/>\n<meta property=\"article:published_time\" content=\"2019-08-12T06:07:55+00:00\" \/>\n<meta property=\"article:modified_time\" content=\"2019-08-21T14:46:12+00:00\" \/>\n<meta property=\"og:image\" content=\"https:\/\/empresas.infoempleo.com\/hrtrends\/media\/2019\/07\/HRTRENDS_Outdoor_Training-grande.jpg\" \/>\n\t<meta property=\"og:image:width\" content=\"1140\" \/>\n\t<meta property=\"og:image:height\" content=\"761\" \/>\n\t<meta property=\"og:image:type\" content=\"image\/jpeg\" \/>\n<meta name=\"author\" content=\"Adriana M.\" \/>\n<meta name=\"twitter:card\" content=\"summary_large_image\" \/>\n<meta name=\"twitter:creator\" content=\"@infoempleo\" \/>\n<meta name=\"twitter:site\" content=\"@infoempleo\" \/>\n<meta name=\"twitter:label1\" content=\"Escrito por\" \/>\n\t<meta name=\"twitter:data1\" content=\"Adriana M.\" \/>\n\t<meta name=\"twitter:label2\" content=\"Tiempo de lectura\" \/>\n\t<meta name=\"twitter:data2\" content=\"3 minutos\" \/>\n<script type=\"application\/ld+json\" class=\"yoast-schema-graph\">{\"@context\":\"https:\/\/schema.org\",\"@graph\":[{\"@type\":\"NewsArticle\",\"@id\":\"https:\/\/empresas.infoempleo.com\/hrtrends\/outdoor-training\/#article\",\"isPartOf\":{\"@id\":\"https:\/\/empresas.infoempleo.com\/hrtrends\/outdoor-training\/\"},\"author\":{\"name\":\"Adriana M.\",\"@id\":\"https:\/\/empresas.infoempleo.com\/hrtrends\/#\/schema\/person\/b1dd51edbb566a47cd8f7513fa73d223\"},\"headline\":\"Outdoor training: \u00bfc\u00f3mo se aplica al mundo empresarial?\",\"datePublished\":\"2019-08-12T06:07:55+00:00\",\"dateModified\":\"2019-08-21T14:46:12+00:00\",\"mainEntityOfPage\":{\"@id\":\"https:\/\/empresas.infoempleo.com\/hrtrends\/outdoor-training\/\"},\"wordCount\":651,\"publisher\":{\"@id\":\"https:\/\/empresas.infoempleo.com\/hrtrends\/#organization\"},\"image\":{\"@id\":\"https:\/\/empresas.infoempleo.com\/hrtrends\/outdoor-training\/#primaryimage\"},\"thumbnailUrl\":\"https:\/\/empresas.infoempleo.com\/hrtrends\/media\/2019\/07\/HRTRENDS_Outdoor_Training-grande.jpg\",\"keywords\":[\"entrenamiento\",\"outdoor training\",\"trabajo en equipo\"],\"articleSection\":[\"Formaci\u00f3n\"],\"inLanguage\":\"es\",\"copyrightYear\":\"2019\",\"copyrightHolder\":{\"@id\":\"https:\/\/empresas.infoempleo.com\/hrtrends\/#organization\"}},{\"@type\":\"WebPage\",\"@id\":\"https:\/\/empresas.infoempleo.com\/hrtrends\/outdoor-training\/\",\"url\":\"https:\/\/empresas.infoempleo.com\/hrtrends\/outdoor-training\/\",\"name\":\"Outdoor training: qu\u00e9 es y en qu\u00e9 beneficia a tu empresa\",\"isPartOf\":{\"@id\":\"https:\/\/empresas.infoempleo.com\/hrtrends\/#website\"},\"primaryImageOfPage\":{\"@id\":\"https:\/\/empresas.infoempleo.com\/hrtrends\/outdoor-training\/#primaryimage\"},\"image\":{\"@id\":\"https:\/\/empresas.infoempleo.com\/hrtrends\/outdoor-training\/#primaryimage\"},\"thumbnailUrl\":\"https:\/\/empresas.infoempleo.com\/hrtrends\/media\/2019\/07\/HRTRENDS_Outdoor_Training-grande.jpg\",\"datePublished\":\"2019-08-12T06:07:55+00:00\",\"dateModified\":\"2019-08-21T14:46:12+00:00\",\"breadcrumb\":{\"@id\":\"https:\/\/empresas.infoempleo.com\/hrtrends\/outdoor-training\/#breadcrumb\"},\"inLanguage\":\"es\",\"potentialAction\":[{\"@type\":\"ReadAction\",\"target\":[\"https:\/\/empresas.infoempleo.com\/hrtrends\/outdoor-training\/\"]}]},{\"@type\":\"ImageObject\",\"inLanguage\":\"es\",\"@id\":\"https:\/\/empresas.infoempleo.com\/hrtrends\/outdoor-training\/#primaryimage\",\"url\":\"https:\/\/empresas.infoempleo.com\/hrtrends\/media\/2019\/07\/HRTRENDS_Outdoor_Training-grande-150x150.jpg\",\"contentUrl\":\"https:\/\/empresas.infoempleo.com\/hrtrends\/media\/2019\/07\/HRTRENDS_Outdoor_Training-grande-150x150.jpg\",\"width\":150,\"height\":150,\"caption\":\"Aplica el outdoor training en tu empresa\"},{\"@type\":\"BreadcrumbList\",\"@id\":\"https:\/\/empresas.infoempleo.com\/hrtrends\/outdoor-training\/#breadcrumb\",\"itemListElement\":[{\"@type\":\"ListItem\",\"position\":1,\"name\":\"Portada\",\"item\":\"https:\/\/empresas.infoempleo.com\/hrtrends\/\"},{\"@type\":\"ListItem\",\"position\":2,\"name\":\"Outdoor training: \u00bfc\u00f3mo se aplica al mundo empresarial?\"}]},{\"@type\":\"WebSite\",\"@id\":\"https:\/\/empresas.infoempleo.com\/hrtrends\/#website\",\"url\":\"https:\/\/empresas.infoempleo.com\/hrtrends\",\"name\":\"HRTrends by Infoempleo\",\"description\":\"\",\"publisher\":{\"@id\":\"https:\/\/empresas.infoempleo.com\/hrtrends\/#organization\"},\"potentialAction\":{\"@type\":\"SearchAction\",\"target\":\"https:\/\/empresas.infoempleo.com\/hrtrends\/?s={search_term_string}\",\"query-input\":\"required name=search_term_string\"},\"inLanguage\":\"es\"},{\"@type\":\"Organization\",\"@id\":\"https:\/\/empresas.infoempleo.com\/hrtrends\/#organization\",\"name\":\"Infoempleo\",\"url\":\"https:\/\/www.infoempleo.com\/\",\"logo\":{\"@type\":\"ImageObject\",\"@id\":\"https:\/\/empresas.infoempleo.com\/hrtrends\/#logo\",\"inLanguage\":\"es\",\"url\":\"https:\/\/cdnazure.infoempleo.com\/infoempleo\/assets\/style\/gfx\/logo.svg\",\"contentUrl\":\"https:\/\/cdnazure.infoempleo.com\/infoempleo\/assets\/style\/gfx\/logo.svg\",\"width\":150,\"height\":40,\"caption\":\"Infoempleo\"},\"image\":{\"@id\":\"https:\/\/empresas.infoempleo.com\/hrtrends\/#logo\"},\"sameAs\":[\"https:\/\/www.facebook.com\/Infoempleo\",\"https:\/\/x.com\/infoempleo\",\"http:\/\/instagram.com\/infoempleo\/\",\"http:\/\/www.linkedin.com\/groups\/Empleo-Espa\u00f1a-Infoempleocom-111276\",\"http:\/\/pinterest.com\/infoempleo\/\"],\"address\":{\"@type\":\"PostalAddress\",\"addressLocality\":\"Madrid\",\"postalCode\":\"28050\",\"streetAddress\":\"Avenida de Burgos 114\"},\"brand\":[\"Infoempleo\"]},{\"@type\":\"Person\",\"@id\":\"https:\/\/empresas.infoempleo.com\/hrtrends\/#\/schema\/person\/b1dd51edbb566a47cd8f7513fa73d223\",\"name\":\"Adriana M.\",\"image\":{\"@type\":\"ImageObject\",\"inLanguage\":\"es\",\"@id\":\"https:\/\/empresas.infoempleo.com\/hrtrends\/#\/schema\/person\/image\/\",\"url\":\"https:\/\/secure.gravatar.com\/avatar\/243f7dd7e1db0ad0e9791be05df7d72ba5c8bf338408591753bae2fe87dae18d?s=96&d=mm&r=g\",\"contentUrl\":\"https:\/\/secure.gravatar.com\/avatar\/243f7dd7e1db0ad0e9791be05df7d72ba5c8bf338408591753bae2fe87dae18d?s=96&d=mm&r=g\",\"caption\":\"Adriana M.\"},\"description\":\"Periodista y experta en Comunicaci\u00f3n Audiovisual y Narrativa. Me encanta escribir y narrar lo que pasa a mi alrededor es mi pasi\u00f3n.\",\"url\":\"https:\/\/empresas.infoempleo.com\/hrtrends\/author\/adriana-kanvas\/\"}]}<\/script>\n<!-- \/ Yoast SEO plugin. -->","yoast_head_json":{"title":"Outdoor training: qu\u00e9 es y en qu\u00e9 beneficia a tu empresa","robots":{"index":"index","follow":"follow","max-snippet":"max-snippet:-1","max-image-preview":"max-image-preview:large","max-video-preview":"max-video-preview:-1"},"canonical":"https:\/\/empresas.infoempleo.com\/hrtrends\/outdoor-training\/","og_locale":"es_ES","og_type":"article","og_title":"Outdoor training: qu\u00e9 es y en qu\u00e9 beneficia a tu empresa","og_description":"Como miembro del departamento de RRHH ya tendr\u00e1s muy claro que, en las empresas, uno de los aspectos Leer m\u00e1s","og_url":"https:\/\/empresas.infoempleo.com\/hrtrends\/outdoor-training\/","og_site_name":"HRTRENDS","article_publisher":"https:\/\/www.facebook.com\/Infoempleo","article_published_time":"2019-08-12T06:07:55+00:00","article_modified_time":"2019-08-21T14:46:12+00:00","og_image":[{"width":1140,"height":761,"url":"https:\/\/empresas.infoempleo.com\/hrtrends\/media\/2019\/07\/HRTRENDS_Outdoor_Training-grande.jpg","type":"image\/jpeg"}],"author":"Adriana M.","twitter_card":"summary_large_image","twitter_creator":"@infoempleo","twitter_site":"@infoempleo","twitter_misc":{"Escrito por":"Adriana M.","Tiempo de lectura":"3 minutos"},"schema":{"@context":"https:\/\/schema.org","@graph":[{"@type":"NewsArticle","@id":"https:\/\/empresas.infoempleo.com\/hrtrends\/outdoor-training\/#article","isPartOf":{"@id":"https:\/\/empresas.infoempleo.com\/hrtrends\/outdoor-training\/"},"author":{"name":"Adriana M.","@id":"https:\/\/empresas.infoempleo.com\/hrtrends\/#\/schema\/person\/b1dd51edbb566a47cd8f7513fa73d223"},"headline":"Outdoor training: \u00bfc\u00f3mo se aplica al mundo empresarial?","datePublished":"2019-08-12T06:07:55+00:00","dateModified":"2019-08-21T14:46:12+00:00","mainEntityOfPage":{"@id":"https:\/\/empresas.infoempleo.com\/hrtrends\/outdoor-training\/"},"wordCount":651,"publisher":{"@id":"https:\/\/empresas.infoempleo.com\/hrtrends\/#organization"},"image":{"@id":"https:\/\/empresas.infoempleo.com\/hrtrends\/outdoor-training\/#primaryimage"},"thumbnailUrl":"https:\/\/empresas.infoempleo.com\/hrtrends\/media\/2019\/07\/HRTRENDS_Outdoor_Training-grande.jpg","keywords":["entrenamiento","outdoor training","trabajo en equipo"],"articleSection":["Formaci\u00f3n"],"inLanguage":"es","copyrightYear":"2019","copyrightHolder":{"@id":"https:\/\/empresas.infoempleo.com\/hrtrends\/#organization"}},{"@type":"WebPage","@id":"https:\/\/empresas.infoempleo.com\/hrtrends\/outdoor-training\/","url":"https:\/\/empresas.infoempleo.com\/hrtrends\/outdoor-training\/","name":"Outdoor training: qu\u00e9 es y en qu\u00e9 beneficia a tu empresa","isPartOf":{"@id":"https:\/\/empresas.infoempleo.com\/hrtrends\/#website"},"primaryImageOfPage":{"@id":"https:\/\/empresas.infoempleo.com\/hrtrends\/outdoor-training\/#primaryimage"},"image":{"@id":"https:\/\/empresas.infoempleo.com\/hrtrends\/outdoor-training\/#primaryimage"},"thumbnailUrl":"https:\/\/empresas.infoempleo.com\/hrtrends\/media\/2019\/07\/HRTRENDS_Outdoor_Training-grande.jpg","datePublished":"2019-08-12T06:07:55+00:00","dateModified":"2019-08-21T14:46:12+00:00","breadcrumb":{"@id":"https:\/\/empresas.infoempleo.com\/hrtrends\/outdoor-training\/#breadcrumb"},"inLanguage":"es","potentialAction":[{"@type":"ReadAction","target":["https:\/\/empresas.infoempleo.com\/hrtrends\/outdoor-training\/"]}]},{"@type":"ImageObject","inLanguage":"es","@id":"https:\/\/empresas.infoempleo.com\/hrtrends\/outdoor-training\/#primaryimage","url":"https:\/\/empresas.infoempleo.com\/hrtrends\/media\/2019\/07\/HRTRENDS_Outdoor_Training-grande-150x150.jpg","contentUrl":"https:\/\/empresas.infoempleo.com\/hrtrends\/media\/2019\/07\/HRTRENDS_Outdoor_Training-grande-150x150.jpg","width":150,"height":150,"caption":"Aplica el outdoor training en tu empresa"},{"@type":"BreadcrumbList","@id":"https:\/\/empresas.infoempleo.com\/hrtrends\/outdoor-training\/#breadcrumb","itemListElement":[{"@type":"ListItem","position":1,"name":"Portada","item":"https:\/\/empresas.infoempleo.com\/hrtrends\/"},{"@type":"ListItem","position":2,"name":"Outdoor training: \u00bfc\u00f3mo se aplica al mundo empresarial?"}]},{"@type":"WebSite","@id":"https:\/\/empresas.infoempleo.com\/hrtrends\/#website","url":"https:\/\/empresas.infoempleo.com\/hrtrends","name":"HRTrends by Infoempleo","description":"","publisher":{"@id":"https:\/\/empresas.infoempleo.com\/hrtrends\/#organization"},"potentialAction":{"@type":"SearchAction","target":"https:\/\/empresas.infoempleo.com\/hrtrends\/?s={search_term_string}","query-input":"required name=search_term_string"},"inLanguage":"es"},{"@type":"Organization","@id":"https:\/\/empresas.infoempleo.com\/hrtrends\/#organization","name":"Infoempleo","url":"https:\/\/www.infoempleo.com\/","logo":{"@type":"ImageObject","@id":"https:\/\/empresas.infoempleo.com\/hrtrends\/#logo","inLanguage":"es","url":"https:\/\/cdnazure.infoempleo.com\/infoempleo\/assets\/style\/gfx\/logo.svg","contentUrl":"https:\/\/cdnazure.infoempleo.com\/infoempleo\/assets\/style\/gfx\/logo.svg","width":150,"height":40,"caption":"Infoempleo"},"image":{"@id":"https:\/\/empresas.infoempleo.com\/hrtrends\/#logo"},"sameAs":["https:\/\/www.facebook.com\/Infoempleo","https:\/\/x.com\/infoempleo","http:\/\/instagram.com\/infoempleo\/","http:\/\/www.linkedin.com\/groups\/Empleo-Espa\u00f1a-Infoempleocom-111276","http:\/\/pinterest.com\/infoempleo\/"],"address":{"@type":"PostalAddress","addressLocality":"Madrid","postalCode":"28050","streetAddress":"Avenida de Burgos 114"},"brand":["Infoempleo"]},{"@type":"Person","@id":"https:\/\/empresas.infoempleo.com\/hrtrends\/#\/schema\/person\/b1dd51edbb566a47cd8f7513fa73d223","name":"Adriana M.","image":{"@type":"ImageObject","inLanguage":"es","@id":"https:\/\/empresas.infoempleo.com\/hrtrends\/#\/schema\/person\/image\/","url":"https:\/\/secure.gravatar.com\/avatar\/243f7dd7e1db0ad0e9791be05df7d72ba5c8bf338408591753bae2fe87dae18d?s=96&d=mm&r=g","contentUrl":"https:\/\/secure.gravatar.com\/avatar\/243f7dd7e1db0ad0e9791be05df7d72ba5c8bf338408591753bae2fe87dae18d?s=96&d=mm&r=g","caption":"Adriana M."},"description":"Periodista y experta en Comunicaci\u00f3n Audiovisual y Narrativa. Me encanta escribir y narrar lo que pasa a mi alrededor es mi pasi\u00f3n.","url":"https:\/\/empresas.infoempleo.com\/hrtrends\/author\/adriana-kanvas\/"}]}},"amp_enabled":true,"_links":{"self":[{"href":"https:\/\/empresas.infoempleo.com\/hrtrends\/wp-json\/wp\/v2\/posts\/35596","targetHints":{"allow":["GET"]}}],"collection":[{"href":"https:\/\/empresas.infoempleo.com\/hrtrends\/wp-json\/wp\/v2\/posts"}],"about":[{"href":"https:\/\/empresas.infoempleo.com\/hrtrends\/wp-json\/wp\/v2\/types\/post"}],"author":[{"embeddable":true,"href":"https:\/\/empresas.infoempleo.com\/hrtrends\/wp-json\/wp\/v2\/users\/122"}],"replies":[{"embeddable":true,"href":"https:\/\/empresas.infoempleo.com\/hrtrends\/wp-json\/wp\/v2\/comments?post=35596"}],"version-history":[{"count":0,"href":"https:\/\/empresas.infoempleo.com\/hrtrends\/wp-json\/wp\/v2\/posts\/35596\/revisions"}],"wp:featuredmedia":[{"embeddable":true,"href":"https:\/\/empresas.infoempleo.com\/hrtrends\/wp-json\/wp\/v2\/media\/35597"}],"wp:attachment":[{"href":"https:\/\/empresas.infoempleo.com\/hrtrends\/wp-json\/wp\/v2\/media?parent=35596"}],"wp:term":[{"taxonomy":"category","embeddable":true,"href":"https:\/\/empresas.infoempleo.com\/hrtrends\/wp-json\/wp\/v2\/categories?post=35596"},{"taxonomy":"post_tag","embeddable":true,"href":"https:\/\/empresas.infoempleo.com\/hrtrends\/wp-json\/wp\/v2\/tags?post=35596"}],"curies":[{"name":"wp","href":"https:\/\/api.w.org\/{rel}","templated":true}]}}