{"id":35506,"date":"2019-07-17T08:50:22","date_gmt":"2019-07-17T06:50:22","guid":{"rendered":"https:\/\/empresas.infoempleo.com\/hrtrends\/?p=35506"},"modified":"2019-06-27T12:27:02","modified_gmt":"2019-06-27T10:27:02","slug":"baja-it-despido","status":"publish","type":"post","link":"https:\/\/empresas.infoempleo.com\/hrtrends\/baja-it-despido\/","title":{"rendered":"Baja por IT y despido: \u00bfC\u00f3mo gestionarlo?"},"content":{"rendered":"<p><span style=\"font-weight: 400\">Una duda muy presente en el entorno los <\/span><b>departamentos de Recursos Humanos<\/b><span style=\"font-weight: 400\"> es la referente a la <\/span><b>baja por IT (incapacidad temporal) y el despido<\/b><span style=\"font-weight: 400\">. Las empresas se preguntan si pueden <\/span><b>finalizar o no la relaci\u00f3n laboral<\/b><span style=\"font-weight: 400\"> con un <\/span><b>trabajador<\/b><span style=\"font-weight: 400\"> que <\/span><b>no trabaja por incapacidad temporal (IT). <\/b><\/p>\n<h2><b>\u00bfQu\u00e9 es la baja por incapacidad temporal?<\/b><\/h2>\n<p><span style=\"font-weight: 400\">La <\/span><b>baja por incapacidad temporal<\/b><span style=\"font-weight: 400\"> es la que solicita un <\/span><b>trabajador<\/b><span style=\"font-weight: 400\"> porque <\/span><b>no puede desarrollar su desempe\u00f1o<\/b><span style=\"font-weight: 400\"> en tu empresa durante un determinado tiempo, normalmente, por <\/span><b>motivos de salud<\/b><span style=\"font-weight: 400\">. Para justificarlo necesita un <\/span><b>parte m\u00e9dico<\/b><span style=\"font-weight: 400\"> que <\/span><b>acredite<\/b><span style=\"font-weight: 400\"> que <\/span><b>no puede ejercer su actividad laboral<\/b><span style=\"font-weight: 400\"> normalmente.<\/span><\/p>\n<p><span style=\"font-weight: 400\">Existen <\/span><b>dos tipos de baja por IT:<\/b><span style=\"font-weight: 400\"> la <\/span><a href=\"https:\/\/empresas.infoempleo.com\/hrtrends\/baja-laboral-enfermedad-comun\/\"><b>baja de contingencias comunes o enfermedad com\u00fan<\/b><\/a><span style=\"font-weight: 400\"> y la de <\/span><b>contingencias profesionales<\/b><span style=\"font-weight: 400\">. En cualquiera de los dos supuestos es el <\/span><b>trabajador<\/b><span style=\"font-weight: 400\"> quien <\/span><b>debe iniciar el proceso<\/b><span style=\"font-weight: 400\">. <\/span><\/p>\n<p><span style=\"font-weight: 400\">En el caso de las <\/span><b>contingencias comunes<\/b><span style=\"font-weight: 400\">, debe pedir <\/span><b>cita con el m\u00e9dico<\/b><span style=\"font-weight: 400\"> y que sea la <\/span><b>Seguridad Social <\/b><span style=\"font-weight: 400\">quien <\/span><b>expida el parte<\/b><span style=\"font-weight: 400\">. Si el desencadenante es una <\/span><b>enfermedad profesional o un accidente laboral<\/b><span style=\"font-weight: 400\">, ser\u00e1 la <\/span><b>mutua<\/b><span style=\"font-weight: 400\"> de tu empresa la que <\/span><b>gestione el proceso<\/b><span style=\"font-weight: 400\">. Si la incapacidad se prolonga durante m\u00e1s de cinco d\u00edas, el <\/span><b>trabajador deber\u00e1<\/b> <b>presentar<\/b><span style=\"font-weight: 400\"> los correspondientes <\/span><b>partes<\/b><span style=\"font-weight: 400\"> a la empresa.<\/span><\/p>\n<p><img loading=\"lazy\" decoding=\"async\" class=\"size-full wp-image-35507 aligncenter\" src=\"https:\/\/empresas.infoempleo.com\/hrtrends\/media\/2019\/06\/HRTRENDS-BAJA-IT-DESPIDO2.jpg\" alt=\"Toda la informaci\u00f3n sobre qu\u00e9 es la baja por IT y su relaci\u00f3n con el despido\" width=\"724\" height=\"483\" srcset=\"https:\/\/empresas.infoempleo.com\/hrtrends\/media\/2019\/06\/HRTRENDS-BAJA-IT-DESPIDO2.jpg 724w, https:\/\/empresas.infoempleo.com\/hrtrends\/media\/2019\/06\/HRTRENDS-BAJA-IT-DESPIDO2-300x200.jpg 300w\" sizes=\"auto, (max-width: 724px) 100vw, 724px\" \/><\/p>\n<h2><b>\u00bfSe puede despedir a un trabajador si est\u00e1 de baja por IT?<\/b><\/h2>\n<p><span style=\"font-weight: 400\">En ocasiones, las <\/span><b>bajas por IT se prolongan<\/b><span style=\"font-weight: 400\"> en el tiempo, incluso lideran las <\/span><b>causas de <\/b><a href=\"https:\/\/empresas.infoempleo.com\/hrtrends\/gastos-control-absentismo-trabajadores\/\"><b>absentismo laboral<\/b><\/a><span style=\"font-weight: 400\"> con el consiguiente <\/span><b>gasto para las empresas<\/b><span style=\"font-weight: 400\"> que deben <\/span><b>buscar soluciones<\/b><span style=\"font-weight: 400\"> que mejoren los controles. Estas situaciones se convierten en un <\/span><b>quebradero de cabeza<\/b><span style=\"font-weight: 400\"> para la empresa si necesita <\/span><a href=\"https:\/\/empresas.infoempleo.com\/publicar-ofertas-empleo\/?utm_source=post&amp;utm_campaign=hrtrends&amp;utm_medium=blogempresas&amp;utm_content=empresas_publicar\"><b>ocupar el puesto vacante<\/b><span style=\"font-weight: 400\">.<\/span><\/a><\/p>\n<p><span style=\"font-weight: 400\">Ante este problema, muchos empresarios se preguntan \u00bfpodemos <\/span><a href=\"https:\/\/empresas.infoempleo.com\/hrtrends\/causas-suspension-contrato\/\"><b>despedir al trabajador<\/b><\/a><span style=\"font-weight: 400\">? La respuesta a esta pregunta est\u00e1 llena de matices. <\/span><b>S\u00ed que se puede hacer<\/b><span style=\"font-weight: 400\">, pero hay que <\/span><b>acreditar una raz\u00f3n legal <\/b><span style=\"font-weight: 400\">para hacerlo y que <\/span><b>no sea la propia enfermedad o la baja<\/b><span style=\"font-weight: 400\">. <\/span><\/p>\n<p><span style=\"font-weight: 400\">De manera que \u00bfcon qu\u00e9 <\/span><b>motivo<\/b><span style=\"font-weight: 400\"> podr\u00edamos realizar el <\/span><b>despido<\/b><span style=\"font-weight: 400\">? En estos casos, desde el \u00e1rea de recursos humanos de la compa\u00f1\u00eda, podemos realizar un <\/span><b>despido objetivo por causas econ\u00f3micas, organizativas, de producci\u00f3n o t\u00e9cnicas<\/b><span style=\"font-weight: 400\">. <\/span><\/p>\n<p><span style=\"font-weight: 400\">Por otro lado, hay que tener en cuenta que si <\/span><b>durante el tiempo que dura la baja por IT<\/b><span style=\"font-weight: 400\"> al empleado <\/span><b>se le acaba el contrato<\/b><span style=\"font-weight: 400\">, se <\/span><b>finaliza igualmente la relaci\u00f3n laboral<\/b><span style=\"font-weight: 400\">. Por su parte, si la <\/span><b>incapacidad temporal<\/b><span style=\"font-weight: 400\"> se produce en <\/span><b>periodo de prueba<\/b><span style=\"font-weight: 400\">, el Estatuto de los Trabajadores se\u00f1ala que se puede <\/span><b>interrumpir el c\u00f3mputo<\/b><span style=\"font-weight: 400\"> si existe acuerdo entre las partes. <\/span><\/p>\n<h2><b>Requisitos para despedir a un trabajador de baja por IT<\/b><\/h2>\n<p><span style=\"font-weight: 400\">Si quieres despedir a un trabajador que est\u00e1 de baja por incapacidad temporal necesitas tener en cuenta que tienes que:<\/span><\/p>\n<ul>\n<li style=\"font-weight: 400\"><b>Comunic\u00e1rselo por escrito<\/b><span style=\"font-weight: 400\"> explicando la <\/span><b>causa<\/b><span style=\"font-weight: 400\">.<\/span><\/li>\n<li style=\"font-weight: 400\"><b>Indemnizarle<\/b><span style=\"font-weight: 400\"> a raz\u00f3n de <\/span><b>20 d\u00edas por a\u00f1o trabajado<\/b><span style=\"font-weight: 400\"> con un <\/span><b>l\u00edmite de 12 mensualidades<\/b><span style=\"font-weight: 400\">. <\/span><\/li>\n<li style=\"font-weight: 400\"><span style=\"font-weight: 400\">Realizar un <\/span><b>preaviso de 15 d\u00edas<\/b><span style=\"font-weight: 400\">. <\/span><\/li>\n<\/ul>\n<p><span style=\"font-weight: 400\">Ahora ya conoces la manera en la que desde el \u00e1rea de recursos humanos se puede <\/span><b>gestionar la baja por IT y el despido<\/b><span style=\"font-weight: 400\"> de un trabajador. Tienes que tener en cuenta que, si no cumples con los requisitos, el <\/span><b>empleado<\/b><span style=\"font-weight: 400\"> podr\u00eda <\/span><b>interponer una demanda<\/b><span style=\"font-weight: 400\"> para que su <\/span><b>despido<\/b><span style=\"font-weight: 400\"> se declare <\/span><b>improcedente o nulo<\/b><span style=\"font-weight: 400\">. <\/span><\/p>\n","protected":false},"excerpt":{"rendered":"<p>Una duda muy presente en el entorno los departamentos de Recursos Humanos es la referente a la baja<a class=\"moretag\" href=\"https:\/\/empresas.infoempleo.com\/hrtrends\/baja-it-despido\/\"> Leer m\u00e1s<\/a><\/p>\n","protected":false},"author":122,"featured_media":35509,"comment_status":"closed","ping_status":"closed","sticky":false,"template":"","format":"standard","meta":{"footnotes":""},"categories":[3035],"tags":[2490,2479,3186],"class_list":["post-35506","post","type-post","status-publish","format-standard","has-post-thumbnail","hentry","category-consejos","tag-bajas-laborales","tag-enfermedades-laborales","tag-incapacidad"],"yoast_head":"<!-- This site is optimized with the Yoast SEO plugin v26.1.1 - https:\/\/yoast.com\/wordpress\/plugins\/seo\/ -->\n<title>Baja por IT y despido: \u00bfC\u00f3mo lo gestiona la empresa?<\/title>\n<meta name=\"description\" content=\"Descubre qu\u00e9 es la baja por IT (Incapacidad Temporal) y el despido de una persona en esta situaci\u00f3n. Gestiona eficazmente a tu equipo.\" \/>\n<meta name=\"robots\" content=\"index, follow, max-snippet:-1, max-image-preview:large, max-video-preview:-1\" \/>\n<link rel=\"canonical\" href=\"https:\/\/empresas.infoempleo.com\/hrtrends\/baja-it-despido\/\" \/>\n<meta property=\"og:locale\" content=\"es_ES\" \/>\n<meta property=\"og:type\" content=\"article\" \/>\n<meta property=\"og:title\" content=\"Baja por IT y despido: \u00bfC\u00f3mo lo gestiona la empresa?\" \/>\n<meta property=\"og:description\" content=\"Descubre qu\u00e9 es la baja por IT (Incapacidad Temporal) y el despido de una persona en esta situaci\u00f3n. Gestiona eficazmente a tu equipo.\" \/>\n<meta property=\"og:url\" content=\"https:\/\/empresas.infoempleo.com\/hrtrends\/baja-it-despido\/\" \/>\n<meta property=\"og:site_name\" content=\"HRTRENDS\" \/>\n<meta property=\"article:publisher\" content=\"https:\/\/www.facebook.com\/Infoempleo\" \/>\n<meta property=\"article:published_time\" content=\"2019-07-17T06:50:22+00:00\" \/>\n<meta property=\"og:image\" content=\"https:\/\/empresas.infoempleo.com\/hrtrends\/media\/2019\/06\/HRTRENDS-BAJA-IT-DESPIDO1.jpg\" \/>\n\t<meta property=\"og:image:width\" content=\"1140\" \/>\n\t<meta property=\"og:image:height\" content=\"760\" \/>\n\t<meta property=\"og:image:type\" content=\"image\/jpeg\" \/>\n<meta name=\"author\" content=\"Adriana M.\" \/>\n<meta name=\"twitter:card\" content=\"summary_large_image\" \/>\n<meta name=\"twitter:creator\" content=\"@infoempleo\" \/>\n<meta name=\"twitter:site\" content=\"@infoempleo\" \/>\n<meta name=\"twitter:label1\" content=\"Escrito por\" \/>\n\t<meta name=\"twitter:data1\" content=\"Adriana M.\" \/>\n\t<meta name=\"twitter:label2\" content=\"Tiempo de lectura\" \/>\n\t<meta name=\"twitter:data2\" content=\"3 minutos\" \/>\n<script type=\"application\/ld+json\" class=\"yoast-schema-graph\">{\"@context\":\"https:\/\/schema.org\",\"@graph\":[{\"@type\":\"NewsArticle\",\"@id\":\"https:\/\/empresas.infoempleo.com\/hrtrends\/baja-it-despido\/#article\",\"isPartOf\":{\"@id\":\"https:\/\/empresas.infoempleo.com\/hrtrends\/baja-it-despido\/\"},\"author\":{\"name\":\"Adriana M.\",\"@id\":\"https:\/\/empresas.infoempleo.com\/hrtrends\/#\/schema\/person\/b1dd51edbb566a47cd8f7513fa73d223\"},\"headline\":\"Baja por IT y despido: \u00bfC\u00f3mo gestionarlo?\",\"datePublished\":\"2019-07-17T06:50:22+00:00\",\"mainEntityOfPage\":{\"@id\":\"https:\/\/empresas.infoempleo.com\/hrtrends\/baja-it-despido\/\"},\"wordCount\":542,\"publisher\":{\"@id\":\"https:\/\/empresas.infoempleo.com\/hrtrends\/#organization\"},\"image\":{\"@id\":\"https:\/\/empresas.infoempleo.com\/hrtrends\/baja-it-despido\/#primaryimage\"},\"thumbnailUrl\":\"https:\/\/empresas.infoempleo.com\/hrtrends\/media\/2019\/06\/HRTRENDS-BAJA-IT-DESPIDO1.jpg\",\"keywords\":[\"bajas laborales\",\"enfermedades laborales\",\"incapacidad\"],\"articleSection\":[\"Consejos\"],\"inLanguage\":\"es\",\"copyrightYear\":\"2019\",\"copyrightHolder\":{\"@id\":\"https:\/\/empresas.infoempleo.com\/hrtrends\/#organization\"}},{\"@type\":\"WebPage\",\"@id\":\"https:\/\/empresas.infoempleo.com\/hrtrends\/baja-it-despido\/\",\"url\":\"https:\/\/empresas.infoempleo.com\/hrtrends\/baja-it-despido\/\",\"name\":\"Baja por IT y despido: \u00bfC\u00f3mo lo gestiona la empresa?\",\"isPartOf\":{\"@id\":\"https:\/\/empresas.infoempleo.com\/hrtrends\/#website\"},\"primaryImageOfPage\":{\"@id\":\"https:\/\/empresas.infoempleo.com\/hrtrends\/baja-it-despido\/#primaryimage\"},\"image\":{\"@id\":\"https:\/\/empresas.infoempleo.com\/hrtrends\/baja-it-despido\/#primaryimage\"},\"thumbnailUrl\":\"https:\/\/empresas.infoempleo.com\/hrtrends\/media\/2019\/06\/HRTRENDS-BAJA-IT-DESPIDO1.jpg\",\"datePublished\":\"2019-07-17T06:50:22+00:00\",\"description\":\"Descubre qu\u00e9 es la baja por IT (Incapacidad Temporal) y el despido de una persona en esta situaci\u00f3n. Gestiona eficazmente a tu equipo.\",\"breadcrumb\":{\"@id\":\"https:\/\/empresas.infoempleo.com\/hrtrends\/baja-it-despido\/#breadcrumb\"},\"inLanguage\":\"es\",\"potentialAction\":[{\"@type\":\"ReadAction\",\"target\":[\"https:\/\/empresas.infoempleo.com\/hrtrends\/baja-it-despido\/\"]}]},{\"@type\":\"ImageObject\",\"inLanguage\":\"es\",\"@id\":\"https:\/\/empresas.infoempleo.com\/hrtrends\/baja-it-despido\/#primaryimage\",\"url\":\"https:\/\/empresas.infoempleo.com\/hrtrends\/media\/2019\/06\/HRTRENDS-BAJA-IT-DESPIDO1-150x150.jpg\",\"contentUrl\":\"https:\/\/empresas.infoempleo.com\/hrtrends\/media\/2019\/06\/HRTRENDS-BAJA-IT-DESPIDO1-150x150.jpg\",\"width\":150,\"height\":150,\"caption\":\"Toda la informaci\u00f3n sobre qu\u00e9 es la baja por IT y su relaci\u00f3n con el despido\"},{\"@type\":\"BreadcrumbList\",\"@id\":\"https:\/\/empresas.infoempleo.com\/hrtrends\/baja-it-despido\/#breadcrumb\",\"itemListElement\":[{\"@type\":\"ListItem\",\"position\":1,\"name\":\"Portada\",\"item\":\"https:\/\/empresas.infoempleo.com\/hrtrends\/\"},{\"@type\":\"ListItem\",\"position\":2,\"name\":\"Baja por IT y despido: \u00bfC\u00f3mo gestionarlo?\"}]},{\"@type\":\"WebSite\",\"@id\":\"https:\/\/empresas.infoempleo.com\/hrtrends\/#website\",\"url\":\"https:\/\/empresas.infoempleo.com\/hrtrends\",\"name\":\"HRTrends by Infoempleo\",\"description\":\"\",\"publisher\":{\"@id\":\"https:\/\/empresas.infoempleo.com\/hrtrends\/#organization\"},\"potentialAction\":{\"@type\":\"SearchAction\",\"target\":\"https:\/\/empresas.infoempleo.com\/hrtrends\/?s={search_term_string}\",\"query-input\":\"required name=search_term_string\"},\"inLanguage\":\"es\"},{\"@type\":\"Organization\",\"@id\":\"https:\/\/empresas.infoempleo.com\/hrtrends\/#organization\",\"name\":\"Infoempleo\",\"url\":\"https:\/\/www.infoempleo.com\/\",\"logo\":{\"@type\":\"ImageObject\",\"@id\":\"https:\/\/empresas.infoempleo.com\/hrtrends\/#logo\",\"inLanguage\":\"es\",\"url\":\"https:\/\/cdnazure.infoempleo.com\/infoempleo\/assets\/style\/gfx\/logo.svg\",\"contentUrl\":\"https:\/\/cdnazure.infoempleo.com\/infoempleo\/assets\/style\/gfx\/logo.svg\",\"width\":150,\"height\":40,\"caption\":\"Infoempleo\"},\"image\":{\"@id\":\"https:\/\/empresas.infoempleo.com\/hrtrends\/#logo\"},\"sameAs\":[\"https:\/\/www.facebook.com\/Infoempleo\",\"https:\/\/x.com\/infoempleo\",\"http:\/\/instagram.com\/infoempleo\/\",\"http:\/\/www.linkedin.com\/groups\/Empleo-Espa\u00f1a-Infoempleocom-111276\",\"http:\/\/pinterest.com\/infoempleo\/\"],\"address\":{\"@type\":\"PostalAddress\",\"addressLocality\":\"Madrid\",\"postalCode\":\"28050\",\"streetAddress\":\"Avenida de Burgos 114\"},\"brand\":[\"Infoempleo\"]},{\"@type\":\"Person\",\"@id\":\"https:\/\/empresas.infoempleo.com\/hrtrends\/#\/schema\/person\/b1dd51edbb566a47cd8f7513fa73d223\",\"name\":\"Adriana M.\",\"image\":{\"@type\":\"ImageObject\",\"inLanguage\":\"es\",\"@id\":\"https:\/\/empresas.infoempleo.com\/hrtrends\/#\/schema\/person\/image\/\",\"url\":\"https:\/\/secure.gravatar.com\/avatar\/243f7dd7e1db0ad0e9791be05df7d72ba5c8bf338408591753bae2fe87dae18d?s=96&d=mm&r=g\",\"contentUrl\":\"https:\/\/secure.gravatar.com\/avatar\/243f7dd7e1db0ad0e9791be05df7d72ba5c8bf338408591753bae2fe87dae18d?s=96&d=mm&r=g\",\"caption\":\"Adriana M.\"},\"description\":\"Periodista y experta en Comunicaci\u00f3n Audiovisual y Narrativa. Me encanta escribir y narrar lo que pasa a mi alrededor es mi pasi\u00f3n.\",\"url\":\"https:\/\/empresas.infoempleo.com\/hrtrends\/author\/adriana-kanvas\/\"}]}<\/script>\n<!-- \/ Yoast SEO plugin. -->","yoast_head_json":{"title":"Baja por IT y despido: \u00bfC\u00f3mo lo gestiona la empresa?","description":"Descubre qu\u00e9 es la baja por IT (Incapacidad Temporal) y el despido de una persona en esta situaci\u00f3n. Gestiona eficazmente a tu equipo.","robots":{"index":"index","follow":"follow","max-snippet":"max-snippet:-1","max-image-preview":"max-image-preview:large","max-video-preview":"max-video-preview:-1"},"canonical":"https:\/\/empresas.infoempleo.com\/hrtrends\/baja-it-despido\/","og_locale":"es_ES","og_type":"article","og_title":"Baja por IT y despido: \u00bfC\u00f3mo lo gestiona la empresa?","og_description":"Descubre qu\u00e9 es la baja por IT (Incapacidad Temporal) y el despido de una persona en esta situaci\u00f3n. Gestiona eficazmente a tu equipo.","og_url":"https:\/\/empresas.infoempleo.com\/hrtrends\/baja-it-despido\/","og_site_name":"HRTRENDS","article_publisher":"https:\/\/www.facebook.com\/Infoempleo","article_published_time":"2019-07-17T06:50:22+00:00","og_image":[{"width":1140,"height":760,"url":"https:\/\/empresas.infoempleo.com\/hrtrends\/media\/2019\/06\/HRTRENDS-BAJA-IT-DESPIDO1.jpg","type":"image\/jpeg"}],"author":"Adriana M.","twitter_card":"summary_large_image","twitter_creator":"@infoempleo","twitter_site":"@infoempleo","twitter_misc":{"Escrito por":"Adriana M.","Tiempo de lectura":"3 minutos"},"schema":{"@context":"https:\/\/schema.org","@graph":[{"@type":"NewsArticle","@id":"https:\/\/empresas.infoempleo.com\/hrtrends\/baja-it-despido\/#article","isPartOf":{"@id":"https:\/\/empresas.infoempleo.com\/hrtrends\/baja-it-despido\/"},"author":{"name":"Adriana M.","@id":"https:\/\/empresas.infoempleo.com\/hrtrends\/#\/schema\/person\/b1dd51edbb566a47cd8f7513fa73d223"},"headline":"Baja por IT y despido: \u00bfC\u00f3mo gestionarlo?","datePublished":"2019-07-17T06:50:22+00:00","mainEntityOfPage":{"@id":"https:\/\/empresas.infoempleo.com\/hrtrends\/baja-it-despido\/"},"wordCount":542,"publisher":{"@id":"https:\/\/empresas.infoempleo.com\/hrtrends\/#organization"},"image":{"@id":"https:\/\/empresas.infoempleo.com\/hrtrends\/baja-it-despido\/#primaryimage"},"thumbnailUrl":"https:\/\/empresas.infoempleo.com\/hrtrends\/media\/2019\/06\/HRTRENDS-BAJA-IT-DESPIDO1.jpg","keywords":["bajas laborales","enfermedades laborales","incapacidad"],"articleSection":["Consejos"],"inLanguage":"es","copyrightYear":"2019","copyrightHolder":{"@id":"https:\/\/empresas.infoempleo.com\/hrtrends\/#organization"}},{"@type":"WebPage","@id":"https:\/\/empresas.infoempleo.com\/hrtrends\/baja-it-despido\/","url":"https:\/\/empresas.infoempleo.com\/hrtrends\/baja-it-despido\/","name":"Baja por IT y despido: \u00bfC\u00f3mo lo gestiona la empresa?","isPartOf":{"@id":"https:\/\/empresas.infoempleo.com\/hrtrends\/#website"},"primaryImageOfPage":{"@id":"https:\/\/empresas.infoempleo.com\/hrtrends\/baja-it-despido\/#primaryimage"},"image":{"@id":"https:\/\/empresas.infoempleo.com\/hrtrends\/baja-it-despido\/#primaryimage"},"thumbnailUrl":"https:\/\/empresas.infoempleo.com\/hrtrends\/media\/2019\/06\/HRTRENDS-BAJA-IT-DESPIDO1.jpg","datePublished":"2019-07-17T06:50:22+00:00","description":"Descubre qu\u00e9 es la baja por IT (Incapacidad Temporal) y el despido de una persona en esta situaci\u00f3n. Gestiona eficazmente a tu equipo.","breadcrumb":{"@id":"https:\/\/empresas.infoempleo.com\/hrtrends\/baja-it-despido\/#breadcrumb"},"inLanguage":"es","potentialAction":[{"@type":"ReadAction","target":["https:\/\/empresas.infoempleo.com\/hrtrends\/baja-it-despido\/"]}]},{"@type":"ImageObject","inLanguage":"es","@id":"https:\/\/empresas.infoempleo.com\/hrtrends\/baja-it-despido\/#primaryimage","url":"https:\/\/empresas.infoempleo.com\/hrtrends\/media\/2019\/06\/HRTRENDS-BAJA-IT-DESPIDO1-150x150.jpg","contentUrl":"https:\/\/empresas.infoempleo.com\/hrtrends\/media\/2019\/06\/HRTRENDS-BAJA-IT-DESPIDO1-150x150.jpg","width":150,"height":150,"caption":"Toda la informaci\u00f3n sobre qu\u00e9 es la baja por IT y su relaci\u00f3n con el despido"},{"@type":"BreadcrumbList","@id":"https:\/\/empresas.infoempleo.com\/hrtrends\/baja-it-despido\/#breadcrumb","itemListElement":[{"@type":"ListItem","position":1,"name":"Portada","item":"https:\/\/empresas.infoempleo.com\/hrtrends\/"},{"@type":"ListItem","position":2,"name":"Baja por IT y despido: \u00bfC\u00f3mo gestionarlo?"}]},{"@type":"WebSite","@id":"https:\/\/empresas.infoempleo.com\/hrtrends\/#website","url":"https:\/\/empresas.infoempleo.com\/hrtrends","name":"HRTrends by Infoempleo","description":"","publisher":{"@id":"https:\/\/empresas.infoempleo.com\/hrtrends\/#organization"},"potentialAction":{"@type":"SearchAction","target":"https:\/\/empresas.infoempleo.com\/hrtrends\/?s={search_term_string}","query-input":"required name=search_term_string"},"inLanguage":"es"},{"@type":"Organization","@id":"https:\/\/empresas.infoempleo.com\/hrtrends\/#organization","name":"Infoempleo","url":"https:\/\/www.infoempleo.com\/","logo":{"@type":"ImageObject","@id":"https:\/\/empresas.infoempleo.com\/hrtrends\/#logo","inLanguage":"es","url":"https:\/\/cdnazure.infoempleo.com\/infoempleo\/assets\/style\/gfx\/logo.svg","contentUrl":"https:\/\/cdnazure.infoempleo.com\/infoempleo\/assets\/style\/gfx\/logo.svg","width":150,"height":40,"caption":"Infoempleo"},"image":{"@id":"https:\/\/empresas.infoempleo.com\/hrtrends\/#logo"},"sameAs":["https:\/\/www.facebook.com\/Infoempleo","https:\/\/x.com\/infoempleo","http:\/\/instagram.com\/infoempleo\/","http:\/\/www.linkedin.com\/groups\/Empleo-Espa\u00f1a-Infoempleocom-111276","http:\/\/pinterest.com\/infoempleo\/"],"address":{"@type":"PostalAddress","addressLocality":"Madrid","postalCode":"28050","streetAddress":"Avenida de Burgos 114"},"brand":["Infoempleo"]},{"@type":"Person","@id":"https:\/\/empresas.infoempleo.com\/hrtrends\/#\/schema\/person\/b1dd51edbb566a47cd8f7513fa73d223","name":"Adriana M.","image":{"@type":"ImageObject","inLanguage":"es","@id":"https:\/\/empresas.infoempleo.com\/hrtrends\/#\/schema\/person\/image\/","url":"https:\/\/secure.gravatar.com\/avatar\/243f7dd7e1db0ad0e9791be05df7d72ba5c8bf338408591753bae2fe87dae18d?s=96&d=mm&r=g","contentUrl":"https:\/\/secure.gravatar.com\/avatar\/243f7dd7e1db0ad0e9791be05df7d72ba5c8bf338408591753bae2fe87dae18d?s=96&d=mm&r=g","caption":"Adriana M."},"description":"Periodista y experta en Comunicaci\u00f3n Audiovisual y Narrativa. Me encanta escribir y narrar lo que pasa a mi alrededor es mi pasi\u00f3n.","url":"https:\/\/empresas.infoempleo.com\/hrtrends\/author\/adriana-kanvas\/"}]}},"amp_enabled":true,"_links":{"self":[{"href":"https:\/\/empresas.infoempleo.com\/hrtrends\/wp-json\/wp\/v2\/posts\/35506","targetHints":{"allow":["GET"]}}],"collection":[{"href":"https:\/\/empresas.infoempleo.com\/hrtrends\/wp-json\/wp\/v2\/posts"}],"about":[{"href":"https:\/\/empresas.infoempleo.com\/hrtrends\/wp-json\/wp\/v2\/types\/post"}],"author":[{"embeddable":true,"href":"https:\/\/empresas.infoempleo.com\/hrtrends\/wp-json\/wp\/v2\/users\/122"}],"replies":[{"embeddable":true,"href":"https:\/\/empresas.infoempleo.com\/hrtrends\/wp-json\/wp\/v2\/comments?post=35506"}],"version-history":[{"count":0,"href":"https:\/\/empresas.infoempleo.com\/hrtrends\/wp-json\/wp\/v2\/posts\/35506\/revisions"}],"wp:featuredmedia":[{"embeddable":true,"href":"https:\/\/empresas.infoempleo.com\/hrtrends\/wp-json\/wp\/v2\/media\/35509"}],"wp:attachment":[{"href":"https:\/\/empresas.infoempleo.com\/hrtrends\/wp-json\/wp\/v2\/media?parent=35506"}],"wp:term":[{"taxonomy":"category","embeddable":true,"href":"https:\/\/empresas.infoempleo.com\/hrtrends\/wp-json\/wp\/v2\/categories?post=35506"},{"taxonomy":"post_tag","embeddable":true,"href":"https:\/\/empresas.infoempleo.com\/hrtrends\/wp-json\/wp\/v2\/tags?post=35506"}],"curies":[{"name":"wp","href":"https:\/\/api.w.org\/{rel}","templated":true}]}}