{"id":35490,"date":"2019-07-08T08:27:17","date_gmt":"2019-07-08T06:27:17","guid":{"rendered":"https:\/\/empresas.infoempleo.com\/hrtrends\/?p=35490"},"modified":"2019-07-10T13:35:45","modified_gmt":"2019-07-10T11:35:45","slug":"recertificacion-efpa","status":"publish","type":"post","link":"https:\/\/empresas.infoempleo.com\/hrtrends\/recertificacion-efpa\/","title":{"rendered":"\u00bfQu\u00e9 es la recertificaci\u00f3n EFPA?"},"content":{"rendered":"<p><span style=\"font-weight: 400;\">Las <\/span><b>certificaciones de EFPA<\/b> <b>acreditan<\/b><span style=\"font-weight: 400;\"> la posesi\u00f3n de un <\/span><b>conocimiento exhaustivo de los trabajadores del sector financiero<\/b><span style=\"font-weight: 400;\"> y se otorgan por parte de la EFPA, una <\/span><b>asociaci\u00f3n sin \u00e1nimo de lucro<\/b><span style=\"font-weight: 400;\"> que defiende los <\/span><b>intereses de los profesionales financieros de Espa\u00f1a<\/b><span style=\"font-weight: 400;\">. Sin embargo, estas <\/span><b>certificaciones<\/b><span style=\"font-weight: 400;\"> deben <\/span><b>renovarse<\/b><span style=\"font-weight: 400;\"> cada cierto tiempo, lo que se conoce como <\/span><b>recertificaci\u00f3n EFPA.<\/b><\/p>\n<p><span style=\"font-weight: 400;\">La <\/span><b>recertificaci\u00f3n EFPA<\/b><span style=\"font-weight: 400;\">, en t\u00e9rminos generales, se define como la<\/span><b> renovaci\u00f3n de competencias espec\u00edficas <\/b><span style=\"font-weight: 400;\">de un determinado \u00e1mbito y que<\/span><b> garantizan la cualificaci\u00f3n <\/b><span style=\"font-weight: 400;\">profesional en ese \u00e1mbito. Se suelen llevar a cabo de<\/span><b> forma anual <\/b><span style=\"font-weight: 400;\">en diversos campos como son la<\/span><b> medicina, el farmacol\u00f3gico o el financiero. <\/b><span style=\"font-weight: 400;\">De todas las recertificaciones existentes en Espa\u00f1a, <\/span><b>la m\u00e1s conocida <\/b><span style=\"font-weight: 400;\">es la que llevan a cabo los <\/span><b>profesionales financieros: la recertificaci\u00f3n EFPA.<\/b><\/p>\n<p><img loading=\"lazy\" decoding=\"async\" class=\"size-full wp-image-35491 aligncenter\" src=\"https:\/\/empresas.infoempleo.com\/hrtrends\/media\/2019\/06\/HRTRENDS-RECERTIFICACION-EFDA2.jpg\" alt=\"Descubre qu\u00e9 es la recertificaci\u00f3n EFPA\" width=\"788\" height=\"443\" srcset=\"https:\/\/empresas.infoempleo.com\/hrtrends\/media\/2019\/06\/HRTRENDS-RECERTIFICACION-EFDA2.jpg 788w, https:\/\/empresas.infoempleo.com\/hrtrends\/media\/2019\/06\/HRTRENDS-RECERTIFICACION-EFDA2-300x169.jpg 300w, https:\/\/empresas.infoempleo.com\/hrtrends\/media\/2019\/06\/HRTRENDS-RECERTIFICACION-EFDA2-768x432.jpg 768w\" sizes=\"auto, (max-width: 788px) 100vw, 788px\" \/><\/p>\n<h2><b>Qu\u00e9 es exactamente la recertificaci\u00f3n EFPA y para qu\u00e9 sirve<\/b><\/h2>\n<p><b>EFPA<\/b><span style=\"font-weight: 400;\"> Espa\u00f1a est\u00e1 enfocada al <\/span><b>sector financiero<\/b><span style=\"font-weight: 400;\">, ya que es la <\/span><a href=\"https:\/\/www.efpa.es\/\" target=\"_blank\" rel=\"nofollow noopener\"><b>Asociaci\u00f3n Espa\u00f1ola de Asesores y Planificadores Financieros<\/b><\/a><span style=\"font-weight: 400;\"> y cuenta con m\u00e1s de 25.000 asociados. Naci\u00f3 en el 2000 y act\u00faa como una <\/span><b>plataforma independiente de certificaci\u00f3n<\/b><span style=\"font-weight: 400;\">. En definitiva, podr\u00edamos afirmar que es la <\/span><b>\u00fanica organizaci\u00f3n europea en Espa\u00f1a<\/b><span style=\"font-weight: 400;\"> que <\/span><b>representa y defiende los intereses<\/b><span style=\"font-weight: 400;\"> de los <\/span><b>trabajadores<\/b><span style=\"font-weight: 400;\"> dedicados al <\/span><b>asesoramiento y a la planificaci\u00f3n financiera<\/b><span style=\"font-weight: 400;\"> personal.<\/span><\/p>\n<p><span style=\"font-weight: 400;\">Su funci\u00f3n es importante ya que sus <\/span><b>certificaciones son muy valoradas<\/b><span style=\"font-weight: 400;\"> y est\u00e1n <\/span><b>homologadas<\/b><span style=\"font-weight: 400;\">, permitiendo asesorar e informar sobre productos financieros en nuestro pa\u00eds. <\/span><\/p>\n<p><span style=\"font-weight: 400;\">Estas certificaciones profesionales establecen <\/span><b>competencias y conocimientos<\/b><span style=\"font-weight: 400;\"> que son <\/span><b>evaluados<\/b><span style=\"font-weight: 400;\"> por diferentes <\/span><b>comit\u00e9s independientes<\/b><span style=\"font-weight: 400;\">, por lo que los <\/span><b>t\u00edtulos<\/b><span style=\"font-weight: 400;\"> son otorgados por entidades reconocidas que <\/span><b>no tienen inter\u00e9s comercial<\/b><span style=\"font-weight: 400;\">. Sin embargo, su <\/span><b>caducidad<\/b><span style=\"font-weight: 400;\"> viene determinada <\/span><b>cada a\u00f1o<\/b><span style=\"font-weight: 400;\">, por lo que se debe llevar a cabo una <\/span><b>formaci\u00f3n continua<\/b><span style=\"font-weight: 400;\"> que implica <\/span><b>mantenerse actualizado profesionalmente<\/b><span style=\"font-weight: 400;\">. <\/span><\/p>\n<p><span style=\"font-weight: 400;\">Desde el <\/span><b>departamento de Recursos<\/b> <b>Humanos<\/b><span style=\"font-weight: 400;\"> debes impulsar la <\/span><b>preparaci\u00f3n de estas certificaciones<\/b><span style=\"font-weight: 400;\"> a los <\/span><b>trabajadores<\/b><span style=\"font-weight: 400;\"> y <\/span><b>asesorar<\/b> <b>en c\u00f3mo recertificarlas<\/b><span style=\"font-weight: 400;\"> en el caso de que ya las tengan. <\/span><\/p>\n<h2><b>\u00bfC\u00f3mo realizar la recertificaci\u00f3n EFPA?<\/b><\/h2>\n<p><span style=\"font-weight: 400;\">Dependiendo de la certificaci\u00f3n profesional, se deber\u00e1n realizar <\/span><a href=\"https:\/\/empresas.infoempleo.com\/hrtrends\/formacion-continua-en-tu-empresa\"><b>un m\u00ednimo de horas de formaci\u00f3n<\/b><\/a> <span style=\"font-weight: 400;\">sobre los temas vinculados, as\u00ed como el <\/span><b>contenido complementario<\/b><span style=\"font-weight: 400;\"> que tenga relaci\u00f3n con el certificado obtenido. Asimismo, se deber\u00e1 <\/span><b>ratificar el c\u00f3digo \u00e9tico.<\/b><\/p>\n<p><span style=\"font-weight: 400;\">A partir de 2018 se ha implementado para que el <\/span><b>n\u00famero de horas<\/b><span style=\"font-weight: 400;\"> para la <\/span><b>certificaci\u00f3n EIA <\/b><i><span style=\"font-weight: 400;\">( European Investment Assistant)<\/span><\/i><span style=\"font-weight: 400;\"> sea de <\/span><b>20 horas al a\u00f1o<\/b><span style=\"font-weight: 400;\">, para el <\/span><b>EFP <\/b><i><span style=\"font-weight: 400;\">(European Financial Planner) <\/span><\/i><b>35 horas<\/b> <b>anuales<\/b><span style=\"font-weight: 400;\"> y para las <\/span><b>certificaciones EIP <\/b><i><span style=\"font-weight: 400;\">(European Investment Practitioner)<\/span><\/i><b> y<\/b> <b>EFA <\/b><i><span style=\"font-weight: 400;\">(European Financial Advisor)<\/span><\/i><span style=\"font-weight: 400;\"> ser\u00e1n <\/span><b>30 horas <\/b><span style=\"font-weight: 400;\">cada a\u00f1o. <\/span><\/p>\n<p><span style=\"font-weight: 400;\">Asimismo, se debe tener en cuenta que el periodo para los tr\u00e1mites de <\/span><b>gesti\u00f3n para la recertificaci\u00f3n<\/b><span style=\"font-weight: 400;\"> es aproximadamente de entre <\/span><b>15 y 30 d\u00edas.<\/b><\/p>\n<h2><b>Ventajas de la recertificaci\u00f3n<\/b><\/h2>\n<p><span style=\"font-weight: 400;\">La <\/span><b>recertificaci\u00f3n<\/b><span style=\"font-weight: 400;\"> cada a\u00f1o de estos conocimientos presenta una <\/span><b>serie de ventajas<\/b><span style=\"font-weight: 400;\"> a nivel profesional y personal: <\/span><\/p>\n<ul>\n<li style=\"font-weight: 400;\"><span style=\"font-weight: 400;\">Supone un tipo de <\/span><b>formaci\u00f3n permanente<\/b><span style=\"font-weight: 400;\"> y <\/span><b>ampliaci\u00f3n de los conocimientos<\/b><span style=\"font-weight: 400;\"> profesionales.<\/span><\/li>\n<li style=\"font-weight: 400;\"><span style=\"font-weight: 400;\">Ayuda a <\/span><b>mejorar la calidad de servicio<\/b><span style=\"font-weight: 400;\"> otorgado por los trabajadores.<\/span><\/li>\n<li style=\"font-weight: 400;\"><b>Otorga prestigio, <\/b><a href=\"https:\/\/empresas.infoempleo.com\/hrtrends\/plan-carrera-profesiona-crecer-estructura-colectiva\/\"><b>ayuda al crecimiento profesional<\/b><\/a><b> y da credibilidad<\/b><span style=\"font-weight: 400;\"> a quien la posee.<\/span><\/li>\n<\/ul>\n<p><span style=\"font-weight: 400;\">En definitiva, si trabajas en el <\/span><b>mundo financiero la recertificaci\u00f3n EFPA es necesaria<\/b><span style=\"font-weight: 400;\"> cada a\u00f1o, lo cual asegura que los empleados est\u00e9n en <\/span><b>continua formaci\u00f3n<\/b><span style=\"font-weight: 400;\"> y <\/span><b>sigan avanzando profesionalmente<\/b><span style=\"font-weight: 400;\">. Conocer en qu\u00e9 consisten estas certificaciones puede servirte de ayuda para <\/span><b>asesorar a los empleados<\/b><span style=\"font-weight: 400;\"> y <\/span><b>animarles a seguir creciendo en la empresa. <\/b><\/p>\n","protected":false},"excerpt":{"rendered":"<p>Las certificaciones de EFPA acreditan la posesi\u00f3n de un conocimiento exhaustivo de los trabajadores del sector financiero y<a class=\"moretag\" href=\"https:\/\/empresas.infoempleo.com\/hrtrends\/recertificacion-efpa\/\"> Leer m\u00e1s<\/a><\/p>\n","protected":false},"author":122,"featured_media":35579,"comment_status":"closed","ping_status":"closed","sticky":false,"template":"","format":"standard","meta":{"footnotes":""},"categories":[3032],"tags":[596],"class_list":["post-35490","post","type-post","status-publish","format-standard","has-post-thumbnail","hentry","category-formacion","tag-formacion-continua"],"yoast_head":"<!-- This site is optimized with the Yoast SEO plugin v26.1.1 - https:\/\/yoast.com\/wordpress\/plugins\/seo\/ -->\n<title>\u00bfQu\u00e9 es la recertificaci\u00f3n EFPA y en qu\u00e9 \u00e1mbito aplica?<\/title>\n<meta name=\"description\" content=\"Descubre qu\u00e9 es la recertificaci\u00f3n EFPA, en qu\u00e9 \u00e1mbito aplica, cada cu\u00e1nto hay que renovarla y c\u00f3mo te acredita en el sector financiero.\" \/>\n<meta name=\"robots\" content=\"index, follow, max-snippet:-1, max-image-preview:large, max-video-preview:-1\" \/>\n<link rel=\"canonical\" href=\"https:\/\/empresas.infoempleo.com\/hrtrends\/recertificacion-efpa\/\" \/>\n<meta property=\"og:locale\" content=\"es_ES\" \/>\n<meta property=\"og:type\" content=\"article\" \/>\n<meta property=\"og:title\" content=\"\u00bfQu\u00e9 es la recertificaci\u00f3n EFPA y en qu\u00e9 \u00e1mbito aplica?\" \/>\n<meta property=\"og:description\" content=\"Descubre qu\u00e9 es la recertificaci\u00f3n EFPA, en qu\u00e9 \u00e1mbito aplica, cada cu\u00e1nto hay que renovarla y c\u00f3mo te acredita en el sector financiero.\" \/>\n<meta property=\"og:url\" content=\"https:\/\/empresas.infoempleo.com\/hrtrends\/recertificacion-efpa\/\" \/>\n<meta property=\"og:site_name\" content=\"HRTRENDS\" \/>\n<meta property=\"article:publisher\" content=\"https:\/\/www.facebook.com\/Infoempleo\" \/>\n<meta property=\"article:published_time\" content=\"2019-07-08T06:27:17+00:00\" \/>\n<meta property=\"article:modified_time\" content=\"2019-07-10T11:35:45+00:00\" \/>\n<meta property=\"og:image\" content=\"https:\/\/empresas.infoempleo.com\/hrtrends\/media\/2019\/07\/GettyImages-941729686.jpg\" \/>\n\t<meta property=\"og:image:width\" content=\"1140\" \/>\n\t<meta property=\"og:image:height\" content=\"760\" \/>\n\t<meta property=\"og:image:type\" content=\"image\/jpeg\" \/>\n<meta name=\"author\" content=\"Adriana M.\" \/>\n<meta name=\"twitter:card\" content=\"summary_large_image\" \/>\n<meta name=\"twitter:creator\" content=\"@infoempleo\" \/>\n<meta name=\"twitter:site\" content=\"@infoempleo\" \/>\n<meta name=\"twitter:label1\" content=\"Escrito por\" \/>\n\t<meta name=\"twitter:data1\" content=\"Adriana M.\" \/>\n\t<meta name=\"twitter:label2\" content=\"Tiempo de lectura\" \/>\n\t<meta name=\"twitter:data2\" content=\"3 minutos\" \/>\n<script type=\"application\/ld+json\" class=\"yoast-schema-graph\">{\"@context\":\"https:\/\/schema.org\",\"@graph\":[{\"@type\":\"NewsArticle\",\"@id\":\"https:\/\/empresas.infoempleo.com\/hrtrends\/recertificacion-efpa\/#article\",\"isPartOf\":{\"@id\":\"https:\/\/empresas.infoempleo.com\/hrtrends\/recertificacion-efpa\/\"},\"author\":{\"name\":\"Adriana M.\",\"@id\":\"https:\/\/empresas.infoempleo.com\/hrtrends\/#\/schema\/person\/b1dd51edbb566a47cd8f7513fa73d223\"},\"headline\":\"\u00bfQu\u00e9 es la recertificaci\u00f3n EFPA?\",\"datePublished\":\"2019-07-08T06:27:17+00:00\",\"dateModified\":\"2019-07-10T11:35:45+00:00\",\"mainEntityOfPage\":{\"@id\":\"https:\/\/empresas.infoempleo.com\/hrtrends\/recertificacion-efpa\/\"},\"wordCount\":596,\"publisher\":{\"@id\":\"https:\/\/empresas.infoempleo.com\/hrtrends\/#organization\"},\"image\":{\"@id\":\"https:\/\/empresas.infoempleo.com\/hrtrends\/recertificacion-efpa\/#primaryimage\"},\"thumbnailUrl\":\"https:\/\/empresas.infoempleo.com\/hrtrends\/media\/2019\/07\/GettyImages-941729686.jpg\",\"keywords\":[\"Formaci\u00f3n Continua\"],\"articleSection\":[\"Formaci\u00f3n\"],\"inLanguage\":\"es\",\"copyrightYear\":\"2019\",\"copyrightHolder\":{\"@id\":\"https:\/\/empresas.infoempleo.com\/hrtrends\/#organization\"}},{\"@type\":\"WebPage\",\"@id\":\"https:\/\/empresas.infoempleo.com\/hrtrends\/recertificacion-efpa\/\",\"url\":\"https:\/\/empresas.infoempleo.com\/hrtrends\/recertificacion-efpa\/\",\"name\":\"\u00bfQu\u00e9 es la recertificaci\u00f3n EFPA y en qu\u00e9 \u00e1mbito aplica?\",\"isPartOf\":{\"@id\":\"https:\/\/empresas.infoempleo.com\/hrtrends\/#website\"},\"primaryImageOfPage\":{\"@id\":\"https:\/\/empresas.infoempleo.com\/hrtrends\/recertificacion-efpa\/#primaryimage\"},\"image\":{\"@id\":\"https:\/\/empresas.infoempleo.com\/hrtrends\/recertificacion-efpa\/#primaryimage\"},\"thumbnailUrl\":\"https:\/\/empresas.infoempleo.com\/hrtrends\/media\/2019\/07\/GettyImages-941729686.jpg\",\"datePublished\":\"2019-07-08T06:27:17+00:00\",\"dateModified\":\"2019-07-10T11:35:45+00:00\",\"description\":\"Descubre qu\u00e9 es la recertificaci\u00f3n EFPA, en qu\u00e9 \u00e1mbito aplica, cada cu\u00e1nto hay que renovarla y c\u00f3mo te acredita en el sector financiero.\",\"breadcrumb\":{\"@id\":\"https:\/\/empresas.infoempleo.com\/hrtrends\/recertificacion-efpa\/#breadcrumb\"},\"inLanguage\":\"es\",\"potentialAction\":[{\"@type\":\"ReadAction\",\"target\":[\"https:\/\/empresas.infoempleo.com\/hrtrends\/recertificacion-efpa\/\"]}]},{\"@type\":\"ImageObject\",\"inLanguage\":\"es\",\"@id\":\"https:\/\/empresas.infoempleo.com\/hrtrends\/recertificacion-efpa\/#primaryimage\",\"url\":\"https:\/\/empresas.infoempleo.com\/hrtrends\/media\/2019\/07\/GettyImages-941729686-150x150.jpg\",\"contentUrl\":\"https:\/\/empresas.infoempleo.com\/hrtrends\/media\/2019\/07\/GettyImages-941729686-150x150.jpg\",\"width\":150,\"height\":150,\"caption\":\"Toda la informaci\u00f3n sobre la recertificaci\u00f3n EFPA y sus principales ventajas\"},{\"@type\":\"BreadcrumbList\",\"@id\":\"https:\/\/empresas.infoempleo.com\/hrtrends\/recertificacion-efpa\/#breadcrumb\",\"itemListElement\":[{\"@type\":\"ListItem\",\"position\":1,\"name\":\"Portada\",\"item\":\"https:\/\/empresas.infoempleo.com\/hrtrends\/\"},{\"@type\":\"ListItem\",\"position\":2,\"name\":\"\u00bfQu\u00e9 es la recertificaci\u00f3n EFPA?\"}]},{\"@type\":\"WebSite\",\"@id\":\"https:\/\/empresas.infoempleo.com\/hrtrends\/#website\",\"url\":\"https:\/\/empresas.infoempleo.com\/hrtrends\",\"name\":\"HRTrends by Infoempleo\",\"description\":\"\",\"publisher\":{\"@id\":\"https:\/\/empresas.infoempleo.com\/hrtrends\/#organization\"},\"potentialAction\":{\"@type\":\"SearchAction\",\"target\":\"https:\/\/empresas.infoempleo.com\/hrtrends\/?s={search_term_string}\",\"query-input\":\"required name=search_term_string\"},\"inLanguage\":\"es\"},{\"@type\":\"Organization\",\"@id\":\"https:\/\/empresas.infoempleo.com\/hrtrends\/#organization\",\"name\":\"Infoempleo\",\"url\":\"https:\/\/www.infoempleo.com\/\",\"logo\":{\"@type\":\"ImageObject\",\"@id\":\"https:\/\/empresas.infoempleo.com\/hrtrends\/#logo\",\"inLanguage\":\"es\",\"url\":\"https:\/\/cdnazure.infoempleo.com\/infoempleo\/assets\/style\/gfx\/logo.svg\",\"contentUrl\":\"https:\/\/cdnazure.infoempleo.com\/infoempleo\/assets\/style\/gfx\/logo.svg\",\"width\":150,\"height\":40,\"caption\":\"Infoempleo\"},\"image\":{\"@id\":\"https:\/\/empresas.infoempleo.com\/hrtrends\/#logo\"},\"sameAs\":[\"https:\/\/www.facebook.com\/Infoempleo\",\"https:\/\/x.com\/infoempleo\",\"http:\/\/instagram.com\/infoempleo\/\",\"http:\/\/www.linkedin.com\/groups\/Empleo-Espa\u00f1a-Infoempleocom-111276\",\"http:\/\/pinterest.com\/infoempleo\/\"],\"address\":{\"@type\":\"PostalAddress\",\"addressLocality\":\"Madrid\",\"postalCode\":\"28050\",\"streetAddress\":\"Avenida de Burgos 114\"},\"brand\":[\"Infoempleo\"]},{\"@type\":\"Person\",\"@id\":\"https:\/\/empresas.infoempleo.com\/hrtrends\/#\/schema\/person\/b1dd51edbb566a47cd8f7513fa73d223\",\"name\":\"Adriana M.\",\"image\":{\"@type\":\"ImageObject\",\"inLanguage\":\"es\",\"@id\":\"https:\/\/empresas.infoempleo.com\/hrtrends\/#\/schema\/person\/image\/\",\"url\":\"https:\/\/secure.gravatar.com\/avatar\/243f7dd7e1db0ad0e9791be05df7d72ba5c8bf338408591753bae2fe87dae18d?s=96&d=mm&r=g\",\"contentUrl\":\"https:\/\/secure.gravatar.com\/avatar\/243f7dd7e1db0ad0e9791be05df7d72ba5c8bf338408591753bae2fe87dae18d?s=96&d=mm&r=g\",\"caption\":\"Adriana M.\"},\"description\":\"Periodista y experta en Comunicaci\u00f3n Audiovisual y Narrativa. Me encanta escribir y narrar lo que pasa a mi alrededor es mi pasi\u00f3n.\",\"url\":\"https:\/\/empresas.infoempleo.com\/hrtrends\/author\/adriana-kanvas\/\"}]}<\/script>\n<!-- \/ Yoast SEO plugin. -->","yoast_head_json":{"title":"\u00bfQu\u00e9 es la recertificaci\u00f3n EFPA y en qu\u00e9 \u00e1mbito aplica?","description":"Descubre qu\u00e9 es la recertificaci\u00f3n EFPA, en qu\u00e9 \u00e1mbito aplica, cada cu\u00e1nto hay que renovarla y c\u00f3mo te acredita en el sector financiero.","robots":{"index":"index","follow":"follow","max-snippet":"max-snippet:-1","max-image-preview":"max-image-preview:large","max-video-preview":"max-video-preview:-1"},"canonical":"https:\/\/empresas.infoempleo.com\/hrtrends\/recertificacion-efpa\/","og_locale":"es_ES","og_type":"article","og_title":"\u00bfQu\u00e9 es la recertificaci\u00f3n EFPA y en qu\u00e9 \u00e1mbito aplica?","og_description":"Descubre qu\u00e9 es la recertificaci\u00f3n EFPA, en qu\u00e9 \u00e1mbito aplica, cada cu\u00e1nto hay que renovarla y c\u00f3mo te acredita en el sector financiero.","og_url":"https:\/\/empresas.infoempleo.com\/hrtrends\/recertificacion-efpa\/","og_site_name":"HRTRENDS","article_publisher":"https:\/\/www.facebook.com\/Infoempleo","article_published_time":"2019-07-08T06:27:17+00:00","article_modified_time":"2019-07-10T11:35:45+00:00","og_image":[{"width":1140,"height":760,"url":"https:\/\/empresas.infoempleo.com\/hrtrends\/media\/2019\/07\/GettyImages-941729686.jpg","type":"image\/jpeg"}],"author":"Adriana M.","twitter_card":"summary_large_image","twitter_creator":"@infoempleo","twitter_site":"@infoempleo","twitter_misc":{"Escrito por":"Adriana M.","Tiempo de lectura":"3 minutos"},"schema":{"@context":"https:\/\/schema.org","@graph":[{"@type":"NewsArticle","@id":"https:\/\/empresas.infoempleo.com\/hrtrends\/recertificacion-efpa\/#article","isPartOf":{"@id":"https:\/\/empresas.infoempleo.com\/hrtrends\/recertificacion-efpa\/"},"author":{"name":"Adriana M.","@id":"https:\/\/empresas.infoempleo.com\/hrtrends\/#\/schema\/person\/b1dd51edbb566a47cd8f7513fa73d223"},"headline":"\u00bfQu\u00e9 es la recertificaci\u00f3n EFPA?","datePublished":"2019-07-08T06:27:17+00:00","dateModified":"2019-07-10T11:35:45+00:00","mainEntityOfPage":{"@id":"https:\/\/empresas.infoempleo.com\/hrtrends\/recertificacion-efpa\/"},"wordCount":596,"publisher":{"@id":"https:\/\/empresas.infoempleo.com\/hrtrends\/#organization"},"image":{"@id":"https:\/\/empresas.infoempleo.com\/hrtrends\/recertificacion-efpa\/#primaryimage"},"thumbnailUrl":"https:\/\/empresas.infoempleo.com\/hrtrends\/media\/2019\/07\/GettyImages-941729686.jpg","keywords":["Formaci\u00f3n Continua"],"articleSection":["Formaci\u00f3n"],"inLanguage":"es","copyrightYear":"2019","copyrightHolder":{"@id":"https:\/\/empresas.infoempleo.com\/hrtrends\/#organization"}},{"@type":"WebPage","@id":"https:\/\/empresas.infoempleo.com\/hrtrends\/recertificacion-efpa\/","url":"https:\/\/empresas.infoempleo.com\/hrtrends\/recertificacion-efpa\/","name":"\u00bfQu\u00e9 es la recertificaci\u00f3n EFPA y en qu\u00e9 \u00e1mbito aplica?","isPartOf":{"@id":"https:\/\/empresas.infoempleo.com\/hrtrends\/#website"},"primaryImageOfPage":{"@id":"https:\/\/empresas.infoempleo.com\/hrtrends\/recertificacion-efpa\/#primaryimage"},"image":{"@id":"https:\/\/empresas.infoempleo.com\/hrtrends\/recertificacion-efpa\/#primaryimage"},"thumbnailUrl":"https:\/\/empresas.infoempleo.com\/hrtrends\/media\/2019\/07\/GettyImages-941729686.jpg","datePublished":"2019-07-08T06:27:17+00:00","dateModified":"2019-07-10T11:35:45+00:00","description":"Descubre qu\u00e9 es la recertificaci\u00f3n EFPA, en qu\u00e9 \u00e1mbito aplica, cada cu\u00e1nto hay que renovarla y c\u00f3mo te acredita en el sector financiero.","breadcrumb":{"@id":"https:\/\/empresas.infoempleo.com\/hrtrends\/recertificacion-efpa\/#breadcrumb"},"inLanguage":"es","potentialAction":[{"@type":"ReadAction","target":["https:\/\/empresas.infoempleo.com\/hrtrends\/recertificacion-efpa\/"]}]},{"@type":"ImageObject","inLanguage":"es","@id":"https:\/\/empresas.infoempleo.com\/hrtrends\/recertificacion-efpa\/#primaryimage","url":"https:\/\/empresas.infoempleo.com\/hrtrends\/media\/2019\/07\/GettyImages-941729686-150x150.jpg","contentUrl":"https:\/\/empresas.infoempleo.com\/hrtrends\/media\/2019\/07\/GettyImages-941729686-150x150.jpg","width":150,"height":150,"caption":"Toda la informaci\u00f3n sobre la recertificaci\u00f3n EFPA y sus principales ventajas"},{"@type":"BreadcrumbList","@id":"https:\/\/empresas.infoempleo.com\/hrtrends\/recertificacion-efpa\/#breadcrumb","itemListElement":[{"@type":"ListItem","position":1,"name":"Portada","item":"https:\/\/empresas.infoempleo.com\/hrtrends\/"},{"@type":"ListItem","position":2,"name":"\u00bfQu\u00e9 es la recertificaci\u00f3n EFPA?"}]},{"@type":"WebSite","@id":"https:\/\/empresas.infoempleo.com\/hrtrends\/#website","url":"https:\/\/empresas.infoempleo.com\/hrtrends","name":"HRTrends by Infoempleo","description":"","publisher":{"@id":"https:\/\/empresas.infoempleo.com\/hrtrends\/#organization"},"potentialAction":{"@type":"SearchAction","target":"https:\/\/empresas.infoempleo.com\/hrtrends\/?s={search_term_string}","query-input":"required name=search_term_string"},"inLanguage":"es"},{"@type":"Organization","@id":"https:\/\/empresas.infoempleo.com\/hrtrends\/#organization","name":"Infoempleo","url":"https:\/\/www.infoempleo.com\/","logo":{"@type":"ImageObject","@id":"https:\/\/empresas.infoempleo.com\/hrtrends\/#logo","inLanguage":"es","url":"https:\/\/cdnazure.infoempleo.com\/infoempleo\/assets\/style\/gfx\/logo.svg","contentUrl":"https:\/\/cdnazure.infoempleo.com\/infoempleo\/assets\/style\/gfx\/logo.svg","width":150,"height":40,"caption":"Infoempleo"},"image":{"@id":"https:\/\/empresas.infoempleo.com\/hrtrends\/#logo"},"sameAs":["https:\/\/www.facebook.com\/Infoempleo","https:\/\/x.com\/infoempleo","http:\/\/instagram.com\/infoempleo\/","http:\/\/www.linkedin.com\/groups\/Empleo-Espa\u00f1a-Infoempleocom-111276","http:\/\/pinterest.com\/infoempleo\/"],"address":{"@type":"PostalAddress","addressLocality":"Madrid","postalCode":"28050","streetAddress":"Avenida de Burgos 114"},"brand":["Infoempleo"]},{"@type":"Person","@id":"https:\/\/empresas.infoempleo.com\/hrtrends\/#\/schema\/person\/b1dd51edbb566a47cd8f7513fa73d223","name":"Adriana M.","image":{"@type":"ImageObject","inLanguage":"es","@id":"https:\/\/empresas.infoempleo.com\/hrtrends\/#\/schema\/person\/image\/","url":"https:\/\/secure.gravatar.com\/avatar\/243f7dd7e1db0ad0e9791be05df7d72ba5c8bf338408591753bae2fe87dae18d?s=96&d=mm&r=g","contentUrl":"https:\/\/secure.gravatar.com\/avatar\/243f7dd7e1db0ad0e9791be05df7d72ba5c8bf338408591753bae2fe87dae18d?s=96&d=mm&r=g","caption":"Adriana M."},"description":"Periodista y experta en Comunicaci\u00f3n Audiovisual y Narrativa. Me encanta escribir y narrar lo que pasa a mi alrededor es mi pasi\u00f3n.","url":"https:\/\/empresas.infoempleo.com\/hrtrends\/author\/adriana-kanvas\/"}]}},"amp_enabled":true,"_links":{"self":[{"href":"https:\/\/empresas.infoempleo.com\/hrtrends\/wp-json\/wp\/v2\/posts\/35490","targetHints":{"allow":["GET"]}}],"collection":[{"href":"https:\/\/empresas.infoempleo.com\/hrtrends\/wp-json\/wp\/v2\/posts"}],"about":[{"href":"https:\/\/empresas.infoempleo.com\/hrtrends\/wp-json\/wp\/v2\/types\/post"}],"author":[{"embeddable":true,"href":"https:\/\/empresas.infoempleo.com\/hrtrends\/wp-json\/wp\/v2\/users\/122"}],"replies":[{"embeddable":true,"href":"https:\/\/empresas.infoempleo.com\/hrtrends\/wp-json\/wp\/v2\/comments?post=35490"}],"version-history":[{"count":0,"href":"https:\/\/empresas.infoempleo.com\/hrtrends\/wp-json\/wp\/v2\/posts\/35490\/revisions"}],"wp:featuredmedia":[{"embeddable":true,"href":"https:\/\/empresas.infoempleo.com\/hrtrends\/wp-json\/wp\/v2\/media\/35579"}],"wp:attachment":[{"href":"https:\/\/empresas.infoempleo.com\/hrtrends\/wp-json\/wp\/v2\/media?parent=35490"}],"wp:term":[{"taxonomy":"category","embeddable":true,"href":"https:\/\/empresas.infoempleo.com\/hrtrends\/wp-json\/wp\/v2\/categories?post=35490"},{"taxonomy":"post_tag","embeddable":true,"href":"https:\/\/empresas.infoempleo.com\/hrtrends\/wp-json\/wp\/v2\/tags?post=35490"}],"curies":[{"name":"wp","href":"https:\/\/api.w.org\/{rel}","templated":true}]}}