{"id":35449,"date":"2019-06-19T09:00:39","date_gmt":"2019-06-19T07:00:39","guid":{"rendered":"https:\/\/empresas.infoempleo.com\/hrtrends\/?p=35449"},"modified":"2019-06-27T12:38:55","modified_gmt":"2019-06-27T10:38:55","slug":"que-es-biometria-rrhh","status":"publish","type":"post","link":"https:\/\/empresas.infoempleo.com\/hrtrends\/que-es-biometria-rrhh\/","title":{"rendered":"Qu\u00e9 es la biometr\u00eda y c\u00f3mo puede aplicarse a RRHH"},"content":{"rendered":"<p><span style=\"font-weight: 400\">La <\/span><b>tecnolog\u00eda inteligente<\/b><span style=\"font-weight: 400\"> est\u00e1 cada vez m\u00e1s presente en los <\/span><b>departamentos de Recursos Humanos<\/b><span style=\"font-weight: 400\"> de las empresas. De hecho<\/span><a href=\"https:\/\/empresas.infoempleo.com\/hrtrends\/predecir-comportamiento-candidatos\"><b>, predecir el comportamiento de los candidatos<\/b><\/a><span style=\"font-weight: 400\"> es determinante a la hora de realizar la <\/span><b>selecci\u00f3n de personal<\/b><span style=\"font-weight: 400\">. No obstante, hay otros \u00e1mbitos de la <\/span><a href=\"https:\/\/empresas.infoempleo.com\/hrtrends\/herramientas-gestion-recursos-humanos\"><b>gesti\u00f3n de Recursos Humanos<\/b><\/a><span style=\"font-weight: 400\"> donde la tecnolog\u00eda inteligente, como es la <\/span><b>biometr\u00eda<\/b><span style=\"font-weight: 400\">, se puede aplicar. \u00a1Desc\u00fabrelo!<\/span><\/p>\n<h2><b>Definici\u00f3n de biometr\u00eda<\/b><\/h2>\n<p><span style=\"font-weight: 400\">La <\/span><b>biometr\u00eda<\/b><span style=\"font-weight: 400\"> permite <\/span><b>reconocer a las personas<\/b><span style=\"font-weight: 400\"> en funci\u00f3n de dos factores: <\/span><b>fisiolog\u00eda y comportamiento<\/b><span style=\"font-weight: 400\">. Explicado as\u00ed, tal vez el sistema parezca muy cient\u00edfico, pero es muy similar al <\/span><b>proceso<\/b><span style=\"font-weight: 400\"> que <\/span><b>realiza tu propia mente<\/b><span style=\"font-weight: 400\"> a la hora de identificar rasgos que definen al resto de personas: voz, aspecto, movimientos corporales, etc. <\/span><\/p>\n<p><span style=\"font-weight: 400\">Por tanto, la biometr\u00eda es el <\/span><b>sistema<\/b><span style=\"font-weight: 400\"> que <\/span><b>permite identificar a las personas<\/b><span style=\"font-weight: 400\"> a su llegada a la oficina a trav\u00e9s de <\/span><a href=\"https:\/\/empresas.infoempleo.com\/hrtrends\/control-presencia-huella-dactilar\/\"><span style=\"font-weight: 400\">elementos como la <\/span><b>huella dactilar<\/b><\/a><span style=\"font-weight: 400\">, el <\/span><b>iris<\/b><span style=\"font-weight: 400\">, la <\/span><b>retina<\/b><span style=\"font-weight: 400\"> o el <\/span><b>rostro<\/b><span style=\"font-weight: 400\">. Se basa en <\/span><b>factores fisiol\u00f3gicos<\/b><span style=\"font-weight: 400\"> y de <\/span><b>comportamiento<\/b><span style=\"font-weight: 400\">. El <\/span><b>resultado es exacto<\/b><span style=\"font-weight: 400\">, seguro y fiable, <\/span><b>sin el margen de error<\/b><span style=\"font-weight: 400\"> que pueden dar las <\/span><b>contrase\u00f1as<\/b><span style=\"font-weight: 400\">.<\/span><\/p>\n<p><img loading=\"lazy\" decoding=\"async\" class=\"size-full wp-image-35450 aligncenter\" src=\"https:\/\/empresas.infoempleo.com\/hrtrends\/media\/2019\/06\/HRTRENDS-BIOMETRIA1.jpg\" alt=\"Descubre qu\u00e9 es la biometr\u00eda y c\u00f3mo aplicarla en RRHH\" width=\"1140\" height=\"760\" srcset=\"https:\/\/empresas.infoempleo.com\/hrtrends\/media\/2019\/06\/HRTRENDS-BIOMETRIA1.jpg 1140w, https:\/\/empresas.infoempleo.com\/hrtrends\/media\/2019\/06\/HRTRENDS-BIOMETRIA1-300x200.jpg 300w, https:\/\/empresas.infoempleo.com\/hrtrends\/media\/2019\/06\/HRTRENDS-BIOMETRIA1-1024x683.jpg 1024w, https:\/\/empresas.infoempleo.com\/hrtrends\/media\/2019\/06\/HRTRENDS-BIOMETRIA1-768x512.jpg 768w\" sizes=\"auto, (max-width: 1140px) 100vw, 1140px\" \/><\/p>\n<h2><b>\u00bfDe qu\u00e9 manera se benefician los RRHH de la biometr\u00eda?<\/b><\/h2>\n<p><span style=\"font-weight: 400\">Si bien la <\/span><b>biometr\u00eda<\/b><span style=\"font-weight: 400\"> ha sido una <\/span><b>tecnolog\u00eda<\/b> <b>muy utilizada<\/b><span style=\"font-weight: 400\"> en sectores como el <\/span><b>sanitario<\/b><span style=\"font-weight: 400\"> o el <\/span><b>educativo<\/b><span style=\"font-weight: 400\">, tambi\u00e9n se puede aplicar en las <\/span><b>empresas<\/b><span style=\"font-weight: 400\"> para <\/span><b>optimizar el \u00e1rea de Recursos Humanos<\/b><span style=\"font-weight: 400\">. Te aporta <\/span><b>seguridad y comodidad<\/b><span style=\"font-weight: 400\">.<\/span><\/p>\n<p><span style=\"font-weight: 400\">En concreto, puedes <\/span><b>instalar dispositivos biom\u00e9tricos<\/b><span style=\"font-weight: 400\"> que te permitan <\/span><b>escanear la cara<\/b><span style=\"font-weight: 400\">, los <\/span><b>dedos<\/b><span style=\"font-weight: 400\">, el <\/span><b>iris<\/b><span style=\"font-weight: 400\">, la <\/span><b>retina<\/b><span style=\"font-weight: 400\">, la <\/span><b>mano<\/b><span style=\"font-weight: 400\"> o la <\/span><b>voz<\/b><span style=\"font-weight: 400\"> para <\/span><b>mejorar la gesti\u00f3n de personal<\/b><span style=\"font-weight: 400\"> de tu organizaci\u00f3n. As\u00ed, mantendr\u00e1s un <\/span><a href=\"https:\/\/empresas.infoempleo.com\/hrtrends\/tecnologia-control-horario-empleados\/\"><b>mayor control de los horarios<\/b><\/a><span style=\"font-weight: 400\"> o de las <\/span><b>horas extra<\/b><span style=\"font-weight: 400\"> que puedan realizar los empleados para que <\/span><b>pueda ser compensado<\/b><span style=\"font-weight: 400\"> de la mejor manera. El <\/span><b>sistema<\/b><span style=\"font-weight: 400\"> es tan <\/span><b>preciso<\/b><span style=\"font-weight: 400\"> que <\/span><b>no ofrece lugar a error<\/b><span style=\"font-weight: 400\">, ni se puede suplantar la identidad.<\/span><\/p>\n<p><span style=\"font-weight: 400\">Por otra parte, este tipo de sistemas te permiten <\/span><b>agilizar la labor administrativa<\/b><span style=\"font-weight: 400\"> del \u00e1rea de <\/span><b>Recursos Humanos<\/b><span style=\"font-weight: 400\">. De inmediato aportan la <\/span><b>informaci\u00f3n sobre altas o bajas de trabajadores<\/b><span style=\"font-weight: 400\"> en las n\u00f3minas, con lo que todo es m\u00e1s <\/span><b>r\u00e1pido y sencillo<\/b><span style=\"font-weight: 400\">. <\/span><\/p>\n<h2><b>Permite medir las reacciones<\/b><\/h2>\n<p><span style=\"font-weight: 400\">M\u00e1s all\u00e1 de lo cuantificable y objetivo, la <\/span><b>biometr\u00eda<\/b><span style=\"font-weight: 400\"> ofrece <\/span><b>soluciones<\/b><span style=\"font-weight: 400\"> que permiten medir las <\/span><b>emociones de los empleados<\/b><span style=\"font-weight: 400\">. Esto va <\/span><a href=\"https:\/\/empresas.infoempleo.com\/hrtrends\/ejercicios-psicotecnicos-proceso-seleccion\"><b>m\u00e1s all\u00e1 de los ejercicios psicot\u00e9cnicos<\/b><\/a><span style=\"font-weight: 400\"> y ofrece la posibilidad de obtener <\/span><b>datos de un electrocardiograma<\/b><span style=\"font-weight: 400\"> para procesarlos. As\u00ed, es posible saber <\/span><b>c\u00f3mo se sienten las personas<\/b><span style=\"font-weight: 400\">, qu\u00e9 <\/span><b>tipo de trabajos son mejor aceptados<\/b><span style=\"font-weight: 400\"> o cu\u00e1l es su <\/span><b>estado de \u00e1nimo<\/b><span style=\"font-weight: 400\">. Es decir, te permite contar con un <\/span><b>mapa emocional<\/b><span style=\"font-weight: 400\"> de los miembros de tu equipo.<\/span><\/p>\n<p><span style=\"font-weight: 400\">Gracias a la <\/span><b>informaci\u00f3n y al an\u00e1lisis<\/b><span style=\"font-weight: 400\"> que se obtienen a partir de <\/span><b>sistemas biom\u00e9tricos<\/b><span style=\"font-weight: 400\">, desde el \u00e1rea de Recursos Humanos puedes <\/span><a href=\"https:\/\/empresas.infoempleo.com\/hrtrends\/5-claves-para-conseguir-un-buen-employer-branding\/\"><b>trazar nuevas estrategias de employer branding<\/b><\/a><span style=\"font-weight: 400\"> que permitan <\/span><a href=\"https:\/\/empresas.infoempleo.com\/hrtrends\/7-acciones-mejorar-clima-laboral-empresa-rapidamente\/\"><b>mejorar el clima laboral<\/b><\/a><span style=\"font-weight: 400\">.<\/span><\/p>\n<p><span style=\"font-weight: 400\">Como bien sabes, los <\/span><b>empleados<\/b><span style=\"font-weight: 400\"> son como <\/span><b>piezas de un puzzle<\/b><span style=\"font-weight: 400\"> con sus <\/span><b>fortalezas y debilidades<\/b><span style=\"font-weight: 400\">. En este sentido, desde Recursos Humanos puedes conseguir que cada una de estas <\/span><b>piezas encaje en la compa\u00f1\u00eda<\/b><span style=\"font-weight: 400\"> para, de esta forma, <\/span><b>gestionar<\/b><span style=\"font-weight: 400\"> con <\/span><b>\u00e9xito<\/b><span style=\"font-weight: 400\"> los <\/span><a href=\"https:\/\/empresas.infoempleo.com\/hrtrends\/introvertido-extrovertido-gestionar-perfiles\"><b>diferentes perfiles<\/b> <b>que<\/b> <b>conviven en la empresa<\/b><\/a><span style=\"font-weight: 400\">. Por eso la biometr\u00eda te ofrece las herramientas para optimizar la <\/span><b>gesti\u00f3n de las personas<\/b><span style=\"font-weight: 400\"> y conseguir <\/span><b>trabajadores m\u00e1s felices<\/b><span style=\"font-weight: 400\"> a la par que <\/span><b>comprometidos<\/b><span style=\"font-weight: 400\">. <\/span><\/p>\n<p><a href=\"https:\/\/empresas.infoempleo.com\/buscar-candidatos\/?utm_source=post&amp;utm_campaign=hrtrends&amp;utm_medium=blogempresas&amp;utm_content=empresas_encontrar\"><span style=\"font-weight: 400\">Si necesitas ampliar personal en tu empresa, no dudes en contar con Infoempleo<\/span><\/a><span style=\"font-weight: 400\">, podemos ayudarte a conseguir los perfiles que mejor encajan en tu empresa. <\/span><\/p>\n","protected":false},"excerpt":{"rendered":"<p>La tecnolog\u00eda inteligente est\u00e1 cada vez m\u00e1s presente en los departamentos de Recursos Humanos de las empresas. De<a class=\"moretag\" href=\"https:\/\/empresas.infoempleo.com\/hrtrends\/que-es-biometria-rrhh\/\"> Leer m\u00e1s<\/a><\/p>\n","protected":false},"author":122,"featured_media":35451,"comment_status":"closed","ping_status":"closed","sticky":false,"template":"","format":"standard","meta":{"footnotes":""},"categories":[3],"tags":[508,918],"class_list":["post-35449","post","type-post","status-publish","format-standard","has-post-thumbnail","hentry","category-actualidad","tag-entrevista-de-trabajo","tag-trabajadores"],"yoast_head":"<!-- This site is optimized with the Yoast SEO plugin v26.1.1 - https:\/\/yoast.com\/wordpress\/plugins\/seo\/ -->\n<title>Qu\u00e9 es la biometr\u00eda y c\u00f3mo puede beneficiar a las \u00e1reas de RRHH<\/title>\n<meta name=\"description\" content=\"Descubre qu\u00e9 es la biometr\u00eda y c\u00f3mo se puede aplicar en el \u00e1rea de Recursos Humanos de tu empresa para ayudarte en la gesti\u00f3n de personal.\" \/>\n<meta name=\"robots\" content=\"index, follow, max-snippet:-1, max-image-preview:large, max-video-preview:-1\" \/>\n<link rel=\"canonical\" href=\"https:\/\/empresas.infoempleo.com\/hrtrends\/que-es-biometria-rrhh\/\" \/>\n<meta property=\"og:locale\" content=\"es_ES\" \/>\n<meta property=\"og:type\" content=\"article\" \/>\n<meta property=\"og:title\" content=\"Qu\u00e9 es la biometr\u00eda y c\u00f3mo puede beneficiar a las \u00e1reas de RRHH\" \/>\n<meta property=\"og:description\" content=\"Descubre qu\u00e9 es la biometr\u00eda y c\u00f3mo se puede aplicar en el \u00e1rea de Recursos Humanos de tu empresa para ayudarte en la gesti\u00f3n de personal.\" \/>\n<meta property=\"og:url\" content=\"https:\/\/empresas.infoempleo.com\/hrtrends\/que-es-biometria-rrhh\/\" \/>\n<meta property=\"og:site_name\" content=\"HRTRENDS\" \/>\n<meta property=\"article:publisher\" content=\"https:\/\/www.facebook.com\/Infoempleo\" \/>\n<meta property=\"article:published_time\" content=\"2019-06-19T07:00:39+00:00\" \/>\n<meta property=\"article:modified_time\" content=\"2019-06-27T10:38:55+00:00\" \/>\n<meta property=\"og:image\" content=\"https:\/\/empresas.infoempleo.com\/hrtrends\/media\/2019\/06\/HRTRENDS-BIOMETRIA2.jpg\" \/>\n\t<meta property=\"og:image:width\" content=\"814\" \/>\n\t<meta property=\"og:image:height\" content=\"429\" \/>\n\t<meta property=\"og:image:type\" content=\"image\/jpeg\" \/>\n<meta name=\"author\" content=\"Adriana M.\" \/>\n<meta name=\"twitter:card\" content=\"summary_large_image\" \/>\n<meta name=\"twitter:creator\" content=\"@infoempleo\" \/>\n<meta name=\"twitter:site\" content=\"@infoempleo\" \/>\n<meta name=\"twitter:label1\" content=\"Escrito por\" \/>\n\t<meta name=\"twitter:data1\" content=\"Adriana M.\" \/>\n\t<meta name=\"twitter:label2\" content=\"Tiempo de lectura\" \/>\n\t<meta name=\"twitter:data2\" content=\"3 minutos\" \/>\n<script type=\"application\/ld+json\" class=\"yoast-schema-graph\">{\"@context\":\"https:\/\/schema.org\",\"@graph\":[{\"@type\":\"NewsArticle\",\"@id\":\"https:\/\/empresas.infoempleo.com\/hrtrends\/que-es-biometria-rrhh\/#article\",\"isPartOf\":{\"@id\":\"https:\/\/empresas.infoempleo.com\/hrtrends\/que-es-biometria-rrhh\/\"},\"author\":{\"name\":\"Adriana M.\",\"@id\":\"https:\/\/empresas.infoempleo.com\/hrtrends\/#\/schema\/person\/b1dd51edbb566a47cd8f7513fa73d223\"},\"headline\":\"Qu\u00e9 es la biometr\u00eda y c\u00f3mo puede aplicarse a RRHH\",\"datePublished\":\"2019-06-19T07:00:39+00:00\",\"dateModified\":\"2019-06-27T10:38:55+00:00\",\"mainEntityOfPage\":{\"@id\":\"https:\/\/empresas.infoempleo.com\/hrtrends\/que-es-biometria-rrhh\/\"},\"wordCount\":605,\"publisher\":{\"@id\":\"https:\/\/empresas.infoempleo.com\/hrtrends\/#organization\"},\"image\":{\"@id\":\"https:\/\/empresas.infoempleo.com\/hrtrends\/que-es-biometria-rrhh\/#primaryimage\"},\"thumbnailUrl\":\"https:\/\/empresas.infoempleo.com\/hrtrends\/media\/2019\/06\/HRTRENDS-BIOMETRIA2.jpg\",\"keywords\":[\"entrevista de trabajo\",\"trabajadores\"],\"articleSection\":[\"Actualidad\"],\"inLanguage\":\"es\",\"copyrightYear\":\"2019\",\"copyrightHolder\":{\"@id\":\"https:\/\/empresas.infoempleo.com\/hrtrends\/#organization\"}},{\"@type\":\"WebPage\",\"@id\":\"https:\/\/empresas.infoempleo.com\/hrtrends\/que-es-biometria-rrhh\/\",\"url\":\"https:\/\/empresas.infoempleo.com\/hrtrends\/que-es-biometria-rrhh\/\",\"name\":\"Qu\u00e9 es la biometr\u00eda y c\u00f3mo puede beneficiar a las \u00e1reas de RRHH\",\"isPartOf\":{\"@id\":\"https:\/\/empresas.infoempleo.com\/hrtrends\/#website\"},\"primaryImageOfPage\":{\"@id\":\"https:\/\/empresas.infoempleo.com\/hrtrends\/que-es-biometria-rrhh\/#primaryimage\"},\"image\":{\"@id\":\"https:\/\/empresas.infoempleo.com\/hrtrends\/que-es-biometria-rrhh\/#primaryimage\"},\"thumbnailUrl\":\"https:\/\/empresas.infoempleo.com\/hrtrends\/media\/2019\/06\/HRTRENDS-BIOMETRIA2.jpg\",\"datePublished\":\"2019-06-19T07:00:39+00:00\",\"dateModified\":\"2019-06-27T10:38:55+00:00\",\"description\":\"Descubre qu\u00e9 es la biometr\u00eda y c\u00f3mo se puede aplicar en el \u00e1rea de Recursos Humanos de tu empresa para ayudarte en la gesti\u00f3n de personal.\",\"breadcrumb\":{\"@id\":\"https:\/\/empresas.infoempleo.com\/hrtrends\/que-es-biometria-rrhh\/#breadcrumb\"},\"inLanguage\":\"es\",\"potentialAction\":[{\"@type\":\"ReadAction\",\"target\":[\"https:\/\/empresas.infoempleo.com\/hrtrends\/que-es-biometria-rrhh\/\"]}]},{\"@type\":\"ImageObject\",\"inLanguage\":\"es\",\"@id\":\"https:\/\/empresas.infoempleo.com\/hrtrends\/que-es-biometria-rrhh\/#primaryimage\",\"url\":\"https:\/\/empresas.infoempleo.com\/hrtrends\/media\/2019\/06\/HRTRENDS-BIOMETRIA2-150x150.jpg\",\"contentUrl\":\"https:\/\/empresas.infoempleo.com\/hrtrends\/media\/2019\/06\/HRTRENDS-BIOMETRIA2-150x150.jpg\",\"width\":150,\"height\":150},{\"@type\":\"BreadcrumbList\",\"@id\":\"https:\/\/empresas.infoempleo.com\/hrtrends\/que-es-biometria-rrhh\/#breadcrumb\",\"itemListElement\":[{\"@type\":\"ListItem\",\"position\":1,\"name\":\"Portada\",\"item\":\"https:\/\/empresas.infoempleo.com\/hrtrends\/\"},{\"@type\":\"ListItem\",\"position\":2,\"name\":\"Qu\u00e9 es la biometr\u00eda y c\u00f3mo puede aplicarse a RRHH\"}]},{\"@type\":\"WebSite\",\"@id\":\"https:\/\/empresas.infoempleo.com\/hrtrends\/#website\",\"url\":\"https:\/\/empresas.infoempleo.com\/hrtrends\",\"name\":\"HRTrends by Infoempleo\",\"description\":\"\",\"publisher\":{\"@id\":\"https:\/\/empresas.infoempleo.com\/hrtrends\/#organization\"},\"potentialAction\":{\"@type\":\"SearchAction\",\"target\":\"https:\/\/empresas.infoempleo.com\/hrtrends\/?s={search_term_string}\",\"query-input\":\"required name=search_term_string\"},\"inLanguage\":\"es\"},{\"@type\":\"Organization\",\"@id\":\"https:\/\/empresas.infoempleo.com\/hrtrends\/#organization\",\"name\":\"Infoempleo\",\"url\":\"https:\/\/www.infoempleo.com\/\",\"logo\":{\"@type\":\"ImageObject\",\"@id\":\"https:\/\/empresas.infoempleo.com\/hrtrends\/#logo\",\"inLanguage\":\"es\",\"url\":\"https:\/\/cdnazure.infoempleo.com\/infoempleo\/assets\/style\/gfx\/logo.svg\",\"contentUrl\":\"https:\/\/cdnazure.infoempleo.com\/infoempleo\/assets\/style\/gfx\/logo.svg\",\"width\":150,\"height\":40,\"caption\":\"Infoempleo\"},\"image\":{\"@id\":\"https:\/\/empresas.infoempleo.com\/hrtrends\/#logo\"},\"sameAs\":[\"https:\/\/www.facebook.com\/Infoempleo\",\"https:\/\/x.com\/infoempleo\",\"http:\/\/instagram.com\/infoempleo\/\",\"http:\/\/www.linkedin.com\/groups\/Empleo-Espa\u00f1a-Infoempleocom-111276\",\"http:\/\/pinterest.com\/infoempleo\/\"],\"address\":{\"@type\":\"PostalAddress\",\"addressLocality\":\"Madrid\",\"postalCode\":\"28050\",\"streetAddress\":\"Avenida de Burgos 114\"},\"brand\":[\"Infoempleo\"]},{\"@type\":\"Person\",\"@id\":\"https:\/\/empresas.infoempleo.com\/hrtrends\/#\/schema\/person\/b1dd51edbb566a47cd8f7513fa73d223\",\"name\":\"Adriana M.\",\"image\":{\"@type\":\"ImageObject\",\"inLanguage\":\"es\",\"@id\":\"https:\/\/empresas.infoempleo.com\/hrtrends\/#\/schema\/person\/image\/\",\"url\":\"https:\/\/secure.gravatar.com\/avatar\/243f7dd7e1db0ad0e9791be05df7d72ba5c8bf338408591753bae2fe87dae18d?s=96&d=mm&r=g\",\"contentUrl\":\"https:\/\/secure.gravatar.com\/avatar\/243f7dd7e1db0ad0e9791be05df7d72ba5c8bf338408591753bae2fe87dae18d?s=96&d=mm&r=g\",\"caption\":\"Adriana M.\"},\"description\":\"Periodista y experta en Comunicaci\u00f3n Audiovisual y Narrativa. Me encanta escribir y narrar lo que pasa a mi alrededor es mi pasi\u00f3n.\",\"url\":\"https:\/\/empresas.infoempleo.com\/hrtrends\/author\/adriana-kanvas\/\"}]}<\/script>\n<!-- \/ Yoast SEO plugin. -->","yoast_head_json":{"title":"Qu\u00e9 es la biometr\u00eda y c\u00f3mo puede beneficiar a las \u00e1reas de RRHH","description":"Descubre qu\u00e9 es la biometr\u00eda y c\u00f3mo se puede aplicar en el \u00e1rea de Recursos Humanos de tu empresa para ayudarte en la gesti\u00f3n de personal.","robots":{"index":"index","follow":"follow","max-snippet":"max-snippet:-1","max-image-preview":"max-image-preview:large","max-video-preview":"max-video-preview:-1"},"canonical":"https:\/\/empresas.infoempleo.com\/hrtrends\/que-es-biometria-rrhh\/","og_locale":"es_ES","og_type":"article","og_title":"Qu\u00e9 es la biometr\u00eda y c\u00f3mo puede beneficiar a las \u00e1reas de RRHH","og_description":"Descubre qu\u00e9 es la biometr\u00eda y c\u00f3mo se puede aplicar en el \u00e1rea de Recursos Humanos de tu empresa para ayudarte en la gesti\u00f3n de personal.","og_url":"https:\/\/empresas.infoempleo.com\/hrtrends\/que-es-biometria-rrhh\/","og_site_name":"HRTRENDS","article_publisher":"https:\/\/www.facebook.com\/Infoempleo","article_published_time":"2019-06-19T07:00:39+00:00","article_modified_time":"2019-06-27T10:38:55+00:00","og_image":[{"width":814,"height":429,"url":"https:\/\/empresas.infoempleo.com\/hrtrends\/media\/2019\/06\/HRTRENDS-BIOMETRIA2.jpg","type":"image\/jpeg"}],"author":"Adriana M.","twitter_card":"summary_large_image","twitter_creator":"@infoempleo","twitter_site":"@infoempleo","twitter_misc":{"Escrito por":"Adriana M.","Tiempo de lectura":"3 minutos"},"schema":{"@context":"https:\/\/schema.org","@graph":[{"@type":"NewsArticle","@id":"https:\/\/empresas.infoempleo.com\/hrtrends\/que-es-biometria-rrhh\/#article","isPartOf":{"@id":"https:\/\/empresas.infoempleo.com\/hrtrends\/que-es-biometria-rrhh\/"},"author":{"name":"Adriana M.","@id":"https:\/\/empresas.infoempleo.com\/hrtrends\/#\/schema\/person\/b1dd51edbb566a47cd8f7513fa73d223"},"headline":"Qu\u00e9 es la biometr\u00eda y c\u00f3mo puede aplicarse a RRHH","datePublished":"2019-06-19T07:00:39+00:00","dateModified":"2019-06-27T10:38:55+00:00","mainEntityOfPage":{"@id":"https:\/\/empresas.infoempleo.com\/hrtrends\/que-es-biometria-rrhh\/"},"wordCount":605,"publisher":{"@id":"https:\/\/empresas.infoempleo.com\/hrtrends\/#organization"},"image":{"@id":"https:\/\/empresas.infoempleo.com\/hrtrends\/que-es-biometria-rrhh\/#primaryimage"},"thumbnailUrl":"https:\/\/empresas.infoempleo.com\/hrtrends\/media\/2019\/06\/HRTRENDS-BIOMETRIA2.jpg","keywords":["entrevista de trabajo","trabajadores"],"articleSection":["Actualidad"],"inLanguage":"es","copyrightYear":"2019","copyrightHolder":{"@id":"https:\/\/empresas.infoempleo.com\/hrtrends\/#organization"}},{"@type":"WebPage","@id":"https:\/\/empresas.infoempleo.com\/hrtrends\/que-es-biometria-rrhh\/","url":"https:\/\/empresas.infoempleo.com\/hrtrends\/que-es-biometria-rrhh\/","name":"Qu\u00e9 es la biometr\u00eda y c\u00f3mo puede beneficiar a las \u00e1reas de RRHH","isPartOf":{"@id":"https:\/\/empresas.infoempleo.com\/hrtrends\/#website"},"primaryImageOfPage":{"@id":"https:\/\/empresas.infoempleo.com\/hrtrends\/que-es-biometria-rrhh\/#primaryimage"},"image":{"@id":"https:\/\/empresas.infoempleo.com\/hrtrends\/que-es-biometria-rrhh\/#primaryimage"},"thumbnailUrl":"https:\/\/empresas.infoempleo.com\/hrtrends\/media\/2019\/06\/HRTRENDS-BIOMETRIA2.jpg","datePublished":"2019-06-19T07:00:39+00:00","dateModified":"2019-06-27T10:38:55+00:00","description":"Descubre qu\u00e9 es la biometr\u00eda y c\u00f3mo se puede aplicar en el \u00e1rea de Recursos Humanos de tu empresa para ayudarte en la gesti\u00f3n de personal.","breadcrumb":{"@id":"https:\/\/empresas.infoempleo.com\/hrtrends\/que-es-biometria-rrhh\/#breadcrumb"},"inLanguage":"es","potentialAction":[{"@type":"ReadAction","target":["https:\/\/empresas.infoempleo.com\/hrtrends\/que-es-biometria-rrhh\/"]}]},{"@type":"ImageObject","inLanguage":"es","@id":"https:\/\/empresas.infoempleo.com\/hrtrends\/que-es-biometria-rrhh\/#primaryimage","url":"https:\/\/empresas.infoempleo.com\/hrtrends\/media\/2019\/06\/HRTRENDS-BIOMETRIA2-150x150.jpg","contentUrl":"https:\/\/empresas.infoempleo.com\/hrtrends\/media\/2019\/06\/HRTRENDS-BIOMETRIA2-150x150.jpg","width":150,"height":150},{"@type":"BreadcrumbList","@id":"https:\/\/empresas.infoempleo.com\/hrtrends\/que-es-biometria-rrhh\/#breadcrumb","itemListElement":[{"@type":"ListItem","position":1,"name":"Portada","item":"https:\/\/empresas.infoempleo.com\/hrtrends\/"},{"@type":"ListItem","position":2,"name":"Qu\u00e9 es la biometr\u00eda y c\u00f3mo puede aplicarse a RRHH"}]},{"@type":"WebSite","@id":"https:\/\/empresas.infoempleo.com\/hrtrends\/#website","url":"https:\/\/empresas.infoempleo.com\/hrtrends","name":"HRTrends by Infoempleo","description":"","publisher":{"@id":"https:\/\/empresas.infoempleo.com\/hrtrends\/#organization"},"potentialAction":{"@type":"SearchAction","target":"https:\/\/empresas.infoempleo.com\/hrtrends\/?s={search_term_string}","query-input":"required name=search_term_string"},"inLanguage":"es"},{"@type":"Organization","@id":"https:\/\/empresas.infoempleo.com\/hrtrends\/#organization","name":"Infoempleo","url":"https:\/\/www.infoempleo.com\/","logo":{"@type":"ImageObject","@id":"https:\/\/empresas.infoempleo.com\/hrtrends\/#logo","inLanguage":"es","url":"https:\/\/cdnazure.infoempleo.com\/infoempleo\/assets\/style\/gfx\/logo.svg","contentUrl":"https:\/\/cdnazure.infoempleo.com\/infoempleo\/assets\/style\/gfx\/logo.svg","width":150,"height":40,"caption":"Infoempleo"},"image":{"@id":"https:\/\/empresas.infoempleo.com\/hrtrends\/#logo"},"sameAs":["https:\/\/www.facebook.com\/Infoempleo","https:\/\/x.com\/infoempleo","http:\/\/instagram.com\/infoempleo\/","http:\/\/www.linkedin.com\/groups\/Empleo-Espa\u00f1a-Infoempleocom-111276","http:\/\/pinterest.com\/infoempleo\/"],"address":{"@type":"PostalAddress","addressLocality":"Madrid","postalCode":"28050","streetAddress":"Avenida de Burgos 114"},"brand":["Infoempleo"]},{"@type":"Person","@id":"https:\/\/empresas.infoempleo.com\/hrtrends\/#\/schema\/person\/b1dd51edbb566a47cd8f7513fa73d223","name":"Adriana M.","image":{"@type":"ImageObject","inLanguage":"es","@id":"https:\/\/empresas.infoempleo.com\/hrtrends\/#\/schema\/person\/image\/","url":"https:\/\/secure.gravatar.com\/avatar\/243f7dd7e1db0ad0e9791be05df7d72ba5c8bf338408591753bae2fe87dae18d?s=96&d=mm&r=g","contentUrl":"https:\/\/secure.gravatar.com\/avatar\/243f7dd7e1db0ad0e9791be05df7d72ba5c8bf338408591753bae2fe87dae18d?s=96&d=mm&r=g","caption":"Adriana M."},"description":"Periodista y experta en Comunicaci\u00f3n Audiovisual y Narrativa. Me encanta escribir y narrar lo que pasa a mi alrededor es mi pasi\u00f3n.","url":"https:\/\/empresas.infoempleo.com\/hrtrends\/author\/adriana-kanvas\/"}]}},"amp_enabled":true,"_links":{"self":[{"href":"https:\/\/empresas.infoempleo.com\/hrtrends\/wp-json\/wp\/v2\/posts\/35449","targetHints":{"allow":["GET"]}}],"collection":[{"href":"https:\/\/empresas.infoempleo.com\/hrtrends\/wp-json\/wp\/v2\/posts"}],"about":[{"href":"https:\/\/empresas.infoempleo.com\/hrtrends\/wp-json\/wp\/v2\/types\/post"}],"author":[{"embeddable":true,"href":"https:\/\/empresas.infoempleo.com\/hrtrends\/wp-json\/wp\/v2\/users\/122"}],"replies":[{"embeddable":true,"href":"https:\/\/empresas.infoempleo.com\/hrtrends\/wp-json\/wp\/v2\/comments?post=35449"}],"version-history":[{"count":0,"href":"https:\/\/empresas.infoempleo.com\/hrtrends\/wp-json\/wp\/v2\/posts\/35449\/revisions"}],"wp:featuredmedia":[{"embeddable":true,"href":"https:\/\/empresas.infoempleo.com\/hrtrends\/wp-json\/wp\/v2\/media\/35451"}],"wp:attachment":[{"href":"https:\/\/empresas.infoempleo.com\/hrtrends\/wp-json\/wp\/v2\/media?parent=35449"}],"wp:term":[{"taxonomy":"category","embeddable":true,"href":"https:\/\/empresas.infoempleo.com\/hrtrends\/wp-json\/wp\/v2\/categories?post=35449"},{"taxonomy":"post_tag","embeddable":true,"href":"https:\/\/empresas.infoempleo.com\/hrtrends\/wp-json\/wp\/v2\/tags?post=35449"}],"curies":[{"name":"wp","href":"https:\/\/api.w.org\/{rel}","templated":true}]}}