{"id":35326,"date":"2019-06-17T09:00:44","date_gmt":"2019-06-17T07:00:44","guid":{"rendered":"https:\/\/empresas.infoempleo.com\/hrtrends\/?p=35326"},"modified":"2024-08-29T17:50:22","modified_gmt":"2024-08-29T15:50:22","slug":"perfil-profesional-turismo-hosteleria","status":"publish","type":"post","link":"https:\/\/empresas.infoempleo.com\/hrtrends\/perfil-profesional-turismo-hosteleria\/","title":{"rendered":"\u00bfC\u00f3mo captar el mejor perfil profesional de turismo y hosteler\u00eda?"},"content":{"rendered":"<p><span style=\"font-weight: 400\">En un \u00e1mbito tan exigente y competitivo como es el del <\/span><b>turismo y la hosteler\u00eda<\/b><span style=\"font-weight: 400\"> donde es necesario <\/span><b>satisfacer al cliente<\/b><span style=\"font-weight: 400\"> con una <\/span><b>oferta original<\/b><span style=\"font-weight: 400\"> y un <\/span><b>trato excelente<\/b><span style=\"font-weight: 400\">, seleccionar a los <\/span><b>mejores profesionales<\/b><span style=\"font-weight: 400\"> es una pieza clave de <\/span><b>cualquier negocio hostelero<\/b><span style=\"font-weight: 400\">.<\/span><\/p>\n<p><span style=\"font-weight: 400\">Te contamos las claves para <\/span><b>encontrar al mejor talento<\/b><span style=\"font-weight: 400\"> y acertar con el <\/span><b>perfil profesional<\/b><span style=\"font-weight: 400\"> que necesitas.<\/span><\/p>\n<h2><b>T\u00e9cnicas para captar talento en turismo y hosteler\u00eda<\/b><\/h2>\n<p><span style=\"font-weight: 400\">Una <\/span><b>caracter\u00edstica principal<\/b><span style=\"font-weight: 400\"> de los <\/span><b>sectores del turismo y la hosteler\u00eda<\/b><span style=\"font-weight: 400\"> es que <\/span><b>son muy din\u00e1micos<\/b><span style=\"font-weight: 400\">. Una <\/span><b>\u00f3ptima gesti\u00f3n de los Recursos Humanos<\/b><span style=\"font-weight: 400\"> es vital si queremos <\/span><b>atraer talento<\/b><span style=\"font-weight: 400\"> y <\/span><b>retenerlo<\/b><span style=\"font-weight: 400\">.<\/span><\/p>\n<p><img loading=\"lazy\" decoding=\"async\" class=\"size-full wp-image-35328 aligncenter\" src=\"https:\/\/empresas.infoempleo.com\/hrtrends\/media\/2019\/05\/HRTRENDS_Perfil_hosteleria_turismo.jpg\" alt=\" Mejores perfiles profesionales en turismo y hosteler\u00eda\" width=\"1140\" height=\"761\" srcset=\"https:\/\/empresas.infoempleo.com\/hrtrends\/media\/2019\/05\/HRTRENDS_Perfil_hosteleria_turismo.jpg 1140w, https:\/\/empresas.infoempleo.com\/hrtrends\/media\/2019\/05\/HRTRENDS_Perfil_hosteleria_turismo-300x200.jpg 300w, https:\/\/empresas.infoempleo.com\/hrtrends\/media\/2019\/05\/HRTRENDS_Perfil_hosteleria_turismo-1024x684.jpg 1024w, https:\/\/empresas.infoempleo.com\/hrtrends\/media\/2019\/05\/HRTRENDS_Perfil_hosteleria_turismo-768x513.jpg 768w\" sizes=\"auto, (max-width: 1140px) 100vw, 1140px\" \/><\/p>\n<p><span style=\"font-weight: 400\">Todas las empresas quieren <\/span><a href=\"https:\/\/empresas.infoempleo.com\/hrtrends\/reclutar-hosteleria-y-turismo\"><b>reclutar a los mejores profesionales<\/b><\/a><span style=\"font-weight: 400\">. Pero \u00bfc\u00f3mo conseguirlo en hosteler\u00eda y turismo? Te mostramos <\/span><b>dos herramientas b\u00e1sicas<\/b><span style=\"font-weight: 400\"> para realizarlo: <\/span><\/p>\n<ul>\n<li style=\"font-weight: 400\"><b>Employer branding: ser la empresa donde los mejores quieren trabajar<\/b><\/li>\n<\/ul>\n<p><span style=\"font-weight: 400\">Esta t\u00e9cnica pone las <\/span><b>estrategias de marketing al servicio del reclutamiento<\/b><span style=\"font-weight: 400\">. Se trata de transmitir una <\/span><b>imagen de empresa<\/b><span style=\"font-weight: 400\"> que sea percibida por los trabajadores y por los candidatos como <\/span><b>positiva<\/b><span style=\"font-weight: 400\">. De este modo, se consigue que los <\/span><b>puestos de trabajo sean m\u00e1s atractivos<\/b><span style=\"font-weight: 400\"> y que los profesionales sientan el <\/span><b>deseo de trabajar en la compa\u00f1\u00eda.<\/b><\/p>\n<ul>\n<li style=\"font-weight: 400\"><a href=\"https:\/\/empresas.infoempleo.com\/hrtrends\/mejores-herramientas-reclutamiento-2-0\"><b>Reclutamiento 2.0<\/b><\/a><\/li>\n<\/ul>\n<p><span style=\"font-weight: 400\">La <\/span><b>selecci\u00f3n de personal con los m\u00e9todos tradicionales<\/b><span style=\"font-weight: 400\"> requiere de mucho tiempo y es <\/span><b>costosa<\/b><span style=\"font-weight: 400\">. Las <\/span><b>nuevas tecnolog\u00edas<\/b><span style=\"font-weight: 400\"> brindan <\/span><b>infinidad de herramientas<\/b><span style=\"font-weight: 400\"> para <\/span><b>agilizar los procesos<\/b><span style=\"font-weight: 400\"> y encontrar a los perfiles id\u00f3neos mediante <\/span><b>sistemas de filtrado<\/b><span style=\"font-weight: 400\">. En este sentido, las <\/span><b>t\u00e9cnicas de social recruitment<\/b><span style=\"font-weight: 400\"> y <\/span><a href=\"https:\/\/empresas.infoempleo.com\/hrtrends\/ats-reclutamiento\"><b>herramientas como las ATS<\/b><\/a> <span style=\"font-weight: 400\">(Applicant Tracking Systems), te van a permitir <\/span><b>encontrar al mejor talento<\/b><span style=\"font-weight: 400\"> y ofrecer a los candidatos una <\/span><b>experiencia \u00f3ptima en el proceso de selecci\u00f3n.<\/b><\/p>\n<h2><b>Los perfiles profesionales en auge en turismo y hosteler\u00eda<\/b><\/h2>\n<p><span style=\"font-weight: 400\">Tradicionalmente, los perfiles profesionales m\u00e1s demandados en el sector del turismo y la hosteler\u00eda son: <\/span><\/p>\n<ul>\n<li style=\"font-weight: 400\"><b>Puestos de recepci\u00f3n y atenci\u00f3n al cliente<\/b><span style=\"font-weight: 400\">, tanto en transporte de pasajeros como en establecimientos hoteleros y hosteleros.<\/span><\/li>\n<li style=\"font-weight: 400\"><b>Perfiles del \u00e1rea de la gastronom\u00eda<\/b><span style=\"font-weight: 400\">: cocineros, sumilleres, ma\u00eetres y camareros.<\/span><\/li>\n<li style=\"font-weight: 400\"><b>Agentes de ventas<\/b><span style=\"font-weight: 400\">, comerciales y asesores de servicios.<\/span><\/li>\n<li style=\"font-weight: 400\"><b>Informadores tur\u00edsticos y gu\u00edas<\/b><span style=\"font-weight: 400\">.<\/span><\/li>\n<\/ul>\n<p><span style=\"font-weight: 400\">Sin embargo, el <\/span><b>ecosistema del sector<\/b><span style=\"font-weight: 400\"> se ha <\/span><b>digitalizado<\/b><span style=\"font-weight: 400\"> y <\/span><b>profesionalizado a un alto nivel<\/b><span style=\"font-weight: 400\">, lo que requiere cada vez de <\/span><b>m\u00e1s perfiles especializados<\/b><span style=\"font-weight: 400\">. Como son: <\/span><\/p>\n<ul>\n<li style=\"font-weight: 400\"><b>Profesionales del an\u00e1lisis de datos, marketing digital y venta online:<\/b><span style=\"font-weight: 400\"> En la actualidad, los <\/span><b>usuarios<\/b><span style=\"font-weight: 400\"> toman la mayor\u00eda de decisiones sobre sus <\/span><b>vacaciones o tiempo de ocio en Internet<\/b><span style=\"font-weight: 400\">. Los <\/span><b>expertos en marketing online<\/b><span style=\"font-weight: 400\">, los <\/span><b>responsables de los canales de venta<\/b><span style=\"font-weight: 400\"> y <\/span><b>reservas en Internet<\/b><span style=\"font-weight: 400\"> y los <\/span><b>especialistas en tr\u00e1fico<\/b><span style=\"font-weight: 400\"> web son ahora <\/span><b>imprescindibles<\/b><span style=\"font-weight: 400\"> para <\/span><b>captar clientes<\/b><span style=\"font-weight: 400\">. Otros perfiles han nacido de la necesidad de <\/span><b>analizar los datos <\/b><span style=\"font-weight: 400\">para <\/span><b>tomar las mejores decisiones<\/b><span style=\"font-weight: 400\"> para el negocio: <\/span><b>expertos en anal\u00edtica web<\/b><span style=\"font-weight: 400\">, <\/span><b>analistas de negocio<\/b><span style=\"font-weight: 400\"> y <\/span><b>analistas de big data<\/b><span style=\"font-weight: 400\"> y <\/span><b>small data<\/b><span style=\"font-weight: 400\">.<\/span><\/li>\n<li style=\"font-weight: 400\"><b>Profesionales del \u00e1mbito de la sostenibilidad:<\/b><span style=\"font-weight: 400\"> La preocupaci\u00f3n por el medio ambiente es creciente en todos los \u00e1mbitos. En el caso del <\/span><b>turismo y la hosteler\u00eda<\/b><span style=\"font-weight: 400\">, debido al importante impacto que pueden tener estas industrias en el entorno, es <\/span><b>importante actuar de manera responsable y eficiente. <\/b><span style=\"font-weight: 400\">Cada vez son <\/span><b>m\u00e1s demandados<\/b><span style=\"font-weight: 400\"> los <\/span><b>profesionales con formaci\u00f3n en eficiencia energ\u00e9tica o ecolog\u00eda<\/b><span style=\"font-weight: 400\">, como <\/span><b>gestores energ\u00e9ticos <\/b><span style=\"font-weight: 400\">o <\/span><b>responsables de los recursos hidr\u00e1ulicos<\/b><span style=\"font-weight: 400\">.<\/span><\/li>\n<\/ul>\n<p><span style=\"font-weight: 400\">Los <\/span><b>sectores tur\u00edstico y hostelero<\/b><span style=\"font-weight: 400\"> se encuentran frente a interesantes retos. Captar a los <\/span><b>mejores profesionales <\/b><span style=\"font-weight: 400\">que contribuyan al desarrollo del negocio es la l<\/span><b>lave para afrontarlos con \u00e9xito<\/b><span style=\"font-weight: 400\">.<\/span><a href=\"https:\/\/empresas.infoempleo.com\/publicar-ofertas-empleo\/?utm_source=post&amp;utm_campaign=hrtrends&amp;utm_medium=blogempresas&amp;utm_content=empresas_publicar\"><span style=\"font-weight: 400\"> \u00a1Encuentra al talento que necesitas, con los servicios de Infoempleo!<\/span><\/a><\/p>\n","protected":false},"excerpt":{"rendered":"<p>En un \u00e1mbito tan exigente y competitivo como es el del turismo y la hosteler\u00eda donde es necesario<a class=\"moretag\" href=\"https:\/\/empresas.infoempleo.com\/hrtrends\/perfil-profesional-turismo-hosteleria\/\"> Leer m\u00e1s<\/a><\/p>\n","protected":false},"author":122,"featured_media":35327,"comment_status":"closed","ping_status":"closed","sticky":false,"template":"","format":"standard","meta":{"footnotes":""},"categories":[3030],"tags":[481,3183],"class_list":["post-35326","post","type-post","status-publish","format-standard","has-post-thumbnail","hentry","category-reclutamiento","tag-hosteleria-y-turismo","tag-perfil-profesional"],"yoast_head":"<!-- This site is optimized with the Yoast SEO plugin v26.1.1 - https:\/\/yoast.com\/wordpress\/plugins\/seo\/ -->\n<title>\u00bfC\u00f3mo captar al perfil profesional de turismo y hosteler\u00eda?<\/title>\n<meta name=\"description\" content=\"\u00bfC\u00f3mo es el nuevo perfil profesional de turismo y hosteler\u00eda? \u00bfQu\u00e9 puedes hacer para captar a los mejores profesionales? Te lo explicamos.\" \/>\n<meta name=\"robots\" content=\"index, follow, max-snippet:-1, max-image-preview:large, max-video-preview:-1\" \/>\n<link rel=\"canonical\" href=\"https:\/\/empresas.infoempleo.com\/hrtrends\/perfil-profesional-turismo-hosteleria\/\" \/>\n<meta property=\"og:locale\" content=\"es_ES\" \/>\n<meta property=\"og:type\" content=\"article\" \/>\n<meta property=\"og:title\" content=\"\u00bfC\u00f3mo captar al perfil profesional de turismo y hosteler\u00eda?\" \/>\n<meta property=\"og:description\" content=\"\u00bfC\u00f3mo es el nuevo perfil profesional de turismo y hosteler\u00eda? \u00bfQu\u00e9 puedes hacer para captar a los mejores profesionales? Te lo explicamos.\" \/>\n<meta property=\"og:url\" content=\"https:\/\/empresas.infoempleo.com\/hrtrends\/perfil-profesional-turismo-hosteleria\/\" \/>\n<meta property=\"og:site_name\" content=\"HRTRENDS\" \/>\n<meta property=\"article:publisher\" content=\"https:\/\/www.facebook.com\/Infoempleo\" \/>\n<meta property=\"article:published_time\" content=\"2019-06-17T07:00:44+00:00\" \/>\n<meta property=\"article:modified_time\" content=\"2024-08-29T15:50:22+00:00\" \/>\n<meta property=\"og:image\" content=\"https:\/\/empresas.infoempleo.com\/hrtrends\/media\/2019\/05\/HRTRENDS_Perfil_hosteleria_turismo_grande-def.jpg\" \/>\n\t<meta property=\"og:image:width\" content=\"1140\" \/>\n\t<meta property=\"og:image:height\" content=\"760\" \/>\n\t<meta property=\"og:image:type\" content=\"image\/jpeg\" \/>\n<meta name=\"author\" content=\"Adriana M.\" \/>\n<meta name=\"twitter:card\" content=\"summary_large_image\" \/>\n<meta name=\"twitter:creator\" content=\"@infoempleo\" \/>\n<meta name=\"twitter:site\" content=\"@infoempleo\" \/>\n<meta name=\"twitter:label1\" content=\"Escrito por\" \/>\n\t<meta name=\"twitter:data1\" content=\"Adriana M.\" \/>\n\t<meta name=\"twitter:label2\" content=\"Tiempo de lectura\" \/>\n\t<meta name=\"twitter:data2\" content=\"3 minutos\" \/>\n<script type=\"application\/ld+json\" class=\"yoast-schema-graph\">{\"@context\":\"https:\/\/schema.org\",\"@graph\":[{\"@type\":\"NewsArticle\",\"@id\":\"https:\/\/empresas.infoempleo.com\/hrtrends\/perfil-profesional-turismo-hosteleria\/#article\",\"isPartOf\":{\"@id\":\"https:\/\/empresas.infoempleo.com\/hrtrends\/perfil-profesional-turismo-hosteleria\/\"},\"author\":{\"name\":\"Adriana M.\",\"@id\":\"https:\/\/empresas.infoempleo.com\/hrtrends\/#\/schema\/person\/b1dd51edbb566a47cd8f7513fa73d223\"},\"headline\":\"\u00bfC\u00f3mo captar el mejor perfil profesional de turismo y hosteler\u00eda?\",\"datePublished\":\"2019-06-17T07:00:44+00:00\",\"dateModified\":\"2024-08-29T15:50:22+00:00\",\"mainEntityOfPage\":{\"@id\":\"https:\/\/empresas.infoempleo.com\/hrtrends\/perfil-profesional-turismo-hosteleria\/\"},\"wordCount\":606,\"publisher\":{\"@id\":\"https:\/\/empresas.infoempleo.com\/hrtrends\/#organization\"},\"image\":{\"@id\":\"https:\/\/empresas.infoempleo.com\/hrtrends\/perfil-profesional-turismo-hosteleria\/#primaryimage\"},\"thumbnailUrl\":\"https:\/\/empresas.infoempleo.com\/hrtrends\/media\/2019\/05\/HRTRENDS_Perfil_hosteleria_turismo_grande-def.jpg\",\"keywords\":[\"Hosteler\u00eda y Turismo\",\"perfil profesional\"],\"articleSection\":[\"Reclutamiento\"],\"inLanguage\":\"es\",\"copyrightYear\":\"2019\",\"copyrightHolder\":{\"@id\":\"https:\/\/empresas.infoempleo.com\/hrtrends\/#organization\"}},{\"@type\":\"WebPage\",\"@id\":\"https:\/\/empresas.infoempleo.com\/hrtrends\/perfil-profesional-turismo-hosteleria\/\",\"url\":\"https:\/\/empresas.infoempleo.com\/hrtrends\/perfil-profesional-turismo-hosteleria\/\",\"name\":\"\u00bfC\u00f3mo captar al perfil profesional de turismo y hosteler\u00eda?\",\"isPartOf\":{\"@id\":\"https:\/\/empresas.infoempleo.com\/hrtrends\/#website\"},\"primaryImageOfPage\":{\"@id\":\"https:\/\/empresas.infoempleo.com\/hrtrends\/perfil-profesional-turismo-hosteleria\/#primaryimage\"},\"image\":{\"@id\":\"https:\/\/empresas.infoempleo.com\/hrtrends\/perfil-profesional-turismo-hosteleria\/#primaryimage\"},\"thumbnailUrl\":\"https:\/\/empresas.infoempleo.com\/hrtrends\/media\/2019\/05\/HRTRENDS_Perfil_hosteleria_turismo_grande-def.jpg\",\"datePublished\":\"2019-06-17T07:00:44+00:00\",\"dateModified\":\"2024-08-29T15:50:22+00:00\",\"description\":\"\u00bfC\u00f3mo es el nuevo perfil profesional de turismo y hosteler\u00eda? \u00bfQu\u00e9 puedes hacer para captar a los mejores profesionales? Te lo explicamos.\",\"breadcrumb\":{\"@id\":\"https:\/\/empresas.infoempleo.com\/hrtrends\/perfil-profesional-turismo-hosteleria\/#breadcrumb\"},\"inLanguage\":\"es\",\"potentialAction\":[{\"@type\":\"ReadAction\",\"target\":[\"https:\/\/empresas.infoempleo.com\/hrtrends\/perfil-profesional-turismo-hosteleria\/\"]}]},{\"@type\":\"ImageObject\",\"inLanguage\":\"es\",\"@id\":\"https:\/\/empresas.infoempleo.com\/hrtrends\/perfil-profesional-turismo-hosteleria\/#primaryimage\",\"url\":\"https:\/\/empresas.infoempleo.com\/hrtrends\/media\/2019\/05\/HRTRENDS_Perfil_hosteleria_turismo_grande-def-150x150.jpg\",\"contentUrl\":\"https:\/\/empresas.infoempleo.com\/hrtrends\/media\/2019\/05\/HRTRENDS_Perfil_hosteleria_turismo_grande-def-150x150.jpg\",\"width\":150,\"height\":150,\"caption\":\"Descubre c\u00f3mo encontrar los mejores perfiles profesionales en turismo y hosteler\u00eda\"},{\"@type\":\"BreadcrumbList\",\"@id\":\"https:\/\/empresas.infoempleo.com\/hrtrends\/perfil-profesional-turismo-hosteleria\/#breadcrumb\",\"itemListElement\":[{\"@type\":\"ListItem\",\"position\":1,\"name\":\"Portada\",\"item\":\"https:\/\/empresas.infoempleo.com\/hrtrends\/\"},{\"@type\":\"ListItem\",\"position\":2,\"name\":\"\u00bfC\u00f3mo captar el mejor perfil profesional de turismo y hosteler\u00eda?\"}]},{\"@type\":\"WebSite\",\"@id\":\"https:\/\/empresas.infoempleo.com\/hrtrends\/#website\",\"url\":\"https:\/\/empresas.infoempleo.com\/hrtrends\",\"name\":\"HRTrends by Infoempleo\",\"description\":\"\",\"publisher\":{\"@id\":\"https:\/\/empresas.infoempleo.com\/hrtrends\/#organization\"},\"potentialAction\":{\"@type\":\"SearchAction\",\"target\":\"https:\/\/empresas.infoempleo.com\/hrtrends\/?s={search_term_string}\",\"query-input\":\"required name=search_term_string\"},\"inLanguage\":\"es\"},{\"@type\":\"Organization\",\"@id\":\"https:\/\/empresas.infoempleo.com\/hrtrends\/#organization\",\"name\":\"Infoempleo\",\"url\":\"https:\/\/www.infoempleo.com\/\",\"logo\":{\"@type\":\"ImageObject\",\"@id\":\"https:\/\/empresas.infoempleo.com\/hrtrends\/#logo\",\"inLanguage\":\"es\",\"url\":\"https:\/\/cdnazure.infoempleo.com\/infoempleo\/assets\/style\/gfx\/logo.svg\",\"contentUrl\":\"https:\/\/cdnazure.infoempleo.com\/infoempleo\/assets\/style\/gfx\/logo.svg\",\"width\":150,\"height\":40,\"caption\":\"Infoempleo\"},\"image\":{\"@id\":\"https:\/\/empresas.infoempleo.com\/hrtrends\/#logo\"},\"sameAs\":[\"https:\/\/www.facebook.com\/Infoempleo\",\"https:\/\/x.com\/infoempleo\",\"http:\/\/instagram.com\/infoempleo\/\",\"http:\/\/www.linkedin.com\/groups\/Empleo-Espa\u00f1a-Infoempleocom-111276\",\"http:\/\/pinterest.com\/infoempleo\/\"],\"address\":{\"@type\":\"PostalAddress\",\"addressLocality\":\"Madrid\",\"postalCode\":\"28050\",\"streetAddress\":\"Avenida de Burgos 114\"},\"brand\":[\"Infoempleo\"]},{\"@type\":\"Person\",\"@id\":\"https:\/\/empresas.infoempleo.com\/hrtrends\/#\/schema\/person\/b1dd51edbb566a47cd8f7513fa73d223\",\"name\":\"Adriana M.\",\"image\":{\"@type\":\"ImageObject\",\"inLanguage\":\"es\",\"@id\":\"https:\/\/empresas.infoempleo.com\/hrtrends\/#\/schema\/person\/image\/\",\"url\":\"https:\/\/secure.gravatar.com\/avatar\/243f7dd7e1db0ad0e9791be05df7d72ba5c8bf338408591753bae2fe87dae18d?s=96&d=mm&r=g\",\"contentUrl\":\"https:\/\/secure.gravatar.com\/avatar\/243f7dd7e1db0ad0e9791be05df7d72ba5c8bf338408591753bae2fe87dae18d?s=96&d=mm&r=g\",\"caption\":\"Adriana M.\"},\"description\":\"Periodista y experta en Comunicaci\u00f3n Audiovisual y Narrativa. Me encanta escribir y narrar lo que pasa a mi alrededor es mi pasi\u00f3n.\",\"url\":\"https:\/\/empresas.infoempleo.com\/hrtrends\/author\/adriana-kanvas\/\"}]}<\/script>\n<!-- \/ Yoast SEO plugin. -->","yoast_head_json":{"title":"\u00bfC\u00f3mo captar al perfil profesional de turismo y hosteler\u00eda?","description":"\u00bfC\u00f3mo es el nuevo perfil profesional de turismo y hosteler\u00eda? \u00bfQu\u00e9 puedes hacer para captar a los mejores profesionales? Te lo explicamos.","robots":{"index":"index","follow":"follow","max-snippet":"max-snippet:-1","max-image-preview":"max-image-preview:large","max-video-preview":"max-video-preview:-1"},"canonical":"https:\/\/empresas.infoempleo.com\/hrtrends\/perfil-profesional-turismo-hosteleria\/","og_locale":"es_ES","og_type":"article","og_title":"\u00bfC\u00f3mo captar al perfil profesional de turismo y hosteler\u00eda?","og_description":"\u00bfC\u00f3mo es el nuevo perfil profesional de turismo y hosteler\u00eda? \u00bfQu\u00e9 puedes hacer para captar a los mejores profesionales? Te lo explicamos.","og_url":"https:\/\/empresas.infoempleo.com\/hrtrends\/perfil-profesional-turismo-hosteleria\/","og_site_name":"HRTRENDS","article_publisher":"https:\/\/www.facebook.com\/Infoempleo","article_published_time":"2019-06-17T07:00:44+00:00","article_modified_time":"2024-08-29T15:50:22+00:00","og_image":[{"width":1140,"height":760,"url":"https:\/\/empresas.infoempleo.com\/hrtrends\/media\/2019\/05\/HRTRENDS_Perfil_hosteleria_turismo_grande-def.jpg","type":"image\/jpeg"}],"author":"Adriana M.","twitter_card":"summary_large_image","twitter_creator":"@infoempleo","twitter_site":"@infoempleo","twitter_misc":{"Escrito por":"Adriana M.","Tiempo de lectura":"3 minutos"},"schema":{"@context":"https:\/\/schema.org","@graph":[{"@type":"NewsArticle","@id":"https:\/\/empresas.infoempleo.com\/hrtrends\/perfil-profesional-turismo-hosteleria\/#article","isPartOf":{"@id":"https:\/\/empresas.infoempleo.com\/hrtrends\/perfil-profesional-turismo-hosteleria\/"},"author":{"name":"Adriana M.","@id":"https:\/\/empresas.infoempleo.com\/hrtrends\/#\/schema\/person\/b1dd51edbb566a47cd8f7513fa73d223"},"headline":"\u00bfC\u00f3mo captar el mejor perfil profesional de turismo y hosteler\u00eda?","datePublished":"2019-06-17T07:00:44+00:00","dateModified":"2024-08-29T15:50:22+00:00","mainEntityOfPage":{"@id":"https:\/\/empresas.infoempleo.com\/hrtrends\/perfil-profesional-turismo-hosteleria\/"},"wordCount":606,"publisher":{"@id":"https:\/\/empresas.infoempleo.com\/hrtrends\/#organization"},"image":{"@id":"https:\/\/empresas.infoempleo.com\/hrtrends\/perfil-profesional-turismo-hosteleria\/#primaryimage"},"thumbnailUrl":"https:\/\/empresas.infoempleo.com\/hrtrends\/media\/2019\/05\/HRTRENDS_Perfil_hosteleria_turismo_grande-def.jpg","keywords":["Hosteler\u00eda y Turismo","perfil profesional"],"articleSection":["Reclutamiento"],"inLanguage":"es","copyrightYear":"2019","copyrightHolder":{"@id":"https:\/\/empresas.infoempleo.com\/hrtrends\/#organization"}},{"@type":"WebPage","@id":"https:\/\/empresas.infoempleo.com\/hrtrends\/perfil-profesional-turismo-hosteleria\/","url":"https:\/\/empresas.infoempleo.com\/hrtrends\/perfil-profesional-turismo-hosteleria\/","name":"\u00bfC\u00f3mo captar al perfil profesional de turismo y hosteler\u00eda?","isPartOf":{"@id":"https:\/\/empresas.infoempleo.com\/hrtrends\/#website"},"primaryImageOfPage":{"@id":"https:\/\/empresas.infoempleo.com\/hrtrends\/perfil-profesional-turismo-hosteleria\/#primaryimage"},"image":{"@id":"https:\/\/empresas.infoempleo.com\/hrtrends\/perfil-profesional-turismo-hosteleria\/#primaryimage"},"thumbnailUrl":"https:\/\/empresas.infoempleo.com\/hrtrends\/media\/2019\/05\/HRTRENDS_Perfil_hosteleria_turismo_grande-def.jpg","datePublished":"2019-06-17T07:00:44+00:00","dateModified":"2024-08-29T15:50:22+00:00","description":"\u00bfC\u00f3mo es el nuevo perfil profesional de turismo y hosteler\u00eda? \u00bfQu\u00e9 puedes hacer para captar a los mejores profesionales? Te lo explicamos.","breadcrumb":{"@id":"https:\/\/empresas.infoempleo.com\/hrtrends\/perfil-profesional-turismo-hosteleria\/#breadcrumb"},"inLanguage":"es","potentialAction":[{"@type":"ReadAction","target":["https:\/\/empresas.infoempleo.com\/hrtrends\/perfil-profesional-turismo-hosteleria\/"]}]},{"@type":"ImageObject","inLanguage":"es","@id":"https:\/\/empresas.infoempleo.com\/hrtrends\/perfil-profesional-turismo-hosteleria\/#primaryimage","url":"https:\/\/empresas.infoempleo.com\/hrtrends\/media\/2019\/05\/HRTRENDS_Perfil_hosteleria_turismo_grande-def-150x150.jpg","contentUrl":"https:\/\/empresas.infoempleo.com\/hrtrends\/media\/2019\/05\/HRTRENDS_Perfil_hosteleria_turismo_grande-def-150x150.jpg","width":150,"height":150,"caption":"Descubre c\u00f3mo encontrar los mejores perfiles profesionales en turismo y hosteler\u00eda"},{"@type":"BreadcrumbList","@id":"https:\/\/empresas.infoempleo.com\/hrtrends\/perfil-profesional-turismo-hosteleria\/#breadcrumb","itemListElement":[{"@type":"ListItem","position":1,"name":"Portada","item":"https:\/\/empresas.infoempleo.com\/hrtrends\/"},{"@type":"ListItem","position":2,"name":"\u00bfC\u00f3mo captar el mejor perfil profesional de turismo y hosteler\u00eda?"}]},{"@type":"WebSite","@id":"https:\/\/empresas.infoempleo.com\/hrtrends\/#website","url":"https:\/\/empresas.infoempleo.com\/hrtrends","name":"HRTrends by Infoempleo","description":"","publisher":{"@id":"https:\/\/empresas.infoempleo.com\/hrtrends\/#organization"},"potentialAction":{"@type":"SearchAction","target":"https:\/\/empresas.infoempleo.com\/hrtrends\/?s={search_term_string}","query-input":"required name=search_term_string"},"inLanguage":"es"},{"@type":"Organization","@id":"https:\/\/empresas.infoempleo.com\/hrtrends\/#organization","name":"Infoempleo","url":"https:\/\/www.infoempleo.com\/","logo":{"@type":"ImageObject","@id":"https:\/\/empresas.infoempleo.com\/hrtrends\/#logo","inLanguage":"es","url":"https:\/\/cdnazure.infoempleo.com\/infoempleo\/assets\/style\/gfx\/logo.svg","contentUrl":"https:\/\/cdnazure.infoempleo.com\/infoempleo\/assets\/style\/gfx\/logo.svg","width":150,"height":40,"caption":"Infoempleo"},"image":{"@id":"https:\/\/empresas.infoempleo.com\/hrtrends\/#logo"},"sameAs":["https:\/\/www.facebook.com\/Infoempleo","https:\/\/x.com\/infoempleo","http:\/\/instagram.com\/infoempleo\/","http:\/\/www.linkedin.com\/groups\/Empleo-Espa\u00f1a-Infoempleocom-111276","http:\/\/pinterest.com\/infoempleo\/"],"address":{"@type":"PostalAddress","addressLocality":"Madrid","postalCode":"28050","streetAddress":"Avenida de Burgos 114"},"brand":["Infoempleo"]},{"@type":"Person","@id":"https:\/\/empresas.infoempleo.com\/hrtrends\/#\/schema\/person\/b1dd51edbb566a47cd8f7513fa73d223","name":"Adriana M.","image":{"@type":"ImageObject","inLanguage":"es","@id":"https:\/\/empresas.infoempleo.com\/hrtrends\/#\/schema\/person\/image\/","url":"https:\/\/secure.gravatar.com\/avatar\/243f7dd7e1db0ad0e9791be05df7d72ba5c8bf338408591753bae2fe87dae18d?s=96&d=mm&r=g","contentUrl":"https:\/\/secure.gravatar.com\/avatar\/243f7dd7e1db0ad0e9791be05df7d72ba5c8bf338408591753bae2fe87dae18d?s=96&d=mm&r=g","caption":"Adriana M."},"description":"Periodista y experta en Comunicaci\u00f3n Audiovisual y Narrativa. Me encanta escribir y narrar lo que pasa a mi alrededor es mi pasi\u00f3n.","url":"https:\/\/empresas.infoempleo.com\/hrtrends\/author\/adriana-kanvas\/"}]}},"amp_enabled":true,"_links":{"self":[{"href":"https:\/\/empresas.infoempleo.com\/hrtrends\/wp-json\/wp\/v2\/posts\/35326","targetHints":{"allow":["GET"]}}],"collection":[{"href":"https:\/\/empresas.infoempleo.com\/hrtrends\/wp-json\/wp\/v2\/posts"}],"about":[{"href":"https:\/\/empresas.infoempleo.com\/hrtrends\/wp-json\/wp\/v2\/types\/post"}],"author":[{"embeddable":true,"href":"https:\/\/empresas.infoempleo.com\/hrtrends\/wp-json\/wp\/v2\/users\/122"}],"replies":[{"embeddable":true,"href":"https:\/\/empresas.infoempleo.com\/hrtrends\/wp-json\/wp\/v2\/comments?post=35326"}],"version-history":[{"count":2,"href":"https:\/\/empresas.infoempleo.com\/hrtrends\/wp-json\/wp\/v2\/posts\/35326\/revisions"}],"predecessor-version":[{"id":45453,"href":"https:\/\/empresas.infoempleo.com\/hrtrends\/wp-json\/wp\/v2\/posts\/35326\/revisions\/45453"}],"wp:featuredmedia":[{"embeddable":true,"href":"https:\/\/empresas.infoempleo.com\/hrtrends\/wp-json\/wp\/v2\/media\/35327"}],"wp:attachment":[{"href":"https:\/\/empresas.infoempleo.com\/hrtrends\/wp-json\/wp\/v2\/media?parent=35326"}],"wp:term":[{"taxonomy":"category","embeddable":true,"href":"https:\/\/empresas.infoempleo.com\/hrtrends\/wp-json\/wp\/v2\/categories?post=35326"},{"taxonomy":"post_tag","embeddable":true,"href":"https:\/\/empresas.infoempleo.com\/hrtrends\/wp-json\/wp\/v2\/tags?post=35326"}],"curies":[{"name":"wp","href":"https:\/\/api.w.org\/{rel}","templated":true}]}}