{"id":35314,"date":"2019-06-10T09:00:43","date_gmt":"2019-06-10T07:00:43","guid":{"rendered":"https:\/\/empresas.infoempleo.com\/hrtrends\/?p=35314"},"modified":"2019-05-14T13:43:12","modified_gmt":"2019-05-14T11:43:12","slug":"prejubilacion-principales-requisitos","status":"publish","type":"post","link":"https:\/\/empresas.infoempleo.com\/hrtrends\/prejubilacion-principales-requisitos\/","title":{"rendered":"Prejubilaci\u00f3n: \u00bfCu\u00e1les son los principales requisitos para acceder a ella?"},"content":{"rendered":"<p><span style=\"font-weight: 400\">Los <\/span><b>trabajadores<\/b><span style=\"font-weight: 400\"> que por determinadas razones deciden <\/span><b>finalizar su vida laboral<\/b><span style=\"font-weight: 400\"> antes de tiempo tienen la opci\u00f3n de realizar la <\/span><b>prejubilaci\u00f3n<\/b><span style=\"font-weight: 400\">, que <\/span><b>no debe confundirse con la jubilaci\u00f3n anticipada<\/b><span style=\"font-weight: 400\">. A continuaci\u00f3n, vamos a tratar algunos los aspectos m\u00e1s importantes que giran en torno a la prejubilaci\u00f3n para aclarar las dudas m\u00e1s comunes.<\/span><\/p>\n<h2><b>\u00a0Qu\u00e9 es la prejubilaci\u00f3n<\/b><\/h2>\n<p><span style=\"font-weight: 400\">En primer lugar, es importante saber <\/span><b>diferenciar<\/b><span style=\"font-weight: 400\"> entre <\/span><b>prejubilaci\u00f3n<\/b><span style=\"font-weight: 400\"> y la <\/span><b>jubilaci\u00f3n anticipada<\/b><span style=\"font-weight: 400\">, para poder entenderlo mejor. Ambas situaciones implican que la persona da por <\/span><a href=\"https:\/\/empresas.infoempleo.com\/hrtrends\/planes-pensiones-para-empleados\/\"><b>concluida su vida laboral<\/b><\/a><span style=\"font-weight: 400\">, es decir, que <\/span><b>dejar\u00e1 de tener que trabajar<\/b><span style=\"font-weight: 400\">. Sin embargo, la <\/span><b>jubilaci\u00f3n anticipada<\/b><span style=\"font-weight: 400\"> implica que la persona puede <\/span><b>acceder a la pensi\u00f3n<\/b><span style=\"font-weight: 400\"> que otorga la <\/span><b>Seguridad Social<\/b> <b>antes de la edad legal<\/b><span style=\"font-weight: 400\">. Esto puede suceder si la persona la <\/span><b>solicita<\/b><span style=\"font-weight: 400\"> con hasta <\/span><b>dos a\u00f1os de anticipaci\u00f3n<\/b><span style=\"font-weight: 400\"> y si ha cumplido con un <\/span><b>m\u00ednimo de a\u00f1os cotizados.<\/b><\/p>\n<p><img loading=\"lazy\" decoding=\"async\" class=\"size-full wp-image-35316 aligncenter\" src=\"https:\/\/empresas.infoempleo.com\/hrtrends\/media\/2019\/05\/HRTRENDS_prejubilacion.jpg\" alt=\"informaci\u00f3n sobre la prejubilaci\u00f3n\" width=\"1140\" height=\"761\" srcset=\"https:\/\/empresas.infoempleo.com\/hrtrends\/media\/2019\/05\/HRTRENDS_prejubilacion.jpg 1140w, https:\/\/empresas.infoempleo.com\/hrtrends\/media\/2019\/05\/HRTRENDS_prejubilacion-300x200.jpg 300w, https:\/\/empresas.infoempleo.com\/hrtrends\/media\/2019\/05\/HRTRENDS_prejubilacion-1024x684.jpg 1024w, https:\/\/empresas.infoempleo.com\/hrtrends\/media\/2019\/05\/HRTRENDS_prejubilacion-768x513.jpg 768w\" sizes=\"auto, (max-width: 1140px) 100vw, 1140px\" \/><\/p>\n<p><span style=\"font-weight: 400\">Por otro lado, la <\/span><b>prejubilaci\u00f3n<\/b><span style=\"font-weight: 400\"> es un <\/span><a href=\"https:\/\/empresas.infoempleo.com\/hrtrends\/empresas-implicadas-la-jubilacion-empleados\/\"><b>acuerdo entre la empresa y la persona<\/b><\/a><span style=\"font-weight: 400\">, ya que no est\u00e1 contemplada en la Seguridad Social. En este pacto, la <\/span><b>empresa<\/b><span style=\"font-weight: 400\"> y el <\/span><b>trabajador<\/b><span style=\"font-weight: 400\"> dan por <\/span><b>concluida su relaci\u00f3n laboral<\/b><span style=\"font-weight: 400\">, pero con unas <\/span><b>garant\u00edas econ\u00f3micas iguales<\/b><span style=\"font-weight: 400\"> o parecidas a las que se ten\u00eda cuando <\/span><b>la persona trabajaba<\/b><span style=\"font-weight: 400\">. Es la propia <\/span><b>empresa<\/b><span style=\"font-weight: 400\"> la que se encarga de <\/span><b>garantizar el pago<\/b><span style=\"font-weight: 400\"> de la <\/span><b>compensaci\u00f3n econ\u00f3mica<\/b><span style=\"font-weight: 400\"> hasta que la persona cumpla la <\/span><b>edad m\u00ednima<\/b><span style=\"font-weight: 400\"> para poder <\/span><b>jubilarse<\/b><span style=\"font-weight: 400\">.<\/span><\/p>\n<h2><b>Regulaci\u00f3n de la prejubilaci\u00f3n y requisitos<\/b><\/h2>\n<p><span style=\"font-weight: 400\">Debido a que es una <\/span><b>situaci\u00f3n regulada<\/b> <b>por la empresa<\/b><span style=\"font-weight: 400\"> y que implica un pacto con el trabajador, se establece que <\/span><b>no hay un m\u00ednimo de edad<\/b><span style=\"font-weight: 400\"> para <\/span><b>poder solicitarla<\/b><span style=\"font-weight: 400\">, sin embargo, existe la <\/span><b>prejubilaci\u00f3n con requisitos m\u00ednimos<\/b><span style=\"font-weight: 400\"> que deben cumplirse para poder acceder a ella. La relaci\u00f3n laboral entre la compa\u00f1\u00eda y el trabajador permitir\u00e1 establecer a la empresa <\/span><b>requisitos como los a\u00f1os de antig\u00fcedad<\/b><span style=\"font-weight: 400\">, la <\/span><b>enfermedad del trabajador<\/b><span style=\"font-weight: 400\">, <\/span><b>vejez<\/b><span style=\"font-weight: 400\">, etc. Cualquier persona puede solicitarla, sin embargo, dado que la Seguridad Social no interviene, la <\/span><b>regulaci\u00f3n<\/b> <b>viene dada por la propia empresa<\/b><span style=\"font-weight: 400\">, quien se encarga de <\/span><b>pagar al empleado,<\/b><span style=\"font-weight: 400\"> aunque no se encuentre activo. Por lo tanto, la persona que est\u00e9 interesada en solicitar la prejubilaci\u00f3n, deber\u00e1 <\/span><b>tratarlo con la empresa<\/b><span style=\"font-weight: 400\"> para ver si tiene acceso a esta opci\u00f3n y <\/span><b>en qu\u00e9 condiciones.<\/b><span style=\"font-weight: 400\"> Normalmente, como empresa tienes que comprometerte a <\/span><b>indemnizar al trabajador<\/b><span style=\"font-weight: 400\"> hasta que pueda solicitar la <\/span><b>jubilaci\u00f3n anticipada o la propia jubilaci\u00f3n.<\/b><\/p>\n<h2><b>Qu\u00e9 tiene que hacer la empresa si un trabajador quiere prejubilarse<\/b><\/h2>\n<p><span style=\"font-weight: 400\">Como puedes ver, en primer lugar, es fundamental que desde la empresa llegues a un acuerdo con el <\/span><b>trabajador<\/b><span style=\"font-weight: 400\"> que quiera <\/span><b>finalizar su vida laboral<\/b><span style=\"font-weight: 400\"> prematuramente. En este sentido, hay que tener en cuenta que para la compa\u00f1\u00eda suele suponer una <\/span><b>p\u00e9rdida econ\u00f3mica<\/b><span style=\"font-weight: 400\">, por lo que normalmente se deben cumplir algunos requisitos que ponga la propia empresa. <\/span><\/p>\n<p><span style=\"font-weight: 400\">Tras llegar a un acuerdo con el trabajador, debes especificar la <\/span><b>cantidad econ\u00f3mica<\/b><span style=\"font-weight: 400\"> que se <\/span><b>entregar\u00e1 mensualmente al trabajador<\/b><span style=\"font-weight: 400\"> y comprometerte a <\/span><b>indemnizarle<\/b><span style=\"font-weight: 400\"> con dicha cantidad.<\/span><\/p>\n<p><span style=\"font-weight: 400\">Si <\/span><a href=\"https:\/\/empresas.infoempleo.com\/hrtrends\/relevo-generacional\/\"><span style=\"font-weight: 400\">necesitas un relevo generacional<\/span><\/a><span style=\"font-weight: 400\"> para tus empleados que se vayan a prejubilar o jubilar o para cubrir cualquier otro puesto vacante, no dudes en <\/span><a href=\"https:\/\/empresas.infoempleo.com\/publicar-ofertas-empleo\/?utm_source=post&amp;utm_campaign=hrtrends&amp;utm_medium=blogempresas&amp;utm_content=empresas_publicar\"><span style=\"font-weight: 400\">utilizar nuestros servicios.<\/span><\/a><\/p>\n","protected":false},"excerpt":{"rendered":"<p>Los trabajadores que por determinadas razones deciden finalizar su vida laboral antes de tiempo tienen la opci\u00f3n de<a class=\"moretag\" href=\"https:\/\/empresas.infoempleo.com\/hrtrends\/prejubilacion-principales-requisitos\/\"> Leer m\u00e1s<\/a><\/p>\n","protected":false},"author":122,"featured_media":35315,"comment_status":"closed","ping_status":"closed","sticky":false,"template":"","format":"standard","meta":{"footnotes":""},"categories":[3035],"tags":[673,1545],"class_list":["post-35314","post","type-post","status-publish","format-standard","has-post-thumbnail","hentry","category-consejos","tag-jubilacion","tag-relevo-generacional"],"yoast_head":"<!-- This site is optimized with the Yoast SEO plugin v26.1.1 - https:\/\/yoast.com\/wordpress\/plugins\/seo\/ -->\n<title>Prejubilaci\u00f3n: qu\u00e9 es, qui\u00e9n tiene derecho y c\u00f3mo se regula<\/title>\n<meta name=\"description\" content=\"La prejubilaci\u00f3n es una de las opciones del trabajador para finalizar su vida laboral anticipadamente. Descubre en qu\u00e9 consiste y sus requisitos.\" \/>\n<meta name=\"robots\" content=\"index, follow, max-snippet:-1, max-image-preview:large, max-video-preview:-1\" \/>\n<link rel=\"canonical\" href=\"https:\/\/empresas.infoempleo.com\/hrtrends\/prejubilacion-principales-requisitos\/\" \/>\n<meta property=\"og:locale\" content=\"es_ES\" \/>\n<meta property=\"og:type\" content=\"article\" \/>\n<meta property=\"og:title\" content=\"Prejubilaci\u00f3n: qu\u00e9 es, qui\u00e9n tiene derecho y c\u00f3mo se regula\" \/>\n<meta property=\"og:description\" content=\"La prejubilaci\u00f3n es una de las opciones del trabajador para finalizar su vida laboral anticipadamente. Descubre en qu\u00e9 consiste y sus requisitos.\" \/>\n<meta property=\"og:url\" content=\"https:\/\/empresas.infoempleo.com\/hrtrends\/prejubilacion-principales-requisitos\/\" \/>\n<meta property=\"og:site_name\" content=\"HRTRENDS\" \/>\n<meta property=\"article:publisher\" content=\"https:\/\/www.facebook.com\/Infoempleo\" \/>\n<meta property=\"article:published_time\" content=\"2019-06-10T07:00:43+00:00\" \/>\n<meta property=\"og:image\" content=\"https:\/\/empresas.infoempleo.com\/hrtrends\/media\/2019\/05\/HRTRENDS_prejubilacion_grande-def.jpg\" \/>\n\t<meta property=\"og:image:width\" content=\"1140\" \/>\n\t<meta property=\"og:image:height\" content=\"760\" \/>\n\t<meta property=\"og:image:type\" content=\"image\/jpeg\" \/>\n<meta name=\"author\" content=\"Adriana M.\" \/>\n<meta name=\"twitter:card\" content=\"summary_large_image\" \/>\n<meta name=\"twitter:creator\" content=\"@infoempleo\" \/>\n<meta name=\"twitter:site\" content=\"@infoempleo\" \/>\n<meta name=\"twitter:label1\" content=\"Escrito por\" \/>\n\t<meta name=\"twitter:data1\" content=\"Adriana M.\" \/>\n\t<meta name=\"twitter:label2\" content=\"Tiempo de lectura\" \/>\n\t<meta name=\"twitter:data2\" content=\"3 minutos\" \/>\n<script type=\"application\/ld+json\" class=\"yoast-schema-graph\">{\"@context\":\"https:\/\/schema.org\",\"@graph\":[{\"@type\":\"NewsArticle\",\"@id\":\"https:\/\/empresas.infoempleo.com\/hrtrends\/prejubilacion-principales-requisitos\/#article\",\"isPartOf\":{\"@id\":\"https:\/\/empresas.infoempleo.com\/hrtrends\/prejubilacion-principales-requisitos\/\"},\"author\":{\"name\":\"Adriana M.\",\"@id\":\"https:\/\/empresas.infoempleo.com\/hrtrends\/#\/schema\/person\/b1dd51edbb566a47cd8f7513fa73d223\"},\"headline\":\"Prejubilaci\u00f3n: \u00bfCu\u00e1les son los principales requisitos para acceder a ella?\",\"datePublished\":\"2019-06-10T07:00:43+00:00\",\"mainEntityOfPage\":{\"@id\":\"https:\/\/empresas.infoempleo.com\/hrtrends\/prejubilacion-principales-requisitos\/\"},\"wordCount\":560,\"publisher\":{\"@id\":\"https:\/\/empresas.infoempleo.com\/hrtrends\/#organization\"},\"image\":{\"@id\":\"https:\/\/empresas.infoempleo.com\/hrtrends\/prejubilacion-principales-requisitos\/#primaryimage\"},\"thumbnailUrl\":\"https:\/\/empresas.infoempleo.com\/hrtrends\/media\/2019\/05\/HRTRENDS_prejubilacion_grande-def.jpg\",\"keywords\":[\"jubilaci\u00f3n\",\"relevo generacional\"],\"articleSection\":[\"Consejos\"],\"inLanguage\":\"es\",\"copyrightYear\":\"2019\",\"copyrightHolder\":{\"@id\":\"https:\/\/empresas.infoempleo.com\/hrtrends\/#organization\"}},{\"@type\":\"WebPage\",\"@id\":\"https:\/\/empresas.infoempleo.com\/hrtrends\/prejubilacion-principales-requisitos\/\",\"url\":\"https:\/\/empresas.infoempleo.com\/hrtrends\/prejubilacion-principales-requisitos\/\",\"name\":\"Prejubilaci\u00f3n: qu\u00e9 es, qui\u00e9n tiene derecho y c\u00f3mo se regula\",\"isPartOf\":{\"@id\":\"https:\/\/empresas.infoempleo.com\/hrtrends\/#website\"},\"primaryImageOfPage\":{\"@id\":\"https:\/\/empresas.infoempleo.com\/hrtrends\/prejubilacion-principales-requisitos\/#primaryimage\"},\"image\":{\"@id\":\"https:\/\/empresas.infoempleo.com\/hrtrends\/prejubilacion-principales-requisitos\/#primaryimage\"},\"thumbnailUrl\":\"https:\/\/empresas.infoempleo.com\/hrtrends\/media\/2019\/05\/HRTRENDS_prejubilacion_grande-def.jpg\",\"datePublished\":\"2019-06-10T07:00:43+00:00\",\"description\":\"La prejubilaci\u00f3n es una de las opciones del trabajador para finalizar su vida laboral anticipadamente. Descubre en qu\u00e9 consiste y sus requisitos.\",\"breadcrumb\":{\"@id\":\"https:\/\/empresas.infoempleo.com\/hrtrends\/prejubilacion-principales-requisitos\/#breadcrumb\"},\"inLanguage\":\"es\",\"potentialAction\":[{\"@type\":\"ReadAction\",\"target\":[\"https:\/\/empresas.infoempleo.com\/hrtrends\/prejubilacion-principales-requisitos\/\"]}]},{\"@type\":\"ImageObject\",\"inLanguage\":\"es\",\"@id\":\"https:\/\/empresas.infoempleo.com\/hrtrends\/prejubilacion-principales-requisitos\/#primaryimage\",\"url\":\"https:\/\/empresas.infoempleo.com\/hrtrends\/media\/2019\/05\/HRTRENDS_prejubilacion_grande-def-150x150.jpg\",\"contentUrl\":\"https:\/\/empresas.infoempleo.com\/hrtrends\/media\/2019\/05\/HRTRENDS_prejubilacion_grande-def-150x150.jpg\",\"width\":150,\"height\":150,\"caption\":\"Toda la informaci\u00f3n sobre la prejubilaci\u00f3n\"},{\"@type\":\"BreadcrumbList\",\"@id\":\"https:\/\/empresas.infoempleo.com\/hrtrends\/prejubilacion-principales-requisitos\/#breadcrumb\",\"itemListElement\":[{\"@type\":\"ListItem\",\"position\":1,\"name\":\"Portada\",\"item\":\"https:\/\/empresas.infoempleo.com\/hrtrends\/\"},{\"@type\":\"ListItem\",\"position\":2,\"name\":\"Prejubilaci\u00f3n: \u00bfCu\u00e1les son los principales requisitos para acceder a ella?\"}]},{\"@type\":\"WebSite\",\"@id\":\"https:\/\/empresas.infoempleo.com\/hrtrends\/#website\",\"url\":\"https:\/\/empresas.infoempleo.com\/hrtrends\",\"name\":\"HRTrends by Infoempleo\",\"description\":\"\",\"publisher\":{\"@id\":\"https:\/\/empresas.infoempleo.com\/hrtrends\/#organization\"},\"potentialAction\":{\"@type\":\"SearchAction\",\"target\":\"https:\/\/empresas.infoempleo.com\/hrtrends\/?s={search_term_string}\",\"query-input\":\"required name=search_term_string\"},\"inLanguage\":\"es\"},{\"@type\":\"Organization\",\"@id\":\"https:\/\/empresas.infoempleo.com\/hrtrends\/#organization\",\"name\":\"Infoempleo\",\"url\":\"https:\/\/www.infoempleo.com\/\",\"logo\":{\"@type\":\"ImageObject\",\"@id\":\"https:\/\/empresas.infoempleo.com\/hrtrends\/#logo\",\"inLanguage\":\"es\",\"url\":\"https:\/\/cdnazure.infoempleo.com\/infoempleo\/assets\/style\/gfx\/logo.svg\",\"contentUrl\":\"https:\/\/cdnazure.infoempleo.com\/infoempleo\/assets\/style\/gfx\/logo.svg\",\"width\":150,\"height\":40,\"caption\":\"Infoempleo\"},\"image\":{\"@id\":\"https:\/\/empresas.infoempleo.com\/hrtrends\/#logo\"},\"sameAs\":[\"https:\/\/www.facebook.com\/Infoempleo\",\"https:\/\/x.com\/infoempleo\",\"http:\/\/instagram.com\/infoempleo\/\",\"http:\/\/www.linkedin.com\/groups\/Empleo-Espa\u00f1a-Infoempleocom-111276\",\"http:\/\/pinterest.com\/infoempleo\/\"],\"address\":{\"@type\":\"PostalAddress\",\"addressLocality\":\"Madrid\",\"postalCode\":\"28050\",\"streetAddress\":\"Avenida de Burgos 114\"},\"brand\":[\"Infoempleo\"]},{\"@type\":\"Person\",\"@id\":\"https:\/\/empresas.infoempleo.com\/hrtrends\/#\/schema\/person\/b1dd51edbb566a47cd8f7513fa73d223\",\"name\":\"Adriana M.\",\"image\":{\"@type\":\"ImageObject\",\"inLanguage\":\"es\",\"@id\":\"https:\/\/empresas.infoempleo.com\/hrtrends\/#\/schema\/person\/image\/\",\"url\":\"https:\/\/secure.gravatar.com\/avatar\/243f7dd7e1db0ad0e9791be05df7d72ba5c8bf338408591753bae2fe87dae18d?s=96&d=mm&r=g\",\"contentUrl\":\"https:\/\/secure.gravatar.com\/avatar\/243f7dd7e1db0ad0e9791be05df7d72ba5c8bf338408591753bae2fe87dae18d?s=96&d=mm&r=g\",\"caption\":\"Adriana M.\"},\"description\":\"Periodista y experta en Comunicaci\u00f3n Audiovisual y Narrativa. Me encanta escribir y narrar lo que pasa a mi alrededor es mi pasi\u00f3n.\",\"url\":\"https:\/\/empresas.infoempleo.com\/hrtrends\/author\/adriana-kanvas\/\"}]}<\/script>\n<!-- \/ Yoast SEO plugin. -->","yoast_head_json":{"title":"Prejubilaci\u00f3n: qu\u00e9 es, qui\u00e9n tiene derecho y c\u00f3mo se regula","description":"La prejubilaci\u00f3n es una de las opciones del trabajador para finalizar su vida laboral anticipadamente. Descubre en qu\u00e9 consiste y sus requisitos.","robots":{"index":"index","follow":"follow","max-snippet":"max-snippet:-1","max-image-preview":"max-image-preview:large","max-video-preview":"max-video-preview:-1"},"canonical":"https:\/\/empresas.infoempleo.com\/hrtrends\/prejubilacion-principales-requisitos\/","og_locale":"es_ES","og_type":"article","og_title":"Prejubilaci\u00f3n: qu\u00e9 es, qui\u00e9n tiene derecho y c\u00f3mo se regula","og_description":"La prejubilaci\u00f3n es una de las opciones del trabajador para finalizar su vida laboral anticipadamente. Descubre en qu\u00e9 consiste y sus requisitos.","og_url":"https:\/\/empresas.infoempleo.com\/hrtrends\/prejubilacion-principales-requisitos\/","og_site_name":"HRTRENDS","article_publisher":"https:\/\/www.facebook.com\/Infoempleo","article_published_time":"2019-06-10T07:00:43+00:00","og_image":[{"width":1140,"height":760,"url":"https:\/\/empresas.infoempleo.com\/hrtrends\/media\/2019\/05\/HRTRENDS_prejubilacion_grande-def.jpg","type":"image\/jpeg"}],"author":"Adriana M.","twitter_card":"summary_large_image","twitter_creator":"@infoempleo","twitter_site":"@infoempleo","twitter_misc":{"Escrito por":"Adriana M.","Tiempo de lectura":"3 minutos"},"schema":{"@context":"https:\/\/schema.org","@graph":[{"@type":"NewsArticle","@id":"https:\/\/empresas.infoempleo.com\/hrtrends\/prejubilacion-principales-requisitos\/#article","isPartOf":{"@id":"https:\/\/empresas.infoempleo.com\/hrtrends\/prejubilacion-principales-requisitos\/"},"author":{"name":"Adriana M.","@id":"https:\/\/empresas.infoempleo.com\/hrtrends\/#\/schema\/person\/b1dd51edbb566a47cd8f7513fa73d223"},"headline":"Prejubilaci\u00f3n: \u00bfCu\u00e1les son los principales requisitos para acceder a ella?","datePublished":"2019-06-10T07:00:43+00:00","mainEntityOfPage":{"@id":"https:\/\/empresas.infoempleo.com\/hrtrends\/prejubilacion-principales-requisitos\/"},"wordCount":560,"publisher":{"@id":"https:\/\/empresas.infoempleo.com\/hrtrends\/#organization"},"image":{"@id":"https:\/\/empresas.infoempleo.com\/hrtrends\/prejubilacion-principales-requisitos\/#primaryimage"},"thumbnailUrl":"https:\/\/empresas.infoempleo.com\/hrtrends\/media\/2019\/05\/HRTRENDS_prejubilacion_grande-def.jpg","keywords":["jubilaci\u00f3n","relevo generacional"],"articleSection":["Consejos"],"inLanguage":"es","copyrightYear":"2019","copyrightHolder":{"@id":"https:\/\/empresas.infoempleo.com\/hrtrends\/#organization"}},{"@type":"WebPage","@id":"https:\/\/empresas.infoempleo.com\/hrtrends\/prejubilacion-principales-requisitos\/","url":"https:\/\/empresas.infoempleo.com\/hrtrends\/prejubilacion-principales-requisitos\/","name":"Prejubilaci\u00f3n: qu\u00e9 es, qui\u00e9n tiene derecho y c\u00f3mo se regula","isPartOf":{"@id":"https:\/\/empresas.infoempleo.com\/hrtrends\/#website"},"primaryImageOfPage":{"@id":"https:\/\/empresas.infoempleo.com\/hrtrends\/prejubilacion-principales-requisitos\/#primaryimage"},"image":{"@id":"https:\/\/empresas.infoempleo.com\/hrtrends\/prejubilacion-principales-requisitos\/#primaryimage"},"thumbnailUrl":"https:\/\/empresas.infoempleo.com\/hrtrends\/media\/2019\/05\/HRTRENDS_prejubilacion_grande-def.jpg","datePublished":"2019-06-10T07:00:43+00:00","description":"La prejubilaci\u00f3n es una de las opciones del trabajador para finalizar su vida laboral anticipadamente. Descubre en qu\u00e9 consiste y sus requisitos.","breadcrumb":{"@id":"https:\/\/empresas.infoempleo.com\/hrtrends\/prejubilacion-principales-requisitos\/#breadcrumb"},"inLanguage":"es","potentialAction":[{"@type":"ReadAction","target":["https:\/\/empresas.infoempleo.com\/hrtrends\/prejubilacion-principales-requisitos\/"]}]},{"@type":"ImageObject","inLanguage":"es","@id":"https:\/\/empresas.infoempleo.com\/hrtrends\/prejubilacion-principales-requisitos\/#primaryimage","url":"https:\/\/empresas.infoempleo.com\/hrtrends\/media\/2019\/05\/HRTRENDS_prejubilacion_grande-def-150x150.jpg","contentUrl":"https:\/\/empresas.infoempleo.com\/hrtrends\/media\/2019\/05\/HRTRENDS_prejubilacion_grande-def-150x150.jpg","width":150,"height":150,"caption":"Toda la informaci\u00f3n sobre la prejubilaci\u00f3n"},{"@type":"BreadcrumbList","@id":"https:\/\/empresas.infoempleo.com\/hrtrends\/prejubilacion-principales-requisitos\/#breadcrumb","itemListElement":[{"@type":"ListItem","position":1,"name":"Portada","item":"https:\/\/empresas.infoempleo.com\/hrtrends\/"},{"@type":"ListItem","position":2,"name":"Prejubilaci\u00f3n: \u00bfCu\u00e1les son los principales requisitos para acceder a ella?"}]},{"@type":"WebSite","@id":"https:\/\/empresas.infoempleo.com\/hrtrends\/#website","url":"https:\/\/empresas.infoempleo.com\/hrtrends","name":"HRTrends by Infoempleo","description":"","publisher":{"@id":"https:\/\/empresas.infoempleo.com\/hrtrends\/#organization"},"potentialAction":{"@type":"SearchAction","target":"https:\/\/empresas.infoempleo.com\/hrtrends\/?s={search_term_string}","query-input":"required name=search_term_string"},"inLanguage":"es"},{"@type":"Organization","@id":"https:\/\/empresas.infoempleo.com\/hrtrends\/#organization","name":"Infoempleo","url":"https:\/\/www.infoempleo.com\/","logo":{"@type":"ImageObject","@id":"https:\/\/empresas.infoempleo.com\/hrtrends\/#logo","inLanguage":"es","url":"https:\/\/cdnazure.infoempleo.com\/infoempleo\/assets\/style\/gfx\/logo.svg","contentUrl":"https:\/\/cdnazure.infoempleo.com\/infoempleo\/assets\/style\/gfx\/logo.svg","width":150,"height":40,"caption":"Infoempleo"},"image":{"@id":"https:\/\/empresas.infoempleo.com\/hrtrends\/#logo"},"sameAs":["https:\/\/www.facebook.com\/Infoempleo","https:\/\/x.com\/infoempleo","http:\/\/instagram.com\/infoempleo\/","http:\/\/www.linkedin.com\/groups\/Empleo-Espa\u00f1a-Infoempleocom-111276","http:\/\/pinterest.com\/infoempleo\/"],"address":{"@type":"PostalAddress","addressLocality":"Madrid","postalCode":"28050","streetAddress":"Avenida de Burgos 114"},"brand":["Infoempleo"]},{"@type":"Person","@id":"https:\/\/empresas.infoempleo.com\/hrtrends\/#\/schema\/person\/b1dd51edbb566a47cd8f7513fa73d223","name":"Adriana M.","image":{"@type":"ImageObject","inLanguage":"es","@id":"https:\/\/empresas.infoempleo.com\/hrtrends\/#\/schema\/person\/image\/","url":"https:\/\/secure.gravatar.com\/avatar\/243f7dd7e1db0ad0e9791be05df7d72ba5c8bf338408591753bae2fe87dae18d?s=96&d=mm&r=g","contentUrl":"https:\/\/secure.gravatar.com\/avatar\/243f7dd7e1db0ad0e9791be05df7d72ba5c8bf338408591753bae2fe87dae18d?s=96&d=mm&r=g","caption":"Adriana M."},"description":"Periodista y experta en Comunicaci\u00f3n Audiovisual y Narrativa. Me encanta escribir y narrar lo que pasa a mi alrededor es mi pasi\u00f3n.","url":"https:\/\/empresas.infoempleo.com\/hrtrends\/author\/adriana-kanvas\/"}]}},"amp_enabled":true,"_links":{"self":[{"href":"https:\/\/empresas.infoempleo.com\/hrtrends\/wp-json\/wp\/v2\/posts\/35314","targetHints":{"allow":["GET"]}}],"collection":[{"href":"https:\/\/empresas.infoempleo.com\/hrtrends\/wp-json\/wp\/v2\/posts"}],"about":[{"href":"https:\/\/empresas.infoempleo.com\/hrtrends\/wp-json\/wp\/v2\/types\/post"}],"author":[{"embeddable":true,"href":"https:\/\/empresas.infoempleo.com\/hrtrends\/wp-json\/wp\/v2\/users\/122"}],"replies":[{"embeddable":true,"href":"https:\/\/empresas.infoempleo.com\/hrtrends\/wp-json\/wp\/v2\/comments?post=35314"}],"version-history":[{"count":0,"href":"https:\/\/empresas.infoempleo.com\/hrtrends\/wp-json\/wp\/v2\/posts\/35314\/revisions"}],"wp:featuredmedia":[{"embeddable":true,"href":"https:\/\/empresas.infoempleo.com\/hrtrends\/wp-json\/wp\/v2\/media\/35315"}],"wp:attachment":[{"href":"https:\/\/empresas.infoempleo.com\/hrtrends\/wp-json\/wp\/v2\/media?parent=35314"}],"wp:term":[{"taxonomy":"category","embeddable":true,"href":"https:\/\/empresas.infoempleo.com\/hrtrends\/wp-json\/wp\/v2\/categories?post=35314"},{"taxonomy":"post_tag","embeddable":true,"href":"https:\/\/empresas.infoempleo.com\/hrtrends\/wp-json\/wp\/v2\/tags?post=35314"}],"curies":[{"name":"wp","href":"https:\/\/api.w.org\/{rel}","templated":true}]}}