{"id":35288,"date":"2019-05-27T09:00:22","date_gmt":"2019-05-27T07:00:22","guid":{"rendered":"https:\/\/empresas.infoempleo.com\/hrtrends\/?p=35288"},"modified":"2019-05-14T10:59:34","modified_gmt":"2019-05-14T08:59:34","slug":"calculo-incapacidad-temporal","status":"publish","type":"post","link":"https:\/\/empresas.infoempleo.com\/hrtrends\/calculo-incapacidad-temporal\/","title":{"rendered":"\u00bfQu\u00e9 es y c\u00f3mo se calcula la incapacidad temporal?"},"content":{"rendered":"<p><span style=\"font-weight: 400\">La <\/span><b>incapacidad temporal<\/b><span style=\"font-weight: 400\"> es una de las <\/span><a href=\"https:\/\/empresas.infoempleo.com\/hrtrends\/causas-suspension-contrato\/\"><span style=\"font-weight: 400\">causas de la suspensi\u00f3n de un contrato<\/span><\/a><span style=\"font-weight: 400\">. Se trata de una <\/span><b>prestaci\u00f3n diaria<\/b><span style=\"font-weight: 400\"> que cubre la p\u00e9rdida de rentas <\/span><b>mientras el empleado no puede acudir a su puesto de trabajo<\/b><span style=\"font-weight: 400\">. Esta imposibilidad se da cuando el trabajador sufre una <\/span><b>enfermedad o accidente<\/b><span style=\"font-weight: 400\"> y <\/span><b>recibe asistencia sanitaria<\/b><span style=\"font-weight: 400\">. \u00bfCu\u00e1ndo se inicia? \u00bfCu\u00e1l es su duraci\u00f3n? \u00bfCu\u00e1l es el coste para la empresa? Te desvelamos los detalles.<\/span><\/p>\n<h2><b>\u00bfCu\u00e1ndo comienza el pago por incapacidad temporal?<\/b><\/h2>\n<p><span style=\"font-weight: 400\">La incapacidad temporal <\/span><b>comienza el cuarto d\u00eda de la baja<\/b><span style=\"font-weight: 400\">. Imag\u00ednate que el empleado sufre una enfermedad com\u00fan como una gripe o un accidente no laboral. Esto implica que, \u00a0para <\/span><b>recibir la prestaci\u00f3n<\/b><span style=\"font-weight: 400\">, deben haber transcurrido<\/span><b> esos cuatro d\u00edas<\/b><span style=\"font-weight: 400\">. Es necesario especificar tambi\u00e9n que si el trabajador padece una <\/span><a href=\"https:\/\/empresas.infoempleo.com\/hrtrends\/baja-laboral-enfermedad-comun\/\"><b>enfermedad com\u00fan<\/b><\/a><span style=\"font-weight: 400\">, deber\u00e1 cumplir otro requisito para recibir el pago: necesitar\u00e1 tener <\/span><b>cubierto un per\u00edodo de cotizaci\u00f3n de 180 d\u00edas<\/b><span style=\"font-weight: 400\"> en los <\/span><b>cinco a\u00f1os previos<\/b><span style=\"font-weight: 400\">.<\/span><\/p>\n<p><img loading=\"lazy\" decoding=\"async\" class=\"size-full wp-image-35290 aligncenter\" src=\"https:\/\/empresas.infoempleo.com\/hrtrends\/media\/2019\/05\/HRTRENDS_Incapacidad_laboral.jpg\" alt=\"Toda la informaci\u00f3n sobre la incapacidad temporal\" width=\"1140\" height=\"760\" srcset=\"https:\/\/empresas.infoempleo.com\/hrtrends\/media\/2019\/05\/HRTRENDS_Incapacidad_laboral.jpg 1140w, https:\/\/empresas.infoempleo.com\/hrtrends\/media\/2019\/05\/HRTRENDS_Incapacidad_laboral-300x200.jpg 300w, https:\/\/empresas.infoempleo.com\/hrtrends\/media\/2019\/05\/HRTRENDS_Incapacidad_laboral-1024x683.jpg 1024w, https:\/\/empresas.infoempleo.com\/hrtrends\/media\/2019\/05\/HRTRENDS_Incapacidad_laboral-768x512.jpg 768w\" sizes=\"auto, (max-width: 1140px) 100vw, 1140px\" \/><\/p>\n<p><span style=\"font-weight: 400\">De este modo, si un miembro de tu equipo padece un accidente en el trabajo como puede ser la ca\u00edda desde un andamio o si padece una patolog\u00eda profesional como es el caso de una silicosis la <\/span><b>situaci\u00f3n laboral<\/b><span style=\"font-weight: 400\"> de la que estamos hablando comenzar\u00eda <\/span><b>al d\u00eda siguiente de la baja.<\/b><\/p>\n<h2><b>\u00bfQu\u00e9 duraci\u00f3n m\u00e1xima tiene?<\/b><\/h2>\n<p><span style=\"font-weight: 400\">La <\/span><b>duraci\u00f3n m\u00e1xima es de 365 d\u00edas<\/b><span style=\"font-weight: 400\">. Una vez agotado este periodo, ser\u00e1 el <\/span><a href=\"https:\/\/www.seg-social.es\/wps\/portal\/wss\/internet\/Inicio\" target=\"_blank\" rel=\"nofollow noopener\"><b>Instituto Nacional de la Seguridad Social<\/b><\/a><span style=\"font-weight: 400\"> el \u00fanico con potestad para <\/span><b>prorrogar la incapacidad<\/b><span style=\"font-weight: 400\"> hasta <\/span><b>180 d\u00edas m\u00e1s. <\/b><\/p>\n<p><span style=\"font-weight: 400\">Hay que tener en cuenta que, superado ese tiempo, deber\u00e1 <\/span><b>emitirse el alta m\u00e9dica<\/b><span style=\"font-weight: 400\"> o <\/span><b>tramitar la incapacidad permanente<\/b><span style=\"font-weight: 400\"> si las lesiones persisten. Es importante saber que este derecho puede <\/span><b>extinguirse antes<\/b><span style=\"font-weight: 400\"> por <\/span><a href=\"https:\/\/empresas.infoempleo.com\/hrtrends\/gastos-control-absentismo-trabajadores\/\"><b>no acudir a los ex\u00e1menes m\u00e9dicos<\/b><\/a><span style=\"font-weight: 400\"> o por el reconocimiento de la <\/span><b>pensi\u00f3n de jubilaci\u00f3n. <\/b><\/p>\n<h2><b>\u00bfCu\u00e1ndo paga la empresa?<\/b><\/h2>\n<p><span style=\"font-weight: 400\">En caso de <\/span><b>accidente no laboral y enfermedad com\u00fan<\/b><span style=\"font-weight: 400\">, el <\/span><b>subsidio<\/b><span style=\"font-weight: 400\"> se calcula a partir de la <\/span><b>base reguladora diaria<\/b><span style=\"font-weight: 400\">. Esta se obtiene <\/span><b>dividiendo<\/b><span style=\"font-weight: 400\"> la <\/span><b>base de cotizaci\u00f3n del empleado<\/b><span style=\"font-weight: 400\"> del mes previo al comienzo de la incapacidad <\/span><b>por los d\u00edas a que esta cotizaci\u00f3n se refiere<\/b><span style=\"font-weight: 400\">. <\/span><b>Es a partir del cuarto d\u00eda <\/b><span style=\"font-weight: 400\">(y hasta el decimoquinto) cuando <\/span><b>paga la empresa. <\/b><\/p>\n<h2><b>Las obligaciones de la empresa<\/b><\/h2>\n<p><span style=\"font-weight: 400\">El <\/span><b>trabajador cobra el 60 % de la base reguladora<\/b><span style=\"font-weight: 400\">. La <\/span><b>responsabilidad<\/b><span style=\"font-weight: 400\"> recae despu\u00e9s en la <\/span><b>Mutua o en la Seguridad<\/b> <b>Social<\/b><span style=\"font-weight: 400\"> (a partir del <\/span><b>d\u00eda 22 se cobra el 75 % de la base reguladora<\/b><span style=\"font-weight: 400\">). Eso s\u00ed, aunque el empresario reciba despu\u00e9s este pago, seguir\u00e1 <\/span><b>siendo la empresa la que lo materialice<\/b><span style=\"font-weight: 400\"> como si de una <\/span><b>n\u00f3mina se tratara.<\/b><\/p>\n<p><span style=\"font-weight: 400\">El empleado de baja recibir\u00e1 un <\/span><b>75 % de la base reguladora si sufri\u00f3 un <\/b><a href=\"https:\/\/empresas.infoempleo.com\/hrtrends\/accidente-laboral-in-itinere\"><b>accidente laboral<\/b><\/a><b> o una enfermedad profesional<\/b><span style=\"font-weight: 400\">. El <\/span><b>abono<\/b><span style=\"font-weight: 400\"> de esta prestaci\u00f3n debe realizarlo la <\/span><b>entidad gestora o empresa colaboradora<\/b><span style=\"font-weight: 400\">. Adem\u00e1s, el empresario tiene que <\/span><b>abonar<\/b><span style=\"font-weight: 400\"> de <\/span><b>manera \u00edntegra<\/b> <b>la cuant\u00eda que corresponda al d\u00eda del accidente<\/b><span style=\"font-weight: 400\">, pues se considera trabajado. La empresa tambi\u00e9n deber\u00e1 <\/span><b>remitir los partes m\u00e9dicos<\/b><span style=\"font-weight: 400\"> en un <\/span><b>periodo m\u00e1ximo de cinco d\u00edas<\/b><span style=\"font-weight: 400\"> a <\/span><b>Mutua o al INSS<\/b><span style=\"font-weight: 400\">.<\/span><\/p>\n<p><span style=\"font-weight: 400\">La base reguladora se calcula como en el caso anterior. Aunque hay un matiz: si existe, debes incluir la <\/span><a href=\"https:\/\/empresas.infoempleo.com\/hrtrends\/cotizacion-horas-extras\"><b>base de cotizaci\u00f3n por horas extraordinarias<\/b><\/a><span style=\"font-weight: 400\">.<\/span><\/p>\n<p><span style=\"font-weight: 400\">En definitiva, la <\/span><b>incapacidad temporal <\/b><span style=\"font-weight: 400\">es una <\/span><b>situaci\u00f3n laboral<\/b><span style=\"font-weight: 400\"> muy recurrente y en la que el <\/span><b>trabajador<\/b><span style=\"font-weight: 400\"> y la <\/span><b>empresa<\/b><span style=\"font-weight: 400\"> tienen que estar en <\/span><b>contacto permanente<\/b><span style=\"font-weight: 400\">. Ten en cuenta que si <\/span><a href=\"https:\/\/empresas.infoempleo.com\/publicar-ofertas-empleo\/?utm_source=post&amp;utm_campaign=hrtrends&amp;utm_medium=blogempresas&amp;utm_content=empresas_publicar\"><span style=\"font-weight: 400\">necesitas cubrir alguna posici\u00f3n en tu empresa por la incapacidad temporal de alg\u00fan compa\u00f1ero, no dudes en contar con nuestros servicios.<\/span><\/a><\/p>\n","protected":false},"excerpt":{"rendered":"<p>La incapacidad temporal es una de las causas de la suspensi\u00f3n de un contrato. Se trata de una<a class=\"moretag\" href=\"https:\/\/empresas.infoempleo.com\/hrtrends\/calculo-incapacidad-temporal\/\"> Leer m\u00e1s<\/a><\/p>\n","protected":false},"author":122,"featured_media":35289,"comment_status":"closed","ping_status":"closed","sticky":false,"template":"","format":"standard","meta":{"footnotes":""},"categories":[3035],"tags":[2479,3186],"class_list":["post-35288","post","type-post","status-publish","format-standard","has-post-thumbnail","hentry","category-consejos","tag-enfermedades-laborales","tag-incapacidad"],"yoast_head":"<!-- This site is optimized with the Yoast SEO plugin v26.1.1 - https:\/\/yoast.com\/wordpress\/plugins\/seo\/ -->\n<title>Incapacidad temporal del trabajador: \u00bfqu\u00e9 es? y \u00bfc\u00f3mo se calcula?<\/title>\n<meta name=\"description\" content=\"\u00bfSabes c\u00f3mo actuar en caso de que tu trabajador est\u00e9 en situaci\u00f3n de incapacidad temporal? Te contamos c\u00f3mo calcularlo y gestionarlo f\u00e1cilmente.\" \/>\n<meta name=\"robots\" content=\"index, follow, max-snippet:-1, max-image-preview:large, max-video-preview:-1\" \/>\n<link rel=\"canonical\" href=\"https:\/\/empresas.infoempleo.com\/hrtrends\/calculo-incapacidad-temporal\/\" \/>\n<meta property=\"og:locale\" content=\"es_ES\" \/>\n<meta property=\"og:type\" content=\"article\" \/>\n<meta property=\"og:title\" content=\"Incapacidad temporal del trabajador: \u00bfqu\u00e9 es? y \u00bfc\u00f3mo se calcula?\" \/>\n<meta property=\"og:description\" content=\"\u00bfSabes c\u00f3mo actuar en caso de que tu trabajador est\u00e9 en situaci\u00f3n de incapacidad temporal? Te contamos c\u00f3mo calcularlo y gestionarlo f\u00e1cilmente.\" \/>\n<meta property=\"og:url\" content=\"https:\/\/empresas.infoempleo.com\/hrtrends\/calculo-incapacidad-temporal\/\" \/>\n<meta property=\"og:site_name\" content=\"HRTRENDS\" \/>\n<meta property=\"article:publisher\" content=\"https:\/\/www.facebook.com\/Infoempleo\" \/>\n<meta property=\"article:published_time\" content=\"2019-05-27T07:00:22+00:00\" \/>\n<meta property=\"og:image\" content=\"https:\/\/empresas.infoempleo.com\/hrtrends\/media\/2019\/05\/HRTRENDS_incapacidad_temporal_grande_def.jpg\" \/>\n\t<meta property=\"og:image:width\" content=\"1140\" \/>\n\t<meta property=\"og:image:height\" content=\"760\" \/>\n\t<meta property=\"og:image:type\" content=\"image\/jpeg\" \/>\n<meta name=\"author\" content=\"Adriana M.\" \/>\n<meta name=\"twitter:card\" content=\"summary_large_image\" \/>\n<meta name=\"twitter:creator\" content=\"@infoempleo\" \/>\n<meta name=\"twitter:site\" content=\"@infoempleo\" \/>\n<meta name=\"twitter:label1\" content=\"Escrito por\" \/>\n\t<meta name=\"twitter:data1\" content=\"Adriana M.\" \/>\n\t<meta name=\"twitter:label2\" content=\"Tiempo de lectura\" \/>\n\t<meta name=\"twitter:data2\" content=\"3 minutos\" \/>\n<script type=\"application\/ld+json\" class=\"yoast-schema-graph\">{\"@context\":\"https:\/\/schema.org\",\"@graph\":[{\"@type\":\"NewsArticle\",\"@id\":\"https:\/\/empresas.infoempleo.com\/hrtrends\/calculo-incapacidad-temporal\/#article\",\"isPartOf\":{\"@id\":\"https:\/\/empresas.infoempleo.com\/hrtrends\/calculo-incapacidad-temporal\/\"},\"author\":{\"name\":\"Adriana M.\",\"@id\":\"https:\/\/empresas.infoempleo.com\/hrtrends\/#\/schema\/person\/b1dd51edbb566a47cd8f7513fa73d223\"},\"headline\":\"\u00bfQu\u00e9 es y c\u00f3mo se calcula la incapacidad temporal?\",\"datePublished\":\"2019-05-27T07:00:22+00:00\",\"mainEntityOfPage\":{\"@id\":\"https:\/\/empresas.infoempleo.com\/hrtrends\/calculo-incapacidad-temporal\/\"},\"wordCount\":628,\"publisher\":{\"@id\":\"https:\/\/empresas.infoempleo.com\/hrtrends\/#organization\"},\"image\":{\"@id\":\"https:\/\/empresas.infoempleo.com\/hrtrends\/calculo-incapacidad-temporal\/#primaryimage\"},\"thumbnailUrl\":\"https:\/\/empresas.infoempleo.com\/hrtrends\/media\/2019\/05\/HRTRENDS_incapacidad_temporal_grande_def.jpg\",\"keywords\":[\"enfermedades laborales\",\"incapacidad\"],\"articleSection\":[\"Consejos\"],\"inLanguage\":\"es\",\"copyrightYear\":\"2019\",\"copyrightHolder\":{\"@id\":\"https:\/\/empresas.infoempleo.com\/hrtrends\/#organization\"}},{\"@type\":\"WebPage\",\"@id\":\"https:\/\/empresas.infoempleo.com\/hrtrends\/calculo-incapacidad-temporal\/\",\"url\":\"https:\/\/empresas.infoempleo.com\/hrtrends\/calculo-incapacidad-temporal\/\",\"name\":\"Incapacidad temporal del trabajador: \u00bfqu\u00e9 es? y \u00bfc\u00f3mo se calcula?\",\"isPartOf\":{\"@id\":\"https:\/\/empresas.infoempleo.com\/hrtrends\/#website\"},\"primaryImageOfPage\":{\"@id\":\"https:\/\/empresas.infoempleo.com\/hrtrends\/calculo-incapacidad-temporal\/#primaryimage\"},\"image\":{\"@id\":\"https:\/\/empresas.infoempleo.com\/hrtrends\/calculo-incapacidad-temporal\/#primaryimage\"},\"thumbnailUrl\":\"https:\/\/empresas.infoempleo.com\/hrtrends\/media\/2019\/05\/HRTRENDS_incapacidad_temporal_grande_def.jpg\",\"datePublished\":\"2019-05-27T07:00:22+00:00\",\"description\":\"\u00bfSabes c\u00f3mo actuar en caso de que tu trabajador est\u00e9 en situaci\u00f3n de incapacidad temporal? Te contamos c\u00f3mo calcularlo y gestionarlo f\u00e1cilmente.\",\"breadcrumb\":{\"@id\":\"https:\/\/empresas.infoempleo.com\/hrtrends\/calculo-incapacidad-temporal\/#breadcrumb\"},\"inLanguage\":\"es\",\"potentialAction\":[{\"@type\":\"ReadAction\",\"target\":[\"https:\/\/empresas.infoempleo.com\/hrtrends\/calculo-incapacidad-temporal\/\"]}]},{\"@type\":\"ImageObject\",\"inLanguage\":\"es\",\"@id\":\"https:\/\/empresas.infoempleo.com\/hrtrends\/calculo-incapacidad-temporal\/#primaryimage\",\"url\":\"https:\/\/empresas.infoempleo.com\/hrtrends\/media\/2019\/05\/HRTRENDS_incapacidad_temporal_grande_def-150x150.jpg\",\"contentUrl\":\"https:\/\/empresas.infoempleo.com\/hrtrends\/media\/2019\/05\/HRTRENDS_incapacidad_temporal_grande_def-150x150.jpg\",\"width\":150,\"height\":150,\"caption\":\"Toda la informaci\u00f3n sobre la incapacidad temporal\"},{\"@type\":\"BreadcrumbList\",\"@id\":\"https:\/\/empresas.infoempleo.com\/hrtrends\/calculo-incapacidad-temporal\/#breadcrumb\",\"itemListElement\":[{\"@type\":\"ListItem\",\"position\":1,\"name\":\"Portada\",\"item\":\"https:\/\/empresas.infoempleo.com\/hrtrends\/\"},{\"@type\":\"ListItem\",\"position\":2,\"name\":\"\u00bfQu\u00e9 es y c\u00f3mo se calcula la incapacidad temporal?\"}]},{\"@type\":\"WebSite\",\"@id\":\"https:\/\/empresas.infoempleo.com\/hrtrends\/#website\",\"url\":\"https:\/\/empresas.infoempleo.com\/hrtrends\",\"name\":\"HRTrends by Infoempleo\",\"description\":\"\",\"publisher\":{\"@id\":\"https:\/\/empresas.infoempleo.com\/hrtrends\/#organization\"},\"potentialAction\":{\"@type\":\"SearchAction\",\"target\":\"https:\/\/empresas.infoempleo.com\/hrtrends\/?s={search_term_string}\",\"query-input\":\"required name=search_term_string\"},\"inLanguage\":\"es\"},{\"@type\":\"Organization\",\"@id\":\"https:\/\/empresas.infoempleo.com\/hrtrends\/#organization\",\"name\":\"Infoempleo\",\"url\":\"https:\/\/www.infoempleo.com\/\",\"logo\":{\"@type\":\"ImageObject\",\"@id\":\"https:\/\/empresas.infoempleo.com\/hrtrends\/#logo\",\"inLanguage\":\"es\",\"url\":\"https:\/\/cdnazure.infoempleo.com\/infoempleo\/assets\/style\/gfx\/logo.svg\",\"contentUrl\":\"https:\/\/cdnazure.infoempleo.com\/infoempleo\/assets\/style\/gfx\/logo.svg\",\"width\":150,\"height\":40,\"caption\":\"Infoempleo\"},\"image\":{\"@id\":\"https:\/\/empresas.infoempleo.com\/hrtrends\/#logo\"},\"sameAs\":[\"https:\/\/www.facebook.com\/Infoempleo\",\"https:\/\/x.com\/infoempleo\",\"http:\/\/instagram.com\/infoempleo\/\",\"http:\/\/www.linkedin.com\/groups\/Empleo-Espa\u00f1a-Infoempleocom-111276\",\"http:\/\/pinterest.com\/infoempleo\/\"],\"address\":{\"@type\":\"PostalAddress\",\"addressLocality\":\"Madrid\",\"postalCode\":\"28050\",\"streetAddress\":\"Avenida de Burgos 114\"},\"brand\":[\"Infoempleo\"]},{\"@type\":\"Person\",\"@id\":\"https:\/\/empresas.infoempleo.com\/hrtrends\/#\/schema\/person\/b1dd51edbb566a47cd8f7513fa73d223\",\"name\":\"Adriana M.\",\"image\":{\"@type\":\"ImageObject\",\"inLanguage\":\"es\",\"@id\":\"https:\/\/empresas.infoempleo.com\/hrtrends\/#\/schema\/person\/image\/\",\"url\":\"https:\/\/secure.gravatar.com\/avatar\/243f7dd7e1db0ad0e9791be05df7d72ba5c8bf338408591753bae2fe87dae18d?s=96&d=mm&r=g\",\"contentUrl\":\"https:\/\/secure.gravatar.com\/avatar\/243f7dd7e1db0ad0e9791be05df7d72ba5c8bf338408591753bae2fe87dae18d?s=96&d=mm&r=g\",\"caption\":\"Adriana M.\"},\"description\":\"Periodista y experta en Comunicaci\u00f3n Audiovisual y Narrativa. Me encanta escribir y narrar lo que pasa a mi alrededor es mi pasi\u00f3n.\",\"url\":\"https:\/\/empresas.infoempleo.com\/hrtrends\/author\/adriana-kanvas\/\"}]}<\/script>\n<!-- \/ Yoast SEO plugin. -->","yoast_head_json":{"title":"Incapacidad temporal del trabajador: \u00bfqu\u00e9 es? y \u00bfc\u00f3mo se calcula?","description":"\u00bfSabes c\u00f3mo actuar en caso de que tu trabajador est\u00e9 en situaci\u00f3n de incapacidad temporal? Te contamos c\u00f3mo calcularlo y gestionarlo f\u00e1cilmente.","robots":{"index":"index","follow":"follow","max-snippet":"max-snippet:-1","max-image-preview":"max-image-preview:large","max-video-preview":"max-video-preview:-1"},"canonical":"https:\/\/empresas.infoempleo.com\/hrtrends\/calculo-incapacidad-temporal\/","og_locale":"es_ES","og_type":"article","og_title":"Incapacidad temporal del trabajador: \u00bfqu\u00e9 es? y \u00bfc\u00f3mo se calcula?","og_description":"\u00bfSabes c\u00f3mo actuar en caso de que tu trabajador est\u00e9 en situaci\u00f3n de incapacidad temporal? Te contamos c\u00f3mo calcularlo y gestionarlo f\u00e1cilmente.","og_url":"https:\/\/empresas.infoempleo.com\/hrtrends\/calculo-incapacidad-temporal\/","og_site_name":"HRTRENDS","article_publisher":"https:\/\/www.facebook.com\/Infoempleo","article_published_time":"2019-05-27T07:00:22+00:00","og_image":[{"width":1140,"height":760,"url":"https:\/\/empresas.infoempleo.com\/hrtrends\/media\/2019\/05\/HRTRENDS_incapacidad_temporal_grande_def.jpg","type":"image\/jpeg"}],"author":"Adriana M.","twitter_card":"summary_large_image","twitter_creator":"@infoempleo","twitter_site":"@infoempleo","twitter_misc":{"Escrito por":"Adriana M.","Tiempo de lectura":"3 minutos"},"schema":{"@context":"https:\/\/schema.org","@graph":[{"@type":"NewsArticle","@id":"https:\/\/empresas.infoempleo.com\/hrtrends\/calculo-incapacidad-temporal\/#article","isPartOf":{"@id":"https:\/\/empresas.infoempleo.com\/hrtrends\/calculo-incapacidad-temporal\/"},"author":{"name":"Adriana M.","@id":"https:\/\/empresas.infoempleo.com\/hrtrends\/#\/schema\/person\/b1dd51edbb566a47cd8f7513fa73d223"},"headline":"\u00bfQu\u00e9 es y c\u00f3mo se calcula la incapacidad temporal?","datePublished":"2019-05-27T07:00:22+00:00","mainEntityOfPage":{"@id":"https:\/\/empresas.infoempleo.com\/hrtrends\/calculo-incapacidad-temporal\/"},"wordCount":628,"publisher":{"@id":"https:\/\/empresas.infoempleo.com\/hrtrends\/#organization"},"image":{"@id":"https:\/\/empresas.infoempleo.com\/hrtrends\/calculo-incapacidad-temporal\/#primaryimage"},"thumbnailUrl":"https:\/\/empresas.infoempleo.com\/hrtrends\/media\/2019\/05\/HRTRENDS_incapacidad_temporal_grande_def.jpg","keywords":["enfermedades laborales","incapacidad"],"articleSection":["Consejos"],"inLanguage":"es","copyrightYear":"2019","copyrightHolder":{"@id":"https:\/\/empresas.infoempleo.com\/hrtrends\/#organization"}},{"@type":"WebPage","@id":"https:\/\/empresas.infoempleo.com\/hrtrends\/calculo-incapacidad-temporal\/","url":"https:\/\/empresas.infoempleo.com\/hrtrends\/calculo-incapacidad-temporal\/","name":"Incapacidad temporal del trabajador: \u00bfqu\u00e9 es? y \u00bfc\u00f3mo se calcula?","isPartOf":{"@id":"https:\/\/empresas.infoempleo.com\/hrtrends\/#website"},"primaryImageOfPage":{"@id":"https:\/\/empresas.infoempleo.com\/hrtrends\/calculo-incapacidad-temporal\/#primaryimage"},"image":{"@id":"https:\/\/empresas.infoempleo.com\/hrtrends\/calculo-incapacidad-temporal\/#primaryimage"},"thumbnailUrl":"https:\/\/empresas.infoempleo.com\/hrtrends\/media\/2019\/05\/HRTRENDS_incapacidad_temporal_grande_def.jpg","datePublished":"2019-05-27T07:00:22+00:00","description":"\u00bfSabes c\u00f3mo actuar en caso de que tu trabajador est\u00e9 en situaci\u00f3n de incapacidad temporal? Te contamos c\u00f3mo calcularlo y gestionarlo f\u00e1cilmente.","breadcrumb":{"@id":"https:\/\/empresas.infoempleo.com\/hrtrends\/calculo-incapacidad-temporal\/#breadcrumb"},"inLanguage":"es","potentialAction":[{"@type":"ReadAction","target":["https:\/\/empresas.infoempleo.com\/hrtrends\/calculo-incapacidad-temporal\/"]}]},{"@type":"ImageObject","inLanguage":"es","@id":"https:\/\/empresas.infoempleo.com\/hrtrends\/calculo-incapacidad-temporal\/#primaryimage","url":"https:\/\/empresas.infoempleo.com\/hrtrends\/media\/2019\/05\/HRTRENDS_incapacidad_temporal_grande_def-150x150.jpg","contentUrl":"https:\/\/empresas.infoempleo.com\/hrtrends\/media\/2019\/05\/HRTRENDS_incapacidad_temporal_grande_def-150x150.jpg","width":150,"height":150,"caption":"Toda la informaci\u00f3n sobre la incapacidad temporal"},{"@type":"BreadcrumbList","@id":"https:\/\/empresas.infoempleo.com\/hrtrends\/calculo-incapacidad-temporal\/#breadcrumb","itemListElement":[{"@type":"ListItem","position":1,"name":"Portada","item":"https:\/\/empresas.infoempleo.com\/hrtrends\/"},{"@type":"ListItem","position":2,"name":"\u00bfQu\u00e9 es y c\u00f3mo se calcula la incapacidad temporal?"}]},{"@type":"WebSite","@id":"https:\/\/empresas.infoempleo.com\/hrtrends\/#website","url":"https:\/\/empresas.infoempleo.com\/hrtrends","name":"HRTrends by Infoempleo","description":"","publisher":{"@id":"https:\/\/empresas.infoempleo.com\/hrtrends\/#organization"},"potentialAction":{"@type":"SearchAction","target":"https:\/\/empresas.infoempleo.com\/hrtrends\/?s={search_term_string}","query-input":"required name=search_term_string"},"inLanguage":"es"},{"@type":"Organization","@id":"https:\/\/empresas.infoempleo.com\/hrtrends\/#organization","name":"Infoempleo","url":"https:\/\/www.infoempleo.com\/","logo":{"@type":"ImageObject","@id":"https:\/\/empresas.infoempleo.com\/hrtrends\/#logo","inLanguage":"es","url":"https:\/\/cdnazure.infoempleo.com\/infoempleo\/assets\/style\/gfx\/logo.svg","contentUrl":"https:\/\/cdnazure.infoempleo.com\/infoempleo\/assets\/style\/gfx\/logo.svg","width":150,"height":40,"caption":"Infoempleo"},"image":{"@id":"https:\/\/empresas.infoempleo.com\/hrtrends\/#logo"},"sameAs":["https:\/\/www.facebook.com\/Infoempleo","https:\/\/x.com\/infoempleo","http:\/\/instagram.com\/infoempleo\/","http:\/\/www.linkedin.com\/groups\/Empleo-Espa\u00f1a-Infoempleocom-111276","http:\/\/pinterest.com\/infoempleo\/"],"address":{"@type":"PostalAddress","addressLocality":"Madrid","postalCode":"28050","streetAddress":"Avenida de Burgos 114"},"brand":["Infoempleo"]},{"@type":"Person","@id":"https:\/\/empresas.infoempleo.com\/hrtrends\/#\/schema\/person\/b1dd51edbb566a47cd8f7513fa73d223","name":"Adriana M.","image":{"@type":"ImageObject","inLanguage":"es","@id":"https:\/\/empresas.infoempleo.com\/hrtrends\/#\/schema\/person\/image\/","url":"https:\/\/secure.gravatar.com\/avatar\/243f7dd7e1db0ad0e9791be05df7d72ba5c8bf338408591753bae2fe87dae18d?s=96&d=mm&r=g","contentUrl":"https:\/\/secure.gravatar.com\/avatar\/243f7dd7e1db0ad0e9791be05df7d72ba5c8bf338408591753bae2fe87dae18d?s=96&d=mm&r=g","caption":"Adriana M."},"description":"Periodista y experta en Comunicaci\u00f3n Audiovisual y Narrativa. Me encanta escribir y narrar lo que pasa a mi alrededor es mi pasi\u00f3n.","url":"https:\/\/empresas.infoempleo.com\/hrtrends\/author\/adriana-kanvas\/"}]}},"amp_enabled":true,"_links":{"self":[{"href":"https:\/\/empresas.infoempleo.com\/hrtrends\/wp-json\/wp\/v2\/posts\/35288","targetHints":{"allow":["GET"]}}],"collection":[{"href":"https:\/\/empresas.infoempleo.com\/hrtrends\/wp-json\/wp\/v2\/posts"}],"about":[{"href":"https:\/\/empresas.infoempleo.com\/hrtrends\/wp-json\/wp\/v2\/types\/post"}],"author":[{"embeddable":true,"href":"https:\/\/empresas.infoempleo.com\/hrtrends\/wp-json\/wp\/v2\/users\/122"}],"replies":[{"embeddable":true,"href":"https:\/\/empresas.infoempleo.com\/hrtrends\/wp-json\/wp\/v2\/comments?post=35288"}],"version-history":[{"count":0,"href":"https:\/\/empresas.infoempleo.com\/hrtrends\/wp-json\/wp\/v2\/posts\/35288\/revisions"}],"wp:featuredmedia":[{"embeddable":true,"href":"https:\/\/empresas.infoempleo.com\/hrtrends\/wp-json\/wp\/v2\/media\/35289"}],"wp:attachment":[{"href":"https:\/\/empresas.infoempleo.com\/hrtrends\/wp-json\/wp\/v2\/media?parent=35288"}],"wp:term":[{"taxonomy":"category","embeddable":true,"href":"https:\/\/empresas.infoempleo.com\/hrtrends\/wp-json\/wp\/v2\/categories?post=35288"},{"taxonomy":"post_tag","embeddable":true,"href":"https:\/\/empresas.infoempleo.com\/hrtrends\/wp-json\/wp\/v2\/tags?post=35288"}],"curies":[{"name":"wp","href":"https:\/\/api.w.org\/{rel}","templated":true}]}}