{"id":35266,"date":"2019-05-17T09:00:39","date_gmt":"2019-05-17T07:00:39","guid":{"rendered":"https:\/\/empresas.infoempleo.com\/hrtrends\/?p=35266"},"modified":"2019-05-14T09:31:27","modified_gmt":"2019-05-14T07:31:27","slug":"jornada-laboral-4-dias","status":"publish","type":"post","link":"https:\/\/empresas.infoempleo.com\/hrtrends\/jornada-laboral-4-dias\/","title":{"rendered":"Pros y contras de la jornada laboral de 4 d\u00edas"},"content":{"rendered":"<p><span style=\"font-weight: 400\">\u00bfTe imaginas implementar en tu empresa la <\/span><b>jornada laboral de 4 d\u00edas<\/b><span style=\"font-weight: 400\">? \u00bfCrees que ser\u00eda positivo de cara a tus trabajadores y a <\/span><b>mejorar la productividad<\/b><span style=\"font-weight: 400\"> de la empresa? En algunos <\/span><b>pa\u00edses<\/b><span style=\"font-weight: 400\"> la <\/span><b>jornada laboral de 4 d\u00edas es ya un hecho<\/b><span style=\"font-weight: 400\"> y se ha implementado con <\/span><b>notable \u00e9xito<\/b><span style=\"font-weight: 400\">. Te explicamos <\/span><b>c\u00f3mo funciona<\/b><span style=\"font-weight: 400\">, <\/span><b>qu\u00e9 ventajas y desventajas tiene<\/b><span style=\"font-weight: 400\"> y todo lo relacionado con el tema. <\/span><\/p>\n<h2><b>\u00bfC\u00f3mo funciona la jornada laboral de 4 d\u00edas?<\/b><\/h2>\n<p><span style=\"font-weight: 400\">Cada vez son m\u00e1s las empresas que se unen a esta forma de trabajo que consiste en <\/span><b>trabajar \u00fanicamente 4 d\u00edas a la semana<\/b><span style=\"font-weight: 400\">, es decir, se trabajar\u00eda por ejemplo de <\/span><b>lunes a jueves<\/b><span style=\"font-weight: 400\">, mientras que el <\/span><b>viernes, s\u00e1bado y domingo los trabajadores no tienen que trabajar<\/b><span style=\"font-weight: 400\">. Aunque, actualmente, la <\/span><b>jornada m\u00e1s com\u00fan es la de 8 horas al d\u00eda<\/b><span style=\"font-weight: 400\">, 5 d\u00edas de la semana, siendo el total de horas trabajadas de <\/span><b>40 a la semana.<\/b><\/p>\n<p><img loading=\"lazy\" decoding=\"async\" class=\"size-full wp-image-35268 aligncenter\" src=\"https:\/\/empresas.infoempleo.com\/hrtrends\/media\/2019\/05\/HRTRENDS_jornada_labora_cuatro_dias.jpg\" alt=\"Descubre toda la informaci\u00f3n sobre la jornada laboral de 4 d\u00edas \" width=\"1140\" height=\"760\" srcset=\"https:\/\/empresas.infoempleo.com\/hrtrends\/media\/2019\/05\/HRTRENDS_jornada_labora_cuatro_dias.jpg 1140w, https:\/\/empresas.infoempleo.com\/hrtrends\/media\/2019\/05\/HRTRENDS_jornada_labora_cuatro_dias-300x200.jpg 300w, https:\/\/empresas.infoempleo.com\/hrtrends\/media\/2019\/05\/HRTRENDS_jornada_labora_cuatro_dias-1024x683.jpg 1024w, https:\/\/empresas.infoempleo.com\/hrtrends\/media\/2019\/05\/HRTRENDS_jornada_labora_cuatro_dias-768x512.jpg 768w\" sizes=\"auto, (max-width: 1140px) 100vw, 1140px\" \/><\/p>\n<h2><b>Motivos por los que implementarla<\/b><\/h2>\n<p><span style=\"font-weight: 400\">Uno de los principales motivos que apoyan la <\/span><b>utilizaci\u00f3n de la jornada laboral de 4 d\u00edas<\/b><span style=\"font-weight: 400\"> es la <\/span><a href=\"https:\/\/empresas.infoempleo.com\/hrtrends\/consejos-conciliacion-laboral-familiar\/\"><b>conciliaci\u00f3n laboral<\/b><\/a><span style=\"font-weight: 400\">, ya que de este modo los <\/span><b>trabajadores<\/b><span style=\"font-weight: 400\"> tendr\u00e1n <\/span><b>m\u00e1s tiempo para su ocio <\/b><span style=\"font-weight: 400\">y su familia y esto har\u00e1 que <\/span><b>aumente el rendimiento de la empresa<\/b><span style=\"font-weight: 400\">. <\/span><\/p>\n<p><span style=\"font-weight: 400\">Desde el punto de vista de Recursos Humanos, la <\/span><b>conciliaci\u00f3n familiar<\/b><span style=\"font-weight: 400\"> de los trabajadores, su <\/span><b>energ\u00eda<\/b><span style=\"font-weight: 400\"> y su <\/span><b>motivaci\u00f3n<\/b><span style=\"font-weight: 400\"> son <\/span><b>factores clave<\/b><span style=\"font-weight: 400\"> para que la <\/span><b>compa\u00f1\u00eda funcione correctamente<\/b><span style=\"font-weight: 400\"> y <\/span><a href=\"https:\/\/empresas.infoempleo.com\/hrtrends\/mejora-tu-productividad\/\"><b>aumente su productividad<\/b><\/a><span style=\"font-weight: 400\">. Por lo que hay claras evidencias en que, <\/span><b>reduciendo el estr\u00e9s<\/b><span style=\"font-weight: 400\"> y la carga de los empleados, la empresa logra un <\/span><b>mayor crecimiento.<\/b><\/p>\n<p><span style=\"font-weight: 400\">Por otro lado, la <\/span><a href=\"https:\/\/empresas.infoempleo.com\/hrtrends\/aplicar-reduccion-jornada\"><b>reducci\u00f3n de la jornada laboral<\/b><\/a><span style=\"font-weight: 400\">, como ocurre con <\/span><a href=\"https:\/\/empresas.infoempleo.com\/hrtrends\/una-jornada-de-verano-que-dure-todo-el-ano\/\"><span style=\"font-weight: 400\">la jornada intensiva de verano<\/span><\/a><span style=\"font-weight: 400\">, \u00a0puede incluso <\/span><b>beneficiar econ\u00f3micamente<\/b><span style=\"font-weight: 400\"> a las <\/span><b>empresas<\/b><span style=\"font-weight: 400\">, ya que supone <\/span><b>reducir los costes en atenci\u00f3n m\u00e9dica<\/b><span style=\"font-weight: 400\"> e incluso <\/span><b>fomentar la contrataci\u00f3n <\/b><span style=\"font-weight: 400\">de m\u00e1s empleados, aumentando significativamente los niveles de empleo del pa\u00eds. <\/span><\/p>\n<p><span style=\"font-weight: 400\">Cabe indicar que tambi\u00e9n es <\/span><b>beneficioso para el medioambiente<\/b><span style=\"font-weight: 400\">, dado que se <\/span><b>reducir\u00edan los traslados <\/b><span style=\"font-weight: 400\">en <\/span><b>transporte propio<\/b><span style=\"font-weight: 400\"> y se <\/span><b>rebajar\u00eda el consumo de energ\u00eda<\/b><span style=\"font-weight: 400\"> utilizada.<\/span><\/p>\n<h2><b>Ejemplos de puesta en marcha exitosa de la jornada de cuatro horas <\/b><\/h2>\n<p><span style=\"font-weight: 400\">A pesar de que en <\/span><b>Espa\u00f1a no se ha generalizado la jornada laboral de 4 d\u00edas<\/b><span style=\"font-weight: 400\">, en el <\/span><b>exterior<\/b><span style=\"font-weight: 400\"> hay numerosos pa\u00edses en los que se ha <\/span><b>implantado<\/b><span style=\"font-weight: 400\">. Empresas de <\/span><b>Nueva Zelanda<\/b><span style=\"font-weight: 400\"> por ejemplo han sido pioneras en instaurarlos con buenos resultados puesto que han demostrado que con este tipo de jornada los <\/span><b>trabajadores se comprometen m\u00e1s con la empresa<\/b><span style=\"font-weight: 400\">. Tambi\u00e9n se han <\/span><b>implementado con \u00e9xito<\/b><span style=\"font-weight: 400\"> en pa\u00edses como <\/span><b>Estados Unidos, Francia, Alemania y Suiza<\/b><span style=\"font-weight: 400\">. <\/span><\/p>\n<p><span style=\"font-weight: 400\">Un ejemplo de ello ha sido la empresa neozelandesa <\/span><b>Perpetual Guardian<\/b><span style=\"font-weight: 400\">, una compa\u00f1\u00eda con 250 trabajadores dedicada a testamentos y la administraci\u00f3n de fideicomisos que hizo la prueba en 2018 durante los meses de marzo y abril <\/span><b>mejorando la conciliaci\u00f3n<\/b><span style=\"font-weight: 400\"> de los <\/span><b>trabajadores<\/b><span style=\"font-weight: 400\"> y, sobre todo, <\/span><b>aumentando su eficacia<\/b><span style=\"font-weight: 400\">. <\/span><\/p>\n<p><span style=\"font-weight: 400\">Tambi\u00e9n hay claros ejemplos en <\/span><b>Estados Unidos<\/b><span style=\"font-weight: 400\"> como <\/span><b>Treehouse<\/b><span style=\"font-weight: 400\">, que ya lleva con esta jornada 4 a\u00f1os, y <\/span><b>Basecamp<\/b><span style=\"font-weight: 400\">, que la pone en marcha parcialmente de mayo a octubre, como si de una <\/span><a href=\"https:\/\/empresas.infoempleo.com\/hrtrends\/jornada-intensiva-verano\"><span style=\"font-weight: 400\">jornada intensiva de verano se tratase<\/span><\/a><span style=\"font-weight: 400\">.<\/span><\/p>\n<h2><b>Desventajas de la jornada laboral de 4 d\u00edas<\/b><\/h2>\n<p><span style=\"font-weight: 400\">Decidir que tu empresa solo <\/span><b>trabaje durante cuatro d\u00edas<\/b><span style=\"font-weight: 400\"> mientras que tu competencia lo hace durante cinco es <\/span><b>complicado<\/b><span style=\"font-weight: 400\">. Por lo que la elecci\u00f3n de esta jornada laboral depende, en la mayor\u00eda de los casos, de la <\/span><b>naturaleza del trabajo<\/b><span style=\"font-weight: 400\">. Por ejemplo, no es lo mismo una revista online que una gasolinera, ya que, en el \u00faltimo caso, la empresa puede ofrecer un horario m\u00e1s flexible a sus empleados, pero no prescindir de ellos durante tres d\u00edas a la semana. <\/span><\/p>\n<p><span style=\"font-weight: 400\">Por otro lado, las empresas deben estar dispuestas a <\/span><b>pagar a sus empleados el mismo sueldo<\/b><span style=\"font-weight: 400\"> que si trabajaran cinco d\u00edas semanales, algo con lo que algunos empresarios discrepan, y esto puede ser un problema para los empleados.<\/span><\/p>\n<p><span style=\"font-weight: 400\">No obstante, <\/span><b>las ventajas son m\u00e1s que las desventajas<\/b><span style=\"font-weight: 400\">, por lo que valorar la incorporaci\u00f3n de la jornada laboral de 4 d\u00edas puede ser un plus para tu empresa en cuanto a <\/span><b>efectividad<\/b><span style=\"font-weight: 400\"> y <\/span><b>aumento de productividad<\/b><span style=\"font-weight: 400\">. \u00bfConsideras factible implementar este tipo de jornada en tu compa\u00f1\u00eda?<\/span><\/p>\n","protected":false},"excerpt":{"rendered":"<p>\u00bfTe imaginas implementar en tu empresa la jornada laboral de 4 d\u00edas? \u00bfCrees que ser\u00eda positivo de cara<a class=\"moretag\" href=\"https:\/\/empresas.infoempleo.com\/hrtrends\/jornada-laboral-4-dias\/\"> Leer m\u00e1s<\/a><\/p>\n","protected":false},"author":122,"featured_media":35269,"comment_status":"closed","ping_status":"closed","sticky":false,"template":"","format":"standard","meta":{"footnotes":""},"categories":[3],"tags":[76,522],"class_list":["post-35266","post","type-post","status-publish","format-standard","has-post-thumbnail","hentry","category-actualidad","tag-conciliacion","tag-jornada-laboral"],"yoast_head":"<!-- This site is optimized with the Yoast SEO plugin v26.1.1 - https:\/\/yoast.com\/wordpress\/plugins\/seo\/ -->\n<title>Jornada laboral de 4 d\u00edas: qu\u00e9 es, pros y contras de su implementaci\u00f3n<\/title>\n<meta name=\"description\" content=\"Descubre todas las particularidades de la jornada laboral de 4 d\u00edas semanales: qu\u00e9 aporta a la empresa y al trabajador, c\u00f3mo implementarla, etc.\" \/>\n<meta name=\"robots\" content=\"index, follow, max-snippet:-1, max-image-preview:large, max-video-preview:-1\" \/>\n<link rel=\"canonical\" href=\"https:\/\/empresas.infoempleo.com\/hrtrends\/jornada-laboral-4-dias\/\" \/>\n<meta property=\"og:locale\" content=\"es_ES\" \/>\n<meta property=\"og:type\" content=\"article\" \/>\n<meta property=\"og:title\" content=\"Jornada laboral de 4 d\u00edas: qu\u00e9 es, pros y contras de su implementaci\u00f3n\" \/>\n<meta property=\"og:description\" content=\"Descubre todas las particularidades de la jornada laboral de 4 d\u00edas semanales: qu\u00e9 aporta a la empresa y al trabajador, c\u00f3mo implementarla, etc.\" \/>\n<meta property=\"og:url\" content=\"https:\/\/empresas.infoempleo.com\/hrtrends\/jornada-laboral-4-dias\/\" \/>\n<meta property=\"og:site_name\" content=\"HRTRENDS\" \/>\n<meta property=\"article:publisher\" content=\"https:\/\/www.facebook.com\/Infoempleo\" \/>\n<meta property=\"article:published_time\" content=\"2019-05-17T07:00:39+00:00\" \/>\n<meta property=\"og:image\" content=\"https:\/\/empresas.infoempleo.com\/hrtrends\/media\/2019\/05\/HRTRENDS_jordanada_laboral_cuatro_dias_grande.jpg\" \/>\n\t<meta property=\"og:image:width\" content=\"1140\" \/>\n\t<meta property=\"og:image:height\" content=\"719\" \/>\n\t<meta property=\"og:image:type\" content=\"image\/jpeg\" \/>\n<meta name=\"author\" content=\"Adriana M.\" \/>\n<meta name=\"twitter:card\" content=\"summary_large_image\" \/>\n<meta name=\"twitter:creator\" content=\"@infoempleo\" \/>\n<meta name=\"twitter:site\" content=\"@infoempleo\" \/>\n<meta name=\"twitter:label1\" content=\"Escrito por\" \/>\n\t<meta name=\"twitter:data1\" content=\"Adriana M.\" \/>\n\t<meta name=\"twitter:label2\" content=\"Tiempo de lectura\" \/>\n\t<meta name=\"twitter:data2\" content=\"4 minutos\" \/>\n<script type=\"application\/ld+json\" class=\"yoast-schema-graph\">{\"@context\":\"https:\/\/schema.org\",\"@graph\":[{\"@type\":\"NewsArticle\",\"@id\":\"https:\/\/empresas.infoempleo.com\/hrtrends\/jornada-laboral-4-dias\/#article\",\"isPartOf\":{\"@id\":\"https:\/\/empresas.infoempleo.com\/hrtrends\/jornada-laboral-4-dias\/\"},\"author\":{\"name\":\"Adriana M.\",\"@id\":\"https:\/\/empresas.infoempleo.com\/hrtrends\/#\/schema\/person\/b1dd51edbb566a47cd8f7513fa73d223\"},\"headline\":\"Pros y contras de la jornada laboral de 4 d\u00edas\",\"datePublished\":\"2019-05-17T07:00:39+00:00\",\"mainEntityOfPage\":{\"@id\":\"https:\/\/empresas.infoempleo.com\/hrtrends\/jornada-laboral-4-dias\/\"},\"wordCount\":732,\"publisher\":{\"@id\":\"https:\/\/empresas.infoempleo.com\/hrtrends\/#organization\"},\"image\":{\"@id\":\"https:\/\/empresas.infoempleo.com\/hrtrends\/jornada-laboral-4-dias\/#primaryimage\"},\"thumbnailUrl\":\"https:\/\/empresas.infoempleo.com\/hrtrends\/media\/2019\/05\/HRTRENDS_jordanada_laboral_cuatro_dias_grande.jpg\",\"keywords\":[\"conciliaci\u00f3n\",\"jornada laboral\"],\"articleSection\":[\"Actualidad\"],\"inLanguage\":\"es\",\"copyrightYear\":\"2019\",\"copyrightHolder\":{\"@id\":\"https:\/\/empresas.infoempleo.com\/hrtrends\/#organization\"}},{\"@type\":\"WebPage\",\"@id\":\"https:\/\/empresas.infoempleo.com\/hrtrends\/jornada-laboral-4-dias\/\",\"url\":\"https:\/\/empresas.infoempleo.com\/hrtrends\/jornada-laboral-4-dias\/\",\"name\":\"Jornada laboral de 4 d\u00edas: qu\u00e9 es, pros y contras de su implementaci\u00f3n\",\"isPartOf\":{\"@id\":\"https:\/\/empresas.infoempleo.com\/hrtrends\/#website\"},\"primaryImageOfPage\":{\"@id\":\"https:\/\/empresas.infoempleo.com\/hrtrends\/jornada-laboral-4-dias\/#primaryimage\"},\"image\":{\"@id\":\"https:\/\/empresas.infoempleo.com\/hrtrends\/jornada-laboral-4-dias\/#primaryimage\"},\"thumbnailUrl\":\"https:\/\/empresas.infoempleo.com\/hrtrends\/media\/2019\/05\/HRTRENDS_jordanada_laboral_cuatro_dias_grande.jpg\",\"datePublished\":\"2019-05-17T07:00:39+00:00\",\"description\":\"Descubre todas las particularidades de la jornada laboral de 4 d\u00edas semanales: qu\u00e9 aporta a la empresa y al trabajador, c\u00f3mo implementarla, etc.\",\"breadcrumb\":{\"@id\":\"https:\/\/empresas.infoempleo.com\/hrtrends\/jornada-laboral-4-dias\/#breadcrumb\"},\"inLanguage\":\"es\",\"potentialAction\":[{\"@type\":\"ReadAction\",\"target\":[\"https:\/\/empresas.infoempleo.com\/hrtrends\/jornada-laboral-4-dias\/\"]}]},{\"@type\":\"ImageObject\",\"inLanguage\":\"es\",\"@id\":\"https:\/\/empresas.infoempleo.com\/hrtrends\/jornada-laboral-4-dias\/#primaryimage\",\"url\":\"https:\/\/empresas.infoempleo.com\/hrtrends\/media\/2019\/05\/HRTRENDS_jordanada_laboral_cuatro_dias_grande-150x150.jpg\",\"contentUrl\":\"https:\/\/empresas.infoempleo.com\/hrtrends\/media\/2019\/05\/HRTRENDS_jordanada_laboral_cuatro_dias_grande-150x150.jpg\",\"width\":150,\"height\":150},{\"@type\":\"BreadcrumbList\",\"@id\":\"https:\/\/empresas.infoempleo.com\/hrtrends\/jornada-laboral-4-dias\/#breadcrumb\",\"itemListElement\":[{\"@type\":\"ListItem\",\"position\":1,\"name\":\"Portada\",\"item\":\"https:\/\/empresas.infoempleo.com\/hrtrends\/\"},{\"@type\":\"ListItem\",\"position\":2,\"name\":\"Pros y contras de la jornada laboral de 4 d\u00edas\"}]},{\"@type\":\"WebSite\",\"@id\":\"https:\/\/empresas.infoempleo.com\/hrtrends\/#website\",\"url\":\"https:\/\/empresas.infoempleo.com\/hrtrends\",\"name\":\"HRTrends by Infoempleo\",\"description\":\"\",\"publisher\":{\"@id\":\"https:\/\/empresas.infoempleo.com\/hrtrends\/#organization\"},\"potentialAction\":{\"@type\":\"SearchAction\",\"target\":\"https:\/\/empresas.infoempleo.com\/hrtrends\/?s={search_term_string}\",\"query-input\":\"required name=search_term_string\"},\"inLanguage\":\"es\"},{\"@type\":\"Organization\",\"@id\":\"https:\/\/empresas.infoempleo.com\/hrtrends\/#organization\",\"name\":\"Infoempleo\",\"url\":\"https:\/\/www.infoempleo.com\/\",\"logo\":{\"@type\":\"ImageObject\",\"@id\":\"https:\/\/empresas.infoempleo.com\/hrtrends\/#logo\",\"inLanguage\":\"es\",\"url\":\"https:\/\/cdnazure.infoempleo.com\/infoempleo\/assets\/style\/gfx\/logo.svg\",\"contentUrl\":\"https:\/\/cdnazure.infoempleo.com\/infoempleo\/assets\/style\/gfx\/logo.svg\",\"width\":150,\"height\":40,\"caption\":\"Infoempleo\"},\"image\":{\"@id\":\"https:\/\/empresas.infoempleo.com\/hrtrends\/#logo\"},\"sameAs\":[\"https:\/\/www.facebook.com\/Infoempleo\",\"https:\/\/x.com\/infoempleo\",\"http:\/\/instagram.com\/infoempleo\/\",\"http:\/\/www.linkedin.com\/groups\/Empleo-Espa\u00f1a-Infoempleocom-111276\",\"http:\/\/pinterest.com\/infoempleo\/\"],\"address\":{\"@type\":\"PostalAddress\",\"addressLocality\":\"Madrid\",\"postalCode\":\"28050\",\"streetAddress\":\"Avenida de Burgos 114\"},\"brand\":[\"Infoempleo\"]},{\"@type\":\"Person\",\"@id\":\"https:\/\/empresas.infoempleo.com\/hrtrends\/#\/schema\/person\/b1dd51edbb566a47cd8f7513fa73d223\",\"name\":\"Adriana M.\",\"image\":{\"@type\":\"ImageObject\",\"inLanguage\":\"es\",\"@id\":\"https:\/\/empresas.infoempleo.com\/hrtrends\/#\/schema\/person\/image\/\",\"url\":\"https:\/\/secure.gravatar.com\/avatar\/243f7dd7e1db0ad0e9791be05df7d72ba5c8bf338408591753bae2fe87dae18d?s=96&d=mm&r=g\",\"contentUrl\":\"https:\/\/secure.gravatar.com\/avatar\/243f7dd7e1db0ad0e9791be05df7d72ba5c8bf338408591753bae2fe87dae18d?s=96&d=mm&r=g\",\"caption\":\"Adriana M.\"},\"description\":\"Periodista y experta en Comunicaci\u00f3n Audiovisual y Narrativa. Me encanta escribir y narrar lo que pasa a mi alrededor es mi pasi\u00f3n.\",\"url\":\"https:\/\/empresas.infoempleo.com\/hrtrends\/author\/adriana-kanvas\/\"}]}<\/script>\n<!-- \/ Yoast SEO plugin. -->","yoast_head_json":{"title":"Jornada laboral de 4 d\u00edas: qu\u00e9 es, pros y contras de su implementaci\u00f3n","description":"Descubre todas las particularidades de la jornada laboral de 4 d\u00edas semanales: qu\u00e9 aporta a la empresa y al trabajador, c\u00f3mo implementarla, etc.","robots":{"index":"index","follow":"follow","max-snippet":"max-snippet:-1","max-image-preview":"max-image-preview:large","max-video-preview":"max-video-preview:-1"},"canonical":"https:\/\/empresas.infoempleo.com\/hrtrends\/jornada-laboral-4-dias\/","og_locale":"es_ES","og_type":"article","og_title":"Jornada laboral de 4 d\u00edas: qu\u00e9 es, pros y contras de su implementaci\u00f3n","og_description":"Descubre todas las particularidades de la jornada laboral de 4 d\u00edas semanales: qu\u00e9 aporta a la empresa y al trabajador, c\u00f3mo implementarla, etc.","og_url":"https:\/\/empresas.infoempleo.com\/hrtrends\/jornada-laboral-4-dias\/","og_site_name":"HRTRENDS","article_publisher":"https:\/\/www.facebook.com\/Infoempleo","article_published_time":"2019-05-17T07:00:39+00:00","og_image":[{"width":1140,"height":719,"url":"https:\/\/empresas.infoempleo.com\/hrtrends\/media\/2019\/05\/HRTRENDS_jordanada_laboral_cuatro_dias_grande.jpg","type":"image\/jpeg"}],"author":"Adriana M.","twitter_card":"summary_large_image","twitter_creator":"@infoempleo","twitter_site":"@infoempleo","twitter_misc":{"Escrito por":"Adriana M.","Tiempo de lectura":"4 minutos"},"schema":{"@context":"https:\/\/schema.org","@graph":[{"@type":"NewsArticle","@id":"https:\/\/empresas.infoempleo.com\/hrtrends\/jornada-laboral-4-dias\/#article","isPartOf":{"@id":"https:\/\/empresas.infoempleo.com\/hrtrends\/jornada-laboral-4-dias\/"},"author":{"name":"Adriana M.","@id":"https:\/\/empresas.infoempleo.com\/hrtrends\/#\/schema\/person\/b1dd51edbb566a47cd8f7513fa73d223"},"headline":"Pros y contras de la jornada laboral de 4 d\u00edas","datePublished":"2019-05-17T07:00:39+00:00","mainEntityOfPage":{"@id":"https:\/\/empresas.infoempleo.com\/hrtrends\/jornada-laboral-4-dias\/"},"wordCount":732,"publisher":{"@id":"https:\/\/empresas.infoempleo.com\/hrtrends\/#organization"},"image":{"@id":"https:\/\/empresas.infoempleo.com\/hrtrends\/jornada-laboral-4-dias\/#primaryimage"},"thumbnailUrl":"https:\/\/empresas.infoempleo.com\/hrtrends\/media\/2019\/05\/HRTRENDS_jordanada_laboral_cuatro_dias_grande.jpg","keywords":["conciliaci\u00f3n","jornada laboral"],"articleSection":["Actualidad"],"inLanguage":"es","copyrightYear":"2019","copyrightHolder":{"@id":"https:\/\/empresas.infoempleo.com\/hrtrends\/#organization"}},{"@type":"WebPage","@id":"https:\/\/empresas.infoempleo.com\/hrtrends\/jornada-laboral-4-dias\/","url":"https:\/\/empresas.infoempleo.com\/hrtrends\/jornada-laboral-4-dias\/","name":"Jornada laboral de 4 d\u00edas: qu\u00e9 es, pros y contras de su implementaci\u00f3n","isPartOf":{"@id":"https:\/\/empresas.infoempleo.com\/hrtrends\/#website"},"primaryImageOfPage":{"@id":"https:\/\/empresas.infoempleo.com\/hrtrends\/jornada-laboral-4-dias\/#primaryimage"},"image":{"@id":"https:\/\/empresas.infoempleo.com\/hrtrends\/jornada-laboral-4-dias\/#primaryimage"},"thumbnailUrl":"https:\/\/empresas.infoempleo.com\/hrtrends\/media\/2019\/05\/HRTRENDS_jordanada_laboral_cuatro_dias_grande.jpg","datePublished":"2019-05-17T07:00:39+00:00","description":"Descubre todas las particularidades de la jornada laboral de 4 d\u00edas semanales: qu\u00e9 aporta a la empresa y al trabajador, c\u00f3mo implementarla, etc.","breadcrumb":{"@id":"https:\/\/empresas.infoempleo.com\/hrtrends\/jornada-laboral-4-dias\/#breadcrumb"},"inLanguage":"es","potentialAction":[{"@type":"ReadAction","target":["https:\/\/empresas.infoempleo.com\/hrtrends\/jornada-laboral-4-dias\/"]}]},{"@type":"ImageObject","inLanguage":"es","@id":"https:\/\/empresas.infoempleo.com\/hrtrends\/jornada-laboral-4-dias\/#primaryimage","url":"https:\/\/empresas.infoempleo.com\/hrtrends\/media\/2019\/05\/HRTRENDS_jordanada_laboral_cuatro_dias_grande-150x150.jpg","contentUrl":"https:\/\/empresas.infoempleo.com\/hrtrends\/media\/2019\/05\/HRTRENDS_jordanada_laboral_cuatro_dias_grande-150x150.jpg","width":150,"height":150},{"@type":"BreadcrumbList","@id":"https:\/\/empresas.infoempleo.com\/hrtrends\/jornada-laboral-4-dias\/#breadcrumb","itemListElement":[{"@type":"ListItem","position":1,"name":"Portada","item":"https:\/\/empresas.infoempleo.com\/hrtrends\/"},{"@type":"ListItem","position":2,"name":"Pros y contras de la jornada laboral de 4 d\u00edas"}]},{"@type":"WebSite","@id":"https:\/\/empresas.infoempleo.com\/hrtrends\/#website","url":"https:\/\/empresas.infoempleo.com\/hrtrends","name":"HRTrends by Infoempleo","description":"","publisher":{"@id":"https:\/\/empresas.infoempleo.com\/hrtrends\/#organization"},"potentialAction":{"@type":"SearchAction","target":"https:\/\/empresas.infoempleo.com\/hrtrends\/?s={search_term_string}","query-input":"required name=search_term_string"},"inLanguage":"es"},{"@type":"Organization","@id":"https:\/\/empresas.infoempleo.com\/hrtrends\/#organization","name":"Infoempleo","url":"https:\/\/www.infoempleo.com\/","logo":{"@type":"ImageObject","@id":"https:\/\/empresas.infoempleo.com\/hrtrends\/#logo","inLanguage":"es","url":"https:\/\/cdnazure.infoempleo.com\/infoempleo\/assets\/style\/gfx\/logo.svg","contentUrl":"https:\/\/cdnazure.infoempleo.com\/infoempleo\/assets\/style\/gfx\/logo.svg","width":150,"height":40,"caption":"Infoempleo"},"image":{"@id":"https:\/\/empresas.infoempleo.com\/hrtrends\/#logo"},"sameAs":["https:\/\/www.facebook.com\/Infoempleo","https:\/\/x.com\/infoempleo","http:\/\/instagram.com\/infoempleo\/","http:\/\/www.linkedin.com\/groups\/Empleo-Espa\u00f1a-Infoempleocom-111276","http:\/\/pinterest.com\/infoempleo\/"],"address":{"@type":"PostalAddress","addressLocality":"Madrid","postalCode":"28050","streetAddress":"Avenida de Burgos 114"},"brand":["Infoempleo"]},{"@type":"Person","@id":"https:\/\/empresas.infoempleo.com\/hrtrends\/#\/schema\/person\/b1dd51edbb566a47cd8f7513fa73d223","name":"Adriana M.","image":{"@type":"ImageObject","inLanguage":"es","@id":"https:\/\/empresas.infoempleo.com\/hrtrends\/#\/schema\/person\/image\/","url":"https:\/\/secure.gravatar.com\/avatar\/243f7dd7e1db0ad0e9791be05df7d72ba5c8bf338408591753bae2fe87dae18d?s=96&d=mm&r=g","contentUrl":"https:\/\/secure.gravatar.com\/avatar\/243f7dd7e1db0ad0e9791be05df7d72ba5c8bf338408591753bae2fe87dae18d?s=96&d=mm&r=g","caption":"Adriana M."},"description":"Periodista y experta en Comunicaci\u00f3n Audiovisual y Narrativa. Me encanta escribir y narrar lo que pasa a mi alrededor es mi pasi\u00f3n.","url":"https:\/\/empresas.infoempleo.com\/hrtrends\/author\/adriana-kanvas\/"}]}},"amp_enabled":true,"_links":{"self":[{"href":"https:\/\/empresas.infoempleo.com\/hrtrends\/wp-json\/wp\/v2\/posts\/35266","targetHints":{"allow":["GET"]}}],"collection":[{"href":"https:\/\/empresas.infoempleo.com\/hrtrends\/wp-json\/wp\/v2\/posts"}],"about":[{"href":"https:\/\/empresas.infoempleo.com\/hrtrends\/wp-json\/wp\/v2\/types\/post"}],"author":[{"embeddable":true,"href":"https:\/\/empresas.infoempleo.com\/hrtrends\/wp-json\/wp\/v2\/users\/122"}],"replies":[{"embeddable":true,"href":"https:\/\/empresas.infoempleo.com\/hrtrends\/wp-json\/wp\/v2\/comments?post=35266"}],"version-history":[{"count":0,"href":"https:\/\/empresas.infoempleo.com\/hrtrends\/wp-json\/wp\/v2\/posts\/35266\/revisions"}],"wp:featuredmedia":[{"embeddable":true,"href":"https:\/\/empresas.infoempleo.com\/hrtrends\/wp-json\/wp\/v2\/media\/35269"}],"wp:attachment":[{"href":"https:\/\/empresas.infoempleo.com\/hrtrends\/wp-json\/wp\/v2\/media?parent=35266"}],"wp:term":[{"taxonomy":"category","embeddable":true,"href":"https:\/\/empresas.infoempleo.com\/hrtrends\/wp-json\/wp\/v2\/categories?post=35266"},{"taxonomy":"post_tag","embeddable":true,"href":"https:\/\/empresas.infoempleo.com\/hrtrends\/wp-json\/wp\/v2\/tags?post=35266"}],"curies":[{"name":"wp","href":"https:\/\/api.w.org\/{rel}","templated":true}]}}