{"id":35179,"date":"2019-04-29T08:26:43","date_gmt":"2019-04-29T06:26:43","guid":{"rendered":"https:\/\/empresas.infoempleo.com\/hrtrends\/?p=35179"},"modified":"2019-04-03T14:33:53","modified_gmt":"2019-04-03T12:33:53","slug":"efecto-galatea","status":"publish","type":"post","link":"https:\/\/empresas.infoempleo.com\/hrtrends\/efecto-galatea\/","title":{"rendered":"El Efecto Galatea: qu\u00e9 es y c\u00f3mo puede afectar a tus empleados"},"content":{"rendered":"<p><span style=\"font-weight: 400\">En <\/span><b>Recursos Humanos<\/b><span style=\"font-weight: 400\"> se utilizan habitualmente <\/span><b>conceptos o met\u00e1foras<\/b><span style=\"font-weight: 400\"> originados en diversas ramas cient\u00edficas, psicol\u00f3gicas o filos\u00f3ficas que aportan <\/span><b>conocimientos significativos<\/b><span style=\"font-weight: 400\"> a la hora de <\/span><b>gestionar al personal<\/b><span style=\"font-weight: 400\"> de una manera innovadora. El <\/span><b>efecto Galatea<\/b><span style=\"font-weight: 400\"> es un buen ejemplo. Parte de un <\/span><b>mito griego<\/b><span style=\"font-weight: 400\"> y plantea que cuanto m\u00e1s creamos que vamos a <\/span><b>alcanzar una meta,<\/b><span style=\"font-weight: 400\"> m\u00e1s probable ser\u00e1 su <\/span><b>consecuci\u00f3n<\/b><span style=\"font-weight: 400\">. <\/span><\/p>\n<p><span style=\"font-weight: 400\">\u00bfPor qu\u00e9 la <\/span><a href=\"https:\/\/empresas.infoempleo.com\/hrtrends\/mejora-tu-productividad\/\"><b>productividad de los empleados<\/b><\/a><span style=\"font-weight: 400\"> depende, en gran parte, de la imagen que de ellos tenga su jefe o l\u00edder? Interesante \u00bfverdad? Conoce m\u00e1s sobre el tambi\u00e9n llamado <\/span><b>s\u00edndrome Galatea <\/b><span style=\"font-weight: 400\">y pon en pr\u00e1ctica esa sabidur\u00eda milenaria.<\/span><\/p>\n<p><img loading=\"lazy\" decoding=\"async\" class=\"size-full wp-image-35181 aligncenter\" src=\"https:\/\/empresas.infoempleo.com\/hrtrends\/media\/2019\/04\/HRTRENDS-CONSEJOS-EFECTO_GALATEA2.jpg\" alt=\"Efecto Galatea\" width=\"755\" height=\"463\" srcset=\"https:\/\/empresas.infoempleo.com\/hrtrends\/media\/2019\/04\/HRTRENDS-CONSEJOS-EFECTO_GALATEA2.jpg 755w, https:\/\/empresas.infoempleo.com\/hrtrends\/media\/2019\/04\/HRTRENDS-CONSEJOS-EFECTO_GALATEA2-300x184.jpg 300w\" sizes=\"auto, (max-width: 755px) 100vw, 755px\" \/><\/p>\n<h2><b>Efecto Pigmali\u00f3n y su relaci\u00f3n con el efecto Galatea<\/b><\/h2>\n<p><span style=\"font-weight: 400\">Ahora entender\u00e1s por qu\u00e9 el <\/span><b>efecto Galatea<\/b><span style=\"font-weight: 400\"> se considera un <\/span><b>derivado del de Pigmali\u00f3n<\/b><span style=\"font-weight: 400\"> ya que el <\/span><a href=\"https:\/\/empresas.infoempleo.com\/hrtrends\/motivacion-laboral-la-importancia-del-efecto-pigmalion-2\/\"><span style=\"font-weight: 400\">efecto Pigmali\u00f3n<\/span><\/a><span style=\"font-weight: 400\"> se resume m\u00e1s o menos as\u00ed: un rey de Chipre que no lograba enamorarse de ninguna mujer, cay\u00f3 bajo los <\/span><b>encantos de Galatea<\/b><span style=\"font-weight: 400\">, una obra de marfil del escultor Pigmali\u00f3n. La consider\u00f3 la <\/span><b>mujer ideal<\/b><span style=\"font-weight: 400\"> y pidi\u00f3 a los dioses que la <\/span><b>materializaran para \u00e9l<\/b><span style=\"font-weight: 400\">. Venus cumpli\u00f3 su deseo.<\/span><\/p>\n<p><span style=\"font-weight: 400\">El mito refleja que por <\/span><b>creerla perfecta y viva<\/b><span style=\"font-weight: 400\">, finalmente consigui\u00f3 su cometido. En el mundo laboral significa que <\/span><b>todo directivo tiene una imagen<\/b><span style=\"font-weight: 400\">, m\u00e1s o menos, formada de sus <\/span><b>subordinados<\/b><span style=\"font-weight: 400\">. Si es <\/span><b>positiva<\/b><span style=\"font-weight: 400\">, todo va bien, si es <\/span><b>negativa<\/b><span style=\"font-weight: 400\">, surgen los obst\u00e1culos.<\/span><\/p>\n<p><span style=\"font-weight: 400\">Si un <\/span><a href=\"https:\/\/empresas.infoempleo.com\/hrtrends\/trabajadores-clave-exito-empresarial\/\"><b>empleado se siente valorado por su jefe<\/b><\/a><span style=\"font-weight: 400\">, su <\/span><b>desempe\u00f1o y compromiso<\/b><span style=\"font-weight: 400\"> con la organizaci\u00f3n ser\u00e1n <\/span><b>grandiosos<\/b><span style=\"font-weight: 400\">. De lo contrario, <\/span><b>trabajar\u00e1 poco motivado.<\/b><\/p>\n<h2><b>C\u00f3mo influyen las expectativas de los altos cargos en los puestos b\u00e1sicos<\/b><\/h2>\n<p><span style=\"font-weight: 400\">\u201cTrata a un hombre tal como es y seguir\u00e1 siendo lo que es; tr\u00e1talo como puede y debe ser y se convertir\u00e1 en lo que puede y debe ser\u201d. Esta frase que se le atribuye a <\/span><b>Goethe<\/b><span style=\"font-weight: 400\"> guarda una \u00edntima relaci\u00f3n con el <\/span><b>efecto Galatea<\/b><span style=\"font-weight: 400\">. Trasladada al \u00e1mbito empresarial muestra a las claras c\u00f3mo <\/span><b>la visi\u00f3n que se tenga del personal<\/b><span style=\"font-weight: 400\"> afecta a su <\/span><b>capacidad y productividad.<\/b><\/p>\n<p><span style=\"font-weight: 400\">En otras palabras, si las <\/span><b>expectativas<\/b><span style=\"font-weight: 400\"> hacia determinado equipo de trabajo parten de la <\/span><b>confianza<\/b><span style=\"font-weight: 400\"> y la <\/span><b>seguridad<\/b> <b>de un jefe<\/b><span style=\"font-weight: 400\"> hacia sus colaboradores, los <\/span><b>resultados ser\u00e1n positivos<\/b><span style=\"font-weight: 400\">. Por el contrario, si un <\/span><b>l\u00edder desconf\u00eda y menosprecia<\/b><span style=\"font-weight: 400\"> constantemente la capacidad de los <\/span><b>empleados<\/b><span style=\"font-weight: 400\"> a su cargo es muy probable que su <\/span><b>proyecto no alcance los objetivos trazados<\/b><span style=\"font-weight: 400\">. Ser\u00eda el caso del <\/span><a href=\"https:\/\/empresas.infoempleo.com\/hrtrends\/efecto-dunning-kruger\/\"><span style=\"font-weight: 400\">efecto Dunning Kruger<\/span><\/a><span style=\"font-weight: 400\">.<\/span><\/p>\n<p><span style=\"font-weight: 400\">Sin duda, la <\/span><b>actitud<\/b><span style=\"font-weight: 400\"> que un <\/span><b>directivo<\/b><span style=\"font-weight: 400\"> adopta al <\/span><b>interactuar con sus subalternos<\/b><span style=\"font-weight: 400\"> posibilita (o no) que estos \u00faltimos sean <\/span><b>capaces de sacar lo mejor de s\u00ed<\/b><span style=\"font-weight: 400\">. Por ejemplo, cuando se abordan las <\/span><a href=\"https:\/\/empresas.infoempleo.com\/hrtrends\/rating-empleados\"><span style=\"font-weight: 400\">valoraciones de los empleados<\/span><\/a><span style=\"font-weight: 400\">, el hecho de destacar las <\/span><b>potencialidades<\/b><span style=\"font-weight: 400\"> de estos sobre su <\/span><b>Tal\u00f3n de Aquiles<\/b><span style=\"font-weight: 400\"> podr\u00eda <\/span><a href=\"https:\/\/empresas.infoempleo.com\/hrtrends\/10-medidas-fomentar-bienestar-los-empleados\/\"><b>motivarlos positivamente<\/b><\/a><span style=\"font-weight: 400\">.<\/span><\/p>\n<p><span style=\"font-weight: 400\">Ahora que conoces <\/span><b>de qu\u00e9 va el efecto Galatea<\/b><span style=\"font-weight: 400\">, sabr\u00e1s lo importante que es aplicar este concepto en la <\/span><b>gesti\u00f3n de tu personal<\/b><span style=\"font-weight: 400\">. Recuerda lo <\/span><b>perjudicial<\/b><span style=\"font-weight: 400\"> que resulta <\/span><b>etiquetar<\/b><span style=\"font-weight: 400\"> a las <\/span><b>personas estigmatiz\u00e1ndolas<\/b><span style=\"font-weight: 400\"> con t\u00edtulos tales como \u201cvago\u201d, \u201cmediocre\u201d o \u201cregular\u201d. En cambio, la <\/span><b>expectativa positiva<\/b><span style=\"font-weight: 400\"> de un l\u00edder hace que su <\/span><b>entorno laboral progrese<\/b><span style=\"font-weight: 400\">, se <\/span><b>comprometa<\/b><span style=\"font-weight: 400\"> con la organizaci\u00f3n y que se adentre en un c\u00edrculo virtuoso de <\/span><b>mejora continua<\/b><span style=\"font-weight: 400\">. Conclusi\u00f3n: <\/span><b>todos gan\u00e1is en la empresa. <\/b><span style=\"font-weight: 400\">\u00a1Valora a tus trabajadores, saca lo mejor de ellos!<\/span><\/p>\n","protected":false},"excerpt":{"rendered":"<p>En Recursos Humanos se utilizan habitualmente conceptos o met\u00e1foras originados en diversas ramas cient\u00edficas, psicol\u00f3gicas o filos\u00f3ficas que<a class=\"moretag\" href=\"https:\/\/empresas.infoempleo.com\/hrtrends\/efecto-galatea\/\"> Leer m\u00e1s<\/a><\/p>\n","protected":false},"author":122,"featured_media":35180,"comment_status":"closed","ping_status":"closed","sticky":false,"template":"","format":"standard","meta":{"footnotes":""},"categories":[3035],"tags":[21],"class_list":["post-35179","post","type-post","status-publish","format-standard","has-post-thumbnail","hentry","category-consejos","tag-liderazgo"],"yoast_head":"<!-- This site is optimized with the Yoast SEO plugin v26.1.1 - https:\/\/yoast.com\/wordpress\/plugins\/seo\/ -->\n<title>\u00bfC\u00f3mo afecta el efecto Galatea a la motivaci\u00f3n de tus empleados?<\/title>\n<meta name=\"description\" content=\"Descubre qu\u00e9 es el Efecto Galatea, c\u00f3mo afecta a la capacidad y a la productividad de los empleados y c\u00f3mo se gestiona desde Recursos Humanos.\" \/>\n<meta name=\"robots\" content=\"index, follow, max-snippet:-1, max-image-preview:large, max-video-preview:-1\" \/>\n<link rel=\"canonical\" href=\"https:\/\/empresas.infoempleo.com\/hrtrends\/efecto-galatea\/\" \/>\n<meta property=\"og:locale\" content=\"es_ES\" \/>\n<meta property=\"og:type\" content=\"article\" \/>\n<meta property=\"og:title\" content=\"\u00bfC\u00f3mo afecta el efecto Galatea a la motivaci\u00f3n de tus empleados?\" \/>\n<meta property=\"og:description\" content=\"Descubre qu\u00e9 es el Efecto Galatea, c\u00f3mo afecta a la capacidad y a la productividad de los empleados y c\u00f3mo se gestiona desde Recursos Humanos.\" \/>\n<meta property=\"og:url\" content=\"https:\/\/empresas.infoempleo.com\/hrtrends\/efecto-galatea\/\" \/>\n<meta property=\"og:site_name\" content=\"HRTRENDS\" \/>\n<meta property=\"article:publisher\" content=\"https:\/\/www.facebook.com\/Infoempleo\" \/>\n<meta property=\"article:published_time\" content=\"2019-04-29T06:26:43+00:00\" \/>\n<meta property=\"og:image\" content=\"https:\/\/empresas.infoempleo.com\/hrtrends\/media\/2019\/04\/HRTRENDS-CONSEJOS-EFECTO_GALATEA1.jpg\" \/>\n\t<meta property=\"og:image:width\" content=\"1140\" \/>\n\t<meta property=\"og:image:height\" content=\"760\" \/>\n\t<meta property=\"og:image:type\" content=\"image\/jpeg\" \/>\n<meta name=\"author\" content=\"Adriana M.\" \/>\n<meta name=\"twitter:card\" content=\"summary_large_image\" \/>\n<meta name=\"twitter:creator\" content=\"@infoempleo\" \/>\n<meta name=\"twitter:site\" content=\"@infoempleo\" \/>\n<meta name=\"twitter:label1\" content=\"Escrito por\" \/>\n\t<meta name=\"twitter:data1\" content=\"Adriana M.\" \/>\n\t<meta name=\"twitter:label2\" content=\"Tiempo de lectura\" \/>\n\t<meta name=\"twitter:data2\" content=\"3 minutos\" \/>\n<script type=\"application\/ld+json\" class=\"yoast-schema-graph\">{\"@context\":\"https:\/\/schema.org\",\"@graph\":[{\"@type\":\"NewsArticle\",\"@id\":\"https:\/\/empresas.infoempleo.com\/hrtrends\/efecto-galatea\/#article\",\"isPartOf\":{\"@id\":\"https:\/\/empresas.infoempleo.com\/hrtrends\/efecto-galatea\/\"},\"author\":{\"name\":\"Adriana M.\",\"@id\":\"https:\/\/empresas.infoempleo.com\/hrtrends\/#\/schema\/person\/b1dd51edbb566a47cd8f7513fa73d223\"},\"headline\":\"El Efecto Galatea: qu\u00e9 es y c\u00f3mo puede afectar a tus empleados\",\"datePublished\":\"2019-04-29T06:26:43+00:00\",\"mainEntityOfPage\":{\"@id\":\"https:\/\/empresas.infoempleo.com\/hrtrends\/efecto-galatea\/\"},\"wordCount\":585,\"publisher\":{\"@id\":\"https:\/\/empresas.infoempleo.com\/hrtrends\/#organization\"},\"image\":{\"@id\":\"https:\/\/empresas.infoempleo.com\/hrtrends\/efecto-galatea\/#primaryimage\"},\"thumbnailUrl\":\"https:\/\/empresas.infoempleo.com\/hrtrends\/media\/2019\/04\/HRTRENDS-CONSEJOS-EFECTO_GALATEA1.jpg\",\"keywords\":[\"liderazgo\"],\"articleSection\":[\"Consejos\"],\"inLanguage\":\"es\",\"copyrightYear\":\"2019\",\"copyrightHolder\":{\"@id\":\"https:\/\/empresas.infoempleo.com\/hrtrends\/#organization\"}},{\"@type\":\"WebPage\",\"@id\":\"https:\/\/empresas.infoempleo.com\/hrtrends\/efecto-galatea\/\",\"url\":\"https:\/\/empresas.infoempleo.com\/hrtrends\/efecto-galatea\/\",\"name\":\"\u00bfC\u00f3mo afecta el efecto Galatea a la motivaci\u00f3n de tus empleados?\",\"isPartOf\":{\"@id\":\"https:\/\/empresas.infoempleo.com\/hrtrends\/#website\"},\"primaryImageOfPage\":{\"@id\":\"https:\/\/empresas.infoempleo.com\/hrtrends\/efecto-galatea\/#primaryimage\"},\"image\":{\"@id\":\"https:\/\/empresas.infoempleo.com\/hrtrends\/efecto-galatea\/#primaryimage\"},\"thumbnailUrl\":\"https:\/\/empresas.infoempleo.com\/hrtrends\/media\/2019\/04\/HRTRENDS-CONSEJOS-EFECTO_GALATEA1.jpg\",\"datePublished\":\"2019-04-29T06:26:43+00:00\",\"description\":\"Descubre qu\u00e9 es el Efecto Galatea, c\u00f3mo afecta a la capacidad y a la productividad de los empleados y c\u00f3mo se gestiona desde Recursos Humanos.\",\"breadcrumb\":{\"@id\":\"https:\/\/empresas.infoempleo.com\/hrtrends\/efecto-galatea\/#breadcrumb\"},\"inLanguage\":\"es\",\"potentialAction\":[{\"@type\":\"ReadAction\",\"target\":[\"https:\/\/empresas.infoempleo.com\/hrtrends\/efecto-galatea\/\"]}]},{\"@type\":\"ImageObject\",\"inLanguage\":\"es\",\"@id\":\"https:\/\/empresas.infoempleo.com\/hrtrends\/efecto-galatea\/#primaryimage\",\"url\":\"https:\/\/empresas.infoempleo.com\/hrtrends\/media\/2019\/04\/HRTRENDS-CONSEJOS-EFECTO_GALATEA1-150x150.jpg\",\"contentUrl\":\"https:\/\/empresas.infoempleo.com\/hrtrends\/media\/2019\/04\/HRTRENDS-CONSEJOS-EFECTO_GALATEA1-150x150.jpg\",\"width\":150,\"height\":150,\"caption\":\"Toda la informaci\u00f3n sobre el efecto Galatea\"},{\"@type\":\"BreadcrumbList\",\"@id\":\"https:\/\/empresas.infoempleo.com\/hrtrends\/efecto-galatea\/#breadcrumb\",\"itemListElement\":[{\"@type\":\"ListItem\",\"position\":1,\"name\":\"Portada\",\"item\":\"https:\/\/empresas.infoempleo.com\/hrtrends\/\"},{\"@type\":\"ListItem\",\"position\":2,\"name\":\"El Efecto Galatea: qu\u00e9 es y c\u00f3mo puede afectar a tus empleados\"}]},{\"@type\":\"WebSite\",\"@id\":\"https:\/\/empresas.infoempleo.com\/hrtrends\/#website\",\"url\":\"https:\/\/empresas.infoempleo.com\/hrtrends\",\"name\":\"HRTrends by Infoempleo\",\"description\":\"\",\"publisher\":{\"@id\":\"https:\/\/empresas.infoempleo.com\/hrtrends\/#organization\"},\"potentialAction\":{\"@type\":\"SearchAction\",\"target\":\"https:\/\/empresas.infoempleo.com\/hrtrends\/?s={search_term_string}\",\"query-input\":\"required name=search_term_string\"},\"inLanguage\":\"es\"},{\"@type\":\"Organization\",\"@id\":\"https:\/\/empresas.infoempleo.com\/hrtrends\/#organization\",\"name\":\"Infoempleo\",\"url\":\"https:\/\/www.infoempleo.com\/\",\"logo\":{\"@type\":\"ImageObject\",\"@id\":\"https:\/\/empresas.infoempleo.com\/hrtrends\/#logo\",\"inLanguage\":\"es\",\"url\":\"https:\/\/cdnazure.infoempleo.com\/infoempleo\/assets\/style\/gfx\/logo.svg\",\"contentUrl\":\"https:\/\/cdnazure.infoempleo.com\/infoempleo\/assets\/style\/gfx\/logo.svg\",\"width\":150,\"height\":40,\"caption\":\"Infoempleo\"},\"image\":{\"@id\":\"https:\/\/empresas.infoempleo.com\/hrtrends\/#logo\"},\"sameAs\":[\"https:\/\/www.facebook.com\/Infoempleo\",\"https:\/\/x.com\/infoempleo\",\"http:\/\/instagram.com\/infoempleo\/\",\"http:\/\/www.linkedin.com\/groups\/Empleo-Espa\u00f1a-Infoempleocom-111276\",\"http:\/\/pinterest.com\/infoempleo\/\"],\"address\":{\"@type\":\"PostalAddress\",\"addressLocality\":\"Madrid\",\"postalCode\":\"28050\",\"streetAddress\":\"Avenida de Burgos 114\"},\"brand\":[\"Infoempleo\"]},{\"@type\":\"Person\",\"@id\":\"https:\/\/empresas.infoempleo.com\/hrtrends\/#\/schema\/person\/b1dd51edbb566a47cd8f7513fa73d223\",\"name\":\"Adriana M.\",\"image\":{\"@type\":\"ImageObject\",\"inLanguage\":\"es\",\"@id\":\"https:\/\/empresas.infoempleo.com\/hrtrends\/#\/schema\/person\/image\/\",\"url\":\"https:\/\/secure.gravatar.com\/avatar\/243f7dd7e1db0ad0e9791be05df7d72ba5c8bf338408591753bae2fe87dae18d?s=96&d=mm&r=g\",\"contentUrl\":\"https:\/\/secure.gravatar.com\/avatar\/243f7dd7e1db0ad0e9791be05df7d72ba5c8bf338408591753bae2fe87dae18d?s=96&d=mm&r=g\",\"caption\":\"Adriana M.\"},\"description\":\"Periodista y experta en Comunicaci\u00f3n Audiovisual y Narrativa. Me encanta escribir y narrar lo que pasa a mi alrededor es mi pasi\u00f3n.\",\"url\":\"https:\/\/empresas.infoempleo.com\/hrtrends\/author\/adriana-kanvas\/\"}]}<\/script>\n<!-- \/ Yoast SEO plugin. -->","yoast_head_json":{"title":"\u00bfC\u00f3mo afecta el efecto Galatea a la motivaci\u00f3n de tus empleados?","description":"Descubre qu\u00e9 es el Efecto Galatea, c\u00f3mo afecta a la capacidad y a la productividad de los empleados y c\u00f3mo se gestiona desde Recursos Humanos.","robots":{"index":"index","follow":"follow","max-snippet":"max-snippet:-1","max-image-preview":"max-image-preview:large","max-video-preview":"max-video-preview:-1"},"canonical":"https:\/\/empresas.infoempleo.com\/hrtrends\/efecto-galatea\/","og_locale":"es_ES","og_type":"article","og_title":"\u00bfC\u00f3mo afecta el efecto Galatea a la motivaci\u00f3n de tus empleados?","og_description":"Descubre qu\u00e9 es el Efecto Galatea, c\u00f3mo afecta a la capacidad y a la productividad de los empleados y c\u00f3mo se gestiona desde Recursos Humanos.","og_url":"https:\/\/empresas.infoempleo.com\/hrtrends\/efecto-galatea\/","og_site_name":"HRTRENDS","article_publisher":"https:\/\/www.facebook.com\/Infoempleo","article_published_time":"2019-04-29T06:26:43+00:00","og_image":[{"width":1140,"height":760,"url":"https:\/\/empresas.infoempleo.com\/hrtrends\/media\/2019\/04\/HRTRENDS-CONSEJOS-EFECTO_GALATEA1.jpg","type":"image\/jpeg"}],"author":"Adriana M.","twitter_card":"summary_large_image","twitter_creator":"@infoempleo","twitter_site":"@infoempleo","twitter_misc":{"Escrito por":"Adriana M.","Tiempo de lectura":"3 minutos"},"schema":{"@context":"https:\/\/schema.org","@graph":[{"@type":"NewsArticle","@id":"https:\/\/empresas.infoempleo.com\/hrtrends\/efecto-galatea\/#article","isPartOf":{"@id":"https:\/\/empresas.infoempleo.com\/hrtrends\/efecto-galatea\/"},"author":{"name":"Adriana M.","@id":"https:\/\/empresas.infoempleo.com\/hrtrends\/#\/schema\/person\/b1dd51edbb566a47cd8f7513fa73d223"},"headline":"El Efecto Galatea: qu\u00e9 es y c\u00f3mo puede afectar a tus empleados","datePublished":"2019-04-29T06:26:43+00:00","mainEntityOfPage":{"@id":"https:\/\/empresas.infoempleo.com\/hrtrends\/efecto-galatea\/"},"wordCount":585,"publisher":{"@id":"https:\/\/empresas.infoempleo.com\/hrtrends\/#organization"},"image":{"@id":"https:\/\/empresas.infoempleo.com\/hrtrends\/efecto-galatea\/#primaryimage"},"thumbnailUrl":"https:\/\/empresas.infoempleo.com\/hrtrends\/media\/2019\/04\/HRTRENDS-CONSEJOS-EFECTO_GALATEA1.jpg","keywords":["liderazgo"],"articleSection":["Consejos"],"inLanguage":"es","copyrightYear":"2019","copyrightHolder":{"@id":"https:\/\/empresas.infoempleo.com\/hrtrends\/#organization"}},{"@type":"WebPage","@id":"https:\/\/empresas.infoempleo.com\/hrtrends\/efecto-galatea\/","url":"https:\/\/empresas.infoempleo.com\/hrtrends\/efecto-galatea\/","name":"\u00bfC\u00f3mo afecta el efecto Galatea a la motivaci\u00f3n de tus empleados?","isPartOf":{"@id":"https:\/\/empresas.infoempleo.com\/hrtrends\/#website"},"primaryImageOfPage":{"@id":"https:\/\/empresas.infoempleo.com\/hrtrends\/efecto-galatea\/#primaryimage"},"image":{"@id":"https:\/\/empresas.infoempleo.com\/hrtrends\/efecto-galatea\/#primaryimage"},"thumbnailUrl":"https:\/\/empresas.infoempleo.com\/hrtrends\/media\/2019\/04\/HRTRENDS-CONSEJOS-EFECTO_GALATEA1.jpg","datePublished":"2019-04-29T06:26:43+00:00","description":"Descubre qu\u00e9 es el Efecto Galatea, c\u00f3mo afecta a la capacidad y a la productividad de los empleados y c\u00f3mo se gestiona desde Recursos Humanos.","breadcrumb":{"@id":"https:\/\/empresas.infoempleo.com\/hrtrends\/efecto-galatea\/#breadcrumb"},"inLanguage":"es","potentialAction":[{"@type":"ReadAction","target":["https:\/\/empresas.infoempleo.com\/hrtrends\/efecto-galatea\/"]}]},{"@type":"ImageObject","inLanguage":"es","@id":"https:\/\/empresas.infoempleo.com\/hrtrends\/efecto-galatea\/#primaryimage","url":"https:\/\/empresas.infoempleo.com\/hrtrends\/media\/2019\/04\/HRTRENDS-CONSEJOS-EFECTO_GALATEA1-150x150.jpg","contentUrl":"https:\/\/empresas.infoempleo.com\/hrtrends\/media\/2019\/04\/HRTRENDS-CONSEJOS-EFECTO_GALATEA1-150x150.jpg","width":150,"height":150,"caption":"Toda la informaci\u00f3n sobre el efecto Galatea"},{"@type":"BreadcrumbList","@id":"https:\/\/empresas.infoempleo.com\/hrtrends\/efecto-galatea\/#breadcrumb","itemListElement":[{"@type":"ListItem","position":1,"name":"Portada","item":"https:\/\/empresas.infoempleo.com\/hrtrends\/"},{"@type":"ListItem","position":2,"name":"El Efecto Galatea: qu\u00e9 es y c\u00f3mo puede afectar a tus empleados"}]},{"@type":"WebSite","@id":"https:\/\/empresas.infoempleo.com\/hrtrends\/#website","url":"https:\/\/empresas.infoempleo.com\/hrtrends","name":"HRTrends by Infoempleo","description":"","publisher":{"@id":"https:\/\/empresas.infoempleo.com\/hrtrends\/#organization"},"potentialAction":{"@type":"SearchAction","target":"https:\/\/empresas.infoempleo.com\/hrtrends\/?s={search_term_string}","query-input":"required name=search_term_string"},"inLanguage":"es"},{"@type":"Organization","@id":"https:\/\/empresas.infoempleo.com\/hrtrends\/#organization","name":"Infoempleo","url":"https:\/\/www.infoempleo.com\/","logo":{"@type":"ImageObject","@id":"https:\/\/empresas.infoempleo.com\/hrtrends\/#logo","inLanguage":"es","url":"https:\/\/cdnazure.infoempleo.com\/infoempleo\/assets\/style\/gfx\/logo.svg","contentUrl":"https:\/\/cdnazure.infoempleo.com\/infoempleo\/assets\/style\/gfx\/logo.svg","width":150,"height":40,"caption":"Infoempleo"},"image":{"@id":"https:\/\/empresas.infoempleo.com\/hrtrends\/#logo"},"sameAs":["https:\/\/www.facebook.com\/Infoempleo","https:\/\/x.com\/infoempleo","http:\/\/instagram.com\/infoempleo\/","http:\/\/www.linkedin.com\/groups\/Empleo-Espa\u00f1a-Infoempleocom-111276","http:\/\/pinterest.com\/infoempleo\/"],"address":{"@type":"PostalAddress","addressLocality":"Madrid","postalCode":"28050","streetAddress":"Avenida de Burgos 114"},"brand":["Infoempleo"]},{"@type":"Person","@id":"https:\/\/empresas.infoempleo.com\/hrtrends\/#\/schema\/person\/b1dd51edbb566a47cd8f7513fa73d223","name":"Adriana M.","image":{"@type":"ImageObject","inLanguage":"es","@id":"https:\/\/empresas.infoempleo.com\/hrtrends\/#\/schema\/person\/image\/","url":"https:\/\/secure.gravatar.com\/avatar\/243f7dd7e1db0ad0e9791be05df7d72ba5c8bf338408591753bae2fe87dae18d?s=96&d=mm&r=g","contentUrl":"https:\/\/secure.gravatar.com\/avatar\/243f7dd7e1db0ad0e9791be05df7d72ba5c8bf338408591753bae2fe87dae18d?s=96&d=mm&r=g","caption":"Adriana M."},"description":"Periodista y experta en Comunicaci\u00f3n Audiovisual y Narrativa. Me encanta escribir y narrar lo que pasa a mi alrededor es mi pasi\u00f3n.","url":"https:\/\/empresas.infoempleo.com\/hrtrends\/author\/adriana-kanvas\/"}]}},"amp_enabled":true,"_links":{"self":[{"href":"https:\/\/empresas.infoempleo.com\/hrtrends\/wp-json\/wp\/v2\/posts\/35179","targetHints":{"allow":["GET"]}}],"collection":[{"href":"https:\/\/empresas.infoempleo.com\/hrtrends\/wp-json\/wp\/v2\/posts"}],"about":[{"href":"https:\/\/empresas.infoempleo.com\/hrtrends\/wp-json\/wp\/v2\/types\/post"}],"author":[{"embeddable":true,"href":"https:\/\/empresas.infoempleo.com\/hrtrends\/wp-json\/wp\/v2\/users\/122"}],"replies":[{"embeddable":true,"href":"https:\/\/empresas.infoempleo.com\/hrtrends\/wp-json\/wp\/v2\/comments?post=35179"}],"version-history":[{"count":0,"href":"https:\/\/empresas.infoempleo.com\/hrtrends\/wp-json\/wp\/v2\/posts\/35179\/revisions"}],"wp:featuredmedia":[{"embeddable":true,"href":"https:\/\/empresas.infoempleo.com\/hrtrends\/wp-json\/wp\/v2\/media\/35180"}],"wp:attachment":[{"href":"https:\/\/empresas.infoempleo.com\/hrtrends\/wp-json\/wp\/v2\/media?parent=35179"}],"wp:term":[{"taxonomy":"category","embeddable":true,"href":"https:\/\/empresas.infoempleo.com\/hrtrends\/wp-json\/wp\/v2\/categories?post=35179"},{"taxonomy":"post_tag","embeddable":true,"href":"https:\/\/empresas.infoempleo.com\/hrtrends\/wp-json\/wp\/v2\/tags?post=35179"}],"curies":[{"name":"wp","href":"https:\/\/api.w.org\/{rel}","templated":true}]}}