{"id":35130,"date":"2019-04-01T08:34:49","date_gmt":"2019-04-01T06:34:49","guid":{"rendered":"https:\/\/empresas.infoempleo.com\/hrtrends\/?p=35130"},"modified":"2019-04-03T11:36:02","modified_gmt":"2019-04-03T09:36:02","slug":"baja-laboral-enfermedad-comun","status":"publish","type":"post","link":"https:\/\/empresas.infoempleo.com\/hrtrends\/baja-laboral-enfermedad-comun\/","title":{"rendered":"Baja laboral por enfermedad com\u00fan: qu\u00e9 casos se contemplan y c\u00f3mo funciona"},"content":{"rendered":"<p><span style=\"font-weight: 400\">Cuando un <\/span><b>problema de salud<\/b><span style=\"font-weight: 400\"> impide a una persona <\/span><b>acudir a trabajar<\/b><span style=\"font-weight: 400\">, hay una serie de <\/span><b>medidas<\/b><span style=\"font-weight: 400\"> que tanto el <\/span><b>empleado<\/b><span style=\"font-weight: 400\"> como <\/span><b>empleador<\/b><span style=\"font-weight: 400\"> deben <\/span><b>tomar<\/b><span style=\"font-weight: 400\">. En efecto, ambas partes tienen <\/span><b>derechos y obligaciones<\/b><span style=\"font-weight: 400\"> que cumplir ante lo que se conoce como <\/span><a href=\"https:\/\/empresas.infoempleo.com\/hrtrends\/novedades-en-las-bajas-medicas-por-enfermedad\/\"><b>\u201cbaja laboral por enfermedad com\u00fan\u201d<\/b><\/a><span style=\"font-weight: 400\">. Pero \u00bftienes claro de qu\u00e9 se trata?, \u00bfqu\u00e9 implica? y \u00bfc\u00f3mo se gestiona? Te lo contamos. \u00a0\u00a0<\/span><\/p>\n<h2><b>Baja laboral por enfermedad com\u00fan: lo que debes saber<\/b><\/h2>\n<p><span style=\"font-weight: 400\">El <\/span><b>no asistir al trabajo <\/b><span style=\"font-weight: 400\">a causa de una <\/span><b>enfermedad com\u00fan<\/b><span style=\"font-weight: 400\"> es una <\/span><b>alteraci\u00f3n de la salud<\/b><span style=\"font-weight: 400\"> que <\/span><b>no es accidente de trabajo<\/b> <b>ni enfermedad profesional<\/b><span style=\"font-weight: 400\">, como por ejemplo puede ser el <\/span><a href=\"https:\/\/empresas.infoempleo.com\/hrtrends\/sindrome-del-quemado\"><b>s\u00edndrome del quemado o burn out<\/b><\/a><b>.<\/b><\/p>\n<p><img loading=\"lazy\" decoding=\"async\" class=\"size-full wp-image-35132 aligncenter\" src=\"https:\/\/empresas.infoempleo.com\/hrtrends\/media\/2019\/04\/HTRENDS-ACTUALIDAD-BAJA_LABORAL_POR_ENFERMEDAD_COMUN2.jpg\" alt=\"que es la baja laboral por enfermedad com\u00fan\" width=\"724\" height=\"483\" srcset=\"https:\/\/empresas.infoempleo.com\/hrtrends\/media\/2019\/04\/HTRENDS-ACTUALIDAD-BAJA_LABORAL_POR_ENFERMEDAD_COMUN2.jpg 724w, https:\/\/empresas.infoempleo.com\/hrtrends\/media\/2019\/04\/HTRENDS-ACTUALIDAD-BAJA_LABORAL_POR_ENFERMEDAD_COMUN2-300x200.jpg 300w\" sizes=\"auto, (max-width: 724px) 100vw, 724px\" \/><\/p>\n<p><span style=\"font-weight: 400\">Se trata de una <\/span><b>incapacidad temporal<\/b><span style=\"font-weight: 400\"> que requiere de <\/span><b>asistencia sanitaria<\/b><span style=\"font-weight: 400\"> por parte de la Seguridad Social y que <\/span><b>impide a la persona<\/b> <b>cumplir<\/b><span style=\"font-weight: 400\"> con sus <\/span><b>obligaciones laborales.<\/b><\/p>\n<p><span style=\"font-weight: 400\">En <\/span><b>Espa\u00f1a<\/b><span style=\"font-weight: 400\"> se sabe que las patolog\u00edas que acumulan <\/span><b>mayor n\u00famero de bajas laborales<\/b><span style=\"font-weight: 400\"> son: lesiones de <\/span><b>columna lumbar<\/b><span style=\"font-weight: 400\">, <\/span><b>psiqui\u00e1tricas<\/b><span style=\"font-weight: 400\">, <\/span><b>gripes<\/b><span style=\"font-weight: 400\">, <\/span><b>infecciones<\/b><span style=\"font-weight: 400\">, <\/span><b>afecciones<\/b> <b>oncol\u00f3gicas<\/b><span style=\"font-weight: 400\"> y <\/span><b>card\u00edacas<\/b><span style=\"font-weight: 400\">.<\/span><\/p>\n<p><span style=\"font-weight: 400\">La <\/span><b>baja laboral por enfermedad com\u00fan<\/b><span style=\"font-weight: 400\">, cualquiera sea su causa, podr\u00e1 extenderse por un <\/span><b>m\u00e1ximo de 365 d\u00edas<\/b><span style=\"font-weight: 400\">, de acuerdo con la <\/span><a href=\"https:\/\/www.boe.es\/buscar\/act.php?id=BOE-A-2015-11724\" target=\"_blank\" rel=\"nofollow noopener\"><b>Ley General de la Seguridad Social<\/b><\/a><span style=\"font-weight: 400\">. Ese plazo puede ser <\/span><b>prorrogado hasta 180 d\u00edas m\u00e1s.<\/b><\/p>\n<h2><b>\u00bfC\u00f3mo funciona la baja laboral por enfermedad com\u00fan?<\/b><\/h2>\n<p><b>No ir a trabajar<\/b><span style=\"font-weight: 400\"> y <\/span><b>comunicar<\/b><span style=\"font-weight: 400\"> el motivo al \u00e1rea de <\/span><b>Recursos Humanos<\/b><span style=\"font-weight: 400\"> (RRHH) <\/span><b>no es correcto<\/b><span style=\"font-weight: 400\">, aunque as\u00ed lo parezca. Lo que todo empleado debe hacer al hallarse <\/span><b>incapacitado para trabajar<\/b><span style=\"font-weight: 400\"> es <\/span><b>acudir a su m\u00e9dico de cabecera<\/b><span style=\"font-weight: 400\"> para que este profesional le otorgue un <\/span><b>justificante m\u00e9dico<\/b><span style=\"font-weight: 400\"> en el que figure su <\/span><b>diagn\u00f3stico<\/b><span style=\"font-weight: 400\">, los <\/span><b>d\u00edas autorizados de baja<\/b><span style=\"font-weight: 400\">, es decir, en los que no podr\u00e1 acudir a trabajar, y el <\/span><b>tratamiento <\/b><span style=\"font-weight: 400\">sugerido para eliminar los s\u00edntomas de la enfermedad com\u00fan a la que se haga referencia.<\/span><\/p>\n<p><span style=\"font-weight: 400\">Vale aclarar que, en caso de <\/span><b>no conseguir una cita urgente<\/b><span style=\"font-weight: 400\"> con el m\u00e9dico de cabecera, el empleado enfermo puede acudir al <\/span><b>servicio de Urgencias<\/b><span style=\"font-weight: 400\"> del centro de salud que le corresponda de acuerdo con su domicilio.<\/span><\/p>\n<p><span style=\"font-weight: 400\">Lo que debe quedar claro es que la <\/span><b>baja por enfermedad com\u00fan<\/b> <b>no puede ser confirmada <\/b><span style=\"font-weight: 400\">por un <\/span><b>m\u00e9dico privado o particular<\/b><span style=\"font-weight: 400\">, sino por un <\/span><b>profesional miembro del Servicio P\u00fablico de Salud.<\/b><\/p>\n<h2><b>\u00bfC\u00f3mo ha de gestionarse la baja laboral por enfermedad com\u00fan?<\/b><\/h2>\n<p><span style=\"font-weight: 400\">El <\/span><b>parte de baja o certificado m\u00e9dico<\/b><span style=\"font-weight: 400\"> se recibe por <\/span><b>duplicado<\/b><span style=\"font-weight: 400\">: una <\/span><b>copia<\/b><span style=\"font-weight: 400\"> queda en manos del <\/span><b>empleado<\/b><span style=\"font-weight: 400\"> y la otra debe ser <\/span><b>remitida al empleador<\/b><span style=\"font-weight: 400\">. El enfermo puede alcanzarla personalmente o, de no poder hacerlo, a trav\u00e9s de una <\/span><b>persona autorizada<\/b><span style=\"font-weight: 400\"> u <\/span><b>otros medios<\/b><span style=\"font-weight: 400\">. A partir del <\/span><b>cuarto d\u00eda h\u00e1bil de ausentismo laboral<\/b><span style=\"font-weight: 400\">, corresponder\u00e1 a la empresa gestionar el <\/span><b>pago de un porcentaje del salario al empleado<\/b><span style=\"font-weight: 400\"> en cuesti\u00f3n, durante el periodo en el que est\u00e9 dado de baja.<\/span><\/p>\n<p><span style=\"font-weight: 400\">De este modo, ya sabes que a partir del cuarto d\u00eda de baja laboral por enfermedad com\u00fan de uno de tus trabajadores tendr\u00e1s que <\/span><b>pagar un porcenteje de su salario<\/b><span style=\"font-weight: 400\"> adem\u00e1s de <\/span><b>recibir toda la documentaci\u00f3n<\/b><span style=\"font-weight: 400\"> por su parte si se encuentra enfermo y <\/span><b>no puede ocupar su puesto de trabajo<\/b><span style=\"font-weight: 400\">. Todo ello a los efectos de fomentar el <\/span><b>bienestar del personal<\/b><span style=\"font-weight: 400\">, pero, adem\u00e1s, procurar que las <\/span><b>bajas laborales<\/b><span style=\"font-weight: 400\"> afecten lo menos posible a la <\/span><a href=\"https:\/\/empresas.infoempleo.com\/hrtrends\/mejora-tu-productividad\/\"><b>productividad<\/b><\/a><span style=\"font-weight: 400\"> y al <\/span><b>clima de trabajo<\/b><span style=\"font-weight: 400\"> dentro de la organizaci\u00f3n.<\/span><span style=\"font-weight: 400\"><br \/>\n<\/span><\/p>\n","protected":false},"excerpt":{"rendered":"<p>Cuando un problema de salud impide a una persona acudir a trabajar, hay una serie de medidas que<a class=\"moretag\" href=\"https:\/\/empresas.infoempleo.com\/hrtrends\/baja-laboral-enfermedad-comun\/\"> Leer m\u00e1s<\/a><\/p>\n","protected":false},"author":122,"featured_media":35131,"comment_status":"closed","ping_status":"closed","sticky":false,"template":"","format":"standard","meta":{"footnotes":""},"categories":[3],"tags":[2490],"class_list":["post-35130","post","type-post","status-publish","format-standard","has-post-thumbnail","hentry","category-actualidad","tag-bajas-laborales"],"yoast_head":"<!-- This site is optimized with the Yoast SEO plugin v26.1.1 - https:\/\/yoast.com\/wordpress\/plugins\/seo\/ -->\n<title>Qu\u00e9 es la baja laboral por enfermedad com\u00fan y c\u00f3mo se gestiona<\/title>\n<meta name=\"description\" content=\"Descubre qu\u00e9 es la baja laboral por enfermedad com\u00fan, qu\u00e9 situaciones laborales incluye, en qu\u00e9 consiste y c\u00f3mo se gestiona desde RRHH.\" \/>\n<meta name=\"robots\" content=\"index, follow, max-snippet:-1, max-image-preview:large, max-video-preview:-1\" \/>\n<link rel=\"canonical\" href=\"https:\/\/empresas.infoempleo.com\/hrtrends\/baja-laboral-enfermedad-comun\/\" \/>\n<meta property=\"og:locale\" content=\"es_ES\" \/>\n<meta property=\"og:type\" content=\"article\" \/>\n<meta property=\"og:title\" content=\"Qu\u00e9 es la baja laboral por enfermedad com\u00fan y c\u00f3mo se gestiona\" \/>\n<meta property=\"og:description\" content=\"Descubre qu\u00e9 es la baja laboral por enfermedad com\u00fan, qu\u00e9 situaciones laborales incluye, en qu\u00e9 consiste y c\u00f3mo se gestiona desde RRHH.\" \/>\n<meta property=\"og:url\" content=\"https:\/\/empresas.infoempleo.com\/hrtrends\/baja-laboral-enfermedad-comun\/\" \/>\n<meta property=\"og:site_name\" content=\"HRTRENDS\" \/>\n<meta property=\"article:publisher\" content=\"https:\/\/www.facebook.com\/Infoempleo\" \/>\n<meta property=\"article:published_time\" content=\"2019-04-01T06:34:49+00:00\" \/>\n<meta property=\"article:modified_time\" content=\"2019-04-03T09:36:02+00:00\" \/>\n<meta property=\"og:image\" content=\"https:\/\/empresas.infoempleo.com\/hrtrends\/media\/2019\/04\/HTRENDS-ACTUALIDAD-BAJA_LABORAL_POR_ENFERMEDAD_COMUN1.jpg\" \/>\n\t<meta property=\"og:image:width\" content=\"1140\" \/>\n\t<meta property=\"og:image:height\" content=\"760\" \/>\n\t<meta property=\"og:image:type\" content=\"image\/jpeg\" \/>\n<meta name=\"author\" content=\"Adriana M.\" \/>\n<meta name=\"twitter:card\" content=\"summary_large_image\" \/>\n<meta name=\"twitter:creator\" content=\"@infoempleo\" \/>\n<meta name=\"twitter:site\" content=\"@infoempleo\" \/>\n<meta name=\"twitter:label1\" content=\"Escrito por\" \/>\n\t<meta name=\"twitter:data1\" content=\"Adriana M.\" \/>\n\t<meta name=\"twitter:label2\" content=\"Tiempo de lectura\" \/>\n\t<meta name=\"twitter:data2\" content=\"3 minutos\" \/>\n<script type=\"application\/ld+json\" class=\"yoast-schema-graph\">{\"@context\":\"https:\/\/schema.org\",\"@graph\":[{\"@type\":\"NewsArticle\",\"@id\":\"https:\/\/empresas.infoempleo.com\/hrtrends\/baja-laboral-enfermedad-comun\/#article\",\"isPartOf\":{\"@id\":\"https:\/\/empresas.infoempleo.com\/hrtrends\/baja-laboral-enfermedad-comun\/\"},\"author\":{\"name\":\"Adriana M.\",\"@id\":\"https:\/\/empresas.infoempleo.com\/hrtrends\/#\/schema\/person\/b1dd51edbb566a47cd8f7513fa73d223\"},\"headline\":\"Baja laboral por enfermedad com\u00fan: qu\u00e9 casos se contemplan y c\u00f3mo funciona\",\"datePublished\":\"2019-04-01T06:34:49+00:00\",\"dateModified\":\"2019-04-03T09:36:02+00:00\",\"mainEntityOfPage\":{\"@id\":\"https:\/\/empresas.infoempleo.com\/hrtrends\/baja-laboral-enfermedad-comun\/\"},\"wordCount\":594,\"publisher\":{\"@id\":\"https:\/\/empresas.infoempleo.com\/hrtrends\/#organization\"},\"image\":{\"@id\":\"https:\/\/empresas.infoempleo.com\/hrtrends\/baja-laboral-enfermedad-comun\/#primaryimage\"},\"thumbnailUrl\":\"https:\/\/empresas.infoempleo.com\/hrtrends\/media\/2019\/04\/HTRENDS-ACTUALIDAD-BAJA_LABORAL_POR_ENFERMEDAD_COMUN1.jpg\",\"keywords\":[\"bajas laborales\"],\"articleSection\":[\"Actualidad\"],\"inLanguage\":\"es\",\"copyrightYear\":\"2019\",\"copyrightHolder\":{\"@id\":\"https:\/\/empresas.infoempleo.com\/hrtrends\/#organization\"}},{\"@type\":\"WebPage\",\"@id\":\"https:\/\/empresas.infoempleo.com\/hrtrends\/baja-laboral-enfermedad-comun\/\",\"url\":\"https:\/\/empresas.infoempleo.com\/hrtrends\/baja-laboral-enfermedad-comun\/\",\"name\":\"Qu\u00e9 es la baja laboral por enfermedad com\u00fan y c\u00f3mo se gestiona\",\"isPartOf\":{\"@id\":\"https:\/\/empresas.infoempleo.com\/hrtrends\/#website\"},\"primaryImageOfPage\":{\"@id\":\"https:\/\/empresas.infoempleo.com\/hrtrends\/baja-laboral-enfermedad-comun\/#primaryimage\"},\"image\":{\"@id\":\"https:\/\/empresas.infoempleo.com\/hrtrends\/baja-laboral-enfermedad-comun\/#primaryimage\"},\"thumbnailUrl\":\"https:\/\/empresas.infoempleo.com\/hrtrends\/media\/2019\/04\/HTRENDS-ACTUALIDAD-BAJA_LABORAL_POR_ENFERMEDAD_COMUN1.jpg\",\"datePublished\":\"2019-04-01T06:34:49+00:00\",\"dateModified\":\"2019-04-03T09:36:02+00:00\",\"description\":\"Descubre qu\u00e9 es la baja laboral por enfermedad com\u00fan, qu\u00e9 situaciones laborales incluye, en qu\u00e9 consiste y c\u00f3mo se gestiona desde RRHH.\",\"breadcrumb\":{\"@id\":\"https:\/\/empresas.infoempleo.com\/hrtrends\/baja-laboral-enfermedad-comun\/#breadcrumb\"},\"inLanguage\":\"es\",\"potentialAction\":[{\"@type\":\"ReadAction\",\"target\":[\"https:\/\/empresas.infoempleo.com\/hrtrends\/baja-laboral-enfermedad-comun\/\"]}]},{\"@type\":\"ImageObject\",\"inLanguage\":\"es\",\"@id\":\"https:\/\/empresas.infoempleo.com\/hrtrends\/baja-laboral-enfermedad-comun\/#primaryimage\",\"url\":\"https:\/\/empresas.infoempleo.com\/hrtrends\/media\/2019\/04\/HTRENDS-ACTUALIDAD-BAJA_LABORAL_POR_ENFERMEDAD_COMUN1-150x150.jpg\",\"contentUrl\":\"https:\/\/empresas.infoempleo.com\/hrtrends\/media\/2019\/04\/HTRENDS-ACTUALIDAD-BAJA_LABORAL_POR_ENFERMEDAD_COMUN1-150x150.jpg\",\"width\":150,\"height\":150,\"caption\":\"Descubre que es la baja laboral por enfermedad com\u00fan\"},{\"@type\":\"BreadcrumbList\",\"@id\":\"https:\/\/empresas.infoempleo.com\/hrtrends\/baja-laboral-enfermedad-comun\/#breadcrumb\",\"itemListElement\":[{\"@type\":\"ListItem\",\"position\":1,\"name\":\"Portada\",\"item\":\"https:\/\/empresas.infoempleo.com\/hrtrends\/\"},{\"@type\":\"ListItem\",\"position\":2,\"name\":\"Baja laboral por enfermedad com\u00fan: qu\u00e9 casos se contemplan y c\u00f3mo funciona\"}]},{\"@type\":\"WebSite\",\"@id\":\"https:\/\/empresas.infoempleo.com\/hrtrends\/#website\",\"url\":\"https:\/\/empresas.infoempleo.com\/hrtrends\",\"name\":\"HRTrends by Infoempleo\",\"description\":\"\",\"publisher\":{\"@id\":\"https:\/\/empresas.infoempleo.com\/hrtrends\/#organization\"},\"potentialAction\":{\"@type\":\"SearchAction\",\"target\":\"https:\/\/empresas.infoempleo.com\/hrtrends\/?s={search_term_string}\",\"query-input\":\"required name=search_term_string\"},\"inLanguage\":\"es\"},{\"@type\":\"Organization\",\"@id\":\"https:\/\/empresas.infoempleo.com\/hrtrends\/#organization\",\"name\":\"Infoempleo\",\"url\":\"https:\/\/www.infoempleo.com\/\",\"logo\":{\"@type\":\"ImageObject\",\"@id\":\"https:\/\/empresas.infoempleo.com\/hrtrends\/#logo\",\"inLanguage\":\"es\",\"url\":\"https:\/\/cdnazure.infoempleo.com\/infoempleo\/assets\/style\/gfx\/logo.svg\",\"contentUrl\":\"https:\/\/cdnazure.infoempleo.com\/infoempleo\/assets\/style\/gfx\/logo.svg\",\"width\":150,\"height\":40,\"caption\":\"Infoempleo\"},\"image\":{\"@id\":\"https:\/\/empresas.infoempleo.com\/hrtrends\/#logo\"},\"sameAs\":[\"https:\/\/www.facebook.com\/Infoempleo\",\"https:\/\/x.com\/infoempleo\",\"http:\/\/instagram.com\/infoempleo\/\",\"http:\/\/www.linkedin.com\/groups\/Empleo-Espa\u00f1a-Infoempleocom-111276\",\"http:\/\/pinterest.com\/infoempleo\/\"],\"address\":{\"@type\":\"PostalAddress\",\"addressLocality\":\"Madrid\",\"postalCode\":\"28050\",\"streetAddress\":\"Avenida de Burgos 114\"},\"brand\":[\"Infoempleo\"]},{\"@type\":\"Person\",\"@id\":\"https:\/\/empresas.infoempleo.com\/hrtrends\/#\/schema\/person\/b1dd51edbb566a47cd8f7513fa73d223\",\"name\":\"Adriana M.\",\"image\":{\"@type\":\"ImageObject\",\"inLanguage\":\"es\",\"@id\":\"https:\/\/empresas.infoempleo.com\/hrtrends\/#\/schema\/person\/image\/\",\"url\":\"https:\/\/secure.gravatar.com\/avatar\/243f7dd7e1db0ad0e9791be05df7d72ba5c8bf338408591753bae2fe87dae18d?s=96&d=mm&r=g\",\"contentUrl\":\"https:\/\/secure.gravatar.com\/avatar\/243f7dd7e1db0ad0e9791be05df7d72ba5c8bf338408591753bae2fe87dae18d?s=96&d=mm&r=g\",\"caption\":\"Adriana M.\"},\"description\":\"Periodista y experta en Comunicaci\u00f3n Audiovisual y Narrativa. Me encanta escribir y narrar lo que pasa a mi alrededor es mi pasi\u00f3n.\",\"url\":\"https:\/\/empresas.infoempleo.com\/hrtrends\/author\/adriana-kanvas\/\"}]}<\/script>\n<!-- \/ Yoast SEO plugin. -->","yoast_head_json":{"title":"Qu\u00e9 es la baja laboral por enfermedad com\u00fan y c\u00f3mo se gestiona","description":"Descubre qu\u00e9 es la baja laboral por enfermedad com\u00fan, qu\u00e9 situaciones laborales incluye, en qu\u00e9 consiste y c\u00f3mo se gestiona desde RRHH.","robots":{"index":"index","follow":"follow","max-snippet":"max-snippet:-1","max-image-preview":"max-image-preview:large","max-video-preview":"max-video-preview:-1"},"canonical":"https:\/\/empresas.infoempleo.com\/hrtrends\/baja-laboral-enfermedad-comun\/","og_locale":"es_ES","og_type":"article","og_title":"Qu\u00e9 es la baja laboral por enfermedad com\u00fan y c\u00f3mo se gestiona","og_description":"Descubre qu\u00e9 es la baja laboral por enfermedad com\u00fan, qu\u00e9 situaciones laborales incluye, en qu\u00e9 consiste y c\u00f3mo se gestiona desde RRHH.","og_url":"https:\/\/empresas.infoempleo.com\/hrtrends\/baja-laboral-enfermedad-comun\/","og_site_name":"HRTRENDS","article_publisher":"https:\/\/www.facebook.com\/Infoempleo","article_published_time":"2019-04-01T06:34:49+00:00","article_modified_time":"2019-04-03T09:36:02+00:00","og_image":[{"width":1140,"height":760,"url":"https:\/\/empresas.infoempleo.com\/hrtrends\/media\/2019\/04\/HTRENDS-ACTUALIDAD-BAJA_LABORAL_POR_ENFERMEDAD_COMUN1.jpg","type":"image\/jpeg"}],"author":"Adriana M.","twitter_card":"summary_large_image","twitter_creator":"@infoempleo","twitter_site":"@infoempleo","twitter_misc":{"Escrito por":"Adriana M.","Tiempo de lectura":"3 minutos"},"schema":{"@context":"https:\/\/schema.org","@graph":[{"@type":"NewsArticle","@id":"https:\/\/empresas.infoempleo.com\/hrtrends\/baja-laboral-enfermedad-comun\/#article","isPartOf":{"@id":"https:\/\/empresas.infoempleo.com\/hrtrends\/baja-laboral-enfermedad-comun\/"},"author":{"name":"Adriana M.","@id":"https:\/\/empresas.infoempleo.com\/hrtrends\/#\/schema\/person\/b1dd51edbb566a47cd8f7513fa73d223"},"headline":"Baja laboral por enfermedad com\u00fan: qu\u00e9 casos se contemplan y c\u00f3mo funciona","datePublished":"2019-04-01T06:34:49+00:00","dateModified":"2019-04-03T09:36:02+00:00","mainEntityOfPage":{"@id":"https:\/\/empresas.infoempleo.com\/hrtrends\/baja-laboral-enfermedad-comun\/"},"wordCount":594,"publisher":{"@id":"https:\/\/empresas.infoempleo.com\/hrtrends\/#organization"},"image":{"@id":"https:\/\/empresas.infoempleo.com\/hrtrends\/baja-laboral-enfermedad-comun\/#primaryimage"},"thumbnailUrl":"https:\/\/empresas.infoempleo.com\/hrtrends\/media\/2019\/04\/HTRENDS-ACTUALIDAD-BAJA_LABORAL_POR_ENFERMEDAD_COMUN1.jpg","keywords":["bajas laborales"],"articleSection":["Actualidad"],"inLanguage":"es","copyrightYear":"2019","copyrightHolder":{"@id":"https:\/\/empresas.infoempleo.com\/hrtrends\/#organization"}},{"@type":"WebPage","@id":"https:\/\/empresas.infoempleo.com\/hrtrends\/baja-laboral-enfermedad-comun\/","url":"https:\/\/empresas.infoempleo.com\/hrtrends\/baja-laboral-enfermedad-comun\/","name":"Qu\u00e9 es la baja laboral por enfermedad com\u00fan y c\u00f3mo se gestiona","isPartOf":{"@id":"https:\/\/empresas.infoempleo.com\/hrtrends\/#website"},"primaryImageOfPage":{"@id":"https:\/\/empresas.infoempleo.com\/hrtrends\/baja-laboral-enfermedad-comun\/#primaryimage"},"image":{"@id":"https:\/\/empresas.infoempleo.com\/hrtrends\/baja-laboral-enfermedad-comun\/#primaryimage"},"thumbnailUrl":"https:\/\/empresas.infoempleo.com\/hrtrends\/media\/2019\/04\/HTRENDS-ACTUALIDAD-BAJA_LABORAL_POR_ENFERMEDAD_COMUN1.jpg","datePublished":"2019-04-01T06:34:49+00:00","dateModified":"2019-04-03T09:36:02+00:00","description":"Descubre qu\u00e9 es la baja laboral por enfermedad com\u00fan, qu\u00e9 situaciones laborales incluye, en qu\u00e9 consiste y c\u00f3mo se gestiona desde RRHH.","breadcrumb":{"@id":"https:\/\/empresas.infoempleo.com\/hrtrends\/baja-laboral-enfermedad-comun\/#breadcrumb"},"inLanguage":"es","potentialAction":[{"@type":"ReadAction","target":["https:\/\/empresas.infoempleo.com\/hrtrends\/baja-laboral-enfermedad-comun\/"]}]},{"@type":"ImageObject","inLanguage":"es","@id":"https:\/\/empresas.infoempleo.com\/hrtrends\/baja-laboral-enfermedad-comun\/#primaryimage","url":"https:\/\/empresas.infoempleo.com\/hrtrends\/media\/2019\/04\/HTRENDS-ACTUALIDAD-BAJA_LABORAL_POR_ENFERMEDAD_COMUN1-150x150.jpg","contentUrl":"https:\/\/empresas.infoempleo.com\/hrtrends\/media\/2019\/04\/HTRENDS-ACTUALIDAD-BAJA_LABORAL_POR_ENFERMEDAD_COMUN1-150x150.jpg","width":150,"height":150,"caption":"Descubre que es la baja laboral por enfermedad com\u00fan"},{"@type":"BreadcrumbList","@id":"https:\/\/empresas.infoempleo.com\/hrtrends\/baja-laboral-enfermedad-comun\/#breadcrumb","itemListElement":[{"@type":"ListItem","position":1,"name":"Portada","item":"https:\/\/empresas.infoempleo.com\/hrtrends\/"},{"@type":"ListItem","position":2,"name":"Baja laboral por enfermedad com\u00fan: qu\u00e9 casos se contemplan y c\u00f3mo funciona"}]},{"@type":"WebSite","@id":"https:\/\/empresas.infoempleo.com\/hrtrends\/#website","url":"https:\/\/empresas.infoempleo.com\/hrtrends","name":"HRTrends by Infoempleo","description":"","publisher":{"@id":"https:\/\/empresas.infoempleo.com\/hrtrends\/#organization"},"potentialAction":{"@type":"SearchAction","target":"https:\/\/empresas.infoempleo.com\/hrtrends\/?s={search_term_string}","query-input":"required name=search_term_string"},"inLanguage":"es"},{"@type":"Organization","@id":"https:\/\/empresas.infoempleo.com\/hrtrends\/#organization","name":"Infoempleo","url":"https:\/\/www.infoempleo.com\/","logo":{"@type":"ImageObject","@id":"https:\/\/empresas.infoempleo.com\/hrtrends\/#logo","inLanguage":"es","url":"https:\/\/cdnazure.infoempleo.com\/infoempleo\/assets\/style\/gfx\/logo.svg","contentUrl":"https:\/\/cdnazure.infoempleo.com\/infoempleo\/assets\/style\/gfx\/logo.svg","width":150,"height":40,"caption":"Infoempleo"},"image":{"@id":"https:\/\/empresas.infoempleo.com\/hrtrends\/#logo"},"sameAs":["https:\/\/www.facebook.com\/Infoempleo","https:\/\/x.com\/infoempleo","http:\/\/instagram.com\/infoempleo\/","http:\/\/www.linkedin.com\/groups\/Empleo-Espa\u00f1a-Infoempleocom-111276","http:\/\/pinterest.com\/infoempleo\/"],"address":{"@type":"PostalAddress","addressLocality":"Madrid","postalCode":"28050","streetAddress":"Avenida de Burgos 114"},"brand":["Infoempleo"]},{"@type":"Person","@id":"https:\/\/empresas.infoempleo.com\/hrtrends\/#\/schema\/person\/b1dd51edbb566a47cd8f7513fa73d223","name":"Adriana M.","image":{"@type":"ImageObject","inLanguage":"es","@id":"https:\/\/empresas.infoempleo.com\/hrtrends\/#\/schema\/person\/image\/","url":"https:\/\/secure.gravatar.com\/avatar\/243f7dd7e1db0ad0e9791be05df7d72ba5c8bf338408591753bae2fe87dae18d?s=96&d=mm&r=g","contentUrl":"https:\/\/secure.gravatar.com\/avatar\/243f7dd7e1db0ad0e9791be05df7d72ba5c8bf338408591753bae2fe87dae18d?s=96&d=mm&r=g","caption":"Adriana M."},"description":"Periodista y experta en Comunicaci\u00f3n Audiovisual y Narrativa. Me encanta escribir y narrar lo que pasa a mi alrededor es mi pasi\u00f3n.","url":"https:\/\/empresas.infoempleo.com\/hrtrends\/author\/adriana-kanvas\/"}]}},"amp_enabled":true,"_links":{"self":[{"href":"https:\/\/empresas.infoempleo.com\/hrtrends\/wp-json\/wp\/v2\/posts\/35130","targetHints":{"allow":["GET"]}}],"collection":[{"href":"https:\/\/empresas.infoempleo.com\/hrtrends\/wp-json\/wp\/v2\/posts"}],"about":[{"href":"https:\/\/empresas.infoempleo.com\/hrtrends\/wp-json\/wp\/v2\/types\/post"}],"author":[{"embeddable":true,"href":"https:\/\/empresas.infoempleo.com\/hrtrends\/wp-json\/wp\/v2\/users\/122"}],"replies":[{"embeddable":true,"href":"https:\/\/empresas.infoempleo.com\/hrtrends\/wp-json\/wp\/v2\/comments?post=35130"}],"version-history":[{"count":0,"href":"https:\/\/empresas.infoempleo.com\/hrtrends\/wp-json\/wp\/v2\/posts\/35130\/revisions"}],"wp:featuredmedia":[{"embeddable":true,"href":"https:\/\/empresas.infoempleo.com\/hrtrends\/wp-json\/wp\/v2\/media\/35131"}],"wp:attachment":[{"href":"https:\/\/empresas.infoempleo.com\/hrtrends\/wp-json\/wp\/v2\/media?parent=35130"}],"wp:term":[{"taxonomy":"category","embeddable":true,"href":"https:\/\/empresas.infoempleo.com\/hrtrends\/wp-json\/wp\/v2\/categories?post=35130"},{"taxonomy":"post_tag","embeddable":true,"href":"https:\/\/empresas.infoempleo.com\/hrtrends\/wp-json\/wp\/v2\/tags?post=35130"}],"curies":[{"name":"wp","href":"https:\/\/api.w.org\/{rel}","templated":true}]}}