{"id":35098,"date":"2019-03-26T08:30:53","date_gmt":"2019-03-26T06:30:53","guid":{"rendered":"https:\/\/empresas.infoempleo.com\/hrtrends\/?p=35098"},"modified":"2019-06-11T09:09:42","modified_gmt":"2019-06-11T07:09:42","slug":"comedor-de-empresa","status":"publish","type":"post","link":"https:\/\/empresas.infoempleo.com\/hrtrends\/comedor-de-empresa\/","title":{"rendered":"Comedor de empresa: \u00bfS\u00ed o no?"},"content":{"rendered":"<p>De nuevo, a vueltas con el debate de si existe la obligaci\u00f3n de disponer de comedor de empresa, para que los empleados puedan realizar la comida en el propio lugar de trabajo.<\/p>\n<p>Aunque a priori, la discusi\u00f3n pueda parecer una cuesti\u00f3n balad\u00ed, lo cierto es que, muchos empleados de multitud de empresas <strong>encuentran serias dificultades para acudir a sus domicilios a la hora de la comida<\/strong>, especialmente en las grandes ciudades, donde las dificultades de tr\u00e1nsito en hora punta hacer que disfrutar de la comida en casa resulte del todo un imposible.<\/p>\n<h2><strong>Origen y evoluci\u00f3n de la cuesti\u00f3n<\/strong><\/h2>\n<p>En este sentido, aunque no ha sido uno de los m\u00e1s sonados debates en el \u00e1mbito de las relaciones laborales, <strong>la cuesti\u00f3n ha dado mucho que hablar y discutir durante a\u00f1os<\/strong>, especialmente en los Tribunales, que una vez m\u00e1s, han venido a modificar recientemente su criterio sobre la existencia o no de obligaci\u00f3n de la empresa de instalar un comedor para sus trabajadores.<\/p>\n<h2><strong>\u00bfExisten normas que obliguen a la empresa a instalar un comedor?<\/strong><\/h2>\n<p>El punto de partida se encuentra, en si realmente,<strong> existe alguna norma que imponga al empresario la obligaci\u00f3n de que la empresa disponga de un comedor en sus instalaciones<\/strong>, para que los trabajadores puedan realizar all\u00ed su comida. As\u00ed, hasta hace poco, se consideraba que <strong>exist\u00edan dos normas<\/strong> que exig\u00edan al empresario la obligaci\u00f3n de disponer de estas instalaciones, concretamente, el Decreto de 8 de junio de 1938, as\u00ed como su Orden de desarrollo, de 30 de junio de 1938.<\/p>\n<p>Sin embargo, eran muchos los que consideraban que <strong>la antig\u00fcedad de las normas se\u00f1aladas pon\u00eda en serias dudas su vigencia<\/strong>, y en consecuencia, consideraban que el contenido de estas, no pod\u00eda considerarse v\u00e1lido para exigir al empresario la obligaci\u00f3n de disponer de un comedor en cada centro de trabajo.<\/p>\n<h2><strong>\u00bfQu\u00e9 dicen los Tribunales sobre la cuesti\u00f3n del comedor?<\/strong><\/h2>\n<p>As\u00ed, hubo importantes Resoluciones de distintos Tribunales que <strong>vinieron afirmando la obligaci\u00f3n de las empresas de disponer de instalaciones de comedor en los centros de trabajo de las empresas<\/strong>, siendo la m\u00e1s trascendente, la sentencia del Tribunal Supremo de 26 de diciembre de 2011. En lo sucesivo, lo establecido en aquella sentencia fue cogiendo fuerza, quedando reflejado en resoluciones de otros Tribunales como la del TSJ del Pa\u00eds Vasco de 27 de mayo de 2014, o la del TSJ de Extremadura de 23 de octubre de 2017.<\/p>\n<p>Sin embargo, <strong>el Tribunal Supremo, recientemente ha cambiado el sentido de su tradicional criterio<\/strong>, afirmando en sentencia de 13 de diciembre de 2018, que la normativa de referencia en la materia, contenida en el se\u00f1alado Decreto de 8 de junio de 1938 y su Orden de desarrollo, no pueden considerarse vigentes, y en consecuencia,<strong> no cabe exigir al empresario la instalaci\u00f3n de un comedor en el centro de trabajo<\/strong>, en la medida en que las normas en las que se amparaba tal obligaci\u00f3n carecen de eficacia en la actualidad.<\/p>\n<p>Definitivamente, el Tribunal Supremo, zanja un debate abierto desde hace a\u00f1os, concluyendo que, no existe normativa vigente que imponga al empresario la obligaci\u00f3n de instalar un comedor en los centros de trabajo, si bien, <strong>mediante Convenio colectivo, y los acuerdos con la Representaci\u00f3n de los Trabajadores, podr\u00e1 pactarse que el empresario tenga que disponer de un comedor en las instalaciones de la empresa.<\/strong><\/p>\n<p>&nbsp;<\/p>\n<p>\u00bfNecesitas m\u00e1s informaci\u00f3n sobre esta cuesti\u00f3n u otras? En <a class=\"analytics_event\" href=\"https:\/\/www.grupolexa.com\/\" target=\"_blank\" rel=\"noopener\" data-category=\"post_patrocinado\" data-action=\"click_banner\" data-opt_label=\"lexa26032019\">Lexa abogados<\/a> pueden ayudarte.<\/p>\n","protected":false},"excerpt":{"rendered":"<p>De nuevo, a vueltas con el debate de si existe la obligaci\u00f3n de disponer de comedor de empresa,<a class=\"moretag\" href=\"https:\/\/empresas.infoempleo.com\/hrtrends\/comedor-de-empresa\/\"> Leer m\u00e1s<\/a><\/p>\n","protected":false},"author":130,"featured_media":35105,"comment_status":"closed","ping_status":"closed","sticky":false,"template":"","format":"standard","meta":{"footnotes":""},"categories":[3],"tags":[3159,2556],"class_list":["post-35098","post","type-post","status-publish","format-standard","has-post-thumbnail","hentry","category-actualidad","tag-legal","tag-tribunales"],"yoast_head":"<!-- This site is optimized with the Yoast SEO plugin v26.1.1 - https:\/\/yoast.com\/wordpress\/plugins\/seo\/ -->\n<title>Comedor de empresa: \u00bfS\u00ed o no?<\/title>\n<meta name=\"description\" content=\"\u00bfExisten normas que obliguen a la empresa a instalar un comedor? Te damos todas las claves sobre esta cuesti\u00f3n recientemente abordada en los tribunales\" \/>\n<meta name=\"robots\" content=\"index, follow, max-snippet:-1, max-image-preview:large, max-video-preview:-1\" \/>\n<link rel=\"canonical\" href=\"https:\/\/empresas.infoempleo.com\/hrtrends\/comedor-de-empresa\/\" \/>\n<meta property=\"og:locale\" content=\"es_ES\" \/>\n<meta property=\"og:type\" content=\"article\" \/>\n<meta property=\"og:title\" content=\"Comedor de empresa: \u00bfS\u00ed o no?\" \/>\n<meta property=\"og:description\" content=\"\u00bfExisten normas que obliguen a la empresa a instalar un comedor? Te damos todas las claves sobre esta cuesti\u00f3n recientemente abordada en los tribunales\" \/>\n<meta property=\"og:url\" content=\"https:\/\/empresas.infoempleo.com\/hrtrends\/comedor-de-empresa\/\" \/>\n<meta property=\"og:site_name\" content=\"HRTRENDS\" \/>\n<meta property=\"article:publisher\" content=\"https:\/\/www.facebook.com\/Infoempleo\" \/>\n<meta property=\"article:published_time\" content=\"2019-03-26T06:30:53+00:00\" \/>\n<meta property=\"article:modified_time\" content=\"2019-06-11T07:09:42+00:00\" \/>\n<meta property=\"og:image\" content=\"https:\/\/empresas.infoempleo.com\/hrtrends\/media\/2019\/03\/comedor-en-el-trabajo-1.jpg\" \/>\n\t<meta property=\"og:image:width\" content=\"1140\" \/>\n\t<meta property=\"og:image:height\" content=\"760\" \/>\n\t<meta property=\"og:image:type\" content=\"image\/jpeg\" \/>\n<meta name=\"author\" content=\"Ignacio Chac\u00f3n\" \/>\n<meta name=\"twitter:card\" content=\"summary_large_image\" \/>\n<meta name=\"twitter:creator\" content=\"@infoempleo\" \/>\n<meta name=\"twitter:site\" content=\"@infoempleo\" \/>\n<meta name=\"twitter:label1\" content=\"Escrito por\" \/>\n\t<meta name=\"twitter:data1\" content=\"Ignacio Chac\u00f3n\" \/>\n\t<meta name=\"twitter:label2\" content=\"Tiempo de lectura\" \/>\n\t<meta name=\"twitter:data2\" content=\"3 minutos\" \/>\n<script type=\"application\/ld+json\" class=\"yoast-schema-graph\">{\"@context\":\"https:\/\/schema.org\",\"@graph\":[{\"@type\":\"NewsArticle\",\"@id\":\"https:\/\/empresas.infoempleo.com\/hrtrends\/comedor-de-empresa\/#article\",\"isPartOf\":{\"@id\":\"https:\/\/empresas.infoempleo.com\/hrtrends\/comedor-de-empresa\/\"},\"author\":{\"name\":\"Ignacio Chac\u00f3n\",\"@id\":\"https:\/\/empresas.infoempleo.com\/hrtrends\/#\/schema\/person\/beaec5e8a27bc44afcc089ce520dbc34\"},\"headline\":\"Comedor de empresa: \u00bfS\u00ed o no?\",\"datePublished\":\"2019-03-26T06:30:53+00:00\",\"dateModified\":\"2019-06-11T07:09:42+00:00\",\"mainEntityOfPage\":{\"@id\":\"https:\/\/empresas.infoempleo.com\/hrtrends\/comedor-de-empresa\/\"},\"wordCount\":589,\"publisher\":{\"@id\":\"https:\/\/empresas.infoempleo.com\/hrtrends\/#organization\"},\"image\":{\"@id\":\"https:\/\/empresas.infoempleo.com\/hrtrends\/comedor-de-empresa\/#primaryimage\"},\"thumbnailUrl\":\"https:\/\/empresas.infoempleo.com\/hrtrends\/media\/2019\/03\/comedor-en-el-trabajo-1.jpg\",\"keywords\":[\"legal\",\"tribunales\"],\"articleSection\":[\"Actualidad\"],\"inLanguage\":\"es\",\"copyrightYear\":\"2019\",\"copyrightHolder\":{\"@id\":\"https:\/\/empresas.infoempleo.com\/hrtrends\/#organization\"}},{\"@type\":\"WebPage\",\"@id\":\"https:\/\/empresas.infoempleo.com\/hrtrends\/comedor-de-empresa\/\",\"url\":\"https:\/\/empresas.infoempleo.com\/hrtrends\/comedor-de-empresa\/\",\"name\":\"Comedor de empresa: \u00bfS\u00ed o no?\",\"isPartOf\":{\"@id\":\"https:\/\/empresas.infoempleo.com\/hrtrends\/#website\"},\"primaryImageOfPage\":{\"@id\":\"https:\/\/empresas.infoempleo.com\/hrtrends\/comedor-de-empresa\/#primaryimage\"},\"image\":{\"@id\":\"https:\/\/empresas.infoempleo.com\/hrtrends\/comedor-de-empresa\/#primaryimage\"},\"thumbnailUrl\":\"https:\/\/empresas.infoempleo.com\/hrtrends\/media\/2019\/03\/comedor-en-el-trabajo-1.jpg\",\"datePublished\":\"2019-03-26T06:30:53+00:00\",\"dateModified\":\"2019-06-11T07:09:42+00:00\",\"description\":\"\u00bfExisten normas que obliguen a la empresa a instalar un comedor? Te damos todas las claves sobre esta cuesti\u00f3n recientemente abordada en los tribunales\",\"breadcrumb\":{\"@id\":\"https:\/\/empresas.infoempleo.com\/hrtrends\/comedor-de-empresa\/#breadcrumb\"},\"inLanguage\":\"es\",\"potentialAction\":[{\"@type\":\"ReadAction\",\"target\":[\"https:\/\/empresas.infoempleo.com\/hrtrends\/comedor-de-empresa\/\"]}]},{\"@type\":\"ImageObject\",\"inLanguage\":\"es\",\"@id\":\"https:\/\/empresas.infoempleo.com\/hrtrends\/comedor-de-empresa\/#primaryimage\",\"url\":\"https:\/\/empresas.infoempleo.com\/hrtrends\/media\/2019\/03\/comedor-en-el-trabajo-1-150x150.jpg\",\"contentUrl\":\"https:\/\/empresas.infoempleo.com\/hrtrends\/media\/2019\/03\/comedor-en-el-trabajo-1-150x150.jpg\",\"width\":150,\"height\":150,\"caption\":\"Comedor en el trabajo\"},{\"@type\":\"BreadcrumbList\",\"@id\":\"https:\/\/empresas.infoempleo.com\/hrtrends\/comedor-de-empresa\/#breadcrumb\",\"itemListElement\":[{\"@type\":\"ListItem\",\"position\":1,\"name\":\"Portada\",\"item\":\"https:\/\/empresas.infoempleo.com\/hrtrends\/\"},{\"@type\":\"ListItem\",\"position\":2,\"name\":\"Comedor de empresa: \u00bfS\u00ed o no?\"}]},{\"@type\":\"WebSite\",\"@id\":\"https:\/\/empresas.infoempleo.com\/hrtrends\/#website\",\"url\":\"https:\/\/empresas.infoempleo.com\/hrtrends\",\"name\":\"HRTrends by Infoempleo\",\"description\":\"\",\"publisher\":{\"@id\":\"https:\/\/empresas.infoempleo.com\/hrtrends\/#organization\"},\"potentialAction\":{\"@type\":\"SearchAction\",\"target\":\"https:\/\/empresas.infoempleo.com\/hrtrends\/?s={search_term_string}\",\"query-input\":\"required name=search_term_string\"},\"inLanguage\":\"es\"},{\"@type\":\"Organization\",\"@id\":\"https:\/\/empresas.infoempleo.com\/hrtrends\/#organization\",\"name\":\"Infoempleo\",\"url\":\"https:\/\/www.infoempleo.com\/\",\"logo\":{\"@type\":\"ImageObject\",\"@id\":\"https:\/\/empresas.infoempleo.com\/hrtrends\/#logo\",\"inLanguage\":\"es\",\"url\":\"https:\/\/cdnazure.infoempleo.com\/infoempleo\/assets\/style\/gfx\/logo.svg\",\"contentUrl\":\"https:\/\/cdnazure.infoempleo.com\/infoempleo\/assets\/style\/gfx\/logo.svg\",\"width\":150,\"height\":40,\"caption\":\"Infoempleo\"},\"image\":{\"@id\":\"https:\/\/empresas.infoempleo.com\/hrtrends\/#logo\"},\"sameAs\":[\"https:\/\/www.facebook.com\/Infoempleo\",\"https:\/\/x.com\/infoempleo\",\"http:\/\/instagram.com\/infoempleo\/\",\"http:\/\/www.linkedin.com\/groups\/Empleo-Espa\u00f1a-Infoempleocom-111276\",\"http:\/\/pinterest.com\/infoempleo\/\"],\"address\":{\"@type\":\"PostalAddress\",\"addressLocality\":\"Madrid\",\"postalCode\":\"28050\",\"streetAddress\":\"Avenida de Burgos 114\"},\"brand\":[\"Infoempleo\"]},{\"@type\":\"Person\",\"@id\":\"https:\/\/empresas.infoempleo.com\/hrtrends\/#\/schema\/person\/beaec5e8a27bc44afcc089ce520dbc34\",\"name\":\"Ignacio Chac\u00f3n\",\"image\":{\"@type\":\"ImageObject\",\"inLanguage\":\"es\",\"@id\":\"https:\/\/empresas.infoempleo.com\/hrtrends\/#\/schema\/person\/image\/\",\"url\":\"https:\/\/secure.gravatar.com\/avatar\/0266d7a6632c8ceeefc182650d37dc19da6c72fc954232ce162328b8d095de79?s=96&d=mm&r=g\",\"contentUrl\":\"https:\/\/secure.gravatar.com\/avatar\/0266d7a6632c8ceeefc182650d37dc19da6c72fc954232ce162328b8d095de79?s=96&d=mm&r=g\",\"caption\":\"Ignacio Chac\u00f3n\"},\"description\":\"Graduado en Derecho por la Universidad P\u00fablica de Navarra, y abogado especializado en derecho laboral, perteneciente al Muy Ilustre Colegio de Abogados de Pamplona\",\"sameAs\":[\"https:\/\/www.linkedin.com\/in\/ignacio-chacn-carvalhais-4763aa126\/\"],\"url\":\"https:\/\/empresas.infoempleo.com\/hrtrends\/author\/lexa-hrtrends\/\"}]}<\/script>\n<!-- \/ Yoast SEO plugin. -->","yoast_head_json":{"title":"Comedor de empresa: \u00bfS\u00ed o no?","description":"\u00bfExisten normas que obliguen a la empresa a instalar un comedor? Te damos todas las claves sobre esta cuesti\u00f3n recientemente abordada en los tribunales","robots":{"index":"index","follow":"follow","max-snippet":"max-snippet:-1","max-image-preview":"max-image-preview:large","max-video-preview":"max-video-preview:-1"},"canonical":"https:\/\/empresas.infoempleo.com\/hrtrends\/comedor-de-empresa\/","og_locale":"es_ES","og_type":"article","og_title":"Comedor de empresa: \u00bfS\u00ed o no?","og_description":"\u00bfExisten normas que obliguen a la empresa a instalar un comedor? Te damos todas las claves sobre esta cuesti\u00f3n recientemente abordada en los tribunales","og_url":"https:\/\/empresas.infoempleo.com\/hrtrends\/comedor-de-empresa\/","og_site_name":"HRTRENDS","article_publisher":"https:\/\/www.facebook.com\/Infoempleo","article_published_time":"2019-03-26T06:30:53+00:00","article_modified_time":"2019-06-11T07:09:42+00:00","og_image":[{"width":1140,"height":760,"url":"https:\/\/empresas.infoempleo.com\/hrtrends\/media\/2019\/03\/comedor-en-el-trabajo-1.jpg","type":"image\/jpeg"}],"author":"Ignacio Chac\u00f3n","twitter_card":"summary_large_image","twitter_creator":"@infoempleo","twitter_site":"@infoempleo","twitter_misc":{"Escrito por":"Ignacio Chac\u00f3n","Tiempo de lectura":"3 minutos"},"schema":{"@context":"https:\/\/schema.org","@graph":[{"@type":"NewsArticle","@id":"https:\/\/empresas.infoempleo.com\/hrtrends\/comedor-de-empresa\/#article","isPartOf":{"@id":"https:\/\/empresas.infoempleo.com\/hrtrends\/comedor-de-empresa\/"},"author":{"name":"Ignacio Chac\u00f3n","@id":"https:\/\/empresas.infoempleo.com\/hrtrends\/#\/schema\/person\/beaec5e8a27bc44afcc089ce520dbc34"},"headline":"Comedor de empresa: \u00bfS\u00ed o no?","datePublished":"2019-03-26T06:30:53+00:00","dateModified":"2019-06-11T07:09:42+00:00","mainEntityOfPage":{"@id":"https:\/\/empresas.infoempleo.com\/hrtrends\/comedor-de-empresa\/"},"wordCount":589,"publisher":{"@id":"https:\/\/empresas.infoempleo.com\/hrtrends\/#organization"},"image":{"@id":"https:\/\/empresas.infoempleo.com\/hrtrends\/comedor-de-empresa\/#primaryimage"},"thumbnailUrl":"https:\/\/empresas.infoempleo.com\/hrtrends\/media\/2019\/03\/comedor-en-el-trabajo-1.jpg","keywords":["legal","tribunales"],"articleSection":["Actualidad"],"inLanguage":"es","copyrightYear":"2019","copyrightHolder":{"@id":"https:\/\/empresas.infoempleo.com\/hrtrends\/#organization"}},{"@type":"WebPage","@id":"https:\/\/empresas.infoempleo.com\/hrtrends\/comedor-de-empresa\/","url":"https:\/\/empresas.infoempleo.com\/hrtrends\/comedor-de-empresa\/","name":"Comedor de empresa: \u00bfS\u00ed o no?","isPartOf":{"@id":"https:\/\/empresas.infoempleo.com\/hrtrends\/#website"},"primaryImageOfPage":{"@id":"https:\/\/empresas.infoempleo.com\/hrtrends\/comedor-de-empresa\/#primaryimage"},"image":{"@id":"https:\/\/empresas.infoempleo.com\/hrtrends\/comedor-de-empresa\/#primaryimage"},"thumbnailUrl":"https:\/\/empresas.infoempleo.com\/hrtrends\/media\/2019\/03\/comedor-en-el-trabajo-1.jpg","datePublished":"2019-03-26T06:30:53+00:00","dateModified":"2019-06-11T07:09:42+00:00","description":"\u00bfExisten normas que obliguen a la empresa a instalar un comedor? Te damos todas las claves sobre esta cuesti\u00f3n recientemente abordada en los tribunales","breadcrumb":{"@id":"https:\/\/empresas.infoempleo.com\/hrtrends\/comedor-de-empresa\/#breadcrumb"},"inLanguage":"es","potentialAction":[{"@type":"ReadAction","target":["https:\/\/empresas.infoempleo.com\/hrtrends\/comedor-de-empresa\/"]}]},{"@type":"ImageObject","inLanguage":"es","@id":"https:\/\/empresas.infoempleo.com\/hrtrends\/comedor-de-empresa\/#primaryimage","url":"https:\/\/empresas.infoempleo.com\/hrtrends\/media\/2019\/03\/comedor-en-el-trabajo-1-150x150.jpg","contentUrl":"https:\/\/empresas.infoempleo.com\/hrtrends\/media\/2019\/03\/comedor-en-el-trabajo-1-150x150.jpg","width":150,"height":150,"caption":"Comedor en el trabajo"},{"@type":"BreadcrumbList","@id":"https:\/\/empresas.infoempleo.com\/hrtrends\/comedor-de-empresa\/#breadcrumb","itemListElement":[{"@type":"ListItem","position":1,"name":"Portada","item":"https:\/\/empresas.infoempleo.com\/hrtrends\/"},{"@type":"ListItem","position":2,"name":"Comedor de empresa: \u00bfS\u00ed o no?"}]},{"@type":"WebSite","@id":"https:\/\/empresas.infoempleo.com\/hrtrends\/#website","url":"https:\/\/empresas.infoempleo.com\/hrtrends","name":"HRTrends by Infoempleo","description":"","publisher":{"@id":"https:\/\/empresas.infoempleo.com\/hrtrends\/#organization"},"potentialAction":{"@type":"SearchAction","target":"https:\/\/empresas.infoempleo.com\/hrtrends\/?s={search_term_string}","query-input":"required name=search_term_string"},"inLanguage":"es"},{"@type":"Organization","@id":"https:\/\/empresas.infoempleo.com\/hrtrends\/#organization","name":"Infoempleo","url":"https:\/\/www.infoempleo.com\/","logo":{"@type":"ImageObject","@id":"https:\/\/empresas.infoempleo.com\/hrtrends\/#logo","inLanguage":"es","url":"https:\/\/cdnazure.infoempleo.com\/infoempleo\/assets\/style\/gfx\/logo.svg","contentUrl":"https:\/\/cdnazure.infoempleo.com\/infoempleo\/assets\/style\/gfx\/logo.svg","width":150,"height":40,"caption":"Infoempleo"},"image":{"@id":"https:\/\/empresas.infoempleo.com\/hrtrends\/#logo"},"sameAs":["https:\/\/www.facebook.com\/Infoempleo","https:\/\/x.com\/infoempleo","http:\/\/instagram.com\/infoempleo\/","http:\/\/www.linkedin.com\/groups\/Empleo-Espa\u00f1a-Infoempleocom-111276","http:\/\/pinterest.com\/infoempleo\/"],"address":{"@type":"PostalAddress","addressLocality":"Madrid","postalCode":"28050","streetAddress":"Avenida de Burgos 114"},"brand":["Infoempleo"]},{"@type":"Person","@id":"https:\/\/empresas.infoempleo.com\/hrtrends\/#\/schema\/person\/beaec5e8a27bc44afcc089ce520dbc34","name":"Ignacio Chac\u00f3n","image":{"@type":"ImageObject","inLanguage":"es","@id":"https:\/\/empresas.infoempleo.com\/hrtrends\/#\/schema\/person\/image\/","url":"https:\/\/secure.gravatar.com\/avatar\/0266d7a6632c8ceeefc182650d37dc19da6c72fc954232ce162328b8d095de79?s=96&d=mm&r=g","contentUrl":"https:\/\/secure.gravatar.com\/avatar\/0266d7a6632c8ceeefc182650d37dc19da6c72fc954232ce162328b8d095de79?s=96&d=mm&r=g","caption":"Ignacio Chac\u00f3n"},"description":"Graduado en Derecho por la Universidad P\u00fablica de Navarra, y abogado especializado en derecho laboral, perteneciente al Muy Ilustre Colegio de Abogados de Pamplona","sameAs":["https:\/\/www.linkedin.com\/in\/ignacio-chacn-carvalhais-4763aa126\/"],"url":"https:\/\/empresas.infoempleo.com\/hrtrends\/author\/lexa-hrtrends\/"}]}},"amp_enabled":true,"_links":{"self":[{"href":"https:\/\/empresas.infoempleo.com\/hrtrends\/wp-json\/wp\/v2\/posts\/35098","targetHints":{"allow":["GET"]}}],"collection":[{"href":"https:\/\/empresas.infoempleo.com\/hrtrends\/wp-json\/wp\/v2\/posts"}],"about":[{"href":"https:\/\/empresas.infoempleo.com\/hrtrends\/wp-json\/wp\/v2\/types\/post"}],"author":[{"embeddable":true,"href":"https:\/\/empresas.infoempleo.com\/hrtrends\/wp-json\/wp\/v2\/users\/130"}],"replies":[{"embeddable":true,"href":"https:\/\/empresas.infoempleo.com\/hrtrends\/wp-json\/wp\/v2\/comments?post=35098"}],"version-history":[{"count":0,"href":"https:\/\/empresas.infoempleo.com\/hrtrends\/wp-json\/wp\/v2\/posts\/35098\/revisions"}],"wp:featuredmedia":[{"embeddable":true,"href":"https:\/\/empresas.infoempleo.com\/hrtrends\/wp-json\/wp\/v2\/media\/35105"}],"wp:attachment":[{"href":"https:\/\/empresas.infoempleo.com\/hrtrends\/wp-json\/wp\/v2\/media?parent=35098"}],"wp:term":[{"taxonomy":"category","embeddable":true,"href":"https:\/\/empresas.infoempleo.com\/hrtrends\/wp-json\/wp\/v2\/categories?post=35098"},{"taxonomy":"post_tag","embeddable":true,"href":"https:\/\/empresas.infoempleo.com\/hrtrends\/wp-json\/wp\/v2\/tags?post=35098"}],"curies":[{"name":"wp","href":"https:\/\/api.w.org\/{rel}","templated":true}]}}