{"id":35060,"date":"2017-05-01T08:00:13","date_gmt":"2017-05-01T06:00:13","guid":{"rendered":"https:\/\/empresas.infoempleo.com\/hrtrends\/?p=35060"},"modified":"2019-03-15T10:41:13","modified_gmt":"2019-03-15T08:41:13","slug":"formacion-la-empresa-mejorar","status":"publish","type":"post","link":"https:\/\/empresas.infoempleo.com\/hrtrends\/formacion-la-empresa-mejorar\/","title":{"rendered":"Formaci\u00f3n en la empresa: Inversi\u00f3n para crecer y mejorar"},"content":{"rendered":"<p>La formaci\u00f3n en la empresa se ofrece a los empleados para impulsar <strong>su desarrollo personal y profesional<\/strong>. Se trata de mantener una <a href=\"https:\/\/empresas.infoempleo.com\/hrtrends\/formacion-continua-en-tu-empresa\/\">formaci\u00f3n continua <\/a>a medida que se avanza en el mundo laboral para estar al d\u00eda de toda innovaci\u00f3n relevante al sector en cuesti\u00f3n.<\/p>\n<p>Esta formaci\u00f3n continua se debe enfocar desde una perspectiva laboral con la finalidad de aportar conocimientos aplicables en el d\u00eda a d\u00eda de la jornada de los empleados. Al final, se trata de una inversi\u00f3n por parte de la empresa que fortalece a su plantilla convirtiendo sus trabajadores en piezas de gran valor.<\/p>\n<h2><b>\u00bfC\u00f3mo beneficia la formaci\u00f3n en la empresa a los trabajadores?<\/b><\/h2>\n<p>Los cursos de formaci\u00f3n en la empresa para trabajadores suponen grandes ventajas para los empleados en la empresa, tanto a nivel individual como a nivel profesional. No s\u00f3lo contribuyen en su mejor preparaci\u00f3n, sino que tambi\u00e9n les aporta una mayor seguridad. Tener al personal preparado y motivado por el aprendizaje tambi\u00e9n nos ayuda a potenciar nuestros servicios, complement\u00e1ndose y haci\u00e9ndolos m\u00e1s competitivos.<\/p>\n<p>Un 27,4% de empresas con actividad en Espa\u00f1a realizaron actividades de formaci\u00f3n para sus trabajadores, una cifra que, a pesar de crecer a\u00f1o tras a\u00f1o, contin\u00faa representando un porcentaje bajo. Recurrir a la formaci\u00f3n bonificada permite financiarse a trav\u00e9s de una cuota formativa abonada a la Seguridad Social. Este cr\u00e9dito existe para todas las empresas pero en caso de no usarlo, se pierde.<\/p>\n<p>En general, la formaci\u00f3n en las empresas favorece la satisfacci\u00f3n de los empleados a la vez que aumenta su integraci\u00f3n. Permite un avance profesional y un crecimiento, evitando as\u00ed tambi\u00e9n el sentimiento de estancamiento que puede percibir el trabajador en determinados trabajos y situaciones.<\/p>\n<h3><img loading=\"lazy\" decoding=\"async\" class=\"alignnone wp-image-29597\" src=\"https:\/\/empresas.infoempleo.com\/hrtrends\/media\/2017\/05\/Formaci\u00f3n-en-la-empresa-Inversi\u00f3n-para-Crecer-y-Mejorar.jpg\" alt=\"\" width=\"600\" height=\"400\" srcset=\"https:\/\/empresas.infoempleo.com\/hrtrends\/media\/2017\/05\/Formaci\u00f3n-en-la-empresa-Inversi\u00f3n-para-Crecer-y-Mejorar.jpg 1280w, https:\/\/empresas.infoempleo.com\/hrtrends\/media\/2017\/05\/Formaci\u00f3n-en-la-empresa-Inversi\u00f3n-para-Crecer-y-Mejorar-300x200.jpg 300w, https:\/\/empresas.infoempleo.com\/hrtrends\/media\/2017\/05\/Formaci\u00f3n-en-la-empresa-Inversi\u00f3n-para-Crecer-y-Mejorar-1024x682.jpg 1024w, https:\/\/empresas.infoempleo.com\/hrtrends\/media\/2017\/05\/Formaci\u00f3n-en-la-empresa-Inversi\u00f3n-para-Crecer-y-Mejorar-768x512.jpg 768w\" sizes=\"auto, (max-width: 600px) 100vw, 600px\" \/><\/h3>\n<h2><b>\u00bfQu\u00e9 aspectos positivos tiene la formaci\u00f3n de los trabajadores para la empresa?<\/b><\/h2>\n<p>Uno de los puntos m\u00e1s esenciales para cualquier empresa es conseguir unos equipos de trabajo bien preparados. Formar a los empleados implica una mayor cualificaci\u00f3n de la plantilla, aumentando as\u00ed la competitividad y rentabilidad de la empresa.<\/p>\n<p>Por otro lado, los mismos beneficios generados para los empleados implican un mayor compromiso con la empresa. La empresa estar\u00e1 capacitada para adaptarse a nuevas situaciones a la vez que aumenta su competitividad, rentabilidad y calidad de producto o servicio.<\/p>\n<h2><b>\u00bfQu\u00e9 tipolog\u00eda de formaci\u00f3n se puede realizar?<\/b><\/h2>\n<p>De cursos de formaci\u00f3n y tem\u00e1ticas a tratar existe una lista interminable. Al final lo importante es tratar temas vinculados con los intereses de cada trabajador y actividad de negocio. A grandes rasgos podr\u00edamos diferenciar entre dos tipos de formaciones: la formaci\u00f3n interna y la formaci\u00f3n externa.<\/p>\n<p>Dependiendo de los recursos de los que dispone la empresa y de la naturaleza del tema tratado, ser\u00e1 m\u00e1s conveniente optar por una formaci\u00f3n impartida en el mismo puesto de trabajo o fuera de las instalaciones.<\/p>\n<p><b>Formaci\u00f3n interna: <\/b>Los temas suelen ser m\u00e1s precisos y directamente aplicables. Se aprende a la vez que se asocia de manera inmediata y expl\u00edcita c\u00f3mo llevarlo a cabo en el lugar de trabajo.<\/p>\n<p><b>Formaci\u00f3n externa<\/b>: Suele tratarse de temas m\u00e1s gen\u00e9ricos, o de inter\u00e9s particular para el trabajador. Podr\u00eda ser el caso de cursos de formaci\u00f3n espec\u00edficos, formaci\u00f3n de liderazgo, idiomas extranjeros o cursos espec\u00edficos de herramientas utilizadas en la oficina.<\/p>\n<p>Algunos ejemplos claros de formaci\u00f3n que puede llevar a cabo la empresa, a nivel interno o externo, seg\u00fan convenga, son los siguientes:<\/p>\n<p><b>Idiomas:<\/b> Ofrecer la posibilidad de aprender un idioma siempre es algo que da un valor a\u00f1adido al empleado, y por defecto a la misma empresa. De acuerdo con las relaciones, los mercados con los que se trabaja, el conocimiento previo de los empleados y los intereses generales de la empresa, se puede optar por un idioma m\u00e1s gen\u00e9rico, como es el ingl\u00e9s, o uno m\u00e1s espec\u00edfico a la necesidades del momento.<\/p>\n<p><b>Nuevas tecnolog\u00edas: <\/b>Adaptar a tus empleados a las \u00faltimas novedades es imprescindible para tener una plantilla preparada para afrontar el cambio y adaptarse al futuro. Estos temas pueden ser muy amplios y muy espec\u00edficos, desde programas y herramientas concretos que se usan en la actividad de negocio, al avance de las TIC a nivel general, las necesidades digitales de la sociedad y c\u00f3mo afrontarlas, etc.<\/p>\n<h2><b>La formaci\u00f3n, una herramienta de poder<\/b><\/h2>\n<p>En el portal de formaci\u00f3n de Infoempleo, se apuesta por el futuro de todos ofreciendo una gran selecci\u00f3n de cursos de formaci\u00f3n en <a href=\"http:\/\/www.avanzaentucarrera.com?utm_source=post&amp;utm_campaign=hrtrends&amp;utm_medium=blogempresas&amp;utm_content=curso\">www.avanzaentucarrera.com<\/a>: salud y sociosanitario, ingenier\u00eda e industria, inform\u00e1tica y telecomunicaciones, administraci\u00f3n de empresas, marketing y ventas,&#8230; Sabemos lo importante que es la formaci\u00f3n continua de los profesionales para poder superarse cada d\u00eda.<\/p>\n<p>Formar a tus empleados es un valor a\u00f1adido que la empresa ofrece y en el que todas aquellas partes involucradas ganan. Invertir tiempo en tus trabajadores siempre es una buena idea, indiferentemente de las circunstancias. Como bien dijo Henry Ford: \u201c<i>Solo hay algo m\u00e1s caro que formar a las personas y que se marchen: no formarlos y que se queden.\u201d<\/i><\/p>\n","protected":false},"excerpt":{"rendered":"<p>La formaci\u00f3n en la empresa se ofrece a los empleados para impulsar su desarrollo personal y profesional. Se<a class=\"moretag\" href=\"https:\/\/empresas.infoempleo.com\/hrtrends\/formacion-la-empresa-mejorar\/\"> Leer m\u00e1s<\/a><\/p>\n","protected":false},"author":93,"featured_media":35063,"comment_status":"closed","ping_status":"closed","sticky":false,"template":"","format":"standard","meta":{"footnotes":""},"categories":[3032],"tags":[],"class_list":["post-35060","post","type-post","status-publish","format-standard","has-post-thumbnail","hentry","category-formacion"],"yoast_head":"<!-- This site is optimized with the Yoast SEO plugin v26.1.1 - https:\/\/yoast.com\/wordpress\/plugins\/seo\/ -->\n<title>Formaci\u00f3n en la empresa: Inversi\u00f3n para crecer y mejorar<\/title>\n<meta name=\"description\" content=\"La formaci\u00f3n en la empresa se ofrece a los empleados para impulsar su desarrollo personal y profesional con el fin de mantener una formaci\u00f3n continua.\" \/>\n<meta name=\"robots\" content=\"index, follow, max-snippet:-1, max-image-preview:large, max-video-preview:-1\" \/>\n<link rel=\"canonical\" href=\"https:\/\/empresas.infoempleo.com\/hrtrends\/formacion-la-empresa-mejorar\/\" \/>\n<meta property=\"og:locale\" content=\"es_ES\" \/>\n<meta property=\"og:type\" content=\"article\" \/>\n<meta property=\"og:title\" content=\"Formaci\u00f3n en la empresa: Inversi\u00f3n para crecer y mejorar\" \/>\n<meta property=\"og:description\" content=\"La formaci\u00f3n en la empresa se ofrece a los empleados para impulsar su desarrollo personal y profesional con el fin de mantener una formaci\u00f3n continua.\" \/>\n<meta property=\"og:url\" content=\"https:\/\/empresas.infoempleo.com\/hrtrends\/formacion-la-empresa-mejorar\/\" \/>\n<meta property=\"og:site_name\" content=\"HRTRENDS\" \/>\n<meta property=\"article:publisher\" content=\"https:\/\/www.facebook.com\/Infoempleo\" \/>\n<meta property=\"article:published_time\" content=\"2017-05-01T06:00:13+00:00\" \/>\n<meta property=\"article:modified_time\" content=\"2019-03-15T08:41:13+00:00\" \/>\n<meta property=\"og:image\" content=\"https:\/\/empresas.infoempleo.com\/hrtrends\/media\/2019\/03\/Formaci\u00f3n-en-la-empresa-Inversi\u00f3n-para-Crecer-y-Mejorar.jpg\" \/>\n\t<meta property=\"og:image:width\" content=\"600\" \/>\n\t<meta property=\"og:image:height\" content=\"400\" \/>\n\t<meta property=\"og:image:type\" content=\"image\/jpeg\" \/>\n<meta name=\"author\" content=\"Laura Soler\" \/>\n<meta name=\"twitter:card\" content=\"summary_large_image\" \/>\n<meta name=\"twitter:creator\" content=\"@infoempleo\" \/>\n<meta name=\"twitter:site\" content=\"@infoempleo\" \/>\n<meta name=\"twitter:label1\" content=\"Escrito por\" \/>\n\t<meta name=\"twitter:data1\" content=\"Laura Soler\" \/>\n\t<meta name=\"twitter:label2\" content=\"Tiempo de lectura\" \/>\n\t<meta name=\"twitter:data2\" content=\"4 minutos\" \/>\n<script type=\"application\/ld+json\" class=\"yoast-schema-graph\">{\"@context\":\"https:\/\/schema.org\",\"@graph\":[{\"@type\":\"NewsArticle\",\"@id\":\"https:\/\/empresas.infoempleo.com\/hrtrends\/formacion-la-empresa-mejorar\/#article\",\"isPartOf\":{\"@id\":\"https:\/\/empresas.infoempleo.com\/hrtrends\/formacion-la-empresa-mejorar\/\"},\"author\":{\"name\":\"Laura Soler\",\"@id\":\"https:\/\/empresas.infoempleo.com\/hrtrends\/#\/schema\/person\/a87831bdb31f0ef865cda025cfa8363d\"},\"headline\":\"Formaci\u00f3n en la empresa: Inversi\u00f3n para crecer y mejorar\",\"datePublished\":\"2017-05-01T06:00:13+00:00\",\"dateModified\":\"2019-03-15T08:41:13+00:00\",\"mainEntityOfPage\":{\"@id\":\"https:\/\/empresas.infoempleo.com\/hrtrends\/formacion-la-empresa-mejorar\/\"},\"wordCount\":896,\"publisher\":{\"@id\":\"https:\/\/empresas.infoempleo.com\/hrtrends\/#organization\"},\"image\":{\"@id\":\"https:\/\/empresas.infoempleo.com\/hrtrends\/formacion-la-empresa-mejorar\/#primaryimage\"},\"thumbnailUrl\":\"https:\/\/empresas.infoempleo.com\/hrtrends\/media\/2019\/03\/Formaci\u00f3n-en-la-empresa-Inversi\u00f3n-para-Crecer-y-Mejorar.jpg\",\"articleSection\":[\"Formaci\u00f3n\"],\"inLanguage\":\"es\",\"copyrightYear\":\"2017\",\"copyrightHolder\":{\"@id\":\"https:\/\/empresas.infoempleo.com\/hrtrends\/#organization\"}},{\"@type\":\"WebPage\",\"@id\":\"https:\/\/empresas.infoempleo.com\/hrtrends\/formacion-la-empresa-mejorar\/\",\"url\":\"https:\/\/empresas.infoempleo.com\/hrtrends\/formacion-la-empresa-mejorar\/\",\"name\":\"Formaci\u00f3n en la empresa: Inversi\u00f3n para crecer y mejorar\",\"isPartOf\":{\"@id\":\"https:\/\/empresas.infoempleo.com\/hrtrends\/#website\"},\"primaryImageOfPage\":{\"@id\":\"https:\/\/empresas.infoempleo.com\/hrtrends\/formacion-la-empresa-mejorar\/#primaryimage\"},\"image\":{\"@id\":\"https:\/\/empresas.infoempleo.com\/hrtrends\/formacion-la-empresa-mejorar\/#primaryimage\"},\"thumbnailUrl\":\"https:\/\/empresas.infoempleo.com\/hrtrends\/media\/2019\/03\/Formaci\u00f3n-en-la-empresa-Inversi\u00f3n-para-Crecer-y-Mejorar.jpg\",\"datePublished\":\"2017-05-01T06:00:13+00:00\",\"dateModified\":\"2019-03-15T08:41:13+00:00\",\"description\":\"La formaci\u00f3n en la empresa se ofrece a los empleados para impulsar su desarrollo personal y profesional con el fin de mantener una formaci\u00f3n continua.\",\"breadcrumb\":{\"@id\":\"https:\/\/empresas.infoempleo.com\/hrtrends\/formacion-la-empresa-mejorar\/#breadcrumb\"},\"inLanguage\":\"es\",\"potentialAction\":[{\"@type\":\"ReadAction\",\"target\":[\"https:\/\/empresas.infoempleo.com\/hrtrends\/formacion-la-empresa-mejorar\/\"]}]},{\"@type\":\"ImageObject\",\"inLanguage\":\"es\",\"@id\":\"https:\/\/empresas.infoempleo.com\/hrtrends\/formacion-la-empresa-mejorar\/#primaryimage\",\"url\":\"https:\/\/empresas.infoempleo.com\/hrtrends\/media\/2019\/03\/Formaci\u00f3n-en-la-empresa-Inversi\u00f3n-para-Crecer-y-Mejorar-150x150.jpg\",\"contentUrl\":\"https:\/\/empresas.infoempleo.com\/hrtrends\/media\/2019\/03\/Formaci\u00f3n-en-la-empresa-Inversi\u00f3n-para-Crecer-y-Mejorar-150x150.jpg\",\"width\":150,\"height\":150,\"caption\":\"Formaci\u00f3n en la empresa\"},{\"@type\":\"BreadcrumbList\",\"@id\":\"https:\/\/empresas.infoempleo.com\/hrtrends\/formacion-la-empresa-mejorar\/#breadcrumb\",\"itemListElement\":[{\"@type\":\"ListItem\",\"position\":1,\"name\":\"Portada\",\"item\":\"https:\/\/empresas.infoempleo.com\/hrtrends\/\"},{\"@type\":\"ListItem\",\"position\":2,\"name\":\"Formaci\u00f3n en la empresa: Inversi\u00f3n para crecer y mejorar\"}]},{\"@type\":\"WebSite\",\"@id\":\"https:\/\/empresas.infoempleo.com\/hrtrends\/#website\",\"url\":\"https:\/\/empresas.infoempleo.com\/hrtrends\",\"name\":\"HRTrends by Infoempleo\",\"description\":\"\",\"publisher\":{\"@id\":\"https:\/\/empresas.infoempleo.com\/hrtrends\/#organization\"},\"potentialAction\":{\"@type\":\"SearchAction\",\"target\":\"https:\/\/empresas.infoempleo.com\/hrtrends\/?s={search_term_string}\",\"query-input\":\"required name=search_term_string\"},\"inLanguage\":\"es\"},{\"@type\":\"Organization\",\"@id\":\"https:\/\/empresas.infoempleo.com\/hrtrends\/#organization\",\"name\":\"Infoempleo\",\"url\":\"https:\/\/www.infoempleo.com\/\",\"logo\":{\"@type\":\"ImageObject\",\"@id\":\"https:\/\/empresas.infoempleo.com\/hrtrends\/#logo\",\"inLanguage\":\"es\",\"url\":\"https:\/\/cdnazure.infoempleo.com\/infoempleo\/assets\/style\/gfx\/logo.svg\",\"contentUrl\":\"https:\/\/cdnazure.infoempleo.com\/infoempleo\/assets\/style\/gfx\/logo.svg\",\"width\":150,\"height\":40,\"caption\":\"Infoempleo\"},\"image\":{\"@id\":\"https:\/\/empresas.infoempleo.com\/hrtrends\/#logo\"},\"sameAs\":[\"https:\/\/www.facebook.com\/Infoempleo\",\"https:\/\/x.com\/infoempleo\",\"http:\/\/instagram.com\/infoempleo\/\",\"http:\/\/www.linkedin.com\/groups\/Empleo-Espa\u00f1a-Infoempleocom-111276\",\"http:\/\/pinterest.com\/infoempleo\/\"],\"address\":{\"@type\":\"PostalAddress\",\"addressLocality\":\"Madrid\",\"postalCode\":\"28050\",\"streetAddress\":\"Avenida de Burgos 114\"},\"brand\":[\"Infoempleo\"]},{\"@type\":\"Person\",\"@id\":\"https:\/\/empresas.infoempleo.com\/hrtrends\/#\/schema\/person\/a87831bdb31f0ef865cda025cfa8363d\",\"name\":\"Laura Soler\",\"image\":{\"@type\":\"ImageObject\",\"inLanguage\":\"es\",\"@id\":\"https:\/\/empresas.infoempleo.com\/hrtrends\/#\/schema\/person\/image\/\",\"url\":\"https:\/\/secure.gravatar.com\/avatar\/a849b9e29c141525eaf83f6f13a6c1442db43088835ada5a24322f59598e8fb5?s=96&d=mm&r=g\",\"contentUrl\":\"https:\/\/secure.gravatar.com\/avatar\/a849b9e29c141525eaf83f6f13a6c1442db43088835ada5a24322f59598e8fb5?s=96&d=mm&r=g\",\"caption\":\"Laura Soler\"},\"description\":\"Redactora, estudiante de m\u00e1ster en Relaciones Laborales y apasionada del coaching empresarial.\",\"url\":\"https:\/\/empresas.infoempleo.com\/hrtrends\/author\/laura-soler\/\"}]}<\/script>\n<!-- \/ Yoast SEO plugin. -->","yoast_head_json":{"title":"Formaci\u00f3n en la empresa: Inversi\u00f3n para crecer y mejorar","description":"La formaci\u00f3n en la empresa se ofrece a los empleados para impulsar su desarrollo personal y profesional con el fin de mantener una formaci\u00f3n continua.","robots":{"index":"index","follow":"follow","max-snippet":"max-snippet:-1","max-image-preview":"max-image-preview:large","max-video-preview":"max-video-preview:-1"},"canonical":"https:\/\/empresas.infoempleo.com\/hrtrends\/formacion-la-empresa-mejorar\/","og_locale":"es_ES","og_type":"article","og_title":"Formaci\u00f3n en la empresa: Inversi\u00f3n para crecer y mejorar","og_description":"La formaci\u00f3n en la empresa se ofrece a los empleados para impulsar su desarrollo personal y profesional con el fin de mantener una formaci\u00f3n continua.","og_url":"https:\/\/empresas.infoempleo.com\/hrtrends\/formacion-la-empresa-mejorar\/","og_site_name":"HRTRENDS","article_publisher":"https:\/\/www.facebook.com\/Infoempleo","article_published_time":"2017-05-01T06:00:13+00:00","article_modified_time":"2019-03-15T08:41:13+00:00","og_image":[{"width":600,"height":400,"url":"https:\/\/empresas.infoempleo.com\/hrtrends\/media\/2019\/03\/Formaci\u00f3n-en-la-empresa-Inversi\u00f3n-para-Crecer-y-Mejorar.jpg","type":"image\/jpeg"}],"author":"Laura Soler","twitter_card":"summary_large_image","twitter_creator":"@infoempleo","twitter_site":"@infoempleo","twitter_misc":{"Escrito por":"Laura Soler","Tiempo de lectura":"4 minutos"},"schema":{"@context":"https:\/\/schema.org","@graph":[{"@type":"NewsArticle","@id":"https:\/\/empresas.infoempleo.com\/hrtrends\/formacion-la-empresa-mejorar\/#article","isPartOf":{"@id":"https:\/\/empresas.infoempleo.com\/hrtrends\/formacion-la-empresa-mejorar\/"},"author":{"name":"Laura Soler","@id":"https:\/\/empresas.infoempleo.com\/hrtrends\/#\/schema\/person\/a87831bdb31f0ef865cda025cfa8363d"},"headline":"Formaci\u00f3n en la empresa: Inversi\u00f3n para crecer y mejorar","datePublished":"2017-05-01T06:00:13+00:00","dateModified":"2019-03-15T08:41:13+00:00","mainEntityOfPage":{"@id":"https:\/\/empresas.infoempleo.com\/hrtrends\/formacion-la-empresa-mejorar\/"},"wordCount":896,"publisher":{"@id":"https:\/\/empresas.infoempleo.com\/hrtrends\/#organization"},"image":{"@id":"https:\/\/empresas.infoempleo.com\/hrtrends\/formacion-la-empresa-mejorar\/#primaryimage"},"thumbnailUrl":"https:\/\/empresas.infoempleo.com\/hrtrends\/media\/2019\/03\/Formaci\u00f3n-en-la-empresa-Inversi\u00f3n-para-Crecer-y-Mejorar.jpg","articleSection":["Formaci\u00f3n"],"inLanguage":"es","copyrightYear":"2017","copyrightHolder":{"@id":"https:\/\/empresas.infoempleo.com\/hrtrends\/#organization"}},{"@type":"WebPage","@id":"https:\/\/empresas.infoempleo.com\/hrtrends\/formacion-la-empresa-mejorar\/","url":"https:\/\/empresas.infoempleo.com\/hrtrends\/formacion-la-empresa-mejorar\/","name":"Formaci\u00f3n en la empresa: Inversi\u00f3n para crecer y mejorar","isPartOf":{"@id":"https:\/\/empresas.infoempleo.com\/hrtrends\/#website"},"primaryImageOfPage":{"@id":"https:\/\/empresas.infoempleo.com\/hrtrends\/formacion-la-empresa-mejorar\/#primaryimage"},"image":{"@id":"https:\/\/empresas.infoempleo.com\/hrtrends\/formacion-la-empresa-mejorar\/#primaryimage"},"thumbnailUrl":"https:\/\/empresas.infoempleo.com\/hrtrends\/media\/2019\/03\/Formaci\u00f3n-en-la-empresa-Inversi\u00f3n-para-Crecer-y-Mejorar.jpg","datePublished":"2017-05-01T06:00:13+00:00","dateModified":"2019-03-15T08:41:13+00:00","description":"La formaci\u00f3n en la empresa se ofrece a los empleados para impulsar su desarrollo personal y profesional con el fin de mantener una formaci\u00f3n continua.","breadcrumb":{"@id":"https:\/\/empresas.infoempleo.com\/hrtrends\/formacion-la-empresa-mejorar\/#breadcrumb"},"inLanguage":"es","potentialAction":[{"@type":"ReadAction","target":["https:\/\/empresas.infoempleo.com\/hrtrends\/formacion-la-empresa-mejorar\/"]}]},{"@type":"ImageObject","inLanguage":"es","@id":"https:\/\/empresas.infoempleo.com\/hrtrends\/formacion-la-empresa-mejorar\/#primaryimage","url":"https:\/\/empresas.infoempleo.com\/hrtrends\/media\/2019\/03\/Formaci\u00f3n-en-la-empresa-Inversi\u00f3n-para-Crecer-y-Mejorar-150x150.jpg","contentUrl":"https:\/\/empresas.infoempleo.com\/hrtrends\/media\/2019\/03\/Formaci\u00f3n-en-la-empresa-Inversi\u00f3n-para-Crecer-y-Mejorar-150x150.jpg","width":150,"height":150,"caption":"Formaci\u00f3n en la empresa"},{"@type":"BreadcrumbList","@id":"https:\/\/empresas.infoempleo.com\/hrtrends\/formacion-la-empresa-mejorar\/#breadcrumb","itemListElement":[{"@type":"ListItem","position":1,"name":"Portada","item":"https:\/\/empresas.infoempleo.com\/hrtrends\/"},{"@type":"ListItem","position":2,"name":"Formaci\u00f3n en la empresa: Inversi\u00f3n para crecer y mejorar"}]},{"@type":"WebSite","@id":"https:\/\/empresas.infoempleo.com\/hrtrends\/#website","url":"https:\/\/empresas.infoempleo.com\/hrtrends","name":"HRTrends by Infoempleo","description":"","publisher":{"@id":"https:\/\/empresas.infoempleo.com\/hrtrends\/#organization"},"potentialAction":{"@type":"SearchAction","target":"https:\/\/empresas.infoempleo.com\/hrtrends\/?s={search_term_string}","query-input":"required name=search_term_string"},"inLanguage":"es"},{"@type":"Organization","@id":"https:\/\/empresas.infoempleo.com\/hrtrends\/#organization","name":"Infoempleo","url":"https:\/\/www.infoempleo.com\/","logo":{"@type":"ImageObject","@id":"https:\/\/empresas.infoempleo.com\/hrtrends\/#logo","inLanguage":"es","url":"https:\/\/cdnazure.infoempleo.com\/infoempleo\/assets\/style\/gfx\/logo.svg","contentUrl":"https:\/\/cdnazure.infoempleo.com\/infoempleo\/assets\/style\/gfx\/logo.svg","width":150,"height":40,"caption":"Infoempleo"},"image":{"@id":"https:\/\/empresas.infoempleo.com\/hrtrends\/#logo"},"sameAs":["https:\/\/www.facebook.com\/Infoempleo","https:\/\/x.com\/infoempleo","http:\/\/instagram.com\/infoempleo\/","http:\/\/www.linkedin.com\/groups\/Empleo-Espa\u00f1a-Infoempleocom-111276","http:\/\/pinterest.com\/infoempleo\/"],"address":{"@type":"PostalAddress","addressLocality":"Madrid","postalCode":"28050","streetAddress":"Avenida de Burgos 114"},"brand":["Infoempleo"]},{"@type":"Person","@id":"https:\/\/empresas.infoempleo.com\/hrtrends\/#\/schema\/person\/a87831bdb31f0ef865cda025cfa8363d","name":"Laura Soler","image":{"@type":"ImageObject","inLanguage":"es","@id":"https:\/\/empresas.infoempleo.com\/hrtrends\/#\/schema\/person\/image\/","url":"https:\/\/secure.gravatar.com\/avatar\/a849b9e29c141525eaf83f6f13a6c1442db43088835ada5a24322f59598e8fb5?s=96&d=mm&r=g","contentUrl":"https:\/\/secure.gravatar.com\/avatar\/a849b9e29c141525eaf83f6f13a6c1442db43088835ada5a24322f59598e8fb5?s=96&d=mm&r=g","caption":"Laura Soler"},"description":"Redactora, estudiante de m\u00e1ster en Relaciones Laborales y apasionada del coaching empresarial.","url":"https:\/\/empresas.infoempleo.com\/hrtrends\/author\/laura-soler\/"}]}},"amp_enabled":true,"_links":{"self":[{"href":"https:\/\/empresas.infoempleo.com\/hrtrends\/wp-json\/wp\/v2\/posts\/35060","targetHints":{"allow":["GET"]}}],"collection":[{"href":"https:\/\/empresas.infoempleo.com\/hrtrends\/wp-json\/wp\/v2\/posts"}],"about":[{"href":"https:\/\/empresas.infoempleo.com\/hrtrends\/wp-json\/wp\/v2\/types\/post"}],"author":[{"embeddable":true,"href":"https:\/\/empresas.infoempleo.com\/hrtrends\/wp-json\/wp\/v2\/users\/93"}],"replies":[{"embeddable":true,"href":"https:\/\/empresas.infoempleo.com\/hrtrends\/wp-json\/wp\/v2\/comments?post=35060"}],"version-history":[{"count":0,"href":"https:\/\/empresas.infoempleo.com\/hrtrends\/wp-json\/wp\/v2\/posts\/35060\/revisions"}],"wp:featuredmedia":[{"embeddable":true,"href":"https:\/\/empresas.infoempleo.com\/hrtrends\/wp-json\/wp\/v2\/media\/35063"}],"wp:attachment":[{"href":"https:\/\/empresas.infoempleo.com\/hrtrends\/wp-json\/wp\/v2\/media?parent=35060"}],"wp:term":[{"taxonomy":"category","embeddable":true,"href":"https:\/\/empresas.infoempleo.com\/hrtrends\/wp-json\/wp\/v2\/categories?post=35060"},{"taxonomy":"post_tag","embeddable":true,"href":"https:\/\/empresas.infoempleo.com\/hrtrends\/wp-json\/wp\/v2\/tags?post=35060"}],"curies":[{"name":"wp","href":"https:\/\/api.w.org\/{rel}","templated":true}]}}