{"id":3493,"date":"2009-09-30T11:02:45","date_gmt":"2009-09-30T10:02:45","guid":{"rendered":"http:\/\/blog.infoempleo.com\/?p=3493"},"modified":"2018-05-23T18:05:38","modified_gmt":"2018-05-23T16:05:38","slug":"hacia-donde-camina-el-sector-de-la-construccion","status":"publish","type":"post","link":"https:\/\/empresas.infoempleo.com\/hrtrends\/hacia-donde-camina-el-sector-de-la-construccion\/","title":{"rendered":"\u00bfHacia donde camina el sector de la construcci\u00f3n?"},"content":{"rendered":"<p>Reunidos en Junio de 2008 en Roma, los expertos que forman la red <a title=\"C\u00f3noce la red Euroconstruct\" href=\"https:\/\/euroconstruct.org\/\" target=\"_blank\">Euroconstruct<\/a> platearon el probable escenario del sector de la construcci\u00f3n para el 2009. Las previsiones no son muy favorables para Espa\u00f1a.<\/p>\n<p>Euroconstruct es un grupo independiente de investigaci\u00f3n, especializado en las prospectiva del sector de la construcci\u00f3n. Hace <strong>seguimiento y previsiones de los mercados de la construcci\u00f3n en 19 pa\u00edses europeos, a trav\u00e9s de una red de institutos.<\/strong> En el caso de Espa\u00f1a, el organismo asociado a este foro es el Instituto de la Construcci\u00f3n de Catalunya.<\/p>\n<p>Seg\u00fan su informe final, la econom\u00eda espa\u00f1ola est\u00e1 afrontando el nuevo ciclo sin haber tenido oportunidad de reemplazar su modelo econ\u00f3mico, cosa que disminuye las posibilidades de una recuperaci\u00f3n demasiado claro a corto plazo. <strong>Las expectativas de crecimiento econ\u00f3mico hasta el 2010 que se han tomado como base est\u00e1n comprendidas entre el 1,5% al 2%, y contemplan un estancamiento del consumo privado y la inversi\u00f3n.<\/strong><\/p>\n<p>De manera an\u00e1loga a lo que sucede a escala Europea, se espera que el conjunto de los mercados de la construcci\u00f3n en Espa\u00f1a se comporten por debajo de los ritmos de la econom\u00eda, y por lo tanto experimentar\u00e1n un crecimiento negativo en el 2009 (-3,7%). <strong>Se conf\u00eda que el cambio de signo pueda llegar, aunque t\u00edmidamente, en el 2010 (1,4%).<\/strong><\/p>\n<p>La responsabilidad de semejante rev\u00e9s recae en la edificaci\u00f3n de vivienda de nueva planta. El descenso de las ventas de inmuebles que en primera instancia vino causado por el empeoramiento de la financiaci\u00f3n est\u00e1 generando una bajada de precios que, como tiene perspectivas de acentuarse a corto plazo, est\u00e1 disuadiendo a\u00fan m\u00e1s a los potenciales compradores. La producci\u00f3n de nueva vivienda, debido a la inercia causada por el gran aporte de nuevos proyectos de 2006 y el primer semestre de 2007, no ha podido reaccionar con suficiente celeridad y <strong>el mercado se ha saturado con un producto que la demanda no quiere o no puede absorber en las condiciones actuales.<\/strong> Por si fuese poco, al stock de vivienda nueva por colocar se est\u00e1 sumando otra fuente de sobresaturaci\u00f3n: las viviendas que fueron compradas como inversi\u00f3n durante los a\u00f1os \u00e1lgidos del ciclo pensando en su venta a medio plazo y que ahora salen a la venta para aliviar las cargas financieras sobre sus propietarios. Por todo ello, se prev\u00e9 un severo reajuste del mercado residencial, con descensos de producci\u00f3n en la banda del 15% al 20% durante 2009.<\/p>\n<p>En el cap\u00edtulo de la <strong>edificaci\u00f3n no residencial<\/strong>, predominan los submercados en los que va a hacer mella la desaceleraci\u00f3n econ\u00f3mica: la construcci\u00f3n comercial se va a resentir del descenso del consumo y de la cancelaci\u00f3n de numerosos proyectos urban\u00edsticos, y la construcci\u00f3n industrial va a entrar en una fase de estancamiento. El principal contrapunto positivo contin\u00faa siendo la construcci\u00f3n de oficinas, que a corto plazo parece conservar su buen comportamiento. En conjunto, los mercados no residenciales aspiran a mantener sus actuales niveles de producci\u00f3n, experimentando un virtual crecimiento cero a lo largo del per\u00edodo de previsi\u00f3n.<\/p>\n<p>Finalmente, <strong>la ingenier\u00eda civil concentra las mayores \u2013si no las \u00fanicas\u2013 expectativas de crecimiento que le quedan al sector construcci\u00f3n espa\u00f1ol en los pr\u00f3ximos a\u00f1os.<\/strong> A diferencia de los \u00faltimos a\u00f1os en que este mercado ven\u00eda experimentando s\u00f3lidos crecimientos, basados en unos ritmos de licitaci\u00f3n crecientes, esta tendencia se ha truncado. Se ha optado por considerar que esta inflexi\u00f3n vaya a ser un episodio pasajero tras el cual se conf\u00eda asistir en los pr\u00f3ximos meses a una recuperaci\u00f3n del crecimiento. Del 2009 en adelante se apuesta por una aceleraci\u00f3n progresiva, (4% en 2009, 5% en 2010) basada en la existencia de numerosos planes de infraestructuras a largo plazo que hasta ahora se han ido cumpliendo, pero tambi\u00e9n teniendo en cuenta la previsible erosi\u00f3n de los recursos p\u00fablicos disponibles para irlos ejecutando.<\/p>\n","protected":false},"excerpt":{"rendered":"<p>Seg\u00fan los expertos reunidos en Euroconstruct, las perspectivas para el sector de la construcci\u00f3n en 2009 no son nada positivas.<\/p>\n","protected":false},"author":72,"featured_media":29665,"comment_status":"closed","ping_status":"open","sticky":false,"template":"","format":"standard","meta":{"footnotes":""},"categories":[3],"tags":[462,463,464,465,466,467,468],"class_list":["post-3493","post","type-post","status-publish","format-standard","has-post-thumbnail","hentry","category-actualidad","tag-construccion","tag-edificacion","tag-euroconstruct","tag-ingenieria-civil","tag-obra-civil","tag-perspectivas","tag-vivienda"],"yoast_head":"<!-- This site is optimized with the Yoast SEO plugin v26.1.1 - https:\/\/yoast.com\/wordpress\/plugins\/seo\/ -->\n<title>\u00bfHacia donde camina el sector de la construcci\u00f3n? | HRTRENDS<\/title>\n<meta name=\"robots\" content=\"index, follow, max-snippet:-1, max-image-preview:large, max-video-preview:-1\" \/>\n<link rel=\"canonical\" href=\"https:\/\/empresas.infoempleo.com\/hrtrends\/hacia-donde-camina-el-sector-de-la-construccion\/\" \/>\n<meta property=\"og:locale\" content=\"es_ES\" \/>\n<meta property=\"og:type\" content=\"article\" \/>\n<meta property=\"og:title\" content=\"\u00bfHacia donde camina el sector de la construcci\u00f3n? | HRTRENDS\" \/>\n<meta property=\"og:description\" content=\"Seg\u00fan los expertos reunidos en Euroconstruct, las perspectivas para el sector de la construcci\u00f3n en 2009 no son nada positivas.\" \/>\n<meta property=\"og:url\" content=\"https:\/\/empresas.infoempleo.com\/hrtrends\/hacia-donde-camina-el-sector-de-la-construccion\/\" \/>\n<meta property=\"og:site_name\" content=\"HRTRENDS\" \/>\n<meta property=\"article:publisher\" content=\"https:\/\/www.facebook.com\/Infoempleo\" \/>\n<meta property=\"article:published_time\" content=\"2009-09-30T10:02:45+00:00\" \/>\n<meta property=\"article:modified_time\" content=\"2018-05-23T16:05:38+00:00\" \/>\n<meta property=\"og:image\" content=\"https:\/\/empresas.infoempleo.com\/hrtrends\/media\/2017\/05\/pexels-photo-205508.jpg\" \/>\n\t<meta property=\"og:image:width\" content=\"1280\" \/>\n\t<meta property=\"og:image:height\" content=\"960\" \/>\n\t<meta property=\"og:image:type\" content=\"image\/jpeg\" \/>\n<meta name=\"author\" content=\"infoempleo\" \/>\n<meta name=\"twitter:card\" content=\"summary_large_image\" \/>\n<meta name=\"twitter:creator\" content=\"@infoempleo\" \/>\n<meta name=\"twitter:site\" content=\"@infoempleo\" \/>\n<meta name=\"twitter:label1\" content=\"Escrito por\" \/>\n\t<meta name=\"twitter:data1\" content=\"infoempleo\" \/>\n\t<meta name=\"twitter:label2\" content=\"Tiempo de lectura\" \/>\n\t<meta name=\"twitter:data2\" content=\"3 minutos\" \/>\n<script type=\"application\/ld+json\" class=\"yoast-schema-graph\">{\"@context\":\"https:\/\/schema.org\",\"@graph\":[{\"@type\":\"NewsArticle\",\"@id\":\"https:\/\/empresas.infoempleo.com\/hrtrends\/hacia-donde-camina-el-sector-de-la-construccion\/#article\",\"isPartOf\":{\"@id\":\"https:\/\/empresas.infoempleo.com\/hrtrends\/hacia-donde-camina-el-sector-de-la-construccion\/\"},\"author\":{\"name\":\"infoempleo\",\"@id\":\"https:\/\/empresas.infoempleo.com\/hrtrends\/#\/schema\/person\/67d3e276ffcc8b3ae0ebec816daf775a\"},\"headline\":\"\u00bfHacia donde camina el sector de la construcci\u00f3n?\",\"datePublished\":\"2009-09-30T10:02:45+00:00\",\"dateModified\":\"2018-05-23T16:05:38+00:00\",\"mainEntityOfPage\":{\"@id\":\"https:\/\/empresas.infoempleo.com\/hrtrends\/hacia-donde-camina-el-sector-de-la-construccion\/\"},\"wordCount\":684,\"publisher\":{\"@id\":\"https:\/\/empresas.infoempleo.com\/hrtrends\/#organization\"},\"image\":{\"@id\":\"https:\/\/empresas.infoempleo.com\/hrtrends\/hacia-donde-camina-el-sector-de-la-construccion\/#primaryimage\"},\"thumbnailUrl\":\"https:\/\/empresas.infoempleo.com\/hrtrends\/media\/2017\/05\/pexels-photo-205508.jpg\",\"keywords\":[\"construcci\u00f3n\",\"edificaci\u00f3n\",\"Euroconstruct\",\"ingenier\u00eda civil\",\"obra civil\",\"perspectivas\",\"vivienda\"],\"articleSection\":[\"Actualidad\"],\"inLanguage\":\"es\",\"copyrightYear\":\"2009\",\"copyrightHolder\":{\"@id\":\"https:\/\/empresas.infoempleo.com\/hrtrends\/#organization\"}},{\"@type\":\"WebPage\",\"@id\":\"https:\/\/empresas.infoempleo.com\/hrtrends\/hacia-donde-camina-el-sector-de-la-construccion\/\",\"url\":\"https:\/\/empresas.infoempleo.com\/hrtrends\/hacia-donde-camina-el-sector-de-la-construccion\/\",\"name\":\"\u00bfHacia donde camina el sector de la construcci\u00f3n? | HRTRENDS\",\"isPartOf\":{\"@id\":\"https:\/\/empresas.infoempleo.com\/hrtrends\/#website\"},\"primaryImageOfPage\":{\"@id\":\"https:\/\/empresas.infoempleo.com\/hrtrends\/hacia-donde-camina-el-sector-de-la-construccion\/#primaryimage\"},\"image\":{\"@id\":\"https:\/\/empresas.infoempleo.com\/hrtrends\/hacia-donde-camina-el-sector-de-la-construccion\/#primaryimage\"},\"thumbnailUrl\":\"https:\/\/empresas.infoempleo.com\/hrtrends\/media\/2017\/05\/pexels-photo-205508.jpg\",\"datePublished\":\"2009-09-30T10:02:45+00:00\",\"dateModified\":\"2018-05-23T16:05:38+00:00\",\"breadcrumb\":{\"@id\":\"https:\/\/empresas.infoempleo.com\/hrtrends\/hacia-donde-camina-el-sector-de-la-construccion\/#breadcrumb\"},\"inLanguage\":\"es\",\"potentialAction\":[{\"@type\":\"ReadAction\",\"target\":[\"https:\/\/empresas.infoempleo.com\/hrtrends\/hacia-donde-camina-el-sector-de-la-construccion\/\"]}]},{\"@type\":\"ImageObject\",\"inLanguage\":\"es\",\"@id\":\"https:\/\/empresas.infoempleo.com\/hrtrends\/hacia-donde-camina-el-sector-de-la-construccion\/#primaryimage\",\"url\":\"https:\/\/empresas.infoempleo.com\/hrtrends\/media\/2017\/05\/pexels-photo-205508-150x150.jpg\",\"contentUrl\":\"https:\/\/empresas.infoempleo.com\/hrtrends\/media\/2017\/05\/pexels-photo-205508-150x150.jpg\",\"width\":150,\"height\":150},{\"@type\":\"BreadcrumbList\",\"@id\":\"https:\/\/empresas.infoempleo.com\/hrtrends\/hacia-donde-camina-el-sector-de-la-construccion\/#breadcrumb\",\"itemListElement\":[{\"@type\":\"ListItem\",\"position\":1,\"name\":\"Portada\",\"item\":\"https:\/\/empresas.infoempleo.com\/hrtrends\/\"},{\"@type\":\"ListItem\",\"position\":2,\"name\":\"\u00bfHacia donde camina el sector de la construcci\u00f3n?\"}]},{\"@type\":\"WebSite\",\"@id\":\"https:\/\/empresas.infoempleo.com\/hrtrends\/#website\",\"url\":\"https:\/\/empresas.infoempleo.com\/hrtrends\",\"name\":\"HRTrends by Infoempleo\",\"description\":\"\",\"publisher\":{\"@id\":\"https:\/\/empresas.infoempleo.com\/hrtrends\/#organization\"},\"potentialAction\":{\"@type\":\"SearchAction\",\"target\":\"https:\/\/empresas.infoempleo.com\/hrtrends\/?s={search_term_string}\",\"query-input\":\"required name=search_term_string\"},\"inLanguage\":\"es\"},{\"@type\":\"Organization\",\"@id\":\"https:\/\/empresas.infoempleo.com\/hrtrends\/#organization\",\"name\":\"Infoempleo\",\"url\":\"https:\/\/www.infoempleo.com\/\",\"logo\":{\"@type\":\"ImageObject\",\"@id\":\"https:\/\/empresas.infoempleo.com\/hrtrends\/#logo\",\"inLanguage\":\"es\",\"url\":\"https:\/\/cdnazure.infoempleo.com\/infoempleo\/assets\/style\/gfx\/logo.svg\",\"contentUrl\":\"https:\/\/cdnazure.infoempleo.com\/infoempleo\/assets\/style\/gfx\/logo.svg\",\"width\":150,\"height\":40,\"caption\":\"Infoempleo\"},\"image\":{\"@id\":\"https:\/\/empresas.infoempleo.com\/hrtrends\/#logo\"},\"sameAs\":[\"https:\/\/www.facebook.com\/Infoempleo\",\"https:\/\/x.com\/infoempleo\",\"http:\/\/instagram.com\/infoempleo\/\",\"http:\/\/www.linkedin.com\/groups\/Empleo-Espa\u00f1a-Infoempleocom-111276\",\"http:\/\/pinterest.com\/infoempleo\/\"],\"address\":{\"@type\":\"PostalAddress\",\"addressLocality\":\"Madrid\",\"postalCode\":\"28050\",\"streetAddress\":\"Avenida de Burgos 114\"},\"brand\":[\"Infoempleo\"]},{\"@type\":\"Person\",\"@id\":\"https:\/\/empresas.infoempleo.com\/hrtrends\/#\/schema\/person\/67d3e276ffcc8b3ae0ebec816daf775a\",\"name\":\"infoempleo\",\"image\":{\"@type\":\"ImageObject\",\"inLanguage\":\"es\",\"@id\":\"https:\/\/empresas.infoempleo.com\/hrtrends\/#\/schema\/person\/image\/\",\"url\":\"https:\/\/secure.gravatar.com\/avatar\/7b437777242fe67d2473c2a818da2344692d1ee91e91080ccffbd97bcd4a0975?s=96&d=mm&r=g\",\"contentUrl\":\"https:\/\/secure.gravatar.com\/avatar\/7b437777242fe67d2473c2a818da2344692d1ee91e91080ccffbd97bcd4a0975?s=96&d=mm&r=g\",\"caption\":\"infoempleo\"},\"url\":\"https:\/\/empresas.infoempleo.com\/hrtrends\/author\/infoempleo\/\"}]}<\/script>\n<!-- \/ Yoast SEO plugin. -->","yoast_head_json":{"title":"\u00bfHacia donde camina el sector de la construcci\u00f3n? | HRTRENDS","robots":{"index":"index","follow":"follow","max-snippet":"max-snippet:-1","max-image-preview":"max-image-preview:large","max-video-preview":"max-video-preview:-1"},"canonical":"https:\/\/empresas.infoempleo.com\/hrtrends\/hacia-donde-camina-el-sector-de-la-construccion\/","og_locale":"es_ES","og_type":"article","og_title":"\u00bfHacia donde camina el sector de la construcci\u00f3n? | HRTRENDS","og_description":"Seg\u00fan los expertos reunidos en Euroconstruct, las perspectivas para el sector de la construcci\u00f3n en 2009 no son nada positivas.","og_url":"https:\/\/empresas.infoempleo.com\/hrtrends\/hacia-donde-camina-el-sector-de-la-construccion\/","og_site_name":"HRTRENDS","article_publisher":"https:\/\/www.facebook.com\/Infoempleo","article_published_time":"2009-09-30T10:02:45+00:00","article_modified_time":"2018-05-23T16:05:38+00:00","og_image":[{"width":1280,"height":960,"url":"https:\/\/empresas.infoempleo.com\/hrtrends\/media\/2017\/05\/pexels-photo-205508.jpg","type":"image\/jpeg"}],"author":"infoempleo","twitter_card":"summary_large_image","twitter_creator":"@infoempleo","twitter_site":"@infoempleo","twitter_misc":{"Escrito por":"infoempleo","Tiempo de lectura":"3 minutos"},"schema":{"@context":"https:\/\/schema.org","@graph":[{"@type":"NewsArticle","@id":"https:\/\/empresas.infoempleo.com\/hrtrends\/hacia-donde-camina-el-sector-de-la-construccion\/#article","isPartOf":{"@id":"https:\/\/empresas.infoempleo.com\/hrtrends\/hacia-donde-camina-el-sector-de-la-construccion\/"},"author":{"name":"infoempleo","@id":"https:\/\/empresas.infoempleo.com\/hrtrends\/#\/schema\/person\/67d3e276ffcc8b3ae0ebec816daf775a"},"headline":"\u00bfHacia donde camina el sector de la construcci\u00f3n?","datePublished":"2009-09-30T10:02:45+00:00","dateModified":"2018-05-23T16:05:38+00:00","mainEntityOfPage":{"@id":"https:\/\/empresas.infoempleo.com\/hrtrends\/hacia-donde-camina-el-sector-de-la-construccion\/"},"wordCount":684,"publisher":{"@id":"https:\/\/empresas.infoempleo.com\/hrtrends\/#organization"},"image":{"@id":"https:\/\/empresas.infoempleo.com\/hrtrends\/hacia-donde-camina-el-sector-de-la-construccion\/#primaryimage"},"thumbnailUrl":"https:\/\/empresas.infoempleo.com\/hrtrends\/media\/2017\/05\/pexels-photo-205508.jpg","keywords":["construcci\u00f3n","edificaci\u00f3n","Euroconstruct","ingenier\u00eda civil","obra civil","perspectivas","vivienda"],"articleSection":["Actualidad"],"inLanguage":"es","copyrightYear":"2009","copyrightHolder":{"@id":"https:\/\/empresas.infoempleo.com\/hrtrends\/#organization"}},{"@type":"WebPage","@id":"https:\/\/empresas.infoempleo.com\/hrtrends\/hacia-donde-camina-el-sector-de-la-construccion\/","url":"https:\/\/empresas.infoempleo.com\/hrtrends\/hacia-donde-camina-el-sector-de-la-construccion\/","name":"\u00bfHacia donde camina el sector de la construcci\u00f3n? | HRTRENDS","isPartOf":{"@id":"https:\/\/empresas.infoempleo.com\/hrtrends\/#website"},"primaryImageOfPage":{"@id":"https:\/\/empresas.infoempleo.com\/hrtrends\/hacia-donde-camina-el-sector-de-la-construccion\/#primaryimage"},"image":{"@id":"https:\/\/empresas.infoempleo.com\/hrtrends\/hacia-donde-camina-el-sector-de-la-construccion\/#primaryimage"},"thumbnailUrl":"https:\/\/empresas.infoempleo.com\/hrtrends\/media\/2017\/05\/pexels-photo-205508.jpg","datePublished":"2009-09-30T10:02:45+00:00","dateModified":"2018-05-23T16:05:38+00:00","breadcrumb":{"@id":"https:\/\/empresas.infoempleo.com\/hrtrends\/hacia-donde-camina-el-sector-de-la-construccion\/#breadcrumb"},"inLanguage":"es","potentialAction":[{"@type":"ReadAction","target":["https:\/\/empresas.infoempleo.com\/hrtrends\/hacia-donde-camina-el-sector-de-la-construccion\/"]}]},{"@type":"ImageObject","inLanguage":"es","@id":"https:\/\/empresas.infoempleo.com\/hrtrends\/hacia-donde-camina-el-sector-de-la-construccion\/#primaryimage","url":"https:\/\/empresas.infoempleo.com\/hrtrends\/media\/2017\/05\/pexels-photo-205508-150x150.jpg","contentUrl":"https:\/\/empresas.infoempleo.com\/hrtrends\/media\/2017\/05\/pexels-photo-205508-150x150.jpg","width":150,"height":150},{"@type":"BreadcrumbList","@id":"https:\/\/empresas.infoempleo.com\/hrtrends\/hacia-donde-camina-el-sector-de-la-construccion\/#breadcrumb","itemListElement":[{"@type":"ListItem","position":1,"name":"Portada","item":"https:\/\/empresas.infoempleo.com\/hrtrends\/"},{"@type":"ListItem","position":2,"name":"\u00bfHacia donde camina el sector de la construcci\u00f3n?"}]},{"@type":"WebSite","@id":"https:\/\/empresas.infoempleo.com\/hrtrends\/#website","url":"https:\/\/empresas.infoempleo.com\/hrtrends","name":"HRTrends by Infoempleo","description":"","publisher":{"@id":"https:\/\/empresas.infoempleo.com\/hrtrends\/#organization"},"potentialAction":{"@type":"SearchAction","target":"https:\/\/empresas.infoempleo.com\/hrtrends\/?s={search_term_string}","query-input":"required name=search_term_string"},"inLanguage":"es"},{"@type":"Organization","@id":"https:\/\/empresas.infoempleo.com\/hrtrends\/#organization","name":"Infoempleo","url":"https:\/\/www.infoempleo.com\/","logo":{"@type":"ImageObject","@id":"https:\/\/empresas.infoempleo.com\/hrtrends\/#logo","inLanguage":"es","url":"https:\/\/cdnazure.infoempleo.com\/infoempleo\/assets\/style\/gfx\/logo.svg","contentUrl":"https:\/\/cdnazure.infoempleo.com\/infoempleo\/assets\/style\/gfx\/logo.svg","width":150,"height":40,"caption":"Infoempleo"},"image":{"@id":"https:\/\/empresas.infoempleo.com\/hrtrends\/#logo"},"sameAs":["https:\/\/www.facebook.com\/Infoempleo","https:\/\/x.com\/infoempleo","http:\/\/instagram.com\/infoempleo\/","http:\/\/www.linkedin.com\/groups\/Empleo-Espa\u00f1a-Infoempleocom-111276","http:\/\/pinterest.com\/infoempleo\/"],"address":{"@type":"PostalAddress","addressLocality":"Madrid","postalCode":"28050","streetAddress":"Avenida de Burgos 114"},"brand":["Infoempleo"]},{"@type":"Person","@id":"https:\/\/empresas.infoempleo.com\/hrtrends\/#\/schema\/person\/67d3e276ffcc8b3ae0ebec816daf775a","name":"infoempleo","image":{"@type":"ImageObject","inLanguage":"es","@id":"https:\/\/empresas.infoempleo.com\/hrtrends\/#\/schema\/person\/image\/","url":"https:\/\/secure.gravatar.com\/avatar\/7b437777242fe67d2473c2a818da2344692d1ee91e91080ccffbd97bcd4a0975?s=96&d=mm&r=g","contentUrl":"https:\/\/secure.gravatar.com\/avatar\/7b437777242fe67d2473c2a818da2344692d1ee91e91080ccffbd97bcd4a0975?s=96&d=mm&r=g","caption":"infoempleo"},"url":"https:\/\/empresas.infoempleo.com\/hrtrends\/author\/infoempleo\/"}]}},"amp_enabled":true,"_links":{"self":[{"href":"https:\/\/empresas.infoempleo.com\/hrtrends\/wp-json\/wp\/v2\/posts\/3493","targetHints":{"allow":["GET"]}}],"collection":[{"href":"https:\/\/empresas.infoempleo.com\/hrtrends\/wp-json\/wp\/v2\/posts"}],"about":[{"href":"https:\/\/empresas.infoempleo.com\/hrtrends\/wp-json\/wp\/v2\/types\/post"}],"author":[{"embeddable":true,"href":"https:\/\/empresas.infoempleo.com\/hrtrends\/wp-json\/wp\/v2\/users\/72"}],"replies":[{"embeddable":true,"href":"https:\/\/empresas.infoempleo.com\/hrtrends\/wp-json\/wp\/v2\/comments?post=3493"}],"version-history":[{"count":0,"href":"https:\/\/empresas.infoempleo.com\/hrtrends\/wp-json\/wp\/v2\/posts\/3493\/revisions"}],"wp:featuredmedia":[{"embeddable":true,"href":"https:\/\/empresas.infoempleo.com\/hrtrends\/wp-json\/wp\/v2\/media\/29665"}],"wp:attachment":[{"href":"https:\/\/empresas.infoempleo.com\/hrtrends\/wp-json\/wp\/v2\/media?parent=3493"}],"wp:term":[{"taxonomy":"category","embeddable":true,"href":"https:\/\/empresas.infoempleo.com\/hrtrends\/wp-json\/wp\/v2\/categories?post=3493"},{"taxonomy":"post_tag","embeddable":true,"href":"https:\/\/empresas.infoempleo.com\/hrtrends\/wp-json\/wp\/v2\/tags?post=3493"}],"curies":[{"name":"wp","href":"https:\/\/api.w.org\/{rel}","templated":true}]}}