{"id":34803,"date":"2019-02-13T16:34:39","date_gmt":"2019-02-13T14:34:39","guid":{"rendered":"https:\/\/empresas.infoempleo.com\/hrtrends\/?p=34803"},"modified":"2019-01-30T17:50:35","modified_gmt":"2019-01-30T15:50:35","slug":"escala-salarial-en-espana","status":"publish","type":"post","link":"https:\/\/empresas.infoempleo.com\/hrtrends\/escala-salarial-en-espana\/","title":{"rendered":"\u00bfC\u00f3mo est\u00e1 la escala salarial en Espa\u00f1a?"},"content":{"rendered":"<p><span style=\"font-weight: 400\">Seg\u00fan un informe de Adecco y Barcel\u00f3 &amp; Asociados (que se nutre de datos de INE y Eurostat) la <\/span><b>escala salarial en Espa\u00f1a<\/b><span style=\"font-weight: 400\"> est\u00e1 por debajo de la media europea en unos <\/span><b>100 euros<\/b><span style=\"font-weight: 400\">, aunque se encuentre en el <\/span><b>puesto n\u00famero 13<\/b><span style=\"font-weight: 400\">. No en vano, hay que recordar que pa\u00edses como Alemania, Francia o Pa\u00edses Bajos ofrecen salarios mucho mayores. El principal motivo de esta situaci\u00f3n es que durante la <\/span><b>crisis econ\u00f3mica<\/b><span style=\"font-weight: 400\"> de 2008-2013 se opt\u00f3 por la <\/span><b>devaluaci\u00f3n salarial<\/b><span style=\"font-weight: 400\"> como m\u00e9todo para mantener <\/span><b>la competitividad<\/b><span style=\"font-weight: 400\">. En este art\u00edculo te daremos las <\/span><b>claves cuantitativas<\/b><span style=\"font-weight: 400\">.<\/span><\/p>\n<p><img loading=\"lazy\" decoding=\"async\" class=\"size-full wp-image-34805 aligncenter\" src=\"https:\/\/empresas.infoempleo.com\/hrtrends\/media\/2019\/01\/HRTRENDS_escala-salarial-2.jpg\" alt=\"Escala salarial en Espa\u00f1a\" width=\"727\" height=\"480\" srcset=\"https:\/\/empresas.infoempleo.com\/hrtrends\/media\/2019\/01\/HRTRENDS_escala-salarial-2.jpg 727w, https:\/\/empresas.infoempleo.com\/hrtrends\/media\/2019\/01\/HRTRENDS_escala-salarial-2-300x198.jpg 300w\" sizes=\"auto, (max-width: 727px) 100vw, 727px\" \/><\/p>\n<h2><span style=\"font-weight: 400\"><strong>Salarios medios y retribuci\u00f3n<\/strong> <\/span><\/h2>\n<p><span style=\"font-weight: 400\">Si contamos todas las pagas extraordinarias, suplementos y complementos salariales, la media salarial en Espa\u00f1a es de <\/span><b>1.809 euros al mes<\/b><span style=\"font-weight: 400\">, aunque con muchas diferencias seg\u00fan la edad y la profesi\u00f3n de cada espa\u00f1ol. El principal problema es que en 9 a\u00f1os, de 2008 a 2017, el crecimiento en t\u00e9rminos absolutos ha sido de tan solo <\/span><b>87 euros<\/b><span style=\"font-weight: 400\">. Si tenemos en cuenta los <\/span><b>incrementos de los precios<\/b><span style=\"font-weight: 400\">, se calcula que el poder adquisitivo de los trabajadores se ha reducido en un <\/span><b>10 % de media<\/b><span style=\"font-weight: 400\">. <\/span><\/p>\n<h2><strong>Brecha salarial de g\u00e9nero<\/strong><\/h2>\n<p><span style=\"font-weight: 400\">Otro aspecto a \u00a0tener en cuenta es que, a pesar de la implantaci\u00f3n de <\/span><a href=\"https:\/\/empresas.infoempleo.com\/hrtrends\/planes-de-igualdad-en-las-empresas\/\"><span style=\"font-weight: 400\">los planes de igualdad<\/span><\/a><span style=\"font-weight: 400\"> sigue habiendo diferencias bastante elevadas en las <\/span><b>retribuciones medias entre hombres y mujeres<\/b><span style=\"font-weight: 400\">. La <\/span><b>brecha salarial<\/b><span style=\"font-weight: 400\"> sigue existiendo, puesto que el diferencial entre lo que se cobra es de <\/span><b>1,13 a favor de los varones<\/b><span style=\"font-weight: 400\">. En este aspecto, sigue habiendo mucho camino por recorrer para conseguir la igualdad efectiva.<\/span><\/p>\n<h2><strong>Diferencias por edad<\/strong><\/h2>\n<p><span style=\"font-weight: 400\">En general, cuanto mayor es la <\/span><b>edad del trabajador<\/b><span style=\"font-weight: 400\">, mejores son los salarios. Esto se debe a que los <\/span><b>empleados m\u00e1s mayores<\/b><span style=\"font-weight: 400\"> tienen <\/span><b>m\u00e1s antig\u00fcedad<\/b><span style=\"font-weight: 400\"> y suelen acceder a puestos de mayor responsabilidad. Evidentemente, esta m\u00e1xima no siempre se cumple y depende en gran medida de los sectores profesionales.<\/span><\/p>\n<p><span style=\"font-weight: 400\">El punto de corte para determinar estas marcadas diferencias son <\/span><b>los 40 a\u00f1os<\/b><span style=\"font-weight: 400\">, puesto que los empleados con edades comprendidas entre <\/span><b>los 40 y los 65<\/b><span style=\"font-weight: 400\"> tienen <\/span><b>salarios superiores a la media. <\/b><span style=\"font-weight: 400\">No obstante, hay que tener en cuenta que las personas en este rango de edad son tambi\u00e9n uno de los colectivos poblacionales con <\/span><b>mayores tasas de desempleo<\/b><span style=\"font-weight: 400\">. \u00a0<\/span><\/p>\n<h2><strong>Diferencias por territorio<\/strong><\/h2>\n<p><span style=\"font-weight: 400\">Los salarios tienen diferencias en <\/span><b>funci\u00f3n del territorio<\/b><span style=\"font-weight: 400\"> y, por regla general, podemos concluir que las regiones m\u00e1s pr\u00f3speras tienen un <\/span><b>salario medio mayor<\/b><span style=\"font-weight: 400\"> y viceversa. De esta manera, los sueldos se adaptan al nivel de vida de la zona.<\/span><\/p>\n<p><span style=\"font-weight: 400\">Ahora mismo, el <\/span><b>salario medio mayor<\/b><span style=\"font-weight: 400\"> est\u00e1 en el Pa\u00eds Vasco (27.480 euros), seguido de la Comunidad de Madrid, Navarra y Catalu\u00f1a. Por su parte, los <\/span><b>salarios m\u00e1s bajos<\/b><span style=\"font-weight: 400\"> est\u00e1n en las comunidades de Extremadura (19.475 euros), Canarias y Castilla-La Mancha, por este orden.<\/span><\/p>\n<p><span style=\"font-weight: 400\">Conocer cuestiones como la situaci\u00f3n actual de la <\/span><b>escala salarial en Espa\u00f1a<\/b><span style=\"font-weight: 400\"> o el <\/span><a href=\"https:\/\/empresas.infoempleo.com\/hrtrends\/salario-medio-espana\/\"><span style=\"font-weight: 400\">salario medio de nuestro pa\u00eds<\/span><\/a><span style=\"font-weight: 400\"> es importante si eres miembro del departamento de Recursos Humanos. De este modo, durante <\/span><a href=\"https:\/\/empresas.infoempleo.com\/hrtrends\/pasos-reclutar-personal\/\"><span style=\"font-weight: 400\">un proceso de reclutamiento<\/span><\/a><span style=\"font-weight: 400\"> podr\u00e1s saber qu\u00e9 espera cada candidato respecto a su salario en funci\u00f3n de cuestiones relacionadas con su edad o con el territorio en el que se inscribe la empresa.\u00a0<\/span><\/p>\n<p>&nbsp;<\/p>\n","protected":false},"excerpt":{"rendered":"<p>Seg\u00fan un informe de Adecco y Barcel\u00f3 &amp; Asociados (que se nutre de datos de INE y Eurostat)<a class=\"moretag\" href=\"https:\/\/empresas.infoempleo.com\/hrtrends\/escala-salarial-en-espana\/\"> Leer m\u00e1s<\/a><\/p>\n","protected":false},"author":122,"featured_media":34804,"comment_status":"closed","ping_status":"closed","sticky":false,"template":"","format":"standard","meta":{"footnotes":""},"categories":[3],"tags":[2691,2695,223],"class_list":["post-34803","post","type-post","status-publish","format-standard","has-post-thumbnail","hentry","category-actualidad","tag-brecha-salarial","tag-planes-de-igualdad","tag-salarios"],"yoast_head":"<!-- This site is optimized with the Yoast SEO plugin v26.1.1 - https:\/\/yoast.com\/wordpress\/plugins\/seo\/ -->\n<title>Escala salarial en Espa\u00f1a: cu\u00e1l es la situaci\u00f3n actual<\/title>\n<meta name=\"description\" content=\"\u00bfQuieres conocer cu\u00e1l es el estado de la escala salarial en Espa\u00f1a actualmente? Sigue leyendo y desc\u00fabrelo. \u00a1Te contamos todo lo que necesitas saber!\" \/>\n<meta name=\"robots\" content=\"index, follow, max-snippet:-1, max-image-preview:large, max-video-preview:-1\" \/>\n<link rel=\"canonical\" href=\"https:\/\/empresas.infoempleo.com\/hrtrends\/escala-salarial-en-espana\/\" \/>\n<meta property=\"og:locale\" content=\"es_ES\" \/>\n<meta property=\"og:type\" content=\"article\" \/>\n<meta property=\"og:title\" content=\"Escala salarial en Espa\u00f1a: cu\u00e1l es la situaci\u00f3n actual\" \/>\n<meta property=\"og:description\" content=\"\u00bfQuieres conocer cu\u00e1l es el estado de la escala salarial en Espa\u00f1a actualmente? Sigue leyendo y desc\u00fabrelo. \u00a1Te contamos todo lo que necesitas saber!\" \/>\n<meta property=\"og:url\" content=\"https:\/\/empresas.infoempleo.com\/hrtrends\/escala-salarial-en-espana\/\" \/>\n<meta property=\"og:site_name\" content=\"HRTRENDS\" \/>\n<meta property=\"article:publisher\" content=\"https:\/\/www.facebook.com\/Infoempleo\" \/>\n<meta property=\"article:published_time\" content=\"2019-02-13T14:34:39+00:00\" \/>\n<meta property=\"og:image\" content=\"https:\/\/empresas.infoempleo.com\/hrtrends\/media\/2019\/01\/HRTRENDS_escala-salarial-1.jpg\" \/>\n\t<meta property=\"og:image:width\" content=\"1140\" \/>\n\t<meta property=\"og:image:height\" content=\"760\" \/>\n\t<meta property=\"og:image:type\" content=\"image\/jpeg\" \/>\n<meta name=\"author\" content=\"Adriana M.\" \/>\n<meta name=\"twitter:card\" content=\"summary_large_image\" \/>\n<meta name=\"twitter:creator\" content=\"@infoempleo\" \/>\n<meta name=\"twitter:site\" content=\"@infoempleo\" \/>\n<meta name=\"twitter:label1\" content=\"Escrito por\" \/>\n\t<meta name=\"twitter:data1\" content=\"Adriana M.\" \/>\n\t<meta name=\"twitter:label2\" content=\"Tiempo de lectura\" \/>\n\t<meta name=\"twitter:data2\" content=\"3 minutos\" \/>\n<script type=\"application\/ld+json\" class=\"yoast-schema-graph\">{\"@context\":\"https:\/\/schema.org\",\"@graph\":[{\"@type\":\"NewsArticle\",\"@id\":\"https:\/\/empresas.infoempleo.com\/hrtrends\/escala-salarial-en-espana\/#article\",\"isPartOf\":{\"@id\":\"https:\/\/empresas.infoempleo.com\/hrtrends\/escala-salarial-en-espana\/\"},\"author\":{\"name\":\"Adriana M.\",\"@id\":\"https:\/\/empresas.infoempleo.com\/hrtrends\/#\/schema\/person\/b1dd51edbb566a47cd8f7513fa73d223\"},\"headline\":\"\u00bfC\u00f3mo est\u00e1 la escala salarial en Espa\u00f1a?\",\"datePublished\":\"2019-02-13T14:34:39+00:00\",\"mainEntityOfPage\":{\"@id\":\"https:\/\/empresas.infoempleo.com\/hrtrends\/escala-salarial-en-espana\/\"},\"wordCount\":550,\"publisher\":{\"@id\":\"https:\/\/empresas.infoempleo.com\/hrtrends\/#organization\"},\"image\":{\"@id\":\"https:\/\/empresas.infoempleo.com\/hrtrends\/escala-salarial-en-espana\/#primaryimage\"},\"thumbnailUrl\":\"https:\/\/empresas.infoempleo.com\/hrtrends\/media\/2019\/01\/HRTRENDS_escala-salarial-1.jpg\",\"keywords\":[\"brecha salarial\",\"Planes de igualdad\",\"salarios\"],\"articleSection\":[\"Actualidad\"],\"inLanguage\":\"es\",\"copyrightYear\":\"2019\",\"copyrightHolder\":{\"@id\":\"https:\/\/empresas.infoempleo.com\/hrtrends\/#organization\"}},{\"@type\":\"WebPage\",\"@id\":\"https:\/\/empresas.infoempleo.com\/hrtrends\/escala-salarial-en-espana\/\",\"url\":\"https:\/\/empresas.infoempleo.com\/hrtrends\/escala-salarial-en-espana\/\",\"name\":\"Escala salarial en Espa\u00f1a: cu\u00e1l es la situaci\u00f3n actual\",\"isPartOf\":{\"@id\":\"https:\/\/empresas.infoempleo.com\/hrtrends\/#website\"},\"primaryImageOfPage\":{\"@id\":\"https:\/\/empresas.infoempleo.com\/hrtrends\/escala-salarial-en-espana\/#primaryimage\"},\"image\":{\"@id\":\"https:\/\/empresas.infoempleo.com\/hrtrends\/escala-salarial-en-espana\/#primaryimage\"},\"thumbnailUrl\":\"https:\/\/empresas.infoempleo.com\/hrtrends\/media\/2019\/01\/HRTRENDS_escala-salarial-1.jpg\",\"datePublished\":\"2019-02-13T14:34:39+00:00\",\"description\":\"\u00bfQuieres conocer cu\u00e1l es el estado de la escala salarial en Espa\u00f1a actualmente? Sigue leyendo y desc\u00fabrelo. \u00a1Te contamos todo lo que necesitas saber!\",\"breadcrumb\":{\"@id\":\"https:\/\/empresas.infoempleo.com\/hrtrends\/escala-salarial-en-espana\/#breadcrumb\"},\"inLanguage\":\"es\",\"potentialAction\":[{\"@type\":\"ReadAction\",\"target\":[\"https:\/\/empresas.infoempleo.com\/hrtrends\/escala-salarial-en-espana\/\"]}]},{\"@type\":\"ImageObject\",\"inLanguage\":\"es\",\"@id\":\"https:\/\/empresas.infoempleo.com\/hrtrends\/escala-salarial-en-espana\/#primaryimage\",\"url\":\"https:\/\/empresas.infoempleo.com\/hrtrends\/media\/2019\/01\/HRTRENDS_escala-salarial-1-150x150.jpg\",\"contentUrl\":\"https:\/\/empresas.infoempleo.com\/hrtrends\/media\/2019\/01\/HRTRENDS_escala-salarial-1-150x150.jpg\",\"width\":150,\"height\":150,\"caption\":\"Conoce la escala salarial en Espa\u00f1a\"},{\"@type\":\"BreadcrumbList\",\"@id\":\"https:\/\/empresas.infoempleo.com\/hrtrends\/escala-salarial-en-espana\/#breadcrumb\",\"itemListElement\":[{\"@type\":\"ListItem\",\"position\":1,\"name\":\"Portada\",\"item\":\"https:\/\/empresas.infoempleo.com\/hrtrends\/\"},{\"@type\":\"ListItem\",\"position\":2,\"name\":\"\u00bfC\u00f3mo est\u00e1 la escala salarial en Espa\u00f1a?\"}]},{\"@type\":\"WebSite\",\"@id\":\"https:\/\/empresas.infoempleo.com\/hrtrends\/#website\",\"url\":\"https:\/\/empresas.infoempleo.com\/hrtrends\",\"name\":\"HRTrends by Infoempleo\",\"description\":\"\",\"publisher\":{\"@id\":\"https:\/\/empresas.infoempleo.com\/hrtrends\/#organization\"},\"potentialAction\":{\"@type\":\"SearchAction\",\"target\":\"https:\/\/empresas.infoempleo.com\/hrtrends\/?s={search_term_string}\",\"query-input\":\"required name=search_term_string\"},\"inLanguage\":\"es\"},{\"@type\":\"Organization\",\"@id\":\"https:\/\/empresas.infoempleo.com\/hrtrends\/#organization\",\"name\":\"Infoempleo\",\"url\":\"https:\/\/www.infoempleo.com\/\",\"logo\":{\"@type\":\"ImageObject\",\"@id\":\"https:\/\/empresas.infoempleo.com\/hrtrends\/#logo\",\"inLanguage\":\"es\",\"url\":\"https:\/\/cdnazure.infoempleo.com\/infoempleo\/assets\/style\/gfx\/logo.svg\",\"contentUrl\":\"https:\/\/cdnazure.infoempleo.com\/infoempleo\/assets\/style\/gfx\/logo.svg\",\"width\":150,\"height\":40,\"caption\":\"Infoempleo\"},\"image\":{\"@id\":\"https:\/\/empresas.infoempleo.com\/hrtrends\/#logo\"},\"sameAs\":[\"https:\/\/www.facebook.com\/Infoempleo\",\"https:\/\/x.com\/infoempleo\",\"http:\/\/instagram.com\/infoempleo\/\",\"http:\/\/www.linkedin.com\/groups\/Empleo-Espa\u00f1a-Infoempleocom-111276\",\"http:\/\/pinterest.com\/infoempleo\/\"],\"address\":{\"@type\":\"PostalAddress\",\"addressLocality\":\"Madrid\",\"postalCode\":\"28050\",\"streetAddress\":\"Avenida de Burgos 114\"},\"brand\":[\"Infoempleo\"]},{\"@type\":\"Person\",\"@id\":\"https:\/\/empresas.infoempleo.com\/hrtrends\/#\/schema\/person\/b1dd51edbb566a47cd8f7513fa73d223\",\"name\":\"Adriana M.\",\"image\":{\"@type\":\"ImageObject\",\"inLanguage\":\"es\",\"@id\":\"https:\/\/empresas.infoempleo.com\/hrtrends\/#\/schema\/person\/image\/\",\"url\":\"https:\/\/secure.gravatar.com\/avatar\/243f7dd7e1db0ad0e9791be05df7d72ba5c8bf338408591753bae2fe87dae18d?s=96&d=mm&r=g\",\"contentUrl\":\"https:\/\/secure.gravatar.com\/avatar\/243f7dd7e1db0ad0e9791be05df7d72ba5c8bf338408591753bae2fe87dae18d?s=96&d=mm&r=g\",\"caption\":\"Adriana M.\"},\"description\":\"Periodista y experta en Comunicaci\u00f3n Audiovisual y Narrativa. Me encanta escribir y narrar lo que pasa a mi alrededor es mi pasi\u00f3n.\",\"url\":\"https:\/\/empresas.infoempleo.com\/hrtrends\/author\/adriana-kanvas\/\"}]}<\/script>\n<!-- \/ Yoast SEO plugin. -->","yoast_head_json":{"title":"Escala salarial en Espa\u00f1a: cu\u00e1l es la situaci\u00f3n actual","description":"\u00bfQuieres conocer cu\u00e1l es el estado de la escala salarial en Espa\u00f1a actualmente? Sigue leyendo y desc\u00fabrelo. \u00a1Te contamos todo lo que necesitas saber!","robots":{"index":"index","follow":"follow","max-snippet":"max-snippet:-1","max-image-preview":"max-image-preview:large","max-video-preview":"max-video-preview:-1"},"canonical":"https:\/\/empresas.infoempleo.com\/hrtrends\/escala-salarial-en-espana\/","og_locale":"es_ES","og_type":"article","og_title":"Escala salarial en Espa\u00f1a: cu\u00e1l es la situaci\u00f3n actual","og_description":"\u00bfQuieres conocer cu\u00e1l es el estado de la escala salarial en Espa\u00f1a actualmente? Sigue leyendo y desc\u00fabrelo. \u00a1Te contamos todo lo que necesitas saber!","og_url":"https:\/\/empresas.infoempleo.com\/hrtrends\/escala-salarial-en-espana\/","og_site_name":"HRTRENDS","article_publisher":"https:\/\/www.facebook.com\/Infoempleo","article_published_time":"2019-02-13T14:34:39+00:00","og_image":[{"width":1140,"height":760,"url":"https:\/\/empresas.infoempleo.com\/hrtrends\/media\/2019\/01\/HRTRENDS_escala-salarial-1.jpg","type":"image\/jpeg"}],"author":"Adriana M.","twitter_card":"summary_large_image","twitter_creator":"@infoempleo","twitter_site":"@infoempleo","twitter_misc":{"Escrito por":"Adriana M.","Tiempo de lectura":"3 minutos"},"schema":{"@context":"https:\/\/schema.org","@graph":[{"@type":"NewsArticle","@id":"https:\/\/empresas.infoempleo.com\/hrtrends\/escala-salarial-en-espana\/#article","isPartOf":{"@id":"https:\/\/empresas.infoempleo.com\/hrtrends\/escala-salarial-en-espana\/"},"author":{"name":"Adriana M.","@id":"https:\/\/empresas.infoempleo.com\/hrtrends\/#\/schema\/person\/b1dd51edbb566a47cd8f7513fa73d223"},"headline":"\u00bfC\u00f3mo est\u00e1 la escala salarial en Espa\u00f1a?","datePublished":"2019-02-13T14:34:39+00:00","mainEntityOfPage":{"@id":"https:\/\/empresas.infoempleo.com\/hrtrends\/escala-salarial-en-espana\/"},"wordCount":550,"publisher":{"@id":"https:\/\/empresas.infoempleo.com\/hrtrends\/#organization"},"image":{"@id":"https:\/\/empresas.infoempleo.com\/hrtrends\/escala-salarial-en-espana\/#primaryimage"},"thumbnailUrl":"https:\/\/empresas.infoempleo.com\/hrtrends\/media\/2019\/01\/HRTRENDS_escala-salarial-1.jpg","keywords":["brecha salarial","Planes de igualdad","salarios"],"articleSection":["Actualidad"],"inLanguage":"es","copyrightYear":"2019","copyrightHolder":{"@id":"https:\/\/empresas.infoempleo.com\/hrtrends\/#organization"}},{"@type":"WebPage","@id":"https:\/\/empresas.infoempleo.com\/hrtrends\/escala-salarial-en-espana\/","url":"https:\/\/empresas.infoempleo.com\/hrtrends\/escala-salarial-en-espana\/","name":"Escala salarial en Espa\u00f1a: cu\u00e1l es la situaci\u00f3n actual","isPartOf":{"@id":"https:\/\/empresas.infoempleo.com\/hrtrends\/#website"},"primaryImageOfPage":{"@id":"https:\/\/empresas.infoempleo.com\/hrtrends\/escala-salarial-en-espana\/#primaryimage"},"image":{"@id":"https:\/\/empresas.infoempleo.com\/hrtrends\/escala-salarial-en-espana\/#primaryimage"},"thumbnailUrl":"https:\/\/empresas.infoempleo.com\/hrtrends\/media\/2019\/01\/HRTRENDS_escala-salarial-1.jpg","datePublished":"2019-02-13T14:34:39+00:00","description":"\u00bfQuieres conocer cu\u00e1l es el estado de la escala salarial en Espa\u00f1a actualmente? Sigue leyendo y desc\u00fabrelo. \u00a1Te contamos todo lo que necesitas saber!","breadcrumb":{"@id":"https:\/\/empresas.infoempleo.com\/hrtrends\/escala-salarial-en-espana\/#breadcrumb"},"inLanguage":"es","potentialAction":[{"@type":"ReadAction","target":["https:\/\/empresas.infoempleo.com\/hrtrends\/escala-salarial-en-espana\/"]}]},{"@type":"ImageObject","inLanguage":"es","@id":"https:\/\/empresas.infoempleo.com\/hrtrends\/escala-salarial-en-espana\/#primaryimage","url":"https:\/\/empresas.infoempleo.com\/hrtrends\/media\/2019\/01\/HRTRENDS_escala-salarial-1-150x150.jpg","contentUrl":"https:\/\/empresas.infoempleo.com\/hrtrends\/media\/2019\/01\/HRTRENDS_escala-salarial-1-150x150.jpg","width":150,"height":150,"caption":"Conoce la escala salarial en Espa\u00f1a"},{"@type":"BreadcrumbList","@id":"https:\/\/empresas.infoempleo.com\/hrtrends\/escala-salarial-en-espana\/#breadcrumb","itemListElement":[{"@type":"ListItem","position":1,"name":"Portada","item":"https:\/\/empresas.infoempleo.com\/hrtrends\/"},{"@type":"ListItem","position":2,"name":"\u00bfC\u00f3mo est\u00e1 la escala salarial en Espa\u00f1a?"}]},{"@type":"WebSite","@id":"https:\/\/empresas.infoempleo.com\/hrtrends\/#website","url":"https:\/\/empresas.infoempleo.com\/hrtrends","name":"HRTrends by Infoempleo","description":"","publisher":{"@id":"https:\/\/empresas.infoempleo.com\/hrtrends\/#organization"},"potentialAction":{"@type":"SearchAction","target":"https:\/\/empresas.infoempleo.com\/hrtrends\/?s={search_term_string}","query-input":"required name=search_term_string"},"inLanguage":"es"},{"@type":"Organization","@id":"https:\/\/empresas.infoempleo.com\/hrtrends\/#organization","name":"Infoempleo","url":"https:\/\/www.infoempleo.com\/","logo":{"@type":"ImageObject","@id":"https:\/\/empresas.infoempleo.com\/hrtrends\/#logo","inLanguage":"es","url":"https:\/\/cdnazure.infoempleo.com\/infoempleo\/assets\/style\/gfx\/logo.svg","contentUrl":"https:\/\/cdnazure.infoempleo.com\/infoempleo\/assets\/style\/gfx\/logo.svg","width":150,"height":40,"caption":"Infoempleo"},"image":{"@id":"https:\/\/empresas.infoempleo.com\/hrtrends\/#logo"},"sameAs":["https:\/\/www.facebook.com\/Infoempleo","https:\/\/x.com\/infoempleo","http:\/\/instagram.com\/infoempleo\/","http:\/\/www.linkedin.com\/groups\/Empleo-Espa\u00f1a-Infoempleocom-111276","http:\/\/pinterest.com\/infoempleo\/"],"address":{"@type":"PostalAddress","addressLocality":"Madrid","postalCode":"28050","streetAddress":"Avenida de Burgos 114"},"brand":["Infoempleo"]},{"@type":"Person","@id":"https:\/\/empresas.infoempleo.com\/hrtrends\/#\/schema\/person\/b1dd51edbb566a47cd8f7513fa73d223","name":"Adriana M.","image":{"@type":"ImageObject","inLanguage":"es","@id":"https:\/\/empresas.infoempleo.com\/hrtrends\/#\/schema\/person\/image\/","url":"https:\/\/secure.gravatar.com\/avatar\/243f7dd7e1db0ad0e9791be05df7d72ba5c8bf338408591753bae2fe87dae18d?s=96&d=mm&r=g","contentUrl":"https:\/\/secure.gravatar.com\/avatar\/243f7dd7e1db0ad0e9791be05df7d72ba5c8bf338408591753bae2fe87dae18d?s=96&d=mm&r=g","caption":"Adriana M."},"description":"Periodista y experta en Comunicaci\u00f3n Audiovisual y Narrativa. Me encanta escribir y narrar lo que pasa a mi alrededor es mi pasi\u00f3n.","url":"https:\/\/empresas.infoempleo.com\/hrtrends\/author\/adriana-kanvas\/"}]}},"amp_enabled":true,"_links":{"self":[{"href":"https:\/\/empresas.infoempleo.com\/hrtrends\/wp-json\/wp\/v2\/posts\/34803","targetHints":{"allow":["GET"]}}],"collection":[{"href":"https:\/\/empresas.infoempleo.com\/hrtrends\/wp-json\/wp\/v2\/posts"}],"about":[{"href":"https:\/\/empresas.infoempleo.com\/hrtrends\/wp-json\/wp\/v2\/types\/post"}],"author":[{"embeddable":true,"href":"https:\/\/empresas.infoempleo.com\/hrtrends\/wp-json\/wp\/v2\/users\/122"}],"replies":[{"embeddable":true,"href":"https:\/\/empresas.infoempleo.com\/hrtrends\/wp-json\/wp\/v2\/comments?post=34803"}],"version-history":[{"count":0,"href":"https:\/\/empresas.infoempleo.com\/hrtrends\/wp-json\/wp\/v2\/posts\/34803\/revisions"}],"wp:featuredmedia":[{"embeddable":true,"href":"https:\/\/empresas.infoempleo.com\/hrtrends\/wp-json\/wp\/v2\/media\/34804"}],"wp:attachment":[{"href":"https:\/\/empresas.infoempleo.com\/hrtrends\/wp-json\/wp\/v2\/media?parent=34803"}],"wp:term":[{"taxonomy":"category","embeddable":true,"href":"https:\/\/empresas.infoempleo.com\/hrtrends\/wp-json\/wp\/v2\/categories?post=34803"},{"taxonomy":"post_tag","embeddable":true,"href":"https:\/\/empresas.infoempleo.com\/hrtrends\/wp-json\/wp\/v2\/tags?post=34803"}],"curies":[{"name":"wp","href":"https:\/\/api.w.org\/{rel}","templated":true}]}}