{"id":34793,"date":"2019-02-08T16:19:22","date_gmt":"2019-02-08T14:19:22","guid":{"rendered":"https:\/\/empresas.infoempleo.com\/hrtrends\/?p=34793"},"modified":"2025-07-09T17:16:37","modified_gmt":"2025-07-09T15:16:37","slug":"causas-techo-cristal","status":"publish","type":"post","link":"https:\/\/empresas.infoempleo.com\/hrtrends\/causas-techo-cristal\/","title":{"rendered":"Causas y consecuencias del techo de cristal"},"content":{"rendered":"<p><span style=\"font-weight: 400;\">Para entender las <\/span><b>causas del techo de cristal<\/b><span style=\"font-weight: 400;\"> as\u00ed como sus <\/span><b>consecuencias<\/b><span style=\"font-weight: 400;\"> es necesario entender bien qu\u00e9 es. Este curioso t\u00e9rmino hace referencia a la <\/span><b>barrera invisible<\/b><span style=\"font-weight: 400;\"> que impide a las mujeres acceder a <\/span><b>puestos de responsabilidad<\/b><span style=\"font-weight: 400;\"> en la empresa. El origen de esta expresi\u00f3n se remonta a un art\u00edculo publicado en <\/span><b>The Wall Street Journal<\/b><span style=\"font-weight: 400;\"> en el a\u00f1o 1986. En \u00e9l se define como <\/span><b><i>glass ceiling barriers<\/i><\/b><span style=\"font-weight: 400;\"> (barreras de techo de cristal) a los impedimentos que encuentran las mujeres para ascender en el mundo de los negocios. Del art\u00edculo se desprende que, independientemente de los m\u00e9ritos y los \u00e9xitos laborales, las mujeres tienen m\u00e1s dif\u00edcil <\/span><b>crecer profesionalmente<\/b><span style=\"font-weight: 400;\">.<\/span><\/p>\n<p><span style=\"font-weight: 400;\">Desde aquella primera menci\u00f3n han pasado m\u00e1s de <\/span><b>treinta a\u00f1os<\/b><span style=\"font-weight: 400;\"> y aunque la situaci\u00f3n ha mejorado y <\/span><a href=\"https:\/\/empresas.infoempleo.com\/hrtrends\/las-mujeres-rompen-el-techo-de-cristal\/\"><span style=\"font-weight: 400;\">algunas mujeres est\u00e1n logrando romper el techo de cristal<\/span><\/a><span style=\"font-weight: 400;\">, todav\u00eda queda mucho por hacer.<\/span><\/p>\n<p><img loading=\"lazy\" decoding=\"async\" class=\"size-full wp-image-34795 aligncenter\" src=\"https:\/\/empresas.infoempleo.com\/hrtrends\/media\/2019\/01\/HRTRENDS_techo-de-cristal-2.jpg\" alt=\"Causas y consecuencias del techo de cristal\" width=\"752\" height=\"465\" srcset=\"https:\/\/empresas.infoempleo.com\/hrtrends\/media\/2019\/01\/HRTRENDS_techo-de-cristal-2.jpg 752w, https:\/\/empresas.infoempleo.com\/hrtrends\/media\/2019\/01\/HRTRENDS_techo-de-cristal-2-300x186.jpg 300w\" sizes=\"auto, (max-width: 752px) 100vw, 752px\" \/><\/p>\n<h2><strong>Por qu\u00e9 existe un techo de cristal<\/strong><\/h2>\n<p><span style=\"font-weight: 400;\">Las <\/span><b>causas del techo de cristal<\/b><span style=\"font-weight: 400;\"> est\u00e1n relacionadas, entre otras cosas, con la idea subyacente de que las mujeres <\/span><b>se comprometen menos<\/b><span style=\"font-weight: 400;\"> con la empresa debido a las <\/span><b>cargas familiares<\/b><span style=\"font-weight: 400;\">. La posibilidad de <\/span><b>un embarazo<\/b><span style=\"font-weight: 400;\"> o el hecho de que <\/span><b>tengan hijos<\/b><span style=\"font-weight: 400;\"> suele conducir a que no consigan promocionar. Adem\u00e1s, no hay que olvidar que las decisiones sobre los ascensos las suelen tomar los hombres y que ellos tienen muchos prejuicios con respecto a la <\/span><b>val\u00eda de las mujeres<\/b><span style=\"font-weight: 400;\"> a la hora de adoptar <\/span><b>roles de liderazgo<\/b><span style=\"font-weight: 400;\">. <\/span><\/p>\n<p><span style=\"font-weight: 400;\">No obstante, los motivos que se esconden detr\u00e1s del <\/span><b>techo de cristal<\/b><span style=\"font-weight: 400;\"> van mucho m\u00e1s all\u00e1 y hay que fijarse en la <\/span><b>situaci\u00f3n estructural<\/b> <b>de la sociedad<\/b><span style=\"font-weight: 400;\"> para entenderlos. As\u00ed, el hecho de que la mujer siga siendo la que m\u00e1s horas dedica al <\/span><b>cuidado de la familia<\/b><span style=\"font-weight: 400;\"> y del hogar implica que encuentra menos tiempo para <\/span><b>realizarse y crecer profesionalmente<\/b><span style=\"font-weight: 400;\">. En este sentido, seg\u00fan el <\/span><a href=\"https:\/\/cdnazure.infoempleo.com\/infoempleo\/documentacion\/Desarrollo-profesional-hombres-y-mujeres-en-Espana.pdf\" target=\"_blank\" rel=\"noopener\"><b>informe S=HE \u00bfIgualdad de oportunidades? Desarrollo profesional de hombres y mujeres en Espa\u00f1a<\/b><\/a><span style=\"font-weight: 400;\">, realizado por <\/span><b>Infoempleo <\/b><span style=\"font-weight: 400;\">e <\/span><b>IESE Business School<\/b><span style=\"font-weight: 400;\"> y patrocinado por <\/span><b>Gas Natural Fenosa<\/b><span style=\"font-weight: 400;\">, el <\/span><b>68% de las mujeres<\/b><span style=\"font-weight: 400;\"> piensan que en sus empresas <\/span><b>se favorece la promoci\u00f3n de los hombres<\/b><span style=\"font-weight: 400;\"> por encima de las mujeres. <\/span><\/p>\n<h2><strong>Las consecuencias de la discriminaci\u00f3n<\/strong><\/h2>\n<p><span style=\"font-weight: 400;\">Una de las consecuencias m\u00e1s evidentes del <\/span><b>techo de cristal<\/b><span style=\"font-weight: 400;\"> es que las mujeres tienen, por lo general, <\/span><b>menos poder adquisitivo<\/b><span style=\"font-weight: 400;\">. Esto es m\u00e1s acusado si cabe si tienes en cuenta que muchas veces ellas cobran menos que ellos por realizar <\/span><b>el mismo trabajo<\/b><span style=\"font-weight: 400;\">. Por otro lado, debido a que las <\/span><b>cargas familiares<\/b><span style=\"font-weight: 400;\"> recaen m\u00e1s sobre las mujeres, son ellas las que optan por <\/span><a href=\"https:\/\/empresas.infoempleo.com\/hrtrends\/aplicar-reduccion-jornada\/\"><span style=\"font-weight: 400;\">reducir sus jornadas<\/span><\/a><span style=\"font-weight: 400;\"> o por conformarse con trabajos a <\/span><b>tiempo parcial<\/b><span style=\"font-weight: 400;\">. Todo esto tambi\u00e9n tiene repercusiones en <\/span><b>la cuant\u00eda de las pensiones<\/b><span style=\"font-weight: 400;\">, ya que la de los hombres, por causas evidentes, suele <\/span><b>ser superior<\/b><span style=\"font-weight: 400;\">.<\/span><\/p>\n<h2><strong>Rompiendo el techo de cristal<\/strong><\/h2>\n<p><span style=\"font-weight: 400;\">Aunque todav\u00eda queda mucho por hacer en lo que a igualdad se refiere, hay algunos ejemplos que resultan esperanzadores. As\u00ed, <\/span><a href=\"https:\/\/empresas.infoempleo.com\/hrtrends\/directivas-valoradas-pero-con-escasa-presencia-en-los-consejos-de-administracion\/\"><span style=\"font-weight: 400;\">las mujeres est\u00e1n muy bien consideradas en los consejos de administraci\u00f3n, si bien su presencia es todav\u00eda muy baja<\/span><\/a><span style=\"font-weight: 400;\">. Por suerte, algunas grandes empresas est\u00e1n haciendo grandes progresos. Tal es el caso de Gas Natural Fenosa, que ha conseguido que <\/span><span style=\"font-weight: 400;\">las mujeres sean ya el 30% de su plantilla<\/span><span style=\"font-weight: 400;\">. Esto es un hito si se tiene en cuenta que estamos hablando de puestos de trabajo muy t\u00e9cnicos que, hasta hace poco, estaban <\/span><b>destinados a hombres<\/b><span style=\"font-weight: 400;\">. <\/span><\/p>\n<p><span style=\"font-weight: 400;\">Ahora que conoces las <\/span><b>causas del techo de cristal<\/b><span style=\"font-weight: 400;\"> as\u00ed como sus consecuencias, seguro que tienes claro que, como miembro del <\/span><b>departamento de Recursos Humanos<\/b><span style=\"font-weight: 400;\">, est\u00e1 en tu mano poner de tu parte para lograr la <\/span><b>igualdad efectiva y real<\/b><span style=\"font-weight: 400;\"> en tu empresa. Puedes llevar a cabo diferentes tipos de iniciativas para <\/span><b>promover la contrataci\u00f3n<\/b><span style=\"font-weight: 400;\"> y <\/span><b>promoci\u00f3n de las mujeres<\/b><span style=\"font-weight: 400;\">. Recuerda que, en estos casos, siempre te ser\u00e1 muy \u00fatil contar un <\/span><a href=\"https:\/\/empresas.infoempleo.com\/hrtrends\/experto-igualdad-empresas\/\"><span style=\"font-weight: 400;\">experto o experta en igualdad<\/span><\/a><span style=\"font-weight: 400;\">. \u00a1No esperes para ayudar a romper el techo de cristal!<\/span><\/p>\n","protected":false},"excerpt":{"rendered":"<p>Para entender las causas del techo de cristal as\u00ed como sus consecuencias es necesario entender bien qu\u00e9 es.<a class=\"moretag\" href=\"https:\/\/empresas.infoempleo.com\/hrtrends\/causas-techo-cristal\/\"> Leer m\u00e1s<\/a><\/p>\n","protected":false},"author":122,"featured_media":34794,"comment_status":"closed","ping_status":"closed","sticky":false,"template":"","format":"standard","meta":{"footnotes":""},"categories":[3],"tags":[1554],"class_list":["post-34793","post","type-post","status-publish","format-standard","has-post-thumbnail","hentry","category-actualidad","tag-igualdad"],"yoast_head":"<!-- This site is optimized with the Yoast SEO plugin v26.1.1 - https:\/\/yoast.com\/wordpress\/plugins\/seo\/ -->\n<title>Causas del techo de cristal: por qu\u00e9 se da y qu\u00e9 trae consigo<\/title>\n<meta name=\"description\" content=\"Conocer las causas del techo de cristal as\u00ed como sus consecuencias es importante para poder revertir este extendido problema. Te contamos m\u00e1s.\" \/>\n<meta name=\"robots\" content=\"index, follow, max-snippet:-1, max-image-preview:large, max-video-preview:-1\" \/>\n<link rel=\"canonical\" href=\"https:\/\/empresas.infoempleo.com\/hrtrends\/causas-techo-cristal\/\" \/>\n<meta property=\"og:locale\" content=\"es_ES\" \/>\n<meta property=\"og:type\" content=\"article\" \/>\n<meta property=\"og:title\" content=\"Causas del techo de cristal: por qu\u00e9 se da y qu\u00e9 trae consigo\" \/>\n<meta property=\"og:description\" content=\"Conocer las causas del techo de cristal as\u00ed como sus consecuencias es importante para poder revertir este extendido problema. Te contamos m\u00e1s.\" \/>\n<meta property=\"og:url\" content=\"https:\/\/empresas.infoempleo.com\/hrtrends\/causas-techo-cristal\/\" \/>\n<meta property=\"og:site_name\" content=\"HRTRENDS\" \/>\n<meta property=\"article:publisher\" content=\"https:\/\/www.facebook.com\/Infoempleo\" \/>\n<meta property=\"article:published_time\" content=\"2019-02-08T14:19:22+00:00\" \/>\n<meta property=\"article:modified_time\" content=\"2025-07-09T15:16:37+00:00\" \/>\n<meta property=\"og:image\" content=\"https:\/\/empresas.infoempleo.com\/hrtrends\/media\/2019\/01\/HRTRENDS_techo-de-cristal-1.jpg\" \/>\n\t<meta property=\"og:image:width\" content=\"1024\" \/>\n\t<meta property=\"og:image:height\" content=\"1024\" \/>\n\t<meta property=\"og:image:type\" content=\"image\/jpeg\" \/>\n<meta name=\"author\" content=\"Adriana M.\" \/>\n<meta name=\"twitter:card\" content=\"summary_large_image\" \/>\n<meta name=\"twitter:creator\" content=\"@infoempleo\" \/>\n<meta name=\"twitter:site\" content=\"@infoempleo\" \/>\n<meta name=\"twitter:label1\" content=\"Escrito por\" \/>\n\t<meta name=\"twitter:data1\" content=\"Adriana M.\" \/>\n\t<meta name=\"twitter:label2\" content=\"Tiempo de lectura\" \/>\n\t<meta name=\"twitter:data2\" content=\"4 minutos\" \/>\n<script type=\"application\/ld+json\" class=\"yoast-schema-graph\">{\"@context\":\"https:\/\/schema.org\",\"@graph\":[{\"@type\":\"NewsArticle\",\"@id\":\"https:\/\/empresas.infoempleo.com\/hrtrends\/causas-techo-cristal\/#article\",\"isPartOf\":{\"@id\":\"https:\/\/empresas.infoempleo.com\/hrtrends\/causas-techo-cristal\/\"},\"author\":{\"name\":\"Adriana M.\",\"@id\":\"https:\/\/empresas.infoempleo.com\/hrtrends\/#\/schema\/person\/b1dd51edbb566a47cd8f7513fa73d223\"},\"headline\":\"Causas y consecuencias del techo de cristal\",\"datePublished\":\"2019-02-08T14:19:22+00:00\",\"dateModified\":\"2025-07-09T15:16:37+00:00\",\"mainEntityOfPage\":{\"@id\":\"https:\/\/empresas.infoempleo.com\/hrtrends\/causas-techo-cristal\/\"},\"wordCount\":680,\"publisher\":{\"@id\":\"https:\/\/empresas.infoempleo.com\/hrtrends\/#organization\"},\"image\":{\"@id\":\"https:\/\/empresas.infoempleo.com\/hrtrends\/causas-techo-cristal\/#primaryimage\"},\"thumbnailUrl\":\"https:\/\/empresas.infoempleo.com\/hrtrends\/media\/2019\/01\/HRTRENDS_techo-de-cristal-1.jpg\",\"keywords\":[\"Igualdad\"],\"articleSection\":[\"Actualidad\"],\"inLanguage\":\"es\",\"copyrightYear\":\"2019\",\"copyrightHolder\":{\"@id\":\"https:\/\/empresas.infoempleo.com\/hrtrends\/#organization\"}},{\"@type\":\"WebPage\",\"@id\":\"https:\/\/empresas.infoempleo.com\/hrtrends\/causas-techo-cristal\/\",\"url\":\"https:\/\/empresas.infoempleo.com\/hrtrends\/causas-techo-cristal\/\",\"name\":\"Causas del techo de cristal: por qu\u00e9 se da y qu\u00e9 trae consigo\",\"isPartOf\":{\"@id\":\"https:\/\/empresas.infoempleo.com\/hrtrends\/#website\"},\"primaryImageOfPage\":{\"@id\":\"https:\/\/empresas.infoempleo.com\/hrtrends\/causas-techo-cristal\/#primaryimage\"},\"image\":{\"@id\":\"https:\/\/empresas.infoempleo.com\/hrtrends\/causas-techo-cristal\/#primaryimage\"},\"thumbnailUrl\":\"https:\/\/empresas.infoempleo.com\/hrtrends\/media\/2019\/01\/HRTRENDS_techo-de-cristal-1.jpg\",\"datePublished\":\"2019-02-08T14:19:22+00:00\",\"dateModified\":\"2025-07-09T15:16:37+00:00\",\"description\":\"Conocer las causas del techo de cristal as\u00ed como sus consecuencias es importante para poder revertir este extendido problema. Te contamos m\u00e1s.\",\"breadcrumb\":{\"@id\":\"https:\/\/empresas.infoempleo.com\/hrtrends\/causas-techo-cristal\/#breadcrumb\"},\"inLanguage\":\"es\",\"potentialAction\":[{\"@type\":\"ReadAction\",\"target\":[\"https:\/\/empresas.infoempleo.com\/hrtrends\/causas-techo-cristal\/\"]}]},{\"@type\":\"ImageObject\",\"inLanguage\":\"es\",\"@id\":\"https:\/\/empresas.infoempleo.com\/hrtrends\/causas-techo-cristal\/#primaryimage\",\"url\":\"https:\/\/empresas.infoempleo.com\/hrtrends\/media\/2019\/01\/HRTRENDS_techo-de-cristal-1-150x150.jpg\",\"contentUrl\":\"https:\/\/empresas.infoempleo.com\/hrtrends\/media\/2019\/01\/HRTRENDS_techo-de-cristal-1-150x150.jpg\",\"width\":150,\"height\":150,\"caption\":\"Causas del techo de cristal y consecuencias a nivel social y empresarial\"},{\"@type\":\"BreadcrumbList\",\"@id\":\"https:\/\/empresas.infoempleo.com\/hrtrends\/causas-techo-cristal\/#breadcrumb\",\"itemListElement\":[{\"@type\":\"ListItem\",\"position\":1,\"name\":\"Portada\",\"item\":\"https:\/\/empresas.infoempleo.com\/hrtrends\/\"},{\"@type\":\"ListItem\",\"position\":2,\"name\":\"Causas y consecuencias del techo de cristal\"}]},{\"@type\":\"WebSite\",\"@id\":\"https:\/\/empresas.infoempleo.com\/hrtrends\/#website\",\"url\":\"https:\/\/empresas.infoempleo.com\/hrtrends\",\"name\":\"HRTrends by Infoempleo\",\"description\":\"\",\"publisher\":{\"@id\":\"https:\/\/empresas.infoempleo.com\/hrtrends\/#organization\"},\"potentialAction\":{\"@type\":\"SearchAction\",\"target\":\"https:\/\/empresas.infoempleo.com\/hrtrends\/?s={search_term_string}\",\"query-input\":\"required name=search_term_string\"},\"inLanguage\":\"es\"},{\"@type\":\"Organization\",\"@id\":\"https:\/\/empresas.infoempleo.com\/hrtrends\/#organization\",\"name\":\"Infoempleo\",\"url\":\"https:\/\/www.infoempleo.com\/\",\"logo\":{\"@type\":\"ImageObject\",\"@id\":\"https:\/\/empresas.infoempleo.com\/hrtrends\/#logo\",\"inLanguage\":\"es\",\"url\":\"https:\/\/cdnazure.infoempleo.com\/infoempleo\/assets\/style\/gfx\/logo.svg\",\"contentUrl\":\"https:\/\/cdnazure.infoempleo.com\/infoempleo\/assets\/style\/gfx\/logo.svg\",\"width\":150,\"height\":40,\"caption\":\"Infoempleo\"},\"image\":{\"@id\":\"https:\/\/empresas.infoempleo.com\/hrtrends\/#logo\"},\"sameAs\":[\"https:\/\/www.facebook.com\/Infoempleo\",\"https:\/\/x.com\/infoempleo\",\"http:\/\/instagram.com\/infoempleo\/\",\"http:\/\/www.linkedin.com\/groups\/Empleo-Espa\u00f1a-Infoempleocom-111276\",\"http:\/\/pinterest.com\/infoempleo\/\"],\"address\":{\"@type\":\"PostalAddress\",\"addressLocality\":\"Madrid\",\"postalCode\":\"28050\",\"streetAddress\":\"Avenida de Burgos 114\"},\"brand\":[\"Infoempleo\"]},{\"@type\":\"Person\",\"@id\":\"https:\/\/empresas.infoempleo.com\/hrtrends\/#\/schema\/person\/b1dd51edbb566a47cd8f7513fa73d223\",\"name\":\"Adriana M.\",\"image\":{\"@type\":\"ImageObject\",\"inLanguage\":\"es\",\"@id\":\"https:\/\/empresas.infoempleo.com\/hrtrends\/#\/schema\/person\/image\/\",\"url\":\"https:\/\/secure.gravatar.com\/avatar\/243f7dd7e1db0ad0e9791be05df7d72ba5c8bf338408591753bae2fe87dae18d?s=96&d=mm&r=g\",\"contentUrl\":\"https:\/\/secure.gravatar.com\/avatar\/243f7dd7e1db0ad0e9791be05df7d72ba5c8bf338408591753bae2fe87dae18d?s=96&d=mm&r=g\",\"caption\":\"Adriana M.\"},\"description\":\"Periodista y experta en Comunicaci\u00f3n Audiovisual y Narrativa. Me encanta escribir y narrar lo que pasa a mi alrededor es mi pasi\u00f3n.\",\"url\":\"https:\/\/empresas.infoempleo.com\/hrtrends\/author\/adriana-kanvas\/\"}]}<\/script>\n<!-- \/ Yoast SEO plugin. -->","yoast_head_json":{"title":"Causas del techo de cristal: por qu\u00e9 se da y qu\u00e9 trae consigo","description":"Conocer las causas del techo de cristal as\u00ed como sus consecuencias es importante para poder revertir este extendido problema. Te contamos m\u00e1s.","robots":{"index":"index","follow":"follow","max-snippet":"max-snippet:-1","max-image-preview":"max-image-preview:large","max-video-preview":"max-video-preview:-1"},"canonical":"https:\/\/empresas.infoempleo.com\/hrtrends\/causas-techo-cristal\/","og_locale":"es_ES","og_type":"article","og_title":"Causas del techo de cristal: por qu\u00e9 se da y qu\u00e9 trae consigo","og_description":"Conocer las causas del techo de cristal as\u00ed como sus consecuencias es importante para poder revertir este extendido problema. Te contamos m\u00e1s.","og_url":"https:\/\/empresas.infoempleo.com\/hrtrends\/causas-techo-cristal\/","og_site_name":"HRTRENDS","article_publisher":"https:\/\/www.facebook.com\/Infoempleo","article_published_time":"2019-02-08T14:19:22+00:00","article_modified_time":"2025-07-09T15:16:37+00:00","og_image":[{"width":1024,"height":1024,"url":"https:\/\/empresas.infoempleo.com\/hrtrends\/media\/2019\/01\/HRTRENDS_techo-de-cristal-1.jpg","type":"image\/jpeg"}],"author":"Adriana M.","twitter_card":"summary_large_image","twitter_creator":"@infoempleo","twitter_site":"@infoempleo","twitter_misc":{"Escrito por":"Adriana M.","Tiempo de lectura":"4 minutos"},"schema":{"@context":"https:\/\/schema.org","@graph":[{"@type":"NewsArticle","@id":"https:\/\/empresas.infoempleo.com\/hrtrends\/causas-techo-cristal\/#article","isPartOf":{"@id":"https:\/\/empresas.infoempleo.com\/hrtrends\/causas-techo-cristal\/"},"author":{"name":"Adriana M.","@id":"https:\/\/empresas.infoempleo.com\/hrtrends\/#\/schema\/person\/b1dd51edbb566a47cd8f7513fa73d223"},"headline":"Causas y consecuencias del techo de cristal","datePublished":"2019-02-08T14:19:22+00:00","dateModified":"2025-07-09T15:16:37+00:00","mainEntityOfPage":{"@id":"https:\/\/empresas.infoempleo.com\/hrtrends\/causas-techo-cristal\/"},"wordCount":680,"publisher":{"@id":"https:\/\/empresas.infoempleo.com\/hrtrends\/#organization"},"image":{"@id":"https:\/\/empresas.infoempleo.com\/hrtrends\/causas-techo-cristal\/#primaryimage"},"thumbnailUrl":"https:\/\/empresas.infoempleo.com\/hrtrends\/media\/2019\/01\/HRTRENDS_techo-de-cristal-1.jpg","keywords":["Igualdad"],"articleSection":["Actualidad"],"inLanguage":"es","copyrightYear":"2019","copyrightHolder":{"@id":"https:\/\/empresas.infoempleo.com\/hrtrends\/#organization"}},{"@type":"WebPage","@id":"https:\/\/empresas.infoempleo.com\/hrtrends\/causas-techo-cristal\/","url":"https:\/\/empresas.infoempleo.com\/hrtrends\/causas-techo-cristal\/","name":"Causas del techo de cristal: por qu\u00e9 se da y qu\u00e9 trae consigo","isPartOf":{"@id":"https:\/\/empresas.infoempleo.com\/hrtrends\/#website"},"primaryImageOfPage":{"@id":"https:\/\/empresas.infoempleo.com\/hrtrends\/causas-techo-cristal\/#primaryimage"},"image":{"@id":"https:\/\/empresas.infoempleo.com\/hrtrends\/causas-techo-cristal\/#primaryimage"},"thumbnailUrl":"https:\/\/empresas.infoempleo.com\/hrtrends\/media\/2019\/01\/HRTRENDS_techo-de-cristal-1.jpg","datePublished":"2019-02-08T14:19:22+00:00","dateModified":"2025-07-09T15:16:37+00:00","description":"Conocer las causas del techo de cristal as\u00ed como sus consecuencias es importante para poder revertir este extendido problema. Te contamos m\u00e1s.","breadcrumb":{"@id":"https:\/\/empresas.infoempleo.com\/hrtrends\/causas-techo-cristal\/#breadcrumb"},"inLanguage":"es","potentialAction":[{"@type":"ReadAction","target":["https:\/\/empresas.infoempleo.com\/hrtrends\/causas-techo-cristal\/"]}]},{"@type":"ImageObject","inLanguage":"es","@id":"https:\/\/empresas.infoempleo.com\/hrtrends\/causas-techo-cristal\/#primaryimage","url":"https:\/\/empresas.infoempleo.com\/hrtrends\/media\/2019\/01\/HRTRENDS_techo-de-cristal-1-150x150.jpg","contentUrl":"https:\/\/empresas.infoempleo.com\/hrtrends\/media\/2019\/01\/HRTRENDS_techo-de-cristal-1-150x150.jpg","width":150,"height":150,"caption":"Causas del techo de cristal y consecuencias a nivel social y empresarial"},{"@type":"BreadcrumbList","@id":"https:\/\/empresas.infoempleo.com\/hrtrends\/causas-techo-cristal\/#breadcrumb","itemListElement":[{"@type":"ListItem","position":1,"name":"Portada","item":"https:\/\/empresas.infoempleo.com\/hrtrends\/"},{"@type":"ListItem","position":2,"name":"Causas y consecuencias del techo de cristal"}]},{"@type":"WebSite","@id":"https:\/\/empresas.infoempleo.com\/hrtrends\/#website","url":"https:\/\/empresas.infoempleo.com\/hrtrends","name":"HRTrends by Infoempleo","description":"","publisher":{"@id":"https:\/\/empresas.infoempleo.com\/hrtrends\/#organization"},"potentialAction":{"@type":"SearchAction","target":"https:\/\/empresas.infoempleo.com\/hrtrends\/?s={search_term_string}","query-input":"required name=search_term_string"},"inLanguage":"es"},{"@type":"Organization","@id":"https:\/\/empresas.infoempleo.com\/hrtrends\/#organization","name":"Infoempleo","url":"https:\/\/www.infoempleo.com\/","logo":{"@type":"ImageObject","@id":"https:\/\/empresas.infoempleo.com\/hrtrends\/#logo","inLanguage":"es","url":"https:\/\/cdnazure.infoempleo.com\/infoempleo\/assets\/style\/gfx\/logo.svg","contentUrl":"https:\/\/cdnazure.infoempleo.com\/infoempleo\/assets\/style\/gfx\/logo.svg","width":150,"height":40,"caption":"Infoempleo"},"image":{"@id":"https:\/\/empresas.infoempleo.com\/hrtrends\/#logo"},"sameAs":["https:\/\/www.facebook.com\/Infoempleo","https:\/\/x.com\/infoempleo","http:\/\/instagram.com\/infoempleo\/","http:\/\/www.linkedin.com\/groups\/Empleo-Espa\u00f1a-Infoempleocom-111276","http:\/\/pinterest.com\/infoempleo\/"],"address":{"@type":"PostalAddress","addressLocality":"Madrid","postalCode":"28050","streetAddress":"Avenida de Burgos 114"},"brand":["Infoempleo"]},{"@type":"Person","@id":"https:\/\/empresas.infoempleo.com\/hrtrends\/#\/schema\/person\/b1dd51edbb566a47cd8f7513fa73d223","name":"Adriana M.","image":{"@type":"ImageObject","inLanguage":"es","@id":"https:\/\/empresas.infoempleo.com\/hrtrends\/#\/schema\/person\/image\/","url":"https:\/\/secure.gravatar.com\/avatar\/243f7dd7e1db0ad0e9791be05df7d72ba5c8bf338408591753bae2fe87dae18d?s=96&d=mm&r=g","contentUrl":"https:\/\/secure.gravatar.com\/avatar\/243f7dd7e1db0ad0e9791be05df7d72ba5c8bf338408591753bae2fe87dae18d?s=96&d=mm&r=g","caption":"Adriana M."},"description":"Periodista y experta en Comunicaci\u00f3n Audiovisual y Narrativa. Me encanta escribir y narrar lo que pasa a mi alrededor es mi pasi\u00f3n.","url":"https:\/\/empresas.infoempleo.com\/hrtrends\/author\/adriana-kanvas\/"}]}},"amp_enabled":true,"_links":{"self":[{"href":"https:\/\/empresas.infoempleo.com\/hrtrends\/wp-json\/wp\/v2\/posts\/34793","targetHints":{"allow":["GET"]}}],"collection":[{"href":"https:\/\/empresas.infoempleo.com\/hrtrends\/wp-json\/wp\/v2\/posts"}],"about":[{"href":"https:\/\/empresas.infoempleo.com\/hrtrends\/wp-json\/wp\/v2\/types\/post"}],"author":[{"embeddable":true,"href":"https:\/\/empresas.infoempleo.com\/hrtrends\/wp-json\/wp\/v2\/users\/122"}],"replies":[{"embeddable":true,"href":"https:\/\/empresas.infoempleo.com\/hrtrends\/wp-json\/wp\/v2\/comments?post=34793"}],"version-history":[{"count":2,"href":"https:\/\/empresas.infoempleo.com\/hrtrends\/wp-json\/wp\/v2\/posts\/34793\/revisions"}],"predecessor-version":[{"id":46903,"href":"https:\/\/empresas.infoempleo.com\/hrtrends\/wp-json\/wp\/v2\/posts\/34793\/revisions\/46903"}],"wp:featuredmedia":[{"embeddable":true,"href":"https:\/\/empresas.infoempleo.com\/hrtrends\/wp-json\/wp\/v2\/media\/34794"}],"wp:attachment":[{"href":"https:\/\/empresas.infoempleo.com\/hrtrends\/wp-json\/wp\/v2\/media?parent=34793"}],"wp:term":[{"taxonomy":"category","embeddable":true,"href":"https:\/\/empresas.infoempleo.com\/hrtrends\/wp-json\/wp\/v2\/categories?post=34793"},{"taxonomy":"post_tag","embeddable":true,"href":"https:\/\/empresas.infoempleo.com\/hrtrends\/wp-json\/wp\/v2\/tags?post=34793"}],"curies":[{"name":"wp","href":"https:\/\/api.w.org\/{rel}","templated":true}]}}