{"id":34746,"date":"2019-01-18T13:25:58","date_gmt":"2019-01-18T11:25:58","guid":{"rendered":"https:\/\/empresas.infoempleo.com\/hrtrends\/?p=34746"},"modified":"2025-10-23T15:29:36","modified_gmt":"2025-10-23T13:29:36","slug":"ayudar-empleados-dejar-fumar","status":"publish","type":"post","link":"https:\/\/empresas.infoempleo.com\/hrtrends\/ayudar-empleados-dejar-fumar\/","title":{"rendered":"\u00bfC\u00f3mo ayudar a los empleados a dejar de fumar?"},"content":{"rendered":"<p><b>Dejar de fumar<\/b><span style=\"font-weight: 400\"> es un reto para cualquier fumador, pero mucho m\u00e1s en las empresas por las <\/span><b>numerosas consecuencias negativas<\/b><span style=\"font-weight: 400\"> de este h\u00e1bito en la <\/span><a href=\"https:\/\/empresas.infoempleo.com\/hrtrends\/la-salud-laboral\/\"><span style=\"font-weight: 400\">salud laboral<\/span><\/a><span style=\"font-weight: 400\"> y en la productividad. \u00bfDesde <\/span><b>Recursos Humanos<\/b><span style=\"font-weight: 400\"> te preocupa la <\/span><b>dependencia del tabaco de tus trabajadores<\/b><span style=\"font-weight: 400\"> y quieres <\/span><b>implementar programas de deshabituaci\u00f3n<\/b><span style=\"font-weight: 400\">? Te contamos c\u00f3mo hacerlo.<\/span><\/p>\n<p><img loading=\"lazy\" decoding=\"async\" class=\"alignnone size-full wp-image-34748\" src=\"https:\/\/empresas.infoempleo.com\/hrtrends\/media\/2019\/01\/HRTRENDS_dejar-de-fumar-2.jpg\" alt=\"Planes para dejar de fumar en el trabajo\" width=\"787\" height=\"443\" srcset=\"https:\/\/empresas.infoempleo.com\/hrtrends\/media\/2019\/01\/HRTRENDS_dejar-de-fumar-2.jpg 787w, https:\/\/empresas.infoempleo.com\/hrtrends\/media\/2019\/01\/HRTRENDS_dejar-de-fumar-2-300x169.jpg 300w, https:\/\/empresas.infoempleo.com\/hrtrends\/media\/2019\/01\/HRTRENDS_dejar-de-fumar-2-768x432.jpg 768w\" sizes=\"auto, (max-width: 787px) 100vw, 787px\" \/><\/p>\n<h2><b>Principales perjuicios de fumar en la empresa<\/b><\/h2>\n<p><span style=\"font-weight: 400\">El <\/span><b>tabaquismo<\/b><span style=\"font-weight: 400\"> es un <\/span><b>problema para la sociedad<\/b><span style=\"font-weight: 400\"> en general, pero si eres empresario o gestor de Recursos Humanos, deber\u00edas tener en cuenta que <\/span><b>tambi\u00e9n lo es en el centro de trabajo<\/b><span style=\"font-weight: 400\"> por varios motivos, entre los que destacan:<\/span><\/p>\n<ol>\n<li style=\"font-weight: 400\"><a href=\"https:\/\/empresas.infoempleo.com\/hrtrends\/mejora-tu-productividad\/\/\"><b>Bajada en la productividad<\/b><\/a><span style=\"font-weight: 400\">: Una persona que padezca una adicci\u00f3n al tabaco se ver\u00e1 obligada a <\/span><b>fumar con una cierta frecuencia<\/b><span style=\"font-weight: 400\"> y a <\/span><b>interrumpir su jornada de trabajo<\/b><span style=\"font-weight: 400\">; si sumas estos periodos, ver\u00e1s como la <\/span><b>jornada de trabajo efectiva se reduce<\/b><span style=\"font-weight: 400\">. Esto se podr\u00eda evitar si la incidencia del tabaquismo fuese menor. <\/span><\/li>\n<li style=\"font-weight: 400\"><b>Problemas de salud:<\/b><span style=\"font-weight: 400\"> Est\u00e1 demostrada la relaci\u00f3n entre varios <\/span><b>tipos de trastornos de salud y el tabaquismo<\/b><span style=\"font-weight: 400\">, en especial <\/span><b>enfermedades cardiovasculares y respiratorias<\/b><span style=\"font-weight: 400\">, as\u00ed como <\/span><b>tumores<\/b><span style=\"font-weight: 400\">. En consecuencia, cuanto antes se pueda eliminar este h\u00e1bito, mejor que mejor, porque reducir\u00e1s las <\/span><b>posibilidades de <\/b><a href=\"https:\/\/empresas.infoempleo.com\/hrtrends\/tag\/bajas-laborales\/\"><b>bajas prolongadas<\/b><\/a><span style=\"font-weight: 400\">. No en vano, la p\u00e9rdida para tu empresa de un trabajador cualificado por una baja prolongada es de las que m\u00e1s se notan. <\/span><\/li>\n<li style=\"font-weight: 400\"><a href=\"https:\/\/empresas.infoempleo.com\/hrtrends\/evitar-absentismo-laboral\/\/\"><b>Absentismo<\/b><\/a><span style=\"font-weight: 400\">: Aunque no causase enfermedades graves, el <\/span><b>tabaquismo<\/b><span style=\"font-weight: 400\"> es un h\u00e1bito que <\/span><b>favorece los resfriados<\/b><span style=\"font-weight: 400\"> y <\/span><b>aumenta las probabilidades de bajas laborales<\/b><span style=\"font-weight: 400\"> que tu empresa va a tener que asumir. En general, una vida sin tabaco es mejor. Por lo tanto, <\/span><b>cuanto menos fumen tus trabajadores<\/b><span style=\"font-weight: 400\">, mejor para tu empresa porque conseguir\u00e1s que <\/span><b>trabajen m\u00e1s d\u00edas<\/b><span style=\"font-weight: 400\"> y que lo hagan en <\/span><b>mejores condiciones<\/b><span style=\"font-weight: 400\">.<\/span><\/li>\n<\/ol>\n<h2><b>\u00bfC\u00f3mo puedes implementar programas de deshabituaci\u00f3n al tabaco en tu empresa?<\/b><\/h2>\n<p><b>Implementar programas de<\/b> <b>deshabituaci\u00f3n<\/b><span style=\"font-weight: 400\"> es posible en las empresas y, para ello, has de partir del <\/span><b>acuerdo con el trabajador<\/b><span style=\"font-weight: 400\">. Es fundamental remarcar que cualquier programa que se inicie <\/span><b>ha de ser voluntario <\/b><span style=\"font-weight: 400\">y, por tanto, <\/span><b>no puedes obligar al trabajador a realizarlo. <\/b><\/p>\n<p><span style=\"font-weight: 400\">Una vez que cuentes con la aceptaci\u00f3n del trabajador, nuestro consejo es que implantes un <\/span><b>programa m\u00e9dico<\/b><span style=\"font-weight: 400\"> con<\/span><b> seguimiento de los progresos <\/b><span style=\"font-weight: 400\">y establezcas <\/span><b>charlas peri\u00f3dicas <\/b><span style=\"font-weight: 400\">sobre <\/span><a href=\"https:\/\/empresas.infoempleo.com\/hrtrends\/5-habitos-saludables-jornada-laboral\/\"><b>h\u00e1bitos saludables que se han de seguir en la oficina<\/b><\/a><span style=\"font-weight: 400\"> para toda la plantilla.<\/span><\/p>\n<p><span style=\"font-weight: 400\">Si el programa de seguimiento m\u00e9dico se realiza correctamente y los trabajadores van viendo poco a poco los <\/span><b>resultados<\/b><span style=\"font-weight: 400\">, podr\u00e1s conseguir que la <\/span><b>mayor\u00eda de los trabajadores dejen de fumar<\/b><span style=\"font-weight: 400\">. Por ejemplo, hay algunas empresas, como <\/span><b>PSA-Peugeot Citro\u00ebn<\/b><span style=\"font-weight: 400\">, que han insertado este tipo de planes y el <\/span><b>60 % de los inscritos al programa dejaron el tabaco<\/b><span style=\"font-weight: 400\">. Eso s\u00ed, indicar que para conseguir que sea exitoso, tienes que <\/span><b>planificar bien las medidas que hay que tomar. <\/b><\/p>\n<p><span style=\"font-weight: 400\">Adem\u00e1s de los <\/span><b>beneficios evidentes en productividad<\/b><span style=\"font-weight: 400\">, hay otro tipo de ventajas intangibles de implementar este tipo de programas. Por ejemplo, tus <\/span><a href=\"https:\/\/empresas.infoempleo.com\/hrtrends\/como-motivar-a-los-empleados-para-mejorar-su-productividad\/\/\"><b>empleados estar\u00e1n m\u00e1s motivados<\/b><\/a><span style=\"font-weight: 400\"> porque <\/span><b>valorar\u00e1n que la empresa les brinda una posibilidad<\/b><span style=\"font-weight: 400\"> que, en muchos casos, ya deseaban.<\/span><\/p>\n<p><span style=\"font-weight: 400\">En conclusi\u00f3n, si en tu empresa el <\/span><b>tabaquismo es un problema grave<\/b><span style=\"font-weight: 400\"> y quieres <\/span><b>ayudar a tus trabajadores<\/b><span style=\"font-weight: 400\">, implementar un <\/span><b>plan para dejar de fumar es la opci\u00f3n m\u00e1s beneficiosa<\/b><span style=\"font-weight: 400\"> para tu empresa, aunque suponga un esfuerzo<\/span><b>. \u00a1Vela por la salud de tus empleados, haz que est\u00e9n m\u00e1s sanos y contentos y tu empresa lo notar\u00e1!<\/b><\/p>\n","protected":false},"excerpt":{"rendered":"<p>Dejar de fumar es un reto para cualquier fumador, pero mucho m\u00e1s en las empresas por las numerosas<a class=\"moretag\" href=\"https:\/\/empresas.infoempleo.com\/hrtrends\/ayudar-empleados-dejar-fumar\/\"> Leer m\u00e1s<\/a><\/p>\n","protected":false},"author":122,"featured_media":34747,"comment_status":"closed","ping_status":"closed","sticky":false,"template":"","format":"standard","meta":{"footnotes":""},"categories":[3035],"tags":[3045,3068],"class_list":["post-34746","post","type-post","status-publish","format-standard","has-post-thumbnail","hentry","category-consejos","tag-habitos-saludables","tag-salud-trabajadores"],"yoast_head":"<!-- This site is optimized with the Yoast SEO plugin v26.1.1 - https:\/\/yoast.com\/wordpress\/plugins\/seo\/ -->\n<title>\u00bfC\u00f3mo fomentar desde RRHH el dejar de fumar en la empresa?<\/title>\n<meta name=\"description\" content=\"Descubre los principales perjuicios que tiene para la empresa el tabaquismo de los empleados y qu\u00e9 hacer conseguir dejar de fumar en el trabajo.\" \/>\n<meta name=\"robots\" content=\"index, follow, max-snippet:-1, max-image-preview:large, max-video-preview:-1\" \/>\n<link rel=\"canonical\" href=\"https:\/\/empresas.infoempleo.com\/hrtrends\/ayudar-empleados-dejar-fumar\/\" \/>\n<meta property=\"og:locale\" content=\"es_ES\" \/>\n<meta property=\"og:type\" content=\"article\" \/>\n<meta property=\"og:title\" content=\"\u00bfC\u00f3mo fomentar desde RRHH el dejar de fumar en la empresa?\" \/>\n<meta property=\"og:description\" content=\"Descubre los principales perjuicios que tiene para la empresa el tabaquismo de los empleados y qu\u00e9 hacer conseguir dejar de fumar en el trabajo.\" \/>\n<meta property=\"og:url\" content=\"https:\/\/empresas.infoempleo.com\/hrtrends\/ayudar-empleados-dejar-fumar\/\" \/>\n<meta property=\"og:site_name\" content=\"HRTRENDS\" \/>\n<meta property=\"article:publisher\" content=\"https:\/\/www.facebook.com\/Infoempleo\" \/>\n<meta property=\"article:published_time\" content=\"2019-01-18T11:25:58+00:00\" \/>\n<meta property=\"article:modified_time\" content=\"2025-10-23T13:29:36+00:00\" \/>\n<meta property=\"og:image\" content=\"https:\/\/empresas.infoempleo.com\/hrtrends\/media\/2019\/01\/HRTRENDS_dejar-de-fumar-1.jpg\" \/>\n\t<meta property=\"og:image:width\" content=\"1140\" \/>\n\t<meta property=\"og:image:height\" content=\"760\" \/>\n\t<meta property=\"og:image:type\" content=\"image\/jpeg\" \/>\n<meta name=\"author\" content=\"Adriana M.\" \/>\n<meta name=\"twitter:card\" content=\"summary_large_image\" \/>\n<meta name=\"twitter:creator\" content=\"@infoempleo\" \/>\n<meta name=\"twitter:site\" content=\"@infoempleo\" \/>\n<meta name=\"twitter:label1\" content=\"Escrito por\" \/>\n\t<meta name=\"twitter:data1\" content=\"Adriana M.\" \/>\n\t<meta name=\"twitter:label2\" content=\"Tiempo de lectura\" \/>\n\t<meta name=\"twitter:data2\" content=\"3 minutos\" \/>\n<script type=\"application\/ld+json\" class=\"yoast-schema-graph\">{\"@context\":\"https:\/\/schema.org\",\"@graph\":[{\"@type\":\"NewsArticle\",\"@id\":\"https:\/\/empresas.infoempleo.com\/hrtrends\/ayudar-empleados-dejar-fumar\/#article\",\"isPartOf\":{\"@id\":\"https:\/\/empresas.infoempleo.com\/hrtrends\/ayudar-empleados-dejar-fumar\/\"},\"author\":{\"name\":\"Adriana M.\",\"@id\":\"https:\/\/empresas.infoempleo.com\/hrtrends\/#\/schema\/person\/b1dd51edbb566a47cd8f7513fa73d223\"},\"headline\":\"\u00bfC\u00f3mo ayudar a los empleados a dejar de fumar?\",\"datePublished\":\"2019-01-18T11:25:58+00:00\",\"dateModified\":\"2025-10-23T13:29:36+00:00\",\"mainEntityOfPage\":{\"@id\":\"https:\/\/empresas.infoempleo.com\/hrtrends\/ayudar-empleados-dejar-fumar\/\"},\"wordCount\":596,\"publisher\":{\"@id\":\"https:\/\/empresas.infoempleo.com\/hrtrends\/#organization\"},\"image\":{\"@id\":\"https:\/\/empresas.infoempleo.com\/hrtrends\/ayudar-empleados-dejar-fumar\/#primaryimage\"},\"thumbnailUrl\":\"https:\/\/empresas.infoempleo.com\/hrtrends\/media\/2019\/01\/HRTRENDS_dejar-de-fumar-1.jpg\",\"keywords\":[\"h\u00e1bitos saludables\",\"salud trabajadores\"],\"articleSection\":[\"Consejos\"],\"inLanguage\":\"es\",\"copyrightYear\":\"2019\",\"copyrightHolder\":{\"@id\":\"https:\/\/empresas.infoempleo.com\/hrtrends\/#organization\"}},{\"@type\":\"WebPage\",\"@id\":\"https:\/\/empresas.infoempleo.com\/hrtrends\/ayudar-empleados-dejar-fumar\/\",\"url\":\"https:\/\/empresas.infoempleo.com\/hrtrends\/ayudar-empleados-dejar-fumar\/\",\"name\":\"\u00bfC\u00f3mo fomentar desde RRHH el dejar de fumar en la empresa?\",\"isPartOf\":{\"@id\":\"https:\/\/empresas.infoempleo.com\/hrtrends\/#website\"},\"primaryImageOfPage\":{\"@id\":\"https:\/\/empresas.infoempleo.com\/hrtrends\/ayudar-empleados-dejar-fumar\/#primaryimage\"},\"image\":{\"@id\":\"https:\/\/empresas.infoempleo.com\/hrtrends\/ayudar-empleados-dejar-fumar\/#primaryimage\"},\"thumbnailUrl\":\"https:\/\/empresas.infoempleo.com\/hrtrends\/media\/2019\/01\/HRTRENDS_dejar-de-fumar-1.jpg\",\"datePublished\":\"2019-01-18T11:25:58+00:00\",\"dateModified\":\"2025-10-23T13:29:36+00:00\",\"description\":\"Descubre los principales perjuicios que tiene para la empresa el tabaquismo de los empleados y qu\u00e9 hacer conseguir dejar de fumar en el trabajo.\",\"breadcrumb\":{\"@id\":\"https:\/\/empresas.infoempleo.com\/hrtrends\/ayudar-empleados-dejar-fumar\/#breadcrumb\"},\"inLanguage\":\"es\",\"potentialAction\":[{\"@type\":\"ReadAction\",\"target\":[\"https:\/\/empresas.infoempleo.com\/hrtrends\/ayudar-empleados-dejar-fumar\/\"]}]},{\"@type\":\"ImageObject\",\"inLanguage\":\"es\",\"@id\":\"https:\/\/empresas.infoempleo.com\/hrtrends\/ayudar-empleados-dejar-fumar\/#primaryimage\",\"url\":\"https:\/\/empresas.infoempleo.com\/hrtrends\/media\/2019\/01\/HRTRENDS_dejar-de-fumar-1-150x150.jpg\",\"contentUrl\":\"https:\/\/empresas.infoempleo.com\/hrtrends\/media\/2019\/01\/HRTRENDS_dejar-de-fumar-1-150x150.jpg\",\"width\":150,\"height\":150,\"caption\":\"Aprende a implementar un plan para que tus trabajadores dejen el tabaco\"},{\"@type\":\"BreadcrumbList\",\"@id\":\"https:\/\/empresas.infoempleo.com\/hrtrends\/ayudar-empleados-dejar-fumar\/#breadcrumb\",\"itemListElement\":[{\"@type\":\"ListItem\",\"position\":1,\"name\":\"Portada\",\"item\":\"https:\/\/empresas.infoempleo.com\/hrtrends\/\"},{\"@type\":\"ListItem\",\"position\":2,\"name\":\"\u00bfC\u00f3mo ayudar a los empleados a dejar de fumar?\"}]},{\"@type\":\"WebSite\",\"@id\":\"https:\/\/empresas.infoempleo.com\/hrtrends\/#website\",\"url\":\"https:\/\/empresas.infoempleo.com\/hrtrends\",\"name\":\"HRTrends by Infoempleo\",\"description\":\"\",\"publisher\":{\"@id\":\"https:\/\/empresas.infoempleo.com\/hrtrends\/#organization\"},\"potentialAction\":{\"@type\":\"SearchAction\",\"target\":\"https:\/\/empresas.infoempleo.com\/hrtrends\/?s={search_term_string}\",\"query-input\":\"required name=search_term_string\"},\"inLanguage\":\"es\"},{\"@type\":\"Organization\",\"@id\":\"https:\/\/empresas.infoempleo.com\/hrtrends\/#organization\",\"name\":\"Infoempleo\",\"url\":\"https:\/\/www.infoempleo.com\/\",\"logo\":{\"@type\":\"ImageObject\",\"@id\":\"https:\/\/empresas.infoempleo.com\/hrtrends\/#logo\",\"inLanguage\":\"es\",\"url\":\"https:\/\/cdnazure.infoempleo.com\/infoempleo\/assets\/style\/gfx\/logo.svg\",\"contentUrl\":\"https:\/\/cdnazure.infoempleo.com\/infoempleo\/assets\/style\/gfx\/logo.svg\",\"width\":150,\"height\":40,\"caption\":\"Infoempleo\"},\"image\":{\"@id\":\"https:\/\/empresas.infoempleo.com\/hrtrends\/#logo\"},\"sameAs\":[\"https:\/\/www.facebook.com\/Infoempleo\",\"https:\/\/x.com\/infoempleo\",\"http:\/\/instagram.com\/infoempleo\/\",\"http:\/\/www.linkedin.com\/groups\/Empleo-Espa\u00f1a-Infoempleocom-111276\",\"http:\/\/pinterest.com\/infoempleo\/\"],\"address\":{\"@type\":\"PostalAddress\",\"addressLocality\":\"Madrid\",\"postalCode\":\"28050\",\"streetAddress\":\"Avenida de Burgos 114\"},\"brand\":[\"Infoempleo\"]},{\"@type\":\"Person\",\"@id\":\"https:\/\/empresas.infoempleo.com\/hrtrends\/#\/schema\/person\/b1dd51edbb566a47cd8f7513fa73d223\",\"name\":\"Adriana M.\",\"image\":{\"@type\":\"ImageObject\",\"inLanguage\":\"es\",\"@id\":\"https:\/\/empresas.infoempleo.com\/hrtrends\/#\/schema\/person\/image\/\",\"url\":\"https:\/\/secure.gravatar.com\/avatar\/243f7dd7e1db0ad0e9791be05df7d72ba5c8bf338408591753bae2fe87dae18d?s=96&d=mm&r=g\",\"contentUrl\":\"https:\/\/secure.gravatar.com\/avatar\/243f7dd7e1db0ad0e9791be05df7d72ba5c8bf338408591753bae2fe87dae18d?s=96&d=mm&r=g\",\"caption\":\"Adriana M.\"},\"description\":\"Periodista y experta en Comunicaci\u00f3n Audiovisual y Narrativa. Me encanta escribir y narrar lo que pasa a mi alrededor es mi pasi\u00f3n.\",\"url\":\"https:\/\/empresas.infoempleo.com\/hrtrends\/author\/adriana-kanvas\/\"}]}<\/script>\n<!-- \/ Yoast SEO plugin. -->","yoast_head_json":{"title":"\u00bfC\u00f3mo fomentar desde RRHH el dejar de fumar en la empresa?","description":"Descubre los principales perjuicios que tiene para la empresa el tabaquismo de los empleados y qu\u00e9 hacer conseguir dejar de fumar en el trabajo.","robots":{"index":"index","follow":"follow","max-snippet":"max-snippet:-1","max-image-preview":"max-image-preview:large","max-video-preview":"max-video-preview:-1"},"canonical":"https:\/\/empresas.infoempleo.com\/hrtrends\/ayudar-empleados-dejar-fumar\/","og_locale":"es_ES","og_type":"article","og_title":"\u00bfC\u00f3mo fomentar desde RRHH el dejar de fumar en la empresa?","og_description":"Descubre los principales perjuicios que tiene para la empresa el tabaquismo de los empleados y qu\u00e9 hacer conseguir dejar de fumar en el trabajo.","og_url":"https:\/\/empresas.infoempleo.com\/hrtrends\/ayudar-empleados-dejar-fumar\/","og_site_name":"HRTRENDS","article_publisher":"https:\/\/www.facebook.com\/Infoempleo","article_published_time":"2019-01-18T11:25:58+00:00","article_modified_time":"2025-10-23T13:29:36+00:00","og_image":[{"width":1140,"height":760,"url":"https:\/\/empresas.infoempleo.com\/hrtrends\/media\/2019\/01\/HRTRENDS_dejar-de-fumar-1.jpg","type":"image\/jpeg"}],"author":"Adriana M.","twitter_card":"summary_large_image","twitter_creator":"@infoempleo","twitter_site":"@infoempleo","twitter_misc":{"Escrito por":"Adriana M.","Tiempo de lectura":"3 minutos"},"schema":{"@context":"https:\/\/schema.org","@graph":[{"@type":"NewsArticle","@id":"https:\/\/empresas.infoempleo.com\/hrtrends\/ayudar-empleados-dejar-fumar\/#article","isPartOf":{"@id":"https:\/\/empresas.infoempleo.com\/hrtrends\/ayudar-empleados-dejar-fumar\/"},"author":{"name":"Adriana M.","@id":"https:\/\/empresas.infoempleo.com\/hrtrends\/#\/schema\/person\/b1dd51edbb566a47cd8f7513fa73d223"},"headline":"\u00bfC\u00f3mo ayudar a los empleados a dejar de fumar?","datePublished":"2019-01-18T11:25:58+00:00","dateModified":"2025-10-23T13:29:36+00:00","mainEntityOfPage":{"@id":"https:\/\/empresas.infoempleo.com\/hrtrends\/ayudar-empleados-dejar-fumar\/"},"wordCount":596,"publisher":{"@id":"https:\/\/empresas.infoempleo.com\/hrtrends\/#organization"},"image":{"@id":"https:\/\/empresas.infoempleo.com\/hrtrends\/ayudar-empleados-dejar-fumar\/#primaryimage"},"thumbnailUrl":"https:\/\/empresas.infoempleo.com\/hrtrends\/media\/2019\/01\/HRTRENDS_dejar-de-fumar-1.jpg","keywords":["h\u00e1bitos saludables","salud trabajadores"],"articleSection":["Consejos"],"inLanguage":"es","copyrightYear":"2019","copyrightHolder":{"@id":"https:\/\/empresas.infoempleo.com\/hrtrends\/#organization"}},{"@type":"WebPage","@id":"https:\/\/empresas.infoempleo.com\/hrtrends\/ayudar-empleados-dejar-fumar\/","url":"https:\/\/empresas.infoempleo.com\/hrtrends\/ayudar-empleados-dejar-fumar\/","name":"\u00bfC\u00f3mo fomentar desde RRHH el dejar de fumar en la empresa?","isPartOf":{"@id":"https:\/\/empresas.infoempleo.com\/hrtrends\/#website"},"primaryImageOfPage":{"@id":"https:\/\/empresas.infoempleo.com\/hrtrends\/ayudar-empleados-dejar-fumar\/#primaryimage"},"image":{"@id":"https:\/\/empresas.infoempleo.com\/hrtrends\/ayudar-empleados-dejar-fumar\/#primaryimage"},"thumbnailUrl":"https:\/\/empresas.infoempleo.com\/hrtrends\/media\/2019\/01\/HRTRENDS_dejar-de-fumar-1.jpg","datePublished":"2019-01-18T11:25:58+00:00","dateModified":"2025-10-23T13:29:36+00:00","description":"Descubre los principales perjuicios que tiene para la empresa el tabaquismo de los empleados y qu\u00e9 hacer conseguir dejar de fumar en el trabajo.","breadcrumb":{"@id":"https:\/\/empresas.infoempleo.com\/hrtrends\/ayudar-empleados-dejar-fumar\/#breadcrumb"},"inLanguage":"es","potentialAction":[{"@type":"ReadAction","target":["https:\/\/empresas.infoempleo.com\/hrtrends\/ayudar-empleados-dejar-fumar\/"]}]},{"@type":"ImageObject","inLanguage":"es","@id":"https:\/\/empresas.infoempleo.com\/hrtrends\/ayudar-empleados-dejar-fumar\/#primaryimage","url":"https:\/\/empresas.infoempleo.com\/hrtrends\/media\/2019\/01\/HRTRENDS_dejar-de-fumar-1-150x150.jpg","contentUrl":"https:\/\/empresas.infoempleo.com\/hrtrends\/media\/2019\/01\/HRTRENDS_dejar-de-fumar-1-150x150.jpg","width":150,"height":150,"caption":"Aprende a implementar un plan para que tus trabajadores dejen el tabaco"},{"@type":"BreadcrumbList","@id":"https:\/\/empresas.infoempleo.com\/hrtrends\/ayudar-empleados-dejar-fumar\/#breadcrumb","itemListElement":[{"@type":"ListItem","position":1,"name":"Portada","item":"https:\/\/empresas.infoempleo.com\/hrtrends\/"},{"@type":"ListItem","position":2,"name":"\u00bfC\u00f3mo ayudar a los empleados a dejar de fumar?"}]},{"@type":"WebSite","@id":"https:\/\/empresas.infoempleo.com\/hrtrends\/#website","url":"https:\/\/empresas.infoempleo.com\/hrtrends","name":"HRTrends by Infoempleo","description":"","publisher":{"@id":"https:\/\/empresas.infoempleo.com\/hrtrends\/#organization"},"potentialAction":{"@type":"SearchAction","target":"https:\/\/empresas.infoempleo.com\/hrtrends\/?s={search_term_string}","query-input":"required name=search_term_string"},"inLanguage":"es"},{"@type":"Organization","@id":"https:\/\/empresas.infoempleo.com\/hrtrends\/#organization","name":"Infoempleo","url":"https:\/\/www.infoempleo.com\/","logo":{"@type":"ImageObject","@id":"https:\/\/empresas.infoempleo.com\/hrtrends\/#logo","inLanguage":"es","url":"https:\/\/cdnazure.infoempleo.com\/infoempleo\/assets\/style\/gfx\/logo.svg","contentUrl":"https:\/\/cdnazure.infoempleo.com\/infoempleo\/assets\/style\/gfx\/logo.svg","width":150,"height":40,"caption":"Infoempleo"},"image":{"@id":"https:\/\/empresas.infoempleo.com\/hrtrends\/#logo"},"sameAs":["https:\/\/www.facebook.com\/Infoempleo","https:\/\/x.com\/infoempleo","http:\/\/instagram.com\/infoempleo\/","http:\/\/www.linkedin.com\/groups\/Empleo-Espa\u00f1a-Infoempleocom-111276","http:\/\/pinterest.com\/infoempleo\/"],"address":{"@type":"PostalAddress","addressLocality":"Madrid","postalCode":"28050","streetAddress":"Avenida de Burgos 114"},"brand":["Infoempleo"]},{"@type":"Person","@id":"https:\/\/empresas.infoempleo.com\/hrtrends\/#\/schema\/person\/b1dd51edbb566a47cd8f7513fa73d223","name":"Adriana M.","image":{"@type":"ImageObject","inLanguage":"es","@id":"https:\/\/empresas.infoempleo.com\/hrtrends\/#\/schema\/person\/image\/","url":"https:\/\/secure.gravatar.com\/avatar\/243f7dd7e1db0ad0e9791be05df7d72ba5c8bf338408591753bae2fe87dae18d?s=96&d=mm&r=g","contentUrl":"https:\/\/secure.gravatar.com\/avatar\/243f7dd7e1db0ad0e9791be05df7d72ba5c8bf338408591753bae2fe87dae18d?s=96&d=mm&r=g","caption":"Adriana M."},"description":"Periodista y experta en Comunicaci\u00f3n Audiovisual y Narrativa. Me encanta escribir y narrar lo que pasa a mi alrededor es mi pasi\u00f3n.","url":"https:\/\/empresas.infoempleo.com\/hrtrends\/author\/adriana-kanvas\/"}]}},"amp_enabled":true,"_links":{"self":[{"href":"https:\/\/empresas.infoempleo.com\/hrtrends\/wp-json\/wp\/v2\/posts\/34746","targetHints":{"allow":["GET"]}}],"collection":[{"href":"https:\/\/empresas.infoempleo.com\/hrtrends\/wp-json\/wp\/v2\/posts"}],"about":[{"href":"https:\/\/empresas.infoempleo.com\/hrtrends\/wp-json\/wp\/v2\/types\/post"}],"author":[{"embeddable":true,"href":"https:\/\/empresas.infoempleo.com\/hrtrends\/wp-json\/wp\/v2\/users\/122"}],"replies":[{"embeddable":true,"href":"https:\/\/empresas.infoempleo.com\/hrtrends\/wp-json\/wp\/v2\/comments?post=34746"}],"version-history":[{"count":1,"href":"https:\/\/empresas.infoempleo.com\/hrtrends\/wp-json\/wp\/v2\/posts\/34746\/revisions"}],"predecessor-version":[{"id":47148,"href":"https:\/\/empresas.infoempleo.com\/hrtrends\/wp-json\/wp\/v2\/posts\/34746\/revisions\/47148"}],"wp:featuredmedia":[{"embeddable":true,"href":"https:\/\/empresas.infoempleo.com\/hrtrends\/wp-json\/wp\/v2\/media\/34747"}],"wp:attachment":[{"href":"https:\/\/empresas.infoempleo.com\/hrtrends\/wp-json\/wp\/v2\/media?parent=34746"}],"wp:term":[{"taxonomy":"category","embeddable":true,"href":"https:\/\/empresas.infoempleo.com\/hrtrends\/wp-json\/wp\/v2\/categories?post=34746"},{"taxonomy":"post_tag","embeddable":true,"href":"https:\/\/empresas.infoempleo.com\/hrtrends\/wp-json\/wp\/v2\/tags?post=34746"}],"curies":[{"name":"wp","href":"https:\/\/api.w.org\/{rel}","templated":true}]}}