{"id":34706,"date":"2019-01-10T07:30:04","date_gmt":"2019-01-10T05:30:04","guid":{"rendered":"https:\/\/empresas.infoempleo.com\/hrtrends\/?p=34706"},"modified":"2020-02-10T14:50:11","modified_gmt":"2020-02-10T12:50:11","slug":"portal-del-empleado-autogestion-y-optimizacion","status":"publish","type":"post","link":"https:\/\/empresas.infoempleo.com\/hrtrends\/portal-del-empleado-autogestion-y-optimizacion\/","title":{"rendered":"Portal del empleado: autogesti\u00f3n y optimizaci\u00f3n"},"content":{"rendered":"<p>La posibilidad de una <strong>gesti\u00f3n en la nube<\/strong> de tr\u00e1mites que tienen que ver con la organizaci\u00f3n de tiempos en la empresa es una <strong>oportunidad para simplificar las tareas en los departamentos de recursos humanos. <\/strong>\u00a0El despacho de formalidades como permisos, vacaciones o n\u00f3minas pero tambi\u00e9n las autoevaluaciones de desempe\u00f1o o informes a los que la plantilla puede acceder directamente facilita las labores al departamento de gesti\u00f3n de personal.<\/p>\n<p><!--more--><\/p>\n<p>Es una herramienta fundamental en compa\u00f1\u00edas con sedes en diferentes pa\u00edses, para expatriados o, sencillamente, en aquellas en las que no hay coincidencia de horarios entre algunos empleados y el departamento de recursos humanos. Estas son algunas de las principales <strong>funcionalidades que integra un portal del empleado<\/strong>.<\/p>\n<p>Los departamentos de recursos humanos suelen tener una gran carga administrativa que se lleva una importante parte del tiempo. El portal del empleado permite que algunas de las solicitudes m\u00e1s habituales que llegan al departamento <strong>puedan autoadministrarse mediante una aplicaci\u00f3n<\/strong> a la que se tendr\u00eda acceso desde cualquier ordenador.<\/p>\n<h2>Gesti\u00f3n de documentaci\u00f3n laboral<\/h2>\n<p>Dentro de las peticiones que llegan a RRHH, una de las m\u00e1s habituales es la <strong>documentaci\u00f3n laboral.<\/strong> Colgar las n\u00f3minas en el portal evita entregarlas en mano con el consiguiente ahorro tanto ecol\u00f3gico como econ\u00f3mico en papel. Adem\u00e1s es recurrente el que se soliciten duplicados de n\u00f3mina para justificar la compra o adquisici\u00f3n de bienes y servicios.<\/p>\n<p>En este espacio personal el empleado tambi\u00e9n tendr\u00eda acceso a su contrato y anualmente tendr\u00eda <strong>disponible el certificado de retenciones<\/strong>.<\/p>\n<h2>Gesti\u00f3n de tiempos<\/h2>\n<p>Otra de las funcionalidades que incluyen estas aplicaciones es la <strong>posibilidad de organizar el flujo de peticiones de permisos o solicitud de vacaciones<\/strong>. Mediante una aplicaci\u00f3n de calendario donde se integren los d\u00edas disponibles con las vacantes por d\u00eda los empleados podr\u00e1n gestionar sus d\u00edas libres.<\/p>\n<p>En empresas con turnos de trabajo tambi\u00e9n es interesante <strong>a\u00f1adir la opci\u00f3n de cambiar turnos con otros compa\u00f1eros<\/strong>. La opci\u00f3n de aceptar o no los cambios y de que estos aparezcan en tiempo real evitar\u00e1 errores y confusiones a la hora de cubrir turnos.<\/p>\n<p>Tambi\u00e9n pueden se\u00f1alarse los periodos de cierre y las necesidades dimensionamiento de la plantilla con opciones de horas extra u horas complementarias.<\/p>\n<h2>Evaluaci\u00f3n de desempe\u00f1o<\/h2>\n<p>Es interesante que los empleados tengan <a href=\"https:\/\/empresas.infoempleo.com\/hrtrends\/gestion-del-desempeno\/\"><strong>informaci\u00f3n actualizada sobre su desempe\u00f1o<\/strong><\/a>. Si existe un <strong>sistema de incentivos fundamentado en el logro de objetivos pueden aparecer los datos personalizados<\/strong> y gr\u00e1ficas que ayuden a visualizar el estado en el que se encuentran en cada momento del periodo. Puede ser adecuado acompa\u00f1ar con sugerencias de mejora o ayudas para conseguirlos.<\/p>\n<p>Integrar un <strong>sistema de control de gastos<\/strong> es otra de las utilidades que puede ofrecer un portal del empleado. Determinados departamentos en la empresa como los relacionados con la funci\u00f3n comercial o cargos medios o directivos con reuniones que implican desplazamientos dentro de la misma ciudad o provincia, o en otras, incluso en el extranjero, incurren en gastos en transporte (parking, peajes, dietas y alojamiento) que conlleva su actividad. <strong>Visualizar estos gastos por ambas partes, empleado y empresa, favorece la toma de conciencia sobre el gasto y una correcta gesti\u00f3n.<\/strong><\/p>\n<p><img loading=\"lazy\" decoding=\"async\" class=\"size-medium wp-image-34708 aligncenter\" src=\"https:\/\/empresas.infoempleo.com\/hrtrends\/media\/2019\/01\/GettyImages-857122622-300x288.jpg\" alt=\"Portal del empleado: autogesti\u00f3n y optimizaci\u00f3n\" width=\"300\" height=\"288\" srcset=\"https:\/\/empresas.infoempleo.com\/hrtrends\/media\/2019\/01\/GettyImages-857122622-300x288.jpg 300w, https:\/\/empresas.infoempleo.com\/hrtrends\/media\/2019\/01\/GettyImages-857122622-768x737.jpg 768w, https:\/\/empresas.infoempleo.com\/hrtrends\/media\/2019\/01\/GettyImages-857122622.jpg 881w\" sizes=\"auto, (max-width: 300px) 100vw, 300px\" \/><\/p>\n<h2>Comunicaci\u00f3n interna<\/h2>\n<p>A trav\u00e9s del portal del empleado puede aparecer la informaci\u00f3n corporativa de \u00e1mbito interno. Puede incluir tanto la permanente como el c\u00f3digo de conducta, vestimenta o el manual de estilo para la comunicaci\u00f3n con clientes y proveedores. Como la relacionada con la pol\u00edtica de comunicaci\u00f3n para medios que incorpore un <em>dossier<\/em> con im\u00e1genes de las sedes y notas sobre la actividad de la compa\u00f1\u00eda. Es una forma de <strong>velar por que la imagen de la empresa sea coherente en todas las comunicaciones<\/strong> ya que el acceso es inmediato.<\/p>\n<p>En este apartado tambi\u00e9n podr\u00eda aparecer el <strong>calendario laboral con las festividades<\/strong>, fechas clave en la empresa como las de cierre, eventos en los que participa la compa\u00f1\u00eda o los d\u00edas de puertas abiertas.<\/p>\n<p>Tambi\u00e9n ser\u00e1 un importante <strong>canal de comunicaci\u00f3n inmediata<\/strong>, integrando sistemas de alertas, ante informaci\u00f3n que pueda ser de inter\u00e9s para los empleados mediante comunicados.<\/p>\n<p>Existen una serie de servicios y productos en los que se establecen descuentos y ofertas para los trabajadores. Tener un cat\u00e1logo de estos descuentos en el portal supone una oportunidad para darles difusi\u00f3n y que <strong>sean de m\u00e1ximo aprovechamiento<\/strong> lo que redundar\u00e1 en la <a href=\"https:\/\/empresas.infoempleo.com\/hrtrends\/valorar-satisfaccion-de-los-empleados\/\">satisfacci\u00f3n del empleado<\/a>.<\/p>\n<p>La informaci\u00f3n sobre qu\u00e9 <strong>permisos est\u00e1n contemplados en el convenio<\/strong> y las caracter\u00edsticas acordadas como si son o no remunerados, el n\u00famero de d\u00edas que corresponden ante determinadas eventualidades evitar\u00e1 conflictos y malos entendidos.<\/p>\n<p>Informaci\u00f3n para expatriados sobre los pa\u00edses en los que puede estar desplazado con <strong>consejos, recursos y cuestiones pr\u00e1cticas<\/strong> como informaci\u00f3n sobre vivienda, colegios, opciones para hacer turismo, tributaciones, regulaci\u00f3n laboral en el pa\u00eds y cuestiones culturales puede estar recogida en este apartado.<\/p>\n<p>Estas aplicaciones suelen ofrecerse tambi\u00e9n en <strong>versi\u00f3n <em>mobile<\/em> por lo que la accesibilidad y capacidad de gesti\u00f3n en cualquier lugar <\/strong>y momento se incrementan en beneficio de la agilidad en la gesti\u00f3n.<\/p>\n","protected":false},"excerpt":{"rendered":"<p>La posibilidad de una gesti\u00f3n en la nube de tr\u00e1mites que tienen que ver con la organizaci\u00f3n de<a class=\"moretag\" href=\"https:\/\/empresas.infoempleo.com\/hrtrends\/portal-del-empleado-autogestion-y-optimizacion\/\"> Leer m\u00e1s<\/a><\/p>\n","protected":false},"author":29,"featured_media":34707,"comment_status":"closed","ping_status":"closed","sticky":false,"template":"","format":"standard","meta":{"footnotes":""},"categories":[3],"tags":[1605,3024,2676],"class_list":["post-34706","post","type-post","status-publish","format-standard","has-post-thumbnail","hentry","category-actualidad","tag-clima-laboral","tag-digitalizacion","tag-optimizacion-de-recursos"],"yoast_head":"<!-- This site is optimized with the Yoast SEO plugin v26.1.1 - https:\/\/yoast.com\/wordpress\/plugins\/seo\/ -->\n<title>Portal del empleado: autogesti\u00f3n y optimizaci\u00f3n | HRTRENDS<\/title>\n<meta name=\"description\" content=\"La posibilidad de una gesti\u00f3n en la nube de tr\u00e1mites puede simplificar las tareas en los departamentos de RRHH. C\u00f3mo implantar un portal del empleado.\" \/>\n<meta name=\"robots\" content=\"index, follow, max-snippet:-1, max-image-preview:large, max-video-preview:-1\" \/>\n<link rel=\"canonical\" href=\"https:\/\/empresas.infoempleo.com\/hrtrends\/portal-del-empleado-autogestion-y-optimizacion\/\" \/>\n<meta property=\"og:locale\" content=\"es_ES\" \/>\n<meta property=\"og:type\" content=\"article\" \/>\n<meta property=\"og:title\" content=\"Portal del empleado: autogesti\u00f3n y optimizaci\u00f3n | HRTRENDS\" \/>\n<meta property=\"og:description\" content=\"La posibilidad de una gesti\u00f3n en la nube de tr\u00e1mites puede simplificar las tareas en los departamentos de RRHH. C\u00f3mo implantar un portal del empleado.\" \/>\n<meta property=\"og:url\" content=\"https:\/\/empresas.infoempleo.com\/hrtrends\/portal-del-empleado-autogestion-y-optimizacion\/\" \/>\n<meta property=\"og:site_name\" content=\"HRTRENDS\" \/>\n<meta property=\"article:publisher\" content=\"https:\/\/www.facebook.com\/Infoempleo\" \/>\n<meta property=\"article:published_time\" content=\"2019-01-10T05:30:04+00:00\" \/>\n<meta property=\"article:modified_time\" content=\"2020-02-10T12:50:11+00:00\" \/>\n<meta property=\"og:image\" content=\"https:\/\/empresas.infoempleo.com\/hrtrends\/media\/2019\/01\/GettyImages-913588226.jpg\" \/>\n\t<meta property=\"og:image:width\" content=\"881\" \/>\n\t<meta property=\"og:image:height\" content=\"587\" \/>\n\t<meta property=\"og:image:type\" content=\"image\/jpeg\" \/>\n<meta name=\"author\" content=\"Luisa Carrasco\" \/>\n<meta name=\"twitter:card\" content=\"summary_large_image\" \/>\n<meta name=\"twitter:creator\" content=\"@infoempleo\" \/>\n<meta name=\"twitter:site\" content=\"@infoempleo\" \/>\n<meta name=\"twitter:label1\" content=\"Escrito por\" \/>\n\t<meta name=\"twitter:data1\" content=\"Luisa Carrasco\" \/>\n\t<meta name=\"twitter:label2\" content=\"Tiempo de lectura\" \/>\n\t<meta name=\"twitter:data2\" content=\"4 minutos\" \/>\n<script type=\"application\/ld+json\" class=\"yoast-schema-graph\">{\"@context\":\"https:\/\/schema.org\",\"@graph\":[{\"@type\":\"NewsArticle\",\"@id\":\"https:\/\/empresas.infoempleo.com\/hrtrends\/portal-del-empleado-autogestion-y-optimizacion\/#article\",\"isPartOf\":{\"@id\":\"https:\/\/empresas.infoempleo.com\/hrtrends\/portal-del-empleado-autogestion-y-optimizacion\/\"},\"author\":{\"name\":\"Luisa Carrasco\",\"@id\":\"https:\/\/empresas.infoempleo.com\/hrtrends\/#\/schema\/person\/32ca57975913668419d075627a98dafe\"},\"headline\":\"Portal del empleado: autogesti\u00f3n y optimizaci\u00f3n\",\"datePublished\":\"2019-01-10T05:30:04+00:00\",\"dateModified\":\"2020-02-10T12:50:11+00:00\",\"mainEntityOfPage\":{\"@id\":\"https:\/\/empresas.infoempleo.com\/hrtrends\/portal-del-empleado-autogestion-y-optimizacion\/\"},\"wordCount\":905,\"publisher\":{\"@id\":\"https:\/\/empresas.infoempleo.com\/hrtrends\/#organization\"},\"image\":{\"@id\":\"https:\/\/empresas.infoempleo.com\/hrtrends\/portal-del-empleado-autogestion-y-optimizacion\/#primaryimage\"},\"thumbnailUrl\":\"https:\/\/empresas.infoempleo.com\/hrtrends\/media\/2019\/01\/GettyImages-913588226.jpg\",\"keywords\":[\"Clima laboral\",\"digitalizaci\u00f3n\",\"optimizaci\u00f3n de recursos\"],\"articleSection\":[\"Actualidad\"],\"inLanguage\":\"es\",\"copyrightYear\":\"2019\",\"copyrightHolder\":{\"@id\":\"https:\/\/empresas.infoempleo.com\/hrtrends\/#organization\"}},{\"@type\":\"WebPage\",\"@id\":\"https:\/\/empresas.infoempleo.com\/hrtrends\/portal-del-empleado-autogestion-y-optimizacion\/\",\"url\":\"https:\/\/empresas.infoempleo.com\/hrtrends\/portal-del-empleado-autogestion-y-optimizacion\/\",\"name\":\"Portal del empleado: autogesti\u00f3n y optimizaci\u00f3n | HRTRENDS\",\"isPartOf\":{\"@id\":\"https:\/\/empresas.infoempleo.com\/hrtrends\/#website\"},\"primaryImageOfPage\":{\"@id\":\"https:\/\/empresas.infoempleo.com\/hrtrends\/portal-del-empleado-autogestion-y-optimizacion\/#primaryimage\"},\"image\":{\"@id\":\"https:\/\/empresas.infoempleo.com\/hrtrends\/portal-del-empleado-autogestion-y-optimizacion\/#primaryimage\"},\"thumbnailUrl\":\"https:\/\/empresas.infoempleo.com\/hrtrends\/media\/2019\/01\/GettyImages-913588226.jpg\",\"datePublished\":\"2019-01-10T05:30:04+00:00\",\"dateModified\":\"2020-02-10T12:50:11+00:00\",\"description\":\"La posibilidad de una gesti\u00f3n en la nube de tr\u00e1mites puede simplificar las tareas en los departamentos de RRHH. C\u00f3mo implantar un portal del empleado.\",\"breadcrumb\":{\"@id\":\"https:\/\/empresas.infoempleo.com\/hrtrends\/portal-del-empleado-autogestion-y-optimizacion\/#breadcrumb\"},\"inLanguage\":\"es\",\"potentialAction\":[{\"@type\":\"ReadAction\",\"target\":[\"https:\/\/empresas.infoempleo.com\/hrtrends\/portal-del-empleado-autogestion-y-optimizacion\/\"]}]},{\"@type\":\"ImageObject\",\"inLanguage\":\"es\",\"@id\":\"https:\/\/empresas.infoempleo.com\/hrtrends\/portal-del-empleado-autogestion-y-optimizacion\/#primaryimage\",\"url\":\"https:\/\/empresas.infoempleo.com\/hrtrends\/media\/2019\/01\/GettyImages-913588226-150x150.jpg\",\"contentUrl\":\"https:\/\/empresas.infoempleo.com\/hrtrends\/media\/2019\/01\/GettyImages-913588226-150x150.jpg\",\"width\":150,\"height\":150,\"caption\":\"Portal del empleado: autogesti\u00f3n y optimizaci\u00f3n\"},{\"@type\":\"BreadcrumbList\",\"@id\":\"https:\/\/empresas.infoempleo.com\/hrtrends\/portal-del-empleado-autogestion-y-optimizacion\/#breadcrumb\",\"itemListElement\":[{\"@type\":\"ListItem\",\"position\":1,\"name\":\"Portada\",\"item\":\"https:\/\/empresas.infoempleo.com\/hrtrends\/\"},{\"@type\":\"ListItem\",\"position\":2,\"name\":\"Portal del empleado: autogesti\u00f3n y optimizaci\u00f3n\"}]},{\"@type\":\"WebSite\",\"@id\":\"https:\/\/empresas.infoempleo.com\/hrtrends\/#website\",\"url\":\"https:\/\/empresas.infoempleo.com\/hrtrends\",\"name\":\"HRTrends by Infoempleo\",\"description\":\"\",\"publisher\":{\"@id\":\"https:\/\/empresas.infoempleo.com\/hrtrends\/#organization\"},\"potentialAction\":{\"@type\":\"SearchAction\",\"target\":\"https:\/\/empresas.infoempleo.com\/hrtrends\/?s={search_term_string}\",\"query-input\":\"required name=search_term_string\"},\"inLanguage\":\"es\"},{\"@type\":\"Organization\",\"@id\":\"https:\/\/empresas.infoempleo.com\/hrtrends\/#organization\",\"name\":\"Infoempleo\",\"url\":\"https:\/\/www.infoempleo.com\/\",\"logo\":{\"@type\":\"ImageObject\",\"@id\":\"https:\/\/empresas.infoempleo.com\/hrtrends\/#logo\",\"inLanguage\":\"es\",\"url\":\"https:\/\/cdnazure.infoempleo.com\/infoempleo\/assets\/style\/gfx\/logo.svg\",\"contentUrl\":\"https:\/\/cdnazure.infoempleo.com\/infoempleo\/assets\/style\/gfx\/logo.svg\",\"width\":150,\"height\":40,\"caption\":\"Infoempleo\"},\"image\":{\"@id\":\"https:\/\/empresas.infoempleo.com\/hrtrends\/#logo\"},\"sameAs\":[\"https:\/\/www.facebook.com\/Infoempleo\",\"https:\/\/x.com\/infoempleo\",\"http:\/\/instagram.com\/infoempleo\/\",\"http:\/\/www.linkedin.com\/groups\/Empleo-Espa\u00f1a-Infoempleocom-111276\",\"http:\/\/pinterest.com\/infoempleo\/\"],\"address\":{\"@type\":\"PostalAddress\",\"addressLocality\":\"Madrid\",\"postalCode\":\"28050\",\"streetAddress\":\"Avenida de Burgos 114\"},\"brand\":[\"Infoempleo\"]},{\"@type\":\"Person\",\"@id\":\"https:\/\/empresas.infoempleo.com\/hrtrends\/#\/schema\/person\/32ca57975913668419d075627a98dafe\",\"name\":\"Luisa Carrasco\",\"image\":{\"@type\":\"ImageObject\",\"inLanguage\":\"es\",\"@id\":\"https:\/\/empresas.infoempleo.com\/hrtrends\/#\/schema\/person\/image\/\",\"url\":\"https:\/\/secure.gravatar.com\/avatar\/8cc7d7a784a8289007bbfddcef37ed7157c6ae70e89183748ddf5858d9133c86?s=96&d=mm&r=g\",\"contentUrl\":\"https:\/\/secure.gravatar.com\/avatar\/8cc7d7a784a8289007bbfddcef37ed7157c6ae70e89183748ddf5858d9133c86?s=96&d=mm&r=g\",\"caption\":\"Luisa Carrasco\"},\"description\":\"Licenciada en Sociolog\u00eda y posgrado en gesti\u00f3n de la comunicaci\u00f3n para organizaciones culturales. Me interesa todo lo que tiene que ver con la organizaci\u00f3n e integraci\u00f3n de los distintos agentes sociales. El \u00e1mbito laboral y el de la educaci\u00f3n y formaci\u00f3n es el punto de encuentro de gran parte de estos actores. Estoy al tanto de los temas de actualidad laboral, las tendencias en el mercado del trabajo, las nuevas iniciativas en el tejido empresarial y las propuestas de innovaci\u00f3n en materia de educaci\u00f3n y formaci\u00f3n. Por lo general, escribo en el blog de Infoempleo tres veces por semana.\",\"url\":\"https:\/\/empresas.infoempleo.com\/hrtrends\/author\/luisaagenciayerro\/\"}]}<\/script>\n<!-- \/ Yoast SEO plugin. -->","yoast_head_json":{"title":"Portal del empleado: autogesti\u00f3n y optimizaci\u00f3n | HRTRENDS","description":"La posibilidad de una gesti\u00f3n en la nube de tr\u00e1mites puede simplificar las tareas en los departamentos de RRHH. C\u00f3mo implantar un portal del empleado.","robots":{"index":"index","follow":"follow","max-snippet":"max-snippet:-1","max-image-preview":"max-image-preview:large","max-video-preview":"max-video-preview:-1"},"canonical":"https:\/\/empresas.infoempleo.com\/hrtrends\/portal-del-empleado-autogestion-y-optimizacion\/","og_locale":"es_ES","og_type":"article","og_title":"Portal del empleado: autogesti\u00f3n y optimizaci\u00f3n | HRTRENDS","og_description":"La posibilidad de una gesti\u00f3n en la nube de tr\u00e1mites puede simplificar las tareas en los departamentos de RRHH. C\u00f3mo implantar un portal del empleado.","og_url":"https:\/\/empresas.infoempleo.com\/hrtrends\/portal-del-empleado-autogestion-y-optimizacion\/","og_site_name":"HRTRENDS","article_publisher":"https:\/\/www.facebook.com\/Infoempleo","article_published_time":"2019-01-10T05:30:04+00:00","article_modified_time":"2020-02-10T12:50:11+00:00","og_image":[{"width":881,"height":587,"url":"https:\/\/empresas.infoempleo.com\/hrtrends\/media\/2019\/01\/GettyImages-913588226.jpg","type":"image\/jpeg"}],"author":"Luisa Carrasco","twitter_card":"summary_large_image","twitter_creator":"@infoempleo","twitter_site":"@infoempleo","twitter_misc":{"Escrito por":"Luisa Carrasco","Tiempo de lectura":"4 minutos"},"schema":{"@context":"https:\/\/schema.org","@graph":[{"@type":"NewsArticle","@id":"https:\/\/empresas.infoempleo.com\/hrtrends\/portal-del-empleado-autogestion-y-optimizacion\/#article","isPartOf":{"@id":"https:\/\/empresas.infoempleo.com\/hrtrends\/portal-del-empleado-autogestion-y-optimizacion\/"},"author":{"name":"Luisa Carrasco","@id":"https:\/\/empresas.infoempleo.com\/hrtrends\/#\/schema\/person\/32ca57975913668419d075627a98dafe"},"headline":"Portal del empleado: autogesti\u00f3n y optimizaci\u00f3n","datePublished":"2019-01-10T05:30:04+00:00","dateModified":"2020-02-10T12:50:11+00:00","mainEntityOfPage":{"@id":"https:\/\/empresas.infoempleo.com\/hrtrends\/portal-del-empleado-autogestion-y-optimizacion\/"},"wordCount":905,"publisher":{"@id":"https:\/\/empresas.infoempleo.com\/hrtrends\/#organization"},"image":{"@id":"https:\/\/empresas.infoempleo.com\/hrtrends\/portal-del-empleado-autogestion-y-optimizacion\/#primaryimage"},"thumbnailUrl":"https:\/\/empresas.infoempleo.com\/hrtrends\/media\/2019\/01\/GettyImages-913588226.jpg","keywords":["Clima laboral","digitalizaci\u00f3n","optimizaci\u00f3n de recursos"],"articleSection":["Actualidad"],"inLanguage":"es","copyrightYear":"2019","copyrightHolder":{"@id":"https:\/\/empresas.infoempleo.com\/hrtrends\/#organization"}},{"@type":"WebPage","@id":"https:\/\/empresas.infoempleo.com\/hrtrends\/portal-del-empleado-autogestion-y-optimizacion\/","url":"https:\/\/empresas.infoempleo.com\/hrtrends\/portal-del-empleado-autogestion-y-optimizacion\/","name":"Portal del empleado: autogesti\u00f3n y optimizaci\u00f3n | HRTRENDS","isPartOf":{"@id":"https:\/\/empresas.infoempleo.com\/hrtrends\/#website"},"primaryImageOfPage":{"@id":"https:\/\/empresas.infoempleo.com\/hrtrends\/portal-del-empleado-autogestion-y-optimizacion\/#primaryimage"},"image":{"@id":"https:\/\/empresas.infoempleo.com\/hrtrends\/portal-del-empleado-autogestion-y-optimizacion\/#primaryimage"},"thumbnailUrl":"https:\/\/empresas.infoempleo.com\/hrtrends\/media\/2019\/01\/GettyImages-913588226.jpg","datePublished":"2019-01-10T05:30:04+00:00","dateModified":"2020-02-10T12:50:11+00:00","description":"La posibilidad de una gesti\u00f3n en la nube de tr\u00e1mites puede simplificar las tareas en los departamentos de RRHH. C\u00f3mo implantar un portal del empleado.","breadcrumb":{"@id":"https:\/\/empresas.infoempleo.com\/hrtrends\/portal-del-empleado-autogestion-y-optimizacion\/#breadcrumb"},"inLanguage":"es","potentialAction":[{"@type":"ReadAction","target":["https:\/\/empresas.infoempleo.com\/hrtrends\/portal-del-empleado-autogestion-y-optimizacion\/"]}]},{"@type":"ImageObject","inLanguage":"es","@id":"https:\/\/empresas.infoempleo.com\/hrtrends\/portal-del-empleado-autogestion-y-optimizacion\/#primaryimage","url":"https:\/\/empresas.infoempleo.com\/hrtrends\/media\/2019\/01\/GettyImages-913588226-150x150.jpg","contentUrl":"https:\/\/empresas.infoempleo.com\/hrtrends\/media\/2019\/01\/GettyImages-913588226-150x150.jpg","width":150,"height":150,"caption":"Portal del empleado: autogesti\u00f3n y optimizaci\u00f3n"},{"@type":"BreadcrumbList","@id":"https:\/\/empresas.infoempleo.com\/hrtrends\/portal-del-empleado-autogestion-y-optimizacion\/#breadcrumb","itemListElement":[{"@type":"ListItem","position":1,"name":"Portada","item":"https:\/\/empresas.infoempleo.com\/hrtrends\/"},{"@type":"ListItem","position":2,"name":"Portal del empleado: autogesti\u00f3n y optimizaci\u00f3n"}]},{"@type":"WebSite","@id":"https:\/\/empresas.infoempleo.com\/hrtrends\/#website","url":"https:\/\/empresas.infoempleo.com\/hrtrends","name":"HRTrends by Infoempleo","description":"","publisher":{"@id":"https:\/\/empresas.infoempleo.com\/hrtrends\/#organization"},"potentialAction":{"@type":"SearchAction","target":"https:\/\/empresas.infoempleo.com\/hrtrends\/?s={search_term_string}","query-input":"required name=search_term_string"},"inLanguage":"es"},{"@type":"Organization","@id":"https:\/\/empresas.infoempleo.com\/hrtrends\/#organization","name":"Infoempleo","url":"https:\/\/www.infoempleo.com\/","logo":{"@type":"ImageObject","@id":"https:\/\/empresas.infoempleo.com\/hrtrends\/#logo","inLanguage":"es","url":"https:\/\/cdnazure.infoempleo.com\/infoempleo\/assets\/style\/gfx\/logo.svg","contentUrl":"https:\/\/cdnazure.infoempleo.com\/infoempleo\/assets\/style\/gfx\/logo.svg","width":150,"height":40,"caption":"Infoempleo"},"image":{"@id":"https:\/\/empresas.infoempleo.com\/hrtrends\/#logo"},"sameAs":["https:\/\/www.facebook.com\/Infoempleo","https:\/\/x.com\/infoempleo","http:\/\/instagram.com\/infoempleo\/","http:\/\/www.linkedin.com\/groups\/Empleo-Espa\u00f1a-Infoempleocom-111276","http:\/\/pinterest.com\/infoempleo\/"],"address":{"@type":"PostalAddress","addressLocality":"Madrid","postalCode":"28050","streetAddress":"Avenida de Burgos 114"},"brand":["Infoempleo"]},{"@type":"Person","@id":"https:\/\/empresas.infoempleo.com\/hrtrends\/#\/schema\/person\/32ca57975913668419d075627a98dafe","name":"Luisa Carrasco","image":{"@type":"ImageObject","inLanguage":"es","@id":"https:\/\/empresas.infoempleo.com\/hrtrends\/#\/schema\/person\/image\/","url":"https:\/\/secure.gravatar.com\/avatar\/8cc7d7a784a8289007bbfddcef37ed7157c6ae70e89183748ddf5858d9133c86?s=96&d=mm&r=g","contentUrl":"https:\/\/secure.gravatar.com\/avatar\/8cc7d7a784a8289007bbfddcef37ed7157c6ae70e89183748ddf5858d9133c86?s=96&d=mm&r=g","caption":"Luisa Carrasco"},"description":"Licenciada en Sociolog\u00eda y posgrado en gesti\u00f3n de la comunicaci\u00f3n para organizaciones culturales. Me interesa todo lo que tiene que ver con la organizaci\u00f3n e integraci\u00f3n de los distintos agentes sociales. El \u00e1mbito laboral y el de la educaci\u00f3n y formaci\u00f3n es el punto de encuentro de gran parte de estos actores. Estoy al tanto de los temas de actualidad laboral, las tendencias en el mercado del trabajo, las nuevas iniciativas en el tejido empresarial y las propuestas de innovaci\u00f3n en materia de educaci\u00f3n y formaci\u00f3n. Por lo general, escribo en el blog de Infoempleo tres veces por semana.","url":"https:\/\/empresas.infoempleo.com\/hrtrends\/author\/luisaagenciayerro\/"}]}},"amp_enabled":true,"_links":{"self":[{"href":"https:\/\/empresas.infoempleo.com\/hrtrends\/wp-json\/wp\/v2\/posts\/34706","targetHints":{"allow":["GET"]}}],"collection":[{"href":"https:\/\/empresas.infoempleo.com\/hrtrends\/wp-json\/wp\/v2\/posts"}],"about":[{"href":"https:\/\/empresas.infoempleo.com\/hrtrends\/wp-json\/wp\/v2\/types\/post"}],"author":[{"embeddable":true,"href":"https:\/\/empresas.infoempleo.com\/hrtrends\/wp-json\/wp\/v2\/users\/29"}],"replies":[{"embeddable":true,"href":"https:\/\/empresas.infoempleo.com\/hrtrends\/wp-json\/wp\/v2\/comments?post=34706"}],"version-history":[{"count":1,"href":"https:\/\/empresas.infoempleo.com\/hrtrends\/wp-json\/wp\/v2\/posts\/34706\/revisions"}],"predecessor-version":[{"id":36936,"href":"https:\/\/empresas.infoempleo.com\/hrtrends\/wp-json\/wp\/v2\/posts\/34706\/revisions\/36936"}],"wp:featuredmedia":[{"embeddable":true,"href":"https:\/\/empresas.infoempleo.com\/hrtrends\/wp-json\/wp\/v2\/media\/34707"}],"wp:attachment":[{"href":"https:\/\/empresas.infoempleo.com\/hrtrends\/wp-json\/wp\/v2\/media?parent=34706"}],"wp:term":[{"taxonomy":"category","embeddable":true,"href":"https:\/\/empresas.infoempleo.com\/hrtrends\/wp-json\/wp\/v2\/categories?post=34706"},{"taxonomy":"post_tag","embeddable":true,"href":"https:\/\/empresas.infoempleo.com\/hrtrends\/wp-json\/wp\/v2\/tags?post=34706"}],"curies":[{"name":"wp","href":"https:\/\/api.w.org\/{rel}","templated":true}]}}