{"id":3463,"date":"2009-09-24T08:50:48","date_gmt":"2009-09-24T07:50:48","guid":{"rendered":"http:\/\/blog.infoempleo.com\/?p=3463"},"modified":"2023-02-03T14:40:56","modified_gmt":"2023-02-03T12:40:56","slug":"las-consecuencias-de-los-bonus-astronomicos","status":"publish","type":"post","link":"https:\/\/empresas.infoempleo.com\/hrtrends\/las-consecuencias-de-los-bonus-astronomicos\/","title":{"rendered":"Las consecuencias de los bonus astron\u00f3micos"},"content":{"rendered":"<p>La Uni\u00f3n Europea ha llegado a responsabilizar a las primas excesivas \u2014en concreto, a las que cobran los directivos del sector bancario\u2014 de la crisis. \u00abHan sido uno de los factores causantes de esta situaci\u00f3n\u00bb, anunciaban desde Bruselas los l\u00edderes de los Veintisiete. Para Rafael Barrilero, socio de Mercer y experto en retribuci\u00f3n, el mundo de las retribuciones variables para la alta direcci\u00f3n no es un caballo de batalla nuevo. \u00abEs algo que lleva discuti\u00e9ndose hace a\u00f1os \u2014comenta\u2014. Hay que conseguir que sean \u2018entendibles\u2019 para los accionistas y la sociedad, y eso requiere trabajar en la transparencia\u00bb.<\/p>\n<p>Por este aspecto tambi\u00e9n apuesta Mar\u00eda Mart\u00edn Hern\u00e1ndez, de <a title=\"Web de Watson Wyatt\" href=\"https:\/\/www.wtwco.com\/\" target=\"_blank\" rel=\"noopener\" class=\"broken_link\">Watson Wyatt<\/a>, que reconoce que es necesario un marco claro: \u00abOrientado a que estas retribuciones sean un punto m\u00e1s del gobierno corporativo, que se explique por qu\u00e9 estamos pagando eso y cu\u00e1l es la filosof\u00eda que se ha seguido a la hora de hacer los c\u00e1lculos\u00bb. La directora de Capital Humano de esta consultora adelanta otra tendencia en el \u00e1mbito de los salarios de la alta direcci\u00f3n. \u00abLa retribuci\u00f3n a corto plazo \u2014acusada de fomentar una toma de riesgos excesivos\u2014 se va a diferir en ejercicios posteriores y siempre se vincular\u00e1 a los objetivos conseguidos\u00bb, explica y a\u00f1ade que, en cualquier caso, \u00abse deben reforzar los elementos de retribuci\u00f3n variable como herramienta de diferenciaci\u00f3n\u00bb.<\/p>\n<p>Los protagonistas no parecen ajenos a la pol\u00e9mica. Seg\u00fan el estudio \u2018Top Management Report 2009\u2019 de Watson Wyatt, las compa\u00f1\u00edas est\u00e1n empezando a abordar el factor del riesgo excesivo en la compensaci\u00f3n de sus directivos. Sin embargo, pocos se han puesto manos a la obra: s\u00f3lo el 18% ha incluido un proceso formal de evaluaci\u00f3n de riesgo. Un dato que, desde Watson Wyatt, vaticinan que se incrementar\u00e1 en el corto plazo con el fin de que los sueldos de los altos cargos tambi\u00e9n se adapten a las vacas flacas. Mar\u00eda Mart\u00edn concluye: \u00abSi nos circunscribimos \u00fanicamente a los paquetes retributivos de la alta direcci\u00f3n y de los consejeros, s\u00ed que habr\u00e1 un antes y un despu\u00e9s de esta crisis\u00bb.<\/p>\n","protected":false},"excerpt":{"rendered":"<p>Las primas que reciben los altos directivos han puesto en tela de juicio la \u00e9tica de la retribuci\u00f3n variable<\/p>\n","protected":false},"author":33,"featured_media":29665,"comment_status":"closed","ping_status":"open","sticky":false,"template":"","format":"standard","meta":{"footnotes":""},"categories":[3],"tags":[447,448,449],"class_list":["post-3463","post","type-post","status-publish","format-standard","has-post-thumbnail","hentry","category-actualidad","tag-bonus","tag-primas","tag-retribuciones"],"yoast_head":"<!-- This site is optimized with the Yoast SEO plugin v26.1.1 - https:\/\/yoast.com\/wordpress\/plugins\/seo\/ -->\n<title>Las consecuencias de los bonus astron\u00f3micos | HRTRENDS<\/title>\n<meta name=\"robots\" content=\"index, follow, max-snippet:-1, max-image-preview:large, max-video-preview:-1\" \/>\n<link rel=\"canonical\" href=\"https:\/\/empresas.infoempleo.com\/hrtrends\/las-consecuencias-de-los-bonus-astronomicos\/\" \/>\n<meta property=\"og:locale\" content=\"es_ES\" \/>\n<meta property=\"og:type\" content=\"article\" \/>\n<meta property=\"og:title\" content=\"Las consecuencias de los bonus astron\u00f3micos | HRTRENDS\" \/>\n<meta property=\"og:description\" content=\"Las primas que reciben los altos directivos han puesto en tela de juicio la \u00e9tica de la retribuci\u00f3n variable\" \/>\n<meta property=\"og:url\" content=\"https:\/\/empresas.infoempleo.com\/hrtrends\/las-consecuencias-de-los-bonus-astronomicos\/\" \/>\n<meta property=\"og:site_name\" content=\"HRTRENDS\" \/>\n<meta property=\"article:publisher\" content=\"https:\/\/www.facebook.com\/Infoempleo\" \/>\n<meta property=\"article:published_time\" content=\"2009-09-24T07:50:48+00:00\" \/>\n<meta property=\"article:modified_time\" content=\"2023-02-03T12:40:56+00:00\" \/>\n<meta property=\"og:image\" content=\"https:\/\/empresas.infoempleo.com\/hrtrends\/media\/2017\/05\/pexels-photo-205508.jpg\" \/>\n\t<meta property=\"og:image:width\" content=\"1280\" \/>\n\t<meta property=\"og:image:height\" content=\"960\" \/>\n\t<meta property=\"og:image:type\" content=\"image\/jpeg\" \/>\n<meta name=\"author\" content=\"Cristina Mart\u00edn\" \/>\n<meta name=\"twitter:card\" content=\"summary_large_image\" \/>\n<meta name=\"twitter:creator\" content=\"@infoempleo\" \/>\n<meta name=\"twitter:site\" content=\"@infoempleo\" \/>\n<meta name=\"twitter:label1\" content=\"Escrito por\" \/>\n\t<meta name=\"twitter:data1\" content=\"Cristina Mart\u00edn\" \/>\n\t<meta name=\"twitter:label2\" content=\"Tiempo de lectura\" \/>\n\t<meta name=\"twitter:data2\" content=\"2 minutos\" \/>\n<script type=\"application\/ld+json\" class=\"yoast-schema-graph\">{\"@context\":\"https:\/\/schema.org\",\"@graph\":[{\"@type\":\"NewsArticle\",\"@id\":\"https:\/\/empresas.infoempleo.com\/hrtrends\/las-consecuencias-de-los-bonus-astronomicos\/#article\",\"isPartOf\":{\"@id\":\"https:\/\/empresas.infoempleo.com\/hrtrends\/las-consecuencias-de-los-bonus-astronomicos\/\"},\"author\":{\"name\":\"Cristina Mart\u00edn\",\"@id\":\"https:\/\/empresas.infoempleo.com\/hrtrends\/#\/schema\/person\/f211bd3f083559daff103f670fe968b8\"},\"headline\":\"Las consecuencias de los bonus astron\u00f3micos\",\"datePublished\":\"2009-09-24T07:50:48+00:00\",\"dateModified\":\"2023-02-03T12:40:56+00:00\",\"mainEntityOfPage\":{\"@id\":\"https:\/\/empresas.infoempleo.com\/hrtrends\/las-consecuencias-de-los-bonus-astronomicos\/\"},\"wordCount\":376,\"publisher\":{\"@id\":\"https:\/\/empresas.infoempleo.com\/hrtrends\/#organization\"},\"image\":{\"@id\":\"https:\/\/empresas.infoempleo.com\/hrtrends\/las-consecuencias-de-los-bonus-astronomicos\/#primaryimage\"},\"thumbnailUrl\":\"https:\/\/empresas.infoempleo.com\/hrtrends\/media\/2017\/05\/pexels-photo-205508.jpg\",\"keywords\":[\"bonus\",\"primas\",\"retribuciones\"],\"articleSection\":[\"Actualidad\"],\"inLanguage\":\"es\",\"copyrightYear\":\"2009\",\"copyrightHolder\":{\"@id\":\"https:\/\/empresas.infoempleo.com\/hrtrends\/#organization\"}},{\"@type\":\"WebPage\",\"@id\":\"https:\/\/empresas.infoempleo.com\/hrtrends\/las-consecuencias-de-los-bonus-astronomicos\/\",\"url\":\"https:\/\/empresas.infoempleo.com\/hrtrends\/las-consecuencias-de-los-bonus-astronomicos\/\",\"name\":\"Las consecuencias de los bonus astron\u00f3micos | HRTRENDS\",\"isPartOf\":{\"@id\":\"https:\/\/empresas.infoempleo.com\/hrtrends\/#website\"},\"primaryImageOfPage\":{\"@id\":\"https:\/\/empresas.infoempleo.com\/hrtrends\/las-consecuencias-de-los-bonus-astronomicos\/#primaryimage\"},\"image\":{\"@id\":\"https:\/\/empresas.infoempleo.com\/hrtrends\/las-consecuencias-de-los-bonus-astronomicos\/#primaryimage\"},\"thumbnailUrl\":\"https:\/\/empresas.infoempleo.com\/hrtrends\/media\/2017\/05\/pexels-photo-205508.jpg\",\"datePublished\":\"2009-09-24T07:50:48+00:00\",\"dateModified\":\"2023-02-03T12:40:56+00:00\",\"breadcrumb\":{\"@id\":\"https:\/\/empresas.infoempleo.com\/hrtrends\/las-consecuencias-de-los-bonus-astronomicos\/#breadcrumb\"},\"inLanguage\":\"es\",\"potentialAction\":[{\"@type\":\"ReadAction\",\"target\":[\"https:\/\/empresas.infoempleo.com\/hrtrends\/las-consecuencias-de-los-bonus-astronomicos\/\"]}]},{\"@type\":\"ImageObject\",\"inLanguage\":\"es\",\"@id\":\"https:\/\/empresas.infoempleo.com\/hrtrends\/las-consecuencias-de-los-bonus-astronomicos\/#primaryimage\",\"url\":\"https:\/\/empresas.infoempleo.com\/hrtrends\/media\/2017\/05\/pexels-photo-205508-150x150.jpg\",\"contentUrl\":\"https:\/\/empresas.infoempleo.com\/hrtrends\/media\/2017\/05\/pexels-photo-205508-150x150.jpg\",\"width\":150,\"height\":150},{\"@type\":\"BreadcrumbList\",\"@id\":\"https:\/\/empresas.infoempleo.com\/hrtrends\/las-consecuencias-de-los-bonus-astronomicos\/#breadcrumb\",\"itemListElement\":[{\"@type\":\"ListItem\",\"position\":1,\"name\":\"Portada\",\"item\":\"https:\/\/empresas.infoempleo.com\/hrtrends\/\"},{\"@type\":\"ListItem\",\"position\":2,\"name\":\"Las consecuencias de los bonus astron\u00f3micos\"}]},{\"@type\":\"WebSite\",\"@id\":\"https:\/\/empresas.infoempleo.com\/hrtrends\/#website\",\"url\":\"https:\/\/empresas.infoempleo.com\/hrtrends\",\"name\":\"HRTrends by Infoempleo\",\"description\":\"\",\"publisher\":{\"@id\":\"https:\/\/empresas.infoempleo.com\/hrtrends\/#organization\"},\"potentialAction\":{\"@type\":\"SearchAction\",\"target\":\"https:\/\/empresas.infoempleo.com\/hrtrends\/?s={search_term_string}\",\"query-input\":\"required name=search_term_string\"},\"inLanguage\":\"es\"},{\"@type\":\"Organization\",\"@id\":\"https:\/\/empresas.infoempleo.com\/hrtrends\/#organization\",\"name\":\"Infoempleo\",\"url\":\"https:\/\/www.infoempleo.com\/\",\"logo\":{\"@type\":\"ImageObject\",\"@id\":\"https:\/\/empresas.infoempleo.com\/hrtrends\/#logo\",\"inLanguage\":\"es\",\"url\":\"https:\/\/cdnazure.infoempleo.com\/infoempleo\/assets\/style\/gfx\/logo.svg\",\"contentUrl\":\"https:\/\/cdnazure.infoempleo.com\/infoempleo\/assets\/style\/gfx\/logo.svg\",\"width\":150,\"height\":40,\"caption\":\"Infoempleo\"},\"image\":{\"@id\":\"https:\/\/empresas.infoempleo.com\/hrtrends\/#logo\"},\"sameAs\":[\"https:\/\/www.facebook.com\/Infoempleo\",\"https:\/\/x.com\/infoempleo\",\"http:\/\/instagram.com\/infoempleo\/\",\"http:\/\/www.linkedin.com\/groups\/Empleo-Espa\u00f1a-Infoempleocom-111276\",\"http:\/\/pinterest.com\/infoempleo\/\"],\"address\":{\"@type\":\"PostalAddress\",\"addressLocality\":\"Madrid\",\"postalCode\":\"28050\",\"streetAddress\":\"Avenida de Burgos 114\"},\"brand\":[\"Infoempleo\"]},{\"@type\":\"Person\",\"@id\":\"https:\/\/empresas.infoempleo.com\/hrtrends\/#\/schema\/person\/f211bd3f083559daff103f670fe968b8\",\"name\":\"Cristina Mart\u00edn\",\"image\":{\"@type\":\"ImageObject\",\"inLanguage\":\"es\",\"@id\":\"https:\/\/empresas.infoempleo.com\/hrtrends\/#\/schema\/person\/image\/\",\"url\":\"https:\/\/secure.gravatar.com\/avatar\/7a85ff01010a0d921dc9d1da42a82a70f74e2cd0329b7fc20ee2c1c08a97daed?s=96&d=mm&r=g\",\"contentUrl\":\"https:\/\/secure.gravatar.com\/avatar\/7a85ff01010a0d921dc9d1da42a82a70f74e2cd0329b7fc20ee2c1c08a97daed?s=96&d=mm&r=g\",\"caption\":\"Cristina Mart\u00edn\"},\"url\":\"https:\/\/empresas.infoempleo.com\/hrtrends\/author\/cristina-martin\/\"}]}<\/script>\n<!-- \/ Yoast SEO plugin. -->","yoast_head_json":{"title":"Las consecuencias de los bonus astron\u00f3micos | HRTRENDS","robots":{"index":"index","follow":"follow","max-snippet":"max-snippet:-1","max-image-preview":"max-image-preview:large","max-video-preview":"max-video-preview:-1"},"canonical":"https:\/\/empresas.infoempleo.com\/hrtrends\/las-consecuencias-de-los-bonus-astronomicos\/","og_locale":"es_ES","og_type":"article","og_title":"Las consecuencias de los bonus astron\u00f3micos | HRTRENDS","og_description":"Las primas que reciben los altos directivos han puesto en tela de juicio la \u00e9tica de la retribuci\u00f3n variable","og_url":"https:\/\/empresas.infoempleo.com\/hrtrends\/las-consecuencias-de-los-bonus-astronomicos\/","og_site_name":"HRTRENDS","article_publisher":"https:\/\/www.facebook.com\/Infoempleo","article_published_time":"2009-09-24T07:50:48+00:00","article_modified_time":"2023-02-03T12:40:56+00:00","og_image":[{"width":1280,"height":960,"url":"https:\/\/empresas.infoempleo.com\/hrtrends\/media\/2017\/05\/pexels-photo-205508.jpg","type":"image\/jpeg"}],"author":"Cristina Mart\u00edn","twitter_card":"summary_large_image","twitter_creator":"@infoempleo","twitter_site":"@infoempleo","twitter_misc":{"Escrito por":"Cristina Mart\u00edn","Tiempo de lectura":"2 minutos"},"schema":{"@context":"https:\/\/schema.org","@graph":[{"@type":"NewsArticle","@id":"https:\/\/empresas.infoempleo.com\/hrtrends\/las-consecuencias-de-los-bonus-astronomicos\/#article","isPartOf":{"@id":"https:\/\/empresas.infoempleo.com\/hrtrends\/las-consecuencias-de-los-bonus-astronomicos\/"},"author":{"name":"Cristina Mart\u00edn","@id":"https:\/\/empresas.infoempleo.com\/hrtrends\/#\/schema\/person\/f211bd3f083559daff103f670fe968b8"},"headline":"Las consecuencias de los bonus astron\u00f3micos","datePublished":"2009-09-24T07:50:48+00:00","dateModified":"2023-02-03T12:40:56+00:00","mainEntityOfPage":{"@id":"https:\/\/empresas.infoempleo.com\/hrtrends\/las-consecuencias-de-los-bonus-astronomicos\/"},"wordCount":376,"publisher":{"@id":"https:\/\/empresas.infoempleo.com\/hrtrends\/#organization"},"image":{"@id":"https:\/\/empresas.infoempleo.com\/hrtrends\/las-consecuencias-de-los-bonus-astronomicos\/#primaryimage"},"thumbnailUrl":"https:\/\/empresas.infoempleo.com\/hrtrends\/media\/2017\/05\/pexels-photo-205508.jpg","keywords":["bonus","primas","retribuciones"],"articleSection":["Actualidad"],"inLanguage":"es","copyrightYear":"2009","copyrightHolder":{"@id":"https:\/\/empresas.infoempleo.com\/hrtrends\/#organization"}},{"@type":"WebPage","@id":"https:\/\/empresas.infoempleo.com\/hrtrends\/las-consecuencias-de-los-bonus-astronomicos\/","url":"https:\/\/empresas.infoempleo.com\/hrtrends\/las-consecuencias-de-los-bonus-astronomicos\/","name":"Las consecuencias de los bonus astron\u00f3micos | HRTRENDS","isPartOf":{"@id":"https:\/\/empresas.infoempleo.com\/hrtrends\/#website"},"primaryImageOfPage":{"@id":"https:\/\/empresas.infoempleo.com\/hrtrends\/las-consecuencias-de-los-bonus-astronomicos\/#primaryimage"},"image":{"@id":"https:\/\/empresas.infoempleo.com\/hrtrends\/las-consecuencias-de-los-bonus-astronomicos\/#primaryimage"},"thumbnailUrl":"https:\/\/empresas.infoempleo.com\/hrtrends\/media\/2017\/05\/pexels-photo-205508.jpg","datePublished":"2009-09-24T07:50:48+00:00","dateModified":"2023-02-03T12:40:56+00:00","breadcrumb":{"@id":"https:\/\/empresas.infoempleo.com\/hrtrends\/las-consecuencias-de-los-bonus-astronomicos\/#breadcrumb"},"inLanguage":"es","potentialAction":[{"@type":"ReadAction","target":["https:\/\/empresas.infoempleo.com\/hrtrends\/las-consecuencias-de-los-bonus-astronomicos\/"]}]},{"@type":"ImageObject","inLanguage":"es","@id":"https:\/\/empresas.infoempleo.com\/hrtrends\/las-consecuencias-de-los-bonus-astronomicos\/#primaryimage","url":"https:\/\/empresas.infoempleo.com\/hrtrends\/media\/2017\/05\/pexels-photo-205508-150x150.jpg","contentUrl":"https:\/\/empresas.infoempleo.com\/hrtrends\/media\/2017\/05\/pexels-photo-205508-150x150.jpg","width":150,"height":150},{"@type":"BreadcrumbList","@id":"https:\/\/empresas.infoempleo.com\/hrtrends\/las-consecuencias-de-los-bonus-astronomicos\/#breadcrumb","itemListElement":[{"@type":"ListItem","position":1,"name":"Portada","item":"https:\/\/empresas.infoempleo.com\/hrtrends\/"},{"@type":"ListItem","position":2,"name":"Las consecuencias de los bonus astron\u00f3micos"}]},{"@type":"WebSite","@id":"https:\/\/empresas.infoempleo.com\/hrtrends\/#website","url":"https:\/\/empresas.infoempleo.com\/hrtrends","name":"HRTrends by Infoempleo","description":"","publisher":{"@id":"https:\/\/empresas.infoempleo.com\/hrtrends\/#organization"},"potentialAction":{"@type":"SearchAction","target":"https:\/\/empresas.infoempleo.com\/hrtrends\/?s={search_term_string}","query-input":"required name=search_term_string"},"inLanguage":"es"},{"@type":"Organization","@id":"https:\/\/empresas.infoempleo.com\/hrtrends\/#organization","name":"Infoempleo","url":"https:\/\/www.infoempleo.com\/","logo":{"@type":"ImageObject","@id":"https:\/\/empresas.infoempleo.com\/hrtrends\/#logo","inLanguage":"es","url":"https:\/\/cdnazure.infoempleo.com\/infoempleo\/assets\/style\/gfx\/logo.svg","contentUrl":"https:\/\/cdnazure.infoempleo.com\/infoempleo\/assets\/style\/gfx\/logo.svg","width":150,"height":40,"caption":"Infoempleo"},"image":{"@id":"https:\/\/empresas.infoempleo.com\/hrtrends\/#logo"},"sameAs":["https:\/\/www.facebook.com\/Infoempleo","https:\/\/x.com\/infoempleo","http:\/\/instagram.com\/infoempleo\/","http:\/\/www.linkedin.com\/groups\/Empleo-Espa\u00f1a-Infoempleocom-111276","http:\/\/pinterest.com\/infoempleo\/"],"address":{"@type":"PostalAddress","addressLocality":"Madrid","postalCode":"28050","streetAddress":"Avenida de Burgos 114"},"brand":["Infoempleo"]},{"@type":"Person","@id":"https:\/\/empresas.infoempleo.com\/hrtrends\/#\/schema\/person\/f211bd3f083559daff103f670fe968b8","name":"Cristina Mart\u00edn","image":{"@type":"ImageObject","inLanguage":"es","@id":"https:\/\/empresas.infoempleo.com\/hrtrends\/#\/schema\/person\/image\/","url":"https:\/\/secure.gravatar.com\/avatar\/7a85ff01010a0d921dc9d1da42a82a70f74e2cd0329b7fc20ee2c1c08a97daed?s=96&d=mm&r=g","contentUrl":"https:\/\/secure.gravatar.com\/avatar\/7a85ff01010a0d921dc9d1da42a82a70f74e2cd0329b7fc20ee2c1c08a97daed?s=96&d=mm&r=g","caption":"Cristina Mart\u00edn"},"url":"https:\/\/empresas.infoempleo.com\/hrtrends\/author\/cristina-martin\/"}]}},"amp_enabled":true,"_links":{"self":[{"href":"https:\/\/empresas.infoempleo.com\/hrtrends\/wp-json\/wp\/v2\/posts\/3463","targetHints":{"allow":["GET"]}}],"collection":[{"href":"https:\/\/empresas.infoempleo.com\/hrtrends\/wp-json\/wp\/v2\/posts"}],"about":[{"href":"https:\/\/empresas.infoempleo.com\/hrtrends\/wp-json\/wp\/v2\/types\/post"}],"author":[{"embeddable":true,"href":"https:\/\/empresas.infoempleo.com\/hrtrends\/wp-json\/wp\/v2\/users\/33"}],"replies":[{"embeddable":true,"href":"https:\/\/empresas.infoempleo.com\/hrtrends\/wp-json\/wp\/v2\/comments?post=3463"}],"version-history":[{"count":1,"href":"https:\/\/empresas.infoempleo.com\/hrtrends\/wp-json\/wp\/v2\/posts\/3463\/revisions"}],"predecessor-version":[{"id":42135,"href":"https:\/\/empresas.infoempleo.com\/hrtrends\/wp-json\/wp\/v2\/posts\/3463\/revisions\/42135"}],"wp:featuredmedia":[{"embeddable":true,"href":"https:\/\/empresas.infoempleo.com\/hrtrends\/wp-json\/wp\/v2\/media\/29665"}],"wp:attachment":[{"href":"https:\/\/empresas.infoempleo.com\/hrtrends\/wp-json\/wp\/v2\/media?parent=3463"}],"wp:term":[{"taxonomy":"category","embeddable":true,"href":"https:\/\/empresas.infoempleo.com\/hrtrends\/wp-json\/wp\/v2\/categories?post=3463"},{"taxonomy":"post_tag","embeddable":true,"href":"https:\/\/empresas.infoempleo.com\/hrtrends\/wp-json\/wp\/v2\/tags?post=3463"}],"curies":[{"name":"wp","href":"https:\/\/api.w.org\/{rel}","templated":true}]}}