{"id":34609,"date":"2018-12-25T08:01:07","date_gmt":"2018-12-25T06:01:07","guid":{"rendered":"https:\/\/empresas.infoempleo.com\/hrtrends\/?p=34609"},"modified":"2024-08-29T17:50:28","modified_gmt":"2024-08-29T15:50:28","slug":"reputacion-para-reclutar-talento","status":"publish","type":"post","link":"https:\/\/empresas.infoempleo.com\/hrtrends\/reputacion-para-reclutar-talento\/","title":{"rendered":"La reputaci\u00f3n de la empresa influye cuando se quiere reclutar talento"},"content":{"rendered":"<p>Quiz\u00e1 hace 10 o 15 a\u00f1os s\u00ed, pero ahora ya no es ning\u00fan secreto: para que los empleados quieran trabajar en una empresa, esta tiene que hacerse atractiva. Grandes corporaciones como Google fueron pioneras a la hora de aplicar esta filosof\u00eda que hoy en d\u00eda est\u00e1 m\u00e1s que extendida. Su \u00e9xito se debe a que el talento cualificado no es f\u00e1cil de reclutar.<\/p>\n<p>El <a href=\"https:\/\/www.infoempleo.com\/\/publicaciones?utm_source=contenido_hrtrends&amp;utm_medium=infoempleo&amp;utm_campaign=talentoconectado2018\">Informe Talento Conectado. Nuevas realidades del mercado de trabajo<\/a>, que han llevado a cabo Infoempleo y la consultora EY, hace un an\u00e1lisis del reclutamiento digital. Ha preguntado tanto a los candidatos como a las empresas y personal de RRHH para poder extraer datos reveladores sobre <strong>c\u00f3mo orientar cualquier estrategia de <em>employer branding<\/em> o <em>employee value proposition<\/em><\/strong>.<\/p>\n<h2><strong>\u00bfRealmente est\u00e1n los candidatos tan pendientes de la imagen de la empresa?<\/strong><\/h2>\n<p>Malas noticias para las empresas, o buenas, seg\u00fan se mire. El 53% de los candidatos se pensar\u00eda dos veces participar en un proceso de selecci\u00f3n lanzado por una empresa de la que ha le\u00eddo malos comentarios. Las malas noticias son para las compa\u00f1\u00edas que no cuidan su reputaci\u00f3n; las que s\u00ed lo han hecho est\u00e1n de enhorabuena porque <strong>su estrategia se va a ver recompensada<\/strong>.<\/p>\n<p>Hay que tener en cuenta que el talento m\u00e1s dif\u00edcil de reclutar es el que ya est\u00e1 trabajando en una empresa. Ante la posibilidad de un cambio, tratar\u00e1n de averiguar cualquier cosa sobre las ventajas del traslado, pues arriesgan mucho.<\/p>\n<h2><\/h2>\n<p>Si una empresa publica sus vacantes a trav\u00e9s de redes sociales, va a conseguir una comunidad de seguidores, entre los que se puede hallar el talento m\u00e1s dif\u00edcil de reclutar. De hecho, el 71% de los candidatos reconoce que sigue a una organizaci\u00f3n para enterarse de las ofertas de empleo que publica. Es decir, para llegar al corazoncito del talento m\u00e1s valioso<strong>, hay que trabajar la imagen y la comunicaci\u00f3n de la compa\u00f1\u00eda en las redes<\/strong>.<\/p>\n<h2><div class=\"su-pullquote su-pullquote-align-right\"> <span style=\"color: #6ba539;\"><strong>El talento m\u00e1s dif\u00edcil de reclutar es el que ya est\u00e1 trabajando en una empresa <\/strong><\/span><\/div><\/h2>\n<p>Pero no siempre basta con la estrategia en redes sociales, tambi\u00e9n hay otras v\u00edas por las que se transmite la reputaci\u00f3n de una empresa. En el Informe se les ha preguntado a los candidatos <strong>cu\u00e1les son las fuentes que les genera m\u00e1s confianza a la hora de dar cr\u00e9dito a la reputaci\u00f3n<\/strong> de una empresa. La mejor valorada es la que ofrecen los empleados actuales, le sigue la que aporta la web de la compa\u00f1\u00eda y, en tercer lugar, la que se publica en los medios.<\/p>\n<h2><strong>Un proceso de selecci\u00f3n es una oportunidad para mejorar la imagen y atraer talento<\/strong><\/h2>\n<p>La informaci\u00f3n que se recibe de los candidatos que se han presentado a un proceso de selecci\u00f3n es muy valiosa. Por este motivo, el Informe les ha preguntado algo muy concreto: <strong>qu\u00e9 mejorar\u00edan ellos del proceso de selecci\u00f3n<\/strong>. Esta es su contestaci\u00f3n:<\/p>\n<ul>\n<li><strong>Simplificar\u00edan la forma de inscribirse a las ofertas.<\/strong> Ser un talento muy cualificado no est\u00e1 re\u00f1ido con llevarse mal con los formularios. Cada vez quedan m\u00e1s atr\u00e1s los registros complicados que ahuyentan las candidaturas m\u00e1s animosas. \u00bfHabr\u00e1 empresas que lo hagan para no tener que gestionar tantos perfiles? Pues se pueden estar cargando una forma de encontrar a los que m\u00e1s les interesa.<\/li>\n<li><strong>Mejorar\u00edan la difusi\u00f3n de las ofertas. <\/strong>De nuevo un tema que puede tener su origen en no recibir una avalancha de CV. Hay que echar cuentas y sopesar si conviene hacer una inversi\u00f3n en la gesti\u00f3n de los perfiles a cambio de no perder la posibilidad de reclutar talento de valor. Publicar ofertas puede ser una manera eficaz y econ\u00f3mica de mantener la reputaci\u00f3n de la empresa.<\/li>\n<li><strong>Optimizar\u00edan el tiempo de respuesta. <\/strong>Este tercer punto se\u00f1ala hacia la misma direcci\u00f3n. Hay una necesidad de establecer protocolos, ayudarse de plataformas y herramientas, y elaborar estrategias para poder optimizar la gesti\u00f3n del volumen de candidaturas que se presentan. Conviene orientar la estrategia al tipo de perfil que se quiere reclutar. No puede ser la misma para un tipo de vacante f\u00e1cil de ocupar que para un puesto que requiere habilidades y competencias m\u00e1s excepcionales.<\/li>\n<\/ul>\n","protected":false},"excerpt":{"rendered":"<p>Quiz\u00e1 hace 10 o 15 a\u00f1os s\u00ed, pero ahora ya no es ning\u00fan secreto: para que los empleados<a class=\"moretag\" href=\"https:\/\/empresas.infoempleo.com\/hrtrends\/reputacion-para-reclutar-talento\/\"> Leer m\u00e1s<\/a><\/p>\n","protected":false},"author":28,"featured_media":34613,"comment_status":"closed","ping_status":"closed","sticky":false,"template":"","format":"standard","meta":{"footnotes":""},"categories":[3015],"tags":[3018,26],"class_list":["post-34609","post","type-post","status-publish","format-standard","has-post-thumbnail","hentry","category-recruiter-branding","tag-employer-branding","tag-redes-sociales"],"yoast_head":"<!-- This site is optimized with the Yoast SEO plugin v26.1.1 - https:\/\/yoast.com\/wordpress\/plugins\/seo\/ -->\n<title>La reputaci\u00f3n de la empresa influye cuando se quiere reclutar talento | HRTRENDS<\/title>\n<meta name=\"description\" content=\"El Informe Talento Conectado extrae datos sobre c\u00f3mo orientar cualquier estrategia de employer branding para mejorar la reputaci\u00f3n de la empresa.\" \/>\n<meta name=\"robots\" content=\"index, follow, max-snippet:-1, max-image-preview:large, max-video-preview:-1\" \/>\n<link rel=\"canonical\" href=\"https:\/\/empresas.infoempleo.com\/hrtrends\/reputacion-para-reclutar-talento\/\" \/>\n<meta property=\"og:locale\" content=\"es_ES\" \/>\n<meta property=\"og:type\" content=\"article\" \/>\n<meta property=\"og:title\" content=\"La reputaci\u00f3n de la empresa influye cuando se quiere reclutar talento | HRTRENDS\" \/>\n<meta property=\"og:description\" content=\"El Informe Talento Conectado extrae datos sobre c\u00f3mo orientar cualquier estrategia de employer branding para mejorar la reputaci\u00f3n de la empresa.\" \/>\n<meta property=\"og:url\" content=\"https:\/\/empresas.infoempleo.com\/hrtrends\/reputacion-para-reclutar-talento\/\" \/>\n<meta property=\"og:site_name\" content=\"HRTRENDS\" \/>\n<meta property=\"article:publisher\" content=\"https:\/\/www.facebook.com\/Infoempleo\" \/>\n<meta property=\"article:published_time\" content=\"2018-12-25T06:01:07+00:00\" \/>\n<meta property=\"article:modified_time\" content=\"2024-08-29T15:50:28+00:00\" \/>\n<meta property=\"og:image\" content=\"https:\/\/empresas.infoempleo.com\/hrtrends\/media\/2018\/12\/GettyImages-952066478.jpg\" \/>\n\t<meta property=\"og:image:width\" content=\"724\" \/>\n\t<meta property=\"og:image:height\" content=\"483\" \/>\n\t<meta property=\"og:image:type\" content=\"image\/jpeg\" \/>\n<meta name=\"author\" content=\"Ester Carrasco\" \/>\n<meta name=\"twitter:card\" content=\"summary_large_image\" \/>\n<meta name=\"twitter:creator\" content=\"@infoempleo\" \/>\n<meta name=\"twitter:site\" content=\"@infoempleo\" \/>\n<meta name=\"twitter:label1\" content=\"Escrito por\" \/>\n\t<meta name=\"twitter:data1\" content=\"Ester Carrasco\" \/>\n\t<meta name=\"twitter:label2\" content=\"Tiempo de lectura\" \/>\n\t<meta name=\"twitter:data2\" content=\"4 minutos\" \/>\n<script type=\"application\/ld+json\" class=\"yoast-schema-graph\">{\"@context\":\"https:\/\/schema.org\",\"@graph\":[{\"@type\":\"NewsArticle\",\"@id\":\"https:\/\/empresas.infoempleo.com\/hrtrends\/reputacion-para-reclutar-talento\/#article\",\"isPartOf\":{\"@id\":\"https:\/\/empresas.infoempleo.com\/hrtrends\/reputacion-para-reclutar-talento\/\"},\"author\":{\"name\":\"Ester Carrasco\",\"@id\":\"https:\/\/empresas.infoempleo.com\/hrtrends\/#\/schema\/person\/b5f470bbbcd4f7f0a6b8e4a99fd663a1\"},\"headline\":\"La reputaci\u00f3n de la empresa influye cuando se quiere reclutar talento\",\"datePublished\":\"2018-12-25T06:01:07+00:00\",\"dateModified\":\"2024-08-29T15:50:28+00:00\",\"mainEntityOfPage\":{\"@id\":\"https:\/\/empresas.infoempleo.com\/hrtrends\/reputacion-para-reclutar-talento\/\"},\"wordCount\":749,\"publisher\":{\"@id\":\"https:\/\/empresas.infoempleo.com\/hrtrends\/#organization\"},\"image\":{\"@id\":\"https:\/\/empresas.infoempleo.com\/hrtrends\/reputacion-para-reclutar-talento\/#primaryimage\"},\"thumbnailUrl\":\"https:\/\/empresas.infoempleo.com\/hrtrends\/media\/2018\/12\/GettyImages-952066478.jpg\",\"keywords\":[\"Employer branding\",\"redes sociales\"],\"articleSection\":[\"Recruiter branding\"],\"inLanguage\":\"es\",\"copyrightYear\":\"2018\",\"copyrightHolder\":{\"@id\":\"https:\/\/empresas.infoempleo.com\/hrtrends\/#organization\"}},{\"@type\":\"WebPage\",\"@id\":\"https:\/\/empresas.infoempleo.com\/hrtrends\/reputacion-para-reclutar-talento\/\",\"url\":\"https:\/\/empresas.infoempleo.com\/hrtrends\/reputacion-para-reclutar-talento\/\",\"name\":\"La reputaci\u00f3n de la empresa influye cuando se quiere reclutar talento | HRTRENDS\",\"isPartOf\":{\"@id\":\"https:\/\/empresas.infoempleo.com\/hrtrends\/#website\"},\"primaryImageOfPage\":{\"@id\":\"https:\/\/empresas.infoempleo.com\/hrtrends\/reputacion-para-reclutar-talento\/#primaryimage\"},\"image\":{\"@id\":\"https:\/\/empresas.infoempleo.com\/hrtrends\/reputacion-para-reclutar-talento\/#primaryimage\"},\"thumbnailUrl\":\"https:\/\/empresas.infoempleo.com\/hrtrends\/media\/2018\/12\/GettyImages-952066478.jpg\",\"datePublished\":\"2018-12-25T06:01:07+00:00\",\"dateModified\":\"2024-08-29T15:50:28+00:00\",\"description\":\"El Informe Talento Conectado extrae datos sobre c\u00f3mo orientar cualquier estrategia de employer branding para mejorar la reputaci\u00f3n de la empresa.\",\"breadcrumb\":{\"@id\":\"https:\/\/empresas.infoempleo.com\/hrtrends\/reputacion-para-reclutar-talento\/#breadcrumb\"},\"inLanguage\":\"es\",\"potentialAction\":[{\"@type\":\"ReadAction\",\"target\":[\"https:\/\/empresas.infoempleo.com\/hrtrends\/reputacion-para-reclutar-talento\/\"]}]},{\"@type\":\"ImageObject\",\"inLanguage\":\"es\",\"@id\":\"https:\/\/empresas.infoempleo.com\/hrtrends\/reputacion-para-reclutar-talento\/#primaryimage\",\"url\":\"https:\/\/empresas.infoempleo.com\/hrtrends\/media\/2018\/12\/GettyImages-952066478-150x150.jpg\",\"contentUrl\":\"https:\/\/empresas.infoempleo.com\/hrtrends\/media\/2018\/12\/GettyImages-952066478-150x150.jpg\",\"width\":150,\"height\":150,\"caption\":\"reputaci\u00f3n en las empresas para atraer talento\"},{\"@type\":\"BreadcrumbList\",\"@id\":\"https:\/\/empresas.infoempleo.com\/hrtrends\/reputacion-para-reclutar-talento\/#breadcrumb\",\"itemListElement\":[{\"@type\":\"ListItem\",\"position\":1,\"name\":\"Portada\",\"item\":\"https:\/\/empresas.infoempleo.com\/hrtrends\/\"},{\"@type\":\"ListItem\",\"position\":2,\"name\":\"La reputaci\u00f3n de la empresa influye cuando se quiere reclutar talento\"}]},{\"@type\":\"WebSite\",\"@id\":\"https:\/\/empresas.infoempleo.com\/hrtrends\/#website\",\"url\":\"https:\/\/empresas.infoempleo.com\/hrtrends\",\"name\":\"HRTrends by Infoempleo\",\"description\":\"\",\"publisher\":{\"@id\":\"https:\/\/empresas.infoempleo.com\/hrtrends\/#organization\"},\"potentialAction\":{\"@type\":\"SearchAction\",\"target\":\"https:\/\/empresas.infoempleo.com\/hrtrends\/?s={search_term_string}\",\"query-input\":\"required name=search_term_string\"},\"inLanguage\":\"es\"},{\"@type\":\"Organization\",\"@id\":\"https:\/\/empresas.infoempleo.com\/hrtrends\/#organization\",\"name\":\"Infoempleo\",\"url\":\"https:\/\/www.infoempleo.com\/\",\"logo\":{\"@type\":\"ImageObject\",\"@id\":\"https:\/\/empresas.infoempleo.com\/hrtrends\/#logo\",\"inLanguage\":\"es\",\"url\":\"https:\/\/cdnazure.infoempleo.com\/infoempleo\/assets\/style\/gfx\/logo.svg\",\"contentUrl\":\"https:\/\/cdnazure.infoempleo.com\/infoempleo\/assets\/style\/gfx\/logo.svg\",\"width\":150,\"height\":40,\"caption\":\"Infoempleo\"},\"image\":{\"@id\":\"https:\/\/empresas.infoempleo.com\/hrtrends\/#logo\"},\"sameAs\":[\"https:\/\/www.facebook.com\/Infoempleo\",\"https:\/\/x.com\/infoempleo\",\"http:\/\/instagram.com\/infoempleo\/\",\"http:\/\/www.linkedin.com\/groups\/Empleo-Espa\u00f1a-Infoempleocom-111276\",\"http:\/\/pinterest.com\/infoempleo\/\"],\"address\":{\"@type\":\"PostalAddress\",\"addressLocality\":\"Madrid\",\"postalCode\":\"28050\",\"streetAddress\":\"Avenida de Burgos 114\"},\"brand\":[\"Infoempleo\"]},{\"@type\":\"Person\",\"@id\":\"https:\/\/empresas.infoempleo.com\/hrtrends\/#\/schema\/person\/b5f470bbbcd4f7f0a6b8e4a99fd663a1\",\"name\":\"Ester Carrasco\",\"image\":{\"@type\":\"ImageObject\",\"inLanguage\":\"es\",\"@id\":\"https:\/\/empresas.infoempleo.com\/hrtrends\/#\/schema\/person\/image\/\",\"url\":\"https:\/\/secure.gravatar.com\/avatar\/faf8039f7480ebcd5f937fefead903a7965a3f0af255f45f22a6bfbcbf6f16cf?s=96&d=mm&r=g\",\"contentUrl\":\"https:\/\/secure.gravatar.com\/avatar\/faf8039f7480ebcd5f937fefead903a7965a3f0af255f45f22a6bfbcbf6f16cf?s=96&d=mm&r=g\",\"caption\":\"Ester Carrasco\"},\"description\":\"Licenciada en Filosof\u00eda, cuento con una amplia experiencia en el mundo editorial, en el que he tenido oportunidad de desarrollar mi perfil como editora, redactora y correctora. Me mantengo al d\u00eda de las noticias y novedades relacionadas con el empleo y el \u00e1mbito laboral. Tambi\u00e9n me interesan los temas de orientaci\u00f3n acad\u00e9mica y profesional para el desarrollo y construcci\u00f3n de perfiles laborales, as\u00ed como las formas de reclutar talento y de demostrarlo.\",\"url\":\"https:\/\/empresas.infoempleo.com\/hrtrends\/author\/ecarrascoagenciayerro\/\"}]}<\/script>\n<!-- \/ Yoast SEO plugin. -->","yoast_head_json":{"title":"La reputaci\u00f3n de la empresa influye cuando se quiere reclutar talento | HRTRENDS","description":"El Informe Talento Conectado extrae datos sobre c\u00f3mo orientar cualquier estrategia de employer branding para mejorar la reputaci\u00f3n de la empresa.","robots":{"index":"index","follow":"follow","max-snippet":"max-snippet:-1","max-image-preview":"max-image-preview:large","max-video-preview":"max-video-preview:-1"},"canonical":"https:\/\/empresas.infoempleo.com\/hrtrends\/reputacion-para-reclutar-talento\/","og_locale":"es_ES","og_type":"article","og_title":"La reputaci\u00f3n de la empresa influye cuando se quiere reclutar talento | HRTRENDS","og_description":"El Informe Talento Conectado extrae datos sobre c\u00f3mo orientar cualquier estrategia de employer branding para mejorar la reputaci\u00f3n de la empresa.","og_url":"https:\/\/empresas.infoempleo.com\/hrtrends\/reputacion-para-reclutar-talento\/","og_site_name":"HRTRENDS","article_publisher":"https:\/\/www.facebook.com\/Infoempleo","article_published_time":"2018-12-25T06:01:07+00:00","article_modified_time":"2024-08-29T15:50:28+00:00","og_image":[{"width":724,"height":483,"url":"https:\/\/empresas.infoempleo.com\/hrtrends\/media\/2018\/12\/GettyImages-952066478.jpg","type":"image\/jpeg"}],"author":"Ester Carrasco","twitter_card":"summary_large_image","twitter_creator":"@infoempleo","twitter_site":"@infoempleo","twitter_misc":{"Escrito por":"Ester Carrasco","Tiempo de lectura":"4 minutos"},"schema":{"@context":"https:\/\/schema.org","@graph":[{"@type":"NewsArticle","@id":"https:\/\/empresas.infoempleo.com\/hrtrends\/reputacion-para-reclutar-talento\/#article","isPartOf":{"@id":"https:\/\/empresas.infoempleo.com\/hrtrends\/reputacion-para-reclutar-talento\/"},"author":{"name":"Ester Carrasco","@id":"https:\/\/empresas.infoempleo.com\/hrtrends\/#\/schema\/person\/b5f470bbbcd4f7f0a6b8e4a99fd663a1"},"headline":"La reputaci\u00f3n de la empresa influye cuando se quiere reclutar talento","datePublished":"2018-12-25T06:01:07+00:00","dateModified":"2024-08-29T15:50:28+00:00","mainEntityOfPage":{"@id":"https:\/\/empresas.infoempleo.com\/hrtrends\/reputacion-para-reclutar-talento\/"},"wordCount":749,"publisher":{"@id":"https:\/\/empresas.infoempleo.com\/hrtrends\/#organization"},"image":{"@id":"https:\/\/empresas.infoempleo.com\/hrtrends\/reputacion-para-reclutar-talento\/#primaryimage"},"thumbnailUrl":"https:\/\/empresas.infoempleo.com\/hrtrends\/media\/2018\/12\/GettyImages-952066478.jpg","keywords":["Employer branding","redes sociales"],"articleSection":["Recruiter branding"],"inLanguage":"es","copyrightYear":"2018","copyrightHolder":{"@id":"https:\/\/empresas.infoempleo.com\/hrtrends\/#organization"}},{"@type":"WebPage","@id":"https:\/\/empresas.infoempleo.com\/hrtrends\/reputacion-para-reclutar-talento\/","url":"https:\/\/empresas.infoempleo.com\/hrtrends\/reputacion-para-reclutar-talento\/","name":"La reputaci\u00f3n de la empresa influye cuando se quiere reclutar talento | HRTRENDS","isPartOf":{"@id":"https:\/\/empresas.infoempleo.com\/hrtrends\/#website"},"primaryImageOfPage":{"@id":"https:\/\/empresas.infoempleo.com\/hrtrends\/reputacion-para-reclutar-talento\/#primaryimage"},"image":{"@id":"https:\/\/empresas.infoempleo.com\/hrtrends\/reputacion-para-reclutar-talento\/#primaryimage"},"thumbnailUrl":"https:\/\/empresas.infoempleo.com\/hrtrends\/media\/2018\/12\/GettyImages-952066478.jpg","datePublished":"2018-12-25T06:01:07+00:00","dateModified":"2024-08-29T15:50:28+00:00","description":"El Informe Talento Conectado extrae datos sobre c\u00f3mo orientar cualquier estrategia de employer branding para mejorar la reputaci\u00f3n de la empresa.","breadcrumb":{"@id":"https:\/\/empresas.infoempleo.com\/hrtrends\/reputacion-para-reclutar-talento\/#breadcrumb"},"inLanguage":"es","potentialAction":[{"@type":"ReadAction","target":["https:\/\/empresas.infoempleo.com\/hrtrends\/reputacion-para-reclutar-talento\/"]}]},{"@type":"ImageObject","inLanguage":"es","@id":"https:\/\/empresas.infoempleo.com\/hrtrends\/reputacion-para-reclutar-talento\/#primaryimage","url":"https:\/\/empresas.infoempleo.com\/hrtrends\/media\/2018\/12\/GettyImages-952066478-150x150.jpg","contentUrl":"https:\/\/empresas.infoempleo.com\/hrtrends\/media\/2018\/12\/GettyImages-952066478-150x150.jpg","width":150,"height":150,"caption":"reputaci\u00f3n en las empresas para atraer talento"},{"@type":"BreadcrumbList","@id":"https:\/\/empresas.infoempleo.com\/hrtrends\/reputacion-para-reclutar-talento\/#breadcrumb","itemListElement":[{"@type":"ListItem","position":1,"name":"Portada","item":"https:\/\/empresas.infoempleo.com\/hrtrends\/"},{"@type":"ListItem","position":2,"name":"La reputaci\u00f3n de la empresa influye cuando se quiere reclutar talento"}]},{"@type":"WebSite","@id":"https:\/\/empresas.infoempleo.com\/hrtrends\/#website","url":"https:\/\/empresas.infoempleo.com\/hrtrends","name":"HRTrends by Infoempleo","description":"","publisher":{"@id":"https:\/\/empresas.infoempleo.com\/hrtrends\/#organization"},"potentialAction":{"@type":"SearchAction","target":"https:\/\/empresas.infoempleo.com\/hrtrends\/?s={search_term_string}","query-input":"required name=search_term_string"},"inLanguage":"es"},{"@type":"Organization","@id":"https:\/\/empresas.infoempleo.com\/hrtrends\/#organization","name":"Infoempleo","url":"https:\/\/www.infoempleo.com\/","logo":{"@type":"ImageObject","@id":"https:\/\/empresas.infoempleo.com\/hrtrends\/#logo","inLanguage":"es","url":"https:\/\/cdnazure.infoempleo.com\/infoempleo\/assets\/style\/gfx\/logo.svg","contentUrl":"https:\/\/cdnazure.infoempleo.com\/infoempleo\/assets\/style\/gfx\/logo.svg","width":150,"height":40,"caption":"Infoempleo"},"image":{"@id":"https:\/\/empresas.infoempleo.com\/hrtrends\/#logo"},"sameAs":["https:\/\/www.facebook.com\/Infoempleo","https:\/\/x.com\/infoempleo","http:\/\/instagram.com\/infoempleo\/","http:\/\/www.linkedin.com\/groups\/Empleo-Espa\u00f1a-Infoempleocom-111276","http:\/\/pinterest.com\/infoempleo\/"],"address":{"@type":"PostalAddress","addressLocality":"Madrid","postalCode":"28050","streetAddress":"Avenida de Burgos 114"},"brand":["Infoempleo"]},{"@type":"Person","@id":"https:\/\/empresas.infoempleo.com\/hrtrends\/#\/schema\/person\/b5f470bbbcd4f7f0a6b8e4a99fd663a1","name":"Ester Carrasco","image":{"@type":"ImageObject","inLanguage":"es","@id":"https:\/\/empresas.infoempleo.com\/hrtrends\/#\/schema\/person\/image\/","url":"https:\/\/secure.gravatar.com\/avatar\/faf8039f7480ebcd5f937fefead903a7965a3f0af255f45f22a6bfbcbf6f16cf?s=96&d=mm&r=g","contentUrl":"https:\/\/secure.gravatar.com\/avatar\/faf8039f7480ebcd5f937fefead903a7965a3f0af255f45f22a6bfbcbf6f16cf?s=96&d=mm&r=g","caption":"Ester Carrasco"},"description":"Licenciada en Filosof\u00eda, cuento con una amplia experiencia en el mundo editorial, en el que he tenido oportunidad de desarrollar mi perfil como editora, redactora y correctora. Me mantengo al d\u00eda de las noticias y novedades relacionadas con el empleo y el \u00e1mbito laboral. Tambi\u00e9n me interesan los temas de orientaci\u00f3n acad\u00e9mica y profesional para el desarrollo y construcci\u00f3n de perfiles laborales, as\u00ed como las formas de reclutar talento y de demostrarlo.","url":"https:\/\/empresas.infoempleo.com\/hrtrends\/author\/ecarrascoagenciayerro\/"}]}},"amp_enabled":true,"_links":{"self":[{"href":"https:\/\/empresas.infoempleo.com\/hrtrends\/wp-json\/wp\/v2\/posts\/34609","targetHints":{"allow":["GET"]}}],"collection":[{"href":"https:\/\/empresas.infoempleo.com\/hrtrends\/wp-json\/wp\/v2\/posts"}],"about":[{"href":"https:\/\/empresas.infoempleo.com\/hrtrends\/wp-json\/wp\/v2\/types\/post"}],"author":[{"embeddable":true,"href":"https:\/\/empresas.infoempleo.com\/hrtrends\/wp-json\/wp\/v2\/users\/28"}],"replies":[{"embeddable":true,"href":"https:\/\/empresas.infoempleo.com\/hrtrends\/wp-json\/wp\/v2\/comments?post=34609"}],"version-history":[{"count":3,"href":"https:\/\/empresas.infoempleo.com\/hrtrends\/wp-json\/wp\/v2\/posts\/34609\/revisions"}],"predecessor-version":[{"id":45463,"href":"https:\/\/empresas.infoempleo.com\/hrtrends\/wp-json\/wp\/v2\/posts\/34609\/revisions\/45463"}],"wp:featuredmedia":[{"embeddable":true,"href":"https:\/\/empresas.infoempleo.com\/hrtrends\/wp-json\/wp\/v2\/media\/34613"}],"wp:attachment":[{"href":"https:\/\/empresas.infoempleo.com\/hrtrends\/wp-json\/wp\/v2\/media?parent=34609"}],"wp:term":[{"taxonomy":"category","embeddable":true,"href":"https:\/\/empresas.infoempleo.com\/hrtrends\/wp-json\/wp\/v2\/categories?post=34609"},{"taxonomy":"post_tag","embeddable":true,"href":"https:\/\/empresas.infoempleo.com\/hrtrends\/wp-json\/wp\/v2\/tags?post=34609"}],"curies":[{"name":"wp","href":"https:\/\/api.w.org\/{rel}","templated":true}]}}