{"id":34597,"date":"2018-12-26T13:01:34","date_gmt":"2018-12-26T11:01:34","guid":{"rendered":"https:\/\/empresas.infoempleo.com\/hrtrends\/?p=34597"},"modified":"2018-12-14T13:09:29","modified_gmt":"2018-12-14T11:09:29","slug":"programas-reinsercion-laboral","status":"publish","type":"post","link":"https:\/\/empresas.infoempleo.com\/hrtrends\/programas-reinsercion-laboral\/","title":{"rendered":"\u00bfHacia qu\u00e9 perfiles tienen que ir los programas de reinserci\u00f3n laboral?"},"content":{"rendered":"<p><span style=\"font-weight: 400\">Muchas personas tienen que enfrentarse al reto de regresar al mercado laboral tras un periodo prolongado de paro. En este art\u00edculo te explicaremos qu\u00e9 es la <\/span><b>reinserci\u00f3n laboral<\/b><span style=\"font-weight: 400\">, qu\u00e9 implicaciones tiene para las <\/span><b>partes involucradas<\/b><span style=\"font-weight: 400\"> y c\u00f3mo se implementan distintos programas para llevar a cabo esta iniciativa. <\/span><\/p>\n<h2><b>Qu\u00e9 es la reinserci\u00f3n laboral<\/b><\/h2>\n<p><span style=\"font-weight: 400\">La <\/span><b>reinserci\u00f3n laboral<\/b><span style=\"font-weight: 400\"> consiste en lograr que un trabajador vuelva al <\/span><b>mercado laboral<\/b><span style=\"font-weight: 400\"> despu\u00e9s de un periodo de <\/span><b>inactividad<\/b><span style=\"font-weight: 400\">. Los motivos pueden ser diversos y abarcan desde una enfermedad hasta coyunturas econ\u00f3micas, problemas personales o estancias en la c\u00e1rcel tras una condena. Esto hace necesario que, desde la empresa, se lleven a cabo una serie de <\/span><b>programas destinados a la<\/b><a href=\"https:\/\/empresas.infoempleo.com\/hrtrends\/la-gestion-de-la-diversidad\/\"><b> gesti\u00f3n de la diversidad<\/b><\/a><span style=\"font-weight: 400\"> , es decir, consiste en crear diferentes pol\u00edticas de integraci\u00f3n para que la organizaci\u00f3n sepa aunar los <\/span><b>diferentes enfoques<\/b><span style=\"font-weight: 400\">, <\/span><b>formas de pensa<\/b><span style=\"font-weight: 400\">r, de <\/span><b>actuar <\/b><span style=\"font-weight: 400\">y las <\/span><b>necesidades <\/b><span style=\"font-weight: 400\">de todos los <\/span><b>tipos de personas y colectivos<\/b><span style=\"font-weight: 400\"> que trabajan en la empresa para que todo el mundo se sienta igual de <\/span><b>integrado <\/b><span style=\"font-weight: 400\">en ella.<\/span><\/p>\n<p><img loading=\"lazy\" decoding=\"async\" class=\"aligncenter wp-image-34599 size-large\" src=\"https:\/\/empresas.infoempleo.com\/hrtrends\/media\/2018\/12\/HRTRENDS_reinsercion_laboral_M-1024x683.jpg\" alt=\"Definici\u00f3n y aplicaci\u00f3n de la reinserci\u00f3n laboral\" width=\"1024\" height=\"683\" srcset=\"https:\/\/empresas.infoempleo.com\/hrtrends\/media\/2018\/12\/HRTRENDS_reinsercion_laboral_M-1024x683.jpg 1024w, https:\/\/empresas.infoempleo.com\/hrtrends\/media\/2018\/12\/HRTRENDS_reinsercion_laboral_M-300x200.jpg 300w, https:\/\/empresas.infoempleo.com\/hrtrends\/media\/2018\/12\/HRTRENDS_reinsercion_laboral_M-768x512.jpg 768w, https:\/\/empresas.infoempleo.com\/hrtrends\/media\/2018\/12\/HRTRENDS_reinsercion_laboral_M.jpg 1140w\" sizes=\"auto, (max-width: 1024px) 100vw, 1024px\" \/><\/p>\n<h2><b>Implicaciones de la reinserci\u00f3n laboral para las personas y las empresas<\/b><\/h2>\n<p><span style=\"font-weight: 400\">La <\/span><b>reinserci\u00f3n laboral<\/b><span style=\"font-weight: 400\"> exige ciertas condiciones a todas las partes implicadas y, del mismo modo, tiene diversas implicaciones para ellas. Veamos cu\u00e1les son:<\/span><\/p>\n<ol>\n<li><b> Implicaciones para las personas<\/b><\/li>\n<\/ol>\n<p><span style=\"font-weight: 400\">La primera condici\u00f3n para una <\/span><b>reinserci\u00f3n exitosa<\/b><span style=\"font-weight: 400\"> es que la persona en cuesti\u00f3n ponga \u00a0de su parte para encontrar trabajo porque, de lo contrario, va a ser muy dif\u00edcil que lo consiga. En la mayor\u00eda de las ocasiones, tendr\u00e1 que empezar una <\/span><b>b\u00fasqueda activa de empleo<\/b><span style=\"font-weight: 400\">, preparar un <\/span><b>perfil profesional<\/b><span style=\"font-weight: 400\">, <\/span><b>enviar curr\u00edculums<\/b><span style=\"font-weight: 400\"> e ir a <\/span><a href=\"https:\/\/empresas.infoempleo.com\/hrtrends\/tipos-entrevistas-trabajo\/\"><span style=\"font-weight: 400\">entrevistas de trabajo<\/span><\/a><span style=\"font-weight: 400\">.<\/span><\/p>\n<p><span style=\"font-weight: 400\">Otro aspecto del que quiz\u00e1s no se habla mucho pero que tambi\u00e9n es importante, radica en <\/span><b>las expectativas<\/b><span style=\"font-weight: 400\">. Es fundamental realizar una <\/span><b>gesti\u00f3n inteligente<\/b><span style=\"font-weight: 400\">, y esto implica saber hasta d\u00f3nde se puede llegar y cu\u00e1l es el objetivo a medio plazo. Aunque la opini\u00f3n de un individuo puede cambiar con el tiempo, deber\u00eda tener esto en cuenta.<\/span><\/p>\n<ol start=\"2\">\n<li><b> Implicaciones para las empresas<\/b><\/li>\n<\/ol>\n<p><span style=\"font-weight: 400\">Como responsable de Recursos Humanos, puedes estar interesado en acogerte a <\/span><b>programas de reinserci\u00f3n<\/b><span style=\"font-weight: 400\">, es decir, en incorporar a colectivos a los que les cuesta m\u00e1s encontrar trabajo debido a diversas circunstancias enfermedades, causas econ\u00f3micas, estancia en la c\u00e1rcel, etc. Este tipo de programas destinados a la contrataci\u00f3n de colectivos en riesgo de exclusi\u00f3n pueden ahorrar cantidades de dinero importantes en las <\/span><b>contribuciones a la Seguridad Social<\/b><span style=\"font-weight: 400\"> durante, al menos, tres a\u00f1os. Por este motivo, ya son muchas las compa\u00f1\u00edas que se est\u00e1n animando a incluir esta posibilidad de contrataci\u00f3n.<\/span><\/p>\n<p><span style=\"font-weight: 400\">Eso s\u00ed, te recomendamos que tengas plena conciencia del nivel de cualificaci\u00f3n profesional del trabajador y que hagas una <\/span><a href=\"https:\/\/empresas.infoempleo.com\/hrtrends\/la-criba-curricular\/\"><span style=\"font-weight: 400\">buena criba curricular<\/span><\/a><span style=\"font-weight: 400\"> para evitar cometer <\/span><a href=\"https:\/\/empresas.infoempleo.com\/hrtrends\/consecuencias-de-reclutar-de-forma-erronea\/\/\"><span style=\"font-weight: 400\">errores a la hora de reclutar<\/span><\/a><span style=\"font-weight: 400\">.<\/span><\/p>\n<h2><b>Los programas de reinserci\u00f3n<\/b><\/h2>\n<p><span style=\"font-weight: 400\">En los \u00faltimos a\u00f1os, el Estado ha creado algunos <\/span><b>programas de reinserci\u00f3n<\/b><span style=\"font-weight: 400\"> que ya est\u00e1n llevando a cabo diferentes empresas. La idea es tener claro c\u00f3mo introducir esta posibilidad para que haya una <\/span><b>integraci\u00f3n laboral real y duradera<\/b><span style=\"font-weight: 400\"> por parte de las personas desocupadas. Has de saber que hay dos colectivos estrat\u00e9gicos para conseguir este objetivo:<\/span><\/p>\n<ul>\n<li style=\"font-weight: 400\"><b>Antiguos reclusos<\/b><\/li>\n<\/ul>\n<p><span style=\"font-weight: 400\">Uno de los casos que m\u00e1s ayuda necesita es el de los <\/span><b>ex convictos<\/b><span style=\"font-weight: 400\"> porque, en muchas ocasiones, o bien llevan varios a\u00f1os sin trabajar o bien antes de entrar en prisi\u00f3n no hab\u00edan tenido una <\/span><b>profesi\u00f3n estable<\/b><span style=\"font-weight: 400\">. Por eso la Administraci\u00f3n invierte todos los a\u00f1os en estos programas.<\/span><\/p>\n<ul>\n<li style=\"font-weight: 400\"><b>Parados de larga duraci\u00f3n y personas en riesgo de exclusi\u00f3n<\/b><\/li>\n<\/ul>\n<p><span style=\"font-weight: 400\">Los <\/span><b>parados de larga duraci\u00f3n<\/b><span style=\"font-weight: 400\"> son un colectivo vulnerable porque suelen ser personas de m\u00e1s de 40 a\u00f1os, con cargas familiares y que no tienen experiencia en otros empleos. En este caso, el riesgo de <\/span><b>exclusi\u00f3n social<\/b><span style=\"font-weight: 400\"> es patente. Adem\u00e1s, estos programas incluyen tambi\u00e9n a aquellas personas que sufren alg\u00fan tipo de <\/span><b>discriminaci\u00f3n o maltrato<\/b><span style=\"font-weight: 400\">.<\/span><\/p>\n<p><span style=\"font-weight: 400\">La <\/span><b>reinserci\u00f3n laboral<\/b><span style=\"font-weight: 400\"> es un reto para <\/span><b>trabajadores y empresas<\/b><span style=\"font-weight: 400\">. Por suerte, se est\u00e1n implementando poco a poco programas que funcionan y que permiten a las personas volver a tener un trabajo y a las compa\u00f1\u00edas aprovechar talento y ahorrar dinero. Recuerda que, como <\/span><b>miembro de Recursos Humanos<\/b><span style=\"font-weight: 400\">, tienes un rol muy importante en lo relativo a la reinserci\u00f3n laboral.<\/span><\/p>\n","protected":false},"excerpt":{"rendered":"<p>Muchas personas tienen que enfrentarse al reto de regresar al mercado laboral tras un periodo prolongado de paro.<a class=\"moretag\" href=\"https:\/\/empresas.infoempleo.com\/hrtrends\/programas-reinsercion-laboral\/\"> Leer m\u00e1s<\/a><\/p>\n","protected":false},"author":122,"featured_media":34598,"comment_status":"closed","ping_status":"closed","sticky":false,"template":"","format":"standard","meta":{"footnotes":""},"categories":[3],"tags":[2895,1038],"class_list":["post-34597","post","type-post","status-publish","format-standard","has-post-thumbnail","hentry","category-actualidad","tag-gestion-de-la-diversidad","tag-integracion"],"yoast_head":"<!-- This site is optimized with the Yoast SEO plugin v26.1.1 - https:\/\/yoast.com\/wordpress\/plugins\/seo\/ -->\n<title>Reinserci\u00f3n laboral: qu\u00e9 es y a qui\u00e9n est\u00e1 dirigida<\/title>\n<meta name=\"description\" content=\"Te contamos qu\u00e9 es la reinserci\u00f3n laboral, a qu\u00e9 personas implica, c\u00f3mo se lleva a cabo y qu\u00e9 repercusiones tiene para la empresa. \u00a1No te lo pierdas!\" \/>\n<meta name=\"robots\" content=\"index, follow, max-snippet:-1, max-image-preview:large, max-video-preview:-1\" \/>\n<link rel=\"canonical\" href=\"https:\/\/empresas.infoempleo.com\/hrtrends\/programas-reinsercion-laboral\/\" \/>\n<meta property=\"og:locale\" content=\"es_ES\" \/>\n<meta property=\"og:type\" content=\"article\" \/>\n<meta property=\"og:title\" content=\"Reinserci\u00f3n laboral: qu\u00e9 es y a qui\u00e9n est\u00e1 dirigida\" \/>\n<meta property=\"og:description\" content=\"Te contamos qu\u00e9 es la reinserci\u00f3n laboral, a qu\u00e9 personas implica, c\u00f3mo se lleva a cabo y qu\u00e9 repercusiones tiene para la empresa. \u00a1No te lo pierdas!\" \/>\n<meta property=\"og:url\" content=\"https:\/\/empresas.infoempleo.com\/hrtrends\/programas-reinsercion-laboral\/\" \/>\n<meta property=\"og:site_name\" content=\"HRTRENDS\" \/>\n<meta property=\"article:publisher\" content=\"https:\/\/www.facebook.com\/Infoempleo\" \/>\n<meta property=\"article:published_time\" content=\"2018-12-26T11:01:34+00:00\" \/>\n<meta property=\"og:image\" content=\"https:\/\/empresas.infoempleo.com\/hrtrends\/media\/2018\/12\/HRTRENDS_reinsercion_laboral_L.jpg\" \/>\n\t<meta property=\"og:image:width\" content=\"1140\" \/>\n\t<meta property=\"og:image:height\" content=\"760\" \/>\n\t<meta property=\"og:image:type\" content=\"image\/jpeg\" \/>\n<meta name=\"author\" content=\"Adriana M.\" \/>\n<meta name=\"twitter:card\" content=\"summary_large_image\" \/>\n<meta name=\"twitter:creator\" content=\"@infoempleo\" \/>\n<meta name=\"twitter:site\" content=\"@infoempleo\" \/>\n<meta name=\"twitter:label1\" content=\"Escrito por\" \/>\n\t<meta name=\"twitter:data1\" content=\"Adriana M.\" \/>\n\t<meta name=\"twitter:label2\" content=\"Tiempo de lectura\" \/>\n\t<meta name=\"twitter:data2\" content=\"4 minutos\" \/>\n<script type=\"application\/ld+json\" class=\"yoast-schema-graph\">{\"@context\":\"https:\/\/schema.org\",\"@graph\":[{\"@type\":\"NewsArticle\",\"@id\":\"https:\/\/empresas.infoempleo.com\/hrtrends\/programas-reinsercion-laboral\/#article\",\"isPartOf\":{\"@id\":\"https:\/\/empresas.infoempleo.com\/hrtrends\/programas-reinsercion-laboral\/\"},\"author\":{\"name\":\"Adriana M.\",\"@id\":\"https:\/\/empresas.infoempleo.com\/hrtrends\/#\/schema\/person\/b1dd51edbb566a47cd8f7513fa73d223\"},\"headline\":\"\u00bfHacia qu\u00e9 perfiles tienen que ir los programas de reinserci\u00f3n laboral?\",\"datePublished\":\"2018-12-26T11:01:34+00:00\",\"mainEntityOfPage\":{\"@id\":\"https:\/\/empresas.infoempleo.com\/hrtrends\/programas-reinsercion-laboral\/\"},\"wordCount\":761,\"publisher\":{\"@id\":\"https:\/\/empresas.infoempleo.com\/hrtrends\/#organization\"},\"image\":{\"@id\":\"https:\/\/empresas.infoempleo.com\/hrtrends\/programas-reinsercion-laboral\/#primaryimage\"},\"thumbnailUrl\":\"https:\/\/empresas.infoempleo.com\/hrtrends\/media\/2018\/12\/HRTRENDS_reinsercion_laboral_L.jpg\",\"keywords\":[\"gesti\u00f3n de la diversidad\",\"integraci\u00f3n\"],\"articleSection\":[\"Actualidad\"],\"inLanguage\":\"es\",\"copyrightYear\":\"2018\",\"copyrightHolder\":{\"@id\":\"https:\/\/empresas.infoempleo.com\/hrtrends\/#organization\"}},{\"@type\":\"WebPage\",\"@id\":\"https:\/\/empresas.infoempleo.com\/hrtrends\/programas-reinsercion-laboral\/\",\"url\":\"https:\/\/empresas.infoempleo.com\/hrtrends\/programas-reinsercion-laboral\/\",\"name\":\"Reinserci\u00f3n laboral: qu\u00e9 es y a qui\u00e9n est\u00e1 dirigida\",\"isPartOf\":{\"@id\":\"https:\/\/empresas.infoempleo.com\/hrtrends\/#website\"},\"primaryImageOfPage\":{\"@id\":\"https:\/\/empresas.infoempleo.com\/hrtrends\/programas-reinsercion-laboral\/#primaryimage\"},\"image\":{\"@id\":\"https:\/\/empresas.infoempleo.com\/hrtrends\/programas-reinsercion-laboral\/#primaryimage\"},\"thumbnailUrl\":\"https:\/\/empresas.infoempleo.com\/hrtrends\/media\/2018\/12\/HRTRENDS_reinsercion_laboral_L.jpg\",\"datePublished\":\"2018-12-26T11:01:34+00:00\",\"description\":\"Te contamos qu\u00e9 es la reinserci\u00f3n laboral, a qu\u00e9 personas implica, c\u00f3mo se lleva a cabo y qu\u00e9 repercusiones tiene para la empresa. \u00a1No te lo pierdas!\",\"breadcrumb\":{\"@id\":\"https:\/\/empresas.infoempleo.com\/hrtrends\/programas-reinsercion-laboral\/#breadcrumb\"},\"inLanguage\":\"es\",\"potentialAction\":[{\"@type\":\"ReadAction\",\"target\":[\"https:\/\/empresas.infoempleo.com\/hrtrends\/programas-reinsercion-laboral\/\"]}]},{\"@type\":\"ImageObject\",\"inLanguage\":\"es\",\"@id\":\"https:\/\/empresas.infoempleo.com\/hrtrends\/programas-reinsercion-laboral\/#primaryimage\",\"url\":\"https:\/\/empresas.infoempleo.com\/hrtrends\/media\/2018\/12\/HRTRENDS_reinsercion_laboral_L-150x150.jpg\",\"contentUrl\":\"https:\/\/empresas.infoempleo.com\/hrtrends\/media\/2018\/12\/HRTRENDS_reinsercion_laboral_L-150x150.jpg\",\"width\":150,\"height\":150,\"caption\":\"Reinserci\u00f3n laboral: qu\u00e9 es y qu\u00e9 implicaciones tiene\"},{\"@type\":\"BreadcrumbList\",\"@id\":\"https:\/\/empresas.infoempleo.com\/hrtrends\/programas-reinsercion-laboral\/#breadcrumb\",\"itemListElement\":[{\"@type\":\"ListItem\",\"position\":1,\"name\":\"Portada\",\"item\":\"https:\/\/empresas.infoempleo.com\/hrtrends\/\"},{\"@type\":\"ListItem\",\"position\":2,\"name\":\"\u00bfHacia qu\u00e9 perfiles tienen que ir los programas de reinserci\u00f3n laboral?\"}]},{\"@type\":\"WebSite\",\"@id\":\"https:\/\/empresas.infoempleo.com\/hrtrends\/#website\",\"url\":\"https:\/\/empresas.infoempleo.com\/hrtrends\",\"name\":\"HRTrends by Infoempleo\",\"description\":\"\",\"publisher\":{\"@id\":\"https:\/\/empresas.infoempleo.com\/hrtrends\/#organization\"},\"potentialAction\":{\"@type\":\"SearchAction\",\"target\":\"https:\/\/empresas.infoempleo.com\/hrtrends\/?s={search_term_string}\",\"query-input\":\"required name=search_term_string\"},\"inLanguage\":\"es\"},{\"@type\":\"Organization\",\"@id\":\"https:\/\/empresas.infoempleo.com\/hrtrends\/#organization\",\"name\":\"Infoempleo\",\"url\":\"https:\/\/www.infoempleo.com\/\",\"logo\":{\"@type\":\"ImageObject\",\"@id\":\"https:\/\/empresas.infoempleo.com\/hrtrends\/#logo\",\"inLanguage\":\"es\",\"url\":\"https:\/\/cdnazure.infoempleo.com\/infoempleo\/assets\/style\/gfx\/logo.svg\",\"contentUrl\":\"https:\/\/cdnazure.infoempleo.com\/infoempleo\/assets\/style\/gfx\/logo.svg\",\"width\":150,\"height\":40,\"caption\":\"Infoempleo\"},\"image\":{\"@id\":\"https:\/\/empresas.infoempleo.com\/hrtrends\/#logo\"},\"sameAs\":[\"https:\/\/www.facebook.com\/Infoempleo\",\"https:\/\/x.com\/infoempleo\",\"http:\/\/instagram.com\/infoempleo\/\",\"http:\/\/www.linkedin.com\/groups\/Empleo-Espa\u00f1a-Infoempleocom-111276\",\"http:\/\/pinterest.com\/infoempleo\/\"],\"address\":{\"@type\":\"PostalAddress\",\"addressLocality\":\"Madrid\",\"postalCode\":\"28050\",\"streetAddress\":\"Avenida de Burgos 114\"},\"brand\":[\"Infoempleo\"]},{\"@type\":\"Person\",\"@id\":\"https:\/\/empresas.infoempleo.com\/hrtrends\/#\/schema\/person\/b1dd51edbb566a47cd8f7513fa73d223\",\"name\":\"Adriana M.\",\"image\":{\"@type\":\"ImageObject\",\"inLanguage\":\"es\",\"@id\":\"https:\/\/empresas.infoempleo.com\/hrtrends\/#\/schema\/person\/image\/\",\"url\":\"https:\/\/secure.gravatar.com\/avatar\/243f7dd7e1db0ad0e9791be05df7d72ba5c8bf338408591753bae2fe87dae18d?s=96&d=mm&r=g\",\"contentUrl\":\"https:\/\/secure.gravatar.com\/avatar\/243f7dd7e1db0ad0e9791be05df7d72ba5c8bf338408591753bae2fe87dae18d?s=96&d=mm&r=g\",\"caption\":\"Adriana M.\"},\"description\":\"Periodista y experta en Comunicaci\u00f3n Audiovisual y Narrativa. Me encanta escribir y narrar lo que pasa a mi alrededor es mi pasi\u00f3n.\",\"url\":\"https:\/\/empresas.infoempleo.com\/hrtrends\/author\/adriana-kanvas\/\"}]}<\/script>\n<!-- \/ Yoast SEO plugin. -->","yoast_head_json":{"title":"Reinserci\u00f3n laboral: qu\u00e9 es y a qui\u00e9n est\u00e1 dirigida","description":"Te contamos qu\u00e9 es la reinserci\u00f3n laboral, a qu\u00e9 personas implica, c\u00f3mo se lleva a cabo y qu\u00e9 repercusiones tiene para la empresa. \u00a1No te lo pierdas!","robots":{"index":"index","follow":"follow","max-snippet":"max-snippet:-1","max-image-preview":"max-image-preview:large","max-video-preview":"max-video-preview:-1"},"canonical":"https:\/\/empresas.infoempleo.com\/hrtrends\/programas-reinsercion-laboral\/","og_locale":"es_ES","og_type":"article","og_title":"Reinserci\u00f3n laboral: qu\u00e9 es y a qui\u00e9n est\u00e1 dirigida","og_description":"Te contamos qu\u00e9 es la reinserci\u00f3n laboral, a qu\u00e9 personas implica, c\u00f3mo se lleva a cabo y qu\u00e9 repercusiones tiene para la empresa. \u00a1No te lo pierdas!","og_url":"https:\/\/empresas.infoempleo.com\/hrtrends\/programas-reinsercion-laboral\/","og_site_name":"HRTRENDS","article_publisher":"https:\/\/www.facebook.com\/Infoempleo","article_published_time":"2018-12-26T11:01:34+00:00","og_image":[{"width":1140,"height":760,"url":"https:\/\/empresas.infoempleo.com\/hrtrends\/media\/2018\/12\/HRTRENDS_reinsercion_laboral_L.jpg","type":"image\/jpeg"}],"author":"Adriana M.","twitter_card":"summary_large_image","twitter_creator":"@infoempleo","twitter_site":"@infoempleo","twitter_misc":{"Escrito por":"Adriana M.","Tiempo de lectura":"4 minutos"},"schema":{"@context":"https:\/\/schema.org","@graph":[{"@type":"NewsArticle","@id":"https:\/\/empresas.infoempleo.com\/hrtrends\/programas-reinsercion-laboral\/#article","isPartOf":{"@id":"https:\/\/empresas.infoempleo.com\/hrtrends\/programas-reinsercion-laboral\/"},"author":{"name":"Adriana M.","@id":"https:\/\/empresas.infoempleo.com\/hrtrends\/#\/schema\/person\/b1dd51edbb566a47cd8f7513fa73d223"},"headline":"\u00bfHacia qu\u00e9 perfiles tienen que ir los programas de reinserci\u00f3n laboral?","datePublished":"2018-12-26T11:01:34+00:00","mainEntityOfPage":{"@id":"https:\/\/empresas.infoempleo.com\/hrtrends\/programas-reinsercion-laboral\/"},"wordCount":761,"publisher":{"@id":"https:\/\/empresas.infoempleo.com\/hrtrends\/#organization"},"image":{"@id":"https:\/\/empresas.infoempleo.com\/hrtrends\/programas-reinsercion-laboral\/#primaryimage"},"thumbnailUrl":"https:\/\/empresas.infoempleo.com\/hrtrends\/media\/2018\/12\/HRTRENDS_reinsercion_laboral_L.jpg","keywords":["gesti\u00f3n de la diversidad","integraci\u00f3n"],"articleSection":["Actualidad"],"inLanguage":"es","copyrightYear":"2018","copyrightHolder":{"@id":"https:\/\/empresas.infoempleo.com\/hrtrends\/#organization"}},{"@type":"WebPage","@id":"https:\/\/empresas.infoempleo.com\/hrtrends\/programas-reinsercion-laboral\/","url":"https:\/\/empresas.infoempleo.com\/hrtrends\/programas-reinsercion-laboral\/","name":"Reinserci\u00f3n laboral: qu\u00e9 es y a qui\u00e9n est\u00e1 dirigida","isPartOf":{"@id":"https:\/\/empresas.infoempleo.com\/hrtrends\/#website"},"primaryImageOfPage":{"@id":"https:\/\/empresas.infoempleo.com\/hrtrends\/programas-reinsercion-laboral\/#primaryimage"},"image":{"@id":"https:\/\/empresas.infoempleo.com\/hrtrends\/programas-reinsercion-laboral\/#primaryimage"},"thumbnailUrl":"https:\/\/empresas.infoempleo.com\/hrtrends\/media\/2018\/12\/HRTRENDS_reinsercion_laboral_L.jpg","datePublished":"2018-12-26T11:01:34+00:00","description":"Te contamos qu\u00e9 es la reinserci\u00f3n laboral, a qu\u00e9 personas implica, c\u00f3mo se lleva a cabo y qu\u00e9 repercusiones tiene para la empresa. \u00a1No te lo pierdas!","breadcrumb":{"@id":"https:\/\/empresas.infoempleo.com\/hrtrends\/programas-reinsercion-laboral\/#breadcrumb"},"inLanguage":"es","potentialAction":[{"@type":"ReadAction","target":["https:\/\/empresas.infoempleo.com\/hrtrends\/programas-reinsercion-laboral\/"]}]},{"@type":"ImageObject","inLanguage":"es","@id":"https:\/\/empresas.infoempleo.com\/hrtrends\/programas-reinsercion-laboral\/#primaryimage","url":"https:\/\/empresas.infoempleo.com\/hrtrends\/media\/2018\/12\/HRTRENDS_reinsercion_laboral_L-150x150.jpg","contentUrl":"https:\/\/empresas.infoempleo.com\/hrtrends\/media\/2018\/12\/HRTRENDS_reinsercion_laboral_L-150x150.jpg","width":150,"height":150,"caption":"Reinserci\u00f3n laboral: qu\u00e9 es y qu\u00e9 implicaciones tiene"},{"@type":"BreadcrumbList","@id":"https:\/\/empresas.infoempleo.com\/hrtrends\/programas-reinsercion-laboral\/#breadcrumb","itemListElement":[{"@type":"ListItem","position":1,"name":"Portada","item":"https:\/\/empresas.infoempleo.com\/hrtrends\/"},{"@type":"ListItem","position":2,"name":"\u00bfHacia qu\u00e9 perfiles tienen que ir los programas de reinserci\u00f3n laboral?"}]},{"@type":"WebSite","@id":"https:\/\/empresas.infoempleo.com\/hrtrends\/#website","url":"https:\/\/empresas.infoempleo.com\/hrtrends","name":"HRTrends by Infoempleo","description":"","publisher":{"@id":"https:\/\/empresas.infoempleo.com\/hrtrends\/#organization"},"potentialAction":{"@type":"SearchAction","target":"https:\/\/empresas.infoempleo.com\/hrtrends\/?s={search_term_string}","query-input":"required name=search_term_string"},"inLanguage":"es"},{"@type":"Organization","@id":"https:\/\/empresas.infoempleo.com\/hrtrends\/#organization","name":"Infoempleo","url":"https:\/\/www.infoempleo.com\/","logo":{"@type":"ImageObject","@id":"https:\/\/empresas.infoempleo.com\/hrtrends\/#logo","inLanguage":"es","url":"https:\/\/cdnazure.infoempleo.com\/infoempleo\/assets\/style\/gfx\/logo.svg","contentUrl":"https:\/\/cdnazure.infoempleo.com\/infoempleo\/assets\/style\/gfx\/logo.svg","width":150,"height":40,"caption":"Infoempleo"},"image":{"@id":"https:\/\/empresas.infoempleo.com\/hrtrends\/#logo"},"sameAs":["https:\/\/www.facebook.com\/Infoempleo","https:\/\/x.com\/infoempleo","http:\/\/instagram.com\/infoempleo\/","http:\/\/www.linkedin.com\/groups\/Empleo-Espa\u00f1a-Infoempleocom-111276","http:\/\/pinterest.com\/infoempleo\/"],"address":{"@type":"PostalAddress","addressLocality":"Madrid","postalCode":"28050","streetAddress":"Avenida de Burgos 114"},"brand":["Infoempleo"]},{"@type":"Person","@id":"https:\/\/empresas.infoempleo.com\/hrtrends\/#\/schema\/person\/b1dd51edbb566a47cd8f7513fa73d223","name":"Adriana M.","image":{"@type":"ImageObject","inLanguage":"es","@id":"https:\/\/empresas.infoempleo.com\/hrtrends\/#\/schema\/person\/image\/","url":"https:\/\/secure.gravatar.com\/avatar\/243f7dd7e1db0ad0e9791be05df7d72ba5c8bf338408591753bae2fe87dae18d?s=96&d=mm&r=g","contentUrl":"https:\/\/secure.gravatar.com\/avatar\/243f7dd7e1db0ad0e9791be05df7d72ba5c8bf338408591753bae2fe87dae18d?s=96&d=mm&r=g","caption":"Adriana M."},"description":"Periodista y experta en Comunicaci\u00f3n Audiovisual y Narrativa. Me encanta escribir y narrar lo que pasa a mi alrededor es mi pasi\u00f3n.","url":"https:\/\/empresas.infoempleo.com\/hrtrends\/author\/adriana-kanvas\/"}]}},"amp_enabled":true,"_links":{"self":[{"href":"https:\/\/empresas.infoempleo.com\/hrtrends\/wp-json\/wp\/v2\/posts\/34597","targetHints":{"allow":["GET"]}}],"collection":[{"href":"https:\/\/empresas.infoempleo.com\/hrtrends\/wp-json\/wp\/v2\/posts"}],"about":[{"href":"https:\/\/empresas.infoempleo.com\/hrtrends\/wp-json\/wp\/v2\/types\/post"}],"author":[{"embeddable":true,"href":"https:\/\/empresas.infoempleo.com\/hrtrends\/wp-json\/wp\/v2\/users\/122"}],"replies":[{"embeddable":true,"href":"https:\/\/empresas.infoempleo.com\/hrtrends\/wp-json\/wp\/v2\/comments?post=34597"}],"version-history":[{"count":0,"href":"https:\/\/empresas.infoempleo.com\/hrtrends\/wp-json\/wp\/v2\/posts\/34597\/revisions"}],"wp:featuredmedia":[{"embeddable":true,"href":"https:\/\/empresas.infoempleo.com\/hrtrends\/wp-json\/wp\/v2\/media\/34598"}],"wp:attachment":[{"href":"https:\/\/empresas.infoempleo.com\/hrtrends\/wp-json\/wp\/v2\/media?parent=34597"}],"wp:term":[{"taxonomy":"category","embeddable":true,"href":"https:\/\/empresas.infoempleo.com\/hrtrends\/wp-json\/wp\/v2\/categories?post=34597"},{"taxonomy":"post_tag","embeddable":true,"href":"https:\/\/empresas.infoempleo.com\/hrtrends\/wp-json\/wp\/v2\/tags?post=34597"}],"curies":[{"name":"wp","href":"https:\/\/api.w.org\/{rel}","templated":true}]}}