{"id":34379,"date":"2018-10-24T14:09:42","date_gmt":"2018-10-24T12:09:42","guid":{"rendered":"https:\/\/empresas.infoempleo.com\/hrtrends\/?p=34379"},"modified":"2024-08-29T17:50:21","modified_gmt":"2024-08-29T15:50:21","slug":"facebook-seleccion-personal","status":"publish","type":"post","link":"https:\/\/empresas.infoempleo.com\/hrtrends\/facebook-seleccion-personal\/","title":{"rendered":"Uso de Facebook en la selecci\u00f3n de personal"},"content":{"rendered":"<p>Facebook, como sabemos, se ha convertido en la <strong>red social de tipo personal<\/strong> con mayor n\u00famero de usuarios en el mundo. Esto la convierte claramente en una fuente de informaci\u00f3n para nuestros procesos de selecci\u00f3n<\/p>\n<p>Si en un art\u00edculo anterior ve\u00edamos c\u00f3mo usar Facebook en reclutamiento de personal,\u00a0en este nuevo art\u00edculo veremos el uso de <strong>Facebook en la\u00a0selecci\u00f3n o evaluaci\u00f3n de los candidatos<\/strong>. Como siempre podremos encontrarnos en dicha red tanto con candidatos que se ajusten perfectamente a nuestros requerimientos como con otros que descartemos ya en la primera criba. Pero eso pasa con cualquier procedimiento de selecci\u00f3n que utilicemos.<\/p>\n<h2>Uso de Facebook en la fase de selecci\u00f3n<\/h2>\n<p>Debido a las potencialidades de Facebook en cuanto al reclutamiento de diferentes perfiles se ha producido en los \u00faltimos a\u00f1os una r\u00e1pida proliferaci\u00f3n de aplicaciones que nos facilitan la b\u00fasqueda de candidatos, que son las que ve\u00edamos para la fase de reclutamiento. Pero tambi\u00e9n debe destacarse la utilidad de esta red para estudiar los perfiles de las personas ya preseleccionadas en un proceso.<br \/>\nNos encontramos ahora por tanto en la fase de selecci\u00f3n propiamente dicha y no en la de reclutamiento. En la fase de selecci\u00f3n, como sabemos, comienza la evaluaci\u00f3n y las cribas formales de candidatos.<br \/>\nAqu\u00ed podemos hablar de dos casos distintos:<\/p>\n<ul>\n<li>Candidatos reclutados usando Facebook.<\/li>\n<li>Candidatos reclutados por otras v\u00edas.<\/li>\n<\/ul>\n<p>En el primer caso estamos hablando de <strong>volver a usar esta red para retornar al perfil de la persona preseleccionada<\/strong> habida cuenta de que al encontrarlo por esta v\u00eda seguramente habremos hecho ya una primera inspecci\u00f3n del mismo.<\/p>\n<p>En el segundo caso hablamos de <strong>usar la red social para conocer desde 0 a ese preseleccionado<\/strong>, sin habernos introducido en su mundo personal hasta este momento.<\/p>\n<p>En definitiva no existe demasiada diferencia entre una y otra situaci\u00f3n puesto que en el primer caso realizamos por lo general un primer vistazo somero del perfil en Facebook de cada persona para despu\u00e9s preseleccionarlo por su cv o por otros elementos.<\/p>\n<h2>Informaci\u00f3n que obtienes del candidato en Facebook<\/h2>\n<p>Entre los datos existentes en las redes sociales, concretamente en el caso de Facebook, se puede llegar a obtener:<\/p>\n<ul>\n<li>Lugar de residencia.<\/li>\n<li>Estudios y experiencia profesional.<\/li>\n<li>Amistades e interacci\u00f3n con ellas.<\/li>\n<li>Grupos a los que pertenece.<\/li>\n<li>Comentarios y opiniones personales.<\/li>\n<li>Aspectos del comportamiento individual.<\/li>\n<\/ul>\n<p>Por tanto una <strong>gran cantidad de informaci\u00f3n que depender\u00e1 tambi\u00e9n del grado de uso del perfil por parte de cada persona<\/strong> y tambi\u00e9n de si est\u00e1 completo y actualizado o no. Nos encontramos con personas que usan Facebook cada d\u00eda y otras que solo usan la red en momentos puntuales de sus vidas, y esto debe vigilarse.<\/p>\n<h2>Lo que debes tener en cuenta al usar Facebook en selecci\u00f3n<\/h2>\n<p>Algunos aspectos a tener en cuenta a la hora de usar Facebook para seleccionar de entre los candidatos en un proceso al ideal para el puesto de trabajo son estos:<\/p>\n<ul>\n<li>Uso que el candidato hace de esta red y si su perfil est\u00e1 actualizado.<\/li>\n<li>No buscar solo aspectos negativos de su personalidad sino centrarse tambi\u00e9n en ver aspectos positivos.<\/li>\n<li>Combinar la informaci\u00f3n obtenida con la procedente de otras fuentes aptas para estudiar perfiles profesionales.<\/li>\n<li>Siempre tener en cuenta el respeto debido a los candidatos al puesto y su derecho a la privacidad, inform\u00e1ndoles de que si nos lo autorizan se estudiar\u00e1n sus perfiles en las redes sociales.<\/li>\n<\/ul>\n<p>Importante es comentar como conclusi\u00f3n que en orden a <strong>la configuraci\u00f3n de privacidad Facebook<\/strong> contempla cinco supuestos distintos relacionados con la difusi\u00f3n de las publicaciones: p\u00fablico, amigos, amigos excepto conocidos, s\u00f3lo yo y personalizado. La postura m\u00e1s restrictiva es s\u00f3lo yo y la m\u00e1s aperturista es la de p\u00fablico. Esto significa que dependiendo de esta configuraci\u00f3n podremos o no ver todas las publicaciones de un candidato.<\/p>\n<p>Dejando de lado esa circunstancia consideramos que una red social personal como esta. Bien usada y planificada, puede darnos informaci\u00f3n muy valiosa para nuestros procesos.<\/p>\n","protected":false},"excerpt":{"rendered":"<p>Facebook, como sabemos, se ha convertido en la red social de tipo personal con mayor n\u00famero de usuarios<a class=\"moretag\" href=\"https:\/\/empresas.infoempleo.com\/hrtrends\/facebook-seleccion-personal\/\"> Leer m\u00e1s<\/a><\/p>\n","protected":false},"author":123,"featured_media":34383,"comment_status":"closed","ping_status":"closed","sticky":false,"template":"","format":"standard","meta":{"footnotes":""},"categories":[3015],"tags":[2382,26],"class_list":["post-34379","post","type-post","status-publish","format-standard","has-post-thumbnail","hentry","category-recruiter-branding","tag-reclutamiento-2-0","tag-redes-sociales"],"yoast_head":"<!-- This site is optimized with the Yoast SEO plugin v26.1.1 - https:\/\/yoast.com\/wordpress\/plugins\/seo\/ -->\n<title>Facebook en la selecci\u00f3n de personal<\/title>\n<meta name=\"description\" content=\"\u00bfSabes que esta red social puede ayudarte a conocer mejor a tus potenciales empleados? Te contamos de qu\u00e9 manera sacarle el mejor partido.\" \/>\n<meta name=\"robots\" content=\"index, follow, max-snippet:-1, max-image-preview:large, max-video-preview:-1\" \/>\n<link rel=\"canonical\" href=\"https:\/\/empresas.infoempleo.com\/hrtrends\/facebook-seleccion-personal\/\" \/>\n<meta property=\"og:locale\" content=\"es_ES\" \/>\n<meta property=\"og:type\" content=\"article\" \/>\n<meta property=\"og:title\" content=\"Facebook en la selecci\u00f3n de personal\" \/>\n<meta property=\"og:description\" content=\"\u00bfSabes que esta red social puede ayudarte a conocer mejor a tus potenciales empleados? Te contamos de qu\u00e9 manera sacarle el mejor partido.\" \/>\n<meta property=\"og:url\" content=\"https:\/\/empresas.infoempleo.com\/hrtrends\/facebook-seleccion-personal\/\" \/>\n<meta property=\"og:site_name\" content=\"HRTRENDS\" \/>\n<meta property=\"article:publisher\" content=\"https:\/\/www.facebook.com\/Infoempleo\" \/>\n<meta property=\"article:author\" content=\"https:\/\/www.facebook.com\/aimdesarrollo\/\" \/>\n<meta property=\"article:published_time\" content=\"2018-10-24T12:09:42+00:00\" \/>\n<meta property=\"article:modified_time\" content=\"2024-08-29T15:50:21+00:00\" \/>\n<meta property=\"og:image\" content=\"https:\/\/empresas.infoempleo.com\/hrtrends\/media\/2018\/10\/pexels-photo-267399.jpeg\" \/>\n\t<meta property=\"og:image:width\" content=\"900\" \/>\n\t<meta property=\"og:image:height\" content=\"566\" \/>\n\t<meta property=\"og:image:type\" content=\"image\/jpeg\" \/>\n<meta name=\"author\" content=\"Marta Fern\u00e1ndez\" \/>\n<meta name=\"twitter:card\" content=\"summary_large_image\" \/>\n<meta name=\"twitter:creator\" content=\"@infoempleo\" \/>\n<meta name=\"twitter:site\" content=\"@infoempleo\" \/>\n<meta name=\"twitter:label1\" content=\"Escrito por\" \/>\n\t<meta name=\"twitter:data1\" content=\"Marta Fern\u00e1ndez\" \/>\n\t<meta name=\"twitter:label2\" content=\"Tiempo de lectura\" \/>\n\t<meta name=\"twitter:data2\" content=\"3 minutos\" \/>\n<script type=\"application\/ld+json\" class=\"yoast-schema-graph\">{\"@context\":\"https:\/\/schema.org\",\"@graph\":[{\"@type\":\"NewsArticle\",\"@id\":\"https:\/\/empresas.infoempleo.com\/hrtrends\/facebook-seleccion-personal\/#article\",\"isPartOf\":{\"@id\":\"https:\/\/empresas.infoempleo.com\/hrtrends\/facebook-seleccion-personal\/\"},\"author\":{\"name\":\"Marta Fern\u00e1ndez\",\"@id\":\"https:\/\/empresas.infoempleo.com\/hrtrends\/#\/schema\/person\/db5725edb72930307626ec32a099916a\"},\"headline\":\"Uso de Facebook en la selecci\u00f3n de personal\",\"datePublished\":\"2018-10-24T12:09:42+00:00\",\"dateModified\":\"2024-08-29T15:50:21+00:00\",\"mainEntityOfPage\":{\"@id\":\"https:\/\/empresas.infoempleo.com\/hrtrends\/facebook-seleccion-personal\/\"},\"wordCount\":702,\"publisher\":{\"@id\":\"https:\/\/empresas.infoempleo.com\/hrtrends\/#organization\"},\"image\":{\"@id\":\"https:\/\/empresas.infoempleo.com\/hrtrends\/facebook-seleccion-personal\/#primaryimage\"},\"thumbnailUrl\":\"https:\/\/empresas.infoempleo.com\/hrtrends\/media\/2018\/10\/pexels-photo-267399.jpeg\",\"keywords\":[\"reclutamiento 2.0\",\"redes sociales\"],\"articleSection\":[\"Recruiter branding\"],\"inLanguage\":\"es\",\"copyrightYear\":\"2018\",\"copyrightHolder\":{\"@id\":\"https:\/\/empresas.infoempleo.com\/hrtrends\/#organization\"}},{\"@type\":\"WebPage\",\"@id\":\"https:\/\/empresas.infoempleo.com\/hrtrends\/facebook-seleccion-personal\/\",\"url\":\"https:\/\/empresas.infoempleo.com\/hrtrends\/facebook-seleccion-personal\/\",\"name\":\"Facebook en la selecci\u00f3n de personal\",\"isPartOf\":{\"@id\":\"https:\/\/empresas.infoempleo.com\/hrtrends\/#website\"},\"primaryImageOfPage\":{\"@id\":\"https:\/\/empresas.infoempleo.com\/hrtrends\/facebook-seleccion-personal\/#primaryimage\"},\"image\":{\"@id\":\"https:\/\/empresas.infoempleo.com\/hrtrends\/facebook-seleccion-personal\/#primaryimage\"},\"thumbnailUrl\":\"https:\/\/empresas.infoempleo.com\/hrtrends\/media\/2018\/10\/pexels-photo-267399.jpeg\",\"datePublished\":\"2018-10-24T12:09:42+00:00\",\"dateModified\":\"2024-08-29T15:50:21+00:00\",\"description\":\"\u00bfSabes que esta red social puede ayudarte a conocer mejor a tus potenciales empleados? Te contamos de qu\u00e9 manera sacarle el mejor partido.\",\"breadcrumb\":{\"@id\":\"https:\/\/empresas.infoempleo.com\/hrtrends\/facebook-seleccion-personal\/#breadcrumb\"},\"inLanguage\":\"es\",\"potentialAction\":[{\"@type\":\"ReadAction\",\"target\":[\"https:\/\/empresas.infoempleo.com\/hrtrends\/facebook-seleccion-personal\/\"]}]},{\"@type\":\"ImageObject\",\"inLanguage\":\"es\",\"@id\":\"https:\/\/empresas.infoempleo.com\/hrtrends\/facebook-seleccion-personal\/#primaryimage\",\"url\":\"https:\/\/empresas.infoempleo.com\/hrtrends\/media\/2018\/10\/pexels-photo-267399-150x150.jpeg\",\"contentUrl\":\"https:\/\/empresas.infoempleo.com\/hrtrends\/media\/2018\/10\/pexels-photo-267399-150x150.jpeg\",\"width\":150,\"height\":150,\"caption\":\"facebook para reclutamiento\"},{\"@type\":\"BreadcrumbList\",\"@id\":\"https:\/\/empresas.infoempleo.com\/hrtrends\/facebook-seleccion-personal\/#breadcrumb\",\"itemListElement\":[{\"@type\":\"ListItem\",\"position\":1,\"name\":\"Portada\",\"item\":\"https:\/\/empresas.infoempleo.com\/hrtrends\/\"},{\"@type\":\"ListItem\",\"position\":2,\"name\":\"Uso de Facebook en la selecci\u00f3n de personal\"}]},{\"@type\":\"WebSite\",\"@id\":\"https:\/\/empresas.infoempleo.com\/hrtrends\/#website\",\"url\":\"https:\/\/empresas.infoempleo.com\/hrtrends\",\"name\":\"HRTrends by Infoempleo\",\"description\":\"\",\"publisher\":{\"@id\":\"https:\/\/empresas.infoempleo.com\/hrtrends\/#organization\"},\"potentialAction\":{\"@type\":\"SearchAction\",\"target\":\"https:\/\/empresas.infoempleo.com\/hrtrends\/?s={search_term_string}\",\"query-input\":\"required name=search_term_string\"},\"inLanguage\":\"es\"},{\"@type\":\"Organization\",\"@id\":\"https:\/\/empresas.infoempleo.com\/hrtrends\/#organization\",\"name\":\"Infoempleo\",\"url\":\"https:\/\/www.infoempleo.com\/\",\"logo\":{\"@type\":\"ImageObject\",\"@id\":\"https:\/\/empresas.infoempleo.com\/hrtrends\/#logo\",\"inLanguage\":\"es\",\"url\":\"https:\/\/cdnazure.infoempleo.com\/infoempleo\/assets\/style\/gfx\/logo.svg\",\"contentUrl\":\"https:\/\/cdnazure.infoempleo.com\/infoempleo\/assets\/style\/gfx\/logo.svg\",\"width\":150,\"height\":40,\"caption\":\"Infoempleo\"},\"image\":{\"@id\":\"https:\/\/empresas.infoempleo.com\/hrtrends\/#logo\"},\"sameAs\":[\"https:\/\/www.facebook.com\/Infoempleo\",\"https:\/\/x.com\/infoempleo\",\"http:\/\/instagram.com\/infoempleo\/\",\"http:\/\/www.linkedin.com\/groups\/Empleo-Espa\u00f1a-Infoempleocom-111276\",\"http:\/\/pinterest.com\/infoempleo\/\"],\"address\":{\"@type\":\"PostalAddress\",\"addressLocality\":\"Madrid\",\"postalCode\":\"28050\",\"streetAddress\":\"Avenida de Burgos 114\"},\"brand\":[\"Infoempleo\"]},{\"@type\":\"Person\",\"@id\":\"https:\/\/empresas.infoempleo.com\/hrtrends\/#\/schema\/person\/db5725edb72930307626ec32a099916a\",\"name\":\"Marta Fern\u00e1ndez\",\"image\":{\"@type\":\"ImageObject\",\"inLanguage\":\"es\",\"@id\":\"https:\/\/empresas.infoempleo.com\/hrtrends\/#\/schema\/person\/image\/\",\"url\":\"https:\/\/secure.gravatar.com\/avatar\/17212cc37bb26820c17e8afd80bfbd16891071a1a2c8f56c4bf7c2c910be833d?s=96&d=mm&r=g\",\"contentUrl\":\"https:\/\/secure.gravatar.com\/avatar\/17212cc37bb26820c17e8afd80bfbd16891071a1a2c8f56c4bf7c2c910be833d?s=96&d=mm&r=g\",\"caption\":\"Marta Fern\u00e1ndez\"},\"description\":\"Soy Marta, Licenciada en Psicolog\u00eda por la Universidad de Oviedo y en Psicopedagog\u00eda por la UNED. Tengo un m\u00e1ster en Intervenci\u00f3n e Investigaci\u00f3n Socioeducativa y otro en Direcci\u00f3n de Recursos Humanos en la ISNIB de Barcelona. He trabajado en el \u00e1mbito de las ETT y en una agencia de colocaci\u00f3n durante varios a\u00f1os, adem\u00e1s de realizar orientaci\u00f3n en el COIE de la UNED.\",\"sameAs\":[\"https:\/\/www.aimdesarrolloprofesional.com\/\",\"https:\/\/www.facebook.com\/aimdesarrollo\/\"],\"url\":\"https:\/\/empresas.infoempleo.com\/hrtrends\/author\/mftrends\/\"}]}<\/script>\n<!-- \/ Yoast SEO plugin. -->","yoast_head_json":{"title":"Facebook en la selecci\u00f3n de personal","description":"\u00bfSabes que esta red social puede ayudarte a conocer mejor a tus potenciales empleados? Te contamos de qu\u00e9 manera sacarle el mejor partido.","robots":{"index":"index","follow":"follow","max-snippet":"max-snippet:-1","max-image-preview":"max-image-preview:large","max-video-preview":"max-video-preview:-1"},"canonical":"https:\/\/empresas.infoempleo.com\/hrtrends\/facebook-seleccion-personal\/","og_locale":"es_ES","og_type":"article","og_title":"Facebook en la selecci\u00f3n de personal","og_description":"\u00bfSabes que esta red social puede ayudarte a conocer mejor a tus potenciales empleados? Te contamos de qu\u00e9 manera sacarle el mejor partido.","og_url":"https:\/\/empresas.infoempleo.com\/hrtrends\/facebook-seleccion-personal\/","og_site_name":"HRTRENDS","article_publisher":"https:\/\/www.facebook.com\/Infoempleo","article_author":"https:\/\/www.facebook.com\/aimdesarrollo\/","article_published_time":"2018-10-24T12:09:42+00:00","article_modified_time":"2024-08-29T15:50:21+00:00","og_image":[{"width":900,"height":566,"url":"https:\/\/empresas.infoempleo.com\/hrtrends\/media\/2018\/10\/pexels-photo-267399.jpeg","type":"image\/jpeg"}],"author":"Marta Fern\u00e1ndez","twitter_card":"summary_large_image","twitter_creator":"@infoempleo","twitter_site":"@infoempleo","twitter_misc":{"Escrito por":"Marta Fern\u00e1ndez","Tiempo de lectura":"3 minutos"},"schema":{"@context":"https:\/\/schema.org","@graph":[{"@type":"NewsArticle","@id":"https:\/\/empresas.infoempleo.com\/hrtrends\/facebook-seleccion-personal\/#article","isPartOf":{"@id":"https:\/\/empresas.infoempleo.com\/hrtrends\/facebook-seleccion-personal\/"},"author":{"name":"Marta Fern\u00e1ndez","@id":"https:\/\/empresas.infoempleo.com\/hrtrends\/#\/schema\/person\/db5725edb72930307626ec32a099916a"},"headline":"Uso de Facebook en la selecci\u00f3n de personal","datePublished":"2018-10-24T12:09:42+00:00","dateModified":"2024-08-29T15:50:21+00:00","mainEntityOfPage":{"@id":"https:\/\/empresas.infoempleo.com\/hrtrends\/facebook-seleccion-personal\/"},"wordCount":702,"publisher":{"@id":"https:\/\/empresas.infoempleo.com\/hrtrends\/#organization"},"image":{"@id":"https:\/\/empresas.infoempleo.com\/hrtrends\/facebook-seleccion-personal\/#primaryimage"},"thumbnailUrl":"https:\/\/empresas.infoempleo.com\/hrtrends\/media\/2018\/10\/pexels-photo-267399.jpeg","keywords":["reclutamiento 2.0","redes sociales"],"articleSection":["Recruiter branding"],"inLanguage":"es","copyrightYear":"2018","copyrightHolder":{"@id":"https:\/\/empresas.infoempleo.com\/hrtrends\/#organization"}},{"@type":"WebPage","@id":"https:\/\/empresas.infoempleo.com\/hrtrends\/facebook-seleccion-personal\/","url":"https:\/\/empresas.infoempleo.com\/hrtrends\/facebook-seleccion-personal\/","name":"Facebook en la selecci\u00f3n de personal","isPartOf":{"@id":"https:\/\/empresas.infoempleo.com\/hrtrends\/#website"},"primaryImageOfPage":{"@id":"https:\/\/empresas.infoempleo.com\/hrtrends\/facebook-seleccion-personal\/#primaryimage"},"image":{"@id":"https:\/\/empresas.infoempleo.com\/hrtrends\/facebook-seleccion-personal\/#primaryimage"},"thumbnailUrl":"https:\/\/empresas.infoempleo.com\/hrtrends\/media\/2018\/10\/pexels-photo-267399.jpeg","datePublished":"2018-10-24T12:09:42+00:00","dateModified":"2024-08-29T15:50:21+00:00","description":"\u00bfSabes que esta red social puede ayudarte a conocer mejor a tus potenciales empleados? Te contamos de qu\u00e9 manera sacarle el mejor partido.","breadcrumb":{"@id":"https:\/\/empresas.infoempleo.com\/hrtrends\/facebook-seleccion-personal\/#breadcrumb"},"inLanguage":"es","potentialAction":[{"@type":"ReadAction","target":["https:\/\/empresas.infoempleo.com\/hrtrends\/facebook-seleccion-personal\/"]}]},{"@type":"ImageObject","inLanguage":"es","@id":"https:\/\/empresas.infoempleo.com\/hrtrends\/facebook-seleccion-personal\/#primaryimage","url":"https:\/\/empresas.infoempleo.com\/hrtrends\/media\/2018\/10\/pexels-photo-267399-150x150.jpeg","contentUrl":"https:\/\/empresas.infoempleo.com\/hrtrends\/media\/2018\/10\/pexels-photo-267399-150x150.jpeg","width":150,"height":150,"caption":"facebook para reclutamiento"},{"@type":"BreadcrumbList","@id":"https:\/\/empresas.infoempleo.com\/hrtrends\/facebook-seleccion-personal\/#breadcrumb","itemListElement":[{"@type":"ListItem","position":1,"name":"Portada","item":"https:\/\/empresas.infoempleo.com\/hrtrends\/"},{"@type":"ListItem","position":2,"name":"Uso de Facebook en la selecci\u00f3n de personal"}]},{"@type":"WebSite","@id":"https:\/\/empresas.infoempleo.com\/hrtrends\/#website","url":"https:\/\/empresas.infoempleo.com\/hrtrends","name":"HRTrends by Infoempleo","description":"","publisher":{"@id":"https:\/\/empresas.infoempleo.com\/hrtrends\/#organization"},"potentialAction":{"@type":"SearchAction","target":"https:\/\/empresas.infoempleo.com\/hrtrends\/?s={search_term_string}","query-input":"required name=search_term_string"},"inLanguage":"es"},{"@type":"Organization","@id":"https:\/\/empresas.infoempleo.com\/hrtrends\/#organization","name":"Infoempleo","url":"https:\/\/www.infoempleo.com\/","logo":{"@type":"ImageObject","@id":"https:\/\/empresas.infoempleo.com\/hrtrends\/#logo","inLanguage":"es","url":"https:\/\/cdnazure.infoempleo.com\/infoempleo\/assets\/style\/gfx\/logo.svg","contentUrl":"https:\/\/cdnazure.infoempleo.com\/infoempleo\/assets\/style\/gfx\/logo.svg","width":150,"height":40,"caption":"Infoempleo"},"image":{"@id":"https:\/\/empresas.infoempleo.com\/hrtrends\/#logo"},"sameAs":["https:\/\/www.facebook.com\/Infoempleo","https:\/\/x.com\/infoempleo","http:\/\/instagram.com\/infoempleo\/","http:\/\/www.linkedin.com\/groups\/Empleo-Espa\u00f1a-Infoempleocom-111276","http:\/\/pinterest.com\/infoempleo\/"],"address":{"@type":"PostalAddress","addressLocality":"Madrid","postalCode":"28050","streetAddress":"Avenida de Burgos 114"},"brand":["Infoempleo"]},{"@type":"Person","@id":"https:\/\/empresas.infoempleo.com\/hrtrends\/#\/schema\/person\/db5725edb72930307626ec32a099916a","name":"Marta Fern\u00e1ndez","image":{"@type":"ImageObject","inLanguage":"es","@id":"https:\/\/empresas.infoempleo.com\/hrtrends\/#\/schema\/person\/image\/","url":"https:\/\/secure.gravatar.com\/avatar\/17212cc37bb26820c17e8afd80bfbd16891071a1a2c8f56c4bf7c2c910be833d?s=96&d=mm&r=g","contentUrl":"https:\/\/secure.gravatar.com\/avatar\/17212cc37bb26820c17e8afd80bfbd16891071a1a2c8f56c4bf7c2c910be833d?s=96&d=mm&r=g","caption":"Marta Fern\u00e1ndez"},"description":"Soy Marta, Licenciada en Psicolog\u00eda por la Universidad de Oviedo y en Psicopedagog\u00eda por la UNED. Tengo un m\u00e1ster en Intervenci\u00f3n e Investigaci\u00f3n Socioeducativa y otro en Direcci\u00f3n de Recursos Humanos en la ISNIB de Barcelona. He trabajado en el \u00e1mbito de las ETT y en una agencia de colocaci\u00f3n durante varios a\u00f1os, adem\u00e1s de realizar orientaci\u00f3n en el COIE de la UNED.","sameAs":["https:\/\/www.aimdesarrolloprofesional.com\/","https:\/\/www.facebook.com\/aimdesarrollo\/"],"url":"https:\/\/empresas.infoempleo.com\/hrtrends\/author\/mftrends\/"}]}},"amp_enabled":true,"_links":{"self":[{"href":"https:\/\/empresas.infoempleo.com\/hrtrends\/wp-json\/wp\/v2\/posts\/34379","targetHints":{"allow":["GET"]}}],"collection":[{"href":"https:\/\/empresas.infoempleo.com\/hrtrends\/wp-json\/wp\/v2\/posts"}],"about":[{"href":"https:\/\/empresas.infoempleo.com\/hrtrends\/wp-json\/wp\/v2\/types\/post"}],"author":[{"embeddable":true,"href":"https:\/\/empresas.infoempleo.com\/hrtrends\/wp-json\/wp\/v2\/users\/123"}],"replies":[{"embeddable":true,"href":"https:\/\/empresas.infoempleo.com\/hrtrends\/wp-json\/wp\/v2\/comments?post=34379"}],"version-history":[{"count":1,"href":"https:\/\/empresas.infoempleo.com\/hrtrends\/wp-json\/wp\/v2\/posts\/34379\/revisions"}],"predecessor-version":[{"id":45452,"href":"https:\/\/empresas.infoempleo.com\/hrtrends\/wp-json\/wp\/v2\/posts\/34379\/revisions\/45452"}],"wp:featuredmedia":[{"embeddable":true,"href":"https:\/\/empresas.infoempleo.com\/hrtrends\/wp-json\/wp\/v2\/media\/34383"}],"wp:attachment":[{"href":"https:\/\/empresas.infoempleo.com\/hrtrends\/wp-json\/wp\/v2\/media?parent=34379"}],"wp:term":[{"taxonomy":"category","embeddable":true,"href":"https:\/\/empresas.infoempleo.com\/hrtrends\/wp-json\/wp\/v2\/categories?post=34379"},{"taxonomy":"post_tag","embeddable":true,"href":"https:\/\/empresas.infoempleo.com\/hrtrends\/wp-json\/wp\/v2\/tags?post=34379"}],"curies":[{"name":"wp","href":"https:\/\/api.w.org\/{rel}","templated":true}]}}