{"id":34338,"date":"2018-10-19T13:53:23","date_gmt":"2018-10-19T11:53:23","guid":{"rendered":"https:\/\/empresas.infoempleo.com\/hrtrends\/?p=34338"},"modified":"2025-10-21T12:06:14","modified_gmt":"2025-10-21T10:06:14","slug":"baja-voluntaria-sin-preaviso","status":"publish","type":"post","link":"https:\/\/empresas.infoempleo.com\/hrtrends\/baja-voluntaria-sin-preaviso\/","title":{"rendered":"C\u00f3mo proceder ante una baja voluntaria sin preaviso"},"content":{"rendered":"<p><span style=\"font-weight: 400\">Como principio general, un trabajador con contrato vigente est\u00e1 obligado a notificar que deja su empleo con un <\/span><b>m\u00ednimo de 15 d\u00edas de antelaci\u00f3n<\/b><span style=\"font-weight: 400\">. De no ser as\u00ed, puede exponerse a <\/span><b>reclamaciones<\/b><span style=\"font-weight: 400\"> por parte de la empresa y a la <\/span><b>p\u00e9rdida de derechos<\/b><span style=\"font-weight: 400\">. En este art\u00edculo te explicamos c\u00f3mo tiene que actuar un <\/span><b>departamento de RRHH<\/b><span style=\"font-weight: 400\"> ante una <\/span><b>baja voluntaria sin preaviso<\/b><span style=\"font-weight: 400\">, tanto en lo que respecta al aspecto econ\u00f3mico como al registro del despido.<\/span><\/p>\n<h2><b>C\u00f3mo actuar ante una baja voluntaria<\/b><\/h2>\n<p><span style=\"font-weight: 400\">Como ya sabr\u00e1s, aunque <\/span><b>la baja voluntaria<\/b><span style=\"font-weight: 400\"> no implica la renuncia a <\/span><b>recibir un finiquito<\/b><span style=\"font-weight: 400\">, s\u00ed sucede que el trabajador pierde autom\u00e1ticamente el derecho a la <\/span><b>indemnizaci\u00f3n por despido<\/b><span style=\"font-weight: 400\">. No obstante, hay que abonarle los d\u00edas que le correspondan del mes en que abandona su puesto, la parte proporcional de las <\/span><b>pagas extraordinarias<\/b><span style=\"font-weight: 400\"> y las vacaciones en el caso de que no las haya disfrutado.<\/span><\/p>\n<p><span style=\"font-weight: 400\">Ahora bien, la <\/span><b>legislaci\u00f3n laboral espa\u00f1ola<\/b><span style=\"font-weight: 400\"> indica que, cuando un trabajador quiere abandonar su puesto de trabajo, ha de avisar con <\/span><b>15 d\u00edas naturales<\/b><span style=\"font-weight: 400\">. Por otro lado, si bien el empleado puede avisar verbalmente, lo m\u00e1s recomendable es que lo haga por escrito y por duplicado, de manera que, desde el <\/span><b>departamento de RRHH<\/b><span style=\"font-weight: 400\"> conviene que reclames ese documento.<\/span><\/p>\n<p><img loading=\"lazy\" decoding=\"async\" class=\"alignnone size-full wp-image-34340\" src=\"https:\/\/empresas.infoempleo.com\/hrtrends\/media\/2018\/10\/HRTRENDS-baja-voluntaria.jpg\" alt=\"Baja voluntaria sin preaviso: c\u00f3mo proceder desde RRHH\" width=\"724\" height=\"483\" srcset=\"https:\/\/empresas.infoempleo.com\/hrtrends\/media\/2018\/10\/HRTRENDS-baja-voluntaria.jpg 724w, https:\/\/empresas.infoempleo.com\/hrtrends\/media\/2018\/10\/HRTRENDS-baja-voluntaria-300x200.jpg 300w\" sizes=\"auto, (max-width: 724px) 100vw, 724px\" \/><\/p>\n<h2><b>Consecuencias de la baja voluntaria sin preaviso<\/b><\/h2>\n<p><span style=\"font-weight: 400\">Si hay una <\/span><b>baja voluntaria sin preaviso<\/b><span style=\"font-weight: 400\">, puedes llevar a cabo <\/span><b>dos tipos de acciones<\/b><span style=\"font-weight: 400\">. En primer lugar, lo m\u00e1s oportuno es que descuentes al empleado la cantidad de d\u00edas que \u00e9l no ha comunicado que se iba a marchar, lo que implica <\/span><b>un ahorro para la empresa<\/b><span style=\"font-weight: 400\">. <\/span><\/p>\n<p><span style=\"font-weight: 400\">En segundo lugar, si consideras que la marcha repentina del trabajador ha generado grandes <\/span><b>perjuicios<\/b><span style=\"font-weight: 400\"> a la compa\u00f1\u00eda, puedes emprender <\/span><b>medidas legales<\/b><span style=\"font-weight: 400\"> por los da\u00f1os que haya generado. Esto es m\u00e1s oportuno en los puestos de importancia que en aquellos de <\/span><b>baja cualificaci\u00f3n<\/b><span style=\"font-weight: 400\">.<\/span><\/p>\n<h2><b>C\u00f3mo registrar una baja voluntaria<\/b><\/h2>\n<p><span style=\"font-weight: 400\">Es importante diferenciar entre <\/span><b>la baja voluntaria<\/b><span style=\"font-weight: 400\"> que ha sido notificada sin suficiente tiempo de antelaci\u00f3n y aquella otra en la que no ha habido ning\u00fan tipo de <\/span><b>comunicaci\u00f3n a la compa\u00f1\u00eda<\/b><span style=\"font-weight: 400\">. En el primer caso, debes hacerla constar como una <\/span><b>baja voluntaria<\/b><span style=\"font-weight: 400\"> y aplicar las medidas que consideres oportunas. <\/span><\/p>\n<p><span style=\"font-weight: 400\">En cambio, si un empleado se marcha sin avisar puedes registrar la baja como un <\/span><b>despido disciplinario<\/b> <a href=\"https:\/\/empresas.infoempleo.com\/hrtrends\/tipos-absentismo-laboral\/\"><span style=\"font-weight: 400\">por absentismo reiterado.<\/span><\/a><\/p>\n<p><span style=\"font-weight: 400\">Al final, de lo que se trata es de que optes por una <\/span><b>cobertura legal oportuna<\/b><span style=\"font-weight: 400\"> que proteja los <\/span><b>intereses de la empresa<\/b><span style=\"font-weight: 400\">. <\/span><\/p>\n<h2><b>Buscar nuevos empleados<\/b><\/h2>\n<p><span style=\"font-weight: 400\">Si un trabajador abandona la empresa sin notificarlo con suficiente antelaci\u00f3n, pueden darse problemas <\/span><b>relacionados con la productividad<\/b><span style=\"font-weight: 400\"> que pueden afectar al <\/span><a href=\"https:\/\/empresas.infoempleo.com\/hrtrends\/10-medidas-fomentar-bienestar-los-empleados\/\"><span style=\"font-weight: 400\">bienestar del resto de los empleados<\/span><\/a><span style=\"font-weight: 400\">. Por eso, tienes que procurar encontrar a un sustituto lo antes posible. <\/span><\/p>\n<p><span style=\"font-weight: 400\">Para evitar consecuencias y agobios innecesarios, ten siempre presente que este tipo de situaciones se pueden dar y elabora de vez en cuando listas de <\/span><b>posibles candidatos<\/b><span style=\"font-weight: 400\"> con los curr\u00edculums que te vayan llegando. De este modo podr\u00e1s iniciar m\u00e1s r\u00e1pidamente <\/span><a href=\"https:\/\/empresas.infoempleo.com\/hrtrends\/claves-reclutamiento-seleccion-personal\/\/\"><span style=\"font-weight: 400\">el proceso de reclutamiento<\/span><\/a><span style=\"font-weight: 400\">.<\/span><\/p>\n<p><span style=\"font-weight: 400\">La <\/span><b>baja voluntaria sin preaviso<\/b><span style=\"font-weight: 400\"> puede ocasionar m\u00faltiples problemas y es un supuesto que conviene registrar de forma adecuada para evitar conflictos con <\/span><b>las autoridades laborales<\/b><span style=\"font-weight: 400\">. Por esta raz\u00f3n, es conveniente que tu <\/span><b>departamento de RRHH<\/b><span style=\"font-weight: 400\"> est\u00e9 informado acerca de c\u00f3mo tratar estas situaciones para defender <\/span><b>los intereses de la compa\u00f1\u00eda<\/b><span style=\"font-weight: 400\"> de la mejor manera posible. <\/span><\/p>\n<p><span style=\"font-weight: 400\">Por supuesto, no olvides nunca poner en conocimiento del trabajador las consecuencias que tiene para \u00e9l <\/span><b>proceder de este modo<\/b><span style=\"font-weight: 400\">. Por \u00faltimo, si te encuentras en esta situaci\u00f3n y <\/span><a href=\"https:\/\/empresas.infoempleo.com\/buscar-candidatos\/%20?%20utm_source=post&amp;utm_campaign=hrtrends&amp;utm_medium=blogempresas&amp;utm_content=empresas_encontrar\"><span style=\"font-weight: 400\">quieres encontrar un candidato<\/span><\/a><span style=\"font-weight: 400\">, no olvides que nosotros podemos ayudarte. \u00a1No lo dudes!<\/span><\/p>\n","protected":false},"excerpt":{"rendered":"<p>Como principio general, un trabajador con contrato vigente est\u00e1 obligado a notificar que deja su empleo con un<a class=\"moretag\" href=\"https:\/\/empresas.infoempleo.com\/hrtrends\/baja-voluntaria-sin-preaviso\/\"> Leer m\u00e1s<\/a><\/p>\n","protected":false},"author":122,"featured_media":34339,"comment_status":"closed","ping_status":"closed","sticky":false,"template":"","format":"standard","meta":{"footnotes":""},"categories":[3035],"tags":[2490],"class_list":["post-34338","post","type-post","status-publish","format-standard","has-post-thumbnail","hentry","category-consejos","tag-bajas-laborales"],"yoast_head":"<!-- This site is optimized with the Yoast SEO plugin v26.1.1 - https:\/\/yoast.com\/wordpress\/plugins\/seo\/ -->\n<title>Baja voluntaria sin preaviso: c\u00f3mo actuar ante estos casos<\/title>\n<meta name=\"description\" content=\"La baja voluntaria sin preaviso puede ocasionar problemas a la empresa. Te contamos c\u00f3mo actuar desde el departamento de RRHH. \u00a1No te lo pierdas!\" \/>\n<meta name=\"robots\" content=\"index, follow, max-snippet:-1, max-image-preview:large, max-video-preview:-1\" \/>\n<link rel=\"canonical\" href=\"https:\/\/empresas.infoempleo.com\/hrtrends\/baja-voluntaria-sin-preaviso\/\" \/>\n<meta property=\"og:locale\" content=\"es_ES\" \/>\n<meta property=\"og:type\" content=\"article\" \/>\n<meta property=\"og:title\" content=\"Baja voluntaria sin preaviso: c\u00f3mo actuar ante estos casos\" \/>\n<meta property=\"og:description\" content=\"La baja voluntaria sin preaviso puede ocasionar problemas a la empresa. Te contamos c\u00f3mo actuar desde el departamento de RRHH. \u00a1No te lo pierdas!\" \/>\n<meta property=\"og:url\" content=\"https:\/\/empresas.infoempleo.com\/hrtrends\/baja-voluntaria-sin-preaviso\/\" \/>\n<meta property=\"og:site_name\" content=\"HRTRENDS\" \/>\n<meta property=\"article:publisher\" content=\"https:\/\/www.facebook.com\/Infoempleo\" \/>\n<meta property=\"article:published_time\" content=\"2018-10-19T11:53:23+00:00\" \/>\n<meta property=\"article:modified_time\" content=\"2025-10-21T10:06:14+00:00\" \/>\n<meta property=\"og:image\" content=\"https:\/\/empresas.infoempleo.com\/hrtrends\/media\/2018\/10\/HRTRENDS-baja-voluntaria-principal.jpg\" \/>\n\t<meta property=\"og:image:width\" content=\"1140\" \/>\n\t<meta property=\"og:image:height\" content=\"761\" \/>\n\t<meta property=\"og:image:type\" content=\"image\/jpeg\" \/>\n<meta name=\"author\" content=\"Adriana M.\" \/>\n<meta name=\"twitter:card\" content=\"summary_large_image\" \/>\n<meta name=\"twitter:creator\" content=\"@infoempleo\" \/>\n<meta name=\"twitter:site\" content=\"@infoempleo\" \/>\n<meta name=\"twitter:label1\" content=\"Escrito por\" \/>\n\t<meta name=\"twitter:data1\" content=\"Adriana M.\" \/>\n\t<meta name=\"twitter:label2\" content=\"Tiempo de lectura\" \/>\n\t<meta name=\"twitter:data2\" content=\"3 minutos\" \/>\n<script type=\"application\/ld+json\" class=\"yoast-schema-graph\">{\"@context\":\"https:\/\/schema.org\",\"@graph\":[{\"@type\":\"NewsArticle\",\"@id\":\"https:\/\/empresas.infoempleo.com\/hrtrends\/baja-voluntaria-sin-preaviso\/#article\",\"isPartOf\":{\"@id\":\"https:\/\/empresas.infoempleo.com\/hrtrends\/baja-voluntaria-sin-preaviso\/\"},\"author\":{\"name\":\"Adriana M.\",\"@id\":\"https:\/\/empresas.infoempleo.com\/hrtrends\/#\/schema\/person\/b1dd51edbb566a47cd8f7513fa73d223\"},\"headline\":\"C\u00f3mo proceder ante una baja voluntaria sin preaviso\",\"datePublished\":\"2018-10-19T11:53:23+00:00\",\"dateModified\":\"2025-10-21T10:06:14+00:00\",\"mainEntityOfPage\":{\"@id\":\"https:\/\/empresas.infoempleo.com\/hrtrends\/baja-voluntaria-sin-preaviso\/\"},\"wordCount\":631,\"publisher\":{\"@id\":\"https:\/\/empresas.infoempleo.com\/hrtrends\/#organization\"},\"image\":{\"@id\":\"https:\/\/empresas.infoempleo.com\/hrtrends\/baja-voluntaria-sin-preaviso\/#primaryimage\"},\"thumbnailUrl\":\"https:\/\/empresas.infoempleo.com\/hrtrends\/media\/2018\/10\/HRTRENDS-baja-voluntaria-principal.jpg\",\"keywords\":[\"bajas laborales\"],\"articleSection\":[\"Consejos\"],\"inLanguage\":\"es\",\"copyrightYear\":\"2018\",\"copyrightHolder\":{\"@id\":\"https:\/\/empresas.infoempleo.com\/hrtrends\/#organization\"}},{\"@type\":\"WebPage\",\"@id\":\"https:\/\/empresas.infoempleo.com\/hrtrends\/baja-voluntaria-sin-preaviso\/\",\"url\":\"https:\/\/empresas.infoempleo.com\/hrtrends\/baja-voluntaria-sin-preaviso\/\",\"name\":\"Baja voluntaria sin preaviso: c\u00f3mo actuar ante estos casos\",\"isPartOf\":{\"@id\":\"https:\/\/empresas.infoempleo.com\/hrtrends\/#website\"},\"primaryImageOfPage\":{\"@id\":\"https:\/\/empresas.infoempleo.com\/hrtrends\/baja-voluntaria-sin-preaviso\/#primaryimage\"},\"image\":{\"@id\":\"https:\/\/empresas.infoempleo.com\/hrtrends\/baja-voluntaria-sin-preaviso\/#primaryimage\"},\"thumbnailUrl\":\"https:\/\/empresas.infoempleo.com\/hrtrends\/media\/2018\/10\/HRTRENDS-baja-voluntaria-principal.jpg\",\"datePublished\":\"2018-10-19T11:53:23+00:00\",\"dateModified\":\"2025-10-21T10:06:14+00:00\",\"description\":\"La baja voluntaria sin preaviso puede ocasionar problemas a la empresa. Te contamos c\u00f3mo actuar desde el departamento de RRHH. \u00a1No te lo pierdas!\",\"breadcrumb\":{\"@id\":\"https:\/\/empresas.infoempleo.com\/hrtrends\/baja-voluntaria-sin-preaviso\/#breadcrumb\"},\"inLanguage\":\"es\",\"potentialAction\":[{\"@type\":\"ReadAction\",\"target\":[\"https:\/\/empresas.infoempleo.com\/hrtrends\/baja-voluntaria-sin-preaviso\/\"]}]},{\"@type\":\"ImageObject\",\"inLanguage\":\"es\",\"@id\":\"https:\/\/empresas.infoempleo.com\/hrtrends\/baja-voluntaria-sin-preaviso\/#primaryimage\",\"url\":\"https:\/\/empresas.infoempleo.com\/hrtrends\/media\/2018\/10\/HRTRENDS-baja-voluntaria-principal-150x150.jpg\",\"contentUrl\":\"https:\/\/empresas.infoempleo.com\/hrtrends\/media\/2018\/10\/HRTRENDS-baja-voluntaria-principal-150x150.jpg\",\"width\":150,\"height\":150,\"caption\":\"Baja voluntaria sin preaviso: c\u00f3mo proceder desde RRHH\"},{\"@type\":\"BreadcrumbList\",\"@id\":\"https:\/\/empresas.infoempleo.com\/hrtrends\/baja-voluntaria-sin-preaviso\/#breadcrumb\",\"itemListElement\":[{\"@type\":\"ListItem\",\"position\":1,\"name\":\"Portada\",\"item\":\"https:\/\/empresas.infoempleo.com\/hrtrends\/\"},{\"@type\":\"ListItem\",\"position\":2,\"name\":\"C\u00f3mo proceder ante una baja voluntaria sin preaviso\"}]},{\"@type\":\"WebSite\",\"@id\":\"https:\/\/empresas.infoempleo.com\/hrtrends\/#website\",\"url\":\"https:\/\/empresas.infoempleo.com\/hrtrends\",\"name\":\"HRTrends by Infoempleo\",\"description\":\"\",\"publisher\":{\"@id\":\"https:\/\/empresas.infoempleo.com\/hrtrends\/#organization\"},\"potentialAction\":{\"@type\":\"SearchAction\",\"target\":\"https:\/\/empresas.infoempleo.com\/hrtrends\/?s={search_term_string}\",\"query-input\":\"required name=search_term_string\"},\"inLanguage\":\"es\"},{\"@type\":\"Organization\",\"@id\":\"https:\/\/empresas.infoempleo.com\/hrtrends\/#organization\",\"name\":\"Infoempleo\",\"url\":\"https:\/\/www.infoempleo.com\/\",\"logo\":{\"@type\":\"ImageObject\",\"@id\":\"https:\/\/empresas.infoempleo.com\/hrtrends\/#logo\",\"inLanguage\":\"es\",\"url\":\"https:\/\/cdnazure.infoempleo.com\/infoempleo\/assets\/style\/gfx\/logo.svg\",\"contentUrl\":\"https:\/\/cdnazure.infoempleo.com\/infoempleo\/assets\/style\/gfx\/logo.svg\",\"width\":150,\"height\":40,\"caption\":\"Infoempleo\"},\"image\":{\"@id\":\"https:\/\/empresas.infoempleo.com\/hrtrends\/#logo\"},\"sameAs\":[\"https:\/\/www.facebook.com\/Infoempleo\",\"https:\/\/x.com\/infoempleo\",\"http:\/\/instagram.com\/infoempleo\/\",\"http:\/\/www.linkedin.com\/groups\/Empleo-Espa\u00f1a-Infoempleocom-111276\",\"http:\/\/pinterest.com\/infoempleo\/\"],\"address\":{\"@type\":\"PostalAddress\",\"addressLocality\":\"Madrid\",\"postalCode\":\"28050\",\"streetAddress\":\"Avenida de Burgos 114\"},\"brand\":[\"Infoempleo\"]},{\"@type\":\"Person\",\"@id\":\"https:\/\/empresas.infoempleo.com\/hrtrends\/#\/schema\/person\/b1dd51edbb566a47cd8f7513fa73d223\",\"name\":\"Adriana M.\",\"image\":{\"@type\":\"ImageObject\",\"inLanguage\":\"es\",\"@id\":\"https:\/\/empresas.infoempleo.com\/hrtrends\/#\/schema\/person\/image\/\",\"url\":\"https:\/\/secure.gravatar.com\/avatar\/243f7dd7e1db0ad0e9791be05df7d72ba5c8bf338408591753bae2fe87dae18d?s=96&d=mm&r=g\",\"contentUrl\":\"https:\/\/secure.gravatar.com\/avatar\/243f7dd7e1db0ad0e9791be05df7d72ba5c8bf338408591753bae2fe87dae18d?s=96&d=mm&r=g\",\"caption\":\"Adriana M.\"},\"description\":\"Periodista y experta en Comunicaci\u00f3n Audiovisual y Narrativa. Me encanta escribir y narrar lo que pasa a mi alrededor es mi pasi\u00f3n.\",\"url\":\"https:\/\/empresas.infoempleo.com\/hrtrends\/author\/adriana-kanvas\/\"}]}<\/script>\n<!-- \/ Yoast SEO plugin. -->","yoast_head_json":{"title":"Baja voluntaria sin preaviso: c\u00f3mo actuar ante estos casos","description":"La baja voluntaria sin preaviso puede ocasionar problemas a la empresa. Te contamos c\u00f3mo actuar desde el departamento de RRHH. \u00a1No te lo pierdas!","robots":{"index":"index","follow":"follow","max-snippet":"max-snippet:-1","max-image-preview":"max-image-preview:large","max-video-preview":"max-video-preview:-1"},"canonical":"https:\/\/empresas.infoempleo.com\/hrtrends\/baja-voluntaria-sin-preaviso\/","og_locale":"es_ES","og_type":"article","og_title":"Baja voluntaria sin preaviso: c\u00f3mo actuar ante estos casos","og_description":"La baja voluntaria sin preaviso puede ocasionar problemas a la empresa. Te contamos c\u00f3mo actuar desde el departamento de RRHH. \u00a1No te lo pierdas!","og_url":"https:\/\/empresas.infoempleo.com\/hrtrends\/baja-voluntaria-sin-preaviso\/","og_site_name":"HRTRENDS","article_publisher":"https:\/\/www.facebook.com\/Infoempleo","article_published_time":"2018-10-19T11:53:23+00:00","article_modified_time":"2025-10-21T10:06:14+00:00","og_image":[{"width":1140,"height":761,"url":"https:\/\/empresas.infoempleo.com\/hrtrends\/media\/2018\/10\/HRTRENDS-baja-voluntaria-principal.jpg","type":"image\/jpeg"}],"author":"Adriana M.","twitter_card":"summary_large_image","twitter_creator":"@infoempleo","twitter_site":"@infoempleo","twitter_misc":{"Escrito por":"Adriana M.","Tiempo de lectura":"3 minutos"},"schema":{"@context":"https:\/\/schema.org","@graph":[{"@type":"NewsArticle","@id":"https:\/\/empresas.infoempleo.com\/hrtrends\/baja-voluntaria-sin-preaviso\/#article","isPartOf":{"@id":"https:\/\/empresas.infoempleo.com\/hrtrends\/baja-voluntaria-sin-preaviso\/"},"author":{"name":"Adriana M.","@id":"https:\/\/empresas.infoempleo.com\/hrtrends\/#\/schema\/person\/b1dd51edbb566a47cd8f7513fa73d223"},"headline":"C\u00f3mo proceder ante una baja voluntaria sin preaviso","datePublished":"2018-10-19T11:53:23+00:00","dateModified":"2025-10-21T10:06:14+00:00","mainEntityOfPage":{"@id":"https:\/\/empresas.infoempleo.com\/hrtrends\/baja-voluntaria-sin-preaviso\/"},"wordCount":631,"publisher":{"@id":"https:\/\/empresas.infoempleo.com\/hrtrends\/#organization"},"image":{"@id":"https:\/\/empresas.infoempleo.com\/hrtrends\/baja-voluntaria-sin-preaviso\/#primaryimage"},"thumbnailUrl":"https:\/\/empresas.infoempleo.com\/hrtrends\/media\/2018\/10\/HRTRENDS-baja-voluntaria-principal.jpg","keywords":["bajas laborales"],"articleSection":["Consejos"],"inLanguage":"es","copyrightYear":"2018","copyrightHolder":{"@id":"https:\/\/empresas.infoempleo.com\/hrtrends\/#organization"}},{"@type":"WebPage","@id":"https:\/\/empresas.infoempleo.com\/hrtrends\/baja-voluntaria-sin-preaviso\/","url":"https:\/\/empresas.infoempleo.com\/hrtrends\/baja-voluntaria-sin-preaviso\/","name":"Baja voluntaria sin preaviso: c\u00f3mo actuar ante estos casos","isPartOf":{"@id":"https:\/\/empresas.infoempleo.com\/hrtrends\/#website"},"primaryImageOfPage":{"@id":"https:\/\/empresas.infoempleo.com\/hrtrends\/baja-voluntaria-sin-preaviso\/#primaryimage"},"image":{"@id":"https:\/\/empresas.infoempleo.com\/hrtrends\/baja-voluntaria-sin-preaviso\/#primaryimage"},"thumbnailUrl":"https:\/\/empresas.infoempleo.com\/hrtrends\/media\/2018\/10\/HRTRENDS-baja-voluntaria-principal.jpg","datePublished":"2018-10-19T11:53:23+00:00","dateModified":"2025-10-21T10:06:14+00:00","description":"La baja voluntaria sin preaviso puede ocasionar problemas a la empresa. Te contamos c\u00f3mo actuar desde el departamento de RRHH. \u00a1No te lo pierdas!","breadcrumb":{"@id":"https:\/\/empresas.infoempleo.com\/hrtrends\/baja-voluntaria-sin-preaviso\/#breadcrumb"},"inLanguage":"es","potentialAction":[{"@type":"ReadAction","target":["https:\/\/empresas.infoempleo.com\/hrtrends\/baja-voluntaria-sin-preaviso\/"]}]},{"@type":"ImageObject","inLanguage":"es","@id":"https:\/\/empresas.infoempleo.com\/hrtrends\/baja-voluntaria-sin-preaviso\/#primaryimage","url":"https:\/\/empresas.infoempleo.com\/hrtrends\/media\/2018\/10\/HRTRENDS-baja-voluntaria-principal-150x150.jpg","contentUrl":"https:\/\/empresas.infoempleo.com\/hrtrends\/media\/2018\/10\/HRTRENDS-baja-voluntaria-principal-150x150.jpg","width":150,"height":150,"caption":"Baja voluntaria sin preaviso: c\u00f3mo proceder desde RRHH"},{"@type":"BreadcrumbList","@id":"https:\/\/empresas.infoempleo.com\/hrtrends\/baja-voluntaria-sin-preaviso\/#breadcrumb","itemListElement":[{"@type":"ListItem","position":1,"name":"Portada","item":"https:\/\/empresas.infoempleo.com\/hrtrends\/"},{"@type":"ListItem","position":2,"name":"C\u00f3mo proceder ante una baja voluntaria sin preaviso"}]},{"@type":"WebSite","@id":"https:\/\/empresas.infoempleo.com\/hrtrends\/#website","url":"https:\/\/empresas.infoempleo.com\/hrtrends","name":"HRTrends by Infoempleo","description":"","publisher":{"@id":"https:\/\/empresas.infoempleo.com\/hrtrends\/#organization"},"potentialAction":{"@type":"SearchAction","target":"https:\/\/empresas.infoempleo.com\/hrtrends\/?s={search_term_string}","query-input":"required name=search_term_string"},"inLanguage":"es"},{"@type":"Organization","@id":"https:\/\/empresas.infoempleo.com\/hrtrends\/#organization","name":"Infoempleo","url":"https:\/\/www.infoempleo.com\/","logo":{"@type":"ImageObject","@id":"https:\/\/empresas.infoempleo.com\/hrtrends\/#logo","inLanguage":"es","url":"https:\/\/cdnazure.infoempleo.com\/infoempleo\/assets\/style\/gfx\/logo.svg","contentUrl":"https:\/\/cdnazure.infoempleo.com\/infoempleo\/assets\/style\/gfx\/logo.svg","width":150,"height":40,"caption":"Infoempleo"},"image":{"@id":"https:\/\/empresas.infoempleo.com\/hrtrends\/#logo"},"sameAs":["https:\/\/www.facebook.com\/Infoempleo","https:\/\/x.com\/infoempleo","http:\/\/instagram.com\/infoempleo\/","http:\/\/www.linkedin.com\/groups\/Empleo-Espa\u00f1a-Infoempleocom-111276","http:\/\/pinterest.com\/infoempleo\/"],"address":{"@type":"PostalAddress","addressLocality":"Madrid","postalCode":"28050","streetAddress":"Avenida de Burgos 114"},"brand":["Infoempleo"]},{"@type":"Person","@id":"https:\/\/empresas.infoempleo.com\/hrtrends\/#\/schema\/person\/b1dd51edbb566a47cd8f7513fa73d223","name":"Adriana M.","image":{"@type":"ImageObject","inLanguage":"es","@id":"https:\/\/empresas.infoempleo.com\/hrtrends\/#\/schema\/person\/image\/","url":"https:\/\/secure.gravatar.com\/avatar\/243f7dd7e1db0ad0e9791be05df7d72ba5c8bf338408591753bae2fe87dae18d?s=96&d=mm&r=g","contentUrl":"https:\/\/secure.gravatar.com\/avatar\/243f7dd7e1db0ad0e9791be05df7d72ba5c8bf338408591753bae2fe87dae18d?s=96&d=mm&r=g","caption":"Adriana M."},"description":"Periodista y experta en Comunicaci\u00f3n Audiovisual y Narrativa. Me encanta escribir y narrar lo que pasa a mi alrededor es mi pasi\u00f3n.","url":"https:\/\/empresas.infoempleo.com\/hrtrends\/author\/adriana-kanvas\/"}]}},"amp_enabled":true,"_links":{"self":[{"href":"https:\/\/empresas.infoempleo.com\/hrtrends\/wp-json\/wp\/v2\/posts\/34338","targetHints":{"allow":["GET"]}}],"collection":[{"href":"https:\/\/empresas.infoempleo.com\/hrtrends\/wp-json\/wp\/v2\/posts"}],"about":[{"href":"https:\/\/empresas.infoempleo.com\/hrtrends\/wp-json\/wp\/v2\/types\/post"}],"author":[{"embeddable":true,"href":"https:\/\/empresas.infoempleo.com\/hrtrends\/wp-json\/wp\/v2\/users\/122"}],"replies":[{"embeddable":true,"href":"https:\/\/empresas.infoempleo.com\/hrtrends\/wp-json\/wp\/v2\/comments?post=34338"}],"version-history":[{"count":1,"href":"https:\/\/empresas.infoempleo.com\/hrtrends\/wp-json\/wp\/v2\/posts\/34338\/revisions"}],"predecessor-version":[{"id":47138,"href":"https:\/\/empresas.infoempleo.com\/hrtrends\/wp-json\/wp\/v2\/posts\/34338\/revisions\/47138"}],"wp:featuredmedia":[{"embeddable":true,"href":"https:\/\/empresas.infoempleo.com\/hrtrends\/wp-json\/wp\/v2\/media\/34339"}],"wp:attachment":[{"href":"https:\/\/empresas.infoempleo.com\/hrtrends\/wp-json\/wp\/v2\/media?parent=34338"}],"wp:term":[{"taxonomy":"category","embeddable":true,"href":"https:\/\/empresas.infoempleo.com\/hrtrends\/wp-json\/wp\/v2\/categories?post=34338"},{"taxonomy":"post_tag","embeddable":true,"href":"https:\/\/empresas.infoempleo.com\/hrtrends\/wp-json\/wp\/v2\/tags?post=34338"}],"curies":[{"name":"wp","href":"https:\/\/api.w.org\/{rel}","templated":true}]}}