{"id":34333,"date":"2018-10-17T13:30:19","date_gmt":"2018-10-17T11:30:19","guid":{"rendered":"https:\/\/empresas.infoempleo.com\/hrtrends\/?p=34333"},"modified":"2019-01-04T10:29:55","modified_gmt":"2019-01-04T08:29:55","slug":"circulo-de-deming","status":"publish","type":"post","link":"https:\/\/empresas.infoempleo.com\/hrtrends\/circulo-de-deming\/","title":{"rendered":"C\u00edrculo de Deming: c\u00f3mo aplicar esta estrategia de mejora continua en tu empresa"},"content":{"rendered":"<p><span style=\"font-weight: 400\">El <\/span><b>C\u00edrculo de Deming<\/b><span style=\"font-weight: 400\">, tambi\u00e9n conocido como la <\/span><b>espiral de mejora continua<\/b><span style=\"font-weight: 400\"> o PDCA, es un <\/span><b>proceso de planificaci\u00f3n y optimizaci\u00f3n<\/b><span style=\"font-weight: 400\"> dise\u00f1ado para que las empresas y las organizaciones que lo utilizan puedan incrementar constantemente sus <\/span><b>est\u00e1ndares de calidad y ser m\u00e1s eficaces<\/b><span style=\"font-weight: 400\">. De este modo, aplicarlo puede ser muy \u00fatil para que el equipo de una compa\u00f1\u00eda <\/span><b>mejore su rendimiento<\/b><span style=\"font-weight: 400\"> y <\/span><b>aumente la productividad<\/b><span style=\"font-weight: 400\">, ya que todo el trabajo y el esfuerzo est\u00e1n enfocados a conseguir <\/span><b>una serie de objetivos marcados<\/b><span style=\"font-weight: 400\">. Te contamos en qu\u00e9 consiste y c\u00f3mo aplicarlo.<\/span><\/p>\n<h2><b>En qu\u00e9 consiste el C\u00edrculo de Deming<\/b><\/h2>\n<p><span style=\"font-weight: 400\">El <\/span><b>C\u00edrculo de Deming<\/b><span style=\"font-weight: 400\"> consiste en un <\/span><b>sistema de cuatro pasos<\/b><span style=\"font-weight: 400\"> cuyo objetivo es <\/span><b>mejorar la competitividad<\/b><span style=\"font-weight: 400\"> de la empresa. Su caracter\u00edstica principal es que es c\u00edclico, de modo que cada uno de los pasos alimenta al siguiente, \u00e9ste al siguiente y as\u00ed de manera sucesiva. Sus <\/span><b>etapas<\/b><span style=\"font-weight: 400\"> son las siguientes:<\/span><\/p>\n<ol>\n<li style=\"font-weight: 400\"><b>Planificar (Plan):<\/b><span style=\"font-weight: 400\"> Durante la primera etapa tendr\u00e1s que analizar el estado de la empresa y sus necesidades. Esto te permitir\u00e1 definir una <\/span><b>serie de objetivos<\/b><span style=\"font-weight: 400\">, as\u00ed como las acciones que te ayuden a alcanzarlos. Tambi\u00e9n tendr\u00e1s que determinar c\u00f3mo vas a evaluar si dichos objetivos se han <\/span><b>obtenido o no<\/b><span style=\"font-weight: 400\">.<\/span><\/li>\n<li style=\"font-weight: 400\"><b>Hacer (Do):<\/b><span style=\"font-weight: 400\"> Una vez que hayas detallado las actividades que deben llevarte a <\/span><b>cumplir los objetivos<\/b><span style=\"font-weight: 400\">, es el momento de ponerte <\/span><b>manos a la obra<\/b><span style=\"font-weight: 400\">. En este sentido, debes implementar el <\/span><b>plan definido<\/b><span style=\"font-weight: 400\"> siguiendo las directrices que hayas establecido en <\/span><b>la fase uno<\/b><span style=\"font-weight: 400\">.<\/span><\/li>\n<li style=\"font-weight: 400\"><b>Comprobar (Check):<\/b><span style=\"font-weight: 400\"> Despu\u00e9s de haber puesto en marcha la maquinaria, debes ver si has sido capaz de avanzar en <\/span><b>la direcci\u00f3n adecuada<\/b><span style=\"font-weight: 400\">. Para <\/span><b>hacer tus valoraciones<\/b><span style=\"font-weight: 400\"> tan solo tendr\u00e1s que seguir el <\/span><a href=\"https:\/\/empresas.infoempleo.com\/hrtrends\/la-evaluacion-es-pasado-feedback-futuro\/\"><b>sistema de evaluaci\u00f3n<\/b><\/a><span style=\"font-weight: 400\"> que t\u00fa mismo hayas definido en la primera fase. Lo primordial es determinar el grado de <\/span><b>cumplimiento de los objetivos<\/b><span style=\"font-weight: 400\"> e identificar cu\u00e1les son las <\/span><b>acciones m\u00e1s efectivas<\/b><span style=\"font-weight: 400\">.<\/span><\/li>\n<li style=\"font-weight: 400\"><b>Actuar (Act):<\/b><span style=\"font-weight: 400\"> En esta \u00faltima fase debes estudiar los resultados del control para <\/span><b>elaborar informes y comparativas<\/b><span style=\"font-weight: 400\">. Toda la documentaci\u00f3n que generes durante esta fase va a servir para <\/span><b>crear el siguiente plan<\/b><span style=\"font-weight: 400\">, ya que el proceso vuelve a iniciarse tras realizar los <\/span><b>ajustes correspondientes<\/b><span style=\"font-weight: 400\">.<\/span><\/li>\n<\/ol>\n<h2><img loading=\"lazy\" decoding=\"async\" class=\"alignnone size-full wp-image-34335\" src=\"https:\/\/empresas.infoempleo.com\/hrtrends\/media\/2018\/10\/HRTRENDS-circulo-de-Deming.jpg\" alt=\"Qu\u00e9 es el C\u00edrculo de Deming\" width=\"724\" height=\"483\" srcset=\"https:\/\/empresas.infoempleo.com\/hrtrends\/media\/2018\/10\/HRTRENDS-circulo-de-Deming.jpg 724w, https:\/\/empresas.infoempleo.com\/hrtrends\/media\/2018\/10\/HRTRENDS-circulo-de-Deming-300x200.jpg 300w\" sizes=\"auto, (max-width: 724px) 100vw, 724px\" \/><\/h2>\n<h2><b>C\u00f3mo aplicar la espiral de mejora continua<\/b><\/h2>\n<p><span style=\"font-weight: 400\">Si quieres aplicar la <\/span><b>espiral de mejora continua<\/b><span style=\"font-weight: 400\"> a tu empresa necesitar\u00e1s hacer un peque\u00f1o esfuerzo y concienciar a tus empleados acerca de su importancia y de su efectividad. Completar el primer ciclo es lo m\u00e1s costoso, pero, una vez hecho esto, tan solo habr\u00e1 que ir <\/span><b>recorriendo el bucle<\/b><span style=\"font-weight: 400\">. <\/span><\/p>\n<p><span style=\"font-weight: 400\">De este modo, lo primero que tendr\u00e1n que hacer tus empleados ser\u00e1 trabajar concienzudamente en <\/span><b>la planificaci\u00f3n<\/b><span style=\"font-weight: 400\">, lo que exigir\u00e1 que se lleven a cabo <\/span><b>distintos tipos de acciones<\/b><span style=\"font-weight: 400\"> como, por ejemplo, un an\u00e1lisis de mercado, un <\/span><i><span style=\"font-weight: 400\">brainstorming<\/span><\/i><span style=\"font-weight: 400\"> o diagramas, entre otros. Recuerda que <\/span><a href=\"https:\/\/empresas.infoempleo.com\/hrtrends\/motivacion-laboral-la-importancia-del-efecto-pigmalion-2\/\/\"><span style=\"font-weight: 400\">la motivaci\u00f3n es imprescindible<\/span><\/a><span style=\"font-weight: 400\"> y que, aunque esto pueda parecer abrumador a tu equipo, esta fase va a <\/span><b>asentar los cimientos<\/b><span style=\"font-weight: 400\"> sobre los que se elaborar\u00e1n <\/span><b>los sistemas de calidad<\/b><span style=\"font-weight: 400\">.<\/span><\/p>\n<p><span style=\"font-weight: 400\">Del mismo modo, la tercera fase tambi\u00e9n ser\u00e1 algo tediosa, as\u00ed que tendr\u00e1s que animar a los <\/span><b>miembros de tu plantilla<\/b><span style=\"font-weight: 400\">, ya que deber\u00e1n elaborar mucha documentaci\u00f3n y analizarla mediante diagramas de Ishikawa y Pareto, listas de control y otras <\/span><b>herramientas de evaluaci\u00f3n<\/b><span style=\"font-weight: 400\">.<\/span><\/p>\n<p><span style=\"font-weight: 400\">La \u00faltima fase exigir\u00e1 a tus empleados ser <\/span><b>m\u00e1s creativos<\/b><span style=\"font-weight: 400\"> y trabajar en equipo. Por eso, las <\/span><b>din\u00e1micas de grupo<\/b><span style=\"font-weight: 400\"> ser\u00e1n imprescindibles. En este sentido, puedes <\/span><a href=\"https:\/\/empresas.infoempleo.com\/hrtrends\/5-ejercicios-team-building\/\"><span style=\"font-weight: 400\">organizar actividades de team building<\/span><\/a><span style=\"font-weight: 400\"> para garantizar el \u00e9xito de tus trabajadores. Asimismo, <\/span><a href=\"https:\/\/empresas.infoempleo.com\/hrtrends\/design-thinking-aplicarlo-empresa\/\"><span style=\"font-weight: 400\">promover el Design Thinking<\/span><\/a><span style=\"font-weight: 400\"> es tambi\u00e9n una opci\u00f3n muy acertada.<\/span><\/p>\n<p><span style=\"font-weight: 400\">La <\/span><b>implementaci\u00f3n del C\u00edrculo de Deming<\/b><span style=\"font-weight: 400\"> en tu empresa puede ser de enorme utilidad. No obstante, dado que requiere un esfuerzo, debes concienciar a tus empleados acerca de su importancia y hacerles saber que su implantaci\u00f3n tendr\u00e1 <\/span><b>consecuencias muy positivas<\/b><span style=\"font-weight: 400\"> para la empresa. \u00bfEst\u00e1s preparado para llevar a tu compa\u00f1\u00eda al siguiente nivel? \u00a1No lo dudes!<\/span><\/p>\n","protected":false},"excerpt":{"rendered":"<p>El C\u00edrculo de Deming, tambi\u00e9n conocido como la espiral de mejora continua o PDCA, es un proceso de<a class=\"moretag\" href=\"https:\/\/empresas.infoempleo.com\/hrtrends\/circulo-de-deming\/\"> Leer m\u00e1s<\/a><\/p>\n","protected":false},"author":122,"featured_media":34334,"comment_status":"closed","ping_status":"closed","sticky":false,"template":"","format":"standard","meta":{"footnotes":""},"categories":[3035],"tags":[3205,282],"class_list":["post-34333","post","type-post","status-publish","format-standard","has-post-thumbnail","hentry","category-consejos","tag-metodologia","tag-productividad"],"yoast_head":"<!-- This site is optimized with the Yoast SEO plugin v26.1.1 - https:\/\/yoast.com\/wordpress\/plugins\/seo\/ -->\n<title>C\u00edrculo de Deming: qu\u00e9 es y en qu\u00e9 beneficia a tu empresa<\/title>\n<meta name=\"description\" content=\"El C\u00edrculo de Deming es un proceso c\u00edclico dividido en cuatro etapas que implementan mejoras en la empresa. Te contamos m\u00e1s a continuaci\u00f3n.\" \/>\n<meta name=\"robots\" content=\"index, follow, max-snippet:-1, max-image-preview:large, max-video-preview:-1\" \/>\n<link rel=\"canonical\" href=\"https:\/\/empresas.infoempleo.com\/hrtrends\/circulo-de-deming\/\" \/>\n<meta property=\"og:locale\" content=\"es_ES\" \/>\n<meta property=\"og:type\" content=\"article\" \/>\n<meta property=\"og:title\" content=\"C\u00edrculo de Deming: qu\u00e9 es y en qu\u00e9 beneficia a tu empresa\" \/>\n<meta property=\"og:description\" content=\"El C\u00edrculo de Deming es un proceso c\u00edclico dividido en cuatro etapas que implementan mejoras en la empresa. Te contamos m\u00e1s a continuaci\u00f3n.\" \/>\n<meta property=\"og:url\" content=\"https:\/\/empresas.infoempleo.com\/hrtrends\/circulo-de-deming\/\" \/>\n<meta property=\"og:site_name\" content=\"HRTRENDS\" \/>\n<meta property=\"article:publisher\" content=\"https:\/\/www.facebook.com\/Infoempleo\" \/>\n<meta property=\"article:published_time\" content=\"2018-10-17T11:30:19+00:00\" \/>\n<meta property=\"article:modified_time\" content=\"2019-01-04T08:29:55+00:00\" \/>\n<meta property=\"og:image\" content=\"https:\/\/empresas.infoempleo.com\/hrtrends\/media\/2018\/10\/HRTRENDS-circulo-de-Deming-principal.jpg\" \/>\n\t<meta property=\"og:image:width\" content=\"1140\" \/>\n\t<meta property=\"og:image:height\" content=\"760\" \/>\n\t<meta property=\"og:image:type\" content=\"image\/jpeg\" \/>\n<meta name=\"author\" content=\"Adriana M.\" \/>\n<meta name=\"twitter:card\" content=\"summary_large_image\" \/>\n<meta name=\"twitter:creator\" content=\"@infoempleo\" \/>\n<meta name=\"twitter:site\" content=\"@infoempleo\" \/>\n<meta name=\"twitter:label1\" content=\"Escrito por\" \/>\n\t<meta name=\"twitter:data1\" content=\"Adriana M.\" \/>\n\t<meta name=\"twitter:label2\" content=\"Tiempo de lectura\" \/>\n\t<meta name=\"twitter:data2\" content=\"3 minutos\" \/>\n<script type=\"application\/ld+json\" class=\"yoast-schema-graph\">{\"@context\":\"https:\/\/schema.org\",\"@graph\":[{\"@type\":\"NewsArticle\",\"@id\":\"https:\/\/empresas.infoempleo.com\/hrtrends\/circulo-de-deming\/#article\",\"isPartOf\":{\"@id\":\"https:\/\/empresas.infoempleo.com\/hrtrends\/circulo-de-deming\/\"},\"author\":{\"name\":\"Adriana M.\",\"@id\":\"https:\/\/empresas.infoempleo.com\/hrtrends\/#\/schema\/person\/b1dd51edbb566a47cd8f7513fa73d223\"},\"headline\":\"C\u00edrculo de Deming: c\u00f3mo aplicar esta estrategia de mejora continua en tu empresa\",\"datePublished\":\"2018-10-17T11:30:19+00:00\",\"dateModified\":\"2019-01-04T08:29:55+00:00\",\"mainEntityOfPage\":{\"@id\":\"https:\/\/empresas.infoempleo.com\/hrtrends\/circulo-de-deming\/\"},\"wordCount\":692,\"publisher\":{\"@id\":\"https:\/\/empresas.infoempleo.com\/hrtrends\/#organization\"},\"image\":{\"@id\":\"https:\/\/empresas.infoempleo.com\/hrtrends\/circulo-de-deming\/#primaryimage\"},\"thumbnailUrl\":\"https:\/\/empresas.infoempleo.com\/hrtrends\/media\/2018\/10\/HRTRENDS-circulo-de-Deming-principal.jpg\",\"keywords\":[\"metodolog\u00eda\",\"productividad\"],\"articleSection\":[\"Consejos\"],\"inLanguage\":\"es\",\"copyrightYear\":\"2018\",\"copyrightHolder\":{\"@id\":\"https:\/\/empresas.infoempleo.com\/hrtrends\/#organization\"}},{\"@type\":\"WebPage\",\"@id\":\"https:\/\/empresas.infoempleo.com\/hrtrends\/circulo-de-deming\/\",\"url\":\"https:\/\/empresas.infoempleo.com\/hrtrends\/circulo-de-deming\/\",\"name\":\"C\u00edrculo de Deming: qu\u00e9 es y en qu\u00e9 beneficia a tu empresa\",\"isPartOf\":{\"@id\":\"https:\/\/empresas.infoempleo.com\/hrtrends\/#website\"},\"primaryImageOfPage\":{\"@id\":\"https:\/\/empresas.infoempleo.com\/hrtrends\/circulo-de-deming\/#primaryimage\"},\"image\":{\"@id\":\"https:\/\/empresas.infoempleo.com\/hrtrends\/circulo-de-deming\/#primaryimage\"},\"thumbnailUrl\":\"https:\/\/empresas.infoempleo.com\/hrtrends\/media\/2018\/10\/HRTRENDS-circulo-de-Deming-principal.jpg\",\"datePublished\":\"2018-10-17T11:30:19+00:00\",\"dateModified\":\"2019-01-04T08:29:55+00:00\",\"description\":\"El C\u00edrculo de Deming es un proceso c\u00edclico dividido en cuatro etapas que implementan mejoras en la empresa. Te contamos m\u00e1s a continuaci\u00f3n.\",\"breadcrumb\":{\"@id\":\"https:\/\/empresas.infoempleo.com\/hrtrends\/circulo-de-deming\/#breadcrumb\"},\"inLanguage\":\"es\",\"potentialAction\":[{\"@type\":\"ReadAction\",\"target\":[\"https:\/\/empresas.infoempleo.com\/hrtrends\/circulo-de-deming\/\"]}]},{\"@type\":\"ImageObject\",\"inLanguage\":\"es\",\"@id\":\"https:\/\/empresas.infoempleo.com\/hrtrends\/circulo-de-deming\/#primaryimage\",\"url\":\"https:\/\/empresas.infoempleo.com\/hrtrends\/media\/2018\/10\/HRTRENDS-circulo-de-Deming-principal-150x150.jpg\",\"contentUrl\":\"https:\/\/empresas.infoempleo.com\/hrtrends\/media\/2018\/10\/HRTRENDS-circulo-de-Deming-principal-150x150.jpg\",\"width\":150,\"height\":150,\"caption\":\"Qu\u00e9 es el C\u00edrculo de Deming\"},{\"@type\":\"BreadcrumbList\",\"@id\":\"https:\/\/empresas.infoempleo.com\/hrtrends\/circulo-de-deming\/#breadcrumb\",\"itemListElement\":[{\"@type\":\"ListItem\",\"position\":1,\"name\":\"Portada\",\"item\":\"https:\/\/empresas.infoempleo.com\/hrtrends\/\"},{\"@type\":\"ListItem\",\"position\":2,\"name\":\"C\u00edrculo de Deming: c\u00f3mo aplicar esta estrategia de mejora continua en tu empresa\"}]},{\"@type\":\"WebSite\",\"@id\":\"https:\/\/empresas.infoempleo.com\/hrtrends\/#website\",\"url\":\"https:\/\/empresas.infoempleo.com\/hrtrends\",\"name\":\"HRTrends by Infoempleo\",\"description\":\"\",\"publisher\":{\"@id\":\"https:\/\/empresas.infoempleo.com\/hrtrends\/#organization\"},\"potentialAction\":{\"@type\":\"SearchAction\",\"target\":\"https:\/\/empresas.infoempleo.com\/hrtrends\/?s={search_term_string}\",\"query-input\":\"required name=search_term_string\"},\"inLanguage\":\"es\"},{\"@type\":\"Organization\",\"@id\":\"https:\/\/empresas.infoempleo.com\/hrtrends\/#organization\",\"name\":\"Infoempleo\",\"url\":\"https:\/\/www.infoempleo.com\/\",\"logo\":{\"@type\":\"ImageObject\",\"@id\":\"https:\/\/empresas.infoempleo.com\/hrtrends\/#logo\",\"inLanguage\":\"es\",\"url\":\"https:\/\/cdnazure.infoempleo.com\/infoempleo\/assets\/style\/gfx\/logo.svg\",\"contentUrl\":\"https:\/\/cdnazure.infoempleo.com\/infoempleo\/assets\/style\/gfx\/logo.svg\",\"width\":150,\"height\":40,\"caption\":\"Infoempleo\"},\"image\":{\"@id\":\"https:\/\/empresas.infoempleo.com\/hrtrends\/#logo\"},\"sameAs\":[\"https:\/\/www.facebook.com\/Infoempleo\",\"https:\/\/x.com\/infoempleo\",\"http:\/\/instagram.com\/infoempleo\/\",\"http:\/\/www.linkedin.com\/groups\/Empleo-Espa\u00f1a-Infoempleocom-111276\",\"http:\/\/pinterest.com\/infoempleo\/\"],\"address\":{\"@type\":\"PostalAddress\",\"addressLocality\":\"Madrid\",\"postalCode\":\"28050\",\"streetAddress\":\"Avenida de Burgos 114\"},\"brand\":[\"Infoempleo\"]},{\"@type\":\"Person\",\"@id\":\"https:\/\/empresas.infoempleo.com\/hrtrends\/#\/schema\/person\/b1dd51edbb566a47cd8f7513fa73d223\",\"name\":\"Adriana M.\",\"image\":{\"@type\":\"ImageObject\",\"inLanguage\":\"es\",\"@id\":\"https:\/\/empresas.infoempleo.com\/hrtrends\/#\/schema\/person\/image\/\",\"url\":\"https:\/\/secure.gravatar.com\/avatar\/243f7dd7e1db0ad0e9791be05df7d72ba5c8bf338408591753bae2fe87dae18d?s=96&d=mm&r=g\",\"contentUrl\":\"https:\/\/secure.gravatar.com\/avatar\/243f7dd7e1db0ad0e9791be05df7d72ba5c8bf338408591753bae2fe87dae18d?s=96&d=mm&r=g\",\"caption\":\"Adriana M.\"},\"description\":\"Periodista y experta en Comunicaci\u00f3n Audiovisual y Narrativa. Me encanta escribir y narrar lo que pasa a mi alrededor es mi pasi\u00f3n.\",\"url\":\"https:\/\/empresas.infoempleo.com\/hrtrends\/author\/adriana-kanvas\/\"}]}<\/script>\n<!-- \/ Yoast SEO plugin. -->","yoast_head_json":{"title":"C\u00edrculo de Deming: qu\u00e9 es y en qu\u00e9 beneficia a tu empresa","description":"El C\u00edrculo de Deming es un proceso c\u00edclico dividido en cuatro etapas que implementan mejoras en la empresa. Te contamos m\u00e1s a continuaci\u00f3n.","robots":{"index":"index","follow":"follow","max-snippet":"max-snippet:-1","max-image-preview":"max-image-preview:large","max-video-preview":"max-video-preview:-1"},"canonical":"https:\/\/empresas.infoempleo.com\/hrtrends\/circulo-de-deming\/","og_locale":"es_ES","og_type":"article","og_title":"C\u00edrculo de Deming: qu\u00e9 es y en qu\u00e9 beneficia a tu empresa","og_description":"El C\u00edrculo de Deming es un proceso c\u00edclico dividido en cuatro etapas que implementan mejoras en la empresa. Te contamos m\u00e1s a continuaci\u00f3n.","og_url":"https:\/\/empresas.infoempleo.com\/hrtrends\/circulo-de-deming\/","og_site_name":"HRTRENDS","article_publisher":"https:\/\/www.facebook.com\/Infoempleo","article_published_time":"2018-10-17T11:30:19+00:00","article_modified_time":"2019-01-04T08:29:55+00:00","og_image":[{"width":1140,"height":760,"url":"https:\/\/empresas.infoempleo.com\/hrtrends\/media\/2018\/10\/HRTRENDS-circulo-de-Deming-principal.jpg","type":"image\/jpeg"}],"author":"Adriana M.","twitter_card":"summary_large_image","twitter_creator":"@infoempleo","twitter_site":"@infoempleo","twitter_misc":{"Escrito por":"Adriana M.","Tiempo de lectura":"3 minutos"},"schema":{"@context":"https:\/\/schema.org","@graph":[{"@type":"NewsArticle","@id":"https:\/\/empresas.infoempleo.com\/hrtrends\/circulo-de-deming\/#article","isPartOf":{"@id":"https:\/\/empresas.infoempleo.com\/hrtrends\/circulo-de-deming\/"},"author":{"name":"Adriana M.","@id":"https:\/\/empresas.infoempleo.com\/hrtrends\/#\/schema\/person\/b1dd51edbb566a47cd8f7513fa73d223"},"headline":"C\u00edrculo de Deming: c\u00f3mo aplicar esta estrategia de mejora continua en tu empresa","datePublished":"2018-10-17T11:30:19+00:00","dateModified":"2019-01-04T08:29:55+00:00","mainEntityOfPage":{"@id":"https:\/\/empresas.infoempleo.com\/hrtrends\/circulo-de-deming\/"},"wordCount":692,"publisher":{"@id":"https:\/\/empresas.infoempleo.com\/hrtrends\/#organization"},"image":{"@id":"https:\/\/empresas.infoempleo.com\/hrtrends\/circulo-de-deming\/#primaryimage"},"thumbnailUrl":"https:\/\/empresas.infoempleo.com\/hrtrends\/media\/2018\/10\/HRTRENDS-circulo-de-Deming-principal.jpg","keywords":["metodolog\u00eda","productividad"],"articleSection":["Consejos"],"inLanguage":"es","copyrightYear":"2018","copyrightHolder":{"@id":"https:\/\/empresas.infoempleo.com\/hrtrends\/#organization"}},{"@type":"WebPage","@id":"https:\/\/empresas.infoempleo.com\/hrtrends\/circulo-de-deming\/","url":"https:\/\/empresas.infoempleo.com\/hrtrends\/circulo-de-deming\/","name":"C\u00edrculo de Deming: qu\u00e9 es y en qu\u00e9 beneficia a tu empresa","isPartOf":{"@id":"https:\/\/empresas.infoempleo.com\/hrtrends\/#website"},"primaryImageOfPage":{"@id":"https:\/\/empresas.infoempleo.com\/hrtrends\/circulo-de-deming\/#primaryimage"},"image":{"@id":"https:\/\/empresas.infoempleo.com\/hrtrends\/circulo-de-deming\/#primaryimage"},"thumbnailUrl":"https:\/\/empresas.infoempleo.com\/hrtrends\/media\/2018\/10\/HRTRENDS-circulo-de-Deming-principal.jpg","datePublished":"2018-10-17T11:30:19+00:00","dateModified":"2019-01-04T08:29:55+00:00","description":"El C\u00edrculo de Deming es un proceso c\u00edclico dividido en cuatro etapas que implementan mejoras en la empresa. Te contamos m\u00e1s a continuaci\u00f3n.","breadcrumb":{"@id":"https:\/\/empresas.infoempleo.com\/hrtrends\/circulo-de-deming\/#breadcrumb"},"inLanguage":"es","potentialAction":[{"@type":"ReadAction","target":["https:\/\/empresas.infoempleo.com\/hrtrends\/circulo-de-deming\/"]}]},{"@type":"ImageObject","inLanguage":"es","@id":"https:\/\/empresas.infoempleo.com\/hrtrends\/circulo-de-deming\/#primaryimage","url":"https:\/\/empresas.infoempleo.com\/hrtrends\/media\/2018\/10\/HRTRENDS-circulo-de-Deming-principal-150x150.jpg","contentUrl":"https:\/\/empresas.infoempleo.com\/hrtrends\/media\/2018\/10\/HRTRENDS-circulo-de-Deming-principal-150x150.jpg","width":150,"height":150,"caption":"Qu\u00e9 es el C\u00edrculo de Deming"},{"@type":"BreadcrumbList","@id":"https:\/\/empresas.infoempleo.com\/hrtrends\/circulo-de-deming\/#breadcrumb","itemListElement":[{"@type":"ListItem","position":1,"name":"Portada","item":"https:\/\/empresas.infoempleo.com\/hrtrends\/"},{"@type":"ListItem","position":2,"name":"C\u00edrculo de Deming: c\u00f3mo aplicar esta estrategia de mejora continua en tu empresa"}]},{"@type":"WebSite","@id":"https:\/\/empresas.infoempleo.com\/hrtrends\/#website","url":"https:\/\/empresas.infoempleo.com\/hrtrends","name":"HRTrends by Infoempleo","description":"","publisher":{"@id":"https:\/\/empresas.infoempleo.com\/hrtrends\/#organization"},"potentialAction":{"@type":"SearchAction","target":"https:\/\/empresas.infoempleo.com\/hrtrends\/?s={search_term_string}","query-input":"required name=search_term_string"},"inLanguage":"es"},{"@type":"Organization","@id":"https:\/\/empresas.infoempleo.com\/hrtrends\/#organization","name":"Infoempleo","url":"https:\/\/www.infoempleo.com\/","logo":{"@type":"ImageObject","@id":"https:\/\/empresas.infoempleo.com\/hrtrends\/#logo","inLanguage":"es","url":"https:\/\/cdnazure.infoempleo.com\/infoempleo\/assets\/style\/gfx\/logo.svg","contentUrl":"https:\/\/cdnazure.infoempleo.com\/infoempleo\/assets\/style\/gfx\/logo.svg","width":150,"height":40,"caption":"Infoempleo"},"image":{"@id":"https:\/\/empresas.infoempleo.com\/hrtrends\/#logo"},"sameAs":["https:\/\/www.facebook.com\/Infoempleo","https:\/\/x.com\/infoempleo","http:\/\/instagram.com\/infoempleo\/","http:\/\/www.linkedin.com\/groups\/Empleo-Espa\u00f1a-Infoempleocom-111276","http:\/\/pinterest.com\/infoempleo\/"],"address":{"@type":"PostalAddress","addressLocality":"Madrid","postalCode":"28050","streetAddress":"Avenida de Burgos 114"},"brand":["Infoempleo"]},{"@type":"Person","@id":"https:\/\/empresas.infoempleo.com\/hrtrends\/#\/schema\/person\/b1dd51edbb566a47cd8f7513fa73d223","name":"Adriana M.","image":{"@type":"ImageObject","inLanguage":"es","@id":"https:\/\/empresas.infoempleo.com\/hrtrends\/#\/schema\/person\/image\/","url":"https:\/\/secure.gravatar.com\/avatar\/243f7dd7e1db0ad0e9791be05df7d72ba5c8bf338408591753bae2fe87dae18d?s=96&d=mm&r=g","contentUrl":"https:\/\/secure.gravatar.com\/avatar\/243f7dd7e1db0ad0e9791be05df7d72ba5c8bf338408591753bae2fe87dae18d?s=96&d=mm&r=g","caption":"Adriana M."},"description":"Periodista y experta en Comunicaci\u00f3n Audiovisual y Narrativa. Me encanta escribir y narrar lo que pasa a mi alrededor es mi pasi\u00f3n.","url":"https:\/\/empresas.infoempleo.com\/hrtrends\/author\/adriana-kanvas\/"}]}},"amp_enabled":true,"_links":{"self":[{"href":"https:\/\/empresas.infoempleo.com\/hrtrends\/wp-json\/wp\/v2\/posts\/34333","targetHints":{"allow":["GET"]}}],"collection":[{"href":"https:\/\/empresas.infoempleo.com\/hrtrends\/wp-json\/wp\/v2\/posts"}],"about":[{"href":"https:\/\/empresas.infoempleo.com\/hrtrends\/wp-json\/wp\/v2\/types\/post"}],"author":[{"embeddable":true,"href":"https:\/\/empresas.infoempleo.com\/hrtrends\/wp-json\/wp\/v2\/users\/122"}],"replies":[{"embeddable":true,"href":"https:\/\/empresas.infoempleo.com\/hrtrends\/wp-json\/wp\/v2\/comments?post=34333"}],"version-history":[{"count":0,"href":"https:\/\/empresas.infoempleo.com\/hrtrends\/wp-json\/wp\/v2\/posts\/34333\/revisions"}],"wp:featuredmedia":[{"embeddable":true,"href":"https:\/\/empresas.infoempleo.com\/hrtrends\/wp-json\/wp\/v2\/media\/34334"}],"wp:attachment":[{"href":"https:\/\/empresas.infoempleo.com\/hrtrends\/wp-json\/wp\/v2\/media?parent=34333"}],"wp:term":[{"taxonomy":"category","embeddable":true,"href":"https:\/\/empresas.infoempleo.com\/hrtrends\/wp-json\/wp\/v2\/categories?post=34333"},{"taxonomy":"post_tag","embeddable":true,"href":"https:\/\/empresas.infoempleo.com\/hrtrends\/wp-json\/wp\/v2\/tags?post=34333"}],"curies":[{"name":"wp","href":"https:\/\/api.w.org\/{rel}","templated":true}]}}