{"id":34169,"date":"2018-09-19T14:16:24","date_gmt":"2018-09-19T12:16:24","guid":{"rendered":"https:\/\/empresas.infoempleo.com\/hrtrends\/?p=34169"},"modified":"2019-01-04T11:02:17","modified_gmt":"2019-01-04T09:02:17","slug":"titulitis-efecto-empresas","status":"publish","type":"post","link":"https:\/\/empresas.infoempleo.com\/hrtrends\/titulitis-efecto-empresas\/","title":{"rendered":"\u00bfTe dejas llevar por la titulitis? Descubre su efecto en las empresas"},"content":{"rendered":"<p><span style=\"font-weight: 400\">La <\/span><b>titulitis<\/b><span style=\"font-weight: 400\"> no es m\u00e1s que una <\/span><b>valoraci\u00f3n desmesurada<\/b><span style=\"font-weight: 400\"> de los <\/span><b>t\u00edtulos acad\u00e9micos<\/b><span style=\"font-weight: 400\"> a la hora de <\/span><b>seleccionar candidatos<\/b><span style=\"font-weight: 400\">. Hace a\u00f1os, en Espa\u00f1a exist\u00eda la creencia de que <\/span><b>cuantos m\u00e1s t\u00edtulos<\/b><span style=\"font-weight: 400\"> se tuviesen <\/span><b>mejor trabajo<\/b><span style=\"font-weight: 400\"> se encontrar\u00eda. Sin embargo, parece que esto <\/span><b>no se puede aplicar<\/b><span style=\"font-weight: 400\"> a d\u00eda de hoy, ya que los <\/span><b>responsables de RRHH<\/b><span style=\"font-weight: 400\"> ten\u00e9is cada vez m\u00e1s claro que <\/span><b>los diplomas no lo son todo<\/b><span style=\"font-weight: 400\">. <\/span><\/p>\n<p><span style=\"font-weight: 400\">Por supuesto, has de dar importancia a <\/span><b>los conocimientos<\/b><span style=\"font-weight: 400\"> y a <\/span><b>la formaci\u00f3n<\/b><span style=\"font-weight: 400\">, pero teniendo siempre muy claro que ambas cosas <\/span><b>no son lo \u00fanico que debe tener<\/b><span style=\"font-weight: 400\"> un <\/span><b>candidato ideal<\/b><span style=\"font-weight: 400\">.<\/span><\/p>\n<p><img loading=\"lazy\" decoding=\"async\" class=\"size-full wp-image-34217 aligncenter\" src=\"https:\/\/empresas.infoempleo.com\/hrtrends\/media\/2018\/09\/titulitis.jpg\" alt=\"Titulitis: qu\u00e9 es y qu\u00e9 efecto tiene en tu empresa\" width=\"724\" height=\"483\" srcset=\"https:\/\/empresas.infoempleo.com\/hrtrends\/media\/2018\/09\/titulitis.jpg 724w, https:\/\/empresas.infoempleo.com\/hrtrends\/media\/2018\/09\/titulitis-300x200.jpg 300w\" sizes=\"auto, (max-width: 724px) 100vw, 724px\" \/><\/p>\n<h2><b>La titulitis en los departamentos de RRHH en Espa\u00f1a<\/b><\/h2>\n<p><span style=\"font-weight: 400\">A la hora de <\/span><b>seleccionar personal<\/b><span style=\"font-weight: 400\">, tienes que tener en cuenta <\/span><b>varios aspectos importantes<\/b><span style=\"font-weight: 400\">. Por supuesto que <\/span><b>los estudios y la titulaci\u00f3n<\/b><span style=\"font-weight: 400\"> son cruciales para valorar a los <\/span><b>candidatos \u00f3ptimos<\/b><span style=\"font-weight: 400\">, ya que los conocimientos son un <\/span><b>factor muy relevante<\/b><span style=\"font-weight: 400\"> en \u00a0\u00a0el <\/span><b>proceso de selecci\u00f3n<\/b><span style=\"font-weight: 400\">, pero hay otros aspectos que hay que considerar <\/span><a href=\"https:\/\/empresas.infoempleo.com\/hrtrends\/5-razones-las-puedes-fallar-reclutando-talento\/\/\"><span style=\"font-weight: 400\">si no quieres cometer errores a la hora de reclutar.<\/span><\/a><\/p>\n<p><span style=\"font-weight: 400\">Como <\/span><b>miembro del departamento de RRHH<\/b><span style=\"font-weight: 400\"> tienes que tener en cuenta que un aspirante con <\/span><b>grado universitario y un m\u00e1ster<\/b><span style=\"font-weight: 400\"> no tiene por qu\u00e9 ser m\u00e1s v\u00e1lido que otro que cuenta con <\/span><b>menos formaci\u00f3n<\/b><span style=\"font-weight: 400\">. Es importante que valores tambi\u00e9n <\/span><b>la experiencia<\/b><span style=\"font-weight: 400\">, <\/span><b>la personalidad<\/b><span style=\"font-weight: 400\"> o <\/span><a href=\"https:\/\/empresas.infoempleo.com\/hrtrends\/competencias-genericas\"><span style=\"font-weight: 400\">las competencias gen\u00e9ricas del candidato<\/span><\/a><span style=\"font-weight: 400\">. <\/span><\/p>\n<p><span style=\"font-weight: 400\">Esto es algo que ten\u00e9is cada vez m\u00e1s claro en <\/span><b>los departamentos de RRHH<\/b><span style=\"font-weight: 400\">, si bien hay muchas empresas que todav\u00eda se dejan <\/span><b>seducir en exceso<\/b><span style=\"font-weight: 400\"> por <\/span><b>los t\u00edtulos<\/b><span style=\"font-weight: 400\">. Esto puede tener <\/span><b>consecuencias muy negativas<\/b><span style=\"font-weight: 400\">.<\/span><\/p>\n<p><span style=\"font-weight: 400\">De este modo, es frecuente que, cuando se contrata a alguien solo atendiendo a <\/span><b>sus diplomas<\/b><span style=\"font-weight: 400\">, la persona en cuesti\u00f3n termine por <\/span><b>no responder bien<\/b><span style=\"font-weight: 400\"> a otros niveles que <\/span><b>no han sido evaluados<\/b><span style=\"font-weight: 400\">. Puede que ese aspirante <\/span><b>haya estudiado mucho<\/b><span style=\"font-weight: 400\"> pero que no disponga de <\/span><b>la actitud correcta<\/b><span style=\"font-weight: 400\">, por ejemplo. O que su personalidad no encaje en <\/span><a href=\"https:\/\/empresas.infoempleo.com\/hrtrends\/potenciar-la-cultura-empresarial\/\/\"><span style=\"font-weight: 400\">la cultura empresarial de la compa\u00f1\u00eda<\/span><\/a><span style=\"font-weight: 400\">. Quiz\u00e1s se trate de <\/span><a href=\"https:\/\/empresas.infoempleo.com\/hrtrends\/tratar-con-empleados-dificiles\/\"><span style=\"font-weight: 400\">un empleado conflictivo con el que es dif\u00edcil lidiar<\/span><\/a><span style=\"font-weight: 400\">. Incluso es posible que, a pesar de sus t\u00edtulos, no sea capaz de <\/span><b>desarrollar sus tareas<\/b><span style=\"font-weight: 400\"> con eficacia. <\/span><\/p>\n<h2><b>\u00bfUna persona es m\u00e1s valiosa para la empresa cu\u00e1ntos m\u00e1s estudios tenga?<\/b><\/h2>\n<p><span style=\"font-weight: 400\">Dejarse llevar por <\/span><b>la titulitis<\/b><span style=\"font-weight: 400\"> puede ser muy tentador, ya que lleva muchos a\u00f1os <\/span><b>arraigada en nuestro pa\u00eds<\/b><span style=\"font-weight: 400\">. Por eso, debes tener muy presente que un candidato no tiene por qu\u00e9 <\/span><b>ser m\u00e1s v\u00e1lido<\/b><span style=\"font-weight: 400\"> por tener <\/span><b>m\u00e1s estudios<\/b><span style=\"font-weight: 400\">. Es cierto que no puedes obviar que, el hecho de que una persona haya dedicado <\/span><b>tiempo y esfuerzo<\/b><span style=\"font-weight: 400\"> a su <\/span><b>vida acad\u00e9mica<\/b><span style=\"font-weight: 400\">, dice muchas <\/span><b>cosas buenas de \u00e9l<\/b><span style=\"font-weight: 400\">. No obstante, los otros aspectos que hemos mencionado han de ser puestos tambi\u00e9n en <\/span><b>la balanza<\/b><span style=\"font-weight: 400\">. <\/span><\/p>\n<p><span style=\"font-weight: 400\">Piensa que, muchas veces, lo que m\u00e1s peso tiene es <\/span><b>la actitud<\/b><span style=\"font-weight: 400\">. Si te encuentras ante una persona <\/span><b>responsable y proactiva<\/b><span style=\"font-weight: 400\">, no debes dejarla escapar por el hecho de que no cuente con <\/span><b>tantos t\u00edtulos<\/b><span style=\"font-weight: 400\">. Recuerda que <\/span><a href=\"https:\/\/empresas.infoempleo.com\/hrtrends\/formacion-la-empresa-mejorar\/\"><span style=\"font-weight: 400\">la formaci\u00f3n se puede adquirir<\/span><\/a><span style=\"font-weight: 400\"> una vez que dicho aspirante <\/span><b>forme parte de la plantilla y, de hecho<\/b><span style=\"font-weight: 400\">, <\/span><a href=\"https:\/\/empresas.infoempleo.com\/hrtrends\/disenar-plan-formacion-la-empresa\/\/\"><span style=\"font-weight: 400\">t\u00fa se la puedes facilitar a trav\u00e9s de un plan de formaci\u00f3n<\/span><\/a><span style=\"font-weight: 400\">. En cambio, una <\/span><b>predisposici\u00f3n correcta<\/b><span style=\"font-weight: 400\">, no es algo que se <\/span><b>aprenda tan f\u00e1cilmente<\/b><span style=\"font-weight: 400\">.<\/span><\/p>\n<p><span style=\"font-weight: 400\">En lo que a reclutar se refiere, es importante que no te dejes llevar por <\/span><b>la titulitis<\/b><span style=\"font-weight: 400\"> y sepas encontrar <\/span><b>un equilibrio<\/b><span style=\"font-weight: 400\">. Tener en cuenta <\/span><b>diferentes aspectos<\/b><span style=\"font-weight: 400\"> de los candidatos<\/span> <span style=\"font-weight: 400\">es vital. Solo as\u00ed podr\u00e1s encontrar a <\/span><b>la persona id\u00f3nea<\/b><span style=\"font-weight: 400\"> y hacer <\/span><b>lo mejor para tu empresa<\/b><span style=\"font-weight: 400\">. Recuerda adem\u00e1s que, si est\u00e1s inmerso en un proceso de selecci\u00f3n de personal, <\/span><a href=\"https:\/\/empresas.infoempleo.com\/buscar-candidatos\/%20?%20utm_source=post&amp;utm_campaign=hrtrends&amp;utm_medium=blogempresas&amp;utm_content=empresas_encontrar\"><span style=\"font-weight: 400\">puedes recurrir a nuestros servicios<\/span><\/a><span style=\"font-weight: 400\">. \u00a1Estamos para ayudarte!<\/span><\/p>\n","protected":false},"excerpt":{"rendered":"<p>La titulitis no es m\u00e1s que una valoraci\u00f3n desmesurada de los t\u00edtulos acad\u00e9micos a la hora de seleccionar<a class=\"moretag\" href=\"https:\/\/empresas.infoempleo.com\/hrtrends\/titulitis-efecto-empresas\/\"> Leer m\u00e1s<\/a><\/p>\n","protected":false},"author":122,"featured_media":34170,"comment_status":"closed","ping_status":"closed","sticky":false,"template":"","format":"standard","meta":{"footnotes":""},"categories":[3032],"tags":[],"class_list":["post-34169","post","type-post","status-publish","format-standard","has-post-thumbnail","hentry","category-formacion"],"yoast_head":"<!-- This site is optimized with the Yoast SEO plugin v26.1.1 - https:\/\/yoast.com\/wordpress\/plugins\/seo\/ -->\n<title>Titutilis: en qu\u00e9 consiste y cu\u00e1l es su impacto en tu empresa<\/title>\n<meta name=\"description\" content=\"La titulitis est\u00e1 muy extendida en Espa\u00f1a desde hace a\u00f1os, pero \u00bfsabes qu\u00e9 es exactamente y c\u00f3mo puede afectar a tu empresa? \u00a1Nosotros te lo contamos!\" \/>\n<meta name=\"robots\" content=\"index, follow, max-snippet:-1, max-image-preview:large, max-video-preview:-1\" \/>\n<link rel=\"canonical\" href=\"https:\/\/empresas.infoempleo.com\/hrtrends\/titulitis-efecto-empresas\/\" \/>\n<meta property=\"og:locale\" content=\"es_ES\" \/>\n<meta property=\"og:type\" content=\"article\" \/>\n<meta property=\"og:title\" content=\"Titutilis: en qu\u00e9 consiste y cu\u00e1l es su impacto en tu empresa\" \/>\n<meta property=\"og:description\" content=\"La titulitis est\u00e1 muy extendida en Espa\u00f1a desde hace a\u00f1os, pero \u00bfsabes qu\u00e9 es exactamente y c\u00f3mo puede afectar a tu empresa? \u00a1Nosotros te lo contamos!\" \/>\n<meta property=\"og:url\" content=\"https:\/\/empresas.infoempleo.com\/hrtrends\/titulitis-efecto-empresas\/\" \/>\n<meta property=\"og:site_name\" content=\"HRTRENDS\" \/>\n<meta property=\"article:publisher\" content=\"https:\/\/www.facebook.com\/Infoempleo\" \/>\n<meta property=\"article:published_time\" content=\"2018-09-19T12:16:24+00:00\" \/>\n<meta property=\"article:modified_time\" content=\"2019-01-04T09:02:17+00:00\" \/>\n<meta property=\"og:image\" content=\"https:\/\/empresas.infoempleo.com\/hrtrends\/media\/2018\/09\/Titulitis-1.jpg\" \/>\n\t<meta property=\"og:image:width\" content=\"1140\" \/>\n\t<meta property=\"og:image:height\" content=\"760\" \/>\n\t<meta property=\"og:image:type\" content=\"image\/jpeg\" \/>\n<meta name=\"author\" content=\"Adriana M.\" \/>\n<meta name=\"twitter:card\" content=\"summary_large_image\" \/>\n<meta name=\"twitter:creator\" content=\"@infoempleo\" \/>\n<meta name=\"twitter:site\" content=\"@infoempleo\" \/>\n<meta name=\"twitter:label1\" content=\"Escrito por\" \/>\n\t<meta name=\"twitter:data1\" content=\"Adriana M.\" \/>\n\t<meta name=\"twitter:label2\" content=\"Tiempo de lectura\" \/>\n\t<meta name=\"twitter:data2\" content=\"3 minutos\" \/>\n<script type=\"application\/ld+json\" class=\"yoast-schema-graph\">{\"@context\":\"https:\/\/schema.org\",\"@graph\":[{\"@type\":\"NewsArticle\",\"@id\":\"https:\/\/empresas.infoempleo.com\/hrtrends\/titulitis-efecto-empresas\/#article\",\"isPartOf\":{\"@id\":\"https:\/\/empresas.infoempleo.com\/hrtrends\/titulitis-efecto-empresas\/\"},\"author\":{\"name\":\"Adriana M.\",\"@id\":\"https:\/\/empresas.infoempleo.com\/hrtrends\/#\/schema\/person\/b1dd51edbb566a47cd8f7513fa73d223\"},\"headline\":\"\u00bfTe dejas llevar por la titulitis? Descubre su efecto en las empresas\",\"datePublished\":\"2018-09-19T12:16:24+00:00\",\"dateModified\":\"2019-01-04T09:02:17+00:00\",\"mainEntityOfPage\":{\"@id\":\"https:\/\/empresas.infoempleo.com\/hrtrends\/titulitis-efecto-empresas\/\"},\"wordCount\":656,\"publisher\":{\"@id\":\"https:\/\/empresas.infoempleo.com\/hrtrends\/#organization\"},\"image\":{\"@id\":\"https:\/\/empresas.infoempleo.com\/hrtrends\/titulitis-efecto-empresas\/#primaryimage\"},\"thumbnailUrl\":\"https:\/\/empresas.infoempleo.com\/hrtrends\/media\/2018\/09\/Titulitis-1.jpg\",\"articleSection\":[\"Formaci\u00f3n\"],\"inLanguage\":\"es\",\"copyrightYear\":\"2018\",\"copyrightHolder\":{\"@id\":\"https:\/\/empresas.infoempleo.com\/hrtrends\/#organization\"}},{\"@type\":\"WebPage\",\"@id\":\"https:\/\/empresas.infoempleo.com\/hrtrends\/titulitis-efecto-empresas\/\",\"url\":\"https:\/\/empresas.infoempleo.com\/hrtrends\/titulitis-efecto-empresas\/\",\"name\":\"Titutilis: en qu\u00e9 consiste y cu\u00e1l es su impacto en tu empresa\",\"isPartOf\":{\"@id\":\"https:\/\/empresas.infoempleo.com\/hrtrends\/#website\"},\"primaryImageOfPage\":{\"@id\":\"https:\/\/empresas.infoempleo.com\/hrtrends\/titulitis-efecto-empresas\/#primaryimage\"},\"image\":{\"@id\":\"https:\/\/empresas.infoempleo.com\/hrtrends\/titulitis-efecto-empresas\/#primaryimage\"},\"thumbnailUrl\":\"https:\/\/empresas.infoempleo.com\/hrtrends\/media\/2018\/09\/Titulitis-1.jpg\",\"datePublished\":\"2018-09-19T12:16:24+00:00\",\"dateModified\":\"2019-01-04T09:02:17+00:00\",\"description\":\"La titulitis est\u00e1 muy extendida en Espa\u00f1a desde hace a\u00f1os, pero \u00bfsabes qu\u00e9 es exactamente y c\u00f3mo puede afectar a tu empresa? \u00a1Nosotros te lo contamos!\",\"breadcrumb\":{\"@id\":\"https:\/\/empresas.infoempleo.com\/hrtrends\/titulitis-efecto-empresas\/#breadcrumb\"},\"inLanguage\":\"es\",\"potentialAction\":[{\"@type\":\"ReadAction\",\"target\":[\"https:\/\/empresas.infoempleo.com\/hrtrends\/titulitis-efecto-empresas\/\"]}]},{\"@type\":\"ImageObject\",\"inLanguage\":\"es\",\"@id\":\"https:\/\/empresas.infoempleo.com\/hrtrends\/titulitis-efecto-empresas\/#primaryimage\",\"url\":\"https:\/\/empresas.infoempleo.com\/hrtrends\/media\/2018\/09\/Titulitis-1-150x150.jpg\",\"contentUrl\":\"https:\/\/empresas.infoempleo.com\/hrtrends\/media\/2018\/09\/Titulitis-1-150x150.jpg\",\"width\":150,\"height\":150,\"caption\":\"Titulitis: qu\u00e9 es y qu\u00e9 efecto tiene en tu empresa\"},{\"@type\":\"BreadcrumbList\",\"@id\":\"https:\/\/empresas.infoempleo.com\/hrtrends\/titulitis-efecto-empresas\/#breadcrumb\",\"itemListElement\":[{\"@type\":\"ListItem\",\"position\":1,\"name\":\"Portada\",\"item\":\"https:\/\/empresas.infoempleo.com\/hrtrends\/\"},{\"@type\":\"ListItem\",\"position\":2,\"name\":\"\u00bfTe dejas llevar por la titulitis? Descubre su efecto en las empresas\"}]},{\"@type\":\"WebSite\",\"@id\":\"https:\/\/empresas.infoempleo.com\/hrtrends\/#website\",\"url\":\"https:\/\/empresas.infoempleo.com\/hrtrends\",\"name\":\"HRTrends by Infoempleo\",\"description\":\"\",\"publisher\":{\"@id\":\"https:\/\/empresas.infoempleo.com\/hrtrends\/#organization\"},\"potentialAction\":{\"@type\":\"SearchAction\",\"target\":\"https:\/\/empresas.infoempleo.com\/hrtrends\/?s={search_term_string}\",\"query-input\":\"required name=search_term_string\"},\"inLanguage\":\"es\"},{\"@type\":\"Organization\",\"@id\":\"https:\/\/empresas.infoempleo.com\/hrtrends\/#organization\",\"name\":\"Infoempleo\",\"url\":\"https:\/\/www.infoempleo.com\/\",\"logo\":{\"@type\":\"ImageObject\",\"@id\":\"https:\/\/empresas.infoempleo.com\/hrtrends\/#logo\",\"inLanguage\":\"es\",\"url\":\"https:\/\/cdnazure.infoempleo.com\/infoempleo\/assets\/style\/gfx\/logo.svg\",\"contentUrl\":\"https:\/\/cdnazure.infoempleo.com\/infoempleo\/assets\/style\/gfx\/logo.svg\",\"width\":150,\"height\":40,\"caption\":\"Infoempleo\"},\"image\":{\"@id\":\"https:\/\/empresas.infoempleo.com\/hrtrends\/#logo\"},\"sameAs\":[\"https:\/\/www.facebook.com\/Infoempleo\",\"https:\/\/x.com\/infoempleo\",\"http:\/\/instagram.com\/infoempleo\/\",\"http:\/\/www.linkedin.com\/groups\/Empleo-Espa\u00f1a-Infoempleocom-111276\",\"http:\/\/pinterest.com\/infoempleo\/\"],\"address\":{\"@type\":\"PostalAddress\",\"addressLocality\":\"Madrid\",\"postalCode\":\"28050\",\"streetAddress\":\"Avenida de Burgos 114\"},\"brand\":[\"Infoempleo\"]},{\"@type\":\"Person\",\"@id\":\"https:\/\/empresas.infoempleo.com\/hrtrends\/#\/schema\/person\/b1dd51edbb566a47cd8f7513fa73d223\",\"name\":\"Adriana M.\",\"image\":{\"@type\":\"ImageObject\",\"inLanguage\":\"es\",\"@id\":\"https:\/\/empresas.infoempleo.com\/hrtrends\/#\/schema\/person\/image\/\",\"url\":\"https:\/\/secure.gravatar.com\/avatar\/243f7dd7e1db0ad0e9791be05df7d72ba5c8bf338408591753bae2fe87dae18d?s=96&d=mm&r=g\",\"contentUrl\":\"https:\/\/secure.gravatar.com\/avatar\/243f7dd7e1db0ad0e9791be05df7d72ba5c8bf338408591753bae2fe87dae18d?s=96&d=mm&r=g\",\"caption\":\"Adriana M.\"},\"description\":\"Periodista y experta en Comunicaci\u00f3n Audiovisual y Narrativa. Me encanta escribir y narrar lo que pasa a mi alrededor es mi pasi\u00f3n.\",\"url\":\"https:\/\/empresas.infoempleo.com\/hrtrends\/author\/adriana-kanvas\/\"}]}<\/script>\n<!-- \/ Yoast SEO plugin. -->","yoast_head_json":{"title":"Titutilis: en qu\u00e9 consiste y cu\u00e1l es su impacto en tu empresa","description":"La titulitis est\u00e1 muy extendida en Espa\u00f1a desde hace a\u00f1os, pero \u00bfsabes qu\u00e9 es exactamente y c\u00f3mo puede afectar a tu empresa? \u00a1Nosotros te lo contamos!","robots":{"index":"index","follow":"follow","max-snippet":"max-snippet:-1","max-image-preview":"max-image-preview:large","max-video-preview":"max-video-preview:-1"},"canonical":"https:\/\/empresas.infoempleo.com\/hrtrends\/titulitis-efecto-empresas\/","og_locale":"es_ES","og_type":"article","og_title":"Titutilis: en qu\u00e9 consiste y cu\u00e1l es su impacto en tu empresa","og_description":"La titulitis est\u00e1 muy extendida en Espa\u00f1a desde hace a\u00f1os, pero \u00bfsabes qu\u00e9 es exactamente y c\u00f3mo puede afectar a tu empresa? \u00a1Nosotros te lo contamos!","og_url":"https:\/\/empresas.infoempleo.com\/hrtrends\/titulitis-efecto-empresas\/","og_site_name":"HRTRENDS","article_publisher":"https:\/\/www.facebook.com\/Infoempleo","article_published_time":"2018-09-19T12:16:24+00:00","article_modified_time":"2019-01-04T09:02:17+00:00","og_image":[{"width":1140,"height":760,"url":"https:\/\/empresas.infoempleo.com\/hrtrends\/media\/2018\/09\/Titulitis-1.jpg","type":"image\/jpeg"}],"author":"Adriana M.","twitter_card":"summary_large_image","twitter_creator":"@infoempleo","twitter_site":"@infoempleo","twitter_misc":{"Escrito por":"Adriana M.","Tiempo de lectura":"3 minutos"},"schema":{"@context":"https:\/\/schema.org","@graph":[{"@type":"NewsArticle","@id":"https:\/\/empresas.infoempleo.com\/hrtrends\/titulitis-efecto-empresas\/#article","isPartOf":{"@id":"https:\/\/empresas.infoempleo.com\/hrtrends\/titulitis-efecto-empresas\/"},"author":{"name":"Adriana M.","@id":"https:\/\/empresas.infoempleo.com\/hrtrends\/#\/schema\/person\/b1dd51edbb566a47cd8f7513fa73d223"},"headline":"\u00bfTe dejas llevar por la titulitis? Descubre su efecto en las empresas","datePublished":"2018-09-19T12:16:24+00:00","dateModified":"2019-01-04T09:02:17+00:00","mainEntityOfPage":{"@id":"https:\/\/empresas.infoempleo.com\/hrtrends\/titulitis-efecto-empresas\/"},"wordCount":656,"publisher":{"@id":"https:\/\/empresas.infoempleo.com\/hrtrends\/#organization"},"image":{"@id":"https:\/\/empresas.infoempleo.com\/hrtrends\/titulitis-efecto-empresas\/#primaryimage"},"thumbnailUrl":"https:\/\/empresas.infoempleo.com\/hrtrends\/media\/2018\/09\/Titulitis-1.jpg","articleSection":["Formaci\u00f3n"],"inLanguage":"es","copyrightYear":"2018","copyrightHolder":{"@id":"https:\/\/empresas.infoempleo.com\/hrtrends\/#organization"}},{"@type":"WebPage","@id":"https:\/\/empresas.infoempleo.com\/hrtrends\/titulitis-efecto-empresas\/","url":"https:\/\/empresas.infoempleo.com\/hrtrends\/titulitis-efecto-empresas\/","name":"Titutilis: en qu\u00e9 consiste y cu\u00e1l es su impacto en tu empresa","isPartOf":{"@id":"https:\/\/empresas.infoempleo.com\/hrtrends\/#website"},"primaryImageOfPage":{"@id":"https:\/\/empresas.infoempleo.com\/hrtrends\/titulitis-efecto-empresas\/#primaryimage"},"image":{"@id":"https:\/\/empresas.infoempleo.com\/hrtrends\/titulitis-efecto-empresas\/#primaryimage"},"thumbnailUrl":"https:\/\/empresas.infoempleo.com\/hrtrends\/media\/2018\/09\/Titulitis-1.jpg","datePublished":"2018-09-19T12:16:24+00:00","dateModified":"2019-01-04T09:02:17+00:00","description":"La titulitis est\u00e1 muy extendida en Espa\u00f1a desde hace a\u00f1os, pero \u00bfsabes qu\u00e9 es exactamente y c\u00f3mo puede afectar a tu empresa? \u00a1Nosotros te lo contamos!","breadcrumb":{"@id":"https:\/\/empresas.infoempleo.com\/hrtrends\/titulitis-efecto-empresas\/#breadcrumb"},"inLanguage":"es","potentialAction":[{"@type":"ReadAction","target":["https:\/\/empresas.infoempleo.com\/hrtrends\/titulitis-efecto-empresas\/"]}]},{"@type":"ImageObject","inLanguage":"es","@id":"https:\/\/empresas.infoempleo.com\/hrtrends\/titulitis-efecto-empresas\/#primaryimage","url":"https:\/\/empresas.infoempleo.com\/hrtrends\/media\/2018\/09\/Titulitis-1-150x150.jpg","contentUrl":"https:\/\/empresas.infoempleo.com\/hrtrends\/media\/2018\/09\/Titulitis-1-150x150.jpg","width":150,"height":150,"caption":"Titulitis: qu\u00e9 es y qu\u00e9 efecto tiene en tu empresa"},{"@type":"BreadcrumbList","@id":"https:\/\/empresas.infoempleo.com\/hrtrends\/titulitis-efecto-empresas\/#breadcrumb","itemListElement":[{"@type":"ListItem","position":1,"name":"Portada","item":"https:\/\/empresas.infoempleo.com\/hrtrends\/"},{"@type":"ListItem","position":2,"name":"\u00bfTe dejas llevar por la titulitis? Descubre su efecto en las empresas"}]},{"@type":"WebSite","@id":"https:\/\/empresas.infoempleo.com\/hrtrends\/#website","url":"https:\/\/empresas.infoempleo.com\/hrtrends","name":"HRTrends by Infoempleo","description":"","publisher":{"@id":"https:\/\/empresas.infoempleo.com\/hrtrends\/#organization"},"potentialAction":{"@type":"SearchAction","target":"https:\/\/empresas.infoempleo.com\/hrtrends\/?s={search_term_string}","query-input":"required name=search_term_string"},"inLanguage":"es"},{"@type":"Organization","@id":"https:\/\/empresas.infoempleo.com\/hrtrends\/#organization","name":"Infoempleo","url":"https:\/\/www.infoempleo.com\/","logo":{"@type":"ImageObject","@id":"https:\/\/empresas.infoempleo.com\/hrtrends\/#logo","inLanguage":"es","url":"https:\/\/cdnazure.infoempleo.com\/infoempleo\/assets\/style\/gfx\/logo.svg","contentUrl":"https:\/\/cdnazure.infoempleo.com\/infoempleo\/assets\/style\/gfx\/logo.svg","width":150,"height":40,"caption":"Infoempleo"},"image":{"@id":"https:\/\/empresas.infoempleo.com\/hrtrends\/#logo"},"sameAs":["https:\/\/www.facebook.com\/Infoempleo","https:\/\/x.com\/infoempleo","http:\/\/instagram.com\/infoempleo\/","http:\/\/www.linkedin.com\/groups\/Empleo-Espa\u00f1a-Infoempleocom-111276","http:\/\/pinterest.com\/infoempleo\/"],"address":{"@type":"PostalAddress","addressLocality":"Madrid","postalCode":"28050","streetAddress":"Avenida de Burgos 114"},"brand":["Infoempleo"]},{"@type":"Person","@id":"https:\/\/empresas.infoempleo.com\/hrtrends\/#\/schema\/person\/b1dd51edbb566a47cd8f7513fa73d223","name":"Adriana M.","image":{"@type":"ImageObject","inLanguage":"es","@id":"https:\/\/empresas.infoempleo.com\/hrtrends\/#\/schema\/person\/image\/","url":"https:\/\/secure.gravatar.com\/avatar\/243f7dd7e1db0ad0e9791be05df7d72ba5c8bf338408591753bae2fe87dae18d?s=96&d=mm&r=g","contentUrl":"https:\/\/secure.gravatar.com\/avatar\/243f7dd7e1db0ad0e9791be05df7d72ba5c8bf338408591753bae2fe87dae18d?s=96&d=mm&r=g","caption":"Adriana M."},"description":"Periodista y experta en Comunicaci\u00f3n Audiovisual y Narrativa. Me encanta escribir y narrar lo que pasa a mi alrededor es mi pasi\u00f3n.","url":"https:\/\/empresas.infoempleo.com\/hrtrends\/author\/adriana-kanvas\/"}]}},"amp_enabled":true,"_links":{"self":[{"href":"https:\/\/empresas.infoempleo.com\/hrtrends\/wp-json\/wp\/v2\/posts\/34169","targetHints":{"allow":["GET"]}}],"collection":[{"href":"https:\/\/empresas.infoempleo.com\/hrtrends\/wp-json\/wp\/v2\/posts"}],"about":[{"href":"https:\/\/empresas.infoempleo.com\/hrtrends\/wp-json\/wp\/v2\/types\/post"}],"author":[{"embeddable":true,"href":"https:\/\/empresas.infoempleo.com\/hrtrends\/wp-json\/wp\/v2\/users\/122"}],"replies":[{"embeddable":true,"href":"https:\/\/empresas.infoempleo.com\/hrtrends\/wp-json\/wp\/v2\/comments?post=34169"}],"version-history":[{"count":0,"href":"https:\/\/empresas.infoempleo.com\/hrtrends\/wp-json\/wp\/v2\/posts\/34169\/revisions"}],"wp:featuredmedia":[{"embeddable":true,"href":"https:\/\/empresas.infoempleo.com\/hrtrends\/wp-json\/wp\/v2\/media\/34170"}],"wp:attachment":[{"href":"https:\/\/empresas.infoempleo.com\/hrtrends\/wp-json\/wp\/v2\/media?parent=34169"}],"wp:term":[{"taxonomy":"category","embeddable":true,"href":"https:\/\/empresas.infoempleo.com\/hrtrends\/wp-json\/wp\/v2\/categories?post=34169"},{"taxonomy":"post_tag","embeddable":true,"href":"https:\/\/empresas.infoempleo.com\/hrtrends\/wp-json\/wp\/v2\/tags?post=34169"}],"curies":[{"name":"wp","href":"https:\/\/api.w.org\/{rel}","templated":true}]}}