{"id":34074,"date":"2018-08-14T08:00:12","date_gmt":"2018-08-14T06:00:12","guid":{"rendered":"https:\/\/empresas.infoempleo.com\/hrtrends\/?p=34074"},"modified":"2024-08-29T17:50:13","modified_gmt":"2024-08-29T15:50:13","slug":"talent-day-camara-comercio-madrid","status":"publish","type":"post","link":"https:\/\/empresas.infoempleo.com\/hrtrends\/talent-day-camara-comercio-madrid\/","title":{"rendered":"Talent Day, te esperamos el 26 de septiembre"},"content":{"rendered":"<h2>Sobre el Talent Day<\/h2>\n<p>La <strong>C\u00e1mara de Comercio de Madrid<\/strong> organiza el <em><strong>Talent Day<\/strong><\/em>, la primera edici\u00f3n de una jornada enfocada a los <strong>profesionales de recursos humanos y expertos en selecci\u00f3n<\/strong> para analizar y poner en com\u00fan las buenas pr\u00e1cticas de algunos de los temas m\u00e1s relevantes del sector. Esta jornada es la excusa perfecta para conocer qu\u00e9 opinan los representantes de los organismos p\u00fablicos y privados sobre motivaci\u00f3n, liderazgo, diversidad, tendencias entre otros asuntos.<\/p>\n<p>El objetivo, en palabras de los organizadores, es que los asistentes consigan \u00abque sus plantillas\u00a0sean un <strong>mejor reflejo de la sociedad<\/strong> en la que est\u00e1n presentes, <strong>potenciando la innovaci\u00f3n<\/strong>, alimentando un <strong>comportamiento m\u00e1s \u00e9tico<\/strong> y de b<strong>uen gobierno y generando valor<\/strong>\u00ab,<\/p>\n<p>En Infoempleo no hemos querido dejar pasar la oportunidad de participar en una jornada tan completa y colaboramos en la mesa redonda: <em>\u00abEl Talento senior en activo: aportaci\u00f3n de valor y capital en forma de experiencia\u00bb,\u00a0<\/em>con <strong>Teresa Tom\u00e1s<\/strong>, gerente de negocio de nuestra web\/app.<\/p>\n<p>El encuentro se celebra el pr\u00f3ximo\u00a0<strong>26 de septiembre\u00a0<\/strong>en el\u00a0<strong>Palacio de Santo\u00f1a,\u00a0<\/strong>Calle Huerta, 13, en Madrid. A continuaci\u00f3n puedes ver la agenda completa del encuentro. Si te interesa,\u00a0participa ahora e inscr\u00edbete gratis.<\/p>\n<p><strong><div class=\"su-gmap su-u-responsive-media-yes\"><iframe loading=\"lazy\" width=\"600\" height=\"400\" src=\"\/\/maps.google.com\/maps?q=Palacio%20de%20Santo%C3%B1a&amp;output=embed\" title=\"\"><\/iframe><\/div><\/strong><\/p>\n<h2>Agenda del encuentro<\/h2>\n<p><strong>09:00 Acreditaci\u00f3n y registro<\/strong><\/p>\n<p><strong>09:30 Jornada inaugural institucional<\/strong><\/p>\n<p>\u2022D. \u00c1ngel Asensio. Presidente de la C\u00e1mara de Comercio de Madrid<\/p>\n<p>\u2022D\u00f1a. Marta Higueras Garrobo*. Delegada de \u00c1rea de Gobierno de Equidad, Derechos Sociales y Empleo.<\/p>\n<p>\u2022D\u00aa Engracia Hidalgo*. Consejera de Econom\u00eda, Empleo y Hacienda de la Comunidad de Madrid<\/p>\n<p>\u2022Excma. Sra. D\u00f1a. Magdalena Valerio Cordero*. Ministra de Trabajo, Migraciones y Seguridad Social<\/p>\n<p><strong>10:00 Ponencia Marco: \u00abC\u00f3mo utilizar la motivaci\u00f3n y el liderazgo para gestionar y atraer talento\u00bb.<\/strong><\/p>\n<p>\u2022 D. Juli\u00e1n Ba\u00f1os. Director General de EF Corporate<\/p>\n<p><strong>10:30 Mesa redonda: \u00abLiderazgo colaborativo: Crear, solucionar y compartir para crecer juntos\u00bb<\/strong><\/p>\n<p>Modera: D\u00aa Mar\u00eda S\u00e1nchez- Arjona, Presidenta Fundaci\u00f3n M\u00e1shumano<\/p>\n<p>\u2022 D\u00f1a. Sonia Mart\u00ednez Arranz. Instituto Regional de Salud y Seguridad en el Trabajo de la Comunidad de Madrid<\/p>\n<p>\u2022D\u00f1a. Lina Guerrero. Directora de Talento, Desarrollo, Selecci\u00f3n y Cultura Digital de Sanitas<\/p>\n<p>\u2022D\u00f1a. Isabel Fern\u00e1ndez Alba. Directora de Talento Cultura y Comunicaci\u00f3n Interna de Repsol<\/p>\n<p><strong>11:15 Pausa \u2013 caf\u00e9<\/strong><\/p>\n<p><strong>11:45 Mesa redonda: \u00abLa gesti\u00f3n de la Diversidad: clave para la sostenibilidad futura de las organizaciones\u00bb<\/strong><\/p>\n<p>Modera: D\u00f1a. Arancha Jim\u00e9nez Ceballos, Directora de operaciones Fundaci\u00f3n Adecco<\/p>\n<p>\u2022D\u00f1a. Isabel Vera Rend\u00f3n, Jefa del departamento RSR, Comunicaci\u00f3n y Relaciones Institucionales de Ilunion<\/p>\n<p>\u2022D\u00f1a. Susana Torrente Ors, Directora de la Divisi\u00f3n de Servicios de Specialisterne<\/p>\n<p><strong>12:30 Mesa redonda: \u00abEl Talento senior en activo: aportaci\u00f3n de valor y capital en forma de experiencia\u00bb<\/strong><\/p>\n<p>Modera: Sonia Garc\u00eda, Directora Editorial de Grupo Senda<\/p>\n<p>\u2022 D. Francisco Mesonero Fern\u00e1ndez de C\u00f3rdoba, Director General de la Fundaci\u00f3n Adecco &amp; RC de Adecco Iberia y Am\u00e9rica Latina Fundaci\u00f3n Adecco<\/p>\n<p>\u2022D\u00aa Teresa Tom\u00e1s, Gerente de negocio de Infoempleo<\/p>\n<p>*Asistentes pendientes de confirmaci\u00f3n<\/p>\n<p>&nbsp;<\/p>\n<p><a href=\"https:\/\/www.camaramadrid.es\/evento?p_p_id=indracamaramadridportlet_WAR_indracamaramadridportlet&#038;p_p_lifecycle=1&#038;p_p_state=normal&#038;p_p_mode=view&#038;p_p_col_id=column-1&#038;p_p_col_count=1&#038;_indracamaramadridportlet_WAR_indracamaramadridportlet_javax.portlet.action=initFormulario&#038;_indracamaramadridportlet_WAR_indracamaramadridportlet_mvcPath=\/jsp\/payform\/vistas\/formulario.jsp&#038;_indracamaramadridportlet_WAR_indracamaramadridportlet_back=\/jsp\/payform\/vistas\/listAgenda.jsp&#038;_indracamaramadridportlet_WAR_indracamaramadridportlet_tpFormulario=E\" target=\"_blank\" rel=\"noopener\"><br \/>\n<img loading=\"lazy\" decoding=\"async\" class=\"aligncenter wp-image-34079 size-full\" src=\"https:\/\/empresas.infoempleo.com\/hrtrends\/media\/2018\/08\/boton-inscripcion.png\" alt=\"Inscripci\u00f3n Talent Day\" width=\"388\" height=\"96\" srcset=\"https:\/\/empresas.infoempleo.com\/hrtrends\/media\/2018\/08\/boton-inscripcion.png 388w, https:\/\/empresas.infoempleo.com\/hrtrends\/media\/2018\/08\/boton-inscripcion-300x74.png 300w\" sizes=\"auto, (max-width: 388px) 100vw, 388px\" \/><\/a><\/p>\n","protected":false},"excerpt":{"rendered":"<p>Sobre el Talent Day La C\u00e1mara de Comercio de Madrid organiza el Talent Day, la primera edici\u00f3n de<a class=\"moretag\" href=\"https:\/\/empresas.infoempleo.com\/hrtrends\/talent-day-camara-comercio-madrid\/\"> Leer m\u00e1s<\/a><\/p>\n","protected":false},"author":83,"featured_media":34084,"comment_status":"closed","ping_status":"closed","sticky":false,"template":"","format":"standard","meta":{"footnotes":""},"categories":[3],"tags":[2579,89],"class_list":["post-34074","post","type-post","status-publish","format-standard","has-post-thumbnail","hentry","category-actualidad","tag-evento","tag-talento"],"yoast_head":"<!-- This site is optimized with the Yoast SEO plugin v26.1.1 - https:\/\/yoast.com\/wordpress\/plugins\/seo\/ -->\n<title>Talent Day, te esperamos el 26 de septiembre | HRTRENDS<\/title>\n<meta name=\"description\" content=\"La C\u00e1mara de Comercio de Madrid organiza el Talent Day, una jornada enfocada a los profesionales de RRRHH y expertos en selecci\u00f3n. \u00a1Revisa la agenda\" \/>\n<meta name=\"robots\" content=\"index, follow, max-snippet:-1, max-image-preview:large, max-video-preview:-1\" \/>\n<link rel=\"canonical\" href=\"https:\/\/empresas.infoempleo.com\/hrtrends\/talent-day-camara-comercio-madrid\/\" \/>\n<meta property=\"og:locale\" content=\"es_ES\" \/>\n<meta property=\"og:type\" content=\"article\" \/>\n<meta property=\"og:title\" content=\"Talent Day, te esperamos el 26 de septiembre | HRTRENDS\" \/>\n<meta property=\"og:description\" content=\"La C\u00e1mara de Comercio de Madrid organiza el Talent Day, una jornada enfocada a los profesionales de RRRHH y expertos en selecci\u00f3n. \u00a1Revisa la agenda\" \/>\n<meta property=\"og:url\" content=\"https:\/\/empresas.infoempleo.com\/hrtrends\/talent-day-camara-comercio-madrid\/\" \/>\n<meta property=\"og:site_name\" content=\"HRTRENDS\" \/>\n<meta property=\"article:publisher\" content=\"https:\/\/www.facebook.com\/Infoempleo\" \/>\n<meta property=\"article:published_time\" content=\"2018-08-14T06:00:12+00:00\" \/>\n<meta property=\"article:modified_time\" content=\"2024-08-29T15:50:13+00:00\" \/>\n<meta property=\"og:image\" content=\"https:\/\/empresas.infoempleo.com\/hrtrends\/media\/2018\/08\/Post-1.jpg\" \/>\n\t<meta property=\"og:image:width\" content=\"1024\" \/>\n\t<meta property=\"og:image:height\" content=\"512\" \/>\n\t<meta property=\"og:image:type\" content=\"image\/jpeg\" \/>\n<meta name=\"author\" content=\"Coral Ja\u00e9n\" \/>\n<meta name=\"twitter:card\" content=\"summary_large_image\" \/>\n<meta name=\"twitter:creator\" content=\"@infoempleo\" \/>\n<meta name=\"twitter:site\" content=\"@infoempleo\" \/>\n<meta name=\"twitter:label1\" content=\"Escrito por\" \/>\n\t<meta name=\"twitter:data1\" content=\"Coral Ja\u00e9n\" \/>\n\t<meta name=\"twitter:label2\" content=\"Tiempo de lectura\" \/>\n\t<meta name=\"twitter:data2\" content=\"3 minutos\" \/>\n<script type=\"application\/ld+json\" class=\"yoast-schema-graph\">{\"@context\":\"https:\/\/schema.org\",\"@graph\":[{\"@type\":\"NewsArticle\",\"@id\":\"https:\/\/empresas.infoempleo.com\/hrtrends\/talent-day-camara-comercio-madrid\/#article\",\"isPartOf\":{\"@id\":\"https:\/\/empresas.infoempleo.com\/hrtrends\/talent-day-camara-comercio-madrid\/\"},\"author\":{\"name\":\"Coral Ja\u00e9n\",\"@id\":\"https:\/\/empresas.infoempleo.com\/hrtrends\/#\/schema\/person\/25f571bd9b66cedb5d1cd4f2d42c270e\"},\"headline\":\"Talent Day, te esperamos el 26 de septiembre\",\"datePublished\":\"2018-08-14T06:00:12+00:00\",\"dateModified\":\"2024-08-29T15:50:13+00:00\",\"mainEntityOfPage\":{\"@id\":\"https:\/\/empresas.infoempleo.com\/hrtrends\/talent-day-camara-comercio-madrid\/\"},\"wordCount\":525,\"publisher\":{\"@id\":\"https:\/\/empresas.infoempleo.com\/hrtrends\/#organization\"},\"image\":{\"@id\":\"https:\/\/empresas.infoempleo.com\/hrtrends\/talent-day-camara-comercio-madrid\/#primaryimage\"},\"thumbnailUrl\":\"https:\/\/empresas.infoempleo.com\/hrtrends\/media\/2018\/08\/Post-1.jpg\",\"keywords\":[\"evento\",\"talento\"],\"articleSection\":[\"Actualidad\"],\"inLanguage\":\"es\",\"copyrightYear\":\"2018\",\"copyrightHolder\":{\"@id\":\"https:\/\/empresas.infoempleo.com\/hrtrends\/#organization\"}},{\"@type\":\"WebPage\",\"@id\":\"https:\/\/empresas.infoempleo.com\/hrtrends\/talent-day-camara-comercio-madrid\/\",\"url\":\"https:\/\/empresas.infoempleo.com\/hrtrends\/talent-day-camara-comercio-madrid\/\",\"name\":\"Talent Day, te esperamos el 26 de septiembre | HRTRENDS\",\"isPartOf\":{\"@id\":\"https:\/\/empresas.infoempleo.com\/hrtrends\/#website\"},\"primaryImageOfPage\":{\"@id\":\"https:\/\/empresas.infoempleo.com\/hrtrends\/talent-day-camara-comercio-madrid\/#primaryimage\"},\"image\":{\"@id\":\"https:\/\/empresas.infoempleo.com\/hrtrends\/talent-day-camara-comercio-madrid\/#primaryimage\"},\"thumbnailUrl\":\"https:\/\/empresas.infoempleo.com\/hrtrends\/media\/2018\/08\/Post-1.jpg\",\"datePublished\":\"2018-08-14T06:00:12+00:00\",\"dateModified\":\"2024-08-29T15:50:13+00:00\",\"description\":\"La C\u00e1mara de Comercio de Madrid organiza el Talent Day, una jornada enfocada a los profesionales de RRRHH y expertos en selecci\u00f3n. \u00a1Revisa la agenda\",\"breadcrumb\":{\"@id\":\"https:\/\/empresas.infoempleo.com\/hrtrends\/talent-day-camara-comercio-madrid\/#breadcrumb\"},\"inLanguage\":\"es\",\"potentialAction\":[{\"@type\":\"ReadAction\",\"target\":[\"https:\/\/empresas.infoempleo.com\/hrtrends\/talent-day-camara-comercio-madrid\/\"]}]},{\"@type\":\"ImageObject\",\"inLanguage\":\"es\",\"@id\":\"https:\/\/empresas.infoempleo.com\/hrtrends\/talent-day-camara-comercio-madrid\/#primaryimage\",\"url\":\"https:\/\/empresas.infoempleo.com\/hrtrends\/media\/2018\/08\/Post-1-150x150.jpg\",\"contentUrl\":\"https:\/\/empresas.infoempleo.com\/hrtrends\/media\/2018\/08\/Post-1-150x150.jpg\",\"width\":150,\"height\":150},{\"@type\":\"BreadcrumbList\",\"@id\":\"https:\/\/empresas.infoempleo.com\/hrtrends\/talent-day-camara-comercio-madrid\/#breadcrumb\",\"itemListElement\":[{\"@type\":\"ListItem\",\"position\":1,\"name\":\"Portada\",\"item\":\"https:\/\/empresas.infoempleo.com\/hrtrends\/\"},{\"@type\":\"ListItem\",\"position\":2,\"name\":\"Talent Day, te esperamos el 26 de septiembre\"}]},{\"@type\":\"WebSite\",\"@id\":\"https:\/\/empresas.infoempleo.com\/hrtrends\/#website\",\"url\":\"https:\/\/empresas.infoempleo.com\/hrtrends\",\"name\":\"HRTrends by Infoempleo\",\"description\":\"\",\"publisher\":{\"@id\":\"https:\/\/empresas.infoempleo.com\/hrtrends\/#organization\"},\"potentialAction\":{\"@type\":\"SearchAction\",\"target\":\"https:\/\/empresas.infoempleo.com\/hrtrends\/?s={search_term_string}\",\"query-input\":\"required name=search_term_string\"},\"inLanguage\":\"es\"},{\"@type\":\"Organization\",\"@id\":\"https:\/\/empresas.infoempleo.com\/hrtrends\/#organization\",\"name\":\"Infoempleo\",\"url\":\"https:\/\/www.infoempleo.com\/\",\"logo\":{\"@type\":\"ImageObject\",\"@id\":\"https:\/\/empresas.infoempleo.com\/hrtrends\/#logo\",\"inLanguage\":\"es\",\"url\":\"https:\/\/cdnazure.infoempleo.com\/infoempleo\/assets\/style\/gfx\/logo.svg\",\"contentUrl\":\"https:\/\/cdnazure.infoempleo.com\/infoempleo\/assets\/style\/gfx\/logo.svg\",\"width\":150,\"height\":40,\"caption\":\"Infoempleo\"},\"image\":{\"@id\":\"https:\/\/empresas.infoempleo.com\/hrtrends\/#logo\"},\"sameAs\":[\"https:\/\/www.facebook.com\/Infoempleo\",\"https:\/\/x.com\/infoempleo\",\"http:\/\/instagram.com\/infoempleo\/\",\"http:\/\/www.linkedin.com\/groups\/Empleo-Espa\u00f1a-Infoempleocom-111276\",\"http:\/\/pinterest.com\/infoempleo\/\"],\"address\":{\"@type\":\"PostalAddress\",\"addressLocality\":\"Madrid\",\"postalCode\":\"28050\",\"streetAddress\":\"Avenida de Burgos 114\"},\"brand\":[\"Infoempleo\"]},{\"@type\":\"Person\",\"@id\":\"https:\/\/empresas.infoempleo.com\/hrtrends\/#\/schema\/person\/25f571bd9b66cedb5d1cd4f2d42c270e\",\"name\":\"Coral Ja\u00e9n\",\"image\":{\"@type\":\"ImageObject\",\"inLanguage\":\"es\",\"@id\":\"https:\/\/empresas.infoempleo.com\/hrtrends\/#\/schema\/person\/image\/\",\"url\":\"https:\/\/secure.gravatar.com\/avatar\/737427b7165c4101c641c482ffbaee438899e97a1c37d08c3fc19d05ae44aa2d?s=96&d=mm&r=g\",\"contentUrl\":\"https:\/\/secure.gravatar.com\/avatar\/737427b7165c4101c641c482ffbaee438899e97a1c37d08c3fc19d05ae44aa2d?s=96&d=mm&r=g\",\"caption\":\"Coral Ja\u00e9n\"},\"description\":\"Coral Ja\u00e9n es parte del equipo de marketing y comunicaci\u00f3n de Infoempleo (Grupo Vocento).\",\"url\":\"https:\/\/empresas.infoempleo.com\/hrtrends\/author\/coral-jaen\/\"}]}<\/script>\n<!-- \/ Yoast SEO plugin. -->","yoast_head_json":{"title":"Talent Day, te esperamos el 26 de septiembre | HRTRENDS","description":"La C\u00e1mara de Comercio de Madrid organiza el Talent Day, una jornada enfocada a los profesionales de RRRHH y expertos en selecci\u00f3n. \u00a1Revisa la agenda","robots":{"index":"index","follow":"follow","max-snippet":"max-snippet:-1","max-image-preview":"max-image-preview:large","max-video-preview":"max-video-preview:-1"},"canonical":"https:\/\/empresas.infoempleo.com\/hrtrends\/talent-day-camara-comercio-madrid\/","og_locale":"es_ES","og_type":"article","og_title":"Talent Day, te esperamos el 26 de septiembre | HRTRENDS","og_description":"La C\u00e1mara de Comercio de Madrid organiza el Talent Day, una jornada enfocada a los profesionales de RRRHH y expertos en selecci\u00f3n. \u00a1Revisa la agenda","og_url":"https:\/\/empresas.infoempleo.com\/hrtrends\/talent-day-camara-comercio-madrid\/","og_site_name":"HRTRENDS","article_publisher":"https:\/\/www.facebook.com\/Infoempleo","article_published_time":"2018-08-14T06:00:12+00:00","article_modified_time":"2024-08-29T15:50:13+00:00","og_image":[{"width":1024,"height":512,"url":"https:\/\/empresas.infoempleo.com\/hrtrends\/media\/2018\/08\/Post-1.jpg","type":"image\/jpeg"}],"author":"Coral Ja\u00e9n","twitter_card":"summary_large_image","twitter_creator":"@infoempleo","twitter_site":"@infoempleo","twitter_misc":{"Escrito por":"Coral Ja\u00e9n","Tiempo de lectura":"3 minutos"},"schema":{"@context":"https:\/\/schema.org","@graph":[{"@type":"NewsArticle","@id":"https:\/\/empresas.infoempleo.com\/hrtrends\/talent-day-camara-comercio-madrid\/#article","isPartOf":{"@id":"https:\/\/empresas.infoempleo.com\/hrtrends\/talent-day-camara-comercio-madrid\/"},"author":{"name":"Coral Ja\u00e9n","@id":"https:\/\/empresas.infoempleo.com\/hrtrends\/#\/schema\/person\/25f571bd9b66cedb5d1cd4f2d42c270e"},"headline":"Talent Day, te esperamos el 26 de septiembre","datePublished":"2018-08-14T06:00:12+00:00","dateModified":"2024-08-29T15:50:13+00:00","mainEntityOfPage":{"@id":"https:\/\/empresas.infoempleo.com\/hrtrends\/talent-day-camara-comercio-madrid\/"},"wordCount":525,"publisher":{"@id":"https:\/\/empresas.infoempleo.com\/hrtrends\/#organization"},"image":{"@id":"https:\/\/empresas.infoempleo.com\/hrtrends\/talent-day-camara-comercio-madrid\/#primaryimage"},"thumbnailUrl":"https:\/\/empresas.infoempleo.com\/hrtrends\/media\/2018\/08\/Post-1.jpg","keywords":["evento","talento"],"articleSection":["Actualidad"],"inLanguage":"es","copyrightYear":"2018","copyrightHolder":{"@id":"https:\/\/empresas.infoempleo.com\/hrtrends\/#organization"}},{"@type":"WebPage","@id":"https:\/\/empresas.infoempleo.com\/hrtrends\/talent-day-camara-comercio-madrid\/","url":"https:\/\/empresas.infoempleo.com\/hrtrends\/talent-day-camara-comercio-madrid\/","name":"Talent Day, te esperamos el 26 de septiembre | HRTRENDS","isPartOf":{"@id":"https:\/\/empresas.infoempleo.com\/hrtrends\/#website"},"primaryImageOfPage":{"@id":"https:\/\/empresas.infoempleo.com\/hrtrends\/talent-day-camara-comercio-madrid\/#primaryimage"},"image":{"@id":"https:\/\/empresas.infoempleo.com\/hrtrends\/talent-day-camara-comercio-madrid\/#primaryimage"},"thumbnailUrl":"https:\/\/empresas.infoempleo.com\/hrtrends\/media\/2018\/08\/Post-1.jpg","datePublished":"2018-08-14T06:00:12+00:00","dateModified":"2024-08-29T15:50:13+00:00","description":"La C\u00e1mara de Comercio de Madrid organiza el Talent Day, una jornada enfocada a los profesionales de RRRHH y expertos en selecci\u00f3n. \u00a1Revisa la agenda","breadcrumb":{"@id":"https:\/\/empresas.infoempleo.com\/hrtrends\/talent-day-camara-comercio-madrid\/#breadcrumb"},"inLanguage":"es","potentialAction":[{"@type":"ReadAction","target":["https:\/\/empresas.infoempleo.com\/hrtrends\/talent-day-camara-comercio-madrid\/"]}]},{"@type":"ImageObject","inLanguage":"es","@id":"https:\/\/empresas.infoempleo.com\/hrtrends\/talent-day-camara-comercio-madrid\/#primaryimage","url":"https:\/\/empresas.infoempleo.com\/hrtrends\/media\/2018\/08\/Post-1-150x150.jpg","contentUrl":"https:\/\/empresas.infoempleo.com\/hrtrends\/media\/2018\/08\/Post-1-150x150.jpg","width":150,"height":150},{"@type":"BreadcrumbList","@id":"https:\/\/empresas.infoempleo.com\/hrtrends\/talent-day-camara-comercio-madrid\/#breadcrumb","itemListElement":[{"@type":"ListItem","position":1,"name":"Portada","item":"https:\/\/empresas.infoempleo.com\/hrtrends\/"},{"@type":"ListItem","position":2,"name":"Talent Day, te esperamos el 26 de septiembre"}]},{"@type":"WebSite","@id":"https:\/\/empresas.infoempleo.com\/hrtrends\/#website","url":"https:\/\/empresas.infoempleo.com\/hrtrends","name":"HRTrends by Infoempleo","description":"","publisher":{"@id":"https:\/\/empresas.infoempleo.com\/hrtrends\/#organization"},"potentialAction":{"@type":"SearchAction","target":"https:\/\/empresas.infoempleo.com\/hrtrends\/?s={search_term_string}","query-input":"required name=search_term_string"},"inLanguage":"es"},{"@type":"Organization","@id":"https:\/\/empresas.infoempleo.com\/hrtrends\/#organization","name":"Infoempleo","url":"https:\/\/www.infoempleo.com\/","logo":{"@type":"ImageObject","@id":"https:\/\/empresas.infoempleo.com\/hrtrends\/#logo","inLanguage":"es","url":"https:\/\/cdnazure.infoempleo.com\/infoempleo\/assets\/style\/gfx\/logo.svg","contentUrl":"https:\/\/cdnazure.infoempleo.com\/infoempleo\/assets\/style\/gfx\/logo.svg","width":150,"height":40,"caption":"Infoempleo"},"image":{"@id":"https:\/\/empresas.infoempleo.com\/hrtrends\/#logo"},"sameAs":["https:\/\/www.facebook.com\/Infoempleo","https:\/\/x.com\/infoempleo","http:\/\/instagram.com\/infoempleo\/","http:\/\/www.linkedin.com\/groups\/Empleo-Espa\u00f1a-Infoempleocom-111276","http:\/\/pinterest.com\/infoempleo\/"],"address":{"@type":"PostalAddress","addressLocality":"Madrid","postalCode":"28050","streetAddress":"Avenida de Burgos 114"},"brand":["Infoempleo"]},{"@type":"Person","@id":"https:\/\/empresas.infoempleo.com\/hrtrends\/#\/schema\/person\/25f571bd9b66cedb5d1cd4f2d42c270e","name":"Coral Ja\u00e9n","image":{"@type":"ImageObject","inLanguage":"es","@id":"https:\/\/empresas.infoempleo.com\/hrtrends\/#\/schema\/person\/image\/","url":"https:\/\/secure.gravatar.com\/avatar\/737427b7165c4101c641c482ffbaee438899e97a1c37d08c3fc19d05ae44aa2d?s=96&d=mm&r=g","contentUrl":"https:\/\/secure.gravatar.com\/avatar\/737427b7165c4101c641c482ffbaee438899e97a1c37d08c3fc19d05ae44aa2d?s=96&d=mm&r=g","caption":"Coral Ja\u00e9n"},"description":"Coral Ja\u00e9n es parte del equipo de marketing y comunicaci\u00f3n de Infoempleo (Grupo Vocento).","url":"https:\/\/empresas.infoempleo.com\/hrtrends\/author\/coral-jaen\/"}]}},"amp_enabled":true,"_links":{"self":[{"href":"https:\/\/empresas.infoempleo.com\/hrtrends\/wp-json\/wp\/v2\/posts\/34074","targetHints":{"allow":["GET"]}}],"collection":[{"href":"https:\/\/empresas.infoempleo.com\/hrtrends\/wp-json\/wp\/v2\/posts"}],"about":[{"href":"https:\/\/empresas.infoempleo.com\/hrtrends\/wp-json\/wp\/v2\/types\/post"}],"author":[{"embeddable":true,"href":"https:\/\/empresas.infoempleo.com\/hrtrends\/wp-json\/wp\/v2\/users\/83"}],"replies":[{"embeddable":true,"href":"https:\/\/empresas.infoempleo.com\/hrtrends\/wp-json\/wp\/v2\/comments?post=34074"}],"version-history":[{"count":1,"href":"https:\/\/empresas.infoempleo.com\/hrtrends\/wp-json\/wp\/v2\/posts\/34074\/revisions"}],"predecessor-version":[{"id":45438,"href":"https:\/\/empresas.infoempleo.com\/hrtrends\/wp-json\/wp\/v2\/posts\/34074\/revisions\/45438"}],"wp:featuredmedia":[{"embeddable":true,"href":"https:\/\/empresas.infoempleo.com\/hrtrends\/wp-json\/wp\/v2\/media\/34084"}],"wp:attachment":[{"href":"https:\/\/empresas.infoempleo.com\/hrtrends\/wp-json\/wp\/v2\/media?parent=34074"}],"wp:term":[{"taxonomy":"category","embeddable":true,"href":"https:\/\/empresas.infoempleo.com\/hrtrends\/wp-json\/wp\/v2\/categories?post=34074"},{"taxonomy":"post_tag","embeddable":true,"href":"https:\/\/empresas.infoempleo.com\/hrtrends\/wp-json\/wp\/v2\/tags?post=34074"}],"curies":[{"name":"wp","href":"https:\/\/api.w.org\/{rel}","templated":true}]}}