{"id":33996,"date":"2018-08-03T11:55:43","date_gmt":"2018-08-03T09:55:43","guid":{"rendered":"https:\/\/empresas.infoempleo.com\/hrtrends\/?p=33996"},"modified":"2018-08-06T12:56:09","modified_gmt":"2018-08-06T10:56:09","slug":"videocurriculum","status":"publish","type":"post","link":"https:\/\/empresas.infoempleo.com\/hrtrends\/videocurriculum\/","title":{"rendered":"Aspectos de un videocurr\u00edculum en los que es importante que te fijes"},"content":{"rendered":"<p><span style=\"font-weight: 400;\">Ante la <\/span><b>gran avalancha de curr\u00edculums <\/b><span style=\"font-weight: 400;\">que llegan a las empresas, cada vez hay m\u00e1s personas que recurren a <\/span><b>los videocurr\u00edculums <\/b><span style=\"font-weight: 400;\">para lograr una <\/span><b>mayor diferenciaci\u00f3n <\/b><span style=\"font-weight: 400;\">y conseguir, as\u00ed<\/span><b>, destacar sobre el resto<\/b><span style=\"font-weight: 400;\">. Esta reciente modalidad no es m\u00e1s que un <\/span><b>v\u00eddeo <\/b><span style=\"font-weight: 400;\">que se hace con la intenci\u00f3n de reflejar un <\/span><b>perfil profesional<\/b><span style=\"font-weight: 400;\">. <\/span><\/p>\n<h2><b>\u00a0La llegada del videcurr\u00edculum<\/b><\/h2>\n<p><span style=\"font-weight: 400;\">Est\u00e1 claro que la tecnolog\u00eda ha cambiado <\/span><b>nuestra forma de comunicarnos<\/b><span style=\"font-weight: 400;\"> y ha tenido un <\/span><b>impacto muy importante<\/b><span style=\"font-weight: 400;\"> en todos los \u00e1mbitos, incluido el de la <\/span><b>b\u00fasqueda de empleo<\/b><span style=\"font-weight: 400;\">. Por eso, no es de extra\u00f1ar que incluso los CV hayan evolucionado hacia <\/span><b>los videocurr\u00edculums<\/b><span style=\"font-weight: 400;\">. Estas peque\u00f1as <\/span><b>piezas audiovisuales<\/b><span style=\"font-weight: 400;\"> presentan, por lo general, un formato <\/span><b>personalizado y original<\/b><span style=\"font-weight: 400;\"> destinado a captar la <\/span><b>esencia del candidato<\/b><span style=\"font-weight: 400;\">. Esto es, en l\u00edneas generales, lo que te va a permitir <\/span><b>sacar m\u00e1s conclusiones<\/b><span style=\"font-weight: 400;\"> acerca de las personas que <\/span><b>optan al puesto <\/b><span style=\"font-weight: 400;\">que oferta tu empresa.<\/span><\/p>\n<h2><img loading=\"lazy\" decoding=\"async\" class=\"alignnone size-full wp-image-33997\" src=\"https:\/\/empresas.infoempleo.com\/hrtrends\/media\/2018\/07\/HRTRENDS-CONSEJOS-videocurriculum_.jpg\" alt=\"Videocurr\u00edculum: elementos importantes en los que fijarse\" width=\"1140\" height=\"760\" srcset=\"https:\/\/empresas.infoempleo.com\/hrtrends\/media\/2018\/07\/HRTRENDS-CONSEJOS-videocurriculum_.jpg 1140w, https:\/\/empresas.infoempleo.com\/hrtrends\/media\/2018\/07\/HRTRENDS-CONSEJOS-videocurriculum_-300x200.jpg 300w, https:\/\/empresas.infoempleo.com\/hrtrends\/media\/2018\/07\/HRTRENDS-CONSEJOS-videocurriculum_-1024x683.jpg 1024w, https:\/\/empresas.infoempleo.com\/hrtrends\/media\/2018\/07\/HRTRENDS-CONSEJOS-videocurriculum_-768x512.jpg 768w\" sizes=\"auto, (max-width: 1140px) 100vw, 1140px\" \/><\/h2>\n<h2><b>En qu\u00e9 aspectos de un videocurr\u00edculum debes fijarte<\/b><\/h2>\n<p><span style=\"font-weight: 400;\">Como miembro del <\/span><b>Departamento de Recursos Humanos<\/b><span style=\"font-weight: 400;\">, vas a encontrar muy \u00fatil que los candidatos te <\/span><b>faciliten un v\u00eddeo<\/b><span style=\"font-weight: 400;\"> que refleje su <\/span><b>perfil profesional<\/b><span style=\"font-weight: 400;\"> ya que, por lo general, durante <\/span><a href=\"https:\/\/empresas.infoempleo.com\/hrtrends\/pasos-reclutar-personal\/\"><span style=\"font-weight: 400;\">un proceso de reclutamiento<\/span><\/a><span style=\"font-weight: 400;\">, el <\/span><b>formato audiovisual<\/b><span style=\"font-weight: 400;\"> te va a permitir filtrar de una manera mucho m\u00e1s r\u00e1pida que el <\/span><b>formato escrito<\/b><span style=\"font-weight: 400;\">. Esto se debe a que el <\/span><b>videocurr\u00edculum<\/b><span style=\"font-weight: 400;\"> te va a mostrar de manera <\/span><b>m\u00e1s fiable<\/b><span style=\"font-weight: 400;\"> c\u00f3mo es el candidato.<\/span><\/p>\n<p><span style=\"font-weight: 400;\">Lo primero en lo que debes fijarte a la hora de <\/span><b>evaluar la idoneidad<\/b><span style=\"font-weight: 400;\"> de un aspirante es su presentaci\u00f3n. Es decir, c\u00f3mo se <\/span><b>introduce a s\u00ed mismo<\/b><span style=\"font-weight: 400;\">. De sus palabras y su tono de voz podr\u00e1s sacar conclusiones relativas a su forma de ser: \u00bfse trata de una <\/span><b>persona t\u00edmida<\/b><span style=\"font-weight: 400;\"> o <\/span><b>extrovertida<\/b><span style=\"font-weight: 400;\">?, \u00bfproyecta <\/span><b>confianza<\/b><span style=\"font-weight: 400;\"> y se ve <\/span><b>seguro de s\u00ed mismo?<\/b><span style=\"font-weight: 400;\">, \u00bfes <\/span><b>elocuente?<\/b><span style=\"font-weight: 400;\">, \u00bfresulta <\/span><b>convincente<\/b><span style=\"font-weight: 400;\">? Adem\u00e1s, podr\u00e1s evaluar sus <\/span><b>habilidades comunicativas<\/b><span style=\"font-weight: 400;\">, algo que es imprescindible para desempe\u00f1ar muchos <\/span><b>puestos de trabajo<\/b><span style=\"font-weight: 400;\">. Tambi\u00e9n es vital que te fijes en <\/span><b>el lenguaje<\/b><span style=\"font-weight: 400;\"> que utiliza para <\/span><b>describirse,<\/b><span style=\"font-weight: 400;\"> as\u00ed como en qu\u00e9 <\/span><b>aspectos y cualidades<\/b><span style=\"font-weight: 400;\"> potencia.<\/span><\/p>\n<p><span style=\"font-weight: 400;\">En segundo lugar, es importante que prestes atenci\u00f3n<\/span><b> al estilo<\/b><span style=\"font-weight: 400;\"> y a <\/span><b>los aspectos t\u00e9cnicos<\/b><span style=\"font-weight: 400;\">, es decir, que observes si est\u00e1n cuidados, si el fondo ha sido elegido con alg\u00fan <\/span><b>prop\u00f3sito concreto<\/b><span style=\"font-weight: 400;\"> y si se ha puesto mimo a la <\/span><b>edici\u00f3n y la grabaci\u00f3n<\/b><span style=\"font-weight: 400;\">. Esto puede darte <\/span><b>muchas pistas<\/b><span style=\"font-weight: 400;\"> acerca del aspirante pues podr\u00e1s observar su grado de <\/span><b>profesionalidad y perfeccionismo<\/b><span style=\"font-weight: 400;\">.<\/span><\/p>\n<p><span style=\"font-weight: 400;\">Por \u00faltimo, debes tener en cuenta la <\/span><b>originalidad del v\u00eddeo<\/b><span style=\"font-weight: 400;\">. Si el candidato se ha esforzado por crear un formato <\/span><b>diferente y personalizado<\/b><span style=\"font-weight: 400;\">, sabr\u00e1s que est\u00e1s ante una persona <\/span><b>creativa y proactiva<\/b><span style=\"font-weight: 400;\">, algo que, sin duda, es muy valorable. \u00a0\u00a0\u00a0\u00a0<\/span><\/p>\n<h2>\u00a0<b>C\u00f3mo ayuda a un proceso de reclutamiento el videocurr\u00edculum <\/b><\/h2>\n<p><span style=\"font-weight: 400;\">Ante un <\/span><b>proceso de reclutamiento<\/b><span style=\"font-weight: 400;\">, es probable que te encuentres, cada vez con m\u00e1s frecuencia, con candidaturas basadas <\/span><a href=\"https:\/\/empresas.infoempleo.com\/hrtrends\/reclutamiento-cvs-virtuales\/\"><span style=\"font-weight: 400;\">en los CVs virtuales<\/span><\/a><span style=\"font-weight: 400;\"> y en los <\/span><b>videocurr\u00edculums<\/b><span style=\"font-weight: 400;\">. Por eso, es importante que sepas prestar atenci\u00f3n a aquellos detalles que puedan ser significativos para establecer los filtros pertinentes y empezar <\/span><a href=\"https:\/\/empresas.infoempleo.com\/hrtrends\/tipos-entrevistas-trabajo\/\"><span style=\"font-weight: 400;\">a hacer entrevistas a candidatos<\/span><\/a><span style=\"font-weight: 400;\"> que sepas de antemano que pueden merecer la pena. Ese es el primer paso para <\/span><a href=\"https:\/\/empresas.infoempleo.com\/hrtrends\/consecuencias-de-reclutar-de-forma-erronea\/\/\"><span style=\"font-weight: 400;\">evitar errores a la hora de seleccionar personal<\/span><\/a><span style=\"font-weight: 400;\">.<\/span><\/p>\n","protected":false},"excerpt":{"rendered":"<p>Ante la gran avalancha de curr\u00edculums que llegan a las empresas, cada vez hay m\u00e1s personas que recurren<a class=\"moretag\" href=\"https:\/\/empresas.infoempleo.com\/hrtrends\/videocurriculum\/\"> Leer m\u00e1s<\/a><\/p>\n","protected":false},"author":122,"featured_media":33998,"comment_status":"closed","ping_status":"closed","sticky":false,"template":"","format":"standard","meta":{"footnotes":""},"categories":[3035],"tags":[],"class_list":["post-33996","post","type-post","status-publish","format-standard","has-post-thumbnail","hentry","category-consejos"],"yoast_head":"<!-- This site is optimized with the Yoast SEO plugin v26.1.1 - https:\/\/yoast.com\/wordpress\/plugins\/seo\/ -->\n<title>Videocurriculum: en qu\u00e9 elementos conviene que te fijes<\/title>\n<meta name=\"description\" content=\"El videocurriculum ha irrumpido con fuerza y cada vez son m\u00e1s los candidatos que optan por usarlo. Te contamos en qu\u00e9 cuestiones debes fijarte.\" \/>\n<meta name=\"robots\" content=\"index, follow, max-snippet:-1, max-image-preview:large, max-video-preview:-1\" \/>\n<link rel=\"canonical\" href=\"https:\/\/empresas.infoempleo.com\/hrtrends\/videocurriculum\/\" \/>\n<meta property=\"og:locale\" content=\"es_ES\" \/>\n<meta property=\"og:type\" content=\"article\" \/>\n<meta property=\"og:title\" content=\"Videocurriculum: en qu\u00e9 elementos conviene que te fijes\" \/>\n<meta property=\"og:description\" content=\"El videocurriculum ha irrumpido con fuerza y cada vez son m\u00e1s los candidatos que optan por usarlo. Te contamos en qu\u00e9 cuestiones debes fijarte.\" \/>\n<meta property=\"og:url\" content=\"https:\/\/empresas.infoempleo.com\/hrtrends\/videocurriculum\/\" \/>\n<meta property=\"og:site_name\" content=\"HRTRENDS\" \/>\n<meta property=\"article:publisher\" content=\"https:\/\/www.facebook.com\/Infoempleo\" \/>\n<meta property=\"article:published_time\" content=\"2018-08-03T09:55:43+00:00\" \/>\n<meta property=\"article:modified_time\" content=\"2018-08-06T10:56:09+00:00\" \/>\n<meta property=\"og:image\" content=\"https:\/\/empresas.infoempleo.com\/hrtrends\/media\/2018\/07\/HRTRENDS-CONSEJOS-videocurriculum.jpg\" \/>\n\t<meta property=\"og:image:width\" content=\"1140\" \/>\n\t<meta property=\"og:image:height\" content=\"760\" \/>\n\t<meta property=\"og:image:type\" content=\"image\/jpeg\" \/>\n<meta name=\"author\" content=\"Adriana M.\" \/>\n<meta name=\"twitter:card\" content=\"summary_large_image\" \/>\n<meta name=\"twitter:creator\" content=\"@infoempleo\" \/>\n<meta name=\"twitter:site\" content=\"@infoempleo\" \/>\n<meta name=\"twitter:label1\" content=\"Escrito por\" \/>\n\t<meta name=\"twitter:data1\" content=\"Adriana M.\" \/>\n\t<meta name=\"twitter:label2\" content=\"Tiempo de lectura\" \/>\n\t<meta name=\"twitter:data2\" content=\"3 minutos\" \/>\n<script type=\"application\/ld+json\" class=\"yoast-schema-graph\">{\"@context\":\"https:\/\/schema.org\",\"@graph\":[{\"@type\":\"NewsArticle\",\"@id\":\"https:\/\/empresas.infoempleo.com\/hrtrends\/videocurriculum\/#article\",\"isPartOf\":{\"@id\":\"https:\/\/empresas.infoempleo.com\/hrtrends\/videocurriculum\/\"},\"author\":{\"name\":\"Adriana M.\",\"@id\":\"https:\/\/empresas.infoempleo.com\/hrtrends\/#\/schema\/person\/b1dd51edbb566a47cd8f7513fa73d223\"},\"headline\":\"Aspectos de un videocurr\u00edculum en los que es importante que te fijes\",\"datePublished\":\"2018-08-03T09:55:43+00:00\",\"dateModified\":\"2018-08-06T10:56:09+00:00\",\"mainEntityOfPage\":{\"@id\":\"https:\/\/empresas.infoempleo.com\/hrtrends\/videocurriculum\/\"},\"wordCount\":573,\"publisher\":{\"@id\":\"https:\/\/empresas.infoempleo.com\/hrtrends\/#organization\"},\"image\":{\"@id\":\"https:\/\/empresas.infoempleo.com\/hrtrends\/videocurriculum\/#primaryimage\"},\"thumbnailUrl\":\"https:\/\/empresas.infoempleo.com\/hrtrends\/media\/2018\/07\/HRTRENDS-CONSEJOS-videocurriculum.jpg\",\"articleSection\":[\"Consejos\"],\"inLanguage\":\"es\",\"copyrightYear\":\"2018\",\"copyrightHolder\":{\"@id\":\"https:\/\/empresas.infoempleo.com\/hrtrends\/#organization\"}},{\"@type\":\"WebPage\",\"@id\":\"https:\/\/empresas.infoempleo.com\/hrtrends\/videocurriculum\/\",\"url\":\"https:\/\/empresas.infoempleo.com\/hrtrends\/videocurriculum\/\",\"name\":\"Videocurriculum: en qu\u00e9 elementos conviene que te fijes\",\"isPartOf\":{\"@id\":\"https:\/\/empresas.infoempleo.com\/hrtrends\/#website\"},\"primaryImageOfPage\":{\"@id\":\"https:\/\/empresas.infoempleo.com\/hrtrends\/videocurriculum\/#primaryimage\"},\"image\":{\"@id\":\"https:\/\/empresas.infoempleo.com\/hrtrends\/videocurriculum\/#primaryimage\"},\"thumbnailUrl\":\"https:\/\/empresas.infoempleo.com\/hrtrends\/media\/2018\/07\/HRTRENDS-CONSEJOS-videocurriculum.jpg\",\"datePublished\":\"2018-08-03T09:55:43+00:00\",\"dateModified\":\"2018-08-06T10:56:09+00:00\",\"description\":\"El videocurriculum ha irrumpido con fuerza y cada vez son m\u00e1s los candidatos que optan por usarlo. Te contamos en qu\u00e9 cuestiones debes fijarte.\",\"breadcrumb\":{\"@id\":\"https:\/\/empresas.infoempleo.com\/hrtrends\/videocurriculum\/#breadcrumb\"},\"inLanguage\":\"es\",\"potentialAction\":[{\"@type\":\"ReadAction\",\"target\":[\"https:\/\/empresas.infoempleo.com\/hrtrends\/videocurriculum\/\"]}]},{\"@type\":\"ImageObject\",\"inLanguage\":\"es\",\"@id\":\"https:\/\/empresas.infoempleo.com\/hrtrends\/videocurriculum\/#primaryimage\",\"url\":\"https:\/\/empresas.infoempleo.com\/hrtrends\/media\/2018\/07\/HRTRENDS-CONSEJOS-videocurriculum-150x150.jpg\",\"contentUrl\":\"https:\/\/empresas.infoempleo.com\/hrtrends\/media\/2018\/07\/HRTRENDS-CONSEJOS-videocurriculum-150x150.jpg\",\"width\":150,\"height\":150},{\"@type\":\"BreadcrumbList\",\"@id\":\"https:\/\/empresas.infoempleo.com\/hrtrends\/videocurriculum\/#breadcrumb\",\"itemListElement\":[{\"@type\":\"ListItem\",\"position\":1,\"name\":\"Portada\",\"item\":\"https:\/\/empresas.infoempleo.com\/hrtrends\/\"},{\"@type\":\"ListItem\",\"position\":2,\"name\":\"Aspectos de un videocurr\u00edculum en los que es importante que te fijes\"}]},{\"@type\":\"WebSite\",\"@id\":\"https:\/\/empresas.infoempleo.com\/hrtrends\/#website\",\"url\":\"https:\/\/empresas.infoempleo.com\/hrtrends\",\"name\":\"HRTrends by Infoempleo\",\"description\":\"\",\"publisher\":{\"@id\":\"https:\/\/empresas.infoempleo.com\/hrtrends\/#organization\"},\"potentialAction\":{\"@type\":\"SearchAction\",\"target\":\"https:\/\/empresas.infoempleo.com\/hrtrends\/?s={search_term_string}\",\"query-input\":\"required name=search_term_string\"},\"inLanguage\":\"es\"},{\"@type\":\"Organization\",\"@id\":\"https:\/\/empresas.infoempleo.com\/hrtrends\/#organization\",\"name\":\"Infoempleo\",\"url\":\"https:\/\/www.infoempleo.com\/\",\"logo\":{\"@type\":\"ImageObject\",\"@id\":\"https:\/\/empresas.infoempleo.com\/hrtrends\/#logo\",\"inLanguage\":\"es\",\"url\":\"https:\/\/cdnazure.infoempleo.com\/infoempleo\/assets\/style\/gfx\/logo.svg\",\"contentUrl\":\"https:\/\/cdnazure.infoempleo.com\/infoempleo\/assets\/style\/gfx\/logo.svg\",\"width\":150,\"height\":40,\"caption\":\"Infoempleo\"},\"image\":{\"@id\":\"https:\/\/empresas.infoempleo.com\/hrtrends\/#logo\"},\"sameAs\":[\"https:\/\/www.facebook.com\/Infoempleo\",\"https:\/\/x.com\/infoempleo\",\"http:\/\/instagram.com\/infoempleo\/\",\"http:\/\/www.linkedin.com\/groups\/Empleo-Espa\u00f1a-Infoempleocom-111276\",\"http:\/\/pinterest.com\/infoempleo\/\"],\"address\":{\"@type\":\"PostalAddress\",\"addressLocality\":\"Madrid\",\"postalCode\":\"28050\",\"streetAddress\":\"Avenida de Burgos 114\"},\"brand\":[\"Infoempleo\"]},{\"@type\":\"Person\",\"@id\":\"https:\/\/empresas.infoempleo.com\/hrtrends\/#\/schema\/person\/b1dd51edbb566a47cd8f7513fa73d223\",\"name\":\"Adriana M.\",\"image\":{\"@type\":\"ImageObject\",\"inLanguage\":\"es\",\"@id\":\"https:\/\/empresas.infoempleo.com\/hrtrends\/#\/schema\/person\/image\/\",\"url\":\"https:\/\/secure.gravatar.com\/avatar\/243f7dd7e1db0ad0e9791be05df7d72ba5c8bf338408591753bae2fe87dae18d?s=96&d=mm&r=g\",\"contentUrl\":\"https:\/\/secure.gravatar.com\/avatar\/243f7dd7e1db0ad0e9791be05df7d72ba5c8bf338408591753bae2fe87dae18d?s=96&d=mm&r=g\",\"caption\":\"Adriana M.\"},\"description\":\"Periodista y experta en Comunicaci\u00f3n Audiovisual y Narrativa. Me encanta escribir y narrar lo que pasa a mi alrededor es mi pasi\u00f3n.\",\"url\":\"https:\/\/empresas.infoempleo.com\/hrtrends\/author\/adriana-kanvas\/\"}]}<\/script>\n<!-- \/ Yoast SEO plugin. -->","yoast_head_json":{"title":"Videocurriculum: en qu\u00e9 elementos conviene que te fijes","description":"El videocurriculum ha irrumpido con fuerza y cada vez son m\u00e1s los candidatos que optan por usarlo. Te contamos en qu\u00e9 cuestiones debes fijarte.","robots":{"index":"index","follow":"follow","max-snippet":"max-snippet:-1","max-image-preview":"max-image-preview:large","max-video-preview":"max-video-preview:-1"},"canonical":"https:\/\/empresas.infoempleo.com\/hrtrends\/videocurriculum\/","og_locale":"es_ES","og_type":"article","og_title":"Videocurriculum: en qu\u00e9 elementos conviene que te fijes","og_description":"El videocurriculum ha irrumpido con fuerza y cada vez son m\u00e1s los candidatos que optan por usarlo. Te contamos en qu\u00e9 cuestiones debes fijarte.","og_url":"https:\/\/empresas.infoempleo.com\/hrtrends\/videocurriculum\/","og_site_name":"HRTRENDS","article_publisher":"https:\/\/www.facebook.com\/Infoempleo","article_published_time":"2018-08-03T09:55:43+00:00","article_modified_time":"2018-08-06T10:56:09+00:00","og_image":[{"width":1140,"height":760,"url":"https:\/\/empresas.infoempleo.com\/hrtrends\/media\/2018\/07\/HRTRENDS-CONSEJOS-videocurriculum.jpg","type":"image\/jpeg"}],"author":"Adriana M.","twitter_card":"summary_large_image","twitter_creator":"@infoempleo","twitter_site":"@infoempleo","twitter_misc":{"Escrito por":"Adriana M.","Tiempo de lectura":"3 minutos"},"schema":{"@context":"https:\/\/schema.org","@graph":[{"@type":"NewsArticle","@id":"https:\/\/empresas.infoempleo.com\/hrtrends\/videocurriculum\/#article","isPartOf":{"@id":"https:\/\/empresas.infoempleo.com\/hrtrends\/videocurriculum\/"},"author":{"name":"Adriana M.","@id":"https:\/\/empresas.infoempleo.com\/hrtrends\/#\/schema\/person\/b1dd51edbb566a47cd8f7513fa73d223"},"headline":"Aspectos de un videocurr\u00edculum en los que es importante que te fijes","datePublished":"2018-08-03T09:55:43+00:00","dateModified":"2018-08-06T10:56:09+00:00","mainEntityOfPage":{"@id":"https:\/\/empresas.infoempleo.com\/hrtrends\/videocurriculum\/"},"wordCount":573,"publisher":{"@id":"https:\/\/empresas.infoempleo.com\/hrtrends\/#organization"},"image":{"@id":"https:\/\/empresas.infoempleo.com\/hrtrends\/videocurriculum\/#primaryimage"},"thumbnailUrl":"https:\/\/empresas.infoempleo.com\/hrtrends\/media\/2018\/07\/HRTRENDS-CONSEJOS-videocurriculum.jpg","articleSection":["Consejos"],"inLanguage":"es","copyrightYear":"2018","copyrightHolder":{"@id":"https:\/\/empresas.infoempleo.com\/hrtrends\/#organization"}},{"@type":"WebPage","@id":"https:\/\/empresas.infoempleo.com\/hrtrends\/videocurriculum\/","url":"https:\/\/empresas.infoempleo.com\/hrtrends\/videocurriculum\/","name":"Videocurriculum: en qu\u00e9 elementos conviene que te fijes","isPartOf":{"@id":"https:\/\/empresas.infoempleo.com\/hrtrends\/#website"},"primaryImageOfPage":{"@id":"https:\/\/empresas.infoempleo.com\/hrtrends\/videocurriculum\/#primaryimage"},"image":{"@id":"https:\/\/empresas.infoempleo.com\/hrtrends\/videocurriculum\/#primaryimage"},"thumbnailUrl":"https:\/\/empresas.infoempleo.com\/hrtrends\/media\/2018\/07\/HRTRENDS-CONSEJOS-videocurriculum.jpg","datePublished":"2018-08-03T09:55:43+00:00","dateModified":"2018-08-06T10:56:09+00:00","description":"El videocurriculum ha irrumpido con fuerza y cada vez son m\u00e1s los candidatos que optan por usarlo. Te contamos en qu\u00e9 cuestiones debes fijarte.","breadcrumb":{"@id":"https:\/\/empresas.infoempleo.com\/hrtrends\/videocurriculum\/#breadcrumb"},"inLanguage":"es","potentialAction":[{"@type":"ReadAction","target":["https:\/\/empresas.infoempleo.com\/hrtrends\/videocurriculum\/"]}]},{"@type":"ImageObject","inLanguage":"es","@id":"https:\/\/empresas.infoempleo.com\/hrtrends\/videocurriculum\/#primaryimage","url":"https:\/\/empresas.infoempleo.com\/hrtrends\/media\/2018\/07\/HRTRENDS-CONSEJOS-videocurriculum-150x150.jpg","contentUrl":"https:\/\/empresas.infoempleo.com\/hrtrends\/media\/2018\/07\/HRTRENDS-CONSEJOS-videocurriculum-150x150.jpg","width":150,"height":150},{"@type":"BreadcrumbList","@id":"https:\/\/empresas.infoempleo.com\/hrtrends\/videocurriculum\/#breadcrumb","itemListElement":[{"@type":"ListItem","position":1,"name":"Portada","item":"https:\/\/empresas.infoempleo.com\/hrtrends\/"},{"@type":"ListItem","position":2,"name":"Aspectos de un videocurr\u00edculum en los que es importante que te fijes"}]},{"@type":"WebSite","@id":"https:\/\/empresas.infoempleo.com\/hrtrends\/#website","url":"https:\/\/empresas.infoempleo.com\/hrtrends","name":"HRTrends by Infoempleo","description":"","publisher":{"@id":"https:\/\/empresas.infoempleo.com\/hrtrends\/#organization"},"potentialAction":{"@type":"SearchAction","target":"https:\/\/empresas.infoempleo.com\/hrtrends\/?s={search_term_string}","query-input":"required name=search_term_string"},"inLanguage":"es"},{"@type":"Organization","@id":"https:\/\/empresas.infoempleo.com\/hrtrends\/#organization","name":"Infoempleo","url":"https:\/\/www.infoempleo.com\/","logo":{"@type":"ImageObject","@id":"https:\/\/empresas.infoempleo.com\/hrtrends\/#logo","inLanguage":"es","url":"https:\/\/cdnazure.infoempleo.com\/infoempleo\/assets\/style\/gfx\/logo.svg","contentUrl":"https:\/\/cdnazure.infoempleo.com\/infoempleo\/assets\/style\/gfx\/logo.svg","width":150,"height":40,"caption":"Infoempleo"},"image":{"@id":"https:\/\/empresas.infoempleo.com\/hrtrends\/#logo"},"sameAs":["https:\/\/www.facebook.com\/Infoempleo","https:\/\/x.com\/infoempleo","http:\/\/instagram.com\/infoempleo\/","http:\/\/www.linkedin.com\/groups\/Empleo-Espa\u00f1a-Infoempleocom-111276","http:\/\/pinterest.com\/infoempleo\/"],"address":{"@type":"PostalAddress","addressLocality":"Madrid","postalCode":"28050","streetAddress":"Avenida de Burgos 114"},"brand":["Infoempleo"]},{"@type":"Person","@id":"https:\/\/empresas.infoempleo.com\/hrtrends\/#\/schema\/person\/b1dd51edbb566a47cd8f7513fa73d223","name":"Adriana M.","image":{"@type":"ImageObject","inLanguage":"es","@id":"https:\/\/empresas.infoempleo.com\/hrtrends\/#\/schema\/person\/image\/","url":"https:\/\/secure.gravatar.com\/avatar\/243f7dd7e1db0ad0e9791be05df7d72ba5c8bf338408591753bae2fe87dae18d?s=96&d=mm&r=g","contentUrl":"https:\/\/secure.gravatar.com\/avatar\/243f7dd7e1db0ad0e9791be05df7d72ba5c8bf338408591753bae2fe87dae18d?s=96&d=mm&r=g","caption":"Adriana M."},"description":"Periodista y experta en Comunicaci\u00f3n Audiovisual y Narrativa. Me encanta escribir y narrar lo que pasa a mi alrededor es mi pasi\u00f3n.","url":"https:\/\/empresas.infoempleo.com\/hrtrends\/author\/adriana-kanvas\/"}]}},"amp_enabled":true,"_links":{"self":[{"href":"https:\/\/empresas.infoempleo.com\/hrtrends\/wp-json\/wp\/v2\/posts\/33996","targetHints":{"allow":["GET"]}}],"collection":[{"href":"https:\/\/empresas.infoempleo.com\/hrtrends\/wp-json\/wp\/v2\/posts"}],"about":[{"href":"https:\/\/empresas.infoempleo.com\/hrtrends\/wp-json\/wp\/v2\/types\/post"}],"author":[{"embeddable":true,"href":"https:\/\/empresas.infoempleo.com\/hrtrends\/wp-json\/wp\/v2\/users\/122"}],"replies":[{"embeddable":true,"href":"https:\/\/empresas.infoempleo.com\/hrtrends\/wp-json\/wp\/v2\/comments?post=33996"}],"version-history":[{"count":0,"href":"https:\/\/empresas.infoempleo.com\/hrtrends\/wp-json\/wp\/v2\/posts\/33996\/revisions"}],"wp:featuredmedia":[{"embeddable":true,"href":"https:\/\/empresas.infoempleo.com\/hrtrends\/wp-json\/wp\/v2\/media\/33998"}],"wp:attachment":[{"href":"https:\/\/empresas.infoempleo.com\/hrtrends\/wp-json\/wp\/v2\/media?parent=33996"}],"wp:term":[{"taxonomy":"category","embeddable":true,"href":"https:\/\/empresas.infoempleo.com\/hrtrends\/wp-json\/wp\/v2\/categories?post=33996"},{"taxonomy":"post_tag","embeddable":true,"href":"https:\/\/empresas.infoempleo.com\/hrtrends\/wp-json\/wp\/v2\/tags?post=33996"}],"curies":[{"name":"wp","href":"https:\/\/api.w.org\/{rel}","templated":true}]}}