{"id":33893,"date":"2018-07-09T08:00:50","date_gmt":"2018-07-09T06:00:50","guid":{"rendered":"https:\/\/empresas.infoempleo.com\/hrtrends\/?p=33893"},"modified":"2018-07-09T13:14:51","modified_gmt":"2018-07-09T11:14:51","slug":"autoconcepto-autoestima","status":"publish","type":"post","link":"https:\/\/empresas.infoempleo.com\/hrtrends\/autoconcepto-autoestima\/","title":{"rendered":"5 claves para ayudar a tus empleados a mejorar su autoconcepto y su autoestima"},"content":{"rendered":"<p><span style=\"font-weight: 400\">Aunque el <\/span><b>autoconcepto y la autoestima<\/b><span style=\"font-weight: 400\"> tienen en com\u00fan que determinan el modo en que se ve a s\u00ed misma una persona, debes saber que <\/span><b>no son exactamente lo mismo<\/b><span style=\"font-weight: 400\">. <\/span><\/p>\n<p><span style=\"font-weight: 400\">A continuaci\u00f3n, vamos a aclararte en qu\u00e9 se diferencian y te daremos algunos consejos para mejorar <\/span><b>estos dos aspectos<\/b><span style=\"font-weight: 400\"> en tus empleados. Esto contribuir\u00e1 a que se sientan mejor en su puesto de trabajo.<\/span><\/p>\n<h2><b>\u00bfEn qu\u00e9 se diferencian el autoconcepto y la autoestima?<\/b><\/h2>\n<p><span style=\"font-weight: 400\">El <\/span><b>autoconcepto<\/b><span style=\"font-weight: 400\"> es <\/span><b>cognitivo<\/b><span style=\"font-weight: 400\"> y hace referencia a c\u00f3mo te ves a ti mismo. Es decir, \u00a0hace alusi\u00f3n a las caracter\u00edsticas que consideras que te definen desde un punto de vista declarativo, sin entrar a juzgar si esto te parece positivo o negativo.<\/span><\/p>\n<p><span style=\"font-weight: 400\">La <\/span><b>autoestima<\/b><span style=\"font-weight: 400\">, en cambio, s\u00ed que es un <\/span><b>concepto emocional<\/b><span style=\"font-weight: 400\"> que responde a c\u00f3mo te sientes contigo mismo y que nace de <\/span><b>comparar tu autoconcepto<\/b><span style=\"font-weight: 400\"> con el <\/span><b>\u00abyo\u00bb ideal que t\u00fa mismo te has creado<\/b><span style=\"font-weight: 400\">. En este sentido, dos personas pueden considerarse amables, lo que les har\u00eda coincidir en el autoconcepto que tienen de s\u00ed mismas, pero puede que una le d\u00e9 a esta cualidad mucha m\u00e1s importancia que la otra, con lo cual tendr\u00eda m\u00e1s autoestima. <\/span><\/p>\n<p><span style=\"font-weight: 400\">Es importante que sepas que tanto el <\/span><b>autoconcepto<\/b><span style=\"font-weight: 400\"> como la <\/span><b>autoestima<\/b><span style=\"font-weight: 400\"> pueden ir modific\u00e1ndose en base a las <\/span><b>experiencias vividas<\/b><span style=\"font-weight: 400\">. Vamos a explicarte <\/span><b>c\u00f3mo mejorar la autoestima y el autoconcepto<\/b><span style=\"font-weight: 400\"> de tus empleados.<\/span><\/p>\n<p><img loading=\"lazy\" decoding=\"async\" class=\"alignnone size-full wp-image-33894\" src=\"https:\/\/empresas.infoempleo.com\/hrtrends\/media\/2018\/06\/HRTRENDS_CONSEJOS-Autoconcepto_y_autoestima-825561610.jpg\" alt=\"Autoconcepto y autoestima: qu\u00e9 son\" width=\"1140\" height=\"760\" srcset=\"https:\/\/empresas.infoempleo.com\/hrtrends\/media\/2018\/06\/HRTRENDS_CONSEJOS-Autoconcepto_y_autoestima-825561610.jpg 1140w, https:\/\/empresas.infoempleo.com\/hrtrends\/media\/2018\/06\/HRTRENDS_CONSEJOS-Autoconcepto_y_autoestima-825561610-300x200.jpg 300w, https:\/\/empresas.infoempleo.com\/hrtrends\/media\/2018\/06\/HRTRENDS_CONSEJOS-Autoconcepto_y_autoestima-825561610-1024x683.jpg 1024w, https:\/\/empresas.infoempleo.com\/hrtrends\/media\/2018\/06\/HRTRENDS_CONSEJOS-Autoconcepto_y_autoestima-825561610-768x512.jpg 768w\" sizes=\"auto, (max-width: 1140px) 100vw, 1140px\" \/><\/p>\n<h2><b>\u00bfC\u00f3mo mejorar la autoestima?<\/b><\/h2>\n<p><span style=\"font-weight: 400\">Las mejores maneras de <\/span><b>mejorar la autoestima<\/b><span style=\"font-weight: 400\"> son: <\/span><\/p>\n<ul>\n<li style=\"font-weight: 400\"><b>Refleja confianza:<\/b><span style=\"font-weight: 400\"> Es importante que <\/span><b>transmitas confianza<\/b><span style=\"font-weight: 400\"> a la hora de lidiar con tus empleados y que dejes ver que puedes <\/span><b>ayudarles con cualquier asunto o problema <\/b><span style=\"font-weight: 400\">que tengan.<\/span><\/li>\n<li style=\"font-weight: 400\"><b>Haz cr\u00edticas constructivas:<\/b><span style=\"font-weight: 400\"> Por supuesto, tendr\u00e1s que <\/span><b>hablar con tus trabajadores<\/b><span style=\"font-weight: 400\"> cuando hagan algo mal. No obstante, no dejes de <\/span><b>resaltar las cosas positivas<\/b><span style=\"font-weight: 400\">. Recuerda que si solo les hablas de sus errores, podr\u00edas ejercer un efecto negativo sobre <\/span><b>su autoconcepto y su autoestima<\/b><span style=\"font-weight: 400\"> y podr\u00edan terminando por <\/span><a href=\"https:\/\/empresas.infoempleo.com\/hrtrends\/sindrome-del-quemado\/\"><span style=\"font-weight: 400\">sufrir un estr\u00e9s y un malestar prolongados<\/span><\/a><span style=\"font-weight: 400\">.<\/span><\/li>\n<li style=\"font-weight: 400\"><b>Diles en qu\u00e9 son buenos:<\/b><span style=\"font-weight: 400\"> Precisamente para reforzarlos, es importante que <\/span><b>destaques sus virtudes<\/b><span style=\"font-weight: 400\"> y les hagas ver que tienen muchas <\/span><b>aptitudes valiosas<\/b><span style=\"font-weight: 400\">. <\/span><a href=\"https:\/\/empresas.infoempleo.com\/hrtrends\/rating-empleados\/\"><b>Dales un feedback positivo de vez en cuando<\/b><\/a><span style=\"font-weight: 400\"> para recordarles <\/span><b>las cosas buenas<\/b><span style=\"font-weight: 400\"> que aportan a la empresa.<\/span><\/li>\n<li style=\"font-weight: 400\"><b>D\u00e9jales crecer:<\/b><span style=\"font-weight: 400\"> Anima a tus empleados a que mejoren y ali\u00e9ntalos a que <\/span><b>progresen en su trabajo<\/b><span style=\"font-weight: 400\"> y a que <\/span><a href=\"https:\/\/empresas.infoempleo.com\/hrtrends\/plataformas-teleformacion\/\"><b>contin\u00faen form\u00e1ndose y aprendiendo<\/b><\/a><span style=\"font-weight: 400\">. Para muchos, <\/span><b>sentirse realizados<\/b><span style=\"font-weight: 400\"> es fundamental para su autoestima, de modo que no descuides este aspecto.<\/span><\/li>\n<li style=\"font-weight: 400\"><b>Dales autonom\u00eda:<\/b><span style=\"font-weight: 400\"> Si est\u00e1s demasiado encima de ellos y perciben que <\/span><b>no conf\u00edas en su trabajo<\/b><span style=\"font-weight: 400\"> se sentir\u00e1n <\/span><b>inc\u00f3modos e inseguros<\/b><span style=\"font-weight: 400\">. Dales espacio y hazles ver que <\/span><b>eres consciente de su val\u00eda<\/b><span style=\"font-weight: 400\">.<\/span><\/li>\n<\/ul>\n<p><span style=\"font-weight: 400\">Estos son algunos de los puntos que has de considerar si quieres que tu equipo <\/span><b>mejore su autoconcepto y su autoestima<\/b><span style=\"font-weight: 400\">. Es importante que est\u00e9s <\/span><b>abierto a escuchar<\/b><span style=\"font-weight: 400\"> a tus empleados y que no te muestres <\/span><b>serio y distante<\/b><span style=\"font-weight: 400\">. Esto contribuir\u00e1 al bienestar de todos los <\/span><b>integrantes de tu plantilla<\/b><span style=\"font-weight: 400\"> y, por ende, tendr\u00e1 <\/span><b>repercusiones positivas<\/b><span style=\"font-weight: 400\"> en tu empresa.<\/span><\/p>\n","protected":false},"excerpt":{"rendered":"<p>Aunque el autoconcepto y la autoestima tienen en com\u00fan que determinan el modo en que se ve a<a class=\"moretag\" href=\"https:\/\/empresas.infoempleo.com\/hrtrends\/autoconcepto-autoestima\/\"> Leer m\u00e1s<\/a><\/p>\n","protected":false},"author":122,"featured_media":33895,"comment_status":"closed","ping_status":"closed","sticky":false,"template":"","format":"standard","meta":{"footnotes":""},"categories":[3035],"tags":[],"class_list":["post-33893","post","type-post","status-publish","format-standard","has-post-thumbnail","hentry","category-consejos"],"yoast_head":"<!-- This site is optimized with the Yoast SEO plugin v26.1.1 - https:\/\/yoast.com\/wordpress\/plugins\/seo\/ -->\n<title>Autoconcepto y autoestima: algunas claves para mejorarlos<\/title>\n<meta name=\"description\" content=\"Te hablamos acerca de la diferencia entre autoconcepto y autoestima y te explicamos c\u00f3mo puedes ayudar a tus empleados a mejorarlos.\" \/>\n<meta name=\"robots\" content=\"index, follow, max-snippet:-1, max-image-preview:large, max-video-preview:-1\" \/>\n<link rel=\"canonical\" href=\"https:\/\/empresas.infoempleo.com\/hrtrends\/autoconcepto-autoestima\/\" \/>\n<meta property=\"og:locale\" content=\"es_ES\" \/>\n<meta property=\"og:type\" content=\"article\" \/>\n<meta property=\"og:title\" content=\"Autoconcepto y autoestima: algunas claves para mejorarlos\" \/>\n<meta property=\"og:description\" content=\"Te hablamos acerca de la diferencia entre autoconcepto y autoestima y te explicamos c\u00f3mo puedes ayudar a tus empleados a mejorarlos.\" \/>\n<meta property=\"og:url\" content=\"https:\/\/empresas.infoempleo.com\/hrtrends\/autoconcepto-autoestima\/\" \/>\n<meta property=\"og:site_name\" content=\"HRTRENDS\" \/>\n<meta property=\"article:publisher\" content=\"https:\/\/www.facebook.com\/Infoempleo\" \/>\n<meta property=\"article:published_time\" content=\"2018-07-09T06:00:50+00:00\" \/>\n<meta property=\"article:modified_time\" content=\"2018-07-09T11:14:51+00:00\" \/>\n<meta property=\"og:image\" content=\"https:\/\/empresas.infoempleo.com\/hrtrends\/media\/2018\/06\/HRTRENDS_CONSEJOS-Autoconcepto_y_autoestima-842865952.jpg\" \/>\n\t<meta property=\"og:image:width\" content=\"1140\" \/>\n\t<meta property=\"og:image:height\" content=\"757\" \/>\n\t<meta property=\"og:image:type\" content=\"image\/jpeg\" \/>\n<meta name=\"author\" content=\"Adriana M.\" \/>\n<meta name=\"twitter:card\" content=\"summary_large_image\" \/>\n<meta name=\"twitter:creator\" content=\"@infoempleo\" \/>\n<meta name=\"twitter:site\" content=\"@infoempleo\" \/>\n<meta name=\"twitter:label1\" content=\"Escrito por\" \/>\n\t<meta name=\"twitter:data1\" content=\"Adriana M.\" \/>\n\t<meta name=\"twitter:label2\" content=\"Tiempo de lectura\" \/>\n\t<meta name=\"twitter:data2\" content=\"3 minutos\" \/>\n<script type=\"application\/ld+json\" class=\"yoast-schema-graph\">{\"@context\":\"https:\/\/schema.org\",\"@graph\":[{\"@type\":\"NewsArticle\",\"@id\":\"https:\/\/empresas.infoempleo.com\/hrtrends\/autoconcepto-autoestima\/#article\",\"isPartOf\":{\"@id\":\"https:\/\/empresas.infoempleo.com\/hrtrends\/autoconcepto-autoestima\/\"},\"author\":{\"name\":\"Adriana M.\",\"@id\":\"https:\/\/empresas.infoempleo.com\/hrtrends\/#\/schema\/person\/b1dd51edbb566a47cd8f7513fa73d223\"},\"headline\":\"5 claves para ayudar a tus empleados a mejorar su autoconcepto y su autoestima\",\"datePublished\":\"2018-07-09T06:00:50+00:00\",\"dateModified\":\"2018-07-09T11:14:51+00:00\",\"mainEntityOfPage\":{\"@id\":\"https:\/\/empresas.infoempleo.com\/hrtrends\/autoconcepto-autoestima\/\"},\"wordCount\":536,\"publisher\":{\"@id\":\"https:\/\/empresas.infoempleo.com\/hrtrends\/#organization\"},\"image\":{\"@id\":\"https:\/\/empresas.infoempleo.com\/hrtrends\/autoconcepto-autoestima\/#primaryimage\"},\"thumbnailUrl\":\"https:\/\/empresas.infoempleo.com\/hrtrends\/media\/2018\/06\/HRTRENDS_CONSEJOS-Autoconcepto_y_autoestima-842865952.jpg\",\"articleSection\":[\"Consejos\"],\"inLanguage\":\"es\",\"copyrightYear\":\"2018\",\"copyrightHolder\":{\"@id\":\"https:\/\/empresas.infoempleo.com\/hrtrends\/#organization\"}},{\"@type\":\"WebPage\",\"@id\":\"https:\/\/empresas.infoempleo.com\/hrtrends\/autoconcepto-autoestima\/\",\"url\":\"https:\/\/empresas.infoempleo.com\/hrtrends\/autoconcepto-autoestima\/\",\"name\":\"Autoconcepto y autoestima: algunas claves para mejorarlos\",\"isPartOf\":{\"@id\":\"https:\/\/empresas.infoempleo.com\/hrtrends\/#website\"},\"primaryImageOfPage\":{\"@id\":\"https:\/\/empresas.infoempleo.com\/hrtrends\/autoconcepto-autoestima\/#primaryimage\"},\"image\":{\"@id\":\"https:\/\/empresas.infoempleo.com\/hrtrends\/autoconcepto-autoestima\/#primaryimage\"},\"thumbnailUrl\":\"https:\/\/empresas.infoempleo.com\/hrtrends\/media\/2018\/06\/HRTRENDS_CONSEJOS-Autoconcepto_y_autoestima-842865952.jpg\",\"datePublished\":\"2018-07-09T06:00:50+00:00\",\"dateModified\":\"2018-07-09T11:14:51+00:00\",\"description\":\"Te hablamos acerca de la diferencia entre autoconcepto y autoestima y te explicamos c\u00f3mo puedes ayudar a tus empleados a mejorarlos.\",\"breadcrumb\":{\"@id\":\"https:\/\/empresas.infoempleo.com\/hrtrends\/autoconcepto-autoestima\/#breadcrumb\"},\"inLanguage\":\"es\",\"potentialAction\":[{\"@type\":\"ReadAction\",\"target\":[\"https:\/\/empresas.infoempleo.com\/hrtrends\/autoconcepto-autoestima\/\"]}]},{\"@type\":\"ImageObject\",\"inLanguage\":\"es\",\"@id\":\"https:\/\/empresas.infoempleo.com\/hrtrends\/autoconcepto-autoestima\/#primaryimage\",\"url\":\"https:\/\/empresas.infoempleo.com\/hrtrends\/media\/2018\/06\/HRTRENDS_CONSEJOS-Autoconcepto_y_autoestima-842865952-150x150.jpg\",\"contentUrl\":\"https:\/\/empresas.infoempleo.com\/hrtrends\/media\/2018\/06\/HRTRENDS_CONSEJOS-Autoconcepto_y_autoestima-842865952-150x150.jpg\",\"width\":150,\"height\":150},{\"@type\":\"BreadcrumbList\",\"@id\":\"https:\/\/empresas.infoempleo.com\/hrtrends\/autoconcepto-autoestima\/#breadcrumb\",\"itemListElement\":[{\"@type\":\"ListItem\",\"position\":1,\"name\":\"Portada\",\"item\":\"https:\/\/empresas.infoempleo.com\/hrtrends\/\"},{\"@type\":\"ListItem\",\"position\":2,\"name\":\"5 claves para ayudar a tus empleados a mejorar su autoconcepto y su autoestima\"}]},{\"@type\":\"WebSite\",\"@id\":\"https:\/\/empresas.infoempleo.com\/hrtrends\/#website\",\"url\":\"https:\/\/empresas.infoempleo.com\/hrtrends\",\"name\":\"HRTrends by Infoempleo\",\"description\":\"\",\"publisher\":{\"@id\":\"https:\/\/empresas.infoempleo.com\/hrtrends\/#organization\"},\"potentialAction\":{\"@type\":\"SearchAction\",\"target\":\"https:\/\/empresas.infoempleo.com\/hrtrends\/?s={search_term_string}\",\"query-input\":\"required name=search_term_string\"},\"inLanguage\":\"es\"},{\"@type\":\"Organization\",\"@id\":\"https:\/\/empresas.infoempleo.com\/hrtrends\/#organization\",\"name\":\"Infoempleo\",\"url\":\"https:\/\/www.infoempleo.com\/\",\"logo\":{\"@type\":\"ImageObject\",\"@id\":\"https:\/\/empresas.infoempleo.com\/hrtrends\/#logo\",\"inLanguage\":\"es\",\"url\":\"https:\/\/cdnazure.infoempleo.com\/infoempleo\/assets\/style\/gfx\/logo.svg\",\"contentUrl\":\"https:\/\/cdnazure.infoempleo.com\/infoempleo\/assets\/style\/gfx\/logo.svg\",\"width\":150,\"height\":40,\"caption\":\"Infoempleo\"},\"image\":{\"@id\":\"https:\/\/empresas.infoempleo.com\/hrtrends\/#logo\"},\"sameAs\":[\"https:\/\/www.facebook.com\/Infoempleo\",\"https:\/\/x.com\/infoempleo\",\"http:\/\/instagram.com\/infoempleo\/\",\"http:\/\/www.linkedin.com\/groups\/Empleo-Espa\u00f1a-Infoempleocom-111276\",\"http:\/\/pinterest.com\/infoempleo\/\"],\"address\":{\"@type\":\"PostalAddress\",\"addressLocality\":\"Madrid\",\"postalCode\":\"28050\",\"streetAddress\":\"Avenida de Burgos 114\"},\"brand\":[\"Infoempleo\"]},{\"@type\":\"Person\",\"@id\":\"https:\/\/empresas.infoempleo.com\/hrtrends\/#\/schema\/person\/b1dd51edbb566a47cd8f7513fa73d223\",\"name\":\"Adriana M.\",\"image\":{\"@type\":\"ImageObject\",\"inLanguage\":\"es\",\"@id\":\"https:\/\/empresas.infoempleo.com\/hrtrends\/#\/schema\/person\/image\/\",\"url\":\"https:\/\/secure.gravatar.com\/avatar\/243f7dd7e1db0ad0e9791be05df7d72ba5c8bf338408591753bae2fe87dae18d?s=96&d=mm&r=g\",\"contentUrl\":\"https:\/\/secure.gravatar.com\/avatar\/243f7dd7e1db0ad0e9791be05df7d72ba5c8bf338408591753bae2fe87dae18d?s=96&d=mm&r=g\",\"caption\":\"Adriana M.\"},\"description\":\"Periodista y experta en Comunicaci\u00f3n Audiovisual y Narrativa. Me encanta escribir y narrar lo que pasa a mi alrededor es mi pasi\u00f3n.\",\"url\":\"https:\/\/empresas.infoempleo.com\/hrtrends\/author\/adriana-kanvas\/\"}]}<\/script>\n<!-- \/ Yoast SEO plugin. -->","yoast_head_json":{"title":"Autoconcepto y autoestima: algunas claves para mejorarlos","description":"Te hablamos acerca de la diferencia entre autoconcepto y autoestima y te explicamos c\u00f3mo puedes ayudar a tus empleados a mejorarlos.","robots":{"index":"index","follow":"follow","max-snippet":"max-snippet:-1","max-image-preview":"max-image-preview:large","max-video-preview":"max-video-preview:-1"},"canonical":"https:\/\/empresas.infoempleo.com\/hrtrends\/autoconcepto-autoestima\/","og_locale":"es_ES","og_type":"article","og_title":"Autoconcepto y autoestima: algunas claves para mejorarlos","og_description":"Te hablamos acerca de la diferencia entre autoconcepto y autoestima y te explicamos c\u00f3mo puedes ayudar a tus empleados a mejorarlos.","og_url":"https:\/\/empresas.infoempleo.com\/hrtrends\/autoconcepto-autoestima\/","og_site_name":"HRTRENDS","article_publisher":"https:\/\/www.facebook.com\/Infoempleo","article_published_time":"2018-07-09T06:00:50+00:00","article_modified_time":"2018-07-09T11:14:51+00:00","og_image":[{"width":1140,"height":757,"url":"https:\/\/empresas.infoempleo.com\/hrtrends\/media\/2018\/06\/HRTRENDS_CONSEJOS-Autoconcepto_y_autoestima-842865952.jpg","type":"image\/jpeg"}],"author":"Adriana M.","twitter_card":"summary_large_image","twitter_creator":"@infoempleo","twitter_site":"@infoempleo","twitter_misc":{"Escrito por":"Adriana M.","Tiempo de lectura":"3 minutos"},"schema":{"@context":"https:\/\/schema.org","@graph":[{"@type":"NewsArticle","@id":"https:\/\/empresas.infoempleo.com\/hrtrends\/autoconcepto-autoestima\/#article","isPartOf":{"@id":"https:\/\/empresas.infoempleo.com\/hrtrends\/autoconcepto-autoestima\/"},"author":{"name":"Adriana M.","@id":"https:\/\/empresas.infoempleo.com\/hrtrends\/#\/schema\/person\/b1dd51edbb566a47cd8f7513fa73d223"},"headline":"5 claves para ayudar a tus empleados a mejorar su autoconcepto y su autoestima","datePublished":"2018-07-09T06:00:50+00:00","dateModified":"2018-07-09T11:14:51+00:00","mainEntityOfPage":{"@id":"https:\/\/empresas.infoempleo.com\/hrtrends\/autoconcepto-autoestima\/"},"wordCount":536,"publisher":{"@id":"https:\/\/empresas.infoempleo.com\/hrtrends\/#organization"},"image":{"@id":"https:\/\/empresas.infoempleo.com\/hrtrends\/autoconcepto-autoestima\/#primaryimage"},"thumbnailUrl":"https:\/\/empresas.infoempleo.com\/hrtrends\/media\/2018\/06\/HRTRENDS_CONSEJOS-Autoconcepto_y_autoestima-842865952.jpg","articleSection":["Consejos"],"inLanguage":"es","copyrightYear":"2018","copyrightHolder":{"@id":"https:\/\/empresas.infoempleo.com\/hrtrends\/#organization"}},{"@type":"WebPage","@id":"https:\/\/empresas.infoempleo.com\/hrtrends\/autoconcepto-autoestima\/","url":"https:\/\/empresas.infoempleo.com\/hrtrends\/autoconcepto-autoestima\/","name":"Autoconcepto y autoestima: algunas claves para mejorarlos","isPartOf":{"@id":"https:\/\/empresas.infoempleo.com\/hrtrends\/#website"},"primaryImageOfPage":{"@id":"https:\/\/empresas.infoempleo.com\/hrtrends\/autoconcepto-autoestima\/#primaryimage"},"image":{"@id":"https:\/\/empresas.infoempleo.com\/hrtrends\/autoconcepto-autoestima\/#primaryimage"},"thumbnailUrl":"https:\/\/empresas.infoempleo.com\/hrtrends\/media\/2018\/06\/HRTRENDS_CONSEJOS-Autoconcepto_y_autoestima-842865952.jpg","datePublished":"2018-07-09T06:00:50+00:00","dateModified":"2018-07-09T11:14:51+00:00","description":"Te hablamos acerca de la diferencia entre autoconcepto y autoestima y te explicamos c\u00f3mo puedes ayudar a tus empleados a mejorarlos.","breadcrumb":{"@id":"https:\/\/empresas.infoempleo.com\/hrtrends\/autoconcepto-autoestima\/#breadcrumb"},"inLanguage":"es","potentialAction":[{"@type":"ReadAction","target":["https:\/\/empresas.infoempleo.com\/hrtrends\/autoconcepto-autoestima\/"]}]},{"@type":"ImageObject","inLanguage":"es","@id":"https:\/\/empresas.infoempleo.com\/hrtrends\/autoconcepto-autoestima\/#primaryimage","url":"https:\/\/empresas.infoempleo.com\/hrtrends\/media\/2018\/06\/HRTRENDS_CONSEJOS-Autoconcepto_y_autoestima-842865952-150x150.jpg","contentUrl":"https:\/\/empresas.infoempleo.com\/hrtrends\/media\/2018\/06\/HRTRENDS_CONSEJOS-Autoconcepto_y_autoestima-842865952-150x150.jpg","width":150,"height":150},{"@type":"BreadcrumbList","@id":"https:\/\/empresas.infoempleo.com\/hrtrends\/autoconcepto-autoestima\/#breadcrumb","itemListElement":[{"@type":"ListItem","position":1,"name":"Portada","item":"https:\/\/empresas.infoempleo.com\/hrtrends\/"},{"@type":"ListItem","position":2,"name":"5 claves para ayudar a tus empleados a mejorar su autoconcepto y su autoestima"}]},{"@type":"WebSite","@id":"https:\/\/empresas.infoempleo.com\/hrtrends\/#website","url":"https:\/\/empresas.infoempleo.com\/hrtrends","name":"HRTrends by Infoempleo","description":"","publisher":{"@id":"https:\/\/empresas.infoempleo.com\/hrtrends\/#organization"},"potentialAction":{"@type":"SearchAction","target":"https:\/\/empresas.infoempleo.com\/hrtrends\/?s={search_term_string}","query-input":"required name=search_term_string"},"inLanguage":"es"},{"@type":"Organization","@id":"https:\/\/empresas.infoempleo.com\/hrtrends\/#organization","name":"Infoempleo","url":"https:\/\/www.infoempleo.com\/","logo":{"@type":"ImageObject","@id":"https:\/\/empresas.infoempleo.com\/hrtrends\/#logo","inLanguage":"es","url":"https:\/\/cdnazure.infoempleo.com\/infoempleo\/assets\/style\/gfx\/logo.svg","contentUrl":"https:\/\/cdnazure.infoempleo.com\/infoempleo\/assets\/style\/gfx\/logo.svg","width":150,"height":40,"caption":"Infoempleo"},"image":{"@id":"https:\/\/empresas.infoempleo.com\/hrtrends\/#logo"},"sameAs":["https:\/\/www.facebook.com\/Infoempleo","https:\/\/x.com\/infoempleo","http:\/\/instagram.com\/infoempleo\/","http:\/\/www.linkedin.com\/groups\/Empleo-Espa\u00f1a-Infoempleocom-111276","http:\/\/pinterest.com\/infoempleo\/"],"address":{"@type":"PostalAddress","addressLocality":"Madrid","postalCode":"28050","streetAddress":"Avenida de Burgos 114"},"brand":["Infoempleo"]},{"@type":"Person","@id":"https:\/\/empresas.infoempleo.com\/hrtrends\/#\/schema\/person\/b1dd51edbb566a47cd8f7513fa73d223","name":"Adriana M.","image":{"@type":"ImageObject","inLanguage":"es","@id":"https:\/\/empresas.infoempleo.com\/hrtrends\/#\/schema\/person\/image\/","url":"https:\/\/secure.gravatar.com\/avatar\/243f7dd7e1db0ad0e9791be05df7d72ba5c8bf338408591753bae2fe87dae18d?s=96&d=mm&r=g","contentUrl":"https:\/\/secure.gravatar.com\/avatar\/243f7dd7e1db0ad0e9791be05df7d72ba5c8bf338408591753bae2fe87dae18d?s=96&d=mm&r=g","caption":"Adriana M."},"description":"Periodista y experta en Comunicaci\u00f3n Audiovisual y Narrativa. Me encanta escribir y narrar lo que pasa a mi alrededor es mi pasi\u00f3n.","url":"https:\/\/empresas.infoempleo.com\/hrtrends\/author\/adriana-kanvas\/"}]}},"amp_enabled":true,"_links":{"self":[{"href":"https:\/\/empresas.infoempleo.com\/hrtrends\/wp-json\/wp\/v2\/posts\/33893","targetHints":{"allow":["GET"]}}],"collection":[{"href":"https:\/\/empresas.infoempleo.com\/hrtrends\/wp-json\/wp\/v2\/posts"}],"about":[{"href":"https:\/\/empresas.infoempleo.com\/hrtrends\/wp-json\/wp\/v2\/types\/post"}],"author":[{"embeddable":true,"href":"https:\/\/empresas.infoempleo.com\/hrtrends\/wp-json\/wp\/v2\/users\/122"}],"replies":[{"embeddable":true,"href":"https:\/\/empresas.infoempleo.com\/hrtrends\/wp-json\/wp\/v2\/comments?post=33893"}],"version-history":[{"count":0,"href":"https:\/\/empresas.infoempleo.com\/hrtrends\/wp-json\/wp\/v2\/posts\/33893\/revisions"}],"wp:featuredmedia":[{"embeddable":true,"href":"https:\/\/empresas.infoempleo.com\/hrtrends\/wp-json\/wp\/v2\/media\/33895"}],"wp:attachment":[{"href":"https:\/\/empresas.infoempleo.com\/hrtrends\/wp-json\/wp\/v2\/media?parent=33893"}],"wp:term":[{"taxonomy":"category","embeddable":true,"href":"https:\/\/empresas.infoempleo.com\/hrtrends\/wp-json\/wp\/v2\/categories?post=33893"},{"taxonomy":"post_tag","embeddable":true,"href":"https:\/\/empresas.infoempleo.com\/hrtrends\/wp-json\/wp\/v2\/tags?post=33893"}],"curies":[{"name":"wp","href":"https:\/\/api.w.org\/{rel}","templated":true}]}}