{"id":33847,"date":"2018-06-28T08:00:30","date_gmt":"2018-06-28T06:00:30","guid":{"rendered":"https:\/\/empresas.infoempleo.com\/hrtrends\/?p=33847"},"modified":"2024-08-29T17:49:50","modified_gmt":"2024-08-29T15:49:50","slug":"rrhh-pescanova-nuestro-primer-reto-es-la-gestion-de-la-diversidad","status":"publish","type":"post","link":"https:\/\/empresas.infoempleo.com\/hrtrends\/rrhh-pescanova-nuestro-primer-reto-es-la-gestion-de-la-diversidad\/","title":{"rendered":"Dentro de Pescanova: \u00abNuestro primer reto es la gesti\u00f3n de la diversidad\u00bb"},"content":{"rendered":"<p><strong>Pedro Casa\u00f1o<\/strong>,\u00a0Director Corporativo de Personas del <strong>Grupo Nueva Pescanova<\/strong>, ha trabajado en 3 pa\u00edses y 8 ciudades distintas, pasando por distintos departamentos a lo largo de su trayectoria profesional hasta su llegada a esta empresa. \u00abLlevo tan s\u00f3lo <strong>6 meses<\/strong> en Nueva Pescanova, aunque parece que llevo aqu\u00ed toda la vida, \u00a1han sido unos primeros 6 meses muy intensos!\u00bb, asegura.<br \/>\nConocemos m\u00e1s de cerca cu\u00e1les son <strong>sus objetivos y retos<\/strong> en esta nueva etapa que afronta al frente de los RRHH de una compa\u00f1\u00eda nacida en <strong>Galicia<\/strong> y que cuenta , s\u00f3lo en nuestro pa\u00eds, con alrededor de <strong>1.300 personas\u00a0<\/strong>en plantilla.<\/p>\n<h2>\u00bfC\u00f3mo se define Nueva Pescanova?<\/h2>\n<p>Trabajamos para ser <strong>la mejor compa\u00f1\u00eda de alimentaci\u00f3n<\/strong> llevando la frescura del mar a la mesa del consumidor, apostamos por nuestra marca y la innovaci\u00f3n, pescando, cultivando, elaborando y seleccionando el mejor producto all\u00e1 donde est\u00e9, y nos comprometemos con la<strong> sostenibilidad de los recursos naturales<\/strong> y con las <strong>comunidades<\/strong> en las que estamos presentes, actuando de forma \u00e9tica, manteniendo su confianza y creando valor.<\/p>\n<h2><strong>\u00bfQu\u00e9 previsiones de contrataci\u00f3n ten\u00e9is?\u00a0<\/strong><\/h2>\n<p>Somos una empresa en <strong>continuo crecimiento<\/strong>, y eso siempre significa atraer personas a nuestra tripulaci\u00f3n, durante los dos \u00faltimos a\u00f1os nos hemos mantenido estables en lo que a n\u00famero global de personas se refiere, sobre todo en empleados fijos. Si bien es verdad que hemos tenido ciertas oscilaciones en el c\u00f3mputo global debido a las desinversiones de actividades no estrat\u00e9gicas que hemos abordado. En cualquier caso, seguimos siendo muy activos en la contrataci\u00f3n de <strong>perfiles comerciales<\/strong>, de <strong>marketing<\/strong> y, sobre todo, con los <strong>perfiles t\u00e9cnicos de las tripulaciones<\/strong> embarcadas en alta mar (capitanes, patrones de pesca, contramaestres y jefes de m\u00e1quinas).<\/p>\n<p>Pr\u00e1cticamente la totalidad de las nuevas posiciones que buscamos <strong>las publicamos internamente,\u00a0<\/strong>primero miramos en casa, antes de buscar fuera. Creemos en el <strong>desarrollo interno<\/strong>, y creemos en la <a href=\"https:\/\/empresas.infoempleo.com\/hrtrends\/gestiona-movilidad-laboral-espana\/\">movilidad del talento <\/a>(tenemos m\u00e1s de 200 expatriados globales).<\/p>\n<p>Por otro lado, ofertamos unas <strong>30 becas al a\u00f1o<\/strong> en nuestras oficinas en Galicia. La mayor\u00eda de ellos pasan a formar parte de nuestro equipo en futuros procesos de selecci\u00f3n en funci\u00f3n de los resultados y el potencial demostrado.<\/p>\n<h2>\u00bfQu\u00e9 tipo de cualidades y aptitudes busc\u00e1is para vuestros equipos?<\/h2>\n<p>Personas <strong>entusiastas<\/strong> y <strong>apasionadas<\/strong> por lo que hacen, con una gran capacidad de aprender, buscamos \u201c<em>learnability<\/em>\u201d, habilidad para aprender, y que adem\u00e1s, debido a la complejidad de nuestro mercado, esas personas que se desenvuelvan bien en entornos vol\u00e1tiles, inciertos, cambiantes y ambiguos, y siempre buscando ser los que dirijan los cambios.<\/p>\n<p>Adem\u00e1s de esta agilidad para el aprendizaje, habilidad mental, de gesti\u00f3n de personas, de producir resultados en el negocio, tener la capacidad de cambiar y de adaptarse a un negocio tan complejo como el nuestro, buscamos tambi\u00e9n las siguientes competencias: gente que inspire confianza, que tenga esp\u00edritu de <strong>trabajo en equipo<\/strong>, que est\u00e9 centrada en el consumidor, con un <strong>alto nivel de ingl\u00e9s<\/strong> y con <strong>movilidad internacional<\/strong>.<\/p>\n<h2>\u00bfCu\u00e1les son las medidas de RRHH m\u00e1s innovadoras que hab\u00e9is puesto en marcha?<\/h2>\n<p>Tenemos un <strong>Plan Estrat\u00e9gico 2020<\/strong> que hemos denominado \u201c<em>People First!<\/em>\u201d, en \u00e9l dejamos claro que las personas son lo primero.<\/p>\n<ul>\n<li>Trabajamos sobre los cimientos de la comunidad de personas, y estamos creando <strong>procesos y pol\u00edticas globales<\/strong> que <strong>estandaricen<\/strong> nuestros procesos. En este sentido, estamos redactando <strong>nuevas pol\u00edticas de atracci\u00f3n y<\/strong> gesti\u00f3n del talento<strong>\u00a0<\/strong>y estamos haciendo un\u00a0\u201cpesaje de puestos\u201d,\u00a0 midiendo la importancia relativa de cada puesto y los itinerarios profesionales y las pasarelas para cambiar de puesto o tener una gesti\u00f3n de la carrera individual.<\/li>\n<li>Estamos trabajando la <strong>parte emocional,<\/strong> para ello hemos implantado un sistema de <strong>gesti\u00f3n del desempe\u00f1o<\/strong> que impacta en el <strong>modelo de compensaci\u00f3n<\/strong>, como el 7p y la <a href=\"https:\/\/empresas.infoempleo.com\/hrtrends\/retribucion-flexible-mejorar-salario-tus-empleados\/\">retribuci\u00f3n flexible<\/a>.<\/li>\n<li>Tenemos un proyecto de cambio de nuestras oficinas corporativas, creando un espacio para trabajar abierto, sin paredes y sin despachos que <strong>fomente la colaboraci\u00f3n entre nosotros<\/strong>.<\/li>\n<li>En otras \u00e1reas como la de Formaci\u00f3n, cada vez aplicamos m\u00e1s la regla del 70:20:10, y hoy en d\u00eda podemos decir que s\u00f3lo el 10% de nuestra formaci\u00f3n se desarrolla de una manera presencial y tradicional, mientras el resto es a trav\u00e9s del <a href=\"https:\/\/empresas.infoempleo.com\/hrtrends\/coaching-herramienta-desarrollo-personas-y-equipos\/\">coaching <\/a>y la <strong>experimentaci\u00f3n<\/strong> en el puesto de trabajo.<\/li>\n<li>Estamos embarcados en un ambicioso proyecto de <strong>cambio cultural<\/strong>, donde estamos trabajando la parte racional de nuestra relaci\u00f3n entre empresa y trabajadores, y lo estamos haciendo a trav\u00e9s de la implantaci\u00f3n de un nuevo <strong>modelo de liderazgo<\/strong> para nuestros managers (m\u00e1s de 200 en todo el mundo), sobre los que estamos trabajando en competencias de gesti\u00f3n de equipos como la comunicaci\u00f3n, la asertividad, la gesti\u00f3n del desempe\u00f1o, etc.<\/li>\n<\/ul>\n<h2>\u00bfCu\u00e1les son los retos a los que os enfrent\u00e1is en lo que se refiere a la pol\u00edtica de personal?<\/h2>\n<p>Como responsable corporativo de personas de una empresa con <strong>operaciones en 28 pa\u00edses y 4 continentes<\/strong>, el primer reto al que nos enfrentamos es el desaf\u00edo de la gesti\u00f3n de la <a href=\"https:\/\/empresas.infoempleo.com\/hrtrends\/gestionar-diversidad-cultura\/\">diversidad<\/a>.<br \/>\nMis retos pasan, en primer lugar, por crear el <strong>sentimiento de pertenencia,<\/strong>\u00a0y pasar de un modelo totalmente descentralizado aun modelo de gesti\u00f3n de personas basado en la <strong>colaboraci\u00f3n<\/strong> y en estructuras matriciales entre el Corporativo y los pa\u00edses, independientemente de los hechos diferenciales culturales de cada uno.<\/p>\n<p>Otro de mis desaf\u00edos es introducir pr\u00e1cticas de <em>People Management<\/em>, gesti\u00f3n del talento, movilidad o <strong>nuevas formas de trabajo<\/strong> en todos los pa\u00edses que componen la regi\u00f3n. Y, por \u00faltimo, terminar todo el proceso de <strong>transformaci\u00f3n<\/strong> y <strong>remodelizaci\u00f3n del negocio<\/strong>, sin que la organizaci\u00f3n se resienta y sin que se pierda el esp\u00edritu de que<strong> nuestra gente es lo primero para esta organizaci\u00f3n<\/strong>.<\/p>\n<p>Estamos orgullosos de lo que somos y lo que ofrecemos, y por ello nuestro reto es ser capaces de <strong>transmitir la cultura de Nueva Pescanova<\/strong> al mayor n\u00famero de personas posible, con el fin de identificar y atraer a nuestra organizaci\u00f3n a <strong>los mejores talentos externos<\/strong> y mantener el <strong>compromiso<\/strong> de quienes ya est\u00e1n con nosotros.<\/p>\n","protected":false},"excerpt":{"rendered":"<p>Pedro Casa\u00f1o,\u00a0Director Corporativo de Personas del Grupo Nueva Pescanova, ha trabajado en 3 pa\u00edses y 8 ciudades distintas,<a class=\"moretag\" href=\"https:\/\/empresas.infoempleo.com\/hrtrends\/rrhh-pescanova-nuestro-primer-reto-es-la-gestion-de-la-diversidad\/\"> Leer m\u00e1s<\/a><\/p>\n","protected":false},"author":83,"featured_media":33853,"comment_status":"closed","ping_status":"closed","sticky":false,"template":"","format":"standard","meta":{"footnotes":""},"categories":[2978,3031],"tags":[21,1387,195],"class_list":["post-33847","post","type-post","status-publish","format-standard","has-post-thumbnail","hentry","category-directores-rrhh","category-entrevistas","tag-liderazgo","tag-movilidad","tag-rsc"],"yoast_head":"<!-- This site is optimized with the Yoast SEO plugin v26.1.1 - https:\/\/yoast.com\/wordpress\/plugins\/seo\/ -->\n<title>Entrevista a Pedro Casa\u00f1o,\u00a0Director Corporativo de Personas del Grupo Nueva Pescanova<\/title>\n<meta name=\"description\" content=\"Conocemos m\u00e1s los RRHH de Pescanova, una compa\u00f1\u00eda nacida en Galicia y que cuenta, s\u00f3lo en nuestro pa\u00eds, con alrededor de 1.300 personas\u00a0en plantilla.\" \/>\n<meta name=\"robots\" content=\"index, follow, max-snippet:-1, max-image-preview:large, max-video-preview:-1\" \/>\n<link rel=\"canonical\" href=\"https:\/\/empresas.infoempleo.com\/hrtrends\/rrhh-pescanova-nuestro-primer-reto-es-la-gestion-de-la-diversidad\/\" \/>\n<meta property=\"og:locale\" content=\"es_ES\" \/>\n<meta property=\"og:type\" content=\"article\" \/>\n<meta property=\"og:title\" content=\"Entrevista a Pedro Casa\u00f1o,\u00a0Director Corporativo de Personas del Grupo Nueva Pescanova\" \/>\n<meta property=\"og:description\" content=\"Conocemos m\u00e1s los RRHH de Pescanova, una compa\u00f1\u00eda nacida en Galicia y que cuenta, s\u00f3lo en nuestro pa\u00eds, con alrededor de 1.300 personas\u00a0en plantilla.\" \/>\n<meta property=\"og:url\" content=\"https:\/\/empresas.infoempleo.com\/hrtrends\/rrhh-pescanova-nuestro-primer-reto-es-la-gestion-de-la-diversidad\/\" \/>\n<meta property=\"og:site_name\" content=\"HRTRENDS\" \/>\n<meta property=\"article:publisher\" content=\"https:\/\/www.facebook.com\/Infoempleo\" \/>\n<meta property=\"article:published_time\" content=\"2018-06-28T06:00:30+00:00\" \/>\n<meta property=\"article:modified_time\" content=\"2024-08-29T15:49:50+00:00\" \/>\n<meta property=\"og:image\" content=\"https:\/\/empresas.infoempleo.com\/hrtrends\/media\/2018\/06\/plantilla.directores-Paco-Castano.jpg\" \/>\n\t<meta property=\"og:image:width\" content=\"980\" \/>\n\t<meta property=\"og:image:height\" content=\"600\" \/>\n\t<meta property=\"og:image:type\" content=\"image\/jpeg\" \/>\n<meta name=\"author\" content=\"Coral Ja\u00e9n\" \/>\n<meta name=\"twitter:card\" content=\"summary_large_image\" \/>\n<meta name=\"twitter:creator\" content=\"@infoempleo\" \/>\n<meta name=\"twitter:site\" content=\"@infoempleo\" \/>\n<meta name=\"twitter:label1\" content=\"Escrito por\" \/>\n\t<meta name=\"twitter:data1\" content=\"Coral Ja\u00e9n\" \/>\n\t<meta name=\"twitter:label2\" content=\"Tiempo de lectura\" \/>\n\t<meta name=\"twitter:data2\" content=\"5 minutos\" \/>\n<script type=\"application\/ld+json\" class=\"yoast-schema-graph\">{\"@context\":\"https:\/\/schema.org\",\"@graph\":[{\"@type\":\"NewsArticle\",\"@id\":\"https:\/\/empresas.infoempleo.com\/hrtrends\/rrhh-pescanova-nuestro-primer-reto-es-la-gestion-de-la-diversidad\/#article\",\"isPartOf\":{\"@id\":\"https:\/\/empresas.infoempleo.com\/hrtrends\/rrhh-pescanova-nuestro-primer-reto-es-la-gestion-de-la-diversidad\/\"},\"author\":{\"name\":\"Coral Ja\u00e9n\",\"@id\":\"https:\/\/empresas.infoempleo.com\/hrtrends\/#\/schema\/person\/25f571bd9b66cedb5d1cd4f2d42c270e\"},\"headline\":\"Dentro de Pescanova: \u00abNuestro primer reto es la gesti\u00f3n de la diversidad\u00bb\",\"datePublished\":\"2018-06-28T06:00:30+00:00\",\"dateModified\":\"2024-08-29T15:49:50+00:00\",\"mainEntityOfPage\":{\"@id\":\"https:\/\/empresas.infoempleo.com\/hrtrends\/rrhh-pescanova-nuestro-primer-reto-es-la-gestion-de-la-diversidad\/\"},\"wordCount\":1062,\"publisher\":{\"@id\":\"https:\/\/empresas.infoempleo.com\/hrtrends\/#organization\"},\"image\":{\"@id\":\"https:\/\/empresas.infoempleo.com\/hrtrends\/rrhh-pescanova-nuestro-primer-reto-es-la-gestion-de-la-diversidad\/#primaryimage\"},\"thumbnailUrl\":\"https:\/\/empresas.infoempleo.com\/hrtrends\/media\/2018\/06\/plantilla.directores-Paco-Castano.jpg\",\"keywords\":[\"liderazgo\",\"movilidad\",\"RSC\"],\"articleSection\":[\"Directores de RRHH\",\"Entrevistas\"],\"inLanguage\":\"es\",\"copyrightYear\":\"2018\",\"copyrightHolder\":{\"@id\":\"https:\/\/empresas.infoempleo.com\/hrtrends\/#organization\"}},{\"@type\":\"WebPage\",\"@id\":\"https:\/\/empresas.infoempleo.com\/hrtrends\/rrhh-pescanova-nuestro-primer-reto-es-la-gestion-de-la-diversidad\/\",\"url\":\"https:\/\/empresas.infoempleo.com\/hrtrends\/rrhh-pescanova-nuestro-primer-reto-es-la-gestion-de-la-diversidad\/\",\"name\":\"Entrevista a Pedro Casa\u00f1o,\u00a0Director Corporativo de Personas del Grupo Nueva Pescanova\",\"isPartOf\":{\"@id\":\"https:\/\/empresas.infoempleo.com\/hrtrends\/#website\"},\"primaryImageOfPage\":{\"@id\":\"https:\/\/empresas.infoempleo.com\/hrtrends\/rrhh-pescanova-nuestro-primer-reto-es-la-gestion-de-la-diversidad\/#primaryimage\"},\"image\":{\"@id\":\"https:\/\/empresas.infoempleo.com\/hrtrends\/rrhh-pescanova-nuestro-primer-reto-es-la-gestion-de-la-diversidad\/#primaryimage\"},\"thumbnailUrl\":\"https:\/\/empresas.infoempleo.com\/hrtrends\/media\/2018\/06\/plantilla.directores-Paco-Castano.jpg\",\"datePublished\":\"2018-06-28T06:00:30+00:00\",\"dateModified\":\"2024-08-29T15:49:50+00:00\",\"description\":\"Conocemos m\u00e1s los RRHH de Pescanova, una compa\u00f1\u00eda nacida en Galicia y que cuenta, s\u00f3lo en nuestro pa\u00eds, con alrededor de 1.300 personas\u00a0en plantilla.\",\"breadcrumb\":{\"@id\":\"https:\/\/empresas.infoempleo.com\/hrtrends\/rrhh-pescanova-nuestro-primer-reto-es-la-gestion-de-la-diversidad\/#breadcrumb\"},\"inLanguage\":\"es\",\"potentialAction\":[{\"@type\":\"ReadAction\",\"target\":[\"https:\/\/empresas.infoempleo.com\/hrtrends\/rrhh-pescanova-nuestro-primer-reto-es-la-gestion-de-la-diversidad\/\"]}]},{\"@type\":\"ImageObject\",\"inLanguage\":\"es\",\"@id\":\"https:\/\/empresas.infoempleo.com\/hrtrends\/rrhh-pescanova-nuestro-primer-reto-es-la-gestion-de-la-diversidad\/#primaryimage\",\"url\":\"https:\/\/empresas.infoempleo.com\/hrtrends\/media\/2018\/06\/plantilla.directores-Paco-Castano-150x150.jpg\",\"contentUrl\":\"https:\/\/empresas.infoempleo.com\/hrtrends\/media\/2018\/06\/plantilla.directores-Paco-Castano-150x150.jpg\",\"width\":150,\"height\":150,\"caption\":\"Paco Casta\u00f1o Pescanova\"},{\"@type\":\"BreadcrumbList\",\"@id\":\"https:\/\/empresas.infoempleo.com\/hrtrends\/rrhh-pescanova-nuestro-primer-reto-es-la-gestion-de-la-diversidad\/#breadcrumb\",\"itemListElement\":[{\"@type\":\"ListItem\",\"position\":1,\"name\":\"Portada\",\"item\":\"https:\/\/empresas.infoempleo.com\/hrtrends\/\"},{\"@type\":\"ListItem\",\"position\":2,\"name\":\"Dentro de Pescanova: \u00abNuestro primer reto es la gesti\u00f3n de la diversidad\u00bb\"}]},{\"@type\":\"WebSite\",\"@id\":\"https:\/\/empresas.infoempleo.com\/hrtrends\/#website\",\"url\":\"https:\/\/empresas.infoempleo.com\/hrtrends\",\"name\":\"HRTrends by Infoempleo\",\"description\":\"\",\"publisher\":{\"@id\":\"https:\/\/empresas.infoempleo.com\/hrtrends\/#organization\"},\"potentialAction\":{\"@type\":\"SearchAction\",\"target\":\"https:\/\/empresas.infoempleo.com\/hrtrends\/?s={search_term_string}\",\"query-input\":\"required name=search_term_string\"},\"inLanguage\":\"es\"},{\"@type\":\"Organization\",\"@id\":\"https:\/\/empresas.infoempleo.com\/hrtrends\/#organization\",\"name\":\"Infoempleo\",\"url\":\"https:\/\/www.infoempleo.com\/\",\"logo\":{\"@type\":\"ImageObject\",\"@id\":\"https:\/\/empresas.infoempleo.com\/hrtrends\/#logo\",\"inLanguage\":\"es\",\"url\":\"https:\/\/cdnazure.infoempleo.com\/infoempleo\/assets\/style\/gfx\/logo.svg\",\"contentUrl\":\"https:\/\/cdnazure.infoempleo.com\/infoempleo\/assets\/style\/gfx\/logo.svg\",\"width\":150,\"height\":40,\"caption\":\"Infoempleo\"},\"image\":{\"@id\":\"https:\/\/empresas.infoempleo.com\/hrtrends\/#logo\"},\"sameAs\":[\"https:\/\/www.facebook.com\/Infoempleo\",\"https:\/\/x.com\/infoempleo\",\"http:\/\/instagram.com\/infoempleo\/\",\"http:\/\/www.linkedin.com\/groups\/Empleo-Espa\u00f1a-Infoempleocom-111276\",\"http:\/\/pinterest.com\/infoempleo\/\"],\"address\":{\"@type\":\"PostalAddress\",\"addressLocality\":\"Madrid\",\"postalCode\":\"28050\",\"streetAddress\":\"Avenida de Burgos 114\"},\"brand\":[\"Infoempleo\"]},{\"@type\":\"Person\",\"@id\":\"https:\/\/empresas.infoempleo.com\/hrtrends\/#\/schema\/person\/25f571bd9b66cedb5d1cd4f2d42c270e\",\"name\":\"Coral Ja\u00e9n\",\"image\":{\"@type\":\"ImageObject\",\"inLanguage\":\"es\",\"@id\":\"https:\/\/empresas.infoempleo.com\/hrtrends\/#\/schema\/person\/image\/\",\"url\":\"https:\/\/secure.gravatar.com\/avatar\/737427b7165c4101c641c482ffbaee438899e97a1c37d08c3fc19d05ae44aa2d?s=96&d=mm&r=g\",\"contentUrl\":\"https:\/\/secure.gravatar.com\/avatar\/737427b7165c4101c641c482ffbaee438899e97a1c37d08c3fc19d05ae44aa2d?s=96&d=mm&r=g\",\"caption\":\"Coral Ja\u00e9n\"},\"description\":\"Coral Ja\u00e9n es parte del equipo de marketing y comunicaci\u00f3n de Infoempleo (Grupo Vocento).\",\"url\":\"https:\/\/empresas.infoempleo.com\/hrtrends\/author\/coral-jaen\/\"}]}<\/script>\n<!-- \/ Yoast SEO plugin. -->","yoast_head_json":{"title":"Entrevista a Pedro Casa\u00f1o,\u00a0Director Corporativo de Personas del Grupo Nueva Pescanova","description":"Conocemos m\u00e1s los RRHH de Pescanova, una compa\u00f1\u00eda nacida en Galicia y que cuenta, s\u00f3lo en nuestro pa\u00eds, con alrededor de 1.300 personas\u00a0en plantilla.","robots":{"index":"index","follow":"follow","max-snippet":"max-snippet:-1","max-image-preview":"max-image-preview:large","max-video-preview":"max-video-preview:-1"},"canonical":"https:\/\/empresas.infoempleo.com\/hrtrends\/rrhh-pescanova-nuestro-primer-reto-es-la-gestion-de-la-diversidad\/","og_locale":"es_ES","og_type":"article","og_title":"Entrevista a Pedro Casa\u00f1o,\u00a0Director Corporativo de Personas del Grupo Nueva Pescanova","og_description":"Conocemos m\u00e1s los RRHH de Pescanova, una compa\u00f1\u00eda nacida en Galicia y que cuenta, s\u00f3lo en nuestro pa\u00eds, con alrededor de 1.300 personas\u00a0en plantilla.","og_url":"https:\/\/empresas.infoempleo.com\/hrtrends\/rrhh-pescanova-nuestro-primer-reto-es-la-gestion-de-la-diversidad\/","og_site_name":"HRTRENDS","article_publisher":"https:\/\/www.facebook.com\/Infoempleo","article_published_time":"2018-06-28T06:00:30+00:00","article_modified_time":"2024-08-29T15:49:50+00:00","og_image":[{"width":980,"height":600,"url":"https:\/\/empresas.infoempleo.com\/hrtrends\/media\/2018\/06\/plantilla.directores-Paco-Castano.jpg","type":"image\/jpeg"}],"author":"Coral Ja\u00e9n","twitter_card":"summary_large_image","twitter_creator":"@infoempleo","twitter_site":"@infoempleo","twitter_misc":{"Escrito por":"Coral Ja\u00e9n","Tiempo de lectura":"5 minutos"},"schema":{"@context":"https:\/\/schema.org","@graph":[{"@type":"NewsArticle","@id":"https:\/\/empresas.infoempleo.com\/hrtrends\/rrhh-pescanova-nuestro-primer-reto-es-la-gestion-de-la-diversidad\/#article","isPartOf":{"@id":"https:\/\/empresas.infoempleo.com\/hrtrends\/rrhh-pescanova-nuestro-primer-reto-es-la-gestion-de-la-diversidad\/"},"author":{"name":"Coral Ja\u00e9n","@id":"https:\/\/empresas.infoempleo.com\/hrtrends\/#\/schema\/person\/25f571bd9b66cedb5d1cd4f2d42c270e"},"headline":"Dentro de Pescanova: \u00abNuestro primer reto es la gesti\u00f3n de la diversidad\u00bb","datePublished":"2018-06-28T06:00:30+00:00","dateModified":"2024-08-29T15:49:50+00:00","mainEntityOfPage":{"@id":"https:\/\/empresas.infoempleo.com\/hrtrends\/rrhh-pescanova-nuestro-primer-reto-es-la-gestion-de-la-diversidad\/"},"wordCount":1062,"publisher":{"@id":"https:\/\/empresas.infoempleo.com\/hrtrends\/#organization"},"image":{"@id":"https:\/\/empresas.infoempleo.com\/hrtrends\/rrhh-pescanova-nuestro-primer-reto-es-la-gestion-de-la-diversidad\/#primaryimage"},"thumbnailUrl":"https:\/\/empresas.infoempleo.com\/hrtrends\/media\/2018\/06\/plantilla.directores-Paco-Castano.jpg","keywords":["liderazgo","movilidad","RSC"],"articleSection":["Directores de RRHH","Entrevistas"],"inLanguage":"es","copyrightYear":"2018","copyrightHolder":{"@id":"https:\/\/empresas.infoempleo.com\/hrtrends\/#organization"}},{"@type":"WebPage","@id":"https:\/\/empresas.infoempleo.com\/hrtrends\/rrhh-pescanova-nuestro-primer-reto-es-la-gestion-de-la-diversidad\/","url":"https:\/\/empresas.infoempleo.com\/hrtrends\/rrhh-pescanova-nuestro-primer-reto-es-la-gestion-de-la-diversidad\/","name":"Entrevista a Pedro Casa\u00f1o,\u00a0Director Corporativo de Personas del Grupo Nueva Pescanova","isPartOf":{"@id":"https:\/\/empresas.infoempleo.com\/hrtrends\/#website"},"primaryImageOfPage":{"@id":"https:\/\/empresas.infoempleo.com\/hrtrends\/rrhh-pescanova-nuestro-primer-reto-es-la-gestion-de-la-diversidad\/#primaryimage"},"image":{"@id":"https:\/\/empresas.infoempleo.com\/hrtrends\/rrhh-pescanova-nuestro-primer-reto-es-la-gestion-de-la-diversidad\/#primaryimage"},"thumbnailUrl":"https:\/\/empresas.infoempleo.com\/hrtrends\/media\/2018\/06\/plantilla.directores-Paco-Castano.jpg","datePublished":"2018-06-28T06:00:30+00:00","dateModified":"2024-08-29T15:49:50+00:00","description":"Conocemos m\u00e1s los RRHH de Pescanova, una compa\u00f1\u00eda nacida en Galicia y que cuenta, s\u00f3lo en nuestro pa\u00eds, con alrededor de 1.300 personas\u00a0en plantilla.","breadcrumb":{"@id":"https:\/\/empresas.infoempleo.com\/hrtrends\/rrhh-pescanova-nuestro-primer-reto-es-la-gestion-de-la-diversidad\/#breadcrumb"},"inLanguage":"es","potentialAction":[{"@type":"ReadAction","target":["https:\/\/empresas.infoempleo.com\/hrtrends\/rrhh-pescanova-nuestro-primer-reto-es-la-gestion-de-la-diversidad\/"]}]},{"@type":"ImageObject","inLanguage":"es","@id":"https:\/\/empresas.infoempleo.com\/hrtrends\/rrhh-pescanova-nuestro-primer-reto-es-la-gestion-de-la-diversidad\/#primaryimage","url":"https:\/\/empresas.infoempleo.com\/hrtrends\/media\/2018\/06\/plantilla.directores-Paco-Castano-150x150.jpg","contentUrl":"https:\/\/empresas.infoempleo.com\/hrtrends\/media\/2018\/06\/plantilla.directores-Paco-Castano-150x150.jpg","width":150,"height":150,"caption":"Paco Casta\u00f1o Pescanova"},{"@type":"BreadcrumbList","@id":"https:\/\/empresas.infoempleo.com\/hrtrends\/rrhh-pescanova-nuestro-primer-reto-es-la-gestion-de-la-diversidad\/#breadcrumb","itemListElement":[{"@type":"ListItem","position":1,"name":"Portada","item":"https:\/\/empresas.infoempleo.com\/hrtrends\/"},{"@type":"ListItem","position":2,"name":"Dentro de Pescanova: \u00abNuestro primer reto es la gesti\u00f3n de la diversidad\u00bb"}]},{"@type":"WebSite","@id":"https:\/\/empresas.infoempleo.com\/hrtrends\/#website","url":"https:\/\/empresas.infoempleo.com\/hrtrends","name":"HRTrends by Infoempleo","description":"","publisher":{"@id":"https:\/\/empresas.infoempleo.com\/hrtrends\/#organization"},"potentialAction":{"@type":"SearchAction","target":"https:\/\/empresas.infoempleo.com\/hrtrends\/?s={search_term_string}","query-input":"required name=search_term_string"},"inLanguage":"es"},{"@type":"Organization","@id":"https:\/\/empresas.infoempleo.com\/hrtrends\/#organization","name":"Infoempleo","url":"https:\/\/www.infoempleo.com\/","logo":{"@type":"ImageObject","@id":"https:\/\/empresas.infoempleo.com\/hrtrends\/#logo","inLanguage":"es","url":"https:\/\/cdnazure.infoempleo.com\/infoempleo\/assets\/style\/gfx\/logo.svg","contentUrl":"https:\/\/cdnazure.infoempleo.com\/infoempleo\/assets\/style\/gfx\/logo.svg","width":150,"height":40,"caption":"Infoempleo"},"image":{"@id":"https:\/\/empresas.infoempleo.com\/hrtrends\/#logo"},"sameAs":["https:\/\/www.facebook.com\/Infoempleo","https:\/\/x.com\/infoempleo","http:\/\/instagram.com\/infoempleo\/","http:\/\/www.linkedin.com\/groups\/Empleo-Espa\u00f1a-Infoempleocom-111276","http:\/\/pinterest.com\/infoempleo\/"],"address":{"@type":"PostalAddress","addressLocality":"Madrid","postalCode":"28050","streetAddress":"Avenida de Burgos 114"},"brand":["Infoempleo"]},{"@type":"Person","@id":"https:\/\/empresas.infoempleo.com\/hrtrends\/#\/schema\/person\/25f571bd9b66cedb5d1cd4f2d42c270e","name":"Coral Ja\u00e9n","image":{"@type":"ImageObject","inLanguage":"es","@id":"https:\/\/empresas.infoempleo.com\/hrtrends\/#\/schema\/person\/image\/","url":"https:\/\/secure.gravatar.com\/avatar\/737427b7165c4101c641c482ffbaee438899e97a1c37d08c3fc19d05ae44aa2d?s=96&d=mm&r=g","contentUrl":"https:\/\/secure.gravatar.com\/avatar\/737427b7165c4101c641c482ffbaee438899e97a1c37d08c3fc19d05ae44aa2d?s=96&d=mm&r=g","caption":"Coral Ja\u00e9n"},"description":"Coral Ja\u00e9n es parte del equipo de marketing y comunicaci\u00f3n de Infoempleo (Grupo Vocento).","url":"https:\/\/empresas.infoempleo.com\/hrtrends\/author\/coral-jaen\/"}]}},"amp_enabled":true,"_links":{"self":[{"href":"https:\/\/empresas.infoempleo.com\/hrtrends\/wp-json\/wp\/v2\/posts\/33847","targetHints":{"allow":["GET"]}}],"collection":[{"href":"https:\/\/empresas.infoempleo.com\/hrtrends\/wp-json\/wp\/v2\/posts"}],"about":[{"href":"https:\/\/empresas.infoempleo.com\/hrtrends\/wp-json\/wp\/v2\/types\/post"}],"author":[{"embeddable":true,"href":"https:\/\/empresas.infoempleo.com\/hrtrends\/wp-json\/wp\/v2\/users\/83"}],"replies":[{"embeddable":true,"href":"https:\/\/empresas.infoempleo.com\/hrtrends\/wp-json\/wp\/v2\/comments?post=33847"}],"version-history":[{"count":2,"href":"https:\/\/empresas.infoempleo.com\/hrtrends\/wp-json\/wp\/v2\/posts\/33847\/revisions"}],"predecessor-version":[{"id":45400,"href":"https:\/\/empresas.infoempleo.com\/hrtrends\/wp-json\/wp\/v2\/posts\/33847\/revisions\/45400"}],"wp:featuredmedia":[{"embeddable":true,"href":"https:\/\/empresas.infoempleo.com\/hrtrends\/wp-json\/wp\/v2\/media\/33853"}],"wp:attachment":[{"href":"https:\/\/empresas.infoempleo.com\/hrtrends\/wp-json\/wp\/v2\/media?parent=33847"}],"wp:term":[{"taxonomy":"category","embeddable":true,"href":"https:\/\/empresas.infoempleo.com\/hrtrends\/wp-json\/wp\/v2\/categories?post=33847"},{"taxonomy":"post_tag","embeddable":true,"href":"https:\/\/empresas.infoempleo.com\/hrtrends\/wp-json\/wp\/v2\/tags?post=33847"}],"curies":[{"name":"wp","href":"https:\/\/api.w.org\/{rel}","templated":true}]}}