{"id":33835,"date":"2018-06-26T18:29:37","date_gmt":"2018-06-26T16:29:37","guid":{"rendered":"https:\/\/empresas.infoempleo.com\/hrtrends\/?p=33835"},"modified":"2024-08-29T17:50:10","modified_gmt":"2024-08-29T15:50:10","slug":"empresas-implicadas-la-jubilacion-empleados","status":"publish","type":"post","link":"https:\/\/empresas.infoempleo.com\/hrtrends\/empresas-implicadas-la-jubilacion-empleados\/","title":{"rendered":"Empresas implicadas con la jubilaci\u00f3n de sus empleados"},"content":{"rendered":"<p>\u00bfQu\u00e9 pasa con los empleados una vez se <strong>jubilan<\/strong> o <strong>prejubilan<\/strong>? Lo m\u00e1s habitual es que con la jubilaci\u00f3n termine la relaci\u00f3n con la empresa en la que trabajaban hasta ese momento, si bien las relaciones personales casi siempre perduran.<br \/>\nDe hacer menos fr\u00eda esa ruptura,\u00a0que supone el cese de actividad por haber alcanzado la edad correspondiente, se encargan en Nextep, una empresa que ha puesto en marcha una soluci\u00f3n,\u00a0<em>Retirement Solutions,<\/em> para que <strong>las empresas se involucren con sus empleados<\/strong>, m\u00e1s all\u00e1 de la relaci\u00f3n contractual que tengan.<\/p>\n<p>Hablamos con <strong>Carlos Utanda<\/strong>, uno de los responsables del proyecto para conocer m\u00e1s sobre los beneficios de este servicio.<\/p>\n<h2><strong>\u00bfC\u00f3mo surge esta idea?<\/strong><\/h2>\n<p>Los fundadores somos Carlos Utanda y C\u00e9sar Mart\u00edn, ambos con una trayectoria de m\u00e1s de quince a\u00f1os en el \u00e1mbito de los <strong>Recursos Humanos<\/strong>. La idea surgi\u00f3 en una comida informal, comentando las <strong>dificultades profesionales que encuentran las personas mayores<\/strong> y las experiencias poco satisfactorias de familiares y amigos en el momento de su jubilaci\u00f3n\u2026 Y un a\u00f1o y medio despu\u00e9s, el proyecto es una realidad.<\/p>\n<p>Aparte de los socios y colaboradores, el proyecto cuenta con el apoyo de importantes <em>partners<\/em>, como la aseguradora de salud Cigna, la ONG Save The Children o la consultora de servicios de salud y bienestar AXA ICAS, por poner s\u00f3lo algunos ejemplos. Al ser una iniciativa pionera, hemos podido elegir a profesionales y compa\u00f1\u00edas l\u00edderes en sus respectivos sectores, que nos han apoyado desde el principio y se han involucrado en la definici\u00f3n y dise\u00f1o de los servicios.<\/p>\n<p><img loading=\"lazy\" decoding=\"async\" class=\"aligncenter size-full wp-image-33842\" src=\"https:\/\/empresas.infoempleo.com\/hrtrends\/media\/2018\/06\/jubilacion-empleados.jpg\" alt=\"jubilacion de los empleados senior\" width=\"895\" height=\"440\" srcset=\"https:\/\/empresas.infoempleo.com\/hrtrends\/media\/2018\/06\/jubilacion-empleados.jpg 895w, https:\/\/empresas.infoempleo.com\/hrtrends\/media\/2018\/06\/jubilacion-empleados-300x147.jpg 300w, https:\/\/empresas.infoempleo.com\/hrtrends\/media\/2018\/06\/jubilacion-empleados-768x378.jpg 768w\" sizes=\"auto, (max-width: 895px) 100vw, 895px\" \/><\/p>\n<h2><strong>\u00bfPor qu\u00e9 consider\u00e1is que las empresas abandonan a los empleados jubilados o prejubilados?<\/strong><\/h2>\n<p>M\u00e1s que abandonar, la empresas no tienen programas o servicios que les <strong>ayuden a trabajar con el empleado y prepararlo para esta nueva etapa<\/strong>.<br \/>\nHabitualmente una vez se negocia la salida con el empleado, se pacta una cantidad y as\u00ed terminan a\u00f1os de relaci\u00f3n laboral. Nos\u00a0dirigimos a las empresas que se preocupan por el <strong>cuidado de las personas<\/strong> y les ofrecemos la posibilidad de <strong>cerrar la <\/strong><a href=\"https:\/\/empresas.infoempleo.com\/hrtrends\/employee-experience-nueva-tendencia-futuro-esfuerzos-rrhh\/\">experiencia de empleado<\/a> con un broche de oro.<\/p>\n<h2>\u00bfPor qu\u00e9 es importante hacer este tipo de acciones en empleados que ya no van a estar en la compa\u00f1\u00eda?<\/h2>\n<p>Sirve como herramienta de<a href=\"https:\/\/empresas.infoempleo.com\/hrtrends\/tag\/employer-branding\/\"> <em>employer branding<\/em>,<\/a> interno y externo, alineada con conceptos tan importantes como el reconocimiento (por ejemplo, a una trayectoria profesional) o el compromiso, habitualmente vinculados a <a href=\"https:\/\/empresas.infoempleo.com\/hrtrends\/definir-objetivos-aumentar-productividad\/\/\">productividad<\/a>.<\/p>\n<p>Organizaciones donde la <a href=\"https:\/\/empresas.infoempleo.com\/hrtrends\/consejos-no-poner-riesgo-la-reputacion-empresa\/\/\">reputaci\u00f3n corporativa<\/a> sea clave, que apuesten por una paquete de <a href=\"https:\/\/empresas.infoempleo.com\/hrtrends\/otras-retribuciones-mas-alla-del-sueldo\/\">beneficios sociales<\/a> diferenciador, y\/o que se encuentren negociando <strong>desvinculaciones<\/strong>, ya sean \u00e9stas de car\u00e1cter individual o colectivo.<\/p>\n<p>Refuerza su \u00e1rea de RSC, mejorando la huella social de las organizaciones, generando un impacto positivo en la comunidad (reducci\u00f3n del gasto p\u00fablico, optimizaci\u00f3n de los recursos econ\u00f3micos familiares\u2026)<\/p>\n<h2>\u00bfC\u00f3mo funcionan los servicios de acompa\u00f1amiento que ofrec\u00e9is?<\/h2>\n<p>Ofrecemos paquetes <strong>personalizados<\/strong>, en funci\u00f3n de los distintos perfiles de empleado. Todos en torno a un esquema de servicios que incluyen, la parte de <strong>salud y bienestar<\/strong>, la de <strong>finanzas personales<\/strong> y la de <strong>vida activa<\/strong>.\u00a0La empresa contrata el servicio durante un a\u00f1o, pudiendo renovarlo al terminar el per\u00edodo, y lo dirige al colectivo que considere.<\/p>\n<p>Trabajamos con profesionales de reconocido prestigio, m\u00e9dicos, psic\u00f3logos, abogados, asesores financieros, etc. Queremos trabajar todas las \u00e1reas que causan <strong>inquietud<\/strong> en la persona y su familia.<\/p>\n<h2>\u00bfQu\u00e9 resultados est\u00e1 teniendo?<\/h2>\n<p>Hemos lanzado el proyecto hace menos de un mes y la acogida est\u00e1 siendo realmente positiva. Estamos gratamente sorprendido de la cantidad de empresas interesadas en nuestra iniciativa y tenemos ya el compromiso en firme de alguna gran empresa para aplicarlo antes del verano.<br \/>\nCreemos firmemente en nuestro servicio, es algo totalmente nuevo y parte de nuestra labor ahora es <strong>concienciar a las empresas<\/strong> pero tambi\u00e9n a la <strong>sociedad<\/strong> de la importancia de trabajar en esta l\u00ednea.<br \/>\nConfiamos en que en los pr\u00f3ximos a\u00f1os aquellas organizaciones que demuestren un inter\u00e9s real por las personas tendr\u00e1n este servicio en su propuesta de valor al empleado.<\/p>\n","protected":false},"excerpt":{"rendered":"<p>\u00bfQu\u00e9 pasa con los empleados una vez se jubilan o prejubilan? Lo m\u00e1s habitual es que con la<a class=\"moretag\" href=\"https:\/\/empresas.infoempleo.com\/hrtrends\/empresas-implicadas-la-jubilacion-empleados\/\"> Leer m\u00e1s<\/a><\/p>\n","protected":false},"author":83,"featured_media":33843,"comment_status":"closed","ping_status":"closed","sticky":false,"template":"","format":"standard","meta":{"footnotes":""},"categories":[3015],"tags":[673,2362],"class_list":["post-33835","post","type-post","status-publish","format-standard","has-post-thumbnail","hentry","category-recruiter-branding","tag-jubilacion","tag-senior"],"yoast_head":"<!-- This site is optimized with the Yoast SEO plugin v26.1.1 - https:\/\/yoast.com\/wordpress\/plugins\/seo\/ -->\n<title>Empresas implicadas con la jubilaci\u00f3n de sus empleados | HRTRENDS<\/title>\n<meta name=\"description\" content=\"\u00bfQu\u00e9 pasa con los empleados una vez se jubilan o prejubilan? Te mostramos un servicio que ayuda a las empresas a seguir vinculadas con su talento senior.\" \/>\n<meta name=\"robots\" content=\"index, follow, max-snippet:-1, max-image-preview:large, max-video-preview:-1\" \/>\n<link rel=\"canonical\" href=\"https:\/\/empresas.infoempleo.com\/hrtrends\/empresas-implicadas-la-jubilacion-empleados\/\" \/>\n<meta property=\"og:locale\" content=\"es_ES\" \/>\n<meta property=\"og:type\" content=\"article\" \/>\n<meta property=\"og:title\" content=\"Empresas implicadas con la jubilaci\u00f3n de sus empleados | HRTRENDS\" \/>\n<meta property=\"og:description\" content=\"\u00bfQu\u00e9 pasa con los empleados una vez se jubilan o prejubilan? Te mostramos un servicio que ayuda a las empresas a seguir vinculadas con su talento senior.\" \/>\n<meta property=\"og:url\" content=\"https:\/\/empresas.infoempleo.com\/hrtrends\/empresas-implicadas-la-jubilacion-empleados\/\" \/>\n<meta property=\"og:site_name\" content=\"HRTRENDS\" \/>\n<meta property=\"article:publisher\" content=\"https:\/\/www.facebook.com\/Infoempleo\" \/>\n<meta property=\"article:published_time\" content=\"2018-06-26T16:29:37+00:00\" \/>\n<meta property=\"article:modified_time\" content=\"2024-08-29T15:50:10+00:00\" \/>\n<meta property=\"og:image\" content=\"https:\/\/empresas.infoempleo.com\/hrtrends\/media\/2018\/06\/jubilacion-empleados-2.jpg\" \/>\n\t<meta property=\"og:image:width\" content=\"900\" \/>\n\t<meta property=\"og:image:height\" content=\"600\" \/>\n\t<meta property=\"og:image:type\" content=\"image\/jpeg\" \/>\n<meta name=\"author\" content=\"Coral Ja\u00e9n\" \/>\n<meta name=\"twitter:card\" content=\"summary_large_image\" \/>\n<meta name=\"twitter:creator\" content=\"@infoempleo\" \/>\n<meta name=\"twitter:site\" content=\"@infoempleo\" \/>\n<meta name=\"twitter:label1\" content=\"Escrito por\" \/>\n\t<meta name=\"twitter:data1\" content=\"Coral Ja\u00e9n\" \/>\n\t<meta name=\"twitter:label2\" content=\"Tiempo de lectura\" \/>\n\t<meta name=\"twitter:data2\" content=\"4 minutos\" \/>\n<script type=\"application\/ld+json\" class=\"yoast-schema-graph\">{\"@context\":\"https:\/\/schema.org\",\"@graph\":[{\"@type\":\"NewsArticle\",\"@id\":\"https:\/\/empresas.infoempleo.com\/hrtrends\/empresas-implicadas-la-jubilacion-empleados\/#article\",\"isPartOf\":{\"@id\":\"https:\/\/empresas.infoempleo.com\/hrtrends\/empresas-implicadas-la-jubilacion-empleados\/\"},\"author\":{\"name\":\"Coral Ja\u00e9n\",\"@id\":\"https:\/\/empresas.infoempleo.com\/hrtrends\/#\/schema\/person\/25f571bd9b66cedb5d1cd4f2d42c270e\"},\"headline\":\"Empresas implicadas con la jubilaci\u00f3n de sus empleados\",\"datePublished\":\"2018-06-26T16:29:37+00:00\",\"dateModified\":\"2024-08-29T15:50:10+00:00\",\"mainEntityOfPage\":{\"@id\":\"https:\/\/empresas.infoempleo.com\/hrtrends\/empresas-implicadas-la-jubilacion-empleados\/\"},\"wordCount\":709,\"publisher\":{\"@id\":\"https:\/\/empresas.infoempleo.com\/hrtrends\/#organization\"},\"image\":{\"@id\":\"https:\/\/empresas.infoempleo.com\/hrtrends\/empresas-implicadas-la-jubilacion-empleados\/#primaryimage\"},\"thumbnailUrl\":\"https:\/\/empresas.infoempleo.com\/hrtrends\/media\/2018\/06\/jubilacion-empleados-2.jpg\",\"keywords\":[\"jubilaci\u00f3n\",\"s\u00e9nior\"],\"articleSection\":[\"Recruiter branding\"],\"inLanguage\":\"es\",\"copyrightYear\":\"2018\",\"copyrightHolder\":{\"@id\":\"https:\/\/empresas.infoempleo.com\/hrtrends\/#organization\"}},{\"@type\":\"WebPage\",\"@id\":\"https:\/\/empresas.infoempleo.com\/hrtrends\/empresas-implicadas-la-jubilacion-empleados\/\",\"url\":\"https:\/\/empresas.infoempleo.com\/hrtrends\/empresas-implicadas-la-jubilacion-empleados\/\",\"name\":\"Empresas implicadas con la jubilaci\u00f3n de sus empleados | HRTRENDS\",\"isPartOf\":{\"@id\":\"https:\/\/empresas.infoempleo.com\/hrtrends\/#website\"},\"primaryImageOfPage\":{\"@id\":\"https:\/\/empresas.infoempleo.com\/hrtrends\/empresas-implicadas-la-jubilacion-empleados\/#primaryimage\"},\"image\":{\"@id\":\"https:\/\/empresas.infoempleo.com\/hrtrends\/empresas-implicadas-la-jubilacion-empleados\/#primaryimage\"},\"thumbnailUrl\":\"https:\/\/empresas.infoempleo.com\/hrtrends\/media\/2018\/06\/jubilacion-empleados-2.jpg\",\"datePublished\":\"2018-06-26T16:29:37+00:00\",\"dateModified\":\"2024-08-29T15:50:10+00:00\",\"description\":\"\u00bfQu\u00e9 pasa con los empleados una vez se jubilan o prejubilan? Te mostramos un servicio que ayuda a las empresas a seguir vinculadas con su talento senior.\",\"breadcrumb\":{\"@id\":\"https:\/\/empresas.infoempleo.com\/hrtrends\/empresas-implicadas-la-jubilacion-empleados\/#breadcrumb\"},\"inLanguage\":\"es\",\"potentialAction\":[{\"@type\":\"ReadAction\",\"target\":[\"https:\/\/empresas.infoempleo.com\/hrtrends\/empresas-implicadas-la-jubilacion-empleados\/\"]}]},{\"@type\":\"ImageObject\",\"inLanguage\":\"es\",\"@id\":\"https:\/\/empresas.infoempleo.com\/hrtrends\/empresas-implicadas-la-jubilacion-empleados\/#primaryimage\",\"url\":\"https:\/\/empresas.infoempleo.com\/hrtrends\/media\/2018\/06\/jubilacion-empleados-2-150x150.jpg\",\"contentUrl\":\"https:\/\/empresas.infoempleo.com\/hrtrends\/media\/2018\/06\/jubilacion-empleados-2-150x150.jpg\",\"width\":150,\"height\":150},{\"@type\":\"BreadcrumbList\",\"@id\":\"https:\/\/empresas.infoempleo.com\/hrtrends\/empresas-implicadas-la-jubilacion-empleados\/#breadcrumb\",\"itemListElement\":[{\"@type\":\"ListItem\",\"position\":1,\"name\":\"Portada\",\"item\":\"https:\/\/empresas.infoempleo.com\/hrtrends\/\"},{\"@type\":\"ListItem\",\"position\":2,\"name\":\"Empresas implicadas con la jubilaci\u00f3n de sus empleados\"}]},{\"@type\":\"WebSite\",\"@id\":\"https:\/\/empresas.infoempleo.com\/hrtrends\/#website\",\"url\":\"https:\/\/empresas.infoempleo.com\/hrtrends\",\"name\":\"HRTrends by Infoempleo\",\"description\":\"\",\"publisher\":{\"@id\":\"https:\/\/empresas.infoempleo.com\/hrtrends\/#organization\"},\"potentialAction\":{\"@type\":\"SearchAction\",\"target\":\"https:\/\/empresas.infoempleo.com\/hrtrends\/?s={search_term_string}\",\"query-input\":\"required name=search_term_string\"},\"inLanguage\":\"es\"},{\"@type\":\"Organization\",\"@id\":\"https:\/\/empresas.infoempleo.com\/hrtrends\/#organization\",\"name\":\"Infoempleo\",\"url\":\"https:\/\/www.infoempleo.com\/\",\"logo\":{\"@type\":\"ImageObject\",\"@id\":\"https:\/\/empresas.infoempleo.com\/hrtrends\/#logo\",\"inLanguage\":\"es\",\"url\":\"https:\/\/cdnazure.infoempleo.com\/infoempleo\/assets\/style\/gfx\/logo.svg\",\"contentUrl\":\"https:\/\/cdnazure.infoempleo.com\/infoempleo\/assets\/style\/gfx\/logo.svg\",\"width\":150,\"height\":40,\"caption\":\"Infoempleo\"},\"image\":{\"@id\":\"https:\/\/empresas.infoempleo.com\/hrtrends\/#logo\"},\"sameAs\":[\"https:\/\/www.facebook.com\/Infoempleo\",\"https:\/\/x.com\/infoempleo\",\"http:\/\/instagram.com\/infoempleo\/\",\"http:\/\/www.linkedin.com\/groups\/Empleo-Espa\u00f1a-Infoempleocom-111276\",\"http:\/\/pinterest.com\/infoempleo\/\"],\"address\":{\"@type\":\"PostalAddress\",\"addressLocality\":\"Madrid\",\"postalCode\":\"28050\",\"streetAddress\":\"Avenida de Burgos 114\"},\"brand\":[\"Infoempleo\"]},{\"@type\":\"Person\",\"@id\":\"https:\/\/empresas.infoempleo.com\/hrtrends\/#\/schema\/person\/25f571bd9b66cedb5d1cd4f2d42c270e\",\"name\":\"Coral Ja\u00e9n\",\"image\":{\"@type\":\"ImageObject\",\"inLanguage\":\"es\",\"@id\":\"https:\/\/empresas.infoempleo.com\/hrtrends\/#\/schema\/person\/image\/\",\"url\":\"https:\/\/secure.gravatar.com\/avatar\/737427b7165c4101c641c482ffbaee438899e97a1c37d08c3fc19d05ae44aa2d?s=96&d=mm&r=g\",\"contentUrl\":\"https:\/\/secure.gravatar.com\/avatar\/737427b7165c4101c641c482ffbaee438899e97a1c37d08c3fc19d05ae44aa2d?s=96&d=mm&r=g\",\"caption\":\"Coral Ja\u00e9n\"},\"description\":\"Coral Ja\u00e9n es parte del equipo de marketing y comunicaci\u00f3n de Infoempleo (Grupo Vocento).\",\"url\":\"https:\/\/empresas.infoempleo.com\/hrtrends\/author\/coral-jaen\/\"}]}<\/script>\n<!-- \/ Yoast SEO plugin. -->","yoast_head_json":{"title":"Empresas implicadas con la jubilaci\u00f3n de sus empleados | HRTRENDS","description":"\u00bfQu\u00e9 pasa con los empleados una vez se jubilan o prejubilan? Te mostramos un servicio que ayuda a las empresas a seguir vinculadas con su talento senior.","robots":{"index":"index","follow":"follow","max-snippet":"max-snippet:-1","max-image-preview":"max-image-preview:large","max-video-preview":"max-video-preview:-1"},"canonical":"https:\/\/empresas.infoempleo.com\/hrtrends\/empresas-implicadas-la-jubilacion-empleados\/","og_locale":"es_ES","og_type":"article","og_title":"Empresas implicadas con la jubilaci\u00f3n de sus empleados | HRTRENDS","og_description":"\u00bfQu\u00e9 pasa con los empleados una vez se jubilan o prejubilan? Te mostramos un servicio que ayuda a las empresas a seguir vinculadas con su talento senior.","og_url":"https:\/\/empresas.infoempleo.com\/hrtrends\/empresas-implicadas-la-jubilacion-empleados\/","og_site_name":"HRTRENDS","article_publisher":"https:\/\/www.facebook.com\/Infoempleo","article_published_time":"2018-06-26T16:29:37+00:00","article_modified_time":"2024-08-29T15:50:10+00:00","og_image":[{"width":900,"height":600,"url":"https:\/\/empresas.infoempleo.com\/hrtrends\/media\/2018\/06\/jubilacion-empleados-2.jpg","type":"image\/jpeg"}],"author":"Coral Ja\u00e9n","twitter_card":"summary_large_image","twitter_creator":"@infoempleo","twitter_site":"@infoempleo","twitter_misc":{"Escrito por":"Coral Ja\u00e9n","Tiempo de lectura":"4 minutos"},"schema":{"@context":"https:\/\/schema.org","@graph":[{"@type":"NewsArticle","@id":"https:\/\/empresas.infoempleo.com\/hrtrends\/empresas-implicadas-la-jubilacion-empleados\/#article","isPartOf":{"@id":"https:\/\/empresas.infoempleo.com\/hrtrends\/empresas-implicadas-la-jubilacion-empleados\/"},"author":{"name":"Coral Ja\u00e9n","@id":"https:\/\/empresas.infoempleo.com\/hrtrends\/#\/schema\/person\/25f571bd9b66cedb5d1cd4f2d42c270e"},"headline":"Empresas implicadas con la jubilaci\u00f3n de sus empleados","datePublished":"2018-06-26T16:29:37+00:00","dateModified":"2024-08-29T15:50:10+00:00","mainEntityOfPage":{"@id":"https:\/\/empresas.infoempleo.com\/hrtrends\/empresas-implicadas-la-jubilacion-empleados\/"},"wordCount":709,"publisher":{"@id":"https:\/\/empresas.infoempleo.com\/hrtrends\/#organization"},"image":{"@id":"https:\/\/empresas.infoempleo.com\/hrtrends\/empresas-implicadas-la-jubilacion-empleados\/#primaryimage"},"thumbnailUrl":"https:\/\/empresas.infoempleo.com\/hrtrends\/media\/2018\/06\/jubilacion-empleados-2.jpg","keywords":["jubilaci\u00f3n","s\u00e9nior"],"articleSection":["Recruiter branding"],"inLanguage":"es","copyrightYear":"2018","copyrightHolder":{"@id":"https:\/\/empresas.infoempleo.com\/hrtrends\/#organization"}},{"@type":"WebPage","@id":"https:\/\/empresas.infoempleo.com\/hrtrends\/empresas-implicadas-la-jubilacion-empleados\/","url":"https:\/\/empresas.infoempleo.com\/hrtrends\/empresas-implicadas-la-jubilacion-empleados\/","name":"Empresas implicadas con la jubilaci\u00f3n de sus empleados | HRTRENDS","isPartOf":{"@id":"https:\/\/empresas.infoempleo.com\/hrtrends\/#website"},"primaryImageOfPage":{"@id":"https:\/\/empresas.infoempleo.com\/hrtrends\/empresas-implicadas-la-jubilacion-empleados\/#primaryimage"},"image":{"@id":"https:\/\/empresas.infoempleo.com\/hrtrends\/empresas-implicadas-la-jubilacion-empleados\/#primaryimage"},"thumbnailUrl":"https:\/\/empresas.infoempleo.com\/hrtrends\/media\/2018\/06\/jubilacion-empleados-2.jpg","datePublished":"2018-06-26T16:29:37+00:00","dateModified":"2024-08-29T15:50:10+00:00","description":"\u00bfQu\u00e9 pasa con los empleados una vez se jubilan o prejubilan? Te mostramos un servicio que ayuda a las empresas a seguir vinculadas con su talento senior.","breadcrumb":{"@id":"https:\/\/empresas.infoempleo.com\/hrtrends\/empresas-implicadas-la-jubilacion-empleados\/#breadcrumb"},"inLanguage":"es","potentialAction":[{"@type":"ReadAction","target":["https:\/\/empresas.infoempleo.com\/hrtrends\/empresas-implicadas-la-jubilacion-empleados\/"]}]},{"@type":"ImageObject","inLanguage":"es","@id":"https:\/\/empresas.infoempleo.com\/hrtrends\/empresas-implicadas-la-jubilacion-empleados\/#primaryimage","url":"https:\/\/empresas.infoempleo.com\/hrtrends\/media\/2018\/06\/jubilacion-empleados-2-150x150.jpg","contentUrl":"https:\/\/empresas.infoempleo.com\/hrtrends\/media\/2018\/06\/jubilacion-empleados-2-150x150.jpg","width":150,"height":150},{"@type":"BreadcrumbList","@id":"https:\/\/empresas.infoempleo.com\/hrtrends\/empresas-implicadas-la-jubilacion-empleados\/#breadcrumb","itemListElement":[{"@type":"ListItem","position":1,"name":"Portada","item":"https:\/\/empresas.infoempleo.com\/hrtrends\/"},{"@type":"ListItem","position":2,"name":"Empresas implicadas con la jubilaci\u00f3n de sus empleados"}]},{"@type":"WebSite","@id":"https:\/\/empresas.infoempleo.com\/hrtrends\/#website","url":"https:\/\/empresas.infoempleo.com\/hrtrends","name":"HRTrends by Infoempleo","description":"","publisher":{"@id":"https:\/\/empresas.infoempleo.com\/hrtrends\/#organization"},"potentialAction":{"@type":"SearchAction","target":"https:\/\/empresas.infoempleo.com\/hrtrends\/?s={search_term_string}","query-input":"required name=search_term_string"},"inLanguage":"es"},{"@type":"Organization","@id":"https:\/\/empresas.infoempleo.com\/hrtrends\/#organization","name":"Infoempleo","url":"https:\/\/www.infoempleo.com\/","logo":{"@type":"ImageObject","@id":"https:\/\/empresas.infoempleo.com\/hrtrends\/#logo","inLanguage":"es","url":"https:\/\/cdnazure.infoempleo.com\/infoempleo\/assets\/style\/gfx\/logo.svg","contentUrl":"https:\/\/cdnazure.infoempleo.com\/infoempleo\/assets\/style\/gfx\/logo.svg","width":150,"height":40,"caption":"Infoempleo"},"image":{"@id":"https:\/\/empresas.infoempleo.com\/hrtrends\/#logo"},"sameAs":["https:\/\/www.facebook.com\/Infoempleo","https:\/\/x.com\/infoempleo","http:\/\/instagram.com\/infoempleo\/","http:\/\/www.linkedin.com\/groups\/Empleo-Espa\u00f1a-Infoempleocom-111276","http:\/\/pinterest.com\/infoempleo\/"],"address":{"@type":"PostalAddress","addressLocality":"Madrid","postalCode":"28050","streetAddress":"Avenida de Burgos 114"},"brand":["Infoempleo"]},{"@type":"Person","@id":"https:\/\/empresas.infoempleo.com\/hrtrends\/#\/schema\/person\/25f571bd9b66cedb5d1cd4f2d42c270e","name":"Coral Ja\u00e9n","image":{"@type":"ImageObject","inLanguage":"es","@id":"https:\/\/empresas.infoempleo.com\/hrtrends\/#\/schema\/person\/image\/","url":"https:\/\/secure.gravatar.com\/avatar\/737427b7165c4101c641c482ffbaee438899e97a1c37d08c3fc19d05ae44aa2d?s=96&d=mm&r=g","contentUrl":"https:\/\/secure.gravatar.com\/avatar\/737427b7165c4101c641c482ffbaee438899e97a1c37d08c3fc19d05ae44aa2d?s=96&d=mm&r=g","caption":"Coral Ja\u00e9n"},"description":"Coral Ja\u00e9n es parte del equipo de marketing y comunicaci\u00f3n de Infoempleo (Grupo Vocento).","url":"https:\/\/empresas.infoempleo.com\/hrtrends\/author\/coral-jaen\/"}]}},"amp_enabled":true,"_links":{"self":[{"href":"https:\/\/empresas.infoempleo.com\/hrtrends\/wp-json\/wp\/v2\/posts\/33835","targetHints":{"allow":["GET"]}}],"collection":[{"href":"https:\/\/empresas.infoempleo.com\/hrtrends\/wp-json\/wp\/v2\/posts"}],"about":[{"href":"https:\/\/empresas.infoempleo.com\/hrtrends\/wp-json\/wp\/v2\/types\/post"}],"author":[{"embeddable":true,"href":"https:\/\/empresas.infoempleo.com\/hrtrends\/wp-json\/wp\/v2\/users\/83"}],"replies":[{"embeddable":true,"href":"https:\/\/empresas.infoempleo.com\/hrtrends\/wp-json\/wp\/v2\/comments?post=33835"}],"version-history":[{"count":1,"href":"https:\/\/empresas.infoempleo.com\/hrtrends\/wp-json\/wp\/v2\/posts\/33835\/revisions"}],"predecessor-version":[{"id":45433,"href":"https:\/\/empresas.infoempleo.com\/hrtrends\/wp-json\/wp\/v2\/posts\/33835\/revisions\/45433"}],"wp:featuredmedia":[{"embeddable":true,"href":"https:\/\/empresas.infoempleo.com\/hrtrends\/wp-json\/wp\/v2\/media\/33843"}],"wp:attachment":[{"href":"https:\/\/empresas.infoempleo.com\/hrtrends\/wp-json\/wp\/v2\/media?parent=33835"}],"wp:term":[{"taxonomy":"category","embeddable":true,"href":"https:\/\/empresas.infoempleo.com\/hrtrends\/wp-json\/wp\/v2\/categories?post=33835"},{"taxonomy":"post_tag","embeddable":true,"href":"https:\/\/empresas.infoempleo.com\/hrtrends\/wp-json\/wp\/v2\/tags?post=33835"}],"curies":[{"name":"wp","href":"https:\/\/api.w.org\/{rel}","templated":true}]}}