{"id":33745,"date":"2018-06-15T08:00:12","date_gmt":"2018-06-15T06:00:12","guid":{"rendered":"https:\/\/empresas.infoempleo.com\/hrtrends\/?p=33745"},"modified":"2025-10-21T12:06:14","modified_gmt":"2025-10-21T10:06:14","slug":"tecnoestres-afecta-empleados","status":"publish","type":"post","link":"https:\/\/empresas.infoempleo.com\/hrtrends\/tecnoestres-afecta-empleados\/","title":{"rendered":"Qu\u00e9 es el tecnoestr\u00e9s y c\u00f3mo afecta a empleados y empresas"},"content":{"rendered":"<p><span style=\"font-weight: 400\">La <\/span><b>tecnolog\u00eda ha irrumpido con fuerza<\/b><span style=\"font-weight: 400\"> en distintas \u00e1reas <\/span><b>de nuestra vida<\/b><span style=\"font-weight: 400\"> como la vivienda, el ocio, las relaciones personales o el \u00e1mbito laboral. De este modo, ordenadores, m\u00f3viles, tablets y diferentes <\/span><b>dispositivos tecnol\u00f3gicos<\/b><span style=\"font-weight: 400\"> han provocado <\/span><b>grandes cambios<\/b><span style=\"font-weight: 400\"> econ\u00f3micos, profesionales, sociales y culturales. Pocos dudan de los beneficios de esta transformaci\u00f3n, pero esto no significa que no existan <\/span><b>algunas desventajas<\/b><span style=\"font-weight: 400\">. Entre ellas, nos encontramos <\/span><b>dolencias como el tecnoestr\u00e9s<\/b><span style=\"font-weight: 400\">, un trastorno provocado por un <\/span><b>mal uso de la tecnolog\u00eda<\/b><span style=\"font-weight: 400\">.<\/span><\/p>\n<p><span style=\"font-weight: 400\">A continuaci\u00f3n, te explicamos <\/span><b>qu\u00e9 es el tecnoestr\u00e9s<\/b><span style=\"font-weight: 400\">, c\u00f3mo afecta a <\/span><b>la salud de tus trabajadores<\/b><span style=\"font-weight: 400\"> \u2013<\/span><a href=\"https:\/\/empresas.infoempleo.com\/hrtrends\/nativo-digital\/\"><span style=\"font-weight: 400\">sobre todo a la de aquellos que no son nativos digitales<\/span><\/a><span style=\"font-weight: 400\"> &#8211; y cu\u00e1les son sus <\/span><b>efectos en las compa\u00f1\u00edas<\/b><span style=\"font-weight: 400\">.<\/span><\/p>\n<h2><b>Qu\u00e9 es el tecnoestr\u00e9s<\/b><\/h2>\n<p><span style=\"font-weight: 400\">Este t\u00e9rmino est\u00e1 <\/span><b>estrechamente relacionado<\/b><span style=\"font-weight: 400\"> con el <\/span><b>mal uso de los aparatos electr\u00f3nicos<\/b><span style=\"font-weight: 400\">. Fue acu\u00f1ado por <\/span><b>la psiquiatra Craig Brod en el a\u00f1o 1984<\/b><span style=\"font-weight: 400\">, quien lo defin\u00eda como \u00abuna enfermedad causada por la falta de habilidades a la hora de usar las nuevas tecnolog\u00edas de una manera sana. Un impacto negativo en la persona que afecta a su actitud, pensamiento, comportamiento o fisiolog\u00eda\u00bb.<\/span><\/p>\n<p><img loading=\"lazy\" decoding=\"async\" class=\"alignnone size-full wp-image-33747\" src=\"https:\/\/empresas.infoempleo.com\/hrtrends\/media\/2018\/05\/HRTRENDS-Tecnoestres-465381160.jpg\" alt=\"Tecnoestr\u00e9s: qu\u00e9 es y c\u00f3mo afecta a empleados y empresas\" width=\"1140\" height=\"709\" srcset=\"https:\/\/empresas.infoempleo.com\/hrtrends\/media\/2018\/05\/HRTRENDS-Tecnoestres-465381160.jpg 1140w, https:\/\/empresas.infoempleo.com\/hrtrends\/media\/2018\/05\/HRTRENDS-Tecnoestres-465381160-300x187.jpg 300w, https:\/\/empresas.infoempleo.com\/hrtrends\/media\/2018\/05\/HRTRENDS-Tecnoestres-465381160-1024x637.jpg 1024w, https:\/\/empresas.infoempleo.com\/hrtrends\/media\/2018\/05\/HRTRENDS-Tecnoestres-465381160-768x478.jpg 768w, https:\/\/empresas.infoempleo.com\/hrtrends\/media\/2018\/05\/HRTRENDS-Tecnoestres-465381160-480x300.jpg 480w\" sizes=\"auto, (max-width: 1140px) 100vw, 1140px\" \/><\/p>\n<h2><b>C\u00f3mo se manifiesta el tecnoestr\u00e9s en las personas<\/b><\/h2>\n<p><span style=\"font-weight: 400\">Este <\/span><b>trastorno psicol\u00f3gico<\/b><span style=\"font-weight: 400\"> relacionado con <\/span><b>el mal uso de los aparatos electr\u00f3nicos<\/b><span style=\"font-weight: 400\"> provoca un <\/span><b>alto nivel de malestar,<\/b><span style=\"font-weight: 400\"> as\u00ed como <\/span><b>cuadros de ansiedad<\/b><span style=\"font-weight: 400\"> en el individuo. Es importante que, <\/span><b>desde el departamento de RRHH<\/b><span style=\"font-weight: 400\">, seas capaz de identificar los <\/span><b>diferentes tipos<\/b><span style=\"font-weight: 400\"> que existen: <\/span><\/p>\n<ul>\n<li style=\"font-weight: 400\"><b>Tecnoansiedad<\/b><span style=\"font-weight: 400\">: Es uno de los <\/span><a href=\"https:\/\/empresas.infoempleo.com\/hrtrends\/estres-trabajo\/\"><span style=\"font-weight: 400\">tipos de estr\u00e9s m\u00e1s frecuentes<\/span><\/a><span style=\"font-weight: 400\">. La persona puede llegar a experimentar <\/span><b>altos niveles de<\/b> <b>activaci\u00f3n fisiol\u00f3gica<\/b><span style=\"font-weight: 400\"> que lo conducen a <\/span><b>sufrir un miedo irracional<\/b><span style=\"font-weight: 400\">, <\/span><b>ansiedad<\/b><span style=\"font-weight: 400\"> y <\/span><b>pensamientos hostiles hacia la tecnolog\u00eda<\/b><span style=\"font-weight: 400\">.<\/span><\/li>\n<li style=\"font-weight: 400\"><b>Tecnofatiga<\/b><span style=\"font-weight: 400\">: Est\u00e1 caracterizada por <\/span><b>experimentar sensaciones nocivas<\/b><span style=\"font-weight: 400\"> tales como <\/span><b>cansancio mental<\/b><span style=\"font-weight: 400\">, <\/span><b>agotamiento<\/b><span style=\"font-weight: 400\"> o <\/span><b>escepticismo<\/b><span style=\"font-weight: 400\"> hacia los aparatos tecnol\u00f3gicos, lo cual <\/span><a href=\"https:\/\/empresas.infoempleo.com\/hrtrends\/evitar-absentismo-laboral\/\/\"><span style=\"font-weight: 400\">puede conducirlos al absentismo laboral<\/span><\/a><span style=\"font-weight: 400\">.<\/span><\/li>\n<li style=\"font-weight: 400\"><b>Tecnoadicci\u00f3n<\/b><span style=\"font-weight: 400\">: En este \u00faltimo tipo, existe una <\/span><b>obsesi\u00f3n incontrolable hacia los dispositivos electr\u00f3nicos<\/b><span style=\"font-weight: 400\">, lo cual <\/span><b>causa malestar<\/b><span style=\"font-weight: 400\"> y un <\/span><b>deterioro de la vida personal<\/b><span style=\"font-weight: 400\">.<\/span><\/li>\n<\/ul>\n<p>&nbsp;<\/p>\n<h2><b>\u00a0El tecnoestr\u00e9s y su impacto en las empresas<\/b><\/h2>\n<p><span style=\"font-weight: 400\">Pese a que <\/span><b>el tecnoestr\u00e9s puede impactar en todos los aspectos de nuestras vidas<\/b><span style=\"font-weight: 400\">, es en \u00e1mbito laboral donde m\u00e1s preocupa como problema, sobre todo a los departamentos de RRHH. <\/span><\/p>\n<p><span style=\"font-weight: 400\">Seg\u00fan <\/span><b>un estudio reciente de la Universitat Oberta de Catalunya<\/b><span style=\"font-weight: 400\">, este fen\u00f3meno se convertir\u00e1 en un <\/span><b>nuevo riesgo laboral<\/b><span style=\"font-weight: 400\"> que puede incidir negativamente en <\/span><a href=\"https:\/\/empresas.infoempleo.com\/hrtrends\/10-medidas-fomentar-bienestar-los-empleados\/\"><span style=\"font-weight: 400\">la satisfacci\u00f3n y el bienestar de los empleados<\/span><\/a><span style=\"font-weight: 400\"> y en la <\/span><a href=\"https:\/\/empresas.infoempleo.com\/hrtrends\/horas-laborales-mas-productivas\/\"><span style=\"font-weight: 400\">productividad de la compa\u00f1\u00eda<\/span><\/a><span style=\"font-weight: 400\">. Es importante, por tanto, que lo tengas en cuenta y que lleves a cabo <\/span><b>medidas de prevenci\u00f3n y detecci\u00f3n en tu empresa<\/b><span style=\"font-weight: 400\">. <\/span><\/p>\n<p><span style=\"font-weight: 400\">En definitiva, el <\/span><b>tecnoestr\u00e9s<\/b><span style=\"font-weight: 400\"> se erige como el <\/span><b>principal problema<\/b> <b>en muchas compa\u00f1\u00edas<\/b><span style=\"font-weight: 400\"> que usan las <\/span><b>nuevas tecnolog\u00edas<\/b><span style=\"font-weight: 400\"> como su <\/span><b>medio de trabajo principal<\/b><span style=\"font-weight: 400\">. Provoca ansiedad, miedo y problemas psicol\u00f3gicos a los empleados. Es importante que, como <strong>miembro del departamento de RRHH<\/strong>, conozcas bien de qu\u00e9 se trata y cu\u00e1les son sus s\u00edntomas para que puedas llevar a cabo las\u00a0<strong>medidas de prevenci\u00f3n <\/strong>adecuadas. Asimismo, es tu responsabilidad proporcionar a los trabajadores las <strong>herramientas necesarias<\/strong> para que puedan <strong>superar este trastorno<\/strong> en caso de que lleguen a desarrollarlo.<\/span><span style=\"font-weight: 400\"><br \/>\n<\/span><\/p>\n","protected":false},"excerpt":{"rendered":"<p>La tecnolog\u00eda ha irrumpido con fuerza en distintas \u00e1reas de nuestra vida como la vivienda, el ocio, las<a class=\"moretag\" href=\"https:\/\/empresas.infoempleo.com\/hrtrends\/tecnoestres-afecta-empleados\/\"> Leer m\u00e1s<\/a><\/p>\n","protected":false},"author":122,"featured_media":33746,"comment_status":"closed","ping_status":"closed","sticky":false,"template":"","format":"standard","meta":{"footnotes":""},"categories":[3],"tags":[510],"class_list":["post-33745","post","type-post","status-publish","format-standard","has-post-thumbnail","hentry","category-actualidad","tag-nuevas-tecnologias"],"yoast_head":"<!-- This site is optimized with the Yoast SEO plugin v26.1.1 - https:\/\/yoast.com\/wordpress\/plugins\/seo\/ -->\n<title>Qu\u00e9 es el tecnoestr\u00e9s y c\u00f3mo afecta a empleados y empresas<\/title>\n<meta name=\"description\" content=\"El tecnoestr\u00e9s es un problema que no solo afecta a los empleados sino tambi\u00e9n a las compa\u00f1\u00edas. Te contamos todos los detalles de este trastorno.\" \/>\n<meta name=\"robots\" content=\"index, follow, max-snippet:-1, max-image-preview:large, max-video-preview:-1\" \/>\n<link rel=\"canonical\" href=\"https:\/\/empresas.infoempleo.com\/hrtrends\/tecnoestres-afecta-empleados\/\" \/>\n<meta property=\"og:locale\" content=\"es_ES\" \/>\n<meta property=\"og:type\" content=\"article\" \/>\n<meta property=\"og:title\" content=\"Qu\u00e9 es el tecnoestr\u00e9s y c\u00f3mo afecta a empleados y empresas\" \/>\n<meta property=\"og:description\" content=\"El tecnoestr\u00e9s es un problema que no solo afecta a los empleados sino tambi\u00e9n a las compa\u00f1\u00edas. Te contamos todos los detalles de este trastorno.\" \/>\n<meta property=\"og:url\" content=\"https:\/\/empresas.infoempleo.com\/hrtrends\/tecnoestres-afecta-empleados\/\" \/>\n<meta property=\"og:site_name\" content=\"HRTRENDS\" \/>\n<meta property=\"article:publisher\" content=\"https:\/\/www.facebook.com\/Infoempleo\" \/>\n<meta property=\"article:published_time\" content=\"2018-06-15T06:00:12+00:00\" \/>\n<meta property=\"article:modified_time\" content=\"2025-10-21T10:06:14+00:00\" \/>\n<meta property=\"og:image\" content=\"https:\/\/empresas.infoempleo.com\/hrtrends\/media\/2018\/05\/HRTRENDS-Tecnoestres-603274790.jpg\" \/>\n\t<meta property=\"og:image:width\" content=\"1140\" \/>\n\t<meta property=\"og:image:height\" content=\"781\" \/>\n\t<meta property=\"og:image:type\" content=\"image\/jpeg\" \/>\n<meta name=\"author\" content=\"Adriana M.\" \/>\n<meta name=\"twitter:card\" content=\"summary_large_image\" \/>\n<meta name=\"twitter:creator\" content=\"@infoempleo\" \/>\n<meta name=\"twitter:site\" content=\"@infoempleo\" \/>\n<meta name=\"twitter:label1\" content=\"Escrito por\" \/>\n\t<meta name=\"twitter:data1\" content=\"Adriana M.\" \/>\n\t<meta name=\"twitter:label2\" content=\"Tiempo de lectura\" \/>\n\t<meta name=\"twitter:data2\" content=\"3 minutos\" \/>\n<script type=\"application\/ld+json\" class=\"yoast-schema-graph\">{\"@context\":\"https:\/\/schema.org\",\"@graph\":[{\"@type\":\"NewsArticle\",\"@id\":\"https:\/\/empresas.infoempleo.com\/hrtrends\/tecnoestres-afecta-empleados\/#article\",\"isPartOf\":{\"@id\":\"https:\/\/empresas.infoempleo.com\/hrtrends\/tecnoestres-afecta-empleados\/\"},\"author\":{\"name\":\"Adriana M.\",\"@id\":\"https:\/\/empresas.infoempleo.com\/hrtrends\/#\/schema\/person\/b1dd51edbb566a47cd8f7513fa73d223\"},\"headline\":\"Qu\u00e9 es el tecnoestr\u00e9s y c\u00f3mo afecta a empleados y empresas\",\"datePublished\":\"2018-06-15T06:00:12+00:00\",\"dateModified\":\"2025-10-21T10:06:14+00:00\",\"mainEntityOfPage\":{\"@id\":\"https:\/\/empresas.infoempleo.com\/hrtrends\/tecnoestres-afecta-empleados\/\"},\"wordCount\":566,\"publisher\":{\"@id\":\"https:\/\/empresas.infoempleo.com\/hrtrends\/#organization\"},\"image\":{\"@id\":\"https:\/\/empresas.infoempleo.com\/hrtrends\/tecnoestres-afecta-empleados\/#primaryimage\"},\"thumbnailUrl\":\"https:\/\/empresas.infoempleo.com\/hrtrends\/media\/2018\/05\/HRTRENDS-Tecnoestres-603274790.jpg\",\"keywords\":[\"nuevas tecnolog\u00edas\"],\"articleSection\":[\"Actualidad\"],\"inLanguage\":\"es\",\"copyrightYear\":\"2018\",\"copyrightHolder\":{\"@id\":\"https:\/\/empresas.infoempleo.com\/hrtrends\/#organization\"}},{\"@type\":\"WebPage\",\"@id\":\"https:\/\/empresas.infoempleo.com\/hrtrends\/tecnoestres-afecta-empleados\/\",\"url\":\"https:\/\/empresas.infoempleo.com\/hrtrends\/tecnoestres-afecta-empleados\/\",\"name\":\"Qu\u00e9 es el tecnoestr\u00e9s y c\u00f3mo afecta a empleados y empresas\",\"isPartOf\":{\"@id\":\"https:\/\/empresas.infoempleo.com\/hrtrends\/#website\"},\"primaryImageOfPage\":{\"@id\":\"https:\/\/empresas.infoempleo.com\/hrtrends\/tecnoestres-afecta-empleados\/#primaryimage\"},\"image\":{\"@id\":\"https:\/\/empresas.infoempleo.com\/hrtrends\/tecnoestres-afecta-empleados\/#primaryimage\"},\"thumbnailUrl\":\"https:\/\/empresas.infoempleo.com\/hrtrends\/media\/2018\/05\/HRTRENDS-Tecnoestres-603274790.jpg\",\"datePublished\":\"2018-06-15T06:00:12+00:00\",\"dateModified\":\"2025-10-21T10:06:14+00:00\",\"description\":\"El tecnoestr\u00e9s es un problema que no solo afecta a los empleados sino tambi\u00e9n a las compa\u00f1\u00edas. Te contamos todos los detalles de este trastorno.\",\"breadcrumb\":{\"@id\":\"https:\/\/empresas.infoempleo.com\/hrtrends\/tecnoestres-afecta-empleados\/#breadcrumb\"},\"inLanguage\":\"es\",\"potentialAction\":[{\"@type\":\"ReadAction\",\"target\":[\"https:\/\/empresas.infoempleo.com\/hrtrends\/tecnoestres-afecta-empleados\/\"]}]},{\"@type\":\"ImageObject\",\"inLanguage\":\"es\",\"@id\":\"https:\/\/empresas.infoempleo.com\/hrtrends\/tecnoestres-afecta-empleados\/#primaryimage\",\"url\":\"https:\/\/empresas.infoempleo.com\/hrtrends\/media\/2018\/05\/HRTRENDS-Tecnoestres-603274790-150x150.jpg\",\"contentUrl\":\"https:\/\/empresas.infoempleo.com\/hrtrends\/media\/2018\/05\/HRTRENDS-Tecnoestres-603274790-150x150.jpg\",\"width\":150,\"height\":150,\"caption\":\"Tecnoestr\u00e9s: qu\u00e9 es y c\u00f3mo afecta a empleados y empresas\"},{\"@type\":\"BreadcrumbList\",\"@id\":\"https:\/\/empresas.infoempleo.com\/hrtrends\/tecnoestres-afecta-empleados\/#breadcrumb\",\"itemListElement\":[{\"@type\":\"ListItem\",\"position\":1,\"name\":\"Portada\",\"item\":\"https:\/\/empresas.infoempleo.com\/hrtrends\/\"},{\"@type\":\"ListItem\",\"position\":2,\"name\":\"Qu\u00e9 es el tecnoestr\u00e9s y c\u00f3mo afecta a empleados y empresas\"}]},{\"@type\":\"WebSite\",\"@id\":\"https:\/\/empresas.infoempleo.com\/hrtrends\/#website\",\"url\":\"https:\/\/empresas.infoempleo.com\/hrtrends\",\"name\":\"HRTrends by Infoempleo\",\"description\":\"\",\"publisher\":{\"@id\":\"https:\/\/empresas.infoempleo.com\/hrtrends\/#organization\"},\"potentialAction\":{\"@type\":\"SearchAction\",\"target\":\"https:\/\/empresas.infoempleo.com\/hrtrends\/?s={search_term_string}\",\"query-input\":\"required name=search_term_string\"},\"inLanguage\":\"es\"},{\"@type\":\"Organization\",\"@id\":\"https:\/\/empresas.infoempleo.com\/hrtrends\/#organization\",\"name\":\"Infoempleo\",\"url\":\"https:\/\/www.infoempleo.com\/\",\"logo\":{\"@type\":\"ImageObject\",\"@id\":\"https:\/\/empresas.infoempleo.com\/hrtrends\/#logo\",\"inLanguage\":\"es\",\"url\":\"https:\/\/cdnazure.infoempleo.com\/infoempleo\/assets\/style\/gfx\/logo.svg\",\"contentUrl\":\"https:\/\/cdnazure.infoempleo.com\/infoempleo\/assets\/style\/gfx\/logo.svg\",\"width\":150,\"height\":40,\"caption\":\"Infoempleo\"},\"image\":{\"@id\":\"https:\/\/empresas.infoempleo.com\/hrtrends\/#logo\"},\"sameAs\":[\"https:\/\/www.facebook.com\/Infoempleo\",\"https:\/\/x.com\/infoempleo\",\"http:\/\/instagram.com\/infoempleo\/\",\"http:\/\/www.linkedin.com\/groups\/Empleo-Espa\u00f1a-Infoempleocom-111276\",\"http:\/\/pinterest.com\/infoempleo\/\"],\"address\":{\"@type\":\"PostalAddress\",\"addressLocality\":\"Madrid\",\"postalCode\":\"28050\",\"streetAddress\":\"Avenida de Burgos 114\"},\"brand\":[\"Infoempleo\"]},{\"@type\":\"Person\",\"@id\":\"https:\/\/empresas.infoempleo.com\/hrtrends\/#\/schema\/person\/b1dd51edbb566a47cd8f7513fa73d223\",\"name\":\"Adriana M.\",\"image\":{\"@type\":\"ImageObject\",\"inLanguage\":\"es\",\"@id\":\"https:\/\/empresas.infoempleo.com\/hrtrends\/#\/schema\/person\/image\/\",\"url\":\"https:\/\/secure.gravatar.com\/avatar\/243f7dd7e1db0ad0e9791be05df7d72ba5c8bf338408591753bae2fe87dae18d?s=96&d=mm&r=g\",\"contentUrl\":\"https:\/\/secure.gravatar.com\/avatar\/243f7dd7e1db0ad0e9791be05df7d72ba5c8bf338408591753bae2fe87dae18d?s=96&d=mm&r=g\",\"caption\":\"Adriana M.\"},\"description\":\"Periodista y experta en Comunicaci\u00f3n Audiovisual y Narrativa. Me encanta escribir y narrar lo que pasa a mi alrededor es mi pasi\u00f3n.\",\"url\":\"https:\/\/empresas.infoempleo.com\/hrtrends\/author\/adriana-kanvas\/\"}]}<\/script>\n<!-- \/ Yoast SEO plugin. -->","yoast_head_json":{"title":"Qu\u00e9 es el tecnoestr\u00e9s y c\u00f3mo afecta a empleados y empresas","description":"El tecnoestr\u00e9s es un problema que no solo afecta a los empleados sino tambi\u00e9n a las compa\u00f1\u00edas. Te contamos todos los detalles de este trastorno.","robots":{"index":"index","follow":"follow","max-snippet":"max-snippet:-1","max-image-preview":"max-image-preview:large","max-video-preview":"max-video-preview:-1"},"canonical":"https:\/\/empresas.infoempleo.com\/hrtrends\/tecnoestres-afecta-empleados\/","og_locale":"es_ES","og_type":"article","og_title":"Qu\u00e9 es el tecnoestr\u00e9s y c\u00f3mo afecta a empleados y empresas","og_description":"El tecnoestr\u00e9s es un problema que no solo afecta a los empleados sino tambi\u00e9n a las compa\u00f1\u00edas. Te contamos todos los detalles de este trastorno.","og_url":"https:\/\/empresas.infoempleo.com\/hrtrends\/tecnoestres-afecta-empleados\/","og_site_name":"HRTRENDS","article_publisher":"https:\/\/www.facebook.com\/Infoempleo","article_published_time":"2018-06-15T06:00:12+00:00","article_modified_time":"2025-10-21T10:06:14+00:00","og_image":[{"width":1140,"height":781,"url":"https:\/\/empresas.infoempleo.com\/hrtrends\/media\/2018\/05\/HRTRENDS-Tecnoestres-603274790.jpg","type":"image\/jpeg"}],"author":"Adriana M.","twitter_card":"summary_large_image","twitter_creator":"@infoempleo","twitter_site":"@infoempleo","twitter_misc":{"Escrito por":"Adriana M.","Tiempo de lectura":"3 minutos"},"schema":{"@context":"https:\/\/schema.org","@graph":[{"@type":"NewsArticle","@id":"https:\/\/empresas.infoempleo.com\/hrtrends\/tecnoestres-afecta-empleados\/#article","isPartOf":{"@id":"https:\/\/empresas.infoempleo.com\/hrtrends\/tecnoestres-afecta-empleados\/"},"author":{"name":"Adriana M.","@id":"https:\/\/empresas.infoempleo.com\/hrtrends\/#\/schema\/person\/b1dd51edbb566a47cd8f7513fa73d223"},"headline":"Qu\u00e9 es el tecnoestr\u00e9s y c\u00f3mo afecta a empleados y empresas","datePublished":"2018-06-15T06:00:12+00:00","dateModified":"2025-10-21T10:06:14+00:00","mainEntityOfPage":{"@id":"https:\/\/empresas.infoempleo.com\/hrtrends\/tecnoestres-afecta-empleados\/"},"wordCount":566,"publisher":{"@id":"https:\/\/empresas.infoempleo.com\/hrtrends\/#organization"},"image":{"@id":"https:\/\/empresas.infoempleo.com\/hrtrends\/tecnoestres-afecta-empleados\/#primaryimage"},"thumbnailUrl":"https:\/\/empresas.infoempleo.com\/hrtrends\/media\/2018\/05\/HRTRENDS-Tecnoestres-603274790.jpg","keywords":["nuevas tecnolog\u00edas"],"articleSection":["Actualidad"],"inLanguage":"es","copyrightYear":"2018","copyrightHolder":{"@id":"https:\/\/empresas.infoempleo.com\/hrtrends\/#organization"}},{"@type":"WebPage","@id":"https:\/\/empresas.infoempleo.com\/hrtrends\/tecnoestres-afecta-empleados\/","url":"https:\/\/empresas.infoempleo.com\/hrtrends\/tecnoestres-afecta-empleados\/","name":"Qu\u00e9 es el tecnoestr\u00e9s y c\u00f3mo afecta a empleados y empresas","isPartOf":{"@id":"https:\/\/empresas.infoempleo.com\/hrtrends\/#website"},"primaryImageOfPage":{"@id":"https:\/\/empresas.infoempleo.com\/hrtrends\/tecnoestres-afecta-empleados\/#primaryimage"},"image":{"@id":"https:\/\/empresas.infoempleo.com\/hrtrends\/tecnoestres-afecta-empleados\/#primaryimage"},"thumbnailUrl":"https:\/\/empresas.infoempleo.com\/hrtrends\/media\/2018\/05\/HRTRENDS-Tecnoestres-603274790.jpg","datePublished":"2018-06-15T06:00:12+00:00","dateModified":"2025-10-21T10:06:14+00:00","description":"El tecnoestr\u00e9s es un problema que no solo afecta a los empleados sino tambi\u00e9n a las compa\u00f1\u00edas. Te contamos todos los detalles de este trastorno.","breadcrumb":{"@id":"https:\/\/empresas.infoempleo.com\/hrtrends\/tecnoestres-afecta-empleados\/#breadcrumb"},"inLanguage":"es","potentialAction":[{"@type":"ReadAction","target":["https:\/\/empresas.infoempleo.com\/hrtrends\/tecnoestres-afecta-empleados\/"]}]},{"@type":"ImageObject","inLanguage":"es","@id":"https:\/\/empresas.infoempleo.com\/hrtrends\/tecnoestres-afecta-empleados\/#primaryimage","url":"https:\/\/empresas.infoempleo.com\/hrtrends\/media\/2018\/05\/HRTRENDS-Tecnoestres-603274790-150x150.jpg","contentUrl":"https:\/\/empresas.infoempleo.com\/hrtrends\/media\/2018\/05\/HRTRENDS-Tecnoestres-603274790-150x150.jpg","width":150,"height":150,"caption":"Tecnoestr\u00e9s: qu\u00e9 es y c\u00f3mo afecta a empleados y empresas"},{"@type":"BreadcrumbList","@id":"https:\/\/empresas.infoempleo.com\/hrtrends\/tecnoestres-afecta-empleados\/#breadcrumb","itemListElement":[{"@type":"ListItem","position":1,"name":"Portada","item":"https:\/\/empresas.infoempleo.com\/hrtrends\/"},{"@type":"ListItem","position":2,"name":"Qu\u00e9 es el tecnoestr\u00e9s y c\u00f3mo afecta a empleados y empresas"}]},{"@type":"WebSite","@id":"https:\/\/empresas.infoempleo.com\/hrtrends\/#website","url":"https:\/\/empresas.infoempleo.com\/hrtrends","name":"HRTrends by Infoempleo","description":"","publisher":{"@id":"https:\/\/empresas.infoempleo.com\/hrtrends\/#organization"},"potentialAction":{"@type":"SearchAction","target":"https:\/\/empresas.infoempleo.com\/hrtrends\/?s={search_term_string}","query-input":"required name=search_term_string"},"inLanguage":"es"},{"@type":"Organization","@id":"https:\/\/empresas.infoempleo.com\/hrtrends\/#organization","name":"Infoempleo","url":"https:\/\/www.infoempleo.com\/","logo":{"@type":"ImageObject","@id":"https:\/\/empresas.infoempleo.com\/hrtrends\/#logo","inLanguage":"es","url":"https:\/\/cdnazure.infoempleo.com\/infoempleo\/assets\/style\/gfx\/logo.svg","contentUrl":"https:\/\/cdnazure.infoempleo.com\/infoempleo\/assets\/style\/gfx\/logo.svg","width":150,"height":40,"caption":"Infoempleo"},"image":{"@id":"https:\/\/empresas.infoempleo.com\/hrtrends\/#logo"},"sameAs":["https:\/\/www.facebook.com\/Infoempleo","https:\/\/x.com\/infoempleo","http:\/\/instagram.com\/infoempleo\/","http:\/\/www.linkedin.com\/groups\/Empleo-Espa\u00f1a-Infoempleocom-111276","http:\/\/pinterest.com\/infoempleo\/"],"address":{"@type":"PostalAddress","addressLocality":"Madrid","postalCode":"28050","streetAddress":"Avenida de Burgos 114"},"brand":["Infoempleo"]},{"@type":"Person","@id":"https:\/\/empresas.infoempleo.com\/hrtrends\/#\/schema\/person\/b1dd51edbb566a47cd8f7513fa73d223","name":"Adriana M.","image":{"@type":"ImageObject","inLanguage":"es","@id":"https:\/\/empresas.infoempleo.com\/hrtrends\/#\/schema\/person\/image\/","url":"https:\/\/secure.gravatar.com\/avatar\/243f7dd7e1db0ad0e9791be05df7d72ba5c8bf338408591753bae2fe87dae18d?s=96&d=mm&r=g","contentUrl":"https:\/\/secure.gravatar.com\/avatar\/243f7dd7e1db0ad0e9791be05df7d72ba5c8bf338408591753bae2fe87dae18d?s=96&d=mm&r=g","caption":"Adriana M."},"description":"Periodista y experta en Comunicaci\u00f3n Audiovisual y Narrativa. Me encanta escribir y narrar lo que pasa a mi alrededor es mi pasi\u00f3n.","url":"https:\/\/empresas.infoempleo.com\/hrtrends\/author\/adriana-kanvas\/"}]}},"amp_enabled":true,"_links":{"self":[{"href":"https:\/\/empresas.infoempleo.com\/hrtrends\/wp-json\/wp\/v2\/posts\/33745","targetHints":{"allow":["GET"]}}],"collection":[{"href":"https:\/\/empresas.infoempleo.com\/hrtrends\/wp-json\/wp\/v2\/posts"}],"about":[{"href":"https:\/\/empresas.infoempleo.com\/hrtrends\/wp-json\/wp\/v2\/types\/post"}],"author":[{"embeddable":true,"href":"https:\/\/empresas.infoempleo.com\/hrtrends\/wp-json\/wp\/v2\/users\/122"}],"replies":[{"embeddable":true,"href":"https:\/\/empresas.infoempleo.com\/hrtrends\/wp-json\/wp\/v2\/comments?post=33745"}],"version-history":[{"count":1,"href":"https:\/\/empresas.infoempleo.com\/hrtrends\/wp-json\/wp\/v2\/posts\/33745\/revisions"}],"predecessor-version":[{"id":47135,"href":"https:\/\/empresas.infoempleo.com\/hrtrends\/wp-json\/wp\/v2\/posts\/33745\/revisions\/47135"}],"wp:featuredmedia":[{"embeddable":true,"href":"https:\/\/empresas.infoempleo.com\/hrtrends\/wp-json\/wp\/v2\/media\/33746"}],"wp:attachment":[{"href":"https:\/\/empresas.infoempleo.com\/hrtrends\/wp-json\/wp\/v2\/media?parent=33745"}],"wp:term":[{"taxonomy":"category","embeddable":true,"href":"https:\/\/empresas.infoempleo.com\/hrtrends\/wp-json\/wp\/v2\/categories?post=33745"},{"taxonomy":"post_tag","embeddable":true,"href":"https:\/\/empresas.infoempleo.com\/hrtrends\/wp-json\/wp\/v2\/tags?post=33745"}],"curies":[{"name":"wp","href":"https:\/\/api.w.org\/{rel}","templated":true}]}}