{"id":32377,"date":"2018-05-09T13:26:23","date_gmt":"2018-05-09T11:26:23","guid":{"rendered":"https:\/\/empresas.infoempleo.com\/hrtrends\/?p=32377"},"modified":"2022-12-14T12:36:44","modified_gmt":"2022-12-14T10:36:44","slug":"10-medidas-evitar-fuga-cerebros","status":"publish","type":"post","link":"https:\/\/empresas.infoempleo.com\/hrtrends\/10-medidas-evitar-fuga-cerebros\/","title":{"rendered":"10 medidas a aplicar en tu empresa para evitar la fuga de cerebros"},"content":{"rendered":"<p><span style=\"font-weight: 400;\">Los efectos de <\/span><b>la crisis en nuestro pa\u00eds<\/b><span style=\"font-weight: 400;\"> han sido devastadores y han afectado a todos los <\/span><b>niveles de nuestra sociedad<\/b><span style=\"font-weight: 400;\">. El que las empresas no sean capaces de retener talento ofreciendo <\/span><b>buenas condiciones a los j\u00f3venes<\/b><span style=\"font-weight: 400;\">, ha terminado por provocar <\/span><b>una fuga de cerebros. <\/b><\/p>\n<p><span style=\"font-weight: 400;\">No es de extra\u00f1ar que, al finalizar la Universidad, <\/span><b>las personas mejor formadas<\/b><span style=\"font-weight: 400;\"> opten por <\/span><a href=\"https:\/\/empresas.infoempleo.com\/hrtrends\/millennials-emigran-busca-empleo\/\" target=\"_blank\" rel=\"noopener\"><span style=\"font-weight: 400;\">salir al extranjero en busca de mejores oportunidades<\/span><\/a><span style=\"font-weight: 400;\"> tras encontrarse un <\/span><b>panorama laboral desolador. \u00a0<\/b><\/p>\n<h2>Espa\u00f1a, a la cola en retenci\u00f3n del talento<\/h2>\n<p><span style=\"font-weight: 400;\">Existe un \u00edndice encargado de estudiar <\/span><b>la capacidad de cada pa\u00eds<\/b><span style=\"font-weight: 400;\"> para <\/span><b>retener el talento que genera. <\/b><span style=\"font-weight: 400;\">En este sentido,<\/span> <span style=\"font-weight: 400;\">Espa\u00f1a ocupa el puesto <\/span><b>n\u00famero 83<\/b><span style=\"font-weight: 400;\">, lo cual lo sit\u00faa como <\/span><b>uno de los peores<\/b><span style=\"font-weight: 400;\">.<\/span><\/p>\n<p><span style=\"font-weight: 400;\">Para que te hagas una idea de la magnitud del problema, en nuestro pa\u00eds <strong>un 27% de los<\/strong> <\/span><b>premios extraordinarios de fin de carrera<\/b><span style=\"font-weight: 400;\"> se han visto obligados a <\/span><b>marcharse a otros pa\u00edses para labrarse un futuro.<\/b><\/p>\n<p><span style=\"font-weight: 400;\">En cambio, pa\u00edses como <\/span><b>Suiza o Estados Unidos<\/b><span style=\"font-weight: 400;\"> son capaces de <\/span><b>retener casi un 100%<\/b> <b>de todo el talento<\/b><span style=\"font-weight: 400;\"> que generan sus universidades. <\/span><\/p>\n<p><span style=\"font-weight: 400;\">Adem\u00e1s, en este estudio que realiza anualmente el<\/span><b> Foro Econ\u00f3mico Mundial<\/b><span style=\"font-weight: 400;\">, tambi\u00e9n se valora la capacidad de <\/span><b>captar talentos extranjeros<\/b><span style=\"font-weight: 400;\">, aspecto en el que Espa\u00f1a tambi\u00e9n <\/span><b>se encuentra a la cola<\/b><span style=\"font-weight: 400;\">.<\/span><\/p>\n<p><img loading=\"lazy\" decoding=\"async\" class=\"aligncenter wp-image-32441\" title=\"Fuga de cerebros en Espa\u00f1a, medidas a aplicar\" src=\"https:\/\/empresas.infoempleo.com\/hrtrends\/media\/2018\/05\/pexels-photo-1008155.jpeg\" alt=\"Fuga de cerebros en Espa\u00f1a, medidas a aplicar\" width=\"600\" height=\"399\" srcset=\"https:\/\/empresas.infoempleo.com\/hrtrends\/media\/2018\/05\/pexels-photo-1008155.jpeg 900w, https:\/\/empresas.infoempleo.com\/hrtrends\/media\/2018\/05\/pexels-photo-1008155-300x200.jpeg 300w, https:\/\/empresas.infoempleo.com\/hrtrends\/media\/2018\/05\/pexels-photo-1008155-768x511.jpeg 768w\" sizes=\"auto, (max-width: 600px) 100vw, 600px\" \/><\/p>\n<h2><b>C\u00f3mo evitar la fuga de cerebros desde las empresas<\/b><\/h2>\n<p><span style=\"font-weight: 400;\">Tanto a <\/span><b>la econom\u00eda del pa\u00eds<\/b><span style=\"font-weight: 400;\"> como a las empresas, <\/span><a href=\"https:\/\/empresas.infoempleo.com\/hrtrends\/causas-de-la-fuga-de-talentos-en-una-empresa\/\" target=\"_blank\" rel=\"noopener\"><span style=\"font-weight: 400;\">les interesa retener talentos<\/span><\/a><span style=\"font-weight: 400;\"> para garantizar el <\/span><b>crecimiento del tejido empresarial<\/b> <b>espa\u00f1ol<\/b><span style=\"font-weight: 400;\">. Invertir en <\/span><b>I+D+I<\/b><span style=\"font-weight: 400;\"> y <\/span><b>cuidar de los trabajadores<\/b><span style=\"font-weight: 400;\"> son dos acciones clave. Veamos qu\u00e9 puedes proponer desde el <\/span><b>departamento de Recursos Humanos<\/b><span style=\"font-weight: 400;\"> para evitar la <\/span><b>fuga de cerebros<\/b><span style=\"font-weight: 400;\">:<\/span><\/p>\n<ul>\n<li><span style=\"font-weight: 400;\"><strong>Proporcionar a los empleados<\/strong> <\/span><b>retos profesionales<\/b><span style=\"font-weight: 400;\"> acordes con su talento: Es muy importante que estos trabajadores que han estado <\/span>form\u00e1ndose durante tanto tiempo<span style=\"font-weight: 400;\"> est\u00e9n realizando <\/span>tareas relacionadas con sus estudios<span style=\"font-weight: 400;\">. De este modo <\/span>se sentir\u00e1n realizados<span style=\"font-weight: 400;\">.<\/span><\/li>\n<li><strong>Facilitarles el acceso a <\/strong><a href=\"https:\/\/www.avanzaentucarrera.com\/formacion\/\" target=\"_blank\" rel=\"noopener\"><b>formaci\u00f3n profesional relevante<\/b><\/a><span style=\"font-weight: 400;\">: Para las <\/span>personas con talento<span style=\"font-weight: 400;\">, es clave <\/span>seguir absorbiendo conocimientos<span style=\"font-weight: 400;\">, de modo que si desde la empresa les facilitas seguir form\u00e1ndose estar\u00e1n <\/span>enormemente motivados<span style=\"font-weight: 400;\">.<\/span><\/li>\n<li><b>Tener una buena pol\u00edtica de promoci\u00f3n:<\/b><span style=\"font-weight: 400;\"> Que los empleados sepan que <\/span>tienen opciones de crecer en la empresa es un gran incentivo que los fidelizar\u00e1 y los animar\u00e1 a permanecer en la compa\u00f1\u00eda y ser m\u00e1s productivos.<\/li>\n<li><b>Ofrecerles un sueldo acorde con su talento: <\/b><span style=\"font-weight: 400;\">Aunque <\/span>la n\u00f3mina no es lo m\u00e1s importante<span style=\"font-weight: 400;\"> para hacer que un trabajador <\/span>se sienta valorado<span style=\"font-weight: 400;\">, s\u00ed es cierto que los empleados deben ver que <\/span>su salario se corresponde<span style=\"font-weight: 400;\"> con las tareas que realizan y con todo lo que <\/span>aportan a la organizaci\u00f3n<span style=\"font-weight: 400;\">.<\/span><\/li>\n<\/ul>\n<h2>Otras acciones que pueden ayudar<\/h2>\n<ul>\n<li><a href=\"https:\/\/empresas.infoempleo.com\/hrtrends\/7-acciones-mejorar-clima-laboral-empresa-rapidamente\/\/\" target=\"_blank\" rel=\"noopener\"><b>Proporcionar un buen clima laboral<\/b><\/a><b>: <\/b><span style=\"font-weight: 400;\">Los trabajadores deben sentirse <\/span>c\u00f3modos y en sinton\u00eda<span style=\"font-weight: 400;\"> con todos los <\/span>miembros de su equipo<span style=\"font-weight: 400;\">. Un mal ambiente puede generar <\/span>mucho malestar en los empleados<span style=\"font-weight: 400;\">.<\/span><\/li>\n<li><b>Comunicaci\u00f3n interna y<\/b> <b>feedback positivo<\/b><span style=\"font-weight: 400;\">:<\/span> Para sentirse satisfecho y realizado, el empleado debe obtener, por parte de sus superiores, la confirmaci\u00f3n de que est\u00e1 realizando un trabajo excelente. De lo contrario perder\u00e1 la motivaci\u00f3n.<\/li>\n<li><b>Buenas condiciones laborales: <\/b>Esto es casi m\u00e1s importante que el salario. Si un trabajador con talento recibe facilidades por parte de su empresa, se sentir\u00e1 m\u00e1s valorado. No tendr\u00e1 la tentaci\u00f3n de irse a pa\u00edses que sabe que, por lo general, ofrecen mejores condiciones.<\/li>\n<li><strong>Evitar la <\/strong><b>monoton\u00eda<\/b><span style=\"font-weight: 400;\">: El empleado con talento que ha estado <\/span>mucho tiempo form\u00e1ndose quiere tener un trabajo din\u00e1mico que le permita seguir aprendiendo. Los desaf\u00edos son muy importantes para que se sienta realizado.<\/li>\n<li><b>Fomentar su<\/b> <b>autonom\u00eda y capacidad de liderazgo<\/b><span style=\"font-weight: 400;\">:<\/span> Es imprescindible para los trabajadores sentir que sus superiores conf\u00edan en ellos y que tienen suficiente margen de maniobra como para tomar decisiones con respecto a sus propias tareas.<\/li>\n<li><b>Crear una cultura de trabajo ganadora<\/b><span style=\"font-weight: 400;\">:<\/span> Los responsables de la empresa deben de crear una cultura corporativa con la que el empleado se sienta plenamente identificado. El trabajador debe percibir que sus \u00e9xitos son el mayor valor de la compa\u00f1\u00eda.<\/li>\n<\/ul>\n<p><span style=\"font-weight: 400;\">Actualmente, la fuga de cerebros est\u00e1 afectando de forma muy negativa a la econom\u00eda del pa\u00eds y tambi\u00e9n a las empresas. Ahora que ya conoces <\/span><b>algunas medidas para evitarla<\/b><span style=\"font-weight: 400;\"> no dudes en ponerlas en marcha.<\/span><\/p>\n","protected":false},"excerpt":{"rendered":"<p>Los efectos de la crisis en nuestro pa\u00eds han sido devastadores y han afectado a todos los niveles<a class=\"moretag\" href=\"https:\/\/empresas.infoempleo.com\/hrtrends\/10-medidas-evitar-fuga-cerebros\/\"> Leer m\u00e1s<\/a><\/p>\n","protected":false},"author":122,"featured_media":32443,"comment_status":"closed","ping_status":"open","sticky":false,"template":"","format":"standard","meta":{"footnotes":""},"categories":[3035],"tags":[409,1387,311],"class_list":["post-32377","post","type-post","status-publish","format-standard","has-post-thumbnail","hentry","category-consejos","tag-equipo","tag-movilidad","tag-rotacion"],"yoast_head":"<!-- This site is optimized with the Yoast SEO plugin v26.1.1 - https:\/\/yoast.com\/wordpress\/plugins\/seo\/ -->\n<title>10 medidas a aplicar en tu empresa para evitar la fuga de cerebros<\/title>\n<meta name=\"description\" content=\"La fuga de cerebros es una realidad en Espa\u00f1a y supone un problema para las empresas, pues dejan escapar talentos. \u00a1Descubre c\u00f3mo evitarlo!\" \/>\n<meta name=\"robots\" content=\"index, follow, max-snippet:-1, max-image-preview:large, max-video-preview:-1\" \/>\n<link rel=\"canonical\" href=\"https:\/\/empresas.infoempleo.com\/hrtrends\/10-medidas-evitar-fuga-cerebros\/\" \/>\n<meta property=\"og:locale\" content=\"es_ES\" \/>\n<meta property=\"og:type\" content=\"article\" \/>\n<meta property=\"og:title\" content=\"10 medidas a aplicar en tu empresa para evitar la fuga de cerebros\" \/>\n<meta property=\"og:description\" content=\"La fuga de cerebros es una realidad en Espa\u00f1a y supone un problema para las empresas, pues dejan escapar talentos. \u00a1Descubre c\u00f3mo evitarlo!\" \/>\n<meta property=\"og:url\" content=\"https:\/\/empresas.infoempleo.com\/hrtrends\/10-medidas-evitar-fuga-cerebros\/\" \/>\n<meta property=\"og:site_name\" content=\"HRTRENDS\" \/>\n<meta property=\"article:publisher\" content=\"https:\/\/www.facebook.com\/Infoempleo\" \/>\n<meta property=\"article:published_time\" content=\"2018-05-09T11:26:23+00:00\" \/>\n<meta property=\"article:modified_time\" content=\"2022-12-14T10:36:44+00:00\" \/>\n<meta property=\"og:image\" content=\"https:\/\/empresas.infoempleo.com\/hrtrends\/media\/2018\/05\/ThinkstockPhotos-674505228.jpg\" \/>\n\t<meta property=\"og:image:width\" content=\"1140\" \/>\n\t<meta property=\"og:image:height\" content=\"760\" \/>\n\t<meta property=\"og:image:type\" content=\"image\/jpeg\" \/>\n<meta name=\"author\" content=\"Adriana M.\" \/>\n<meta name=\"twitter:card\" content=\"summary_large_image\" \/>\n<meta name=\"twitter:creator\" content=\"@infoempleo\" \/>\n<meta name=\"twitter:site\" content=\"@infoempleo\" \/>\n<meta name=\"twitter:label1\" content=\"Escrito por\" \/>\n\t<meta name=\"twitter:data1\" content=\"Adriana M.\" \/>\n\t<meta name=\"twitter:label2\" content=\"Tiempo de lectura\" \/>\n\t<meta name=\"twitter:data2\" content=\"4 minutos\" \/>\n<script type=\"application\/ld+json\" class=\"yoast-schema-graph\">{\"@context\":\"https:\/\/schema.org\",\"@graph\":[{\"@type\":\"NewsArticle\",\"@id\":\"https:\/\/empresas.infoempleo.com\/hrtrends\/10-medidas-evitar-fuga-cerebros\/#article\",\"isPartOf\":{\"@id\":\"https:\/\/empresas.infoempleo.com\/hrtrends\/10-medidas-evitar-fuga-cerebros\/\"},\"author\":{\"name\":\"Adriana M.\",\"@id\":\"https:\/\/empresas.infoempleo.com\/hrtrends\/#\/schema\/person\/b1dd51edbb566a47cd8f7513fa73d223\"},\"headline\":\"10 medidas a aplicar en tu empresa para evitar la fuga de cerebros\",\"datePublished\":\"2018-05-09T11:26:23+00:00\",\"dateModified\":\"2022-12-14T10:36:44+00:00\",\"mainEntityOfPage\":{\"@id\":\"https:\/\/empresas.infoempleo.com\/hrtrends\/10-medidas-evitar-fuga-cerebros\/\"},\"wordCount\":742,\"publisher\":{\"@id\":\"https:\/\/empresas.infoempleo.com\/hrtrends\/#organization\"},\"image\":{\"@id\":\"https:\/\/empresas.infoempleo.com\/hrtrends\/10-medidas-evitar-fuga-cerebros\/#primaryimage\"},\"thumbnailUrl\":\"https:\/\/empresas.infoempleo.com\/hrtrends\/media\/2018\/05\/ThinkstockPhotos-674505228.jpg\",\"keywords\":[\"equipo\",\"movilidad\",\"rotaci\u00f3n\"],\"articleSection\":[\"Consejos\"],\"inLanguage\":\"es\",\"copyrightYear\":\"2018\",\"copyrightHolder\":{\"@id\":\"https:\/\/empresas.infoempleo.com\/hrtrends\/#organization\"}},{\"@type\":\"WebPage\",\"@id\":\"https:\/\/empresas.infoempleo.com\/hrtrends\/10-medidas-evitar-fuga-cerebros\/\",\"url\":\"https:\/\/empresas.infoempleo.com\/hrtrends\/10-medidas-evitar-fuga-cerebros\/\",\"name\":\"10 medidas a aplicar en tu empresa para evitar la fuga de cerebros\",\"isPartOf\":{\"@id\":\"https:\/\/empresas.infoempleo.com\/hrtrends\/#website\"},\"primaryImageOfPage\":{\"@id\":\"https:\/\/empresas.infoempleo.com\/hrtrends\/10-medidas-evitar-fuga-cerebros\/#primaryimage\"},\"image\":{\"@id\":\"https:\/\/empresas.infoempleo.com\/hrtrends\/10-medidas-evitar-fuga-cerebros\/#primaryimage\"},\"thumbnailUrl\":\"https:\/\/empresas.infoempleo.com\/hrtrends\/media\/2018\/05\/ThinkstockPhotos-674505228.jpg\",\"datePublished\":\"2018-05-09T11:26:23+00:00\",\"dateModified\":\"2022-12-14T10:36:44+00:00\",\"description\":\"La fuga de cerebros es una realidad en Espa\u00f1a y supone un problema para las empresas, pues dejan escapar talentos. \u00a1Descubre c\u00f3mo evitarlo!\",\"breadcrumb\":{\"@id\":\"https:\/\/empresas.infoempleo.com\/hrtrends\/10-medidas-evitar-fuga-cerebros\/#breadcrumb\"},\"inLanguage\":\"es\",\"potentialAction\":[{\"@type\":\"ReadAction\",\"target\":[\"https:\/\/empresas.infoempleo.com\/hrtrends\/10-medidas-evitar-fuga-cerebros\/\"]}]},{\"@type\":\"ImageObject\",\"inLanguage\":\"es\",\"@id\":\"https:\/\/empresas.infoempleo.com\/hrtrends\/10-medidas-evitar-fuga-cerebros\/#primaryimage\",\"url\":\"https:\/\/empresas.infoempleo.com\/hrtrends\/media\/2018\/05\/ThinkstockPhotos-674505228-150x150.jpg\",\"contentUrl\":\"https:\/\/empresas.infoempleo.com\/hrtrends\/media\/2018\/05\/ThinkstockPhotos-674505228-150x150.jpg\",\"width\":150,\"height\":150,\"caption\":\"Consejos para evitar la fuga de cerebros\"},{\"@type\":\"BreadcrumbList\",\"@id\":\"https:\/\/empresas.infoempleo.com\/hrtrends\/10-medidas-evitar-fuga-cerebros\/#breadcrumb\",\"itemListElement\":[{\"@type\":\"ListItem\",\"position\":1,\"name\":\"Portada\",\"item\":\"https:\/\/empresas.infoempleo.com\/hrtrends\/\"},{\"@type\":\"ListItem\",\"position\":2,\"name\":\"10 medidas a aplicar en tu empresa para evitar la fuga de cerebros\"}]},{\"@type\":\"WebSite\",\"@id\":\"https:\/\/empresas.infoempleo.com\/hrtrends\/#website\",\"url\":\"https:\/\/empresas.infoempleo.com\/hrtrends\",\"name\":\"HRTrends by Infoempleo\",\"description\":\"\",\"publisher\":{\"@id\":\"https:\/\/empresas.infoempleo.com\/hrtrends\/#organization\"},\"potentialAction\":{\"@type\":\"SearchAction\",\"target\":\"https:\/\/empresas.infoempleo.com\/hrtrends\/?s={search_term_string}\",\"query-input\":\"required name=search_term_string\"},\"inLanguage\":\"es\"},{\"@type\":\"Organization\",\"@id\":\"https:\/\/empresas.infoempleo.com\/hrtrends\/#organization\",\"name\":\"Infoempleo\",\"url\":\"https:\/\/www.infoempleo.com\/\",\"logo\":{\"@type\":\"ImageObject\",\"@id\":\"https:\/\/empresas.infoempleo.com\/hrtrends\/#logo\",\"inLanguage\":\"es\",\"url\":\"https:\/\/cdnazure.infoempleo.com\/infoempleo\/assets\/style\/gfx\/logo.svg\",\"contentUrl\":\"https:\/\/cdnazure.infoempleo.com\/infoempleo\/assets\/style\/gfx\/logo.svg\",\"width\":150,\"height\":40,\"caption\":\"Infoempleo\"},\"image\":{\"@id\":\"https:\/\/empresas.infoempleo.com\/hrtrends\/#logo\"},\"sameAs\":[\"https:\/\/www.facebook.com\/Infoempleo\",\"https:\/\/x.com\/infoempleo\",\"http:\/\/instagram.com\/infoempleo\/\",\"http:\/\/www.linkedin.com\/groups\/Empleo-Espa\u00f1a-Infoempleocom-111276\",\"http:\/\/pinterest.com\/infoempleo\/\"],\"address\":{\"@type\":\"PostalAddress\",\"addressLocality\":\"Madrid\",\"postalCode\":\"28050\",\"streetAddress\":\"Avenida de Burgos 114\"},\"brand\":[\"Infoempleo\"]},{\"@type\":\"Person\",\"@id\":\"https:\/\/empresas.infoempleo.com\/hrtrends\/#\/schema\/person\/b1dd51edbb566a47cd8f7513fa73d223\",\"name\":\"Adriana M.\",\"image\":{\"@type\":\"ImageObject\",\"inLanguage\":\"es\",\"@id\":\"https:\/\/empresas.infoempleo.com\/hrtrends\/#\/schema\/person\/image\/\",\"url\":\"https:\/\/secure.gravatar.com\/avatar\/243f7dd7e1db0ad0e9791be05df7d72ba5c8bf338408591753bae2fe87dae18d?s=96&d=mm&r=g\",\"contentUrl\":\"https:\/\/secure.gravatar.com\/avatar\/243f7dd7e1db0ad0e9791be05df7d72ba5c8bf338408591753bae2fe87dae18d?s=96&d=mm&r=g\",\"caption\":\"Adriana M.\"},\"description\":\"Periodista y experta en Comunicaci\u00f3n Audiovisual y Narrativa. Me encanta escribir y narrar lo que pasa a mi alrededor es mi pasi\u00f3n.\",\"url\":\"https:\/\/empresas.infoempleo.com\/hrtrends\/author\/adriana-kanvas\/\"}]}<\/script>\n<!-- \/ Yoast SEO plugin. -->","yoast_head_json":{"title":"10 medidas a aplicar en tu empresa para evitar la fuga de cerebros","description":"La fuga de cerebros es una realidad en Espa\u00f1a y supone un problema para las empresas, pues dejan escapar talentos. \u00a1Descubre c\u00f3mo evitarlo!","robots":{"index":"index","follow":"follow","max-snippet":"max-snippet:-1","max-image-preview":"max-image-preview:large","max-video-preview":"max-video-preview:-1"},"canonical":"https:\/\/empresas.infoempleo.com\/hrtrends\/10-medidas-evitar-fuga-cerebros\/","og_locale":"es_ES","og_type":"article","og_title":"10 medidas a aplicar en tu empresa para evitar la fuga de cerebros","og_description":"La fuga de cerebros es una realidad en Espa\u00f1a y supone un problema para las empresas, pues dejan escapar talentos. \u00a1Descubre c\u00f3mo evitarlo!","og_url":"https:\/\/empresas.infoempleo.com\/hrtrends\/10-medidas-evitar-fuga-cerebros\/","og_site_name":"HRTRENDS","article_publisher":"https:\/\/www.facebook.com\/Infoempleo","article_published_time":"2018-05-09T11:26:23+00:00","article_modified_time":"2022-12-14T10:36:44+00:00","og_image":[{"width":1140,"height":760,"url":"https:\/\/empresas.infoempleo.com\/hrtrends\/media\/2018\/05\/ThinkstockPhotos-674505228.jpg","type":"image\/jpeg"}],"author":"Adriana M.","twitter_card":"summary_large_image","twitter_creator":"@infoempleo","twitter_site":"@infoempleo","twitter_misc":{"Escrito por":"Adriana M.","Tiempo de lectura":"4 minutos"},"schema":{"@context":"https:\/\/schema.org","@graph":[{"@type":"NewsArticle","@id":"https:\/\/empresas.infoempleo.com\/hrtrends\/10-medidas-evitar-fuga-cerebros\/#article","isPartOf":{"@id":"https:\/\/empresas.infoempleo.com\/hrtrends\/10-medidas-evitar-fuga-cerebros\/"},"author":{"name":"Adriana M.","@id":"https:\/\/empresas.infoempleo.com\/hrtrends\/#\/schema\/person\/b1dd51edbb566a47cd8f7513fa73d223"},"headline":"10 medidas a aplicar en tu empresa para evitar la fuga de cerebros","datePublished":"2018-05-09T11:26:23+00:00","dateModified":"2022-12-14T10:36:44+00:00","mainEntityOfPage":{"@id":"https:\/\/empresas.infoempleo.com\/hrtrends\/10-medidas-evitar-fuga-cerebros\/"},"wordCount":742,"publisher":{"@id":"https:\/\/empresas.infoempleo.com\/hrtrends\/#organization"},"image":{"@id":"https:\/\/empresas.infoempleo.com\/hrtrends\/10-medidas-evitar-fuga-cerebros\/#primaryimage"},"thumbnailUrl":"https:\/\/empresas.infoempleo.com\/hrtrends\/media\/2018\/05\/ThinkstockPhotos-674505228.jpg","keywords":["equipo","movilidad","rotaci\u00f3n"],"articleSection":["Consejos"],"inLanguage":"es","copyrightYear":"2018","copyrightHolder":{"@id":"https:\/\/empresas.infoempleo.com\/hrtrends\/#organization"}},{"@type":"WebPage","@id":"https:\/\/empresas.infoempleo.com\/hrtrends\/10-medidas-evitar-fuga-cerebros\/","url":"https:\/\/empresas.infoempleo.com\/hrtrends\/10-medidas-evitar-fuga-cerebros\/","name":"10 medidas a aplicar en tu empresa para evitar la fuga de cerebros","isPartOf":{"@id":"https:\/\/empresas.infoempleo.com\/hrtrends\/#website"},"primaryImageOfPage":{"@id":"https:\/\/empresas.infoempleo.com\/hrtrends\/10-medidas-evitar-fuga-cerebros\/#primaryimage"},"image":{"@id":"https:\/\/empresas.infoempleo.com\/hrtrends\/10-medidas-evitar-fuga-cerebros\/#primaryimage"},"thumbnailUrl":"https:\/\/empresas.infoempleo.com\/hrtrends\/media\/2018\/05\/ThinkstockPhotos-674505228.jpg","datePublished":"2018-05-09T11:26:23+00:00","dateModified":"2022-12-14T10:36:44+00:00","description":"La fuga de cerebros es una realidad en Espa\u00f1a y supone un problema para las empresas, pues dejan escapar talentos. \u00a1Descubre c\u00f3mo evitarlo!","breadcrumb":{"@id":"https:\/\/empresas.infoempleo.com\/hrtrends\/10-medidas-evitar-fuga-cerebros\/#breadcrumb"},"inLanguage":"es","potentialAction":[{"@type":"ReadAction","target":["https:\/\/empresas.infoempleo.com\/hrtrends\/10-medidas-evitar-fuga-cerebros\/"]}]},{"@type":"ImageObject","inLanguage":"es","@id":"https:\/\/empresas.infoempleo.com\/hrtrends\/10-medidas-evitar-fuga-cerebros\/#primaryimage","url":"https:\/\/empresas.infoempleo.com\/hrtrends\/media\/2018\/05\/ThinkstockPhotos-674505228-150x150.jpg","contentUrl":"https:\/\/empresas.infoempleo.com\/hrtrends\/media\/2018\/05\/ThinkstockPhotos-674505228-150x150.jpg","width":150,"height":150,"caption":"Consejos para evitar la fuga de cerebros"},{"@type":"BreadcrumbList","@id":"https:\/\/empresas.infoempleo.com\/hrtrends\/10-medidas-evitar-fuga-cerebros\/#breadcrumb","itemListElement":[{"@type":"ListItem","position":1,"name":"Portada","item":"https:\/\/empresas.infoempleo.com\/hrtrends\/"},{"@type":"ListItem","position":2,"name":"10 medidas a aplicar en tu empresa para evitar la fuga de cerebros"}]},{"@type":"WebSite","@id":"https:\/\/empresas.infoempleo.com\/hrtrends\/#website","url":"https:\/\/empresas.infoempleo.com\/hrtrends","name":"HRTrends by Infoempleo","description":"","publisher":{"@id":"https:\/\/empresas.infoempleo.com\/hrtrends\/#organization"},"potentialAction":{"@type":"SearchAction","target":"https:\/\/empresas.infoempleo.com\/hrtrends\/?s={search_term_string}","query-input":"required name=search_term_string"},"inLanguage":"es"},{"@type":"Organization","@id":"https:\/\/empresas.infoempleo.com\/hrtrends\/#organization","name":"Infoempleo","url":"https:\/\/www.infoempleo.com\/","logo":{"@type":"ImageObject","@id":"https:\/\/empresas.infoempleo.com\/hrtrends\/#logo","inLanguage":"es","url":"https:\/\/cdnazure.infoempleo.com\/infoempleo\/assets\/style\/gfx\/logo.svg","contentUrl":"https:\/\/cdnazure.infoempleo.com\/infoempleo\/assets\/style\/gfx\/logo.svg","width":150,"height":40,"caption":"Infoempleo"},"image":{"@id":"https:\/\/empresas.infoempleo.com\/hrtrends\/#logo"},"sameAs":["https:\/\/www.facebook.com\/Infoempleo","https:\/\/x.com\/infoempleo","http:\/\/instagram.com\/infoempleo\/","http:\/\/www.linkedin.com\/groups\/Empleo-Espa\u00f1a-Infoempleocom-111276","http:\/\/pinterest.com\/infoempleo\/"],"address":{"@type":"PostalAddress","addressLocality":"Madrid","postalCode":"28050","streetAddress":"Avenida de Burgos 114"},"brand":["Infoempleo"]},{"@type":"Person","@id":"https:\/\/empresas.infoempleo.com\/hrtrends\/#\/schema\/person\/b1dd51edbb566a47cd8f7513fa73d223","name":"Adriana M.","image":{"@type":"ImageObject","inLanguage":"es","@id":"https:\/\/empresas.infoempleo.com\/hrtrends\/#\/schema\/person\/image\/","url":"https:\/\/secure.gravatar.com\/avatar\/243f7dd7e1db0ad0e9791be05df7d72ba5c8bf338408591753bae2fe87dae18d?s=96&d=mm&r=g","contentUrl":"https:\/\/secure.gravatar.com\/avatar\/243f7dd7e1db0ad0e9791be05df7d72ba5c8bf338408591753bae2fe87dae18d?s=96&d=mm&r=g","caption":"Adriana M."},"description":"Periodista y experta en Comunicaci\u00f3n Audiovisual y Narrativa. Me encanta escribir y narrar lo que pasa a mi alrededor es mi pasi\u00f3n.","url":"https:\/\/empresas.infoempleo.com\/hrtrends\/author\/adriana-kanvas\/"}]}},"amp_enabled":true,"_links":{"self":[{"href":"https:\/\/empresas.infoempleo.com\/hrtrends\/wp-json\/wp\/v2\/posts\/32377","targetHints":{"allow":["GET"]}}],"collection":[{"href":"https:\/\/empresas.infoempleo.com\/hrtrends\/wp-json\/wp\/v2\/posts"}],"about":[{"href":"https:\/\/empresas.infoempleo.com\/hrtrends\/wp-json\/wp\/v2\/types\/post"}],"author":[{"embeddable":true,"href":"https:\/\/empresas.infoempleo.com\/hrtrends\/wp-json\/wp\/v2\/users\/122"}],"replies":[{"embeddable":true,"href":"https:\/\/empresas.infoempleo.com\/hrtrends\/wp-json\/wp\/v2\/comments?post=32377"}],"version-history":[{"count":2,"href":"https:\/\/empresas.infoempleo.com\/hrtrends\/wp-json\/wp\/v2\/posts\/32377\/revisions"}],"predecessor-version":[{"id":41683,"href":"https:\/\/empresas.infoempleo.com\/hrtrends\/wp-json\/wp\/v2\/posts\/32377\/revisions\/41683"}],"wp:featuredmedia":[{"embeddable":true,"href":"https:\/\/empresas.infoempleo.com\/hrtrends\/wp-json\/wp\/v2\/media\/32443"}],"wp:attachment":[{"href":"https:\/\/empresas.infoempleo.com\/hrtrends\/wp-json\/wp\/v2\/media?parent=32377"}],"wp:term":[{"taxonomy":"category","embeddable":true,"href":"https:\/\/empresas.infoempleo.com\/hrtrends\/wp-json\/wp\/v2\/categories?post=32377"},{"taxonomy":"post_tag","embeddable":true,"href":"https:\/\/empresas.infoempleo.com\/hrtrends\/wp-json\/wp\/v2\/tags?post=32377"}],"curies":[{"name":"wp","href":"https:\/\/api.w.org\/{rel}","templated":true}]}}